{"id":31302,"date":"2022-08-02T16:23:54","date_gmt":"2022-08-02T14:23:54","guid":{"rendered":"https:\/\/kulturonline.tv\/?p=31302"},"modified":"2022-08-02T16:24:49","modified_gmt":"2022-08-02T14:24:49","slug":"schriftstellerin-isabel-allende-wird-80","status":"publish","type":"post","link":"https:\/\/kulturonline.tv\/de\/schriftstellerin-isabel-allende-wird-80\/","title":{"rendered":"Schriftstellerin Isabel Allende wird 80"},"content":{"rendered":"\n<p><strong>Die chilenische Schriftstellerin Isabel Allende wird heute Dienstag (02.08.2022) 80 Jahre alt.<\/strong><\/p>\n\n\n\n<figure class=\"wp-block-image size-full\"><img fetchpriority=\"high\" decoding=\"async\" width=\"1024\" height=\"576\" src=\"https:\/\/kulturonline.tv\/wp-content\/uploads\/2022\/08\/Isabel_Allende-Kultur-Online-TV-Kopie-edited.jpg\" alt=\"\" class=\"wp-image-31309\" srcset=\"https:\/\/kulturonline.tv\/wp-content\/uploads\/2022\/08\/Isabel_Allende-Kultur-Online-TV-Kopie-edited.jpg 1024w, https:\/\/kulturonline.tv\/wp-content\/uploads\/2022\/08\/Isabel_Allende-Kultur-Online-TV-Kopie-edited-600x338.jpg 600w, https:\/\/kulturonline.tv\/wp-content\/uploads\/2022\/08\/Isabel_Allende-Kultur-Online-TV-Kopie-edited-800x450.jpg 800w, https:\/\/kulturonline.tv\/wp-content\/uploads\/2022\/08\/Isabel_Allende-Kultur-Online-TV-Kopie-edited-768x432.jpg 768w\" sizes=\"(max-width: 1024px) 100vw, 1024px\" \/><figcaption>\u00a9 pixabay<\/figcaption><\/figure>\n\n\n\n<p>Der Vater von Isabel Allende, Tom\u00e1s Allende, war als chilenischer Diplomat in Lima t\u00e4tig. Er verlie\u00df 1945 seine Frau und die drei Kinder. Ihre im September 2018 verstorbene Mutter Francisca Llona Barros, genannt \u201eDo\u00f1a Panchita\u201c, war die Tochter von Agust\u00edn Llona Cuevas und Isabel Barros Moreira. Als Isabel elf Jahre alt war, heiratete die Mutter zum zweiten Mal. Ihr neuer Mann, Ram\u00f3n Huidobro, war f\u00fcr Isabel der sehr von ihr geliebte \u201eT\u00edo Ram\u00f3n\u201c (Onkel Ramon). Er verstarb 102-j\u00e4hrig im Januar 2019, knapp vier Monate nach dem Ableben seiner Frau Panchita.<\/p>\n\n\n\n<p>Allendes Vater war ein Cousin von Salvador Allende (1908\u20131973), der seit 1970 chilenischer Pr\u00e4sident war, bis er beim blutigen Putsch 1973 ums Leben kam, mit dem der Diktator Pinochet die Macht errang. Isabel Allende ist also Nichte 2. Grades von Salvador Allende und die Cousine 2. Grades von dessen Tochter, der gleichnamigen Politikerin Isabel Allende.<\/p>\n\n\n\n<figure class=\"wp-block-embed is-type-video is-provider-youtube wp-block-embed-youtube wp-embed-aspect-16-9 wp-has-aspect-ratio\"><div class=\"wp-block-embed__wrapper\">\n<iframe title=\"Isabel Allende: How to live passionately\u2014no matter your age | TED\" width=\"800\" height=\"450\" src=\"https:\/\/www.youtube.com\/embed\/5ifMRNag2XU?feature=oembed\" frameborder=\"0\" allow=\"accelerometer; autoplay; clipboard-write; encrypted-media; gyroscope; picture-in-picture; web-share\" referrerpolicy=\"strict-origin-when-cross-origin\" allowfullscreen><\/iframe>\n<\/div><\/figure>\n\n\n\n<p>1945 trennten sich ihre Eltern, und die Mutter kehrte mit den mittlerweile drei Kindern nach Santiago de Chile zur\u00fcck. So verbrachte Isabel Allende den gr\u00f6\u00dften Teil ihrer Kindheit mit ihren Geschwistern bei der Mutter und dem Gro\u00dfvater.<\/p>\n\n\n\n<p>Allendes Mutter heiratete 1953 wieder einen chilenischen Diplomaten, Ram\u00f3n Huidobro, sodass ihre Tochter in lateinamerikanischen, europ\u00e4ischen und arabischen Hauptst\u00e4dten zur Schule ging und schon in jungen Jahren die Welt kennenlernte. Zun\u00e4chst zogen sie nach La Paz in Bolivien, wo Allende eine amerikanische Privatschule besuchte. Von 1956 bis 1958 wohnten sie in Beirut im Libanon, Allende besuchte dort eine englische Privatschule. Dann kehrte sie nach Santiago de Chile zur\u00fcck, wo sie auf einer weiteren Privatschule ihre Schulzeit beendete und ihren ersten Ehemann, den Bauingenieur Miguel Fr\u00edas, kennenlernte, den sie 1962 heiratete.<\/p>\n\n\n\n<p>Von 1959 bis 1965 arbeitete sie als bekannte Fernsehjournalistin f\u00fcr den Informationsdienst der Ern\u00e4hrungs- und Landwirtschaftsorganisation der Vereinten Nationen (FAO). Sie moderierte eine w\u00f6chentliche Fernsehsendung \u00fcber die Weltkampagne gegen den Hunger.<\/p>\n\n\n\n<p>Kultur Online TV<\/p>\n\n\n\n<p>#literatur #news # kunst<\/p>\n","protected":false},"excerpt":{"rendered":"<p>Die chilenische Schriftstellerin Isabel Allende wird heute Dienstag (02.08.2022) 80 Jahre alt. Der Vater von Isabel Allende, Tom\u00e1s Allende, war als chilenischer Diplomat in Lima t\u00e4tig. Er verlie\u00df 1945 seine Frau und die drei Kinder. Ihre im September 2018 verstorbene Mutter Francisca Llona Barros, genannt \u201eDo\u00f1a Panchita\u201c, war die Tochter von Agust\u00edn Llona Cuevas und [&hellip;]<\/p>\n","protected":false},"author":2,"featured_media":31309,"comment_status":"closed","ping_status":"closed","sticky":false,"template":"","format":"standard","meta":{"_acf_changed":false,"footnotes":""},"categories":[3],"tags":[],"class_list":["post-31302","post","type-post","status-publish","format-standard","has-post-thumbnail","hentry","category-newsflash"],"acf":[],"yoast_head":"<!-- This site is optimized with the Yoast SEO plugin v26.1.1 - https:\/\/yoast.com\/wordpress\/plugins\/seo\/ -->\n<title>Schriftstellerin Isabel Allende wird 80 - Kultur Online TV &amp; FM<\/title>\n<meta name=\"description\" content=\"Die chilenische Schriftstellerin Isabel Allende wird heute Dienstag (02.08.2022) 80 Jahre alt.\" \/>\n<meta name=\"robots\" content=\"index, follow, max-snippet:-1, max-image-preview:large, max-video-preview:-1\" \/>\n<link rel=\"canonical\" href=\"https:\/\/kulturonline.tv\/de\/schriftstellerin-isabel-allende-wird-80\/\" \/>\n<meta property=\"og:locale\" content=\"de_DE\" \/>\n<meta property=\"og:type\" content=\"article\" \/>\n<meta property=\"og:title\" content=\"Schriftstellerin Isabel Allende wird 80 - Kultur Online TV &amp; FM\" \/>\n<meta property=\"og:description\" content=\"Die chilenische Schriftstellerin Isabel Allende wird heute Dienstag (02.08.2022) 80 Jahre alt.\" \/>\n<meta property=\"og:url\" content=\"https:\/\/kulturonline.tv\/de\/schriftstellerin-isabel-allende-wird-80\/\" \/>\n<meta property=\"og:site_name\" content=\"Kultur Online TV &amp; FM\" \/>\n<meta property=\"article:publisher\" content=\"https:\/\/www.facebook.com\/kulturonline.tv\" \/>\n<meta property=\"article:published_time\" content=\"2022-08-02T14:23:54+00:00\" \/>\n<meta property=\"article:modified_time\" content=\"2022-08-02T14:24:49+00:00\" \/>\n<meta property=\"og:image\" content=\"https:\/\/kulturonline.tv\/wp-content\/uploads\/2022\/08\/Isabel_Allende-Kultur-Online-TV-Kopie-edited.jpg\" \/>\n\t<meta property=\"og:image:width\" content=\"1024\" \/>\n\t<meta property=\"og:image:height\" content=\"576\" \/>\n\t<meta property=\"og:image:type\" content=\"image\/jpeg\" \/>\n<meta name=\"author\" content=\"guenter.wolfgang\" \/>\n<meta name=\"twitter:card\" content=\"summary_large_image\" \/>\n<meta name=\"twitter:label1\" content=\"Verfasst von\" \/>\n\t<meta name=\"twitter:data1\" content=\"guenter.wolfgang\" \/>\n\t<meta name=\"twitter:label2\" content=\"Gesch\u00e4tzte Lesezeit\" \/>\n\t<meta name=\"twitter:data2\" content=\"2\u00a0Minuten\" \/>\n<script type=\"application\/ld+json\" class=\"yoast-schema-graph\">{\"@context\":\"https:\/\/schema.org\",\"@graph\":[{\"@type\":\"Article\",\"@id\":\"https:\/\/kulturonline.tv\/de\/schriftstellerin-isabel-allende-wird-80\/#article\",\"isPartOf\":{\"@id\":\"https:\/\/kulturonline.tv\/de\/schriftstellerin-isabel-allende-wird-80\/\"},\"author\":{\"name\":\"guenter.wolfgang\",\"@id\":\"https:\/\/kulturonline.tv\/de\/#\/schema\/person\/b0fac729bb9a0c193fb1df23449df4fe\"},\"headline\":\"Schriftstellerin Isabel Allende wird 80\",\"datePublished\":\"2022-08-02T14:23:54+00:00\",\"dateModified\":\"2022-08-02T14:24:49+00:00\",\"mainEntityOfPage\":{\"@id\":\"https:\/\/kulturonline.tv\/de\/schriftstellerin-isabel-allende-wird-80\/\"},\"wordCount\":339,\"publisher\":{\"@id\":\"https:\/\/kulturonline.tv\/de\/#organization\"},\"image\":{\"@id\":\"https:\/\/kulturonline.tv\/de\/schriftstellerin-isabel-allende-wird-80\/#primaryimage\"},\"thumbnailUrl\":\"https:\/\/kulturonline.tv\/wp-content\/uploads\/2022\/08\/Isabel_Allende-Kultur-Online-TV-Kopie-edited.jpg\",\"articleSection\":[\"Newsflash\"],\"inLanguage\":\"de\"},{\"@type\":\"WebPage\",\"@id\":\"https:\/\/kulturonline.tv\/de\/schriftstellerin-isabel-allende-wird-80\/\",\"url\":\"https:\/\/kulturonline.tv\/de\/schriftstellerin-isabel-allende-wird-80\/\",\"name\":\"Schriftstellerin Isabel Allende wird 80 - Kultur Online TV &amp; FM\",\"isPartOf\":{\"@id\":\"https:\/\/kulturonline.tv\/de\/#website\"},\"primaryImageOfPage\":{\"@id\":\"https:\/\/kulturonline.tv\/de\/schriftstellerin-isabel-allende-wird-80\/#primaryimage\"},\"image\":{\"@id\":\"https:\/\/kulturonline.tv\/de\/schriftstellerin-isabel-allende-wird-80\/#primaryimage\"},\"thumbnailUrl\":\"https:\/\/kulturonline.tv\/wp-content\/uploads\/2022\/08\/Isabel_Allende-Kultur-Online-TV-Kopie-edited.jpg\",\"datePublished\":\"2022-08-02T14:23:54+00:00\",\"dateModified\":\"2022-08-02T14:24:49+00:00\",\"description\":\"Die chilenische Schriftstellerin Isabel Allende wird heute Dienstag (02.08.2022) 80 Jahre alt.\",\"breadcrumb\":{\"@id\":\"https:\/\/kulturonline.tv\/de\/schriftstellerin-isabel-allende-wird-80\/#breadcrumb\"},\"inLanguage\":\"de\",\"potentialAction\":[{\"@type\":\"ReadAction\",\"target\":[\"https:\/\/kulturonline.tv\/de\/schriftstellerin-isabel-allende-wird-80\/\"]}]},{\"@type\":\"ImageObject\",\"inLanguage\":\"de\",\"@id\":\"https:\/\/kulturonline.tv\/de\/schriftstellerin-isabel-allende-wird-80\/#primaryimage\",\"url\":\"https:\/\/kulturonline.tv\/wp-content\/uploads\/2022\/08\/Isabel_Allende-Kultur-Online-TV-Kopie-edited.jpg\",\"contentUrl\":\"https:\/\/kulturonline.tv\/wp-content\/uploads\/2022\/08\/Isabel_Allende-Kultur-Online-TV-Kopie-edited.jpg\",\"width\":1024,\"height\":576},{\"@type\":\"BreadcrumbList\",\"@id\":\"https:\/\/kulturonline.tv\/de\/schriftstellerin-isabel-allende-wird-80\/#breadcrumb\",\"itemListElement\":[{\"@type\":\"ListItem\",\"position\":1,\"name\":\"Startseite\",\"item\":\"https:\/\/kulturonline.tv\/de\/\"},{\"@type\":\"ListItem\",\"position\":2,\"name\":\"Schriftstellerin Isabel Allende wird 80\"}]},{\"@type\":\"WebSite\",\"@id\":\"https:\/\/kulturonline.tv\/de\/#website\",\"url\":\"https:\/\/kulturonline.tv\/de\/\",\"name\":\"Kultur Online TV &amp; FM\",\"description\":\"Wir sind Kultur 2.0 zum sehen &amp; h\u00f6ren\",\"publisher\":{\"@id\":\"https:\/\/kulturonline.tv\/de\/#organization\"},\"potentialAction\":[{\"@type\":\"SearchAction\",\"target\":{\"@type\":\"EntryPoint\",\"urlTemplate\":\"https:\/\/kulturonline.tv\/de\/?s={search_term_string}\"},\"query-input\":{\"@type\":\"PropertyValueSpecification\",\"valueRequired\":true,\"valueName\":\"search_term_string\"}}],\"inLanguage\":\"de\"},{\"@type\":\"Organization\",\"@id\":\"https:\/\/kulturonline.tv\/de\/#organization\",\"name\":\"Kultur Online TV\",\"url\":\"https:\/\/kulturonline.tv\/de\/\",\"logo\":{\"@type\":\"ImageObject\",\"inLanguage\":\"de\",\"@id\":\"https:\/\/kulturonline.tv\/de\/#\/schema\/logo\/image\/\",\"url\":\"https:\/\/kulturonline.tv\/wp-content\/uploads\/2021\/08\/Kultur-Online-Tv-Logo-Endversion-neu.png\",\"contentUrl\":\"https:\/\/kulturonline.tv\/wp-content\/uploads\/2021\/08\/Kultur-Online-Tv-Logo-Endversion-neu.png\",\"width\":200,\"height\":200,\"caption\":\"Kultur Online TV\"},\"image\":{\"@id\":\"https:\/\/kulturonline.tv\/de\/#\/schema\/logo\/image\/\"},\"sameAs\":[\"https:\/\/www.facebook.com\/kulturonline.tv\",\"https:\/\/www.instagram.com\/kulturonline.tv\"]},{\"@type\":\"Person\",\"@id\":\"https:\/\/kulturonline.tv\/de\/#\/schema\/person\/b0fac729bb9a0c193fb1df23449df4fe\",\"name\":\"guenter.wolfgang\"}]}<\/script>\n<!-- \/ Yoast SEO plugin. -->","yoast_head_json":{"title":"Schriftstellerin Isabel Allende wird 80 - Kultur Online TV &amp; FM","description":"Die chilenische Schriftstellerin Isabel Allende wird heute Dienstag (02.08.2022) 80 Jahre alt.","robots":{"index":"index","follow":"follow","max-snippet":"max-snippet:-1","max-image-preview":"max-image-preview:large","max-video-preview":"max-video-preview:-1"},"canonical":"https:\/\/kulturonline.tv\/de\/schriftstellerin-isabel-allende-wird-80\/","og_locale":"de_DE","og_type":"article","og_title":"Schriftstellerin Isabel Allende wird 80 - Kultur Online TV &amp; FM","og_description":"Die chilenische Schriftstellerin Isabel Allende wird heute Dienstag (02.08.2022) 80 Jahre alt.","og_url":"https:\/\/kulturonline.tv\/de\/schriftstellerin-isabel-allende-wird-80\/","og_site_name":"Kultur Online TV &amp; FM","article_publisher":"https:\/\/www.facebook.com\/kulturonline.tv","article_published_time":"2022-08-02T14:23:54+00:00","article_modified_time":"2022-08-02T14:24:49+00:00","og_image":[{"width":1024,"height":576,"url":"https:\/\/kulturonline.tv\/wp-content\/uploads\/2022\/08\/Isabel_Allende-Kultur-Online-TV-Kopie-edited.jpg","type":"image\/jpeg"}],"author":"guenter.wolfgang","twitter_card":"summary_large_image","twitter_misc":{"Verfasst von":"guenter.wolfgang","Gesch\u00e4tzte Lesezeit":"2\u00a0Minuten"},"schema":{"@context":"https:\/\/schema.org","@graph":[{"@type":"Article","@id":"https:\/\/kulturonline.tv\/de\/schriftstellerin-isabel-allende-wird-80\/#article","isPartOf":{"@id":"https:\/\/kulturonline.tv\/de\/schriftstellerin-isabel-allende-wird-80\/"},"author":{"name":"guenter.wolfgang","@id":"https:\/\/kulturonline.tv\/de\/#\/schema\/person\/b0fac729bb9a0c193fb1df23449df4fe"},"headline":"Schriftstellerin Isabel Allende wird 80","datePublished":"2022-08-02T14:23:54+00:00","dateModified":"2022-08-02T14:24:49+00:00","mainEntityOfPage":{"@id":"https:\/\/kulturonline.tv\/de\/schriftstellerin-isabel-allende-wird-80\/"},"wordCount":339,"publisher":{"@id":"https:\/\/kulturonline.tv\/de\/#organization"},"image":{"@id":"https:\/\/kulturonline.tv\/de\/schriftstellerin-isabel-allende-wird-80\/#primaryimage"},"thumbnailUrl":"https:\/\/kulturonline.tv\/wp-content\/uploads\/2022\/08\/Isabel_Allende-Kultur-Online-TV-Kopie-edited.jpg","articleSection":["Newsflash"],"inLanguage":"de"},{"@type":"WebPage","@id":"https:\/\/kulturonline.tv\/de\/schriftstellerin-isabel-allende-wird-80\/","url":"https:\/\/kulturonline.tv\/de\/schriftstellerin-isabel-allende-wird-80\/","name":"Schriftstellerin Isabel Allende wird 80 - Kultur Online TV &amp; FM","isPartOf":{"@id":"https:\/\/kulturonline.tv\/de\/#website"},"primaryImageOfPage":{"@id":"https:\/\/kulturonline.tv\/de\/schriftstellerin-isabel-allende-wird-80\/#primaryimage"},"image":{"@id":"https:\/\/kulturonline.tv\/de\/schriftstellerin-isabel-allende-wird-80\/#primaryimage"},"thumbnailUrl":"https:\/\/kulturonline.tv\/wp-content\/uploads\/2022\/08\/Isabel_Allende-Kultur-Online-TV-Kopie-edited.jpg","datePublished":"2022-08-02T14:23:54+00:00","dateModified":"2022-08-02T14:24:49+00:00","description":"Die chilenische Schriftstellerin Isabel Allende wird heute Dienstag (02.08.2022) 80 Jahre alt.","breadcrumb":{"@id":"https:\/\/kulturonline.tv\/de\/schriftstellerin-isabel-allende-wird-80\/#breadcrumb"},"inLanguage":"de","potentialAction":[{"@type":"ReadAction","target":["https:\/\/kulturonline.tv\/de\/schriftstellerin-isabel-allende-wird-80\/"]}]},{"@type":"ImageObject","inLanguage":"de","@id":"https:\/\/kulturonline.tv\/de\/schriftstellerin-isabel-allende-wird-80\/#primaryimage","url":"https:\/\/kulturonline.tv\/wp-content\/uploads\/2022\/08\/Isabel_Allende-Kultur-Online-TV-Kopie-edited.jpg","contentUrl":"https:\/\/kulturonline.tv\/wp-content\/uploads\/2022\/08\/Isabel_Allende-Kultur-Online-TV-Kopie-edited.jpg","width":1024,"height":576},{"@type":"BreadcrumbList","@id":"https:\/\/kulturonline.tv\/de\/schriftstellerin-isabel-allende-wird-80\/#breadcrumb","itemListElement":[{"@type":"ListItem","position":1,"name":"Startseite","item":"https:\/\/kulturonline.tv\/de\/"},{"@type":"ListItem","position":2,"name":"Schriftstellerin Isabel Allende wird 80"}]},{"@type":"WebSite","@id":"https:\/\/kulturonline.tv\/de\/#website","url":"https:\/\/kulturonline.tv\/de\/","name":"Kultur Online TV &amp; FM","description":"Wir sind Kultur 2.0 zum sehen &amp; h\u00f6ren","publisher":{"@id":"https:\/\/kulturonline.tv\/de\/#organization"},"potentialAction":[{"@type":"SearchAction","target":{"@type":"EntryPoint","urlTemplate":"https:\/\/kulturonline.tv\/de\/?s={search_term_string}"},"query-input":{"@type":"PropertyValueSpecification","valueRequired":true,"valueName":"search_term_string"}}],"inLanguage":"de"},{"@type":"Organization","@id":"https:\/\/kulturonline.tv\/de\/#organization","name":"Kultur Online TV","url":"https:\/\/kulturonline.tv\/de\/","logo":{"@type":"ImageObject","inLanguage":"de","@id":"https:\/\/kulturonline.tv\/de\/#\/schema\/logo\/image\/","url":"https:\/\/kulturonline.tv\/wp-content\/uploads\/2021\/08\/Kultur-Online-Tv-Logo-Endversion-neu.png","contentUrl":"https:\/\/kulturonline.tv\/wp-content\/uploads\/2021\/08\/Kultur-Online-Tv-Logo-Endversion-neu.png","width":200,"height":200,"caption":"Kultur Online TV"},"image":{"@id":"https:\/\/kulturonline.tv\/de\/#\/schema\/logo\/image\/"},"sameAs":["https:\/\/www.facebook.com\/kulturonline.tv","https:\/\/www.instagram.com\/kulturonline.tv"]},{"@type":"Person","@id":"https:\/\/kulturonline.tv\/de\/#\/schema\/person\/b0fac729bb9a0c193fb1df23449df4fe","name":"guenter.wolfgang"}]}},"_links":{"self":[{"href":"https:\/\/kulturonline.tv\/de\/wp-json\/wp\/v2\/posts\/31302","targetHints":{"allow":["GET"]}}],"collection":[{"href":"https:\/\/kulturonline.tv\/de\/wp-json\/wp\/v2\/posts"}],"about":[{"href":"https:\/\/kulturonline.tv\/de\/wp-json\/wp\/v2\/types\/post"}],"author":[{"embeddable":true,"href":"https:\/\/kulturonline.tv\/de\/wp-json\/wp\/v2\/users\/2"}],"replies":[{"embeddable":true,"href":"https:\/\/kulturonline.tv\/de\/wp-json\/wp\/v2\/comments?post=31302"}],"version-history":[{"count":0,"href":"https:\/\/kulturonline.tv\/de\/wp-json\/wp\/v2\/posts\/31302\/revisions"}],"wp:featuredmedia":[{"embeddable":true,"href":"https:\/\/kulturonline.tv\/de\/wp-json\/wp\/v2\/media\/31309"}],"wp:attachment":[{"href":"https:\/\/kulturonline.tv\/de\/wp-json\/wp\/v2\/media?parent=31302"}],"wp:term":[{"taxonomy":"category","embeddable":true,"href":"https:\/\/kulturonline.tv\/de\/wp-json\/wp\/v2\/categories?post=31302"},{"taxonomy":"post_tag","embeddable":true,"href":"https:\/\/kulturonline.tv\/de\/wp-json\/wp\/v2\/tags?post=31302"}],"curies":[{"name":"wp","href":"https:\/\/api.w.org\/{rel}","templated":true}]}}