{"id":31315,"date":"2022-08-03T12:25:36","date_gmt":"2022-08-03T10:25:36","guid":{"rendered":"https:\/\/kulturonline.tv\/?p=31315"},"modified":"2023-01-11T20:17:10","modified_gmt":"2023-01-11T19:17:10","slug":"csu-politiker-aetzen-gegen-queeres-playboy-cover","status":"publish","type":"post","link":"https:\/\/kulturonline.tv\/de\/csu-politiker-aetzen-gegen-queeres-playboy-cover\/","title":{"rendered":"CSU-Politiker \u00e4tzen gegen queeres &#8222;Playboy&#8220;-Cover"},"content":{"rendered":"\n<p>Zum 50-j\u00e4hrigen Jubil\u00e4um ist die August-Ausgabe des deutschen &#8222;Playboy&#8220; mit 50 Covern erschienen \u2013 eines davon zeigt die queere K\u00fcnstlerin Geraldine Schabraque.<\/p>\n\n\n\n<figure class=\"wp-block-image size-full is-resized\"><img decoding=\"async\" src=\"https:\/\/kulturonline.tv\/wp-content\/uploads\/2022\/08\/1111111111111111111111111111111111111111-edited.png\" alt=\"\" class=\"wp-image-31323\" width=\"834\" srcset=\"https:\/\/kulturonline.tv\/wp-content\/uploads\/2022\/08\/1111111111111111111111111111111111111111-edited.png 696w, https:\/\/kulturonline.tv\/wp-content\/uploads\/2022\/08\/1111111111111111111111111111111111111111-edited-600x338.png 600w\" sizes=\"(max-width: 696px) 100vw, 696px\" \/><figcaption class=\"wp-element-caption\">Bild \u00a9 &#8222;Playboy&#8220;-Cover mit Geraldine Schabraque<\/figcaption><\/figure>\n\n\n\n<p>Zum 50-j\u00e4hrigen Jubil\u00e4um ist die August-Ausgabe des deutschen &#8222;Playboy&#8220; mit 50 Covern erschienen \u2013 eines davon zeigt die queere K\u00fcnstlerin Geraldine Schabraque.<\/p>\n\n\n\n<p>Cooles Cover!!<\/p>\n\n\n\n<div class=\"wp-block-media-text alignwide is-stacked-on-mobile\" style=\"grid-template-columns:28% auto\"><figure class=\"wp-block-media-text__media\"><img fetchpriority=\"high\" decoding=\"async\" width=\"197\" height=\"255\" src=\"https:\/\/kulturonline.tv\/wp-content\/uploads\/2022\/08\/Download.jpg\" alt=\"\" class=\"wp-image-31327 size-full\"\/><\/figure><div class=\"wp-block-media-text__content\">\n<p> <p>Auf Facebook emp\u00f6rten sich CSU-Kreischef Wolfgang Heim und sein Kreisgesch\u00e4ftsf\u00fchrer Florian K\u00f6hn \u00fcber ein aktuelles &#8222;Playboy&#8220;-Cover.<\/p><span style=\"font-size: revert; color: initial;\">Sein Parteifreund Heim merkte an: &#8222;Wenn Playboy jetzt zum Schwulenjournal werden m\u00f6chte, dann hinterfrage ich gerne die Gr\u00fcnde. Ist es wirtschaftlich sinnvoll, weil es zu wenig hetero M\u00e4nner gibt, die zu sich selbst stehen?&#8220;<\/span> <\/p>\n<\/div><\/div>\n\n\n\n<p>Unser Kommentar dazu:<br>Interessant das sich eine Partei und deren Politiker in Zeiten mit wirklichen Problemen mit einem Cover von Playboy besch\u00e4ftigen.<\/p>\n\n\n\n<p>Mit dem queeren &#8222;Playboy&#8220;-Cover wollte Fotograf Denys Karlinskyy ein &#8222;gesellschaftlich relevantes Statement&#8220; setzen, hei\u00dft es auf der Homepage des Magazins.<\/p>\n\n\n\n<p>Wir begr\u00fc\u00dfen das ebenfalls ausdr\u00fccklich!\u2764\ufe0f<\/p>\n\n\n\n<p>Kultur Online TV<\/p>\n\n\n\n<p>#mixed #kunst #kultur<\/p>\n\n\n\n<p><\/p>\n\n\n\n<figure class=\"wp-block-image\"><img decoding=\"async\" src=\"https:\/\/t.adcell.com\/p\/image?promoId=311807&amp;slotId=98564\" alt=\"Verwoehnwochenende\"\/><\/figure>\n\n\n\n<p><a href=\"https:\/\/t.adcell.com\/p\/click?promoId=311807&amp;slotId=98564\" target=\"_blank\" rel=\"noreferrer noopener\"><\/a><\/p>\n","protected":false},"excerpt":{"rendered":"<p>Zum 50-j\u00e4hrigen Jubil\u00e4um ist die August-Ausgabe des deutschen &#8222;Playboy&#8220; mit 50 Covern erschienen \u2013 eines davon zeigt die queere K\u00fcnstlerin Geraldine Schabraque. Zum 50-j\u00e4hrigen Jubil\u00e4um ist die August-Ausgabe des deutschen &#8222;Playboy&#8220; mit 50 Covern erschienen \u2013 eines davon zeigt die queere K\u00fcnstlerin Geraldine Schabraque. Cooles Cover!! Auf Facebook emp\u00f6rten sich CSU-Kreischef Wolfgang Heim und sein [&hellip;]<\/p>\n","protected":false},"author":2,"featured_media":31318,"comment_status":"closed","ping_status":"closed","sticky":false,"template":"","format":"standard","meta":{"_acf_changed":false,"footnotes":""},"categories":[281],"tags":[],"class_list":["post-31315","post","type-post","status-publish","format-standard","has-post-thumbnail","hentry","category-mixed"],"acf":[],"yoast_head":"<!-- This site is optimized with the Yoast SEO plugin v26.1.1 - https:\/\/yoast.com\/wordpress\/plugins\/seo\/ -->\n<title>CSU-Politiker \u00e4tzen gegen queeres &quot;Playboy&quot;-Cover - Kultur Online TV &amp; FM<\/title>\n<meta name=\"description\" content=\"Zum 50-j\u00e4hrigen Jubil\u00e4um ist die August-Ausgabe des deutschen &quot;Playboy&quot; mit 50 Covern erschienen \u2013 eines davon zeigt die queere K\u00fcnstlerin Geraldine Schabraque.\" \/>\n<meta name=\"robots\" content=\"index, follow, max-snippet:-1, max-image-preview:large, max-video-preview:-1\" \/>\n<link rel=\"canonical\" href=\"https:\/\/kulturonline.tv\/de\/csu-politiker-aetzen-gegen-queeres-playboy-cover\/\" \/>\n<meta property=\"og:locale\" content=\"de_DE\" \/>\n<meta property=\"og:type\" content=\"article\" \/>\n<meta property=\"og:title\" content=\"CSU-Politiker \u00e4tzen gegen queeres &quot;Playboy&quot;-Cover - Kultur Online TV &amp; FM\" \/>\n<meta property=\"og:description\" content=\"Zum 50-j\u00e4hrigen Jubil\u00e4um ist die August-Ausgabe des deutschen &quot;Playboy&quot; mit 50 Covern erschienen \u2013 eines davon zeigt die queere K\u00fcnstlerin Geraldine Schabraque.\" \/>\n<meta property=\"og:url\" content=\"https:\/\/kulturonline.tv\/de\/csu-politiker-aetzen-gegen-queeres-playboy-cover\/\" \/>\n<meta property=\"og:site_name\" content=\"Kultur Online TV &amp; FM\" \/>\n<meta property=\"article:publisher\" content=\"https:\/\/www.facebook.com\/kulturonline.tv\" \/>\n<meta property=\"article:published_time\" content=\"2022-08-03T10:25:36+00:00\" \/>\n<meta property=\"article:modified_time\" content=\"2023-01-11T19:17:10+00:00\" \/>\n<meta property=\"og:image\" content=\"https:\/\/kulturonline.tv\/wp-content\/uploads\/2022\/08\/INSTAGRAM-TV-FM-Beitraege-13-edited.png\" \/>\n\t<meta property=\"og:image:width\" content=\"1080\" \/>\n\t<meta property=\"og:image:height\" content=\"608\" \/>\n\t<meta property=\"og:image:type\" content=\"image\/png\" \/>\n<meta name=\"author\" content=\"guenter.wolfgang\" \/>\n<meta name=\"twitter:card\" content=\"summary_large_image\" \/>\n<meta name=\"twitter:label1\" content=\"Verfasst von\" \/>\n\t<meta name=\"twitter:data1\" content=\"guenter.wolfgang\" \/>\n\t<meta name=\"twitter:label2\" content=\"Gesch\u00e4tzte Lesezeit\" \/>\n\t<meta name=\"twitter:data2\" content=\"1\u00a0Minute\" \/>\n<script type=\"application\/ld+json\" class=\"yoast-schema-graph\">{\"@context\":\"https:\/\/schema.org\",\"@graph\":[{\"@type\":\"Article\",\"@id\":\"https:\/\/kulturonline.tv\/de\/csu-politiker-aetzen-gegen-queeres-playboy-cover\/#article\",\"isPartOf\":{\"@id\":\"https:\/\/kulturonline.tv\/de\/csu-politiker-aetzen-gegen-queeres-playboy-cover\/\"},\"author\":{\"name\":\"guenter.wolfgang\",\"@id\":\"https:\/\/kulturonline.tv\/de\/#\/schema\/person\/b0fac729bb9a0c193fb1df23449df4fe\"},\"headline\":\"CSU-Politiker \u00e4tzen gegen queeres &#8222;Playboy&#8220;-Cover\",\"datePublished\":\"2022-08-03T10:25:36+00:00\",\"dateModified\":\"2023-01-11T19:17:10+00:00\",\"mainEntityOfPage\":{\"@id\":\"https:\/\/kulturonline.tv\/de\/csu-politiker-aetzen-gegen-queeres-playboy-cover\/\"},\"wordCount\":176,\"publisher\":{\"@id\":\"https:\/\/kulturonline.tv\/de\/#organization\"},\"image\":{\"@id\":\"https:\/\/kulturonline.tv\/de\/csu-politiker-aetzen-gegen-queeres-playboy-cover\/#primaryimage\"},\"thumbnailUrl\":\"https:\/\/kulturonline.tv\/wp-content\/uploads\/2022\/08\/INSTAGRAM-TV-FM-Beitraege-13-edited.png\",\"articleSection\":[\"Mixed\"],\"inLanguage\":\"de\"},{\"@type\":\"WebPage\",\"@id\":\"https:\/\/kulturonline.tv\/de\/csu-politiker-aetzen-gegen-queeres-playboy-cover\/\",\"url\":\"https:\/\/kulturonline.tv\/de\/csu-politiker-aetzen-gegen-queeres-playboy-cover\/\",\"name\":\"CSU-Politiker \u00e4tzen gegen queeres \\\"Playboy\\\"-Cover - Kultur Online TV &amp; FM\",\"isPartOf\":{\"@id\":\"https:\/\/kulturonline.tv\/de\/#website\"},\"primaryImageOfPage\":{\"@id\":\"https:\/\/kulturonline.tv\/de\/csu-politiker-aetzen-gegen-queeres-playboy-cover\/#primaryimage\"},\"image\":{\"@id\":\"https:\/\/kulturonline.tv\/de\/csu-politiker-aetzen-gegen-queeres-playboy-cover\/#primaryimage\"},\"thumbnailUrl\":\"https:\/\/kulturonline.tv\/wp-content\/uploads\/2022\/08\/INSTAGRAM-TV-FM-Beitraege-13-edited.png\",\"datePublished\":\"2022-08-03T10:25:36+00:00\",\"dateModified\":\"2023-01-11T19:17:10+00:00\",\"description\":\"Zum 50-j\u00e4hrigen Jubil\u00e4um ist die August-Ausgabe des deutschen \\\"Playboy\\\" mit 50 Covern erschienen \u2013 eines davon zeigt die queere K\u00fcnstlerin Geraldine Schabraque.\",\"breadcrumb\":{\"@id\":\"https:\/\/kulturonline.tv\/de\/csu-politiker-aetzen-gegen-queeres-playboy-cover\/#breadcrumb\"},\"inLanguage\":\"de\",\"potentialAction\":[{\"@type\":\"ReadAction\",\"target\":[\"https:\/\/kulturonline.tv\/de\/csu-politiker-aetzen-gegen-queeres-playboy-cover\/\"]}]},{\"@type\":\"ImageObject\",\"inLanguage\":\"de\",\"@id\":\"https:\/\/kulturonline.tv\/de\/csu-politiker-aetzen-gegen-queeres-playboy-cover\/#primaryimage\",\"url\":\"https:\/\/kulturonline.tv\/wp-content\/uploads\/2022\/08\/INSTAGRAM-TV-FM-Beitraege-13-edited.png\",\"contentUrl\":\"https:\/\/kulturonline.tv\/wp-content\/uploads\/2022\/08\/INSTAGRAM-TV-FM-Beitraege-13-edited.png\",\"width\":1080,\"height\":608},{\"@type\":\"BreadcrumbList\",\"@id\":\"https:\/\/kulturonline.tv\/de\/csu-politiker-aetzen-gegen-queeres-playboy-cover\/#breadcrumb\",\"itemListElement\":[{\"@type\":\"ListItem\",\"position\":1,\"name\":\"Startseite\",\"item\":\"https:\/\/kulturonline.tv\/de\/\"},{\"@type\":\"ListItem\",\"position\":2,\"name\":\"CSU-Politiker \u00e4tzen gegen queeres &#8222;Playboy&#8220;-Cover\"}]},{\"@type\":\"WebSite\",\"@id\":\"https:\/\/kulturonline.tv\/de\/#website\",\"url\":\"https:\/\/kulturonline.tv\/de\/\",\"name\":\"Kultur Online TV &amp; FM\",\"description\":\"Wir sind Kultur 2.0 zum sehen &amp; h\u00f6ren\",\"publisher\":{\"@id\":\"https:\/\/kulturonline.tv\/de\/#organization\"},\"potentialAction\":[{\"@type\":\"SearchAction\",\"target\":{\"@type\":\"EntryPoint\",\"urlTemplate\":\"https:\/\/kulturonline.tv\/de\/?s={search_term_string}\"},\"query-input\":{\"@type\":\"PropertyValueSpecification\",\"valueRequired\":true,\"valueName\":\"search_term_string\"}}],\"inLanguage\":\"de\"},{\"@type\":\"Organization\",\"@id\":\"https:\/\/kulturonline.tv\/de\/#organization\",\"name\":\"Kultur Online TV\",\"url\":\"https:\/\/kulturonline.tv\/de\/\",\"logo\":{\"@type\":\"ImageObject\",\"inLanguage\":\"de\",\"@id\":\"https:\/\/kulturonline.tv\/de\/#\/schema\/logo\/image\/\",\"url\":\"https:\/\/kulturonline.tv\/wp-content\/uploads\/2021\/08\/Kultur-Online-Tv-Logo-Endversion-neu.png\",\"contentUrl\":\"https:\/\/kulturonline.tv\/wp-content\/uploads\/2021\/08\/Kultur-Online-Tv-Logo-Endversion-neu.png\",\"width\":200,\"height\":200,\"caption\":\"Kultur Online TV\"},\"image\":{\"@id\":\"https:\/\/kulturonline.tv\/de\/#\/schema\/logo\/image\/\"},\"sameAs\":[\"https:\/\/www.facebook.com\/kulturonline.tv\",\"https:\/\/www.instagram.com\/kulturonline.tv\"]},{\"@type\":\"Person\",\"@id\":\"https:\/\/kulturonline.tv\/de\/#\/schema\/person\/b0fac729bb9a0c193fb1df23449df4fe\",\"name\":\"guenter.wolfgang\"}]}<\/script>\n<!-- \/ Yoast SEO plugin. -->","yoast_head_json":{"title":"CSU-Politiker \u00e4tzen gegen queeres \"Playboy\"-Cover - Kultur Online TV &amp; FM","description":"Zum 50-j\u00e4hrigen Jubil\u00e4um ist die August-Ausgabe des deutschen \"Playboy\" mit 50 Covern erschienen \u2013 eines davon zeigt die queere K\u00fcnstlerin Geraldine Schabraque.","robots":{"index":"index","follow":"follow","max-snippet":"max-snippet:-1","max-image-preview":"max-image-preview:large","max-video-preview":"max-video-preview:-1"},"canonical":"https:\/\/kulturonline.tv\/de\/csu-politiker-aetzen-gegen-queeres-playboy-cover\/","og_locale":"de_DE","og_type":"article","og_title":"CSU-Politiker \u00e4tzen gegen queeres \"Playboy\"-Cover - Kultur Online TV &amp; FM","og_description":"Zum 50-j\u00e4hrigen Jubil\u00e4um ist die August-Ausgabe des deutschen \"Playboy\" mit 50 Covern erschienen \u2013 eines davon zeigt die queere K\u00fcnstlerin Geraldine Schabraque.","og_url":"https:\/\/kulturonline.tv\/de\/csu-politiker-aetzen-gegen-queeres-playboy-cover\/","og_site_name":"Kultur Online TV &amp; FM","article_publisher":"https:\/\/www.facebook.com\/kulturonline.tv","article_published_time":"2022-08-03T10:25:36+00:00","article_modified_time":"2023-01-11T19:17:10+00:00","og_image":[{"width":1080,"height":608,"url":"https:\/\/kulturonline.tv\/wp-content\/uploads\/2022\/08\/INSTAGRAM-TV-FM-Beitraege-13-edited.png","type":"image\/png"}],"author":"guenter.wolfgang","twitter_card":"summary_large_image","twitter_misc":{"Verfasst von":"guenter.wolfgang","Gesch\u00e4tzte Lesezeit":"1\u00a0Minute"},"schema":{"@context":"https:\/\/schema.org","@graph":[{"@type":"Article","@id":"https:\/\/kulturonline.tv\/de\/csu-politiker-aetzen-gegen-queeres-playboy-cover\/#article","isPartOf":{"@id":"https:\/\/kulturonline.tv\/de\/csu-politiker-aetzen-gegen-queeres-playboy-cover\/"},"author":{"name":"guenter.wolfgang","@id":"https:\/\/kulturonline.tv\/de\/#\/schema\/person\/b0fac729bb9a0c193fb1df23449df4fe"},"headline":"CSU-Politiker \u00e4tzen gegen queeres &#8222;Playboy&#8220;-Cover","datePublished":"2022-08-03T10:25:36+00:00","dateModified":"2023-01-11T19:17:10+00:00","mainEntityOfPage":{"@id":"https:\/\/kulturonline.tv\/de\/csu-politiker-aetzen-gegen-queeres-playboy-cover\/"},"wordCount":176,"publisher":{"@id":"https:\/\/kulturonline.tv\/de\/#organization"},"image":{"@id":"https:\/\/kulturonline.tv\/de\/csu-politiker-aetzen-gegen-queeres-playboy-cover\/#primaryimage"},"thumbnailUrl":"https:\/\/kulturonline.tv\/wp-content\/uploads\/2022\/08\/INSTAGRAM-TV-FM-Beitraege-13-edited.png","articleSection":["Mixed"],"inLanguage":"de"},{"@type":"WebPage","@id":"https:\/\/kulturonline.tv\/de\/csu-politiker-aetzen-gegen-queeres-playboy-cover\/","url":"https:\/\/kulturonline.tv\/de\/csu-politiker-aetzen-gegen-queeres-playboy-cover\/","name":"CSU-Politiker \u00e4tzen gegen queeres \"Playboy\"-Cover - Kultur Online TV &amp; FM","isPartOf":{"@id":"https:\/\/kulturonline.tv\/de\/#website"},"primaryImageOfPage":{"@id":"https:\/\/kulturonline.tv\/de\/csu-politiker-aetzen-gegen-queeres-playboy-cover\/#primaryimage"},"image":{"@id":"https:\/\/kulturonline.tv\/de\/csu-politiker-aetzen-gegen-queeres-playboy-cover\/#primaryimage"},"thumbnailUrl":"https:\/\/kulturonline.tv\/wp-content\/uploads\/2022\/08\/INSTAGRAM-TV-FM-Beitraege-13-edited.png","datePublished":"2022-08-03T10:25:36+00:00","dateModified":"2023-01-11T19:17:10+00:00","description":"Zum 50-j\u00e4hrigen Jubil\u00e4um ist die August-Ausgabe des deutschen \"Playboy\" mit 50 Covern erschienen \u2013 eines davon zeigt die queere K\u00fcnstlerin Geraldine Schabraque.","breadcrumb":{"@id":"https:\/\/kulturonline.tv\/de\/csu-politiker-aetzen-gegen-queeres-playboy-cover\/#breadcrumb"},"inLanguage":"de","potentialAction":[{"@type":"ReadAction","target":["https:\/\/kulturonline.tv\/de\/csu-politiker-aetzen-gegen-queeres-playboy-cover\/"]}]},{"@type":"ImageObject","inLanguage":"de","@id":"https:\/\/kulturonline.tv\/de\/csu-politiker-aetzen-gegen-queeres-playboy-cover\/#primaryimage","url":"https:\/\/kulturonline.tv\/wp-content\/uploads\/2022\/08\/INSTAGRAM-TV-FM-Beitraege-13-edited.png","contentUrl":"https:\/\/kulturonline.tv\/wp-content\/uploads\/2022\/08\/INSTAGRAM-TV-FM-Beitraege-13-edited.png","width":1080,"height":608},{"@type":"BreadcrumbList","@id":"https:\/\/kulturonline.tv\/de\/csu-politiker-aetzen-gegen-queeres-playboy-cover\/#breadcrumb","itemListElement":[{"@type":"ListItem","position":1,"name":"Startseite","item":"https:\/\/kulturonline.tv\/de\/"},{"@type":"ListItem","position":2,"name":"CSU-Politiker \u00e4tzen gegen queeres &#8222;Playboy&#8220;-Cover"}]},{"@type":"WebSite","@id":"https:\/\/kulturonline.tv\/de\/#website","url":"https:\/\/kulturonline.tv\/de\/","name":"Kultur Online TV &amp; FM","description":"Wir sind Kultur 2.0 zum sehen &amp; h\u00f6ren","publisher":{"@id":"https:\/\/kulturonline.tv\/de\/#organization"},"potentialAction":[{"@type":"SearchAction","target":{"@type":"EntryPoint","urlTemplate":"https:\/\/kulturonline.tv\/de\/?s={search_term_string}"},"query-input":{"@type":"PropertyValueSpecification","valueRequired":true,"valueName":"search_term_string"}}],"inLanguage":"de"},{"@type":"Organization","@id":"https:\/\/kulturonline.tv\/de\/#organization","name":"Kultur Online TV","url":"https:\/\/kulturonline.tv\/de\/","logo":{"@type":"ImageObject","inLanguage":"de","@id":"https:\/\/kulturonline.tv\/de\/#\/schema\/logo\/image\/","url":"https:\/\/kulturonline.tv\/wp-content\/uploads\/2021\/08\/Kultur-Online-Tv-Logo-Endversion-neu.png","contentUrl":"https:\/\/kulturonline.tv\/wp-content\/uploads\/2021\/08\/Kultur-Online-Tv-Logo-Endversion-neu.png","width":200,"height":200,"caption":"Kultur Online TV"},"image":{"@id":"https:\/\/kulturonline.tv\/de\/#\/schema\/logo\/image\/"},"sameAs":["https:\/\/www.facebook.com\/kulturonline.tv","https:\/\/www.instagram.com\/kulturonline.tv"]},{"@type":"Person","@id":"https:\/\/kulturonline.tv\/de\/#\/schema\/person\/b0fac729bb9a0c193fb1df23449df4fe","name":"guenter.wolfgang"}]}},"_links":{"self":[{"href":"https:\/\/kulturonline.tv\/de\/wp-json\/wp\/v2\/posts\/31315","targetHints":{"allow":["GET"]}}],"collection":[{"href":"https:\/\/kulturonline.tv\/de\/wp-json\/wp\/v2\/posts"}],"about":[{"href":"https:\/\/kulturonline.tv\/de\/wp-json\/wp\/v2\/types\/post"}],"author":[{"embeddable":true,"href":"https:\/\/kulturonline.tv\/de\/wp-json\/wp\/v2\/users\/2"}],"replies":[{"embeddable":true,"href":"https:\/\/kulturonline.tv\/de\/wp-json\/wp\/v2\/comments?post=31315"}],"version-history":[{"count":0,"href":"https:\/\/kulturonline.tv\/de\/wp-json\/wp\/v2\/posts\/31315\/revisions"}],"wp:featuredmedia":[{"embeddable":true,"href":"https:\/\/kulturonline.tv\/de\/wp-json\/wp\/v2\/media\/31318"}],"wp:attachment":[{"href":"https:\/\/kulturonline.tv\/de\/wp-json\/wp\/v2\/media?parent=31315"}],"wp:term":[{"taxonomy":"category","embeddable":true,"href":"https:\/\/kulturonline.tv\/de\/wp-json\/wp\/v2\/categories?post=31315"},{"taxonomy":"post_tag","embeddable":true,"href":"https:\/\/kulturonline.tv\/de\/wp-json\/wp\/v2\/tags?post=31315"}],"curies":[{"name":"wp","href":"https:\/\/api.w.org\/{rel}","templated":true}]}}