{"id":32120,"date":"2022-08-10T17:11:51","date_gmt":"2022-08-10T15:11:51","guid":{"rendered":"https:\/\/kulturonline.tv\/?p=32120"},"modified":"2022-08-11T13:01:45","modified_gmt":"2022-08-11T11:01:45","slug":"fitzcarraldo","status":"publish","type":"post","link":"https:\/\/kulturonline.tv\/de\/fitzcarraldo\/","title":{"rendered":"FITZCARRALDO"},"content":{"rendered":"\n<figure class=\"wp-block-image size-full\"><img fetchpriority=\"high\" decoding=\"async\" width=\"966\" height=\"609\" src=\"https:\/\/kulturonline.tv\/wp-content\/uploads\/2022\/08\/Fitzcaraldo-ArtHaus-Filme-2022.png\" alt=\"\" class=\"wp-image-32121\" srcset=\"https:\/\/kulturonline.tv\/wp-content\/uploads\/2022\/08\/Fitzcaraldo-ArtHaus-Filme-2022.png 966w, https:\/\/kulturonline.tv\/wp-content\/uploads\/2022\/08\/Fitzcaraldo-ArtHaus-Filme-2022-600x378.png 600w, https:\/\/kulturonline.tv\/wp-content\/uploads\/2022\/08\/Fitzcaraldo-ArtHaus-Filme-2022-800x504.png 800w, https:\/\/kulturonline.tv\/wp-content\/uploads\/2022\/08\/Fitzcaraldo-ArtHaus-Filme-2022-768x484.png 768w\" sizes=\"(max-width: 966px) 100vw, 966px\" \/><\/figure>\n\n\n\n<p>Fitzcarraldo ist besessen davon, mitten im Amazonas-Dschungel ein Opernhaus zu errichten.<\/p>\n\n\n\n<p>Der exzentrische Brian Sweeney Fitzcarraldo ist von der Idee besessen, mitten in dem unber\u00fchrten Amazonas-Dschungel ein gro\u00dfes Opernhaus zu bauen. Von den Ersparnissen seiner Freundin, der Bordell-Besitzerin Molly, kauft Fitzcarraldo einen alten Flussdampfer. Damit will er in ein unerschlossenes Kautschukgebiet schippern, um dort das Geld f\u00fcr den Bau zu erwirtschaften. Kautschuk gilt als das Gold des Urwalds. Um die gef\u00e4hrlichen Stromschnellen einer Flussm\u00fcndung zu umgehen, entwickelt der Besessene einen atemberaubenden Plan: Hunderte von Indios sollen das riesige Schiff \u00fcber eine unpassierbare Urwaldh\u00f6he transportieren.<\/p>\n\n\n\n<p>F\u00fcr diesen Film trieb Herzog sein Team zu H\u00f6chstleistungen, so dass die Dreharbeiten zum Albtraum f\u00fcr den gesamten Stab wurden. Gro\u00dfes deutsches Abenteuerkino! Zum 80. Geburtstag des Regisseurs ab dem 1. September wieder auf der gro\u00dfen Leinwand zu sehen!<\/p>\n\n\n\n<div class=\"wp-block-glsb-gosign-gallery-box-block gosign-gallery-box-block-container\"><div class=\"gosign-gallery-box-block\" data-slick=\"{&quot;slidesToShow&quot;:1,&quot;slidesToScroll&quot;:1,&quot;arrows&quot;:false,&quot;dots&quot;:false,&quot;speed&quot;:500,&quot;infinite&quot;:true,&quot;autoplay&quot;:false,&quot;autoplaySpeed&quot;:2000}\"><div class=\"gallery-box-item\"><img decoding=\"async\" width=\"1280\" height=\"720\" src=\"https:\/\/kulturonline.tv\/wp-content\/uploads\/2022\/08\/Fitzgeraldo-ArtHaus-Filme-Kultur-Online-TV.jpg\" alt=\"\" data-id=\"32130\" data-link=\"https:\/\/kulturonline.tv\/de\/arthaus-kino-september\/fitzcarraldo\/attachment\/fitzgeraldo-arthaus-filme-kultur-online-tv\" class=\"wp-image-32130\" srcset=\"https:\/\/kulturonline.tv\/wp-content\/uploads\/2022\/08\/Fitzgeraldo-ArtHaus-Filme-Kultur-Online-TV.jpg 1280w, https:\/\/kulturonline.tv\/wp-content\/uploads\/2022\/08\/Fitzgeraldo-ArtHaus-Filme-Kultur-Online-TV-600x338.jpg 600w, https:\/\/kulturonline.tv\/wp-content\/uploads\/2022\/08\/Fitzgeraldo-ArtHaus-Filme-Kultur-Online-TV-800x450.jpg 800w, https:\/\/kulturonline.tv\/wp-content\/uploads\/2022\/08\/Fitzgeraldo-ArtHaus-Filme-Kultur-Online-TV-768x432.jpg 768w\" sizes=\"(max-width: 1280px) 100vw, 1280px\" \/><\/div><div class=\"gallery-box-item\"><img decoding=\"async\" width=\"1100\" height=\"783\" src=\"https:\/\/kulturonline.tv\/wp-content\/uploads\/2022\/08\/Fitzgeraldo-Kultur-Online-TV-ArtHaus-Filme.jpg\" alt=\"\" data-id=\"32132\" data-link=\"https:\/\/kulturonline.tv\/de\/arthaus-kino-september\/fitzcarraldo\/attachment\/fitzgeraldo-kultur-online-tv-arthaus-filme\" class=\"wp-image-32132\" srcset=\"https:\/\/kulturonline.tv\/wp-content\/uploads\/2022\/08\/Fitzgeraldo-Kultur-Online-TV-ArtHaus-Filme.jpg 1100w, https:\/\/kulturonline.tv\/wp-content\/uploads\/2022\/08\/Fitzgeraldo-Kultur-Online-TV-ArtHaus-Filme-600x427.jpg 600w, https:\/\/kulturonline.tv\/wp-content\/uploads\/2022\/08\/Fitzgeraldo-Kultur-Online-TV-ArtHaus-Filme-800x569.jpg 800w, https:\/\/kulturonline.tv\/wp-content\/uploads\/2022\/08\/Fitzgeraldo-Kultur-Online-TV-ArtHaus-Filme-768x547.jpg 768w\" sizes=\"(max-width: 1100px) 100vw, 1100px\" \/><\/div><div class=\"gallery-box-item\"><img loading=\"lazy\" decoding=\"async\" width=\"534\" height=\"300\" src=\"https:\/\/kulturonline.tv\/wp-content\/uploads\/2022\/08\/Fitzcarraldo02-Kultur-Online-TV-ArtHaus-Filme.jpg\" alt=\"\" data-id=\"32134\" data-link=\"https:\/\/kulturonline.tv\/de\/arthaus-kino-september\/fitzcarraldo\/attachment\/fitzcarraldo02-kultur-online-tv-arthaus-filme\" class=\"wp-image-32134\" srcset=\"https:\/\/kulturonline.tv\/wp-content\/uploads\/2022\/08\/Fitzcarraldo02-Kultur-Online-TV-ArtHaus-Filme.jpg 534w, https:\/\/kulturonline.tv\/wp-content\/uploads\/2022\/08\/Fitzcarraldo02-Kultur-Online-TV-ArtHaus-Filme-416x234.jpg 416w\" sizes=\"(max-width: 534px) 100vw, 534px\" \/><\/div><div class=\"gallery-box-item\"><img loading=\"lazy\" decoding=\"async\" width=\"800\" height=\"536\" src=\"https:\/\/kulturonline.tv\/wp-content\/uploads\/2022\/08\/Fitzcarraldo_ArtHaus-Filme-Kultur-Online-TV.jpg\" alt=\"\" data-id=\"32136\" data-link=\"https:\/\/kulturonline.tv\/de\/arthaus-kino-september\/fitzcarraldo\/attachment\/fitzcarraldo_arthaus-filme-kultur-online-tv\" class=\"wp-image-32136\" srcset=\"https:\/\/kulturonline.tv\/wp-content\/uploads\/2022\/08\/Fitzcarraldo_ArtHaus-Filme-Kultur-Online-TV.jpg 800w, https:\/\/kulturonline.tv\/wp-content\/uploads\/2022\/08\/Fitzcarraldo_ArtHaus-Filme-Kultur-Online-TV-600x402.jpg 600w, https:\/\/kulturonline.tv\/wp-content\/uploads\/2022\/08\/Fitzcarraldo_ArtHaus-Filme-Kultur-Online-TV-768x515.jpg 768w\" sizes=\"(max-width: 800px) 100vw, 800px\" \/><\/div><\/div><div class=\"gosign-gallery-box-thumbnail\" data-slick=\"{&quot;slidesToShow&quot;:3,&quot;slidesToScroll&quot;:1,&quot;arrows&quot;:false,&quot;dots&quot;:false,&quot;infinite&quot;:true,&quot;autoplay&quot;:false,&quot;autoplaySpeed&quot;:2000,&quot;asNavFor&quot;:&quot;.gosign-gallery-box-block&quot;,&quot;focusOnSelect&quot;:true,&quot;variableWidth&quot;:true}\"><div class=\"gallery-thumbnail-item\"><img decoding=\"async\" width=\"1280\" height=\"720\" src=\"https:\/\/kulturonline.tv\/wp-content\/uploads\/2022\/08\/Fitzgeraldo-ArtHaus-Filme-Kultur-Online-TV.jpg\" alt=\"\" data-id=\"32130\" data-link=\"https:\/\/kulturonline.tv\/de\/arthaus-kino-september\/fitzcarraldo\/attachment\/fitzgeraldo-arthaus-filme-kultur-online-tv\" class=\"wp-image-32130\" srcset=\"https:\/\/kulturonline.tv\/wp-content\/uploads\/2022\/08\/Fitzgeraldo-ArtHaus-Filme-Kultur-Online-TV.jpg 1280w, https:\/\/kulturonline.tv\/wp-content\/uploads\/2022\/08\/Fitzgeraldo-ArtHaus-Filme-Kultur-Online-TV-600x338.jpg 600w, https:\/\/kulturonline.tv\/wp-content\/uploads\/2022\/08\/Fitzgeraldo-ArtHaus-Filme-Kultur-Online-TV-800x450.jpg 800w, https:\/\/kulturonline.tv\/wp-content\/uploads\/2022\/08\/Fitzgeraldo-ArtHaus-Filme-Kultur-Online-TV-768x432.jpg 768w\" sizes=\"(max-width: 1280px) 100vw, 1280px\" \/><\/div><div class=\"gallery-thumbnail-item\"><img decoding=\"async\" width=\"1100\" height=\"783\" src=\"https:\/\/kulturonline.tv\/wp-content\/uploads\/2022\/08\/Fitzgeraldo-Kultur-Online-TV-ArtHaus-Filme.jpg\" alt=\"\" data-id=\"32132\" data-link=\"https:\/\/kulturonline.tv\/de\/arthaus-kino-september\/fitzcarraldo\/attachment\/fitzgeraldo-kultur-online-tv-arthaus-filme\" class=\"wp-image-32132\" srcset=\"https:\/\/kulturonline.tv\/wp-content\/uploads\/2022\/08\/Fitzgeraldo-Kultur-Online-TV-ArtHaus-Filme.jpg 1100w, https:\/\/kulturonline.tv\/wp-content\/uploads\/2022\/08\/Fitzgeraldo-Kultur-Online-TV-ArtHaus-Filme-600x427.jpg 600w, https:\/\/kulturonline.tv\/wp-content\/uploads\/2022\/08\/Fitzgeraldo-Kultur-Online-TV-ArtHaus-Filme-800x569.jpg 800w, https:\/\/kulturonline.tv\/wp-content\/uploads\/2022\/08\/Fitzgeraldo-Kultur-Online-TV-ArtHaus-Filme-768x547.jpg 768w\" sizes=\"(max-width: 1100px) 100vw, 1100px\" \/><\/div><div class=\"gallery-thumbnail-item\"><img loading=\"lazy\" decoding=\"async\" width=\"534\" height=\"300\" src=\"https:\/\/kulturonline.tv\/wp-content\/uploads\/2022\/08\/Fitzcarraldo02-Kultur-Online-TV-ArtHaus-Filme.jpg\" alt=\"\" data-id=\"32134\" data-link=\"https:\/\/kulturonline.tv\/de\/arthaus-kino-september\/fitzcarraldo\/attachment\/fitzcarraldo02-kultur-online-tv-arthaus-filme\" class=\"wp-image-32134\" srcset=\"https:\/\/kulturonline.tv\/wp-content\/uploads\/2022\/08\/Fitzcarraldo02-Kultur-Online-TV-ArtHaus-Filme.jpg 534w, https:\/\/kulturonline.tv\/wp-content\/uploads\/2022\/08\/Fitzcarraldo02-Kultur-Online-TV-ArtHaus-Filme-416x234.jpg 416w\" sizes=\"(max-width: 534px) 100vw, 534px\" \/><\/div><div class=\"gallery-thumbnail-item\"><img loading=\"lazy\" decoding=\"async\" width=\"800\" height=\"536\" src=\"https:\/\/kulturonline.tv\/wp-content\/uploads\/2022\/08\/Fitzcarraldo_ArtHaus-Filme-Kultur-Online-TV.jpg\" alt=\"\" data-id=\"32136\" data-link=\"https:\/\/kulturonline.tv\/de\/arthaus-kino-september\/fitzcarraldo\/attachment\/fitzcarraldo_arthaus-filme-kultur-online-tv\" class=\"wp-image-32136\" srcset=\"https:\/\/kulturonline.tv\/wp-content\/uploads\/2022\/08\/Fitzcarraldo_ArtHaus-Filme-Kultur-Online-TV.jpg 800w, https:\/\/kulturonline.tv\/wp-content\/uploads\/2022\/08\/Fitzcarraldo_ArtHaus-Filme-Kultur-Online-TV-600x402.jpg 600w, https:\/\/kulturonline.tv\/wp-content\/uploads\/2022\/08\/Fitzcarraldo_ArtHaus-Filme-Kultur-Online-TV-768x515.jpg 768w\" sizes=\"(max-width: 800px) 100vw, 800px\" \/><\/div><\/div><\/div>\n\n\n\n<p><\/p>\n\n\n\n<p><strong>Darsteller:<\/strong> Klaus Kinski (Aguirre &#8211; Der Zorn Gottes, Nosferatu &#8211; Phantom der Nacht, Woyzeck)<br>Jos\u00e9 Lewgoy (Die Erbarmungslosen, Cobra Verde)<br>Miguel A. Fuentes (Puma-Man, Wunder dauern etwas l\u00e4nger)<br>Claudia Cardinale (Der rosarote Panther, Spiel mir das Lied vom Tod, Sie f\u00fcrchten weder Tod noch Teufel)<\/p>\n\n\n\n<p><strong>Regie:<\/strong> Werner Herzog <strong>Drehbuch:<\/strong> Werner Herzog <strong>Kamera:<\/strong> Thomas Mauch<br><strong>Produktion:<\/strong> Werner Herzog, Lucki Stipetic<\/p>\n\n\n\n<p>Ab dem 01.09.2022 im Kino anl\u00e4sslich zum Zum 80. Geburtstag des Regisseurs Werner Herzog<\/p>\n\n\n\n<p>Kultur Online TV ArtHaus Filme<\/p>\n\n\n\n<p>#arthaus #filme #kino #movie #filme<\/p>\n","protected":false},"excerpt":{"rendered":"<p>Fitzcarraldo ist besessen davon, mitten im Amazonas-Dschungel ein Opernhaus zu errichten. Der exzentrische Brian Sweeney Fitzcarraldo ist von der Idee besessen, mitten in dem unber\u00fchrten Amazonas-Dschungel ein gro\u00dfes Opernhaus zu bauen. Von den Ersparnissen seiner Freundin, der Bordell-Besitzerin Molly, kauft Fitzcarraldo einen alten Flussdampfer. Damit will er in ein unerschlossenes Kautschukgebiet schippern, um dort das [&hellip;]<\/p>\n","protected":false},"author":2,"featured_media":32123,"comment_status":"closed","ping_status":"closed","sticky":false,"template":"","format":"standard","meta":{"_acf_changed":false,"footnotes":""},"categories":[1],"tags":[],"class_list":["post-32120","post","type-post","status-publish","format-standard","has-post-thumbnail","hentry","category-unkategorisiert"],"acf":[],"yoast_head":"<!-- This site is optimized with the Yoast SEO plugin v26.1.1 - https:\/\/yoast.com\/wordpress\/plugins\/seo\/ -->\n<title>FITZCARRALDO - Kultur Online TV &amp; FM<\/title>\n<meta name=\"description\" content=\"F\u00fcr diesen Film trieb Herzog sein Team zu H\u00f6chstleistungen, so dass die Dreharbeiten zum Albtraum f\u00fcr den gesamten Stab wurden. Gro\u00dfes deutsches Abenteuerkino! Zum 80. Geburtstag des Regisseurs ab dem 1. September wieder auf der gro\u00dfen Leinwand zu sehen!\" \/>\n<meta name=\"robots\" content=\"index, follow, max-snippet:-1, max-image-preview:large, max-video-preview:-1\" \/>\n<link rel=\"canonical\" href=\"https:\/\/kulturonline.tv\/de\/fitzcarraldo\/\" \/>\n<meta property=\"og:locale\" content=\"de_DE\" \/>\n<meta property=\"og:type\" content=\"article\" \/>\n<meta property=\"og:title\" content=\"FITZCARRALDO - Kultur Online TV &amp; FM\" \/>\n<meta property=\"og:description\" content=\"F\u00fcr diesen Film trieb Herzog sein Team zu H\u00f6chstleistungen, so dass die Dreharbeiten zum Albtraum f\u00fcr den gesamten Stab wurden. Gro\u00dfes deutsches Abenteuerkino! Zum 80. Geburtstag des Regisseurs ab dem 1. September wieder auf der gro\u00dfen Leinwand zu sehen!\" \/>\n<meta property=\"og:url\" content=\"https:\/\/kulturonline.tv\/de\/fitzcarraldo\/\" \/>\n<meta property=\"og:site_name\" content=\"Kultur Online TV &amp; FM\" \/>\n<meta property=\"article:publisher\" content=\"https:\/\/www.facebook.com\/kulturonline.tv\" \/>\n<meta property=\"article:published_time\" content=\"2022-08-10T15:11:51+00:00\" \/>\n<meta property=\"article:modified_time\" content=\"2022-08-11T11:01:45+00:00\" \/>\n<meta property=\"og:image\" content=\"https:\/\/kulturonline.tv\/wp-content\/uploads\/2022\/08\/Fitzcarraldo_Plakat_A4_RGB-scaled.jpg\" \/>\n\t<meta property=\"og:image:width\" content=\"1810\" \/>\n\t<meta property=\"og:image:height\" content=\"2560\" \/>\n\t<meta property=\"og:image:type\" content=\"image\/jpeg\" \/>\n<meta name=\"author\" content=\"guenter.wolfgang\" \/>\n<meta name=\"twitter:card\" content=\"summary_large_image\" \/>\n<meta name=\"twitter:label1\" content=\"Verfasst von\" \/>\n\t<meta name=\"twitter:data1\" content=\"guenter.wolfgang\" \/>\n\t<meta name=\"twitter:label2\" content=\"Gesch\u00e4tzte Lesezeit\" \/>\n\t<meta name=\"twitter:data2\" content=\"1\u00a0Minute\" \/>\n<script type=\"application\/ld+json\" class=\"yoast-schema-graph\">{\"@context\":\"https:\/\/schema.org\",\"@graph\":[{\"@type\":\"Article\",\"@id\":\"https:\/\/kulturonline.tv\/de\/fitzcarraldo\/#article\",\"isPartOf\":{\"@id\":\"https:\/\/kulturonline.tv\/de\/fitzcarraldo\/\"},\"author\":{\"name\":\"guenter.wolfgang\",\"@id\":\"https:\/\/kulturonline.tv\/de\/#\/schema\/person\/b0fac729bb9a0c193fb1df23449df4fe\"},\"headline\":\"FITZCARRALDO\",\"datePublished\":\"2022-08-10T15:11:51+00:00\",\"dateModified\":\"2022-08-11T11:01:45+00:00\",\"mainEntityOfPage\":{\"@id\":\"https:\/\/kulturonline.tv\/de\/fitzcarraldo\/\"},\"wordCount\":227,\"publisher\":{\"@id\":\"https:\/\/kulturonline.tv\/de\/#organization\"},\"image\":{\"@id\":\"https:\/\/kulturonline.tv\/de\/fitzcarraldo\/#primaryimage\"},\"thumbnailUrl\":\"https:\/\/kulturonline.tv\/wp-content\/uploads\/2022\/08\/Fitzcarraldo_Plakat_A4_RGB-scaled.jpg\",\"articleSection\":[\"Unkategorisiert\"],\"inLanguage\":\"de\"},{\"@type\":\"WebPage\",\"@id\":\"https:\/\/kulturonline.tv\/de\/fitzcarraldo\/\",\"url\":\"https:\/\/kulturonline.tv\/de\/fitzcarraldo\/\",\"name\":\"FITZCARRALDO - Kultur Online TV &amp; FM\",\"isPartOf\":{\"@id\":\"https:\/\/kulturonline.tv\/de\/#website\"},\"primaryImageOfPage\":{\"@id\":\"https:\/\/kulturonline.tv\/de\/fitzcarraldo\/#primaryimage\"},\"image\":{\"@id\":\"https:\/\/kulturonline.tv\/de\/fitzcarraldo\/#primaryimage\"},\"thumbnailUrl\":\"https:\/\/kulturonline.tv\/wp-content\/uploads\/2022\/08\/Fitzcarraldo_Plakat_A4_RGB-scaled.jpg\",\"datePublished\":\"2022-08-10T15:11:51+00:00\",\"dateModified\":\"2022-08-11T11:01:45+00:00\",\"description\":\"F\u00fcr diesen Film trieb Herzog sein Team zu H\u00f6chstleistungen, so dass die Dreharbeiten zum Albtraum f\u00fcr den gesamten Stab wurden. Gro\u00dfes deutsches Abenteuerkino! Zum 80. Geburtstag des Regisseurs ab dem 1. September wieder auf der gro\u00dfen Leinwand zu sehen!\",\"breadcrumb\":{\"@id\":\"https:\/\/kulturonline.tv\/de\/fitzcarraldo\/#breadcrumb\"},\"inLanguage\":\"de\",\"potentialAction\":[{\"@type\":\"ReadAction\",\"target\":[\"https:\/\/kulturonline.tv\/de\/fitzcarraldo\/\"]}]},{\"@type\":\"ImageObject\",\"inLanguage\":\"de\",\"@id\":\"https:\/\/kulturonline.tv\/de\/fitzcarraldo\/#primaryimage\",\"url\":\"https:\/\/kulturonline.tv\/wp-content\/uploads\/2022\/08\/Fitzcarraldo_Plakat_A4_RGB-scaled.jpg\",\"contentUrl\":\"https:\/\/kulturonline.tv\/wp-content\/uploads\/2022\/08\/Fitzcarraldo_Plakat_A4_RGB-scaled.jpg\",\"width\":1810,\"height\":2560},{\"@type\":\"BreadcrumbList\",\"@id\":\"https:\/\/kulturonline.tv\/de\/fitzcarraldo\/#breadcrumb\",\"itemListElement\":[{\"@type\":\"ListItem\",\"position\":1,\"name\":\"Startseite\",\"item\":\"https:\/\/kulturonline.tv\/de\/\"},{\"@type\":\"ListItem\",\"position\":2,\"name\":\"FITZCARRALDO\"}]},{\"@type\":\"WebSite\",\"@id\":\"https:\/\/kulturonline.tv\/de\/#website\",\"url\":\"https:\/\/kulturonline.tv\/de\/\",\"name\":\"Kultur Online TV &amp; FM\",\"description\":\"Wir sind Kultur 2.0 zum sehen &amp; h\u00f6ren\",\"publisher\":{\"@id\":\"https:\/\/kulturonline.tv\/de\/#organization\"},\"potentialAction\":[{\"@type\":\"SearchAction\",\"target\":{\"@type\":\"EntryPoint\",\"urlTemplate\":\"https:\/\/kulturonline.tv\/de\/?s={search_term_string}\"},\"query-input\":{\"@type\":\"PropertyValueSpecification\",\"valueRequired\":true,\"valueName\":\"search_term_string\"}}],\"inLanguage\":\"de\"},{\"@type\":\"Organization\",\"@id\":\"https:\/\/kulturonline.tv\/de\/#organization\",\"name\":\"Kultur Online TV\",\"url\":\"https:\/\/kulturonline.tv\/de\/\",\"logo\":{\"@type\":\"ImageObject\",\"inLanguage\":\"de\",\"@id\":\"https:\/\/kulturonline.tv\/de\/#\/schema\/logo\/image\/\",\"url\":\"https:\/\/kulturonline.tv\/wp-content\/uploads\/2021\/08\/Kultur-Online-Tv-Logo-Endversion-neu.png\",\"contentUrl\":\"https:\/\/kulturonline.tv\/wp-content\/uploads\/2021\/08\/Kultur-Online-Tv-Logo-Endversion-neu.png\",\"width\":200,\"height\":200,\"caption\":\"Kultur Online TV\"},\"image\":{\"@id\":\"https:\/\/kulturonline.tv\/de\/#\/schema\/logo\/image\/\"},\"sameAs\":[\"https:\/\/www.facebook.com\/kulturonline.tv\",\"https:\/\/www.instagram.com\/kulturonline.tv\"]},{\"@type\":\"Person\",\"@id\":\"https:\/\/kulturonline.tv\/de\/#\/schema\/person\/b0fac729bb9a0c193fb1df23449df4fe\",\"name\":\"guenter.wolfgang\"}]}<\/script>\n<!-- \/ Yoast SEO plugin. -->","yoast_head_json":{"title":"FITZCARRALDO - Kultur Online TV &amp; FM","description":"F\u00fcr diesen Film trieb Herzog sein Team zu H\u00f6chstleistungen, so dass die Dreharbeiten zum Albtraum f\u00fcr den gesamten Stab wurden. Gro\u00dfes deutsches Abenteuerkino! Zum 80. Geburtstag des Regisseurs ab dem 1. September wieder auf der gro\u00dfen Leinwand zu sehen!","robots":{"index":"index","follow":"follow","max-snippet":"max-snippet:-1","max-image-preview":"max-image-preview:large","max-video-preview":"max-video-preview:-1"},"canonical":"https:\/\/kulturonline.tv\/de\/fitzcarraldo\/","og_locale":"de_DE","og_type":"article","og_title":"FITZCARRALDO - Kultur Online TV &amp; FM","og_description":"F\u00fcr diesen Film trieb Herzog sein Team zu H\u00f6chstleistungen, so dass die Dreharbeiten zum Albtraum f\u00fcr den gesamten Stab wurden. Gro\u00dfes deutsches Abenteuerkino! Zum 80. Geburtstag des Regisseurs ab dem 1. September wieder auf der gro\u00dfen Leinwand zu sehen!","og_url":"https:\/\/kulturonline.tv\/de\/fitzcarraldo\/","og_site_name":"Kultur Online TV &amp; FM","article_publisher":"https:\/\/www.facebook.com\/kulturonline.tv","article_published_time":"2022-08-10T15:11:51+00:00","article_modified_time":"2022-08-11T11:01:45+00:00","og_image":[{"width":1810,"height":2560,"url":"https:\/\/kulturonline.tv\/wp-content\/uploads\/2022\/08\/Fitzcarraldo_Plakat_A4_RGB-scaled.jpg","type":"image\/jpeg"}],"author":"guenter.wolfgang","twitter_card":"summary_large_image","twitter_misc":{"Verfasst von":"guenter.wolfgang","Gesch\u00e4tzte Lesezeit":"1\u00a0Minute"},"schema":{"@context":"https:\/\/schema.org","@graph":[{"@type":"Article","@id":"https:\/\/kulturonline.tv\/de\/fitzcarraldo\/#article","isPartOf":{"@id":"https:\/\/kulturonline.tv\/de\/fitzcarraldo\/"},"author":{"name":"guenter.wolfgang","@id":"https:\/\/kulturonline.tv\/de\/#\/schema\/person\/b0fac729bb9a0c193fb1df23449df4fe"},"headline":"FITZCARRALDO","datePublished":"2022-08-10T15:11:51+00:00","dateModified":"2022-08-11T11:01:45+00:00","mainEntityOfPage":{"@id":"https:\/\/kulturonline.tv\/de\/fitzcarraldo\/"},"wordCount":227,"publisher":{"@id":"https:\/\/kulturonline.tv\/de\/#organization"},"image":{"@id":"https:\/\/kulturonline.tv\/de\/fitzcarraldo\/#primaryimage"},"thumbnailUrl":"https:\/\/kulturonline.tv\/wp-content\/uploads\/2022\/08\/Fitzcarraldo_Plakat_A4_RGB-scaled.jpg","articleSection":["Unkategorisiert"],"inLanguage":"de"},{"@type":"WebPage","@id":"https:\/\/kulturonline.tv\/de\/fitzcarraldo\/","url":"https:\/\/kulturonline.tv\/de\/fitzcarraldo\/","name":"FITZCARRALDO - Kultur Online TV &amp; FM","isPartOf":{"@id":"https:\/\/kulturonline.tv\/de\/#website"},"primaryImageOfPage":{"@id":"https:\/\/kulturonline.tv\/de\/fitzcarraldo\/#primaryimage"},"image":{"@id":"https:\/\/kulturonline.tv\/de\/fitzcarraldo\/#primaryimage"},"thumbnailUrl":"https:\/\/kulturonline.tv\/wp-content\/uploads\/2022\/08\/Fitzcarraldo_Plakat_A4_RGB-scaled.jpg","datePublished":"2022-08-10T15:11:51+00:00","dateModified":"2022-08-11T11:01:45+00:00","description":"F\u00fcr diesen Film trieb Herzog sein Team zu H\u00f6chstleistungen, so dass die Dreharbeiten zum Albtraum f\u00fcr den gesamten Stab wurden. Gro\u00dfes deutsches Abenteuerkino! Zum 80. Geburtstag des Regisseurs ab dem 1. September wieder auf der gro\u00dfen Leinwand zu sehen!","breadcrumb":{"@id":"https:\/\/kulturonline.tv\/de\/fitzcarraldo\/#breadcrumb"},"inLanguage":"de","potentialAction":[{"@type":"ReadAction","target":["https:\/\/kulturonline.tv\/de\/fitzcarraldo\/"]}]},{"@type":"ImageObject","inLanguage":"de","@id":"https:\/\/kulturonline.tv\/de\/fitzcarraldo\/#primaryimage","url":"https:\/\/kulturonline.tv\/wp-content\/uploads\/2022\/08\/Fitzcarraldo_Plakat_A4_RGB-scaled.jpg","contentUrl":"https:\/\/kulturonline.tv\/wp-content\/uploads\/2022\/08\/Fitzcarraldo_Plakat_A4_RGB-scaled.jpg","width":1810,"height":2560},{"@type":"BreadcrumbList","@id":"https:\/\/kulturonline.tv\/de\/fitzcarraldo\/#breadcrumb","itemListElement":[{"@type":"ListItem","position":1,"name":"Startseite","item":"https:\/\/kulturonline.tv\/de\/"},{"@type":"ListItem","position":2,"name":"FITZCARRALDO"}]},{"@type":"WebSite","@id":"https:\/\/kulturonline.tv\/de\/#website","url":"https:\/\/kulturonline.tv\/de\/","name":"Kultur Online TV &amp; FM","description":"Wir sind Kultur 2.0 zum sehen &amp; h\u00f6ren","publisher":{"@id":"https:\/\/kulturonline.tv\/de\/#organization"},"potentialAction":[{"@type":"SearchAction","target":{"@type":"EntryPoint","urlTemplate":"https:\/\/kulturonline.tv\/de\/?s={search_term_string}"},"query-input":{"@type":"PropertyValueSpecification","valueRequired":true,"valueName":"search_term_string"}}],"inLanguage":"de"},{"@type":"Organization","@id":"https:\/\/kulturonline.tv\/de\/#organization","name":"Kultur Online TV","url":"https:\/\/kulturonline.tv\/de\/","logo":{"@type":"ImageObject","inLanguage":"de","@id":"https:\/\/kulturonline.tv\/de\/#\/schema\/logo\/image\/","url":"https:\/\/kulturonline.tv\/wp-content\/uploads\/2021\/08\/Kultur-Online-Tv-Logo-Endversion-neu.png","contentUrl":"https:\/\/kulturonline.tv\/wp-content\/uploads\/2021\/08\/Kultur-Online-Tv-Logo-Endversion-neu.png","width":200,"height":200,"caption":"Kultur Online TV"},"image":{"@id":"https:\/\/kulturonline.tv\/de\/#\/schema\/logo\/image\/"},"sameAs":["https:\/\/www.facebook.com\/kulturonline.tv","https:\/\/www.instagram.com\/kulturonline.tv"]},{"@type":"Person","@id":"https:\/\/kulturonline.tv\/de\/#\/schema\/person\/b0fac729bb9a0c193fb1df23449df4fe","name":"guenter.wolfgang"}]}},"_links":{"self":[{"href":"https:\/\/kulturonline.tv\/de\/wp-json\/wp\/v2\/posts\/32120","targetHints":{"allow":["GET"]}}],"collection":[{"href":"https:\/\/kulturonline.tv\/de\/wp-json\/wp\/v2\/posts"}],"about":[{"href":"https:\/\/kulturonline.tv\/de\/wp-json\/wp\/v2\/types\/post"}],"author":[{"embeddable":true,"href":"https:\/\/kulturonline.tv\/de\/wp-json\/wp\/v2\/users\/2"}],"replies":[{"embeddable":true,"href":"https:\/\/kulturonline.tv\/de\/wp-json\/wp\/v2\/comments?post=32120"}],"version-history":[{"count":0,"href":"https:\/\/kulturonline.tv\/de\/wp-json\/wp\/v2\/posts\/32120\/revisions"}],"wp:featuredmedia":[{"embeddable":true,"href":"https:\/\/kulturonline.tv\/de\/wp-json\/wp\/v2\/media\/32123"}],"wp:attachment":[{"href":"https:\/\/kulturonline.tv\/de\/wp-json\/wp\/v2\/media?parent=32120"}],"wp:term":[{"taxonomy":"category","embeddable":true,"href":"https:\/\/kulturonline.tv\/de\/wp-json\/wp\/v2\/categories?post=32120"},{"taxonomy":"post_tag","embeddable":true,"href":"https:\/\/kulturonline.tv\/de\/wp-json\/wp\/v2\/tags?post=32120"}],"curies":[{"name":"wp","href":"https:\/\/api.w.org\/{rel}","templated":true}]}}