{"id":32148,"date":"2022-08-10T18:25:21","date_gmt":"2022-08-10T16:25:21","guid":{"rendered":"https:\/\/kulturonline.tv\/?p=32148"},"modified":"2022-11-29T11:13:02","modified_gmt":"2022-11-29T10:13:02","slug":"highlander","status":"publish","type":"post","link":"https:\/\/kulturonline.tv\/de\/highlander\/","title":{"rendered":"Highlander Im Kino ab 06.09.2022"},"content":{"rendered":"\n<figure class=\"wp-block-image size-large\"><img fetchpriority=\"high\" decoding=\"async\" width=\"1600\" height=\"900\" src=\"https:\/\/kulturonline.tv\/wp-content\/uploads\/2022\/08\/6-1600x900.png\" alt=\"\" class=\"wp-image-33507\" srcset=\"https:\/\/kulturonline.tv\/wp-content\/uploads\/2022\/08\/6-1600x900.png 1600w, https:\/\/kulturonline.tv\/wp-content\/uploads\/2022\/08\/6-600x338.png 600w, https:\/\/kulturonline.tv\/wp-content\/uploads\/2022\/08\/6-800x450.png 800w, https:\/\/kulturonline.tv\/wp-content\/uploads\/2022\/08\/6-768x432.png 768w, https:\/\/kulturonline.tv\/wp-content\/uploads\/2022\/08\/6-1536x864.png 1536w, https:\/\/kulturonline.tv\/wp-content\/uploads\/2022\/08\/6.png 1920w\" sizes=\"(max-width: 1600px) 100vw, 1600px\" \/><\/figure>\n\n\n\n<h1 class=\"wp-block-heading\"><\/h1>\n\n\n\n<p>Russel Mulcahys vision\u00e4res Fantasy-Abenteuer mit Christopher Lambert und Sean Connery genie\u00dft mit seiner einzigartigen Bildsprache und der spektakul\u00e4ren Musik von Queen l\u00e4ngst Kultstatus und kommt 4K restauriert zur\u00fcck auf die gro\u00dfe Leinwand.<\/p>\n\n\n\n<p>Der Highlander Connor MacLeod ist unsterblich. Als er 1536 eine sonst t\u00f6dliche Wunde \u00fcberlebt, wird er aus seinem Dorf vertrieben. Ein anderer Unsterblicher, der Spanier Ramirez, unterweist ihn im Schwerterkampf und kl\u00e4rt ihn auf: Wenn ein Unsterblicher einen anderen Unsterblichen enthauptet, geht dessen ganze Kraft und dessen ganzes Wissen auf ihn \u00fcber. Der letzte \u00dcberlebende erh\u00e4lt die Macht, die gesamte Welt zu beherrschen. Diese Macht darf nicht in falsche H\u00e4nde geraten.<br>Bei einem Treffen im heutigen New York treten die letzten \u00dcberlebenden zum Endkampf gegeneinander an. Der Highlander trifft auf den st\u00e4rksten der Unsterblichen: den m\u00f6rderischen Barbaren Kurgan. Denn am Ende kann es nur einen geben<\/p>\n\n\n\n<p>Im September 1985 wurde die Band Queen vom Regisseur Russell Mulcahy, einem bekannten Werbefilm-Regisseur, angesprochen, die Musik f\u00fcr seinen ersten Kinofilm zu machen. Sie stimmten sofort zu, mindestens zwei Songs zu liefern, solange einer davon der Titelsong w\u00fcrde.<br>Die Dreharbeiten hatten bereits begonnen, als Russell der Band erkl\u00e4rte, was f\u00fcr eine Art Musik er eigentlich ben\u00f6tige. Nachdem Queen sich etwa 20 Minuten von HIGHLANDER angesehen hatte, entschieden sie sich f\u00fcnf Songs f\u00fcr den Film zu schreiben. Brian May schrieb einen Gro\u00dfteil des Textes f\u00fcr &#8222;Who Wants to Live Forever&#8220; auf der R\u00fcckfahrt vom Filmstudio. Im Januar 1986 begann die Band ernsthaft an den Songs f\u00fcr HIGHLANDER zu arbeiten. <\/p>\n\n\n\n<p>Zu dem Song &#8222;It\u00b4s a Kind of Magic&#8220; wurden sie durch ein Zitat von der Hauptfigur inspiriert, obwohl der Song nicht im Film verwendet wurde.<br>Christopher Lambert sollte auch im Musikvideo f\u00fcr &#8222;Princes of the Universe&#8220; auftreten, um eine Verbindung zum Kinofilm zu schaffen. Im Video scheint es, als w\u00fcrde MacLeod direkt von der Kinoleinwand auf die B\u00fchne mit der Band hinabsteigen. Freddie Mercury schrieb den Song &#8222;Princes of the Universe&#8220;, der als Titelsong f\u00fcr den ersten Kinofilm und die Serie benutzt wurde. Die Queen-Version von &#8222;New York, New York&#8220;, die Kurgan im Autoradio h\u00f6rt, als er mit Brenda durch New York rast, wurde nie auf einem Album ver\u00f6ffentlicht. Laut Queen-Mitglied Brian May wurde &#8222;New York, New York&#8220; nur als Song-Fragment geschrieben. Alles, was aufgenommen wurde, existiert ausschlie\u00dflich im Film.<\/p>\n\n\n\n<p><\/p>\n\n\n\n<div class=\"wp-block-glsb-gosign-gallery-box-block gosign-gallery-box-block-container\"><div class=\"gosign-gallery-box-block\" data-slick=\"{&quot;slidesToShow&quot;:1,&quot;slidesToScroll&quot;:1,&quot;arrows&quot;:false,&quot;dots&quot;:false,&quot;speed&quot;:500,&quot;infinite&quot;:true,&quot;autoplay&quot;:false,&quot;autoplaySpeed&quot;:2000}\"><div class=\"gallery-box-item\"><img decoding=\"async\" width=\"467\" height=\"703\" src=\"https:\/\/kulturonline.tv\/wp-content\/uploads\/2022\/08\/Highlander_09-ArtHaus-Filme-Kultur-Online-TV.jpg\" alt=\"\" data-id=\"32163\" data-link=\"https:\/\/kulturonline.tv\/de\/arthaus-kino-september\/highlander\/attachment\/highlander_09-arthaus-filme-kultur-online-tv\" class=\"wp-image-32163\" srcset=\"https:\/\/kulturonline.tv\/wp-content\/uploads\/2022\/08\/Highlander_09-ArtHaus-Filme-Kultur-Online-TV.jpg 467w, https:\/\/kulturonline.tv\/wp-content\/uploads\/2022\/08\/Highlander_09-ArtHaus-Filme-Kultur-Online-TV-416x626.jpg 416w\" sizes=\"(max-width: 467px) 100vw, 467px\" \/><\/div><div class=\"gallery-box-item\"><img decoding=\"async\" width=\"699\" height=\"378\" src=\"https:\/\/kulturonline.tv\/wp-content\/uploads\/2022\/08\/Highlander_006-ArtHaus-Filme-Kultur-Online-TV.jpg\" alt=\"\" data-id=\"32161\" data-link=\"https:\/\/kulturonline.tv\/de\/arthaus-kino-september\/highlander\/attachment\/highlander_006-arthaus-filme-kultur-online-tv\" class=\"wp-image-32161\" srcset=\"https:\/\/kulturonline.tv\/wp-content\/uploads\/2022\/08\/Highlander_006-ArtHaus-Filme-Kultur-Online-TV.jpg 699w, https:\/\/kulturonline.tv\/wp-content\/uploads\/2022\/08\/Highlander_006-ArtHaus-Filme-Kultur-Online-TV-600x324.jpg 600w\" sizes=\"(max-width: 699px) 100vw, 699px\" \/><\/div><div class=\"gallery-box-item\"><img loading=\"lazy\" decoding=\"async\" width=\"740\" height=\"487\" src=\"https:\/\/kulturonline.tv\/wp-content\/uploads\/2022\/08\/Highlander_ArtHaus-Filme-Kultur-Online-TV-04.jpg\" alt=\"\" data-id=\"32159\" data-link=\"https:\/\/kulturonline.tv\/de\/arthaus-kino-september\/highlander\/attachment\/highlander_arthaus-filme-kultur-online-tv-04\" class=\"wp-image-32159\" srcset=\"https:\/\/kulturonline.tv\/wp-content\/uploads\/2022\/08\/Highlander_ArtHaus-Filme-Kultur-Online-TV-04.jpg 740w, https:\/\/kulturonline.tv\/wp-content\/uploads\/2022\/08\/Highlander_ArtHaus-Filme-Kultur-Online-TV-04-600x395.jpg 600w\" sizes=\"(max-width: 740px) 100vw, 740px\" \/><\/div><div class=\"gallery-box-item\"><img loading=\"lazy\" decoding=\"async\" width=\"840\" height=\"449\" src=\"https:\/\/kulturonline.tv\/wp-content\/uploads\/2022\/08\/Highlander_ArtHaus-Filme-Kultur-Online-TV-03-1.jpg\" alt=\"\" data-id=\"32157\" data-link=\"https:\/\/kulturonline.tv\/de\/arthaus-kino-september\/highlander\/attachment\/highlander_arthaus-filme-kultur-online-tv-03-2\" class=\"wp-image-32157\" srcset=\"https:\/\/kulturonline.tv\/wp-content\/uploads\/2022\/08\/Highlander_ArtHaus-Filme-Kultur-Online-TV-03-1.jpg 840w, https:\/\/kulturonline.tv\/wp-content\/uploads\/2022\/08\/Highlander_ArtHaus-Filme-Kultur-Online-TV-03-1-600x321.jpg 600w, https:\/\/kulturonline.tv\/wp-content\/uploads\/2022\/08\/Highlander_ArtHaus-Filme-Kultur-Online-TV-03-1-800x428.jpg 800w, https:\/\/kulturonline.tv\/wp-content\/uploads\/2022\/08\/Highlander_ArtHaus-Filme-Kultur-Online-TV-03-1-768x411.jpg 768w\" sizes=\"(max-width: 840px) 100vw, 840px\" \/><\/div><\/div><div class=\"gosign-gallery-box-thumbnail\" data-slick=\"{&quot;slidesToShow&quot;:3,&quot;slidesToScroll&quot;:1,&quot;arrows&quot;:false,&quot;dots&quot;:false,&quot;infinite&quot;:true,&quot;autoplay&quot;:false,&quot;autoplaySpeed&quot;:2000,&quot;asNavFor&quot;:&quot;.gosign-gallery-box-block&quot;,&quot;focusOnSelect&quot;:true,&quot;variableWidth&quot;:true}\"><div class=\"gallery-thumbnail-item\"><img decoding=\"async\" width=\"467\" height=\"703\" src=\"https:\/\/kulturonline.tv\/wp-content\/uploads\/2022\/08\/Highlander_09-ArtHaus-Filme-Kultur-Online-TV.jpg\" alt=\"\" data-id=\"32163\" data-link=\"https:\/\/kulturonline.tv\/de\/arthaus-kino-september\/highlander\/attachment\/highlander_09-arthaus-filme-kultur-online-tv\" class=\"wp-image-32163\" srcset=\"https:\/\/kulturonline.tv\/wp-content\/uploads\/2022\/08\/Highlander_09-ArtHaus-Filme-Kultur-Online-TV.jpg 467w, https:\/\/kulturonline.tv\/wp-content\/uploads\/2022\/08\/Highlander_09-ArtHaus-Filme-Kultur-Online-TV-416x626.jpg 416w\" sizes=\"(max-width: 467px) 100vw, 467px\" \/><\/div><div class=\"gallery-thumbnail-item\"><img decoding=\"async\" width=\"699\" height=\"378\" src=\"https:\/\/kulturonline.tv\/wp-content\/uploads\/2022\/08\/Highlander_006-ArtHaus-Filme-Kultur-Online-TV.jpg\" alt=\"\" data-id=\"32161\" data-link=\"https:\/\/kulturonline.tv\/de\/arthaus-kino-september\/highlander\/attachment\/highlander_006-arthaus-filme-kultur-online-tv\" class=\"wp-image-32161\" srcset=\"https:\/\/kulturonline.tv\/wp-content\/uploads\/2022\/08\/Highlander_006-ArtHaus-Filme-Kultur-Online-TV.jpg 699w, https:\/\/kulturonline.tv\/wp-content\/uploads\/2022\/08\/Highlander_006-ArtHaus-Filme-Kultur-Online-TV-600x324.jpg 600w\" sizes=\"(max-width: 699px) 100vw, 699px\" \/><\/div><div class=\"gallery-thumbnail-item\"><img loading=\"lazy\" decoding=\"async\" width=\"740\" height=\"487\" src=\"https:\/\/kulturonline.tv\/wp-content\/uploads\/2022\/08\/Highlander_ArtHaus-Filme-Kultur-Online-TV-04.jpg\" alt=\"\" data-id=\"32159\" data-link=\"https:\/\/kulturonline.tv\/de\/arthaus-kino-september\/highlander\/attachment\/highlander_arthaus-filme-kultur-online-tv-04\" class=\"wp-image-32159\" srcset=\"https:\/\/kulturonline.tv\/wp-content\/uploads\/2022\/08\/Highlander_ArtHaus-Filme-Kultur-Online-TV-04.jpg 740w, https:\/\/kulturonline.tv\/wp-content\/uploads\/2022\/08\/Highlander_ArtHaus-Filme-Kultur-Online-TV-04-600x395.jpg 600w\" sizes=\"(max-width: 740px) 100vw, 740px\" \/><\/div><div class=\"gallery-thumbnail-item\"><img loading=\"lazy\" decoding=\"async\" width=\"840\" height=\"449\" src=\"https:\/\/kulturonline.tv\/wp-content\/uploads\/2022\/08\/Highlander_ArtHaus-Filme-Kultur-Online-TV-03-1.jpg\" alt=\"\" data-id=\"32157\" data-link=\"https:\/\/kulturonline.tv\/de\/arthaus-kino-september\/highlander\/attachment\/highlander_arthaus-filme-kultur-online-tv-03-2\" class=\"wp-image-32157\" srcset=\"https:\/\/kulturonline.tv\/wp-content\/uploads\/2022\/08\/Highlander_ArtHaus-Filme-Kultur-Online-TV-03-1.jpg 840w, https:\/\/kulturonline.tv\/wp-content\/uploads\/2022\/08\/Highlander_ArtHaus-Filme-Kultur-Online-TV-03-1-600x321.jpg 600w, https:\/\/kulturonline.tv\/wp-content\/uploads\/2022\/08\/Highlander_ArtHaus-Filme-Kultur-Online-TV-03-1-800x428.jpg 800w, https:\/\/kulturonline.tv\/wp-content\/uploads\/2022\/08\/Highlander_ArtHaus-Filme-Kultur-Online-TV-03-1-768x411.jpg 768w\" sizes=\"(max-width: 840px) 100vw, 840px\" \/><\/div><\/div><\/div>\n\n\n\n<h2 class=\"wp-block-heading\">HIGHLANDER &#8211; ES KANN NUR EINEN GEBEN<\/h2>\n\n\n\n<h4 class=\"wp-block-heading\"><strong>Darsteller: Christopher Lambert (Mortal Kombat, Resurrection, Beowulf) Sean Connery <br>Clancy Brown (Bad Boys, Blue Steel, Starship Troopers) Roxanne Hart (Dragonfire)<\/strong><\/h4>\n\n\n\n<p><strong>Regie:<\/strong> Russell Mulcahy <strong> Drehbuch<\/strong>: Gregory Wilden, Peter Bellwood, Larry Ferguson <strong>Kamera:<\/strong> Gerry Fisher<br><strong>Produktion: <\/strong>Peter S. Davis, William N. Panzer<\/p>\n\n\n\n<p>Originaltitel: Highlander Genre: Abenteuer, Action, Fantasy Produktionsjahr: 1986 Produktionsland: USA<br>Kinostart: 06.09.2022 (Best of Cinema)<\/p>\n\n\n\n<p><\/p>\n\n\n\n<p><strong>Zur Arthausfilm Startseite<\/strong><\/p>\n\n\n\n<figure class=\"wp-block-image size-full is-resized\"><a href=\"https:\/\/kulturonline.tv\/de\/arthouse-filme-startseite\"><img loading=\"lazy\" decoding=\"async\" src=\"https:\/\/kulturonline.tv\/wp-content\/uploads\/2022\/11\/cover-1.png\" alt=\"\" class=\"wp-image-42407\" width=\"850\" height=\"275\" srcset=\"https:\/\/kulturonline.tv\/wp-content\/uploads\/2022\/11\/cover-1.png 750w, https:\/\/kulturonline.tv\/wp-content\/uploads\/2022\/11\/cover-1-600x194.png 600w\" sizes=\"(max-width: 850px) 100vw, 850px\" \/><\/a><\/figure>\n\n\n\n<p>Kultur Online TV ArtHaus Filme<\/p>\n\n\n\n<p>#arthaus #film #movie #kino #cinema<\/p>\n","protected":false},"excerpt":{"rendered":"<p>Russel Mulcahys vision\u00e4res Fantasy-Abenteuer mit Christopher Lambert und Sean Connery genie\u00dft mit seiner einzigartigen Bildsprache und der spektakul\u00e4ren Musik von Queen l\u00e4ngst Kultstatus und kommt 4K restauriert zur\u00fcck auf die gro\u00dfe Leinwand. Der Highlander Connor MacLeod ist unsterblich. Als er 1536 eine sonst t\u00f6dliche Wunde \u00fcberlebt, wird er aus seinem Dorf vertrieben. Ein anderer Unsterblicher, [&hellip;]<\/p>\n","protected":false},"author":2,"featured_media":32151,"comment_status":"closed","ping_status":"closed","sticky":false,"template":"","format":"standard","meta":{"_acf_changed":false,"footnotes":""},"categories":[1],"tags":[],"class_list":["post-32148","post","type-post","status-publish","format-standard","has-post-thumbnail","hentry","category-unkategorisiert"],"acf":[],"yoast_head":"<!-- This site is optimized with the Yoast SEO plugin v26.1.1 - https:\/\/yoast.com\/wordpress\/plugins\/seo\/ -->\n<title>Highlander Im Kino ab 06.09.2022 - Kultur Online TV &amp; FM<\/title>\n<meta name=\"description\" content=\"Russel Mulcahys vision\u00e4res Fantasy-Abenteuer mit Christopher Lambert und Sean Connery genie\u00dft mit seiner einzigartigen Bildsprache und der spektakul\u00e4ren Musik von Queen l\u00e4ngst Kultstatus und kommt 4K restauriert zur\u00fcck auf die gro\u00dfe Leinwand.\" \/>\n<meta name=\"robots\" content=\"index, follow, max-snippet:-1, max-image-preview:large, max-video-preview:-1\" \/>\n<link rel=\"canonical\" href=\"https:\/\/kulturonline.tv\/de\/highlander\/\" \/>\n<meta property=\"og:locale\" content=\"de_DE\" \/>\n<meta property=\"og:type\" content=\"article\" \/>\n<meta property=\"og:title\" content=\"Highlander Im Kino ab 06.09.2022 - Kultur Online TV &amp; FM\" \/>\n<meta property=\"og:description\" content=\"Russel Mulcahys vision\u00e4res Fantasy-Abenteuer mit Christopher Lambert und Sean Connery genie\u00dft mit seiner einzigartigen Bildsprache und der spektakul\u00e4ren Musik von Queen l\u00e4ngst Kultstatus und kommt 4K restauriert zur\u00fcck auf die gro\u00dfe Leinwand.\" \/>\n<meta property=\"og:url\" content=\"https:\/\/kulturonline.tv\/de\/highlander\/\" \/>\n<meta property=\"og:site_name\" content=\"Kultur Online TV &amp; FM\" \/>\n<meta property=\"article:publisher\" content=\"https:\/\/www.facebook.com\/kulturonline.tv\" \/>\n<meta property=\"article:published_time\" content=\"2022-08-10T16:25:21+00:00\" \/>\n<meta property=\"article:modified_time\" content=\"2022-11-29T10:13:02+00:00\" \/>\n<meta property=\"og:image\" content=\"https:\/\/kulturonline.tv\/wp-content\/uploads\/2022\/08\/Highlander_Plakat_A4_Kultur-Online-TV-ArtHaus-Filme.jpg\" \/>\n\t<meta property=\"og:image:width\" content=\"570\" \/>\n\t<meta property=\"og:image:height\" content=\"807\" \/>\n\t<meta property=\"og:image:type\" content=\"image\/jpeg\" \/>\n<meta name=\"author\" content=\"guenter.wolfgang\" \/>\n<meta name=\"twitter:card\" content=\"summary_large_image\" \/>\n<meta name=\"twitter:label1\" content=\"Verfasst von\" \/>\n\t<meta name=\"twitter:data1\" content=\"guenter.wolfgang\" \/>\n\t<meta name=\"twitter:label2\" content=\"Gesch\u00e4tzte Lesezeit\" \/>\n\t<meta name=\"twitter:data2\" content=\"2\u00a0Minuten\" \/>\n<script type=\"application\/ld+json\" class=\"yoast-schema-graph\">{\"@context\":\"https:\/\/schema.org\",\"@graph\":[{\"@type\":\"Article\",\"@id\":\"https:\/\/kulturonline.tv\/de\/highlander\/#article\",\"isPartOf\":{\"@id\":\"https:\/\/kulturonline.tv\/de\/highlander\/\"},\"author\":{\"name\":\"guenter.wolfgang\",\"@id\":\"https:\/\/kulturonline.tv\/de\/#\/schema\/person\/b0fac729bb9a0c193fb1df23449df4fe\"},\"headline\":\"Highlander Im Kino ab 06.09.2022\",\"datePublished\":\"2022-08-10T16:25:21+00:00\",\"dateModified\":\"2022-11-29T10:13:02+00:00\",\"mainEntityOfPage\":{\"@id\":\"https:\/\/kulturonline.tv\/de\/highlander\/\"},\"wordCount\":479,\"publisher\":{\"@id\":\"https:\/\/kulturonline.tv\/de\/#organization\"},\"image\":{\"@id\":\"https:\/\/kulturonline.tv\/de\/highlander\/#primaryimage\"},\"thumbnailUrl\":\"https:\/\/kulturonline.tv\/wp-content\/uploads\/2022\/08\/Highlander_Plakat_A4_Kultur-Online-TV-ArtHaus-Filme.jpg\",\"articleSection\":[\"Unkategorisiert\"],\"inLanguage\":\"de\"},{\"@type\":\"WebPage\",\"@id\":\"https:\/\/kulturonline.tv\/de\/highlander\/\",\"url\":\"https:\/\/kulturonline.tv\/de\/highlander\/\",\"name\":\"Highlander Im Kino ab 06.09.2022 - Kultur Online TV &amp; FM\",\"isPartOf\":{\"@id\":\"https:\/\/kulturonline.tv\/de\/#website\"},\"primaryImageOfPage\":{\"@id\":\"https:\/\/kulturonline.tv\/de\/highlander\/#primaryimage\"},\"image\":{\"@id\":\"https:\/\/kulturonline.tv\/de\/highlander\/#primaryimage\"},\"thumbnailUrl\":\"https:\/\/kulturonline.tv\/wp-content\/uploads\/2022\/08\/Highlander_Plakat_A4_Kultur-Online-TV-ArtHaus-Filme.jpg\",\"datePublished\":\"2022-08-10T16:25:21+00:00\",\"dateModified\":\"2022-11-29T10:13:02+00:00\",\"description\":\"Russel Mulcahys vision\u00e4res Fantasy-Abenteuer mit Christopher Lambert und Sean Connery genie\u00dft mit seiner einzigartigen Bildsprache und der spektakul\u00e4ren Musik von Queen l\u00e4ngst Kultstatus und kommt 4K restauriert zur\u00fcck auf die gro\u00dfe Leinwand.\",\"breadcrumb\":{\"@id\":\"https:\/\/kulturonline.tv\/de\/highlander\/#breadcrumb\"},\"inLanguage\":\"de\",\"potentialAction\":[{\"@type\":\"ReadAction\",\"target\":[\"https:\/\/kulturonline.tv\/de\/highlander\/\"]}]},{\"@type\":\"ImageObject\",\"inLanguage\":\"de\",\"@id\":\"https:\/\/kulturonline.tv\/de\/highlander\/#primaryimage\",\"url\":\"https:\/\/kulturonline.tv\/wp-content\/uploads\/2022\/08\/Highlander_Plakat_A4_Kultur-Online-TV-ArtHaus-Filme.jpg\",\"contentUrl\":\"https:\/\/kulturonline.tv\/wp-content\/uploads\/2022\/08\/Highlander_Plakat_A4_Kultur-Online-TV-ArtHaus-Filme.jpg\",\"width\":570,\"height\":807},{\"@type\":\"BreadcrumbList\",\"@id\":\"https:\/\/kulturonline.tv\/de\/highlander\/#breadcrumb\",\"itemListElement\":[{\"@type\":\"ListItem\",\"position\":1,\"name\":\"Startseite\",\"item\":\"https:\/\/kulturonline.tv\/de\/\"},{\"@type\":\"ListItem\",\"position\":2,\"name\":\"Highlander Im Kino ab 06.09.2022\"}]},{\"@type\":\"WebSite\",\"@id\":\"https:\/\/kulturonline.tv\/de\/#website\",\"url\":\"https:\/\/kulturonline.tv\/de\/\",\"name\":\"Kultur Online TV &amp; FM\",\"description\":\"Wir sind Kultur 2.0 zum sehen &amp; h\u00f6ren\",\"publisher\":{\"@id\":\"https:\/\/kulturonline.tv\/de\/#organization\"},\"potentialAction\":[{\"@type\":\"SearchAction\",\"target\":{\"@type\":\"EntryPoint\",\"urlTemplate\":\"https:\/\/kulturonline.tv\/de\/?s={search_term_string}\"},\"query-input\":{\"@type\":\"PropertyValueSpecification\",\"valueRequired\":true,\"valueName\":\"search_term_string\"}}],\"inLanguage\":\"de\"},{\"@type\":\"Organization\",\"@id\":\"https:\/\/kulturonline.tv\/de\/#organization\",\"name\":\"Kultur Online TV\",\"url\":\"https:\/\/kulturonline.tv\/de\/\",\"logo\":{\"@type\":\"ImageObject\",\"inLanguage\":\"de\",\"@id\":\"https:\/\/kulturonline.tv\/de\/#\/schema\/logo\/image\/\",\"url\":\"https:\/\/kulturonline.tv\/wp-content\/uploads\/2021\/08\/Kultur-Online-Tv-Logo-Endversion-neu.png\",\"contentUrl\":\"https:\/\/kulturonline.tv\/wp-content\/uploads\/2021\/08\/Kultur-Online-Tv-Logo-Endversion-neu.png\",\"width\":200,\"height\":200,\"caption\":\"Kultur Online TV\"},\"image\":{\"@id\":\"https:\/\/kulturonline.tv\/de\/#\/schema\/logo\/image\/\"},\"sameAs\":[\"https:\/\/www.facebook.com\/kulturonline.tv\",\"https:\/\/www.instagram.com\/kulturonline.tv\"]},{\"@type\":\"Person\",\"@id\":\"https:\/\/kulturonline.tv\/de\/#\/schema\/person\/b0fac729bb9a0c193fb1df23449df4fe\",\"name\":\"guenter.wolfgang\"}]}<\/script>\n<!-- \/ Yoast SEO plugin. -->","yoast_head_json":{"title":"Highlander Im Kino ab 06.09.2022 - Kultur Online TV &amp; FM","description":"Russel Mulcahys vision\u00e4res Fantasy-Abenteuer mit Christopher Lambert und Sean Connery genie\u00dft mit seiner einzigartigen Bildsprache und der spektakul\u00e4ren Musik von Queen l\u00e4ngst Kultstatus und kommt 4K restauriert zur\u00fcck auf die gro\u00dfe Leinwand.","robots":{"index":"index","follow":"follow","max-snippet":"max-snippet:-1","max-image-preview":"max-image-preview:large","max-video-preview":"max-video-preview:-1"},"canonical":"https:\/\/kulturonline.tv\/de\/highlander\/","og_locale":"de_DE","og_type":"article","og_title":"Highlander Im Kino ab 06.09.2022 - Kultur Online TV &amp; FM","og_description":"Russel Mulcahys vision\u00e4res Fantasy-Abenteuer mit Christopher Lambert und Sean Connery genie\u00dft mit seiner einzigartigen Bildsprache und der spektakul\u00e4ren Musik von Queen l\u00e4ngst Kultstatus und kommt 4K restauriert zur\u00fcck auf die gro\u00dfe Leinwand.","og_url":"https:\/\/kulturonline.tv\/de\/highlander\/","og_site_name":"Kultur Online TV &amp; FM","article_publisher":"https:\/\/www.facebook.com\/kulturonline.tv","article_published_time":"2022-08-10T16:25:21+00:00","article_modified_time":"2022-11-29T10:13:02+00:00","og_image":[{"width":570,"height":807,"url":"https:\/\/kulturonline.tv\/wp-content\/uploads\/2022\/08\/Highlander_Plakat_A4_Kultur-Online-TV-ArtHaus-Filme.jpg","type":"image\/jpeg"}],"author":"guenter.wolfgang","twitter_card":"summary_large_image","twitter_misc":{"Verfasst von":"guenter.wolfgang","Gesch\u00e4tzte Lesezeit":"2\u00a0Minuten"},"schema":{"@context":"https:\/\/schema.org","@graph":[{"@type":"Article","@id":"https:\/\/kulturonline.tv\/de\/highlander\/#article","isPartOf":{"@id":"https:\/\/kulturonline.tv\/de\/highlander\/"},"author":{"name":"guenter.wolfgang","@id":"https:\/\/kulturonline.tv\/de\/#\/schema\/person\/b0fac729bb9a0c193fb1df23449df4fe"},"headline":"Highlander Im Kino ab 06.09.2022","datePublished":"2022-08-10T16:25:21+00:00","dateModified":"2022-11-29T10:13:02+00:00","mainEntityOfPage":{"@id":"https:\/\/kulturonline.tv\/de\/highlander\/"},"wordCount":479,"publisher":{"@id":"https:\/\/kulturonline.tv\/de\/#organization"},"image":{"@id":"https:\/\/kulturonline.tv\/de\/highlander\/#primaryimage"},"thumbnailUrl":"https:\/\/kulturonline.tv\/wp-content\/uploads\/2022\/08\/Highlander_Plakat_A4_Kultur-Online-TV-ArtHaus-Filme.jpg","articleSection":["Unkategorisiert"],"inLanguage":"de"},{"@type":"WebPage","@id":"https:\/\/kulturonline.tv\/de\/highlander\/","url":"https:\/\/kulturonline.tv\/de\/highlander\/","name":"Highlander Im Kino ab 06.09.2022 - Kultur Online TV &amp; FM","isPartOf":{"@id":"https:\/\/kulturonline.tv\/de\/#website"},"primaryImageOfPage":{"@id":"https:\/\/kulturonline.tv\/de\/highlander\/#primaryimage"},"image":{"@id":"https:\/\/kulturonline.tv\/de\/highlander\/#primaryimage"},"thumbnailUrl":"https:\/\/kulturonline.tv\/wp-content\/uploads\/2022\/08\/Highlander_Plakat_A4_Kultur-Online-TV-ArtHaus-Filme.jpg","datePublished":"2022-08-10T16:25:21+00:00","dateModified":"2022-11-29T10:13:02+00:00","description":"Russel Mulcahys vision\u00e4res Fantasy-Abenteuer mit Christopher Lambert und Sean Connery genie\u00dft mit seiner einzigartigen Bildsprache und der spektakul\u00e4ren Musik von Queen l\u00e4ngst Kultstatus und kommt 4K restauriert zur\u00fcck auf die gro\u00dfe Leinwand.","breadcrumb":{"@id":"https:\/\/kulturonline.tv\/de\/highlander\/#breadcrumb"},"inLanguage":"de","potentialAction":[{"@type":"ReadAction","target":["https:\/\/kulturonline.tv\/de\/highlander\/"]}]},{"@type":"ImageObject","inLanguage":"de","@id":"https:\/\/kulturonline.tv\/de\/highlander\/#primaryimage","url":"https:\/\/kulturonline.tv\/wp-content\/uploads\/2022\/08\/Highlander_Plakat_A4_Kultur-Online-TV-ArtHaus-Filme.jpg","contentUrl":"https:\/\/kulturonline.tv\/wp-content\/uploads\/2022\/08\/Highlander_Plakat_A4_Kultur-Online-TV-ArtHaus-Filme.jpg","width":570,"height":807},{"@type":"BreadcrumbList","@id":"https:\/\/kulturonline.tv\/de\/highlander\/#breadcrumb","itemListElement":[{"@type":"ListItem","position":1,"name":"Startseite","item":"https:\/\/kulturonline.tv\/de\/"},{"@type":"ListItem","position":2,"name":"Highlander Im Kino ab 06.09.2022"}]},{"@type":"WebSite","@id":"https:\/\/kulturonline.tv\/de\/#website","url":"https:\/\/kulturonline.tv\/de\/","name":"Kultur Online TV &amp; FM","description":"Wir sind Kultur 2.0 zum sehen &amp; h\u00f6ren","publisher":{"@id":"https:\/\/kulturonline.tv\/de\/#organization"},"potentialAction":[{"@type":"SearchAction","target":{"@type":"EntryPoint","urlTemplate":"https:\/\/kulturonline.tv\/de\/?s={search_term_string}"},"query-input":{"@type":"PropertyValueSpecification","valueRequired":true,"valueName":"search_term_string"}}],"inLanguage":"de"},{"@type":"Organization","@id":"https:\/\/kulturonline.tv\/de\/#organization","name":"Kultur Online TV","url":"https:\/\/kulturonline.tv\/de\/","logo":{"@type":"ImageObject","inLanguage":"de","@id":"https:\/\/kulturonline.tv\/de\/#\/schema\/logo\/image\/","url":"https:\/\/kulturonline.tv\/wp-content\/uploads\/2021\/08\/Kultur-Online-Tv-Logo-Endversion-neu.png","contentUrl":"https:\/\/kulturonline.tv\/wp-content\/uploads\/2021\/08\/Kultur-Online-Tv-Logo-Endversion-neu.png","width":200,"height":200,"caption":"Kultur Online TV"},"image":{"@id":"https:\/\/kulturonline.tv\/de\/#\/schema\/logo\/image\/"},"sameAs":["https:\/\/www.facebook.com\/kulturonline.tv","https:\/\/www.instagram.com\/kulturonline.tv"]},{"@type":"Person","@id":"https:\/\/kulturonline.tv\/de\/#\/schema\/person\/b0fac729bb9a0c193fb1df23449df4fe","name":"guenter.wolfgang"}]}},"_links":{"self":[{"href":"https:\/\/kulturonline.tv\/de\/wp-json\/wp\/v2\/posts\/32148","targetHints":{"allow":["GET"]}}],"collection":[{"href":"https:\/\/kulturonline.tv\/de\/wp-json\/wp\/v2\/posts"}],"about":[{"href":"https:\/\/kulturonline.tv\/de\/wp-json\/wp\/v2\/types\/post"}],"author":[{"embeddable":true,"href":"https:\/\/kulturonline.tv\/de\/wp-json\/wp\/v2\/users\/2"}],"replies":[{"embeddable":true,"href":"https:\/\/kulturonline.tv\/de\/wp-json\/wp\/v2\/comments?post=32148"}],"version-history":[{"count":0,"href":"https:\/\/kulturonline.tv\/de\/wp-json\/wp\/v2\/posts\/32148\/revisions"}],"wp:featuredmedia":[{"embeddable":true,"href":"https:\/\/kulturonline.tv\/de\/wp-json\/wp\/v2\/media\/32151"}],"wp:attachment":[{"href":"https:\/\/kulturonline.tv\/de\/wp-json\/wp\/v2\/media?parent=32148"}],"wp:term":[{"taxonomy":"category","embeddable":true,"href":"https:\/\/kulturonline.tv\/de\/wp-json\/wp\/v2\/categories?post=32148"},{"taxonomy":"post_tag","embeddable":true,"href":"https:\/\/kulturonline.tv\/de\/wp-json\/wp\/v2\/tags?post=32148"}],"curies":[{"name":"wp","href":"https:\/\/api.w.org\/{rel}","templated":true}]}}