{"id":32276,"date":"2022-08-11T10:45:47","date_gmt":"2022-08-11T08:45:47","guid":{"rendered":"https:\/\/kulturonline.tv\/?p=32276"},"modified":"2023-02-28T05:59:23","modified_gmt":"2023-02-28T04:59:23","slug":"paralelle-muetter","status":"publish","type":"post","link":"https:\/\/kulturonline.tv\/de\/paralelle-muetter\/","title":{"rendered":"PARALELLE M\u00dcTTER"},"content":{"rendered":"\n<figure class=\"wp-block-image size-full\"><img fetchpriority=\"high\" decoding=\"async\" width=\"1280\" height=\"720\" src=\"https:\/\/kulturonline.tv\/wp-content\/uploads\/2023\/02\/Paralelle-Muetter.png\" alt=\"\" class=\"wp-image-54682\" srcset=\"https:\/\/kulturonline.tv\/wp-content\/uploads\/2023\/02\/Paralelle-Muetter.png 1280w, https:\/\/kulturonline.tv\/wp-content\/uploads\/2023\/02\/Paralelle-Muetter-800x450.png 800w, https:\/\/kulturonline.tv\/wp-content\/uploads\/2023\/02\/Paralelle-Muetter-768x432.png 768w, https:\/\/kulturonline.tv\/wp-content\/uploads\/2023\/02\/Paralelle-Muetter-320x180.png 320w, https:\/\/kulturonline.tv\/wp-content\/uploads\/2023\/02\/Paralelle-Muetter-480x270.png 480w, https:\/\/kulturonline.tv\/wp-content\/uploads\/2023\/02\/Paralelle-Muetter-600x338.png 600w\" sizes=\"(max-width: 1280px) 100vw, 1280px\" \/><\/figure>\n\n\n\n<p>Zwei Frauen, zwei Schwangerschaften, zwei Leben. Janis und Ana erwarten beide ihr erstes Kind und lernen sich zuf\u00e4llig im Krankenhaus kurz vor der Geburt kennen. Beide sind Single und wurden ungewollt schwanger. Janis, mittleren Alters, bereut nichts und ist in den Stunden vor der Geburt \u00fcbergl\u00fccklich. Ana, das genaue Gegenteil, ist ein Teenager, ver\u00e4ngstigt und traumatisiert, die auch in ihrer Mutter Teresa kaum Unterst\u00fctzung findet. Janis aber versucht Ana aufzumuntern. Die wenigen Worte, die sie in diesen Stunden im Krankenhausflur austauschen, schaffen ein enges Band zwischen den beiden. Doch ein Zufall wirft alles durcheinander und ver\u00e4ndert ihr Leben auf dramatische Weise.<\/p>\n\n\n\n<p>Der international gefeierte Regisseur Pedro Almod\u00f3var erz\u00e4hlt in seinem neuen Film von Identit\u00e4t und m\u00fctterlicher Leidenschaft anhand von drei sehr unterschiedlichen M\u00fcttern: Janis, Ana und Anas Mutter Teresa. In dem spannungsgeladenen Drama begibt sich Pedro Almod\u00f3var auf Spurensuche \u2013 innerhalb der Familiengeschichte sowie der ganz pers\u00f6nlichen Wahrheit. Oscar-Preistr\u00e4gerin Pen\u00e9lope Cruz (\u201eVolver\u201c) und Neuentdeckung Milena Smit spielen virtuos zwei Frauen, die unterschiedlicher nicht sein k\u00f6nnten. Die Musik stammt von dem preisgekr\u00f6nten Filmkomponisten Alberto Iglesias (\u201eVolver\u201c) der seit \u00fcber zwanzig Jahren erfolgreich mit Almod\u00f3var zusammenarbeitet. Auch mit dem Kameramann Jos\u00e9 Luis Alcaine (\u201eDie Haut in der ich wohne\u201c) verbindet ihn eine jahrelange k\u00fcnstlerische Freundschaft. PARALLELE M\u00dcTTER er\u00f6ffnete die Filmfestspiele in Venedig 2021, wo Pen\u00e9lope Cruz f\u00fcr Ihre herausragende Leistung als Beste Schauspielerin ausgezeichnet wurde.<\/p>\n\n\n\n<div class=\"wp-block-group is-layout-flow wp-block-group-is-layout-flow\">\n<div class=\"wp-block-columns is-layout-flex wp-container-core-columns-is-layout-28f84493 wp-block-columns-is-layout-flex\">\n<div class=\"wp-block-column is-layout-flow wp-block-column-is-layout-flow\" style=\"flex-basis:100%\">\n<div class=\"wp-block-group alignfull has-background is-layout-flow wp-block-group-is-layout-flow\" style=\"background-color:#f8f4e4\">\n<div class=\"wp-block-columns alignwide is-layout-flex wp-container-core-columns-is-layout-28f84493 wp-block-columns-is-layout-flex\">\n<div class=\"wp-block-column is-layout-flow wp-block-column-is-layout-flow\">\n<div style=\"height:100px\" aria-hidden=\"true\" class=\"wp-block-spacer\"><\/div>\n\n\n\n<h3 class=\"has-text-color wp-block-heading\" id=\"ecosystem\" style=\"color:#000000\">ARTHAUS FILME<\/h3>\n\n\n\n<p class=\"has-text-color\" style=\"color:#000000;font-size:5vw;line-height:1.1\"><strong>Im Kino.<\/strong><\/p>\n\n\n\n<div style=\"height:5px\" aria-hidden=\"true\" class=\"wp-block-spacer\"><\/div>\n<\/div>\n<\/div>\n\n\n\n<div class=\"wp-block-columns alignwide is-layout-flex wp-container-core-columns-is-layout-28f84493 wp-block-columns-is-layout-flex\">\n<div class=\"wp-block-column is-layout-flow wp-block-column-is-layout-flow\" style=\"flex-basis:33.38%\">\n<p class=\"has-text-color has-extra-small-font-size\" style=\"color:#000000\">Zum 80. Geburtstag des Regisseurs Werner Herzog ist ab dem 1. September 2022 wieder auf der gro\u00dfen Leinwand <a href=\"https:\/\/kulturonline.tv\/de\/arthaus-kino-september\/fitzcarraldo\"><em><strong>&#8222;Fitzcaraldo&#8220;<\/strong><\/em><\/a> zu sehen. Der exzentrische Brian Sweeney Fitzcarraldo ist von der Idee besessen, mitten in dem unber\u00fchrten Amazonas-Dschungel ein gro\u00dfes Opernhaus zu bauen. Von den Ersparnissen seiner Freundin, der Bordell-Besitzerin Molly, kauft Fitzcarraldo einen alten Flussdampfer.<\/p>\n<\/div>\n\n\n\n<div class=\"wp-block-column is-layout-flow wp-block-column-is-layout-flow\" style=\"flex-basis:33%\">\n<div style=\"height:100px\" aria-hidden=\"true\" class=\"wp-block-spacer\"><\/div>\n\n\n\n<figure class=\"wp-block-image size-large\"><a href=\"https:\/\/kulturonline.tv\/de\/arthaus-kino-september\/fitzcarraldo\"><img decoding=\"async\" width=\"1131\" height=\"1600\" src=\"https:\/\/kulturonline.tv\/wp-content\/uploads\/2022\/08\/Fitzcarraldo_Plakat_A4_RGB-1-1131x1600.jpg\" alt=\"\" class=\"wp-image-32337\" srcset=\"https:\/\/kulturonline.tv\/wp-content\/uploads\/2022\/08\/Fitzcarraldo_Plakat_A4_RGB-1-1131x1600.jpg 1131w, https:\/\/kulturonline.tv\/wp-content\/uploads\/2022\/08\/Fitzcarraldo_Plakat_A4_RGB-1-600x849.jpg 600w, https:\/\/kulturonline.tv\/wp-content\/uploads\/2022\/08\/Fitzcarraldo_Plakat_A4_RGB-1-566x800.jpg 566w, https:\/\/kulturonline.tv\/wp-content\/uploads\/2022\/08\/Fitzcarraldo_Plakat_A4_RGB-1-768x1086.jpg 768w, https:\/\/kulturonline.tv\/wp-content\/uploads\/2022\/08\/Fitzcarraldo_Plakat_A4_RGB-1-1086x1536.jpg 1086w, https:\/\/kulturonline.tv\/wp-content\/uploads\/2022\/08\/Fitzcarraldo_Plakat_A4_RGB-1-1448x2048.jpg 1448w, https:\/\/kulturonline.tv\/wp-content\/uploads\/2022\/08\/Fitzcarraldo_Plakat_A4_RGB-1-scaled.jpg 1810w\" sizes=\"(max-width: 1131px) 100vw, 1131px\" \/><\/a><\/figure>\n<\/div>\n\n\n\n<div class=\"wp-block-column is-layout-flow wp-block-column-is-layout-flow\" style=\"flex-basis:33.62%\">\n<figure class=\"wp-block-image size-full is-resized\"><a href=\"https:\/\/kulturonline.tv\/de\/arthaus-kino-september\/fitzcarraldo\"><img decoding=\"async\" src=\"https:\/\/kulturonline.tv\/wp-content\/uploads\/2022\/08\/images-kultur-online-tv-Kopie.jpg\" alt=\"\" class=\"wp-image-32341\" width=\"223\" height=\"335\"\/><\/a><\/figure>\n<\/div>\n<\/div>\n\n\n\n<div class=\"wp-block-columns alignwide is-layout-flex wp-container-core-columns-is-layout-28f84493 wp-block-columns-is-layout-flex\">\n<div class=\"wp-block-column is-layout-flow wp-block-column-is-layout-flow\" style=\"flex-basis:67%\">\n<figure class=\"wp-block-image size-full\"><a href=\"https:\/\/kulturonline.tv\/de\/arthaus-kino-september\/fitzcarraldo\"><img loading=\"lazy\" decoding=\"async\" width=\"534\" height=\"300\" src=\"https:\/\/kulturonline.tv\/wp-content\/uploads\/2022\/08\/Fitzcarraldo-Kultur-Online-TV-ArtHaus-Filme-1.jpg\" alt=\"\" class=\"wp-image-32339\" srcset=\"https:\/\/kulturonline.tv\/wp-content\/uploads\/2022\/08\/Fitzcarraldo-Kultur-Online-TV-ArtHaus-Filme-1.jpg 534w, https:\/\/kulturonline.tv\/wp-content\/uploads\/2022\/08\/Fitzcarraldo-Kultur-Online-TV-ArtHaus-Filme-1-416x234.jpg 416w\" sizes=\"(max-width: 534px) 100vw, 534px\" \/><\/a><\/figure>\n<\/div>\n\n\n\n<div class=\"wp-block-column is-vertically-aligned-center is-layout-flow wp-block-column-is-layout-flow\" style=\"flex-basis:33%\">\n<p class=\"has-text-color has-extra-small-font-size\" style=\"color:#000000\">F\u00fcr diesen Film trieb Herzog sein Team H\u00f6chstleistungen, so dass die Dreharbeiten zum Albtraum f\u00fcr den gesamten Stab wurden.<\/p>\n<\/div>\n<\/div>\n<\/div>\n<\/div>\n<\/div>\n<\/div>\n\n\n\n<div class=\"wp-block-columns is-layout-flex wp-container-core-columns-is-layout-28f84493 wp-block-columns-is-layout-flex\">\n<div class=\"wp-block-column is-layout-flow wp-block-column-is-layout-flow\" id=\"Arthaus-Kino-Startseite\">\n<h3 class=\"wp-block-heading\">Digital kaufen oder leihen<\/h3>\n<\/div>\n<\/div>\n\n\n\n<div class=\"wp-block-media-text alignwide is-stacked-on-mobile\" style=\"grid-template-columns:32% auto\"><figure class=\"wp-block-media-text__media\"><a href=\"https:\/\/www.amazon.de\/b\/?_encoding=UTF8&amp;benefitId=arthaus&amp;node=3010075031\"><img loading=\"lazy\" decoding=\"async\" width=\"1560\" height=\"576\" src=\"https:\/\/kulturonline.tv\/wp-content\/uploads\/2022\/08\/image-1.png\" alt=\"\" class=\"wp-image-32283 size-full\" srcset=\"https:\/\/kulturonline.tv\/wp-content\/uploads\/2022\/08\/image-1.png 1560w, https:\/\/kulturonline.tv\/wp-content\/uploads\/2022\/08\/image-1-600x222.png 600w, https:\/\/kulturonline.tv\/wp-content\/uploads\/2022\/08\/image-1-800x295.png 800w, https:\/\/kulturonline.tv\/wp-content\/uploads\/2022\/08\/image-1-768x284.png 768w, https:\/\/kulturonline.tv\/wp-content\/uploads\/2022\/08\/image-1-1536x567.png 1536w\" sizes=\"(max-width: 1560px) 100vw, 1560px\" \/><\/a><\/figure><div class=\"wp-block-media-text__content\">\n<p><\/p>\n<\/div><\/div>\n\n\n\n<div class=\"wp-block-media-text alignwide is-stacked-on-mobile\" style=\"grid-template-columns:32% auto\"><figure class=\"wp-block-media-text__media\"><a href=\"https:\/\/tv.apple.com\/de\/movie\/parallele-mutter\/umc.cmc.2mw42e8fbdvanv6n9mg55n6p3?ign-itscg=30200&amp;ign-itsct=tv_box_link\"><img loading=\"lazy\" decoding=\"async\" width=\"300\" height=\"106\" src=\"https:\/\/kulturonline.tv\/wp-content\/uploads\/2022\/08\/image.png\" alt=\"\" class=\"wp-image-32281 size-full\"\/><\/a><\/figure><div class=\"wp-block-media-text__content\">\n<p><\/p>\n<\/div><\/div>\n","protected":false},"excerpt":{"rendered":"<p>Zwei Frauen, zwei Schwangerschaften, zwei Leben. Janis und Ana erwarten beide ihr erstes Kind und lernen sich zuf\u00e4llig im Krankenhaus kurz vor der Geburt kennen. Beide sind Single und wurden ungewollt schwanger. Janis, mittleren Alters, bereut nichts und ist in den Stunden vor der Geburt \u00fcbergl\u00fccklich. Ana, das genaue Gegenteil, ist ein Teenager, ver\u00e4ngstigt und [&hellip;]<\/p>\n","protected":false},"author":2,"featured_media":32303,"comment_status":"closed","ping_status":"closed","sticky":false,"template":"","format":"standard","meta":{"_acf_changed":false,"footnotes":""},"categories":[1],"tags":[],"class_list":["post-32276","post","type-post","status-publish","format-standard","has-post-thumbnail","hentry","category-unkategorisiert"],"acf":[],"yoast_head":"<!-- This site is optimized with the Yoast SEO plugin v26.1.1 - https:\/\/yoast.com\/wordpress\/plugins\/seo\/ -->\n<title>PARALELLE M\u00dcTTER - Kultur Online TV &amp; FM<\/title>\n<meta name=\"description\" content=\"Kultur sehen und H\u00f6ren\" \/>\n<meta name=\"robots\" content=\"index, follow, max-snippet:-1, max-image-preview:large, max-video-preview:-1\" \/>\n<link rel=\"canonical\" href=\"https:\/\/kulturonline.tv\/de\/paralelle-muetter\/\" \/>\n<meta property=\"og:locale\" content=\"de_DE\" \/>\n<meta property=\"og:type\" content=\"article\" \/>\n<meta property=\"og:title\" content=\"PARALELLE M\u00dcTTER - Kultur Online TV &amp; FM\" \/>\n<meta property=\"og:description\" content=\"Kultur sehen und H\u00f6ren\" \/>\n<meta property=\"og:url\" content=\"https:\/\/kulturonline.tv\/de\/paralelle-muetter\/\" \/>\n<meta property=\"og:site_name\" content=\"Kultur Online TV &amp; FM\" \/>\n<meta property=\"article:publisher\" content=\"https:\/\/www.facebook.com\/kulturonline.tv\" \/>\n<meta property=\"article:published_time\" content=\"2022-08-11T08:45:47+00:00\" \/>\n<meta property=\"article:modified_time\" content=\"2023-02-28T04:59:23+00:00\" \/>\n<meta property=\"og:image\" content=\"https:\/\/kulturonline.tv\/wp-content\/uploads\/2022\/08\/ParalleleMtter-Kultur-Online-TV-ArtHaus-Filme-1.jpg\" \/>\n\t<meta property=\"og:image:width\" content=\"300\" \/>\n\t<meta property=\"og:image:height\" content=\"424\" \/>\n\t<meta property=\"og:image:type\" content=\"image\/jpeg\" \/>\n<meta name=\"author\" content=\"guenter.wolfgang\" \/>\n<meta name=\"twitter:card\" content=\"summary_large_image\" \/>\n<meta name=\"twitter:label1\" content=\"Verfasst von\" \/>\n\t<meta name=\"twitter:data1\" content=\"guenter.wolfgang\" \/>\n\t<meta name=\"twitter:label2\" content=\"Gesch\u00e4tzte Lesezeit\" \/>\n\t<meta name=\"twitter:data2\" content=\"2\u00a0Minuten\" \/>\n<script type=\"application\/ld+json\" class=\"yoast-schema-graph\">{\"@context\":\"https:\/\/schema.org\",\"@graph\":[{\"@type\":\"Article\",\"@id\":\"https:\/\/kulturonline.tv\/de\/paralelle-muetter\/#article\",\"isPartOf\":{\"@id\":\"https:\/\/kulturonline.tv\/de\/paralelle-muetter\/\"},\"author\":{\"name\":\"guenter.wolfgang\",\"@id\":\"https:\/\/kulturonline.tv\/de\/#\/schema\/person\/b0fac729bb9a0c193fb1df23449df4fe\"},\"headline\":\"PARALELLE M\u00dcTTER\",\"datePublished\":\"2022-08-11T08:45:47+00:00\",\"dateModified\":\"2023-02-28T04:59:23+00:00\",\"mainEntityOfPage\":{\"@id\":\"https:\/\/kulturonline.tv\/de\/paralelle-muetter\/\"},\"wordCount\":330,\"publisher\":{\"@id\":\"https:\/\/kulturonline.tv\/de\/#organization\"},\"image\":{\"@id\":\"https:\/\/kulturonline.tv\/de\/paralelle-muetter\/#primaryimage\"},\"thumbnailUrl\":\"https:\/\/kulturonline.tv\/wp-content\/uploads\/2022\/08\/ParalleleMtter-Kultur-Online-TV-ArtHaus-Filme-1.jpg\",\"articleSection\":[\"Unkategorisiert\"],\"inLanguage\":\"de\"},{\"@type\":\"WebPage\",\"@id\":\"https:\/\/kulturonline.tv\/de\/paralelle-muetter\/\",\"url\":\"https:\/\/kulturonline.tv\/de\/paralelle-muetter\/\",\"name\":\"PARALELLE M\u00dcTTER - Kultur Online TV &amp; FM\",\"isPartOf\":{\"@id\":\"https:\/\/kulturonline.tv\/de\/#website\"},\"primaryImageOfPage\":{\"@id\":\"https:\/\/kulturonline.tv\/de\/paralelle-muetter\/#primaryimage\"},\"image\":{\"@id\":\"https:\/\/kulturonline.tv\/de\/paralelle-muetter\/#primaryimage\"},\"thumbnailUrl\":\"https:\/\/kulturonline.tv\/wp-content\/uploads\/2022\/08\/ParalleleMtter-Kultur-Online-TV-ArtHaus-Filme-1.jpg\",\"datePublished\":\"2022-08-11T08:45:47+00:00\",\"dateModified\":\"2023-02-28T04:59:23+00:00\",\"description\":\"Kultur sehen und H\u00f6ren\",\"breadcrumb\":{\"@id\":\"https:\/\/kulturonline.tv\/de\/paralelle-muetter\/#breadcrumb\"},\"inLanguage\":\"de\",\"potentialAction\":[{\"@type\":\"ReadAction\",\"target\":[\"https:\/\/kulturonline.tv\/de\/paralelle-muetter\/\"]}]},{\"@type\":\"ImageObject\",\"inLanguage\":\"de\",\"@id\":\"https:\/\/kulturonline.tv\/de\/paralelle-muetter\/#primaryimage\",\"url\":\"https:\/\/kulturonline.tv\/wp-content\/uploads\/2022\/08\/ParalleleMtter-Kultur-Online-TV-ArtHaus-Filme-1.jpg\",\"contentUrl\":\"https:\/\/kulturonline.tv\/wp-content\/uploads\/2022\/08\/ParalleleMtter-Kultur-Online-TV-ArtHaus-Filme-1.jpg\",\"width\":300,\"height\":424},{\"@type\":\"BreadcrumbList\",\"@id\":\"https:\/\/kulturonline.tv\/de\/paralelle-muetter\/#breadcrumb\",\"itemListElement\":[{\"@type\":\"ListItem\",\"position\":1,\"name\":\"Startseite\",\"item\":\"https:\/\/kulturonline.tv\/de\/\"},{\"@type\":\"ListItem\",\"position\":2,\"name\":\"PARALELLE M\u00dcTTER\"}]},{\"@type\":\"WebSite\",\"@id\":\"https:\/\/kulturonline.tv\/de\/#website\",\"url\":\"https:\/\/kulturonline.tv\/de\/\",\"name\":\"Kultur Online TV &amp; FM\",\"description\":\"Wir sind Kultur 2.0 zum sehen &amp; h\u00f6ren\",\"publisher\":{\"@id\":\"https:\/\/kulturonline.tv\/de\/#organization\"},\"potentialAction\":[{\"@type\":\"SearchAction\",\"target\":{\"@type\":\"EntryPoint\",\"urlTemplate\":\"https:\/\/kulturonline.tv\/de\/?s={search_term_string}\"},\"query-input\":{\"@type\":\"PropertyValueSpecification\",\"valueRequired\":true,\"valueName\":\"search_term_string\"}}],\"inLanguage\":\"de\"},{\"@type\":\"Organization\",\"@id\":\"https:\/\/kulturonline.tv\/de\/#organization\",\"name\":\"Kultur Online TV\",\"url\":\"https:\/\/kulturonline.tv\/de\/\",\"logo\":{\"@type\":\"ImageObject\",\"inLanguage\":\"de\",\"@id\":\"https:\/\/kulturonline.tv\/de\/#\/schema\/logo\/image\/\",\"url\":\"https:\/\/kulturonline.tv\/wp-content\/uploads\/2021\/08\/Kultur-Online-Tv-Logo-Endversion-neu.png\",\"contentUrl\":\"https:\/\/kulturonline.tv\/wp-content\/uploads\/2021\/08\/Kultur-Online-Tv-Logo-Endversion-neu.png\",\"width\":200,\"height\":200,\"caption\":\"Kultur Online TV\"},\"image\":{\"@id\":\"https:\/\/kulturonline.tv\/de\/#\/schema\/logo\/image\/\"},\"sameAs\":[\"https:\/\/www.facebook.com\/kulturonline.tv\",\"https:\/\/www.instagram.com\/kulturonline.tv\"]},{\"@type\":\"Person\",\"@id\":\"https:\/\/kulturonline.tv\/de\/#\/schema\/person\/b0fac729bb9a0c193fb1df23449df4fe\",\"name\":\"guenter.wolfgang\"}]}<\/script>\n<!-- \/ Yoast SEO plugin. -->","yoast_head_json":{"title":"PARALELLE M\u00dcTTER - Kultur Online TV &amp; FM","description":"Kultur sehen und H\u00f6ren","robots":{"index":"index","follow":"follow","max-snippet":"max-snippet:-1","max-image-preview":"max-image-preview:large","max-video-preview":"max-video-preview:-1"},"canonical":"https:\/\/kulturonline.tv\/de\/paralelle-muetter\/","og_locale":"de_DE","og_type":"article","og_title":"PARALELLE M\u00dcTTER - Kultur Online TV &amp; FM","og_description":"Kultur sehen und H\u00f6ren","og_url":"https:\/\/kulturonline.tv\/de\/paralelle-muetter\/","og_site_name":"Kultur Online TV &amp; FM","article_publisher":"https:\/\/www.facebook.com\/kulturonline.tv","article_published_time":"2022-08-11T08:45:47+00:00","article_modified_time":"2023-02-28T04:59:23+00:00","og_image":[{"width":300,"height":424,"url":"https:\/\/kulturonline.tv\/wp-content\/uploads\/2022\/08\/ParalleleMtter-Kultur-Online-TV-ArtHaus-Filme-1.jpg","type":"image\/jpeg"}],"author":"guenter.wolfgang","twitter_card":"summary_large_image","twitter_misc":{"Verfasst von":"guenter.wolfgang","Gesch\u00e4tzte Lesezeit":"2\u00a0Minuten"},"schema":{"@context":"https:\/\/schema.org","@graph":[{"@type":"Article","@id":"https:\/\/kulturonline.tv\/de\/paralelle-muetter\/#article","isPartOf":{"@id":"https:\/\/kulturonline.tv\/de\/paralelle-muetter\/"},"author":{"name":"guenter.wolfgang","@id":"https:\/\/kulturonline.tv\/de\/#\/schema\/person\/b0fac729bb9a0c193fb1df23449df4fe"},"headline":"PARALELLE M\u00dcTTER","datePublished":"2022-08-11T08:45:47+00:00","dateModified":"2023-02-28T04:59:23+00:00","mainEntityOfPage":{"@id":"https:\/\/kulturonline.tv\/de\/paralelle-muetter\/"},"wordCount":330,"publisher":{"@id":"https:\/\/kulturonline.tv\/de\/#organization"},"image":{"@id":"https:\/\/kulturonline.tv\/de\/paralelle-muetter\/#primaryimage"},"thumbnailUrl":"https:\/\/kulturonline.tv\/wp-content\/uploads\/2022\/08\/ParalleleMtter-Kultur-Online-TV-ArtHaus-Filme-1.jpg","articleSection":["Unkategorisiert"],"inLanguage":"de"},{"@type":"WebPage","@id":"https:\/\/kulturonline.tv\/de\/paralelle-muetter\/","url":"https:\/\/kulturonline.tv\/de\/paralelle-muetter\/","name":"PARALELLE M\u00dcTTER - Kultur Online TV &amp; FM","isPartOf":{"@id":"https:\/\/kulturonline.tv\/de\/#website"},"primaryImageOfPage":{"@id":"https:\/\/kulturonline.tv\/de\/paralelle-muetter\/#primaryimage"},"image":{"@id":"https:\/\/kulturonline.tv\/de\/paralelle-muetter\/#primaryimage"},"thumbnailUrl":"https:\/\/kulturonline.tv\/wp-content\/uploads\/2022\/08\/ParalleleMtter-Kultur-Online-TV-ArtHaus-Filme-1.jpg","datePublished":"2022-08-11T08:45:47+00:00","dateModified":"2023-02-28T04:59:23+00:00","description":"Kultur sehen und H\u00f6ren","breadcrumb":{"@id":"https:\/\/kulturonline.tv\/de\/paralelle-muetter\/#breadcrumb"},"inLanguage":"de","potentialAction":[{"@type":"ReadAction","target":["https:\/\/kulturonline.tv\/de\/paralelle-muetter\/"]}]},{"@type":"ImageObject","inLanguage":"de","@id":"https:\/\/kulturonline.tv\/de\/paralelle-muetter\/#primaryimage","url":"https:\/\/kulturonline.tv\/wp-content\/uploads\/2022\/08\/ParalleleMtter-Kultur-Online-TV-ArtHaus-Filme-1.jpg","contentUrl":"https:\/\/kulturonline.tv\/wp-content\/uploads\/2022\/08\/ParalleleMtter-Kultur-Online-TV-ArtHaus-Filme-1.jpg","width":300,"height":424},{"@type":"BreadcrumbList","@id":"https:\/\/kulturonline.tv\/de\/paralelle-muetter\/#breadcrumb","itemListElement":[{"@type":"ListItem","position":1,"name":"Startseite","item":"https:\/\/kulturonline.tv\/de\/"},{"@type":"ListItem","position":2,"name":"PARALELLE M\u00dcTTER"}]},{"@type":"WebSite","@id":"https:\/\/kulturonline.tv\/de\/#website","url":"https:\/\/kulturonline.tv\/de\/","name":"Kultur Online TV &amp; FM","description":"Wir sind Kultur 2.0 zum sehen &amp; h\u00f6ren","publisher":{"@id":"https:\/\/kulturonline.tv\/de\/#organization"},"potentialAction":[{"@type":"SearchAction","target":{"@type":"EntryPoint","urlTemplate":"https:\/\/kulturonline.tv\/de\/?s={search_term_string}"},"query-input":{"@type":"PropertyValueSpecification","valueRequired":true,"valueName":"search_term_string"}}],"inLanguage":"de"},{"@type":"Organization","@id":"https:\/\/kulturonline.tv\/de\/#organization","name":"Kultur Online TV","url":"https:\/\/kulturonline.tv\/de\/","logo":{"@type":"ImageObject","inLanguage":"de","@id":"https:\/\/kulturonline.tv\/de\/#\/schema\/logo\/image\/","url":"https:\/\/kulturonline.tv\/wp-content\/uploads\/2021\/08\/Kultur-Online-Tv-Logo-Endversion-neu.png","contentUrl":"https:\/\/kulturonline.tv\/wp-content\/uploads\/2021\/08\/Kultur-Online-Tv-Logo-Endversion-neu.png","width":200,"height":200,"caption":"Kultur Online TV"},"image":{"@id":"https:\/\/kulturonline.tv\/de\/#\/schema\/logo\/image\/"},"sameAs":["https:\/\/www.facebook.com\/kulturonline.tv","https:\/\/www.instagram.com\/kulturonline.tv"]},{"@type":"Person","@id":"https:\/\/kulturonline.tv\/de\/#\/schema\/person\/b0fac729bb9a0c193fb1df23449df4fe","name":"guenter.wolfgang"}]}},"_links":{"self":[{"href":"https:\/\/kulturonline.tv\/de\/wp-json\/wp\/v2\/posts\/32276","targetHints":{"allow":["GET"]}}],"collection":[{"href":"https:\/\/kulturonline.tv\/de\/wp-json\/wp\/v2\/posts"}],"about":[{"href":"https:\/\/kulturonline.tv\/de\/wp-json\/wp\/v2\/types\/post"}],"author":[{"embeddable":true,"href":"https:\/\/kulturonline.tv\/de\/wp-json\/wp\/v2\/users\/2"}],"replies":[{"embeddable":true,"href":"https:\/\/kulturonline.tv\/de\/wp-json\/wp\/v2\/comments?post=32276"}],"version-history":[{"count":0,"href":"https:\/\/kulturonline.tv\/de\/wp-json\/wp\/v2\/posts\/32276\/revisions"}],"wp:featuredmedia":[{"embeddable":true,"href":"https:\/\/kulturonline.tv\/de\/wp-json\/wp\/v2\/media\/32303"}],"wp:attachment":[{"href":"https:\/\/kulturonline.tv\/de\/wp-json\/wp\/v2\/media?parent=32276"}],"wp:term":[{"taxonomy":"category","embeddable":true,"href":"https:\/\/kulturonline.tv\/de\/wp-json\/wp\/v2\/categories?post=32276"},{"taxonomy":"post_tag","embeddable":true,"href":"https:\/\/kulturonline.tv\/de\/wp-json\/wp\/v2\/tags?post=32276"}],"curies":[{"name":"wp","href":"https:\/\/api.w.org\/{rel}","templated":true}]}}