{"id":33457,"date":"2022-08-15T22:40:36","date_gmt":"2022-08-15T20:40:36","guid":{"rendered":"https:\/\/kulturonline.tv\/?p=33457"},"modified":"2022-08-15T22:50:54","modified_gmt":"2022-08-15T20:50:54","slug":"ein-ganz-normaler-tag","status":"publish","type":"post","link":"https:\/\/kulturonline.tv\/de\/ein-ganz-normaler-tag\/","title":{"rendered":"Ein ganz normaler Tag"},"content":{"rendered":"\n<p><strong>Drama, D 2019  Sonntag 21.8. 20:00 &#8211; 22:00 PULS 8<\/strong><\/p>\n\n\n\n<figure class=\"wp-block-image size-full is-resized\"><img fetchpriority=\"high\" decoding=\"async\" src=\"https:\/\/kulturonline.tv\/wp-content\/uploads\/2022\/08\/KULTUR-ONLINE-TV-TV-TIPP-edited.png\" alt=\"\" class=\"wp-image-33468\" width=\"844\" height=\"475\" srcset=\"https:\/\/kulturonline.tv\/wp-content\/uploads\/2022\/08\/KULTUR-ONLINE-TV-TV-TIPP-edited.png 800w, https:\/\/kulturonline.tv\/wp-content\/uploads\/2022\/08\/KULTUR-ONLINE-TV-TV-TIPP-edited-600x338.png 600w, https:\/\/kulturonline.tv\/wp-content\/uploads\/2022\/08\/KULTUR-ONLINE-TV-TV-TIPP-edited-768x432.png 768w\" sizes=\"(max-width: 844px) 100vw, 844px\" \/><\/figure>\n\n\n\n<p>In einer Stra\u00dfenbahn pr\u00fcgeln zwei Jugendliche vor Zeugen einen schwarzen Fahrgast ins Koma. Die Verurteilung der T\u00e4ter scheint Formsache, bis einige der Belastungszeugen ihre Aussagen aus Angst und aufgrund von Bestechung zur\u00fcckziehen; eine junge Staatsanw\u00e4ltin setzt nun alles daran, die Schl\u00e4ger nicht straffrei davonkommen zu lassen. Lehrfilmhaftes Drama, das darauf aus ist, ein Hohelied auf Zivilcourage anzustimmen. Trotz des \u00fcberzogen positiven Schlusses gelingen dem Film durchaus packende Momente, insbesondere in der Darstellung des Ohnmachtsgef\u00fchls der Staatsanw\u00e4ltin angesichts der brutalen Gewaltt\u00e4ter. <\/p>\n\n\n\n<p>Kultur Online TV<\/p>\n\n\n\n<p>#tv #tipp #film <\/p>\n","protected":false},"excerpt":{"rendered":"<p>Drama, D 2019 Sonntag 21.8. 20:00 &#8211; 22:00 PULS 8 In einer Stra\u00dfenbahn pr\u00fcgeln zwei Jugendliche vor Zeugen einen schwarzen Fahrgast ins Koma. Die Verurteilung der T\u00e4ter scheint Formsache, bis einige der Belastungszeugen ihre Aussagen aus Angst und aufgrund von Bestechung zur\u00fcckziehen; eine junge Staatsanw\u00e4ltin setzt nun alles daran, die Schl\u00e4ger nicht straffrei davonkommen zu [&hellip;]<\/p>\n","protected":false},"author":2,"featured_media":33460,"comment_status":"closed","ping_status":"closed","sticky":false,"template":"","format":"standard","meta":{"_acf_changed":false,"footnotes":""},"categories":[357],"tags":[],"class_list":["post-33457","post","type-post","status-publish","format-standard","has-post-thumbnail","hentry","category-tv"],"acf":[],"yoast_head":"<!-- This site is optimized with the Yoast SEO plugin v26.1.1 - https:\/\/yoast.com\/wordpress\/plugins\/seo\/ -->\n<title>Ein ganz normaler Tag - Kultur Online TV &amp; FM<\/title>\n<meta name=\"description\" content=\"In einer Stra\u00dfenbahn pr\u00fcgeln zwei Jugendliche vor Zeugen einen schwarzen Fahrgast ins Koma. Die Verurteilung der T\u00e4ter scheint Formsache, bis einige der Belastungszeugen ihre Aussagen aus Angst und aufgrund von Bestechung zur\u00fcckziehen;\" \/>\n<meta name=\"robots\" content=\"index, follow, max-snippet:-1, max-image-preview:large, max-video-preview:-1\" \/>\n<link rel=\"canonical\" href=\"https:\/\/kulturonline.tv\/de\/ein-ganz-normaler-tag\/\" \/>\n<meta property=\"og:locale\" content=\"de_DE\" \/>\n<meta property=\"og:type\" content=\"article\" \/>\n<meta property=\"og:title\" content=\"Ein ganz normaler Tag - Kultur Online TV &amp; FM\" \/>\n<meta property=\"og:description\" content=\"In einer Stra\u00dfenbahn pr\u00fcgeln zwei Jugendliche vor Zeugen einen schwarzen Fahrgast ins Koma. Die Verurteilung der T\u00e4ter scheint Formsache, bis einige der Belastungszeugen ihre Aussagen aus Angst und aufgrund von Bestechung zur\u00fcckziehen;\" \/>\n<meta property=\"og:url\" content=\"https:\/\/kulturonline.tv\/de\/ein-ganz-normaler-tag\/\" \/>\n<meta property=\"og:site_name\" content=\"Kultur Online TV &amp; FM\" \/>\n<meta property=\"article:publisher\" content=\"https:\/\/www.facebook.com\/kulturonline.tv\" \/>\n<meta property=\"article:published_time\" content=\"2022-08-15T20:40:36+00:00\" \/>\n<meta property=\"article:modified_time\" content=\"2022-08-15T20:50:54+00:00\" \/>\n<meta property=\"og:image\" content=\"https:\/\/kulturonline.tv\/wp-content\/uploads\/2022\/08\/Kultur-Online-Tv-Ein-ganz-normaler-Tag.jpg\" \/>\n\t<meta property=\"og:image:width\" content=\"600\" \/>\n\t<meta property=\"og:image:height\" content=\"800\" \/>\n\t<meta property=\"og:image:type\" content=\"image\/jpeg\" \/>\n<meta name=\"author\" content=\"guenter.wolfgang\" \/>\n<meta name=\"twitter:card\" content=\"summary_large_image\" \/>\n<meta name=\"twitter:label1\" content=\"Verfasst von\" \/>\n\t<meta name=\"twitter:data1\" content=\"guenter.wolfgang\" \/>\n\t<meta name=\"twitter:label2\" content=\"Gesch\u00e4tzte Lesezeit\" \/>\n\t<meta name=\"twitter:data2\" content=\"1\u00a0Minute\" \/>\n<script type=\"application\/ld+json\" class=\"yoast-schema-graph\">{\"@context\":\"https:\/\/schema.org\",\"@graph\":[{\"@type\":\"Article\",\"@id\":\"https:\/\/kulturonline.tv\/de\/ein-ganz-normaler-tag\/#article\",\"isPartOf\":{\"@id\":\"https:\/\/kulturonline.tv\/de\/ein-ganz-normaler-tag\/\"},\"author\":{\"name\":\"guenter.wolfgang\",\"@id\":\"https:\/\/kulturonline.tv\/de\/#\/schema\/person\/b0fac729bb9a0c193fb1df23449df4fe\"},\"headline\":\"Ein ganz normaler Tag\",\"datePublished\":\"2022-08-15T20:40:36+00:00\",\"dateModified\":\"2022-08-15T20:50:54+00:00\",\"mainEntityOfPage\":{\"@id\":\"https:\/\/kulturonline.tv\/de\/ein-ganz-normaler-tag\/\"},\"wordCount\":104,\"publisher\":{\"@id\":\"https:\/\/kulturonline.tv\/de\/#organization\"},\"image\":{\"@id\":\"https:\/\/kulturonline.tv\/de\/ein-ganz-normaler-tag\/#primaryimage\"},\"thumbnailUrl\":\"https:\/\/kulturonline.tv\/wp-content\/uploads\/2022\/08\/Kultur-Online-Tv-Ein-ganz-normaler-Tag.jpg\",\"articleSection\":[\"Tipp- Filme im TV\"],\"inLanguage\":\"de\"},{\"@type\":\"WebPage\",\"@id\":\"https:\/\/kulturonline.tv\/de\/ein-ganz-normaler-tag\/\",\"url\":\"https:\/\/kulturonline.tv\/de\/ein-ganz-normaler-tag\/\",\"name\":\"Ein ganz normaler Tag - Kultur Online TV &amp; FM\",\"isPartOf\":{\"@id\":\"https:\/\/kulturonline.tv\/de\/#website\"},\"primaryImageOfPage\":{\"@id\":\"https:\/\/kulturonline.tv\/de\/ein-ganz-normaler-tag\/#primaryimage\"},\"image\":{\"@id\":\"https:\/\/kulturonline.tv\/de\/ein-ganz-normaler-tag\/#primaryimage\"},\"thumbnailUrl\":\"https:\/\/kulturonline.tv\/wp-content\/uploads\/2022\/08\/Kultur-Online-Tv-Ein-ganz-normaler-Tag.jpg\",\"datePublished\":\"2022-08-15T20:40:36+00:00\",\"dateModified\":\"2022-08-15T20:50:54+00:00\",\"description\":\"In einer Stra\u00dfenbahn pr\u00fcgeln zwei Jugendliche vor Zeugen einen schwarzen Fahrgast ins Koma. Die Verurteilung der T\u00e4ter scheint Formsache, bis einige der Belastungszeugen ihre Aussagen aus Angst und aufgrund von Bestechung zur\u00fcckziehen;\",\"breadcrumb\":{\"@id\":\"https:\/\/kulturonline.tv\/de\/ein-ganz-normaler-tag\/#breadcrumb\"},\"inLanguage\":\"de\",\"potentialAction\":[{\"@type\":\"ReadAction\",\"target\":[\"https:\/\/kulturonline.tv\/de\/ein-ganz-normaler-tag\/\"]}]},{\"@type\":\"ImageObject\",\"inLanguage\":\"de\",\"@id\":\"https:\/\/kulturonline.tv\/de\/ein-ganz-normaler-tag\/#primaryimage\",\"url\":\"https:\/\/kulturonline.tv\/wp-content\/uploads\/2022\/08\/Kultur-Online-Tv-Ein-ganz-normaler-Tag.jpg\",\"contentUrl\":\"https:\/\/kulturonline.tv\/wp-content\/uploads\/2022\/08\/Kultur-Online-Tv-Ein-ganz-normaler-Tag.jpg\",\"width\":600,\"height\":800},{\"@type\":\"BreadcrumbList\",\"@id\":\"https:\/\/kulturonline.tv\/de\/ein-ganz-normaler-tag\/#breadcrumb\",\"itemListElement\":[{\"@type\":\"ListItem\",\"position\":1,\"name\":\"Startseite\",\"item\":\"https:\/\/kulturonline.tv\/de\/\"},{\"@type\":\"ListItem\",\"position\":2,\"name\":\"Ein ganz normaler Tag\"}]},{\"@type\":\"WebSite\",\"@id\":\"https:\/\/kulturonline.tv\/de\/#website\",\"url\":\"https:\/\/kulturonline.tv\/de\/\",\"name\":\"Kultur Online TV &amp; FM\",\"description\":\"Wir sind Kultur 2.0 zum sehen &amp; h\u00f6ren\",\"publisher\":{\"@id\":\"https:\/\/kulturonline.tv\/de\/#organization\"},\"potentialAction\":[{\"@type\":\"SearchAction\",\"target\":{\"@type\":\"EntryPoint\",\"urlTemplate\":\"https:\/\/kulturonline.tv\/de\/?s={search_term_string}\"},\"query-input\":{\"@type\":\"PropertyValueSpecification\",\"valueRequired\":true,\"valueName\":\"search_term_string\"}}],\"inLanguage\":\"de\"},{\"@type\":\"Organization\",\"@id\":\"https:\/\/kulturonline.tv\/de\/#organization\",\"name\":\"Kultur Online TV\",\"url\":\"https:\/\/kulturonline.tv\/de\/\",\"logo\":{\"@type\":\"ImageObject\",\"inLanguage\":\"de\",\"@id\":\"https:\/\/kulturonline.tv\/de\/#\/schema\/logo\/image\/\",\"url\":\"https:\/\/kulturonline.tv\/wp-content\/uploads\/2021\/08\/Kultur-Online-Tv-Logo-Endversion-neu.png\",\"contentUrl\":\"https:\/\/kulturonline.tv\/wp-content\/uploads\/2021\/08\/Kultur-Online-Tv-Logo-Endversion-neu.png\",\"width\":200,\"height\":200,\"caption\":\"Kultur Online TV\"},\"image\":{\"@id\":\"https:\/\/kulturonline.tv\/de\/#\/schema\/logo\/image\/\"},\"sameAs\":[\"https:\/\/www.facebook.com\/kulturonline.tv\",\"https:\/\/www.instagram.com\/kulturonline.tv\"]},{\"@type\":\"Person\",\"@id\":\"https:\/\/kulturonline.tv\/de\/#\/schema\/person\/b0fac729bb9a0c193fb1df23449df4fe\",\"name\":\"guenter.wolfgang\"}]}<\/script>\n<!-- \/ Yoast SEO plugin. -->","yoast_head_json":{"title":"Ein ganz normaler Tag - Kultur Online TV &amp; FM","description":"In einer Stra\u00dfenbahn pr\u00fcgeln zwei Jugendliche vor Zeugen einen schwarzen Fahrgast ins Koma. Die Verurteilung der T\u00e4ter scheint Formsache, bis einige der Belastungszeugen ihre Aussagen aus Angst und aufgrund von Bestechung zur\u00fcckziehen;","robots":{"index":"index","follow":"follow","max-snippet":"max-snippet:-1","max-image-preview":"max-image-preview:large","max-video-preview":"max-video-preview:-1"},"canonical":"https:\/\/kulturonline.tv\/de\/ein-ganz-normaler-tag\/","og_locale":"de_DE","og_type":"article","og_title":"Ein ganz normaler Tag - Kultur Online TV &amp; FM","og_description":"In einer Stra\u00dfenbahn pr\u00fcgeln zwei Jugendliche vor Zeugen einen schwarzen Fahrgast ins Koma. Die Verurteilung der T\u00e4ter scheint Formsache, bis einige der Belastungszeugen ihre Aussagen aus Angst und aufgrund von Bestechung zur\u00fcckziehen;","og_url":"https:\/\/kulturonline.tv\/de\/ein-ganz-normaler-tag\/","og_site_name":"Kultur Online TV &amp; FM","article_publisher":"https:\/\/www.facebook.com\/kulturonline.tv","article_published_time":"2022-08-15T20:40:36+00:00","article_modified_time":"2022-08-15T20:50:54+00:00","og_image":[{"width":600,"height":800,"url":"https:\/\/kulturonline.tv\/wp-content\/uploads\/2022\/08\/Kultur-Online-Tv-Ein-ganz-normaler-Tag.jpg","type":"image\/jpeg"}],"author":"guenter.wolfgang","twitter_card":"summary_large_image","twitter_misc":{"Verfasst von":"guenter.wolfgang","Gesch\u00e4tzte Lesezeit":"1\u00a0Minute"},"schema":{"@context":"https:\/\/schema.org","@graph":[{"@type":"Article","@id":"https:\/\/kulturonline.tv\/de\/ein-ganz-normaler-tag\/#article","isPartOf":{"@id":"https:\/\/kulturonline.tv\/de\/ein-ganz-normaler-tag\/"},"author":{"name":"guenter.wolfgang","@id":"https:\/\/kulturonline.tv\/de\/#\/schema\/person\/b0fac729bb9a0c193fb1df23449df4fe"},"headline":"Ein ganz normaler Tag","datePublished":"2022-08-15T20:40:36+00:00","dateModified":"2022-08-15T20:50:54+00:00","mainEntityOfPage":{"@id":"https:\/\/kulturonline.tv\/de\/ein-ganz-normaler-tag\/"},"wordCount":104,"publisher":{"@id":"https:\/\/kulturonline.tv\/de\/#organization"},"image":{"@id":"https:\/\/kulturonline.tv\/de\/ein-ganz-normaler-tag\/#primaryimage"},"thumbnailUrl":"https:\/\/kulturonline.tv\/wp-content\/uploads\/2022\/08\/Kultur-Online-Tv-Ein-ganz-normaler-Tag.jpg","articleSection":["Tipp- Filme im TV"],"inLanguage":"de"},{"@type":"WebPage","@id":"https:\/\/kulturonline.tv\/de\/ein-ganz-normaler-tag\/","url":"https:\/\/kulturonline.tv\/de\/ein-ganz-normaler-tag\/","name":"Ein ganz normaler Tag - Kultur Online TV &amp; FM","isPartOf":{"@id":"https:\/\/kulturonline.tv\/de\/#website"},"primaryImageOfPage":{"@id":"https:\/\/kulturonline.tv\/de\/ein-ganz-normaler-tag\/#primaryimage"},"image":{"@id":"https:\/\/kulturonline.tv\/de\/ein-ganz-normaler-tag\/#primaryimage"},"thumbnailUrl":"https:\/\/kulturonline.tv\/wp-content\/uploads\/2022\/08\/Kultur-Online-Tv-Ein-ganz-normaler-Tag.jpg","datePublished":"2022-08-15T20:40:36+00:00","dateModified":"2022-08-15T20:50:54+00:00","description":"In einer Stra\u00dfenbahn pr\u00fcgeln zwei Jugendliche vor Zeugen einen schwarzen Fahrgast ins Koma. Die Verurteilung der T\u00e4ter scheint Formsache, bis einige der Belastungszeugen ihre Aussagen aus Angst und aufgrund von Bestechung zur\u00fcckziehen;","breadcrumb":{"@id":"https:\/\/kulturonline.tv\/de\/ein-ganz-normaler-tag\/#breadcrumb"},"inLanguage":"de","potentialAction":[{"@type":"ReadAction","target":["https:\/\/kulturonline.tv\/de\/ein-ganz-normaler-tag\/"]}]},{"@type":"ImageObject","inLanguage":"de","@id":"https:\/\/kulturonline.tv\/de\/ein-ganz-normaler-tag\/#primaryimage","url":"https:\/\/kulturonline.tv\/wp-content\/uploads\/2022\/08\/Kultur-Online-Tv-Ein-ganz-normaler-Tag.jpg","contentUrl":"https:\/\/kulturonline.tv\/wp-content\/uploads\/2022\/08\/Kultur-Online-Tv-Ein-ganz-normaler-Tag.jpg","width":600,"height":800},{"@type":"BreadcrumbList","@id":"https:\/\/kulturonline.tv\/de\/ein-ganz-normaler-tag\/#breadcrumb","itemListElement":[{"@type":"ListItem","position":1,"name":"Startseite","item":"https:\/\/kulturonline.tv\/de\/"},{"@type":"ListItem","position":2,"name":"Ein ganz normaler Tag"}]},{"@type":"WebSite","@id":"https:\/\/kulturonline.tv\/de\/#website","url":"https:\/\/kulturonline.tv\/de\/","name":"Kultur Online TV &amp; FM","description":"Wir sind Kultur 2.0 zum sehen &amp; h\u00f6ren","publisher":{"@id":"https:\/\/kulturonline.tv\/de\/#organization"},"potentialAction":[{"@type":"SearchAction","target":{"@type":"EntryPoint","urlTemplate":"https:\/\/kulturonline.tv\/de\/?s={search_term_string}"},"query-input":{"@type":"PropertyValueSpecification","valueRequired":true,"valueName":"search_term_string"}}],"inLanguage":"de"},{"@type":"Organization","@id":"https:\/\/kulturonline.tv\/de\/#organization","name":"Kultur Online TV","url":"https:\/\/kulturonline.tv\/de\/","logo":{"@type":"ImageObject","inLanguage":"de","@id":"https:\/\/kulturonline.tv\/de\/#\/schema\/logo\/image\/","url":"https:\/\/kulturonline.tv\/wp-content\/uploads\/2021\/08\/Kultur-Online-Tv-Logo-Endversion-neu.png","contentUrl":"https:\/\/kulturonline.tv\/wp-content\/uploads\/2021\/08\/Kultur-Online-Tv-Logo-Endversion-neu.png","width":200,"height":200,"caption":"Kultur Online TV"},"image":{"@id":"https:\/\/kulturonline.tv\/de\/#\/schema\/logo\/image\/"},"sameAs":["https:\/\/www.facebook.com\/kulturonline.tv","https:\/\/www.instagram.com\/kulturonline.tv"]},{"@type":"Person","@id":"https:\/\/kulturonline.tv\/de\/#\/schema\/person\/b0fac729bb9a0c193fb1df23449df4fe","name":"guenter.wolfgang"}]}},"_links":{"self":[{"href":"https:\/\/kulturonline.tv\/de\/wp-json\/wp\/v2\/posts\/33457","targetHints":{"allow":["GET"]}}],"collection":[{"href":"https:\/\/kulturonline.tv\/de\/wp-json\/wp\/v2\/posts"}],"about":[{"href":"https:\/\/kulturonline.tv\/de\/wp-json\/wp\/v2\/types\/post"}],"author":[{"embeddable":true,"href":"https:\/\/kulturonline.tv\/de\/wp-json\/wp\/v2\/users\/2"}],"replies":[{"embeddable":true,"href":"https:\/\/kulturonline.tv\/de\/wp-json\/wp\/v2\/comments?post=33457"}],"version-history":[{"count":0,"href":"https:\/\/kulturonline.tv\/de\/wp-json\/wp\/v2\/posts\/33457\/revisions"}],"wp:featuredmedia":[{"embeddable":true,"href":"https:\/\/kulturonline.tv\/de\/wp-json\/wp\/v2\/media\/33460"}],"wp:attachment":[{"href":"https:\/\/kulturonline.tv\/de\/wp-json\/wp\/v2\/media?parent=33457"}],"wp:term":[{"taxonomy":"category","embeddable":true,"href":"https:\/\/kulturonline.tv\/de\/wp-json\/wp\/v2\/categories?post=33457"},{"taxonomy":"post_tag","embeddable":true,"href":"https:\/\/kulturonline.tv\/de\/wp-json\/wp\/v2\/tags?post=33457"}],"curies":[{"name":"wp","href":"https:\/\/api.w.org\/{rel}","templated":true}]}}