{"id":35053,"date":"2022-08-25T22:17:01","date_gmt":"2022-08-25T20:17:01","guid":{"rendered":"https:\/\/kulturonline.tv\/?p=35053"},"modified":"2023-01-12T01:35:55","modified_gmt":"2023-01-12T00:35:55","slug":"das-sind-wir-blog-news","status":"publish","type":"post","link":"https:\/\/kulturonline.tv\/de\/das-sind-wir-blog-news\/","title":{"rendered":"Das sind wir Blog News"},"content":{"rendered":"<style>.elementor-widget-image .widget-image-caption{color:var( --e-global-color-text );font-family:var( --e-global-typography-text-font-family ), Sans-serif;font-weight:var( --e-global-typography-text-font-weight );}.elementor-widget-heading .elementor-heading-title{font-family:var( --e-global-typography-primary-font-family ), Sans-serif;font-weight:var( --e-global-typography-primary-font-weight );letter-spacing:var( --e-global-typography-primary-letter-spacing );color:var( --e-global-color-primary );}.elementor-35053 .elementor-element.elementor-element-924dd86 .elementor-heading-title{font-family:\"Roboto\", Sans-serif;font-size:40px;font-weight:500;letter-spacing:-0.4px;color:#0D0D0D;}.elementor-widget-text-editor{font-family:var( --e-global-typography-text-font-family ), Sans-serif;font-weight:var( --e-global-typography-text-font-weight );color:var( --e-global-color-text );}.elementor-widget-text-editor.elementor-drop-cap-view-stacked .elementor-drop-cap{background-color:var( --e-global-color-primary );}.elementor-widget-text-editor.elementor-drop-cap-view-framed .elementor-drop-cap, .elementor-widget-text-editor.elementor-drop-cap-view-default .elementor-drop-cap{color:var( --e-global-color-primary );border-color:var( --e-global-color-primary );}.elementor-35053 .elementor-element.elementor-element-dc82412{font-family:\"Roboto\", Sans-serif;font-size:19px;font-weight:400;}.elementor-35053 .elementor-element.elementor-element-7de7a54{--spacer-size:32px;}.elementor-widget-posts .elementor-button{background-color:var( --e-global-color-accent );font-family:var( --e-global-typography-accent-font-family ), Sans-serif;font-weight:var( --e-global-typography-accent-font-weight );}.elementor-widget-posts .elementor-post__title, .elementor-widget-posts .elementor-post__title a{color:var( --e-global-color-secondary );font-family:var( --e-global-typography-primary-font-family ), Sans-serif;font-weight:var( --e-global-typography-primary-font-weight );letter-spacing:var( --e-global-typography-primary-letter-spacing );}.elementor-widget-posts .elementor-post__meta-data{font-family:var( --e-global-typography-secondary-font-family ), Sans-serif;font-weight:var( --e-global-typography-secondary-font-weight );}.elementor-widget-posts .elementor-post__excerpt p{font-family:var( --e-global-typography-text-font-family ), Sans-serif;font-weight:var( --e-global-typography-text-font-weight );}.elementor-widget-posts .elementor-post__read-more{color:var( --e-global-color-accent );}.elementor-widget-posts a.elementor-post__read-more{font-family:var( --e-global-typography-accent-font-family ), Sans-serif;font-weight:var( --e-global-typography-accent-font-weight );}.elementor-widget-posts .elementor-post__card .elementor-post__badge{background-color:var( --e-global-color-accent );font-family:var( --e-global-typography-accent-font-family ), Sans-serif;font-weight:var( --e-global-typography-accent-font-weight );}.elementor-widget-posts .elementor-pagination{font-family:var( --e-global-typography-secondary-font-family ), Sans-serif;font-weight:var( --e-global-typography-secondary-font-weight );}.elementor-widget-posts .e-load-more-message{font-family:var( --e-global-typography-secondary-font-family ), Sans-serif;font-weight:var( --e-global-typography-secondary-font-weight );}.elementor-35053 .elementor-element.elementor-element-354affc{--grid-row-gap:35px;--grid-column-gap:30px;}.elementor-35053 .elementor-element.elementor-element-354affc .elementor-posts-container .elementor-post__thumbnail{padding-bottom:calc( 0.92 * 100% );}.elementor-35053 .elementor-element.elementor-element-354affc:after{content:\"0.92\";}.elementor-35053 .elementor-element.elementor-element-354affc .elementor-post__thumbnail__link{width:100%;}.elementor-35053 .elementor-element.elementor-element-354affc.elementor-posts--thumbnail-left .elementor-post__thumbnail__link{margin-right:20px;}.elementor-35053 .elementor-element.elementor-element-354affc.elementor-posts--thumbnail-right .elementor-post__thumbnail__link{margin-left:20px;}.elementor-35053 .elementor-element.elementor-element-354affc.elementor-posts--thumbnail-top .elementor-post__thumbnail__link{margin-bottom:20px;}.elementor-35053 .elementor-element.elementor-element-354affc .elementor-post__title, .elementor-35053 .elementor-element.elementor-element-354affc .elementor-post__title a{font-family:\"Open Sans\", Sans-serif;font-size:1.3rem;font-weight:600;letter-spacing:-0.4px;}.elementor-35053 .elementor-element.elementor-element-8f721d5{--spacer-size:50px;}.elementor-35053 .elementor-element.elementor-element-7b5b3f8{--spacer-size:50px;}.elementor-35053 .elementor-element.elementor-element-c30f4c4{--grid-row-gap:35px;--grid-column-gap:28px;}.elementor-35053 .elementor-element.elementor-element-c30f4c4 .elementor-posts-container .elementor-post__thumbnail{padding-bottom:calc( 0.92 * 100% );}.elementor-35053 .elementor-element.elementor-element-c30f4c4:after{content:\"0.92\";}.elementor-35053 .elementor-element.elementor-element-c30f4c4 .elementor-post__thumbnail__link{width:100%;}.elementor-35053 .elementor-element.elementor-element-c30f4c4 .elementor-post__meta-data span + span:before{content:\"\u2022\";}.elementor-35053 .elementor-element.elementor-element-c30f4c4 .elementor-post__text{margin-top:0px;}.elementor-35053 .elementor-element.elementor-element-c30f4c4 .elementor-post__title, .elementor-35053 .elementor-element.elementor-element-c30f4c4 .elementor-post__title a{font-family:\"Montserrat\", Sans-serif;font-size:1.3rem;font-weight:600;letter-spacing:-0.4px;}.elementor-35053 .elementor-element.elementor-element-c30f4c4 .elementor-post__title{margin-bottom:10px;}.elementor-35053 .elementor-element.elementor-element-c30f4c4 .elementor-post__excerpt p{font-family:\"Roboto\", Sans-serif;font-size:1rem;font-weight:400;}.elementor-35053 .elementor-element.elementor-element-c30f4c4 .elementor-post__excerpt{margin-bottom:5px;}.elementor-35053 .elementor-element.elementor-element-c8989de{--spacer-size:50px;}.elementor-35053 .elementor-element.elementor-element-4d5787b{--spacer-size:10px;}.elementor-35053 .elementor-element.elementor-element-e9a42a7{width:auto;max-width:auto;text-align:left;}.elementor-35053 .elementor-element.elementor-element-e9a42a7 .elementor-heading-title{font-family:\"Roboto\", Sans-serif;font-size:40px;font-weight:500;letter-spacing:-0.4px;color:var( --e-global-color-secondary );}.elementor-35053 .elementor-element.elementor-element-01632a2{--spacer-size:10px;}.elementor-35053 .elementor-element.elementor-element-6744879{--spacer-size:27px;}.elementor-35053 .elementor-element.elementor-element-7539409{--spacer-size:1px;}.elementor-35053 .elementor-element.elementor-element-ca65432{--spacer-size:1px;}@media(min-width:796px){.elementor-35053 .elementor-element.elementor-element-7eb3093{width:22.276%;}.elementor-35053 .elementor-element.elementor-element-4c72377{width:22.197%;}.elementor-35053 .elementor-element.elementor-element-5147155{width:22.276%;}.elementor-35053 .elementor-element.elementor-element-6a284b1{width:13.219%;}}@media(max-width:1024px){.elementor-widget-heading .elementor-heading-title{letter-spacing:var( --e-global-typography-primary-letter-spacing );}.elementor-widget-posts .elementor-post__title, .elementor-widget-posts .elementor-post__title a{letter-spacing:var( --e-global-typography-primary-letter-spacing );}}@media(max-width:795px){.elementor-widget-heading .elementor-heading-title{letter-spacing:var( --e-global-typography-primary-letter-spacing );}.elementor-widget-posts .elementor-post__title, .elementor-widget-posts .elementor-post__title a{letter-spacing:var( --e-global-typography-primary-letter-spacing );}.elementor-35053 .elementor-element.elementor-element-354affc .elementor-posts-container .elementor-post__thumbnail{padding-bottom:calc( 0.5 * 100% );}.elementor-35053 .elementor-element.elementor-element-354affc:after{content:\"0.5\";}.elementor-35053 .elementor-element.elementor-element-354affc .elementor-post__thumbnail__link{width:100%;}.elementor-35053 .elementor-element.elementor-element-c30f4c4 .elementor-posts-container .elementor-post__thumbnail{padding-bottom:calc( 0.7 * 100% );}.elementor-35053 .elementor-element.elementor-element-c30f4c4:after{content:\"0.7\";}.elementor-35053 .elementor-element.elementor-element-c30f4c4 .elementor-post__thumbnail__link{width:100%;}.elementor-35053 .elementor-element.elementor-element-c30f4c4 .elementor-post__title, .elementor-35053 .elementor-element.elementor-element-c30f4c4 .elementor-post__title a{font-size:18px;}.elementor-35053 .elementor-element.elementor-element-c30f4c4 .elementor-post__excerpt p{font-size:16px;}}\/* Start custom CSS for posts, class: .elementor-element-c30f4c4 *\/.elementor-35053 .elementor-element.elementor-element-c30f4c4 .elementor-post__text{\n    padding: 5px;\n}\/* End custom CSS *\/<\/style>\t\t<div data-elementor-type=\"wp-post\" data-elementor-id=\"35053\" class=\"elementor elementor-35053\" data-elementor-post-type=\"post\">\n\t\t\t\t\t\t<section class=\"elementor-section elementor-top-section elementor-element elementor-element-551cea4 elementor-section-boxed elementor-section-height-default elementor-section-height-default\" data-id=\"551cea4\" data-element_type=\"section\">\n\t\t\t\t\t\t<div class=\"elementor-container elementor-column-gap-default\">\n\t\t\t\t\t<div class=\"elementor-column elementor-col-66 elementor-top-column elementor-element elementor-element-034873f\" data-id=\"034873f\" data-element_type=\"column\">\n\t\t\t<div class=\"elementor-widget-wrap elementor-element-populated\">\n\t\t\t\t\t\t<section class=\"elementor-section elementor-inner-section elementor-element elementor-element-2c5e632 elementor-section-boxed elementor-section-height-default elementor-section-height-default\" data-id=\"2c5e632\" data-element_type=\"section\">\n\t\t\t\t\t\t<div class=\"elementor-container elementor-column-gap-default\">\n\t\t\t\t\t<div class=\"elementor-column elementor-col-100 elementor-inner-column elementor-element elementor-element-9413585\" data-id=\"9413585\" data-element_type=\"column\">\n\t\t\t<div class=\"elementor-widget-wrap elementor-element-populated\">\n\t\t\t\t\t\t<div class=\"elementor-element elementor-element-3b26912 elementor-widget elementor-widget-image\" data-id=\"3b26912\" data-element_type=\"widget\" data-widget_type=\"image.default\">\n\t\t\t\t<div class=\"elementor-widget-container\">\n\t\t\t\t\t\t\t\t\t\t\t\t\t\t\t<img fetchpriority=\"high\" decoding=\"async\" width=\"800\" height=\"451\" src=\"https:\/\/kulturonline.tv\/wp-content\/uploads\/2022\/08\/neu-1600x902.jpg\" class=\"attachment-large size-large wp-image-35855\" alt=\"\" srcset=\"https:\/\/kulturonline.tv\/wp-content\/uploads\/2022\/08\/neu-1600x902.jpg 1600w, https:\/\/kulturonline.tv\/wp-content\/uploads\/2022\/08\/neu-scaled-600x338.jpg 600w, https:\/\/kulturonline.tv\/wp-content\/uploads\/2022\/08\/neu-800x451.jpg 800w, https:\/\/kulturonline.tv\/wp-content\/uploads\/2022\/08\/neu-768x433.jpg 768w, https:\/\/kulturonline.tv\/wp-content\/uploads\/2022\/08\/neu-1536x866.jpg 1536w, https:\/\/kulturonline.tv\/wp-content\/uploads\/2022\/08\/neu-2048x1155.jpg 2048w\" sizes=\"(max-width: 800px) 100vw, 800px\" \/>\t\t\t\t\t\t\t\t\t\t\t\t\t\t\t<\/div>\n\t\t\t\t<\/div>\n\t\t\t\t<div class=\"elementor-element elementor-element-924dd86 elementor-widget elementor-widget-heading\" data-id=\"924dd86\" data-element_type=\"widget\" data-widget_type=\"heading.default\">\n\t\t\t\t<div class=\"elementor-widget-container\">\n\t\t\t\t\t<h2 class=\"elementor-heading-title elementor-size-default\">Wir halten unsere User am laufenden<\/h2>\t\t\t\t<\/div>\n\t\t\t\t<\/div>\n\t\t\t\t<div class=\"elementor-element elementor-element-dc82412 elementor-widget elementor-widget-text-editor\" data-id=\"dc82412\" data-element_type=\"widget\" data-widget_type=\"text-editor.default\">\n\t\t\t\t<div class=\"elementor-widget-container\">\n\t\t\t\t\t\t\t\t\t<p>In diesem Blogpost&nbsp;geben&nbsp;<em>wir<\/em>&nbsp;eine \u00dcbersicht \u00fcber unsere Arbeiten&nbsp;<\/p>\t\t\t\t\t\t\t\t<\/div>\n\t\t\t\t<\/div>\n\t\t\t\t<div class=\"elementor-element elementor-element-0bd0f3e elementor-widget elementor-widget-html\" data-id=\"0bd0f3e\" data-element_type=\"widget\" data-widget_type=\"html.default\">\n\t\t\t\t<div class=\"elementor-widget-container\">\n\t\t\t\t\t<a href=\"https:\/\/t.adcell.com\/p\/click?promoId=204123&slotId=98564\" target=\"_blank\" >\r\n    <img decoding=\"async\" src=\"https:\/\/t.adcell.com\/p\/image?promoId=204123&slotId=98564\" width=\"880\" height=\"250\" border=\"0\" alt=\"blankroast.de\" \/>\r\n<\/a>\t\t\t\t<\/div>\n\t\t\t\t<\/div>\n\t\t\t\t<div class=\"elementor-element elementor-element-7de7a54 elementor-widget elementor-widget-spacer\" data-id=\"7de7a54\" data-element_type=\"widget\" data-widget_type=\"spacer.default\">\n\t\t\t\t<div class=\"elementor-widget-container\">\n\t\t\t\t\t\t\t<div class=\"elementor-spacer\">\n\t\t\t<div class=\"elementor-spacer-inner\"><\/div>\n\t\t<\/div>\n\t\t\t\t\t\t<\/div>\n\t\t\t\t<\/div>\n\t\t\t\t<div class=\"elementor-element elementor-element-354affc elementor-grid-3 elementor-grid-tablet-2 elementor-grid-mobile-1 elementor-posts--thumbnail-top elementor-widget elementor-widget-posts\" data-id=\"354affc\" data-element_type=\"widget\" data-settings=\"{&quot;classic_columns&quot;:&quot;3&quot;,&quot;classic_columns_tablet&quot;:&quot;2&quot;,&quot;classic_columns_mobile&quot;:&quot;1&quot;,&quot;classic_row_gap&quot;:{&quot;unit&quot;:&quot;px&quot;,&quot;size&quot;:35,&quot;sizes&quot;:[]},&quot;classic_row_gap_tablet&quot;:{&quot;unit&quot;:&quot;px&quot;,&quot;size&quot;:&quot;&quot;,&quot;sizes&quot;:[]},&quot;classic_row_gap_mobile&quot;:{&quot;unit&quot;:&quot;px&quot;,&quot;size&quot;:&quot;&quot;,&quot;sizes&quot;:[]}}\" data-widget_type=\"posts.classic\">\n\t\t\t\t<div class=\"elementor-widget-container\">\n\t\t\t\t\t\t\t<div class=\"elementor-posts-container elementor-posts elementor-posts--skin-classic elementor-grid\" role=\"list\">\n\t\t\t\t<article class=\"elementor-post elementor-grid-item post-68642 post type-post status-publish format-standard has-post-thumbnail hentry category-blog-news-ueber-uns\" role=\"listitem\">\n\t\t\t\t<a class=\"elementor-post__thumbnail__link\" href=\"https:\/\/kulturonline.tv\/de\/wir-freuen-uns-auf-eine-weitere-neue-partnerschaft-mit-dem-gleisgarten-wien\/\" tabindex=\"-1\" >\n\t\t\t<div class=\"elementor-post__thumbnail\"><img decoding=\"async\" width=\"1600\" height=\"1067\" src=\"https:\/\/kulturonline.tv\/wp-content\/uploads\/2023\/12\/Gleisgarten.jpg\" class=\"attachment-full size-full wp-image-68643\" alt=\"\" srcset=\"https:\/\/kulturonline.tv\/wp-content\/uploads\/2023\/12\/Gleisgarten.jpg 1600w, https:\/\/kulturonline.tv\/wp-content\/uploads\/2023\/12\/Gleisgarten-800x534.jpg 800w, https:\/\/kulturonline.tv\/wp-content\/uploads\/2023\/12\/Gleisgarten-768x512.jpg 768w, https:\/\/kulturonline.tv\/wp-content\/uploads\/2023\/12\/Gleisgarten-1536x1024.jpg 1536w, https:\/\/kulturonline.tv\/wp-content\/uploads\/2023\/12\/Gleisgarten-600x400.jpg 600w\" sizes=\"(max-width: 1600px) 100vw, 1600px\" \/><\/div>\n\t\t<\/a>\n\t\t\t\t<div class=\"elementor-post__text\">\n\t\t\t\t<h2 class=\"elementor-post__title\">\n\t\t\t<a href=\"https:\/\/kulturonline.tv\/de\/wir-freuen-uns-auf-eine-weitere-neue-partnerschaft-mit-dem-gleisgarten-wien\/\" >\n\t\t\t\tWir freuen uns auf eine weitere neue Partnerschaft mit dem Gleisgarten Wien\t\t\t<\/a>\n\t\t<\/h2>\n\t\t\t\t<\/div>\n\t\t\t\t<\/article>\n\t\t\t\t<article class=\"elementor-post elementor-grid-item post-67882 post type-post status-publish format-standard has-post-thumbnail hentry category-blog-news-ueber-uns\" role=\"listitem\">\n\t\t\t\t<a class=\"elementor-post__thumbnail__link\" href=\"https:\/\/kulturonline.tv\/de\/kultur-online-fm-eine-partnerschaft-fuer-mehr-reichweite\/\" tabindex=\"-1\" >\n\t\t\t<div class=\"elementor-post__thumbnail\"><img loading=\"lazy\" decoding=\"async\" width=\"1640\" height=\"924\" src=\"https:\/\/kulturonline.tv\/wp-content\/uploads\/2023\/11\/kultur-online-fm-1.jpg\" class=\"attachment-full size-full wp-image-67889\" alt=\"\" srcset=\"https:\/\/kulturonline.tv\/wp-content\/uploads\/2023\/11\/kultur-online-fm-1.jpg 1640w, https:\/\/kulturonline.tv\/wp-content\/uploads\/2023\/11\/kultur-online-fm-1-800x451.jpg 800w, https:\/\/kulturonline.tv\/wp-content\/uploads\/2023\/11\/kultur-online-fm-1-1600x901.jpg 1600w, https:\/\/kulturonline.tv\/wp-content\/uploads\/2023\/11\/kultur-online-fm-1-768x433.jpg 768w, https:\/\/kulturonline.tv\/wp-content\/uploads\/2023\/11\/kultur-online-fm-1-1536x865.jpg 1536w, https:\/\/kulturonline.tv\/wp-content\/uploads\/2023\/11\/kultur-online-fm-1-600x338.jpg 600w\" sizes=\"(max-width: 1640px) 100vw, 1640px\" \/><\/div>\n\t\t<\/a>\n\t\t\t\t<div class=\"elementor-post__text\">\n\t\t\t\t<h2 class=\"elementor-post__title\">\n\t\t\t<a href=\"https:\/\/kulturonline.tv\/de\/kultur-online-fm-eine-partnerschaft-fuer-mehr-reichweite\/\" >\n\t\t\t\tKultur Online FM: Eine Partnerschaft f\u00fcr mehr Reichweite\t\t\t<\/a>\n\t\t<\/h2>\n\t\t\t\t<\/div>\n\t\t\t\t<\/article>\n\t\t\t\t<article class=\"elementor-post elementor-grid-item post-67870 post type-post status-publish format-standard has-post-thumbnail hentry category-blog-news-ueber-uns\" role=\"listitem\">\n\t\t\t\t<a class=\"elementor-post__thumbnail__link\" href=\"https:\/\/kulturonline.tv\/de\/kultur-online-fm-ist-wieder-unterwegs\/\" tabindex=\"-1\" >\n\t\t\t<div class=\"elementor-post__thumbnail\"><img loading=\"lazy\" decoding=\"async\" width=\"1920\" height=\"1080\" src=\"https:\/\/kulturonline.tv\/wp-content\/uploads\/2021\/10\/KTV.jpg\" class=\"attachment-full size-full wp-image-67655\" alt=\"\" srcset=\"https:\/\/kulturonline.tv\/wp-content\/uploads\/2021\/10\/KTV.jpg 1920w, https:\/\/kulturonline.tv\/wp-content\/uploads\/2021\/10\/KTV-800x450.jpg 800w, https:\/\/kulturonline.tv\/wp-content\/uploads\/2021\/10\/KTV-1600x900.jpg 1600w, https:\/\/kulturonline.tv\/wp-content\/uploads\/2021\/10\/KTV-768x432.jpg 768w, https:\/\/kulturonline.tv\/wp-content\/uploads\/2021\/10\/KTV-1536x864.jpg 1536w, https:\/\/kulturonline.tv\/wp-content\/uploads\/2021\/10\/KTV-600x338.jpg 600w\" sizes=\"(max-width: 1920px) 100vw, 1920px\" \/><\/div>\n\t\t<\/a>\n\t\t\t\t<div class=\"elementor-post__text\">\n\t\t\t\t<h2 class=\"elementor-post__title\">\n\t\t\t<a href=\"https:\/\/kulturonline.tv\/de\/kultur-online-fm-ist-wieder-unterwegs\/\" >\n\t\t\t\tKultur Online FM unterwegs\t\t\t<\/a>\n\t\t<\/h2>\n\t\t\t\t<\/div>\n\t\t\t\t<\/article>\n\t\t\t\t<article class=\"elementor-post elementor-grid-item post-67426 post type-post status-publish format-standard has-post-thumbnail hentry category-blog-news-ueber-uns\" role=\"listitem\">\n\t\t\t\t<a class=\"elementor-post__thumbnail__link\" href=\"https:\/\/kulturonline.tv\/de\/redesign-seiten-im-neuen-look\/\" tabindex=\"-1\" >\n\t\t\t<div class=\"elementor-post__thumbnail\"><img loading=\"lazy\" decoding=\"async\" width=\"1920\" height=\"1080\" src=\"https:\/\/kulturonline.tv\/wp-content\/uploads\/2023\/11\/Kultur-Online-TV.jpg\" class=\"attachment-full size-full wp-image-67429\" alt=\"\" srcset=\"https:\/\/kulturonline.tv\/wp-content\/uploads\/2023\/11\/Kultur-Online-TV.jpg 1920w, https:\/\/kulturonline.tv\/wp-content\/uploads\/2023\/11\/Kultur-Online-TV-800x450.jpg 800w, https:\/\/kulturonline.tv\/wp-content\/uploads\/2023\/11\/Kultur-Online-TV-1600x900.jpg 1600w, https:\/\/kulturonline.tv\/wp-content\/uploads\/2023\/11\/Kultur-Online-TV-768x432.jpg 768w, https:\/\/kulturonline.tv\/wp-content\/uploads\/2023\/11\/Kultur-Online-TV-1536x864.jpg 1536w, https:\/\/kulturonline.tv\/wp-content\/uploads\/2023\/11\/Kultur-Online-TV-600x338.jpg 600w\" sizes=\"(max-width: 1920px) 100vw, 1920px\" \/><\/div>\n\t\t<\/a>\n\t\t\t\t<div class=\"elementor-post__text\">\n\t\t\t\t<h2 class=\"elementor-post__title\">\n\t\t\t<a href=\"https:\/\/kulturonline.tv\/de\/redesign-seiten-im-neuen-look\/\" >\n\t\t\t\tRedesign-Seiten im neuen Look!\t\t\t<\/a>\n\t\t<\/h2>\n\t\t\t\t<\/div>\n\t\t\t\t<\/article>\n\t\t\t\t<article class=\"elementor-post elementor-grid-item post-67383 post type-post status-publish format-standard has-post-thumbnail hentry category-radio-news-aktuell category-blog-news-ueber-uns\" role=\"listitem\">\n\t\t\t\t<a class=\"elementor-post__thumbnail__link\" href=\"https:\/\/kulturonline.tv\/de\/audio-neues-sendeformat-culture-flash\/\" tabindex=\"-1\" >\n\t\t\t<div class=\"elementor-post__thumbnail\"><img loading=\"lazy\" decoding=\"async\" width=\"1920\" height=\"1080\" src=\"https:\/\/kulturonline.tv\/wp-content\/uploads\/2023\/11\/Culture-Flash-Kultur-Online-TV-FM.jpg\" class=\"attachment-full size-full wp-image-67384\" alt=\"\" srcset=\"https:\/\/kulturonline.tv\/wp-content\/uploads\/2023\/11\/Culture-Flash-Kultur-Online-TV-FM.jpg 1920w, https:\/\/kulturonline.tv\/wp-content\/uploads\/2023\/11\/Culture-Flash-Kultur-Online-TV-FM-800x450.jpg 800w, https:\/\/kulturonline.tv\/wp-content\/uploads\/2023\/11\/Culture-Flash-Kultur-Online-TV-FM-1600x900.jpg 1600w, https:\/\/kulturonline.tv\/wp-content\/uploads\/2023\/11\/Culture-Flash-Kultur-Online-TV-FM-768x432.jpg 768w, https:\/\/kulturonline.tv\/wp-content\/uploads\/2023\/11\/Culture-Flash-Kultur-Online-TV-FM-1536x864.jpg 1536w, https:\/\/kulturonline.tv\/wp-content\/uploads\/2023\/11\/Culture-Flash-Kultur-Online-TV-FM-600x338.jpg 600w\" sizes=\"(max-width: 1920px) 100vw, 1920px\" \/><\/div>\n\t\t<\/a>\n\t\t\t\t<div class=\"elementor-post__text\">\n\t\t\t\t<h2 class=\"elementor-post__title\">\n\t\t\t<a href=\"https:\/\/kulturonline.tv\/de\/audio-neues-sendeformat-culture-flash\/\" >\n\t\t\t\tAUDIO . Neues Sendeformat Culture Flash\t\t\t<\/a>\n\t\t<\/h2>\n\t\t\t\t<\/div>\n\t\t\t\t<\/article>\n\t\t\t\t<article class=\"elementor-post elementor-grid-item post-60774 post type-post status-publish format-standard has-post-thumbnail hentry category-blog-news-ueber-uns\" role=\"listitem\">\n\t\t\t\t<a class=\"elementor-post__thumbnail__link\" href=\"https:\/\/kulturonline.tv\/de\/mystische-kraftorte-in-bayern\/\" tabindex=\"-1\" >\n\t\t\t<div class=\"elementor-post__thumbnail\"><img loading=\"lazy\" decoding=\"async\" width=\"768\" height=\"432\" src=\"https:\/\/kulturonline.tv\/wp-content\/uploads\/2023\/08\/300480559-martin-both-2uPJPbss2t70.jpg\" class=\"attachment-full size-full wp-image-60775\" alt=\"\" srcset=\"https:\/\/kulturonline.tv\/wp-content\/uploads\/2023\/08\/300480559-martin-both-2uPJPbss2t70.jpg 768w, https:\/\/kulturonline.tv\/wp-content\/uploads\/2023\/08\/300480559-martin-both-2uPJPbss2t70-600x338.jpg 600w\" sizes=\"(max-width: 768px) 100vw, 768px\" \/><\/div>\n\t\t<\/a>\n\t\t\t\t<div class=\"elementor-post__text\">\n\t\t\t\t<h2 class=\"elementor-post__title\">\n\t\t\t<a href=\"https:\/\/kulturonline.tv\/de\/mystische-kraftorte-in-bayern\/\" >\n\t\t\t\tIm Gespr\u00e4ch mit Autor Martin Both \u00fcber sein neues Buch Mystische Kraftorte in Bayern\t\t\t<\/a>\n\t\t<\/h2>\n\t\t\t\t<\/div>\n\t\t\t\t<\/article>\n\t\t\t\t<article class=\"elementor-post elementor-grid-item post-58961 post type-post status-publish format-standard has-post-thumbnail hentry category-news-ueber-uns category-blog-news-ueber-uns\" role=\"listitem\">\n\t\t\t\t<a class=\"elementor-post__thumbnail__link\" href=\"https:\/\/kulturonline.tv\/de\/wir-waren-wieder-unterwegs-am-flaniermarkt-in-der-neubaugasse-wien\/\" tabindex=\"-1\" >\n\t\t\t<div class=\"elementor-post__thumbnail\"><img loading=\"lazy\" decoding=\"async\" width=\"2560\" height=\"1920\" src=\"https:\/\/kulturonline.tv\/wp-content\/uploads\/2023\/05\/mi-scaled.jpg\" class=\"attachment-full size-full wp-image-58976\" alt=\"\" srcset=\"https:\/\/kulturonline.tv\/wp-content\/uploads\/2023\/05\/mi-scaled.jpg 2560w, https:\/\/kulturonline.tv\/wp-content\/uploads\/2023\/05\/mi-800x600.jpg 800w, https:\/\/kulturonline.tv\/wp-content\/uploads\/2023\/05\/mi-1600x1200.jpg 1600w, https:\/\/kulturonline.tv\/wp-content\/uploads\/2023\/05\/mi-768x576.jpg 768w, https:\/\/kulturonline.tv\/wp-content\/uploads\/2023\/05\/mi-1536x1152.jpg 1536w, https:\/\/kulturonline.tv\/wp-content\/uploads\/2023\/05\/mi-2048x1536.jpg 2048w, https:\/\/kulturonline.tv\/wp-content\/uploads\/2023\/05\/mi-600x450.jpg 600w\" sizes=\"(max-width: 2560px) 100vw, 2560px\" \/><\/div>\n\t\t<\/a>\n\t\t\t\t<div class=\"elementor-post__text\">\n\t\t\t\t<h2 class=\"elementor-post__title\">\n\t\t\t<a href=\"https:\/\/kulturonline.tv\/de\/wir-waren-wieder-unterwegs-am-flaniermarkt-in-der-neubaugasse-wien\/\" >\n\t\t\t\tWir waren wieder unterwegs am Flaniermarkt in der Neubaugasse Wien\t\t\t<\/a>\n\t\t<\/h2>\n\t\t\t\t<\/div>\n\t\t\t\t<\/article>\n\t\t\t\t<article class=\"elementor-post elementor-grid-item post-58824 post type-post status-publish format-standard has-post-thumbnail hentry category-news-ueber-uns category-blog-news-ueber-uns\" role=\"listitem\">\n\t\t\t\t<a class=\"elementor-post__thumbnail__link\" href=\"https:\/\/kulturonline.tv\/de\/wir-sind-wieder-unterwegs-am-flaniermarkt-in-der-neubaugasse-wien\/\" tabindex=\"-1\" >\n\t\t\t<div class=\"elementor-post__thumbnail\"><img loading=\"lazy\" decoding=\"async\" width=\"1586\" height=\"898\" src=\"https:\/\/kulturonline.tv\/wp-content\/uploads\/2023\/04\/Flaniermarkt-2023-Kultur-Online-TV.png\" class=\"attachment-full size-full wp-image-58827\" alt=\"\" srcset=\"https:\/\/kulturonline.tv\/wp-content\/uploads\/2023\/04\/Flaniermarkt-2023-Kultur-Online-TV.png 1586w, https:\/\/kulturonline.tv\/wp-content\/uploads\/2023\/04\/Flaniermarkt-2023-Kultur-Online-TV-800x453.png 800w, https:\/\/kulturonline.tv\/wp-content\/uploads\/2023\/04\/Flaniermarkt-2023-Kultur-Online-TV-768x435.png 768w, https:\/\/kulturonline.tv\/wp-content\/uploads\/2023\/04\/Flaniermarkt-2023-Kultur-Online-TV-1536x870.png 1536w, https:\/\/kulturonline.tv\/wp-content\/uploads\/2023\/04\/Flaniermarkt-2023-Kultur-Online-TV-600x340.png 600w\" sizes=\"(max-width: 1586px) 100vw, 1586px\" \/><\/div>\n\t\t<\/a>\n\t\t\t\t<div class=\"elementor-post__text\">\n\t\t\t\t<h2 class=\"elementor-post__title\">\n\t\t\t<a href=\"https:\/\/kulturonline.tv\/de\/wir-sind-wieder-unterwegs-am-flaniermarkt-in-der-neubaugasse-wien\/\" >\n\t\t\t\tWir sind wieder unterwegs am Flaniermarkt in der Neubaugasse Wien\t\t\t<\/a>\n\t\t<\/h2>\n\t\t\t\t<\/div>\n\t\t\t\t<\/article>\n\t\t\t\t<article class=\"elementor-post elementor-grid-item post-48843 post type-post status-publish format-standard has-post-thumbnail hentry category-blog-news-ueber-uns\" role=\"listitem\">\n\t\t\t\t<a class=\"elementor-post__thumbnail__link\" href=\"https:\/\/kulturonline.tv\/de\/im-gespraech-mit-musiker-modest-oda\/\" tabindex=\"-1\" >\n\t\t\t<div class=\"elementor-post__thumbnail\"><img loading=\"lazy\" decoding=\"async\" width=\"1440\" height=\"810\" src=\"https:\/\/kulturonline.tv\/wp-content\/uploads\/2023\/02\/Modest-Oda.webp\" class=\"attachment-full size-full wp-image-48841\" alt=\"\" srcset=\"https:\/\/kulturonline.tv\/wp-content\/uploads\/2023\/02\/Modest-Oda.webp 1440w, https:\/\/kulturonline.tv\/wp-content\/uploads\/2023\/02\/Modest-Oda-800x450.webp 800w, https:\/\/kulturonline.tv\/wp-content\/uploads\/2023\/02\/Modest-Oda-768x432.webp 768w, https:\/\/kulturonline.tv\/wp-content\/uploads\/2023\/02\/Modest-Oda-600x338.webp 600w\" sizes=\"(max-width: 1440px) 100vw, 1440px\" \/><\/div>\n\t\t<\/a>\n\t\t\t\t<div class=\"elementor-post__text\">\n\t\t\t\t<h2 class=\"elementor-post__title\">\n\t\t\t<a href=\"https:\/\/kulturonline.tv\/de\/im-gespraech-mit-musiker-modest-oda\/\" >\n\t\t\t\tNeue Single \u201eNew Heart&#8220; des \u00f6sterreichischen Musiker Modest Oda\u00a0\t\t\t<\/a>\n\t\t<\/h2>\n\t\t\t\t<\/div>\n\t\t\t\t<\/article>\n\t\t\t\t<\/div>\n\t\t\n\t\t\t\t\t\t<\/div>\n\t\t\t\t<\/div>\n\t\t\t\t<div class=\"elementor-element elementor-element-8f721d5 elementor-widget elementor-widget-spacer\" data-id=\"8f721d5\" data-element_type=\"widget\" data-widget_type=\"spacer.default\">\n\t\t\t\t<div class=\"elementor-widget-container\">\n\t\t\t\t\t\t\t<div class=\"elementor-spacer\">\n\t\t\t<div class=\"elementor-spacer-inner\"><\/div>\n\t\t<\/div>\n\t\t\t\t\t\t<\/div>\n\t\t\t\t<\/div>\n\t\t\t\t<div class=\"elementor-element elementor-element-31b0775 elementor-widget elementor-widget-html\" data-id=\"31b0775\" data-element_type=\"widget\" data-widget_type=\"html.default\">\n\t\t\t\t<div class=\"elementor-widget-container\">\n\t\t\t\t\t<a href=\"https:\/\/t.adcell.com\/p\/click?promoId=311807&slotId=98564\" target=\"_blank\" >\r\n    <img loading=\"lazy\" decoding=\"async\" src=\"https:\/\/t.adcell.com\/p\/image?promoId=311807&slotId=98564\" width=\"928\" height=\"90\" border=\"0\" alt=\"Verwoehnwochenende\" \/>\r\n<\/a>\t\t\t\t<\/div>\n\t\t\t\t<\/div>\n\t\t\t\t<div class=\"elementor-element elementor-element-7b5b3f8 elementor-widget elementor-widget-spacer\" data-id=\"7b5b3f8\" data-element_type=\"widget\" data-widget_type=\"spacer.default\">\n\t\t\t\t<div class=\"elementor-widget-container\">\n\t\t\t\t\t\t\t<div class=\"elementor-spacer\">\n\t\t\t<div class=\"elementor-spacer-inner\"><\/div>\n\t\t<\/div>\n\t\t\t\t\t\t<\/div>\n\t\t\t\t<\/div>\n\t\t\t\t<div class=\"elementor-element elementor-element-c30f4c4 elementor-grid-3 elementor-grid-tablet-2 elementor-grid-mobile-1 elementor-posts--thumbnail-top elementor-card-shadow-yes elementor-posts__hover-gradient elementor-widget elementor-widget-posts\" data-id=\"c30f4c4\" data-element_type=\"widget\" data-settings=\"{&quot;cards_columns&quot;:&quot;3&quot;,&quot;cards_columns_tablet&quot;:&quot;2&quot;,&quot;cards_columns_mobile&quot;:&quot;1&quot;,&quot;cards_row_gap&quot;:{&quot;unit&quot;:&quot;px&quot;,&quot;size&quot;:35,&quot;sizes&quot;:[]},&quot;cards_row_gap_tablet&quot;:{&quot;unit&quot;:&quot;px&quot;,&quot;size&quot;:&quot;&quot;,&quot;sizes&quot;:[]},&quot;cards_row_gap_mobile&quot;:{&quot;unit&quot;:&quot;px&quot;,&quot;size&quot;:&quot;&quot;,&quot;sizes&quot;:[]}}\" data-widget_type=\"posts.cards\">\n\t\t\t\t<div class=\"elementor-widget-container\">\n\t\t\t\t\t\t\t<div class=\"elementor-posts-container elementor-posts elementor-posts--skin-cards elementor-grid\" role=\"list\">\n\t\t\t\t<article class=\"elementor-post elementor-grid-item post-121512 post type-post status-publish format-standard has-post-thumbnail hentry category-news-ueber-uns\" role=\"listitem\">\n\t\t\t<div class=\"elementor-post__card\">\n\t\t\t\t<a class=\"elementor-post__thumbnail__link\" href=\"https:\/\/kulturonline.tv\/de\/lieber-qualitaet-statt-klick-krieg\/\" tabindex=\"-1\" ><div class=\"elementor-post__thumbnail\"><img loading=\"lazy\" decoding=\"async\" width=\"1920\" height=\"1080\" src=\"https:\/\/kulturonline.tv\/wp-content\/uploads\/2025\/09\/Social-Media-Kultur-Online-TV-edited.jpg\" class=\"attachment-full size-full wp-image-121515\" alt=\"\" srcset=\"https:\/\/kulturonline.tv\/wp-content\/uploads\/2025\/09\/Social-Media-Kultur-Online-TV-edited.jpg 1920w, https:\/\/kulturonline.tv\/wp-content\/uploads\/2025\/09\/Social-Media-Kultur-Online-TV-edited-800x450.jpg 800w, https:\/\/kulturonline.tv\/wp-content\/uploads\/2025\/09\/Social-Media-Kultur-Online-TV-edited-1600x900.jpg 1600w, https:\/\/kulturonline.tv\/wp-content\/uploads\/2025\/09\/Social-Media-Kultur-Online-TV-edited-768x432.jpg 768w, https:\/\/kulturonline.tv\/wp-content\/uploads\/2025\/09\/Social-Media-Kultur-Online-TV-edited-1536x864.jpg 1536w\" sizes=\"(max-width: 1920px) 100vw, 1920px\" \/><\/div><\/a>\n\t\t\t\t<div class=\"elementor-post__text\">\n\t\t\t\t<h3 class=\"elementor-post__title\">\n\t\t\t<a href=\"https:\/\/kulturonline.tv\/de\/lieber-qualitaet-statt-klick-krieg\/\" >\n\t\t\t\tLieber Qualit\u00e4t statt Klick-Krieg\t\t\t<\/a>\n\t\t<\/h3>\n\t\t\t\t<div class=\"elementor-post__excerpt\">\n\t\t\t<p>Warum wir nicht jeden Tag auf Social Media Posten! Immer wieder erreichen uns auch Fragen, eine davon<\/p>\n\t\t<\/div>\n\t\t\t\t<\/div>\n\t\t\t\t\t<\/div>\n\t\t<\/article>\n\t\t\t\t<article class=\"elementor-post elementor-grid-item post-40438 post type-post status-publish format-standard has-post-thumbnail hentry category-news-ueber-uns\" role=\"listitem\">\n\t\t\t<div class=\"elementor-post__card\">\n\t\t\t\t<a class=\"elementor-post__thumbnail__link\" href=\"https:\/\/kulturonline.tv\/de\/lass-auch-du-dich-finden-mit-unserem-neuen-e-ticketing-system\/\" tabindex=\"-1\" ><div class=\"elementor-post__thumbnail\"><img loading=\"lazy\" decoding=\"async\" width=\"1920\" height=\"1080\" src=\"https:\/\/kulturonline.tv\/wp-content\/uploads\/2022\/11\/Kultur-Online-TV.png\" class=\"attachment-full size-full wp-image-40436\" alt=\"\" srcset=\"https:\/\/kulturonline.tv\/wp-content\/uploads\/2022\/11\/Kultur-Online-TV.png 1920w, https:\/\/kulturonline.tv\/wp-content\/uploads\/2022\/11\/Kultur-Online-TV-600x338.png 600w, https:\/\/kulturonline.tv\/wp-content\/uploads\/2022\/11\/Kultur-Online-TV-800x450.png 800w, https:\/\/kulturonline.tv\/wp-content\/uploads\/2022\/11\/Kultur-Online-TV-1600x900.png 1600w, https:\/\/kulturonline.tv\/wp-content\/uploads\/2022\/11\/Kultur-Online-TV-768x432.png 768w, https:\/\/kulturonline.tv\/wp-content\/uploads\/2022\/11\/Kultur-Online-TV-1536x864.png 1536w\" sizes=\"(max-width: 1920px) 100vw, 1920px\" \/><\/div><\/a>\n\t\t\t\t<div class=\"elementor-post__text\">\n\t\t\t\t<h3 class=\"elementor-post__title\">\n\t\t\t<a href=\"https:\/\/kulturonline.tv\/de\/lass-auch-du-dich-finden-mit-unserem-neuen-e-ticketing-system\/\" >\n\t\t\t\tLass auch du dich finden mit unserem neuen E-Ticketing System\t\t\t<\/a>\n\t\t<\/h3>\n\t\t\t\t<div class=\"elementor-post__excerpt\">\n\t\t\t<p>Mit diesem neuen Angebot von Kultur Online TV-FM, bringen wir auch deinen Event- Veranstaltung \u00fcber unser neues<\/p>\n\t\t<\/div>\n\t\t\t\t<\/div>\n\t\t\t\t\t<\/div>\n\t\t<\/article>\n\t\t\t\t<article class=\"elementor-post elementor-grid-item post-36686 post type-post status-publish format-standard has-post-thumbnail hentry category-musik category-news-ueber-uns category-blog-news-ueber-uns\" role=\"listitem\">\n\t\t\t<div class=\"elementor-post__card\">\n\t\t\t\t<a class=\"elementor-post__thumbnail__link\" href=\"https:\/\/kulturonline.tv\/de\/voices-united-vienna-musikkonzert-mit-sozialen-engagement\/\" tabindex=\"-1\" ><div class=\"elementor-post__thumbnail\"><img loading=\"lazy\" decoding=\"async\" width=\"2000\" height=\"1125\" src=\"https:\/\/kulturonline.tv\/wp-content\/uploads\/2022\/10\/Kultur-Online-TV-edited.png\" class=\"attachment-full size-full wp-image-36693\" alt=\"\" srcset=\"https:\/\/kulturonline.tv\/wp-content\/uploads\/2022\/10\/Kultur-Online-TV-edited.png 2000w, https:\/\/kulturonline.tv\/wp-content\/uploads\/2022\/10\/Kultur-Online-TV-edited-600x338.png 600w, https:\/\/kulturonline.tv\/wp-content\/uploads\/2022\/10\/Kultur-Online-TV-edited-800x450.png 800w, https:\/\/kulturonline.tv\/wp-content\/uploads\/2022\/10\/Kultur-Online-TV-edited-1600x900.png 1600w, https:\/\/kulturonline.tv\/wp-content\/uploads\/2022\/10\/Kultur-Online-TV-edited-768x432.png 768w, https:\/\/kulturonline.tv\/wp-content\/uploads\/2022\/10\/Kultur-Online-TV-edited-1536x864.png 1536w\" sizes=\"(max-width: 2000px) 100vw, 2000px\" \/><\/div><\/a>\n\t\t\t\t<div class=\"elementor-post__text\">\n\t\t\t\t<h3 class=\"elementor-post__title\">\n\t\t\t<a href=\"https:\/\/kulturonline.tv\/de\/voices-united-vienna-musikkonzert-mit-sozialen-engagement\/\" >\n\t\t\t\t&#8222;Voices United Vienna&#8220;- Musikkonzert mit sozialen Engagement\t\t\t<\/a>\n\t\t<\/h3>\n\t\t\t\t<div class=\"elementor-post__excerpt\">\n\t\t\t<p>Am 30.10. 2022 geht die Initiative &#8222;Voices United Vienna&#8220; in die zweite Runde. Nicht nur Musik, sondern<\/p>\n\t\t<\/div>\n\t\t\t\t<\/div>\n\t\t\t\t\t<\/div>\n\t\t<\/article>\n\t\t\t\t<article class=\"elementor-post elementor-grid-item post-36595 post type-post status-publish format-standard has-post-thumbnail hentry category-news-ueber-uns category-unkategorisiert category-blog-news-ueber-uns\" role=\"listitem\">\n\t\t\t<div class=\"elementor-post__card\">\n\t\t\t\t<a class=\"elementor-post__thumbnail__link\" href=\"https:\/\/kulturonline.tv\/de\/kultur-online-tv-fm-unterwegs-flaniermarkt-in-der-neubaugasse-wien\/\" tabindex=\"-1\" ><div class=\"elementor-post__thumbnail\"><img loading=\"lazy\" decoding=\"async\" width=\"2560\" height=\"1440\" src=\"https:\/\/kulturonline.tv\/wp-content\/uploads\/2022\/10\/Kultur-Online-TV-edited-scaled.jpg\" class=\"attachment-full size-full wp-image-36598\" alt=\"\" srcset=\"https:\/\/kulturonline.tv\/wp-content\/uploads\/2022\/10\/Kultur-Online-TV-edited-scaled.jpg 2560w, https:\/\/kulturonline.tv\/wp-content\/uploads\/2022\/10\/Kultur-Online-TV-edited-scaled-600x338.jpg 600w, https:\/\/kulturonline.tv\/wp-content\/uploads\/2022\/10\/Kultur-Online-TV-edited-800x450.jpg 800w, https:\/\/kulturonline.tv\/wp-content\/uploads\/2022\/10\/Kultur-Online-TV-edited-1600x900.jpg 1600w, https:\/\/kulturonline.tv\/wp-content\/uploads\/2022\/10\/Kultur-Online-TV-edited-768x432.jpg 768w, https:\/\/kulturonline.tv\/wp-content\/uploads\/2022\/10\/Kultur-Online-TV-edited-1536x864.jpg 1536w, https:\/\/kulturonline.tv\/wp-content\/uploads\/2022\/10\/Kultur-Online-TV-edited-2048x1152.jpg 2048w\" sizes=\"(max-width: 2560px) 100vw, 2560px\" \/><\/div><\/a>\n\t\t\t\t<div class=\"elementor-post__text\">\n\t\t\t\t<h3 class=\"elementor-post__title\">\n\t\t\t<a href=\"https:\/\/kulturonline.tv\/de\/kultur-online-tv-fm-unterwegs-flaniermarkt-in-der-neubaugasse-wien\/\" >\n\t\t\t\tKultur Online TV-FM Unterwegs: Flaniermarkt in der Neubaugasse Wien\t\t\t<\/a>\n\t\t<\/h3>\n\t\t\t\t<div class=\"elementor-post__excerpt\">\n\t\t\t<p>Unter dem Motto \u201eDie Neubaugasse tanzt\u201c brachte das Kulturprogramm Musik-Acts, Tanzperformances, Bodypercussion, Walking-Acts und Tanz-Workshops zum Flaniermarkt<\/p>\n\t\t<\/div>\n\t\t\t\t<\/div>\n\t\t\t\t\t<\/div>\n\t\t<\/article>\n\t\t\t\t<article class=\"elementor-post elementor-grid-item post-36420 post type-post status-publish format-standard has-post-thumbnail hentry category-news-ueber-uns category-blog-news-ueber-uns\" role=\"listitem\">\n\t\t\t<div class=\"elementor-post__card\">\n\t\t\t\t<a class=\"elementor-post__thumbnail__link\" href=\"https:\/\/kulturonline.tv\/de\/flaniermarkt-in-der-neubaugasse-wien-am-30-september-und-01-oktober-2022\/\" tabindex=\"-1\" ><div class=\"elementor-post__thumbnail\"><img loading=\"lazy\" decoding=\"async\" width=\"1131\" height=\"636\" src=\"https:\/\/kulturonline.tv\/wp-content\/uploads\/2022\/09\/WhatsApp-Image-2022-09-23-at-08.23.27-edited.jpeg\" class=\"attachment-full size-full wp-image-36429\" alt=\"\" srcset=\"https:\/\/kulturonline.tv\/wp-content\/uploads\/2022\/09\/WhatsApp-Image-2022-09-23-at-08.23.27-edited.jpeg 1131w, https:\/\/kulturonline.tv\/wp-content\/uploads\/2022\/09\/WhatsApp-Image-2022-09-23-at-08.23.27-edited-600x337.jpeg 600w, https:\/\/kulturonline.tv\/wp-content\/uploads\/2022\/09\/WhatsApp-Image-2022-09-23-at-08.23.27-edited-800x450.jpeg 800w, https:\/\/kulturonline.tv\/wp-content\/uploads\/2022\/09\/WhatsApp-Image-2022-09-23-at-08.23.27-edited-768x432.jpeg 768w\" sizes=\"(max-width: 1131px) 100vw, 1131px\" \/><\/div><\/a>\n\t\t\t\t<div class=\"elementor-post__text\">\n\t\t\t\t<h3 class=\"elementor-post__title\">\n\t\t\t<a href=\"https:\/\/kulturonline.tv\/de\/flaniermarkt-in-der-neubaugasse-wien-am-30-september-und-01-oktober-2022\/\" >\n\t\t\t\tFlaniermarkt in der Neubaugasse Wien am 30.September und 01.Oktober 2022\t\t\t<\/a>\n\t\t<\/h3>\n\t\t\t\t<div class=\"elementor-post__excerpt\">\n\t\t\t<p>Entlang der gesamten Neubaugasse warten am 30. September und 1. Oktober 2022 ab 8:30 Uhr, rund 320<\/p>\n\t\t<\/div>\n\t\t\t\t<\/div>\n\t\t\t\t\t<\/div>\n\t\t<\/article>\n\t\t\t\t<article class=\"elementor-post elementor-grid-item post-36345 post type-post status-publish format-standard has-post-thumbnail hentry category-news-ueber-uns category-blog-news-ueber-uns\" role=\"listitem\">\n\t\t\t<div class=\"elementor-post__card\">\n\t\t\t\t<a class=\"elementor-post__thumbnail__link\" href=\"https:\/\/kulturonline.tv\/de\/tipp-musiktrio-coleija\/\" tabindex=\"-1\" ><div class=\"elementor-post__thumbnail\"><img loading=\"lazy\" decoding=\"async\" width=\"966\" height=\"543\" src=\"https:\/\/kulturonline.tv\/wp-content\/uploads\/2022\/09\/Kultur-Online-TV-Coleija-edited.png\" class=\"attachment-full size-full wp-image-36348\" alt=\"\" srcset=\"https:\/\/kulturonline.tv\/wp-content\/uploads\/2022\/09\/Kultur-Online-TV-Coleija-edited.png 966w, https:\/\/kulturonline.tv\/wp-content\/uploads\/2022\/09\/Kultur-Online-TV-Coleija-edited-600x337.png 600w, https:\/\/kulturonline.tv\/wp-content\/uploads\/2022\/09\/Kultur-Online-TV-Coleija-edited-800x450.png 800w, https:\/\/kulturonline.tv\/wp-content\/uploads\/2022\/09\/Kultur-Online-TV-Coleija-edited-768x432.png 768w\" sizes=\"(max-width: 966px) 100vw, 966px\" \/><\/div><\/a>\n\t\t\t\t<div class=\"elementor-post__text\">\n\t\t\t\t<h3 class=\"elementor-post__title\">\n\t\t\t<a href=\"https:\/\/kulturonline.tv\/de\/tipp-musiktrio-coleija\/\" >\n\t\t\t\tTipp: Musiktrio Coleija\t\t\t<\/a>\n\t\t<\/h3>\n\t\t\t\t<div class=\"elementor-post__excerpt\">\n\t\t\t<p>Sich auf ein einziges Genre zu begrenzen ist ihnen zu langweilig, wir haben mit Ihnen gesprochen. Die<\/p>\n\t\t<\/div>\n\t\t\t\t<\/div>\n\t\t\t\t\t<\/div>\n\t\t<\/article>\n\t\t\t\t<article class=\"elementor-post elementor-grid-item post-36305 post type-post status-publish format-standard has-post-thumbnail hentry category-musik category-news-ueber-uns category-unkategorisiert category-blog-news-ueber-uns\" role=\"listitem\">\n\t\t\t<div class=\"elementor-post__card\">\n\t\t\t\t<a class=\"elementor-post__thumbnail__link\" href=\"https:\/\/kulturonline.tv\/de\/musikerin-kim-mueller-musik-mit-herz\/\" tabindex=\"-1\" ><div class=\"elementor-post__thumbnail\"><img loading=\"lazy\" decoding=\"async\" width=\"1280\" height=\"720\" src=\"https:\/\/kulturonline.tv\/wp-content\/uploads\/2022\/09\/Kim-Mueller-Kultur-Online-TV-1.png\" class=\"attachment-full size-full wp-image-36308\" alt=\"\" srcset=\"https:\/\/kulturonline.tv\/wp-content\/uploads\/2022\/09\/Kim-Mueller-Kultur-Online-TV-1.png 1280w, https:\/\/kulturonline.tv\/wp-content\/uploads\/2022\/09\/Kim-Mueller-Kultur-Online-TV-1-600x338.png 600w, https:\/\/kulturonline.tv\/wp-content\/uploads\/2022\/09\/Kim-Mueller-Kultur-Online-TV-1-800x450.png 800w, https:\/\/kulturonline.tv\/wp-content\/uploads\/2022\/09\/Kim-Mueller-Kultur-Online-TV-1-768x432.png 768w\" sizes=\"(max-width: 1280px) 100vw, 1280px\" \/><\/div><\/a>\n\t\t\t\t<div class=\"elementor-post__text\">\n\t\t\t\t<h3 class=\"elementor-post__title\">\n\t\t\t<a href=\"https:\/\/kulturonline.tv\/de\/musikerin-kim-mueller-musik-mit-herz\/\" >\n\t\t\t\tMusikerin Kim M\u00fcller &#8211; Musik mit Herz\t\t\t<\/a>\n\t\t<\/h3>\n\t\t\t\t<div class=\"elementor-post__excerpt\">\n\t\t\t<p>Die K\u00fcnstlerin Kim M\u00fcller, urspr\u00fcnglich aus Frankfurt am Main, jetzt in Berlin lebend, verzaubert mit ihremtiefgr\u00fcndigen Gesang<\/p>\n\t\t<\/div>\n\t\t\t\t<\/div>\n\t\t\t\t\t<\/div>\n\t\t<\/article>\n\t\t\t\t<article class=\"elementor-post elementor-grid-item post-36222 post type-post status-publish format-standard has-post-thumbnail hentry category-musik category-news-ueber-uns category-blog-news-ueber-uns\" role=\"listitem\">\n\t\t\t<div class=\"elementor-post__card\">\n\t\t\t\t<a class=\"elementor-post__thumbnail__link\" href=\"https:\/\/kulturonline.tv\/de\/diesmal-bei-uns-zu-gast-der-wiener-doubletime-rapper-k9ne\/\" tabindex=\"-1\" ><div class=\"elementor-post__thumbnail\"><img loading=\"lazy\" decoding=\"async\" width=\"1280\" height=\"720\" src=\"https:\/\/kulturonline.tv\/wp-content\/uploads\/2022\/09\/KTV.png\" class=\"attachment-full size-full wp-image-36265\" alt=\"\" srcset=\"https:\/\/kulturonline.tv\/wp-content\/uploads\/2022\/09\/KTV.png 1280w, https:\/\/kulturonline.tv\/wp-content\/uploads\/2022\/09\/KTV-600x338.png 600w, https:\/\/kulturonline.tv\/wp-content\/uploads\/2022\/09\/KTV-800x450.png 800w, https:\/\/kulturonline.tv\/wp-content\/uploads\/2022\/09\/KTV-768x432.png 768w\" sizes=\"(max-width: 1280px) 100vw, 1280px\" \/><\/div><\/a>\n\t\t\t\t<div class=\"elementor-post__text\">\n\t\t\t\t<h3 class=\"elementor-post__title\">\n\t\t\t<a href=\"https:\/\/kulturonline.tv\/de\/diesmal-bei-uns-zu-gast-der-wiener-doubletime-rapper-k9ne\/\" >\n\t\t\t\tDiesmal bei uns zu Gast &#8211; der Wiener Doubletime Rapper K9NE\t\t\t<\/a>\n\t\t<\/h3>\n\t\t\t\t<div class=\"elementor-post__excerpt\">\n\t\t\t<p>Seit mehreren Jahren auf Hip Hop Stages und Freestyle Sessions unterwegs, f\u00e4ngt K9NE schrittweise an sich einen<\/p>\n\t\t<\/div>\n\t\t\t\t<\/div>\n\t\t\t\t\t<\/div>\n\t\t<\/article>\n\t\t\t\t<article class=\"elementor-post elementor-grid-item post-33568 post type-post status-publish format-standard has-post-thumbnail hentry category-news-ueber-uns\" role=\"listitem\">\n\t\t\t<div class=\"elementor-post__card\">\n\t\t\t\t<a class=\"elementor-post__thumbnail__link\" href=\"https:\/\/kulturonline.tv\/de\/neues-konzertformat-voices-united-vienna\/\" tabindex=\"-1\" ><div class=\"elementor-post__thumbnail\"><img loading=\"lazy\" decoding=\"async\" width=\"1155\" height=\"650\" src=\"https:\/\/kulturonline.tv\/wp-content\/uploads\/2022\/08\/Kultur-Online-TV-Voices-edited.jpg\" class=\"attachment-full size-full wp-image-33573\" alt=\"\" srcset=\"https:\/\/kulturonline.tv\/wp-content\/uploads\/2022\/08\/Kultur-Online-TV-Voices-edited.jpg 1155w, https:\/\/kulturonline.tv\/wp-content\/uploads\/2022\/08\/Kultur-Online-TV-Voices-edited-600x338.jpg 600w, https:\/\/kulturonline.tv\/wp-content\/uploads\/2022\/08\/Kultur-Online-TV-Voices-edited-800x450.jpg 800w, https:\/\/kulturonline.tv\/wp-content\/uploads\/2022\/08\/Kultur-Online-TV-Voices-edited-768x432.jpg 768w\" sizes=\"(max-width: 1155px) 100vw, 1155px\" \/><\/div><\/a>\n\t\t\t\t<div class=\"elementor-post__text\">\n\t\t\t\t<h3 class=\"elementor-post__title\">\n\t\t\t<a href=\"https:\/\/kulturonline.tv\/de\/neues-konzertformat-voices-united-vienna\/\" >\n\t\t\t\tNeues Konzertformat: Voices United Vienna in Kooperation mit Kultur Online TV-FM\t\t\t<\/a>\n\t\t<\/h3>\n\t\t\t\t<div class=\"elementor-post__excerpt\">\n\t\t\t<p>In Kooperation mit Kultur Online TV-FM stellt die Initiatorin Linda das neue Format in unserem Studio f\u00fcr<\/p>\n\t\t<\/div>\n\t\t\t\t<\/div>\n\t\t\t\t\t<\/div>\n\t\t<\/article>\n\t\t\t\t<article class=\"elementor-post elementor-grid-item post-31064 post type-post status-publish format-standard has-post-thumbnail hentry category-news-ueber-uns category-radio-news-aktuell\" role=\"listitem\">\n\t\t\t<div class=\"elementor-post__card\">\n\t\t\t\t<a class=\"elementor-post__thumbnail__link\" href=\"https:\/\/kulturonline.tv\/de\/taenzerin-und-saengerin-jana-gatt-zum-interview-in-unserem-studio\/\" tabindex=\"-1\" ><div class=\"elementor-post__thumbnail\"><img loading=\"lazy\" decoding=\"async\" width=\"1130\" height=\"636\" src=\"https:\/\/kulturonline.tv\/wp-content\/uploads\/2022\/07\/Jana-Gatt-Kultur-Online-Tv-2022-Studio-edited.png\" class=\"attachment-full size-full wp-image-31067\" alt=\"\" srcset=\"https:\/\/kulturonline.tv\/wp-content\/uploads\/2022\/07\/Jana-Gatt-Kultur-Online-Tv-2022-Studio-edited.png 1130w, https:\/\/kulturonline.tv\/wp-content\/uploads\/2022\/07\/Jana-Gatt-Kultur-Online-Tv-2022-Studio-edited-600x338.png 600w, https:\/\/kulturonline.tv\/wp-content\/uploads\/2022\/07\/Jana-Gatt-Kultur-Online-Tv-2022-Studio-edited-800x450.png 800w, https:\/\/kulturonline.tv\/wp-content\/uploads\/2022\/07\/Jana-Gatt-Kultur-Online-Tv-2022-Studio-edited-768x432.png 768w\" sizes=\"(max-width: 1130px) 100vw, 1130px\" \/><\/div><\/a>\n\t\t\t\t<div class=\"elementor-post__text\">\n\t\t\t\t<h3 class=\"elementor-post__title\">\n\t\t\t<a href=\"https:\/\/kulturonline.tv\/de\/taenzerin-und-saengerin-jana-gatt-zum-interview-in-unserem-studio\/\" >\n\t\t\t\tT\u00e4nzerin und S\u00e4ngerin Jana Gatt zum Interview in unserem Studio\t\t\t<\/a>\n\t\t<\/h3>\n\t\t\t\t<div class=\"elementor-post__excerpt\">\n\t\t\t<p>Jana Gatt ist Rapperin, T\u00e4nzerin, S\u00e4ngerin und liebt in erster Linie Musik. Ihre Werke sind mit einer<\/p>\n\t\t<\/div>\n\t\t\t\t<\/div>\n\t\t\t\t\t<\/div>\n\t\t<\/article>\n\t\t\t\t<article class=\"elementor-post elementor-grid-item post-30784 post type-post status-publish format-standard has-post-thumbnail hentry category-musik category-news-ueber-uns category-radio-news-aktuell category-uncategorized\" role=\"listitem\">\n\t\t\t<div class=\"elementor-post__card\">\n\t\t\t\t<a class=\"elementor-post__thumbnail__link\" href=\"https:\/\/kulturonline.tv\/de\/hilvestival-august-2023-das-erste-festival-seiner-art-als-interkultureller-austausch-in-afrika\/\" tabindex=\"-1\" ><div class=\"elementor-post__thumbnail\"><img loading=\"lazy\" decoding=\"async\" width=\"768\" height=\"432\" src=\"https:\/\/kulturonline.tv\/wp-content\/uploads\/2022\/07\/WhatsApp-Image-2022-07-12-at-20.55.14-1-edited.jpeg\" class=\"attachment-full size-full wp-image-30820\" alt=\"\" srcset=\"https:\/\/kulturonline.tv\/wp-content\/uploads\/2022\/07\/WhatsApp-Image-2022-07-12-at-20.55.14-1-edited.jpeg 768w, https:\/\/kulturonline.tv\/wp-content\/uploads\/2022\/07\/WhatsApp-Image-2022-07-12-at-20.55.14-1-edited-600x338.jpeg 600w\" sizes=\"(max-width: 768px) 100vw, 768px\" \/><\/div><\/a>\n\t\t\t\t<div class=\"elementor-post__text\">\n\t\t\t\t<h3 class=\"elementor-post__title\">\n\t\t\t<a href=\"https:\/\/kulturonline.tv\/de\/hilvestival-august-2023-das-erste-festival-seiner-art-als-interkultureller-austausch-in-afrika\/\" >\n\t\t\t\tHill Festival August 2023: Das erste Festival seiner Art als interkultureller Austausch in Afrika\t\t\t<\/a>\n\t\t<\/h3>\n\t\t\t\t<div class=\"elementor-post__excerpt\">\n\t\t\t<p>Ein einzigartiges und einmaliges Musikerlebnis soll das erste Hilvestival im Herzen Afrikas in Ruanda am 04. und<\/p>\n\t\t<\/div>\n\t\t\t\t<\/div>\n\t\t\t\t\t<\/div>\n\t\t<\/article>\n\t\t\t\t<article class=\"elementor-post elementor-grid-item post-29699 post type-post status-publish format-standard has-post-thumbnail hentry category-news-ueber-uns\" role=\"listitem\">\n\t\t\t<div class=\"elementor-post__card\">\n\t\t\t\t<a class=\"elementor-post__thumbnail__link\" href=\"https:\/\/kulturonline.tv\/de\/zu-gast-schauspieler-karim-rahoma\/\" tabindex=\"-1\" ><div class=\"elementor-post__thumbnail\"><img loading=\"lazy\" decoding=\"async\" width=\"1280\" height=\"720\" src=\"https:\/\/kulturonline.tv\/wp-content\/uploads\/2022\/06\/10.png\" class=\"attachment-full size-full wp-image-29528\" alt=\"\" srcset=\"https:\/\/kulturonline.tv\/wp-content\/uploads\/2022\/06\/10.png 1280w, https:\/\/kulturonline.tv\/wp-content\/uploads\/2022\/06\/10-600x338.png 600w, https:\/\/kulturonline.tv\/wp-content\/uploads\/2022\/06\/10-800x450.png 800w, https:\/\/kulturonline.tv\/wp-content\/uploads\/2022\/06\/10-768x432.png 768w\" sizes=\"(max-width: 1280px) 100vw, 1280px\" \/><\/div><\/a>\n\t\t\t\t<div class=\"elementor-post__text\">\n\t\t\t\t<h3 class=\"elementor-post__title\">\n\t\t\t<a href=\"https:\/\/kulturonline.tv\/de\/zu-gast-schauspieler-karim-rahoma\/\" >\n\t\t\t\tZu Gast Schauspieler Karim Rahoma\t\t\t<\/a>\n\t\t<\/h3>\n\t\t\t\t<div class=\"elementor-post__excerpt\">\n\t\t\t<p>Kultur Online TV #blog #tipp<\/p>\n\t\t<\/div>\n\t\t\t\t<\/div>\n\t\t\t\t\t<\/div>\n\t\t<\/article>\n\t\t\t\t<article class=\"elementor-post elementor-grid-item post-29603 post type-post status-publish format-standard has-post-thumbnail hentry category-news-ueber-uns\" role=\"listitem\">\n\t\t\t<div class=\"elementor-post__card\">\n\t\t\t\t<a class=\"elementor-post__thumbnail__link\" href=\"https:\/\/kulturonline.tv\/de\/wir-promoten-deinen-event\/\" tabindex=\"-1\" ><div class=\"elementor-post__thumbnail\"><img loading=\"lazy\" decoding=\"async\" width=\"2560\" height=\"1439\" src=\"https:\/\/kulturonline.tv\/wp-content\/uploads\/2022\/06\/vvvvvvvvvvvvvvvvvvvvvvvvvvvvvvvvvvvvvvvvvvvvvv.png\" class=\"attachment-full size-full wp-image-29540\" alt=\"\" srcset=\"https:\/\/kulturonline.tv\/wp-content\/uploads\/2022\/06\/vvvvvvvvvvvvvvvvvvvvvvvvvvvvvvvvvvvvvvvvvvvvvv.png 2560w, https:\/\/kulturonline.tv\/wp-content\/uploads\/2022\/06\/vvvvvvvvvvvvvvvvvvvvvvvvvvvvvvvvvvvvvvvvvvvvvv-600x337.png 600w, https:\/\/kulturonline.tv\/wp-content\/uploads\/2022\/06\/vvvvvvvvvvvvvvvvvvvvvvvvvvvvvvvvvvvvvvvvvvvvvv-800x450.png 800w, https:\/\/kulturonline.tv\/wp-content\/uploads\/2022\/06\/vvvvvvvvvvvvvvvvvvvvvvvvvvvvvvvvvvvvvvvvvvvvvv-1600x899.png 1600w, https:\/\/kulturonline.tv\/wp-content\/uploads\/2022\/06\/vvvvvvvvvvvvvvvvvvvvvvvvvvvvvvvvvvvvvvvvvvvvvv-768x432.png 768w, https:\/\/kulturonline.tv\/wp-content\/uploads\/2022\/06\/vvvvvvvvvvvvvvvvvvvvvvvvvvvvvvvvvvvvvvvvvvvvvv-1536x863.png 1536w, https:\/\/kulturonline.tv\/wp-content\/uploads\/2022\/06\/vvvvvvvvvvvvvvvvvvvvvvvvvvvvvvvvvvvvvvvvvvvvvv-2048x1151.png 2048w\" sizes=\"(max-width: 2560px) 100vw, 2560px\" \/><\/div><\/a>\n\t\t\t\t<div class=\"elementor-post__text\">\n\t\t\t\t<h3 class=\"elementor-post__title\">\n\t\t\t<a href=\"https:\/\/kulturonline.tv\/de\/wir-promoten-deinen-event\/\" >\n\t\t\t\tWir promoten deinen Event\t\t\t<\/a>\n\t\t<\/h3>\n\t\t\t\t<div class=\"elementor-post__excerpt\">\n\t\t\t<p>Mit unseren individuellen Angeboten erh\u00e4lt man genau die L\u00f6sungen die ein Veranstalter ben\u00f6tigt. Bringe Deine Veranstaltung-Event mit<\/p>\n\t\t<\/div>\n\t\t\t\t<\/div>\n\t\t\t\t\t<\/div>\n\t\t<\/article>\n\t\t\t\t<article class=\"elementor-post elementor-grid-item post-29696 post type-post status-publish format-standard has-post-thumbnail hentry category-news-ueber-uns\" role=\"listitem\">\n\t\t\t<div class=\"elementor-post__card\">\n\t\t\t\t<a class=\"elementor-post__thumbnail__link\" href=\"https:\/\/kulturonline.tv\/de\/lass-auch-du-dich-finden\/\" tabindex=\"-1\" ><div class=\"elementor-post__thumbnail\"><img loading=\"lazy\" decoding=\"async\" width=\"1280\" height=\"720\" src=\"https:\/\/kulturonline.tv\/wp-content\/uploads\/2022\/06\/12.png\" class=\"attachment-full size-full wp-image-29530\" alt=\"\" srcset=\"https:\/\/kulturonline.tv\/wp-content\/uploads\/2022\/06\/12.png 1280w, https:\/\/kulturonline.tv\/wp-content\/uploads\/2022\/06\/12-600x338.png 600w, https:\/\/kulturonline.tv\/wp-content\/uploads\/2022\/06\/12-800x450.png 800w, https:\/\/kulturonline.tv\/wp-content\/uploads\/2022\/06\/12-768x432.png 768w\" sizes=\"(max-width: 1280px) 100vw, 1280px\" \/><\/div><\/a>\n\t\t\t\t<div class=\"elementor-post__text\">\n\t\t\t\t<h3 class=\"elementor-post__title\">\n\t\t\t<a href=\"https:\/\/kulturonline.tv\/de\/lass-auch-du-dich-finden\/\" >\n\t\t\t\tLass auch DU DICH finden!\t\t\t<\/a>\n\t\t<\/h3>\n\t\t\t\t<div class=\"elementor-post__excerpt\">\n\t\t\t<p>Wir erm\u00f6glichen Kunst und Kulturschaffenden, aus allen Bereichen einen digitalen Raum um deine Darbietungen, zus\u00e4tzlich zu verbreiten<\/p>\n\t\t<\/div>\n\t\t\t\t<\/div>\n\t\t\t\t\t<\/div>\n\t\t<\/article>\n\t\t\t\t<article class=\"elementor-post elementor-grid-item post-29744 post type-post status-publish format-standard has-post-thumbnail hentry category-news-ueber-uns\" role=\"listitem\">\n\t\t\t<div class=\"elementor-post__card\">\n\t\t\t\t<a class=\"elementor-post__thumbnail__link\" href=\"https:\/\/kulturonline.tv\/de\/neue-kategorie-videotipp\/\" tabindex=\"-1\" ><div class=\"elementor-post__thumbnail\"><img loading=\"lazy\" decoding=\"async\" width=\"1280\" height=\"720\" src=\"https:\/\/kulturonline.tv\/wp-content\/uploads\/2022\/06\/8.png\" class=\"attachment-full size-full wp-image-29515\" alt=\"\" srcset=\"https:\/\/kulturonline.tv\/wp-content\/uploads\/2022\/06\/8.png 1280w, https:\/\/kulturonline.tv\/wp-content\/uploads\/2022\/06\/8-600x338.png 600w, https:\/\/kulturonline.tv\/wp-content\/uploads\/2022\/06\/8-800x450.png 800w, https:\/\/kulturonline.tv\/wp-content\/uploads\/2022\/06\/8-768x432.png 768w\" sizes=\"(max-width: 1280px) 100vw, 1280px\" \/><\/div><\/a>\n\t\t\t\t<div class=\"elementor-post__text\">\n\t\t\t\t<h3 class=\"elementor-post__title\">\n\t\t\t<a href=\"https:\/\/kulturonline.tv\/de\/neue-kategorie-videotipp\/\" >\n\t\t\t\tNeue Kategorie Videotipp\t\t\t<\/a>\n\t\t<\/h3>\n\t\t\t\t<div class=\"elementor-post__excerpt\">\n\t\t\t<p>Videotipps aus der Redaktion von Dokus aus den Bereichen Kultur, Gesellschaft, Politik &#8230;.. Das Online-Videoportal YouTube hat<\/p>\n\t\t<\/div>\n\t\t\t\t<\/div>\n\t\t\t\t\t<\/div>\n\t\t<\/article>\n\t\t\t\t<article class=\"elementor-post elementor-grid-item post-28609 post type-post status-publish format-standard has-post-thumbnail hentry category-news-ueber-uns\" role=\"listitem\">\n\t\t\t<div class=\"elementor-post__card\">\n\t\t\t\t<a class=\"elementor-post__thumbnail__link\" href=\"https:\/\/kulturonline.tv\/de\/relaunch-unserer-online-seite\/\" tabindex=\"-1\" ><div class=\"elementor-post__thumbnail\"><img loading=\"lazy\" decoding=\"async\" width=\"1920\" height=\"1080\" src=\"https:\/\/kulturonline.tv\/wp-content\/uploads\/2022\/05\/bbbbbbbbbbbbbbbbbbbbbbbbbbbbbbbbbbbb-edited.png\" class=\"attachment-full size-full wp-image-28614\" alt=\"\" srcset=\"https:\/\/kulturonline.tv\/wp-content\/uploads\/2022\/05\/bbbbbbbbbbbbbbbbbbbbbbbbbbbbbbbbbbbb-edited.png 1920w, https:\/\/kulturonline.tv\/wp-content\/uploads\/2022\/05\/bbbbbbbbbbbbbbbbbbbbbbbbbbbbbbbbbbbb-edited-600x338.png 600w, https:\/\/kulturonline.tv\/wp-content\/uploads\/2022\/05\/bbbbbbbbbbbbbbbbbbbbbbbbbbbbbbbbbbbb-edited-800x450.png 800w, https:\/\/kulturonline.tv\/wp-content\/uploads\/2022\/05\/bbbbbbbbbbbbbbbbbbbbbbbbbbbbbbbbbbbb-edited-1600x900.png 1600w, https:\/\/kulturonline.tv\/wp-content\/uploads\/2022\/05\/bbbbbbbbbbbbbbbbbbbbbbbbbbbbbbbbbbbb-edited-768x432.png 768w, https:\/\/kulturonline.tv\/wp-content\/uploads\/2022\/05\/bbbbbbbbbbbbbbbbbbbbbbbbbbbbbbbbbbbb-edited-1536x864.png 1536w\" sizes=\"(max-width: 1920px) 100vw, 1920px\" \/><\/div><\/a>\n\t\t\t\t<div class=\"elementor-post__text\">\n\t\t\t\t<h3 class=\"elementor-post__title\">\n\t\t\t<a href=\"https:\/\/kulturonline.tv\/de\/relaunch-unserer-online-seite\/\" >\n\t\t\t\tRelaunch unserer online Seite\t\t\t<\/a>\n\t\t<\/h3>\n\t\t\t\t<div class=\"elementor-post__excerpt\">\n\t\t\t<p>Unser neuer online Auftritt, soll unsere Angebote sowie was wir anbieten noch besser wiedergeben. Wir pr\u00e4sentieren uns<\/p>\n\t\t<\/div>\n\t\t\t\t<\/div>\n\t\t\t\t\t<\/div>\n\t\t<\/article>\n\t\t\t\t<article class=\"elementor-post elementor-grid-item post-26373 post type-post status-publish format-standard has-post-thumbnail hentry category-musik category-news-ueber-uns\" role=\"listitem\">\n\t\t\t<div class=\"elementor-post__card\">\n\t\t\t\t<a class=\"elementor-post__thumbnail__link\" href=\"https:\/\/kulturonline.tv\/de\/wir-stellen-vor-mind-control\/\" tabindex=\"-1\" ><div class=\"elementor-post__thumbnail\"><img loading=\"lazy\" decoding=\"async\" width=\"148\" height=\"212\" src=\"https:\/\/kulturonline.tv\/wp-content\/uploads\/2022\/05\/333333.png\" class=\"attachment-full size-full wp-image-28486\" alt=\"\" \/><\/div><\/a>\n\t\t\t\t<div class=\"elementor-post__text\">\n\t\t\t\t<h3 class=\"elementor-post__title\">\n\t\t\t<a href=\"https:\/\/kulturonline.tv\/de\/wir-stellen-vor-mind-control\/\" >\n\t\t\t\tTIPP- Interview mit Mind Control\t\t\t<\/a>\n\t\t<\/h3>\n\t\t\t\t<div class=\"elementor-post__excerpt\">\n\t\t\t<p>Allerfeinsten Stoner Rock liefern&nbsp;Mind Control. Sie wissen genau, wie sie einen Song strukturieren. Von einem Anfang, der<\/p>\n\t\t<\/div>\n\t\t\t\t<\/div>\n\t\t\t\t\t<\/div>\n\t\t<\/article>\n\t\t\t\t<article class=\"elementor-post elementor-grid-item post-26247 post type-post status-publish format-standard has-post-thumbnail hentry category-news-ueber-uns\" role=\"listitem\">\n\t\t\t<div class=\"elementor-post__card\">\n\t\t\t\t<a class=\"elementor-post__thumbnail__link\" href=\"https:\/\/kulturonline.tv\/de\/wir-sind-unterwegs-flaniermarkt-in-der-neubaugasse-wien-2\/\" tabindex=\"-1\" ><div class=\"elementor-post__thumbnail\"><img loading=\"lazy\" decoding=\"async\" width=\"1409\" height=\"880\" src=\"https:\/\/kulturonline.tv\/wp-content\/uploads\/2022\/05\/7-1-edited.png\" class=\"attachment-full size-full wp-image-26162\" alt=\"\" srcset=\"https:\/\/kulturonline.tv\/wp-content\/uploads\/2022\/05\/7-1-edited.png 1409w, https:\/\/kulturonline.tv\/wp-content\/uploads\/2022\/05\/7-1-edited-600x375.png 600w, https:\/\/kulturonline.tv\/wp-content\/uploads\/2022\/05\/7-1-edited-800x500.png 800w, https:\/\/kulturonline.tv\/wp-content\/uploads\/2022\/05\/7-1-edited-768x480.png 768w\" sizes=\"(max-width: 1409px) 100vw, 1409px\" \/><\/div><\/a>\n\t\t\t\t<div class=\"elementor-post__text\">\n\t\t\t\t<h3 class=\"elementor-post__title\">\n\t\t\t<a href=\"https:\/\/kulturonline.tv\/de\/wir-sind-unterwegs-flaniermarkt-in-der-neubaugasse-wien-2\/\" >\n\t\t\t\tWir sind unterwegs: Flaniermarkt in der Neubaugasse Wien\t\t\t<\/a>\n\t\t<\/h3>\n\t\t\t\t<div class=\"elementor-post__excerpt\">\n\t\t\t<p>Am 06. und 07. Mai 2022 sind wir mit unserer Kulturb\u00fchne beim Flaniermarkt in der Neubaugasse Wien<\/p>\n\t\t<\/div>\n\t\t\t\t<\/div>\n\t\t\t\t\t<\/div>\n\t\t<\/article>\n\t\t\t\t<article class=\"elementor-post elementor-grid-item post-17747 post type-post status-publish format-standard has-post-thumbnail hentry category-news-ueber-uns category-newsflash\" role=\"listitem\">\n\t\t\t<div class=\"elementor-post__card\">\n\t\t\t\t<a class=\"elementor-post__thumbnail__link\" href=\"https:\/\/kulturonline.tv\/de\/wir-begleiten-kunst-und-kulturschaffende-in-die-digitalisierung-seine-auswirkungen-chancen-und-herausforderungen\/\" tabindex=\"-1\" ><div class=\"elementor-post__thumbnail\"><img loading=\"lazy\" decoding=\"async\" width=\"1919\" height=\"1081\" src=\"https:\/\/kulturonline.tv\/wp-content\/uploads\/2021\/12\/Digital-Kultur-Online-TV-edited.jpg\" class=\"attachment-full size-full wp-image-17709\" alt=\"\" srcset=\"https:\/\/kulturonline.tv\/wp-content\/uploads\/2021\/12\/Digital-Kultur-Online-TV-edited.jpg 1919w, https:\/\/kulturonline.tv\/wp-content\/uploads\/2021\/12\/Digital-Kultur-Online-TV-edited-600x338.jpg 600w, https:\/\/kulturonline.tv\/wp-content\/uploads\/2021\/12\/Digital-Kultur-Online-TV-edited-800x451.jpg 800w, https:\/\/kulturonline.tv\/wp-content\/uploads\/2021\/12\/Digital-Kultur-Online-TV-edited-1600x901.jpg 1600w, https:\/\/kulturonline.tv\/wp-content\/uploads\/2021\/12\/Digital-Kultur-Online-TV-edited-768x433.jpg 768w, https:\/\/kulturonline.tv\/wp-content\/uploads\/2021\/12\/Digital-Kultur-Online-TV-edited-1536x865.jpg 1536w\" sizes=\"(max-width: 1919px) 100vw, 1919px\" \/><\/div><\/a>\n\t\t\t\t<div class=\"elementor-post__text\">\n\t\t\t\t<h3 class=\"elementor-post__title\">\n\t\t\t<a href=\"https:\/\/kulturonline.tv\/de\/wir-begleiten-kunst-und-kulturschaffende-in-die-digitalisierung-seine-auswirkungen-chancen-und-herausforderungen\/\" >\n\t\t\t\tWir begleiten Kunst und Kulturschaffende\t\t\t<\/a>\n\t\t<\/h3>\n\t\t\t\t<div class=\"elementor-post__excerpt\">\n\t\t\t<p>Die digitale Transformation geh\u00f6rt ohne Zweifel zu den technologischen Fortschritten, der inzwischen an niemandem spurlos vorbeigeht, auch<\/p>\n\t\t<\/div>\n\t\t\t\t<\/div>\n\t\t\t\t\t<\/div>\n\t\t<\/article>\n\t\t\t\t<article class=\"elementor-post elementor-grid-item post-15494 post type-post status-publish format-standard has-post-thumbnail hentry category-news-ueber-uns\" role=\"listitem\">\n\t\t\t<div class=\"elementor-post__card\">\n\t\t\t\t<a class=\"elementor-post__thumbnail__link\" href=\"https:\/\/kulturonline.tv\/de\/vorschau-interview-mit-dicht-und-ergreifend\/\" tabindex=\"-1\" ><div class=\"elementor-post__thumbnail\"><img loading=\"lazy\" decoding=\"async\" width=\"1410\" height=\"796\" src=\"https:\/\/kulturonline.tv\/wp-content\/uploads\/2021\/12\/Bildschirmfoto-2021-12-09-um-08.47.53.png\" class=\"attachment-full size-full wp-image-15496\" alt=\"\" srcset=\"https:\/\/kulturonline.tv\/wp-content\/uploads\/2021\/12\/Bildschirmfoto-2021-12-09-um-08.47.53.png 1410w, https:\/\/kulturonline.tv\/wp-content\/uploads\/2021\/12\/Bildschirmfoto-2021-12-09-um-08.47.53-600x339.png 600w, https:\/\/kulturonline.tv\/wp-content\/uploads\/2021\/12\/Bildschirmfoto-2021-12-09-um-08.47.53-800x452.png 800w, https:\/\/kulturonline.tv\/wp-content\/uploads\/2021\/12\/Bildschirmfoto-2021-12-09-um-08.47.53-768x434.png 768w\" sizes=\"(max-width: 1410px) 100vw, 1410px\" \/><\/div><\/a>\n\t\t\t\t<div class=\"elementor-post__text\">\n\t\t\t\t<h3 class=\"elementor-post__title\">\n\t\t\t<a href=\"https:\/\/kulturonline.tv\/de\/vorschau-interview-mit-dicht-und-ergreifend\/\" >\n\t\t\t\tVorschau: Interview mit &#8222;Dicht und Ergreifend&#8220;\t\t\t<\/a>\n\t\t<\/h3>\n\t\t\t\t<div class=\"elementor-post__excerpt\">\n\t\t\t<p>Galant und \u00fcberschaubar in gerade einmal sechs Jahren Bandhistorie. Wenn es sich um Hip-Hop und Texte in<\/p>\n\t\t<\/div>\n\t\t\t\t<\/div>\n\t\t\t\t\t<\/div>\n\t\t<\/article>\n\t\t\t\t<article class=\"elementor-post elementor-grid-item post-14734 post type-post status-publish format-standard has-post-thumbnail hentry category-news-ueber-uns category-radio-news-aktuell\" role=\"listitem\">\n\t\t\t<div class=\"elementor-post__card\">\n\t\t\t\t<a class=\"elementor-post__thumbnail__link\" href=\"https:\/\/kulturonline.tv\/de\/vorschau-interview-mit-benjamin-weiss\/\" tabindex=\"-1\" ><div class=\"elementor-post__thumbnail\"><img loading=\"lazy\" decoding=\"async\" width=\"1975\" height=\"1111\" src=\"https:\/\/kulturonline.tv\/wp-content\/uploads\/2021\/12\/Bildschirmfoto-2021-12-06-um-09.53.59-edited-1.png\" class=\"attachment-full size-full wp-image-14745\" alt=\"\" srcset=\"https:\/\/kulturonline.tv\/wp-content\/uploads\/2021\/12\/Bildschirmfoto-2021-12-06-um-09.53.59-edited-1.png 1975w, https:\/\/kulturonline.tv\/wp-content\/uploads\/2021\/12\/Bildschirmfoto-2021-12-06-um-09.53.59-edited-1-600x338.png 600w, https:\/\/kulturonline.tv\/wp-content\/uploads\/2021\/12\/Bildschirmfoto-2021-12-06-um-09.53.59-edited-1-800x450.png 800w, https:\/\/kulturonline.tv\/wp-content\/uploads\/2021\/12\/Bildschirmfoto-2021-12-06-um-09.53.59-edited-1-1600x900.png 1600w, https:\/\/kulturonline.tv\/wp-content\/uploads\/2021\/12\/Bildschirmfoto-2021-12-06-um-09.53.59-edited-1-768x432.png 768w, https:\/\/kulturonline.tv\/wp-content\/uploads\/2021\/12\/Bildschirmfoto-2021-12-06-um-09.53.59-edited-1-1536x864.png 1536w\" sizes=\"(max-width: 1975px) 100vw, 1975px\" \/><\/div><\/a>\n\t\t\t\t<div class=\"elementor-post__text\">\n\t\t\t\t<h3 class=\"elementor-post__title\">\n\t\t\t<a href=\"https:\/\/kulturonline.tv\/de\/vorschau-interview-mit-benjamin-weiss\/\" >\n\t\t\t\tVorschau: Interview mit Benjamin Wei\u00df\t\t\t<\/a>\n\t\t<\/h3>\n\t\t\t\t<div class=\"elementor-post__excerpt\">\n\t\t\t<p>Benjamin Wei\u00df spricht \u00fcber sein aktuelles Projekt Melodia Futura, sein Trihotel in Rostock und zuk\u00fcnftige Projekte. Benjamin<\/p>\n\t\t<\/div>\n\t\t\t\t<\/div>\n\t\t\t\t\t<\/div>\n\t\t<\/article>\n\t\t\t\t<article class=\"elementor-post elementor-grid-item post-14727 post type-post status-publish format-standard has-post-thumbnail hentry category-news-ueber-uns\" role=\"listitem\">\n\t\t\t<div class=\"elementor-post__card\">\n\t\t\t\t<a class=\"elementor-post__thumbnail__link\" href=\"https:\/\/kulturonline.tv\/de\/vorschau-interview-mit-dem-team-der-berliner-serie-up-up\/\" tabindex=\"-1\" ><div class=\"elementor-post__thumbnail\"><img loading=\"lazy\" decoding=\"async\" width=\"1434\" height=\"807\" src=\"https:\/\/kulturonline.tv\/wp-content\/uploads\/2021\/12\/Bildschirmfoto-2021-12-06-um-09.37.18-edited.png\" class=\"attachment-full size-full wp-image-14731\" alt=\"\" srcset=\"https:\/\/kulturonline.tv\/wp-content\/uploads\/2021\/12\/Bildschirmfoto-2021-12-06-um-09.37.18-edited.png 1434w, https:\/\/kulturonline.tv\/wp-content\/uploads\/2021\/12\/Bildschirmfoto-2021-12-06-um-09.37.18-edited-600x338.png 600w, https:\/\/kulturonline.tv\/wp-content\/uploads\/2021\/12\/Bildschirmfoto-2021-12-06-um-09.37.18-edited-800x450.png 800w, https:\/\/kulturonline.tv\/wp-content\/uploads\/2021\/12\/Bildschirmfoto-2021-12-06-um-09.37.18-edited-768x432.png 768w\" sizes=\"(max-width: 1434px) 100vw, 1434px\" \/><\/div><\/a>\n\t\t\t\t<div class=\"elementor-post__text\">\n\t\t\t\t<h3 class=\"elementor-post__title\">\n\t\t\t<a href=\"https:\/\/kulturonline.tv\/de\/vorschau-interview-mit-dem-team-der-berliner-serie-up-up\/\" >\n\t\t\t\tVorschau: Interview mit dem Team der Berliner Serie &#8222;Up Up&#8220;\t\t\t<\/a>\n\t\t<\/h3>\n\t\t\t\t<div class=\"elementor-post__excerpt\">\n\t\t\t<p>Worum es in der Berliner Serie geht: Mit einer Lebenstausch-App wollen der verwirrte Unternehmersohn Nico, der naive<\/p>\n\t\t<\/div>\n\t\t\t\t<\/div>\n\t\t\t\t\t<\/div>\n\t\t<\/article>\n\t\t\t\t<article class=\"elementor-post elementor-grid-item post-14715 post type-post status-publish format-standard has-post-thumbnail hentry category-news-ueber-uns\" role=\"listitem\">\n\t\t\t<div class=\"elementor-post__card\">\n\t\t\t\t<a class=\"elementor-post__thumbnail__link\" href=\"https:\/\/kulturonline.tv\/de\/vorschau-interview-mit-der-truppe-von-pam-pam-ida\/\" tabindex=\"-1\" ><div class=\"elementor-post__thumbnail\"><img loading=\"lazy\" decoding=\"async\" width=\"1513\" height=\"850\" src=\"https:\/\/kulturonline.tv\/wp-content\/uploads\/2021\/12\/Bildschirmfoto-2021-12-06-um-09.15.10-edited-1.png\" class=\"attachment-full size-full wp-image-14721\" alt=\"\" srcset=\"https:\/\/kulturonline.tv\/wp-content\/uploads\/2021\/12\/Bildschirmfoto-2021-12-06-um-09.15.10-edited-1.png 1513w, https:\/\/kulturonline.tv\/wp-content\/uploads\/2021\/12\/Bildschirmfoto-2021-12-06-um-09.15.10-edited-1-600x337.png 600w, https:\/\/kulturonline.tv\/wp-content\/uploads\/2021\/12\/Bildschirmfoto-2021-12-06-um-09.15.10-edited-1-800x449.png 800w, https:\/\/kulturonline.tv\/wp-content\/uploads\/2021\/12\/Bildschirmfoto-2021-12-06-um-09.15.10-edited-1-768x431.png 768w\" sizes=\"(max-width: 1513px) 100vw, 1513px\" \/><\/div><\/a>\n\t\t\t\t<div class=\"elementor-post__text\">\n\t\t\t\t<h3 class=\"elementor-post__title\">\n\t\t\t<a href=\"https:\/\/kulturonline.tv\/de\/vorschau-interview-mit-der-truppe-von-pam-pam-ida\/\" >\n\t\t\t\tVorschau: Interview mit der Truppe von &#8222;Pam Pam Ida&#8220;\t\t\t<\/a>\n\t\t<\/h3>\n\t\t\t\t<div class=\"elementor-post__excerpt\">\n\t\t\t<p>Ohne offene Ohren und Herzen gibt es keine Kultur, keine Musik, keinen Pop. Und gerade in dieser<\/p>\n\t\t<\/div>\n\t\t\t\t<\/div>\n\t\t\t\t\t<\/div>\n\t\t<\/article>\n\t\t\t\t<article class=\"elementor-post elementor-grid-item post-5408 post type-post status-publish format-standard has-post-thumbnail hentry category-musik category-news-ueber-uns\" role=\"listitem\">\n\t\t\t<div class=\"elementor-post__card\">\n\t\t\t\t<a class=\"elementor-post__thumbnail__link\" href=\"https:\/\/kulturonline.tv\/de\/vorschau-unsere-naechsten-studiogaeste-in-der-rubrik-musiktipp\/\" tabindex=\"-1\" ><div class=\"elementor-post__thumbnail\"><img loading=\"lazy\" decoding=\"async\" width=\"1280\" height=\"720\" src=\"https:\/\/kulturonline.tv\/wp-content\/uploads\/2021\/09\/Kultur-Online-TV.png\" class=\"attachment-full size-full wp-image-5410\" alt=\"\" srcset=\"https:\/\/kulturonline.tv\/wp-content\/uploads\/2021\/09\/Kultur-Online-TV.png 1280w, https:\/\/kulturonline.tv\/wp-content\/uploads\/2021\/09\/Kultur-Online-TV-600x338.png 600w, https:\/\/kulturonline.tv\/wp-content\/uploads\/2021\/09\/Kultur-Online-TV-800x450.png 800w, https:\/\/kulturonline.tv\/wp-content\/uploads\/2021\/09\/Kultur-Online-TV-768x432.png 768w\" sizes=\"(max-width: 1280px) 100vw, 1280px\" \/><\/div><\/a>\n\t\t\t\t<div class=\"elementor-post__text\">\n\t\t\t\t<h3 class=\"elementor-post__title\">\n\t\t\t<a href=\"https:\/\/kulturonline.tv\/de\/vorschau-unsere-naechsten-studiogaeste-in-der-rubrik-musiktipp\/\" >\n\t\t\t\tVorschau: Unsere n\u00e4chsten Studiog\u00e4ste in der Rubrik &#8222;Musiktipp&#8220;\t\t\t<\/a>\n\t\t<\/h3>\n\t\t\t\t<div class=\"elementor-post__excerpt\">\n\t\t\t<p>Wir freuen uns \u00fcber den regen Zuspruch unseres neuen Online-Videoformates &#8222;Musiktipp&#8220; In unserem n\u00e4chsten Kultur Online TV<\/p>\n\t\t<\/div>\n\t\t\t\t<\/div>\n\t\t\t\t\t<\/div>\n\t\t<\/article>\n\t\t\t\t<article class=\"elementor-post elementor-grid-item post-5396 post type-post status-publish format-standard has-post-thumbnail hentry category-news-ueber-uns\" role=\"listitem\">\n\t\t\t<div class=\"elementor-post__card\">\n\t\t\t\t<a class=\"elementor-post__thumbnail__link\" href=\"https:\/\/kulturonline.tv\/de\/neue-online-late-night-show-mit-martin-bornemeier-auf-kulturonline-tv\/\" tabindex=\"-1\" ><div class=\"elementor-post__thumbnail\"><img loading=\"lazy\" decoding=\"async\" width=\"2560\" height=\"1440\" src=\"https:\/\/kulturonline.tv\/wp-content\/uploads\/2021\/09\/Martin-Bornemeier-2-gross-scaled.jpg\" class=\"attachment-full size-full wp-image-5402\" alt=\"\" srcset=\"https:\/\/kulturonline.tv\/wp-content\/uploads\/2021\/09\/Martin-Bornemeier-2-gross-scaled.jpg 2560w, https:\/\/kulturonline.tv\/wp-content\/uploads\/2021\/09\/Martin-Bornemeier-2-gross-scaled-600x338.jpg 600w, https:\/\/kulturonline.tv\/wp-content\/uploads\/2021\/09\/Martin-Bornemeier-2-gross-800x450.jpg 800w, https:\/\/kulturonline.tv\/wp-content\/uploads\/2021\/09\/Martin-Bornemeier-2-gross-1600x900.jpg 1600w, https:\/\/kulturonline.tv\/wp-content\/uploads\/2021\/09\/Martin-Bornemeier-2-gross-768x432.jpg 768w, https:\/\/kulturonline.tv\/wp-content\/uploads\/2021\/09\/Martin-Bornemeier-2-gross-1536x864.jpg 1536w, https:\/\/kulturonline.tv\/wp-content\/uploads\/2021\/09\/Martin-Bornemeier-2-gross-2048x1152.jpg 2048w\" sizes=\"(max-width: 2560px) 100vw, 2560px\" \/><\/div><\/a>\n\t\t\t\t<div class=\"elementor-post__text\">\n\t\t\t\t<h3 class=\"elementor-post__title\">\n\t\t\t<a href=\"https:\/\/kulturonline.tv\/de\/neue-online-late-night-show-mit-martin-bornemeier-auf-kulturonline-tv\/\" >\n\t\t\t\tNeue &#8222;Online Late Night Show&#8220; mit Martin Bornemeier&#8220; auf kulturonline.tv!\t\t\t<\/a>\n\t\t<\/h3>\n\t\t\t\t<div class=\"elementor-post__excerpt\">\n\t\t\t<p>Martin Bornemeier Journalist aus K\u00f6ln startet ab Freitag den 10.September 2021 mit seiner neuen w\u00f6chentlichen &#8222;Online Late<\/p>\n\t\t<\/div>\n\t\t\t\t<\/div>\n\t\t\t\t\t<\/div>\n\t\t<\/article>\n\t\t\t\t<article class=\"elementor-post elementor-grid-item post-5259 post type-post status-publish format-standard has-post-thumbnail hentry category-news-ueber-uns\" role=\"listitem\">\n\t\t\t<div class=\"elementor-post__card\">\n\t\t\t\t<a class=\"elementor-post__thumbnail__link\" href=\"https:\/\/kulturonline.tv\/de\/unser-erstes-studiointerview\/\" tabindex=\"-1\" ><div class=\"elementor-post__thumbnail\"><img loading=\"lazy\" decoding=\"async\" width=\"1280\" height=\"720\" src=\"https:\/\/kulturonline.tv\/wp-content\/uploads\/2021\/09\/music-17.png\" class=\"attachment-full size-full wp-image-22562\" alt=\"\" srcset=\"https:\/\/kulturonline.tv\/wp-content\/uploads\/2021\/09\/music-17.png 1280w, https:\/\/kulturonline.tv\/wp-content\/uploads\/2021\/09\/music-17-600x338.png 600w, https:\/\/kulturonline.tv\/wp-content\/uploads\/2021\/09\/music-17-800x450.png 800w, https:\/\/kulturonline.tv\/wp-content\/uploads\/2021\/09\/music-17-768x432.png 768w\" sizes=\"(max-width: 1280px) 100vw, 1280px\" \/><\/div><\/a>\n\t\t\t\t<div class=\"elementor-post__text\">\n\t\t\t\t<h3 class=\"elementor-post__title\">\n\t\t\t<a href=\"https:\/\/kulturonline.tv\/de\/unser-erstes-studiointerview\/\" >\n\t\t\t\tMusikern Marley Wildthing\t\t\t<\/a>\n\t\t<\/h3>\n\t\t\t\t<div class=\"elementor-post__excerpt\">\n\t\t\t<p>GESPR\u00c4CH INTERVIEW Am Freitag den 04.September sind wir mit unserem ersten Studiointerview in der Reihe &#8222;Music Tipp&#8220;<\/p>\n\t\t<\/div>\n\t\t\t\t<\/div>\n\t\t\t\t\t<\/div>\n\t\t<\/article>\n\t\t\t\t<article class=\"elementor-post elementor-grid-item post-5115 post type-post status-publish format-standard has-post-thumbnail hentry category-news-ueber-uns\" role=\"listitem\">\n\t\t\t<div class=\"elementor-post__card\">\n\t\t\t\t<a class=\"elementor-post__thumbnail__link\" href=\"https:\/\/kulturonline.tv\/de\/interview-mit-leon-loewentraut\/\" tabindex=\"-1\" ><div class=\"elementor-post__thumbnail\"><img loading=\"lazy\" decoding=\"async\" width=\"900\" height=\"506\" src=\"https:\/\/kulturonline.tv\/wp-content\/uploads\/2021\/08\/Leon-Loewentraut.jpeg\" class=\"attachment-full size-full wp-image-5117\" alt=\"\" srcset=\"https:\/\/kulturonline.tv\/wp-content\/uploads\/2021\/08\/Leon-Loewentraut.jpeg 900w, https:\/\/kulturonline.tv\/wp-content\/uploads\/2021\/08\/Leon-Loewentraut-600x337.jpeg 600w, https:\/\/kulturonline.tv\/wp-content\/uploads\/2021\/08\/Leon-Loewentraut-300x169.jpeg 300w, https:\/\/kulturonline.tv\/wp-content\/uploads\/2021\/08\/Leon-Loewentraut-768x432.jpeg 768w\" sizes=\"(max-width: 900px) 100vw, 900px\" \/><\/div><\/a>\n\t\t\t\t<div class=\"elementor-post__text\">\n\t\t\t\t<h3 class=\"elementor-post__title\">\n\t\t\t<a href=\"https:\/\/kulturonline.tv\/de\/interview-mit-leon-loewentraut\/\" >\n\t\t\t\tInterview mit Leon L\u00f6wentraut\t\t\t<\/a>\n\t\t<\/h3>\n\t\t\t\t<div class=\"elementor-post__excerpt\">\n\t\t\t<p>Der erst 23-j\u00e4hrige K\u00fcnstler\u00a0Leon L\u00f6wentraut\u00a0er\u00f6ffnete heute Donnerstag 26. August 2021 im Bayerischen Nationalmuseum seine Solo Ausstellung \u201cLeonismo\u201d.<\/p>\n\t\t<\/div>\n\t\t\t\t<\/div>\n\t\t\t\t\t<\/div>\n\t\t<\/article>\n\t\t\t\t<article class=\"elementor-post elementor-grid-item post-5068 post type-post status-publish format-standard has-post-thumbnail hentry category-news-ueber-uns\" role=\"listitem\">\n\t\t\t<div class=\"elementor-post__card\">\n\t\t\t\t<a class=\"elementor-post__thumbnail__link\" href=\"https:\/\/kulturonline.tv\/de\/unsere-werbefilm-und-audiospot-produktionen\/\" tabindex=\"-1\" ><div class=\"elementor-post__thumbnail\"><img loading=\"lazy\" decoding=\"async\" width=\"1380\" height=\"720\" src=\"https:\/\/kulturonline.tv\/wp-content\/uploads\/2021\/08\/001-1.png\" class=\"attachment-full size-full wp-image-5072\" alt=\"\" srcset=\"https:\/\/kulturonline.tv\/wp-content\/uploads\/2021\/08\/001-1.png 1380w, https:\/\/kulturonline.tv\/wp-content\/uploads\/2021\/08\/001-1-600x313.png 600w, https:\/\/kulturonline.tv\/wp-content\/uploads\/2021\/08\/001-1-300x157.png 300w, https:\/\/kulturonline.tv\/wp-content\/uploads\/2021\/08\/001-1-1024x534.png 1024w, https:\/\/kulturonline.tv\/wp-content\/uploads\/2021\/08\/001-1-768x401.png 768w\" sizes=\"(max-width: 1380px) 100vw, 1380px\" \/><\/div><\/a>\n\t\t\t\t<div class=\"elementor-post__text\">\n\t\t\t\t<h3 class=\"elementor-post__title\">\n\t\t\t<a href=\"https:\/\/kulturonline.tv\/de\/unsere-werbefilm-und-audiospot-produktionen\/\" >\n\t\t\t\tUnsere Werbefilm und Audiospot Produktionen\t\t\t<\/a>\n\t\t<\/h3>\n\t\t\t\t<div class=\"elementor-post__excerpt\">\n\t\t\t<p>Wir produzieren alle Werbefilme und Audio Werbespot f\u00fcr unsere Kunden inhouse. Unsere Mitarbeiter*innen haben langj\u00e4hrige Erfahrungen in<\/p>\n\t\t<\/div>\n\t\t\t\t<\/div>\n\t\t\t\t\t<\/div>\n\t\t<\/article>\n\t\t\t\t<article class=\"elementor-post elementor-grid-item post-5058 post type-post status-publish format-standard has-post-thumbnail hentry category-news-ueber-uns\" role=\"listitem\">\n\t\t\t<div class=\"elementor-post__card\">\n\t\t\t\t<a class=\"elementor-post__thumbnail__link\" href=\"https:\/\/kulturonline.tv\/de\/werden-sie-unser-werbepartner\/\" tabindex=\"-1\" ><div class=\"elementor-post__thumbnail\"><img loading=\"lazy\" decoding=\"async\" width=\"1920\" height=\"1080\" src=\"https:\/\/kulturonline.tv\/wp-content\/uploads\/2021\/08\/werben-mit-kultur-online-tv.png\" class=\"attachment-full size-full wp-image-5060\" alt=\"\" srcset=\"https:\/\/kulturonline.tv\/wp-content\/uploads\/2021\/08\/werben-mit-kultur-online-tv.png 1920w, https:\/\/kulturonline.tv\/wp-content\/uploads\/2021\/08\/werben-mit-kultur-online-tv-600x338.png 600w, https:\/\/kulturonline.tv\/wp-content\/uploads\/2021\/08\/werben-mit-kultur-online-tv-300x169.png 300w, https:\/\/kulturonline.tv\/wp-content\/uploads\/2021\/08\/werben-mit-kultur-online-tv-1024x576.png 1024w, https:\/\/kulturonline.tv\/wp-content\/uploads\/2021\/08\/werben-mit-kultur-online-tv-768x432.png 768w, https:\/\/kulturonline.tv\/wp-content\/uploads\/2021\/08\/werben-mit-kultur-online-tv-1536x864.png 1536w\" sizes=\"(max-width: 1920px) 100vw, 1920px\" \/><\/div><\/a>\n\t\t\t\t<div class=\"elementor-post__text\">\n\t\t\t\t<h3 class=\"elementor-post__title\">\n\t\t\t<a href=\"https:\/\/kulturonline.tv\/de\/werden-sie-unser-werbepartner\/\" >\n\t\t\t\tWerde unser Werbepartner\t\t\t<\/a>\n\t\t<\/h3>\n\t\t\t\t<div class=\"elementor-post__excerpt\">\n\t\t\t<p>Durch Deine Werbung mit uns unterst\u00fctzt Du Kultur und Kunstschaffende. Das Konzept von Kultur Online TV ist<\/p>\n\t\t<\/div>\n\t\t\t\t<\/div>\n\t\t\t\t\t<\/div>\n\t\t<\/article>\n\t\t\t\t<article class=\"elementor-post elementor-grid-item post-5053 post type-post status-publish format-standard has-post-thumbnail hentry category-news-ueber-uns\" role=\"listitem\">\n\t\t\t<div class=\"elementor-post__card\">\n\t\t\t\t<a class=\"elementor-post__thumbnail__link\" href=\"https:\/\/kulturonline.tv\/de\/kultur-zum-hoeren\/\" tabindex=\"-1\" ><div class=\"elementor-post__thumbnail\"><img loading=\"lazy\" decoding=\"async\" width=\"1920\" height=\"1080\" src=\"https:\/\/kulturonline.tv\/wp-content\/uploads\/2021\/08\/Kultur-zum-Hoeren-www.kulturonline.tv_.png\" class=\"attachment-full size-full wp-image-5055\" alt=\"\" srcset=\"https:\/\/kulturonline.tv\/wp-content\/uploads\/2021\/08\/Kultur-zum-Hoeren-www.kulturonline.tv_.png 1920w, https:\/\/kulturonline.tv\/wp-content\/uploads\/2021\/08\/Kultur-zum-Hoeren-www.kulturonline.tv_-600x338.png 600w, https:\/\/kulturonline.tv\/wp-content\/uploads\/2021\/08\/Kultur-zum-Hoeren-www.kulturonline.tv_-300x169.png 300w, https:\/\/kulturonline.tv\/wp-content\/uploads\/2021\/08\/Kultur-zum-Hoeren-www.kulturonline.tv_-1024x576.png 1024w, https:\/\/kulturonline.tv\/wp-content\/uploads\/2021\/08\/Kultur-zum-Hoeren-www.kulturonline.tv_-768x432.png 768w, https:\/\/kulturonline.tv\/wp-content\/uploads\/2021\/08\/Kultur-zum-Hoeren-www.kulturonline.tv_-1536x864.png 1536w\" sizes=\"(max-width: 1920px) 100vw, 1920px\" \/><\/div><\/a>\n\t\t\t\t<div class=\"elementor-post__text\">\n\t\t\t\t<h3 class=\"elementor-post__title\">\n\t\t\t<a href=\"https:\/\/kulturonline.tv\/de\/kultur-zum-hoeren\/\" >\n\t\t\t\tKultur zum H\u00f6ren\t\t\t<\/a>\n\t\t<\/h3>\n\t\t\t\t<div class=\"elementor-post__excerpt\">\n\t\t\t<p>Aktuelle Beitr\u00e4ge aus der Kunst und Kulturszene und Musik abseits vom Mainstream mit Kultur Online FM Kultur<\/p>\n\t\t<\/div>\n\t\t\t\t<\/div>\n\t\t\t\t\t<\/div>\n\t\t<\/article>\n\t\t\t\t<article class=\"elementor-post elementor-grid-item post-5035 post type-post status-publish format-standard has-post-thumbnail hentry category-news-ueber-uns\" role=\"listitem\">\n\t\t\t<div class=\"elementor-post__card\">\n\t\t\t\t<a class=\"elementor-post__thumbnail__link\" href=\"https:\/\/kulturonline.tv\/de\/kultur-online-tv-i-fm-produktionen\/\" tabindex=\"-1\" ><div class=\"elementor-post__thumbnail\"><img loading=\"lazy\" decoding=\"async\" width=\"836\" height=\"382\" src=\"https:\/\/kulturonline.tv\/wp-content\/uploads\/2021\/08\/Studio-001-Collage.jpg\" class=\"attachment-full size-full wp-image-5039\" alt=\"\" srcset=\"https:\/\/kulturonline.tv\/wp-content\/uploads\/2021\/08\/Studio-001-Collage.jpg 836w, https:\/\/kulturonline.tv\/wp-content\/uploads\/2021\/08\/Studio-001-Collage-600x274.jpg 600w, https:\/\/kulturonline.tv\/wp-content\/uploads\/2021\/08\/Studio-001-Collage-300x137.jpg 300w, https:\/\/kulturonline.tv\/wp-content\/uploads\/2021\/08\/Studio-001-Collage-768x351.jpg 768w\" sizes=\"(max-width: 836px) 100vw, 836px\" \/><\/div><\/a>\n\t\t\t\t<div class=\"elementor-post__text\">\n\t\t\t\t<h3 class=\"elementor-post__title\">\n\t\t\t<a href=\"https:\/\/kulturonline.tv\/de\/kultur-online-tv-i-fm-produktionen\/\" >\n\t\t\t\tKultur Online TV I FM Produktionen\t\t\t<\/a>\n\t\t<\/h3>\n\t\t\t\t<div class=\"elementor-post__excerpt\">\n\t\t\t<p>Kultur ist nicht nur Systemrelevant sondern es stellt sich auch die Frage, wie lange Menschen ohne Kultur<\/p>\n\t\t<\/div>\n\t\t\t\t<\/div>\n\t\t\t\t\t<\/div>\n\t\t<\/article>\n\t\t\t\t<article class=\"elementor-post elementor-grid-item post-4937 post type-post status-publish format-standard has-post-thumbnail hentry category-news-ueber-uns\" role=\"listitem\">\n\t\t\t<div class=\"elementor-post__card\">\n\t\t\t\t<a class=\"elementor-post__thumbnail__link\" href=\"https:\/\/kulturonline.tv\/de\/der-kultur-online-tv-blog\/\" tabindex=\"-1\" ><div class=\"elementor-post__thumbnail\"><img loading=\"lazy\" decoding=\"async\" width=\"1380\" height=\"720\" src=\"https:\/\/kulturonline.tv\/wp-content\/uploads\/2021\/08\/kultur-flasch-19.png\" class=\"attachment-full size-full wp-image-4939\" alt=\"\" srcset=\"https:\/\/kulturonline.tv\/wp-content\/uploads\/2021\/08\/kultur-flasch-19.png 1380w, https:\/\/kulturonline.tv\/wp-content\/uploads\/2021\/08\/kultur-flasch-19-600x313.png 600w, https:\/\/kulturonline.tv\/wp-content\/uploads\/2021\/08\/kultur-flasch-19-300x157.png 300w, https:\/\/kulturonline.tv\/wp-content\/uploads\/2021\/08\/kultur-flasch-19-1024x534.png 1024w, https:\/\/kulturonline.tv\/wp-content\/uploads\/2021\/08\/kultur-flasch-19-768x401.png 768w\" sizes=\"(max-width: 1380px) 100vw, 1380px\" \/><\/div><\/a>\n\t\t\t\t<div class=\"elementor-post__text\">\n\t\t\t\t<h3 class=\"elementor-post__title\">\n\t\t\t<a href=\"https:\/\/kulturonline.tv\/de\/der-kultur-online-tv-blog\/\" >\n\t\t\t\tDer Kultur Online TV Blog\t\t\t<\/a>\n\t\t<\/h3>\n\t\t\t\t<div class=\"elementor-post__excerpt\">\n\t\t\t<p>Auf dieser Blogseite informieren wir Euch \u00fcber unsere laufenden Aktivit\u00e4ten und sonstigen Termine von Veranstaltungen\/Events, Studiog\u00e4sten, Interviews<\/p>\n\t\t<\/div>\n\t\t\t\t<\/div>\n\t\t\t\t\t<\/div>\n\t\t<\/article>\n\t\t\t\t<\/div>\n\t\t\n\t\t\t\t\t\t<\/div>\n\t\t\t\t<\/div>\n\t\t\t\t\t<\/div>\n\t\t<\/div>\n\t\t\t\t\t<\/div>\n\t\t<\/section>\n\t\t\t\t<div class=\"elementor-element elementor-element-c8989de elementor-widget elementor-widget-spacer\" data-id=\"c8989de\" data-element_type=\"widget\" data-widget_type=\"spacer.default\">\n\t\t\t\t<div class=\"elementor-widget-container\">\n\t\t\t\t\t\t\t<div class=\"elementor-spacer\">\n\t\t\t<div class=\"elementor-spacer-inner\"><\/div>\n\t\t<\/div>\n\t\t\t\t\t\t<\/div>\n\t\t\t\t<\/div>\n\t\t\t\t<div class=\"elementor-element elementor-element-4d5787b elementor-widget elementor-widget-spacer\" data-id=\"4d5787b\" data-element_type=\"widget\" data-widget_type=\"spacer.default\">\n\t\t\t\t<div class=\"elementor-widget-container\">\n\t\t\t\t\t\t\t<div class=\"elementor-spacer\">\n\t\t\t<div class=\"elementor-spacer-inner\"><\/div>\n\t\t<\/div>\n\t\t\t\t\t\t<\/div>\n\t\t\t\t<\/div>\n\t\t\t\t<div class=\"elementor-element elementor-element-0ae2f34 elementor-widget elementor-widget-image\" data-id=\"0ae2f34\" data-element_type=\"widget\" data-widget_type=\"image.default\">\n\t\t\t\t<div class=\"elementor-widget-container\">\n\t\t\t\t\t\t\t\t\t\t\t\t\t\t\t<img loading=\"lazy\" decoding=\"async\" width=\"2560\" height=\"640\" src=\"https:\/\/kulturonline.tv\/wp-content\/uploads\/2022\/08\/Werde-unser-Werbepartner-Kultur-Online-TV.png\" class=\"attachment-full size-full wp-image-34866\" alt=\"\" srcset=\"https:\/\/kulturonline.tv\/wp-content\/uploads\/2022\/08\/Werde-unser-Werbepartner-Kultur-Online-TV.png 2560w, https:\/\/kulturonline.tv\/wp-content\/uploads\/2022\/08\/Werde-unser-Werbepartner-Kultur-Online-TV-600x150.png 600w, https:\/\/kulturonline.tv\/wp-content\/uploads\/2022\/08\/Werde-unser-Werbepartner-Kultur-Online-TV-800x200.png 800w, https:\/\/kulturonline.tv\/wp-content\/uploads\/2022\/08\/Werde-unser-Werbepartner-Kultur-Online-TV-1600x400.png 1600w, https:\/\/kulturonline.tv\/wp-content\/uploads\/2022\/08\/Werde-unser-Werbepartner-Kultur-Online-TV-768x192.png 768w, https:\/\/kulturonline.tv\/wp-content\/uploads\/2022\/08\/Werde-unser-Werbepartner-Kultur-Online-TV-1536x384.png 1536w, https:\/\/kulturonline.tv\/wp-content\/uploads\/2022\/08\/Werde-unser-Werbepartner-Kultur-Online-TV-2048x512.png 2048w\" sizes=\"(max-width: 2560px) 100vw, 2560px\" \/>\t\t\t\t\t\t\t\t\t\t\t\t\t\t\t<\/div>\n\t\t\t\t<\/div>\n\t\t\t\t<div class=\"elementor-element elementor-element-e9a42a7 elementor-widget__width-auto elementor-widget elementor-widget-heading\" data-id=\"e9a42a7\" data-element_type=\"widget\" data-widget_type=\"heading.default\">\n\t\t\t\t<div class=\"elementor-widget-container\">\n\t\t\t\t\t<h1 class=\"elementor-heading-title elementor-size-default\"><a href=\"https:\/\/kulturonline.tv\/de\/kategorie\/musik\">Durch Deine Werbung &amp; Partnerschaft mit uns, unterst\u00fczt Du die Kunst und Kulturszene <\/a><\/h1>\t\t\t\t<\/div>\n\t\t\t\t<\/div>\n\t\t\t\t<div class=\"elementor-element elementor-element-45e1b66 elementor-widget elementor-widget-heading\" data-id=\"45e1b66\" data-element_type=\"widget\" data-widget_type=\"heading.default\">\n\t\t\t\t<div class=\"elementor-widget-container\">\n\t\t\t\t\t<h2 class=\"elementor-heading-title elementor-size-default\">Gib hier deine \u00dcberschrift ein<\/h2>\t\t\t\t<\/div>\n\t\t\t\t<\/div>\n\t\t\t\t<div class=\"elementor-element elementor-element-01632a2 elementor-widget elementor-widget-spacer\" data-id=\"01632a2\" data-element_type=\"widget\" data-widget_type=\"spacer.default\">\n\t\t\t\t<div class=\"elementor-widget-container\">\n\t\t\t\t\t\t\t<div class=\"elementor-spacer\">\n\t\t\t<div class=\"elementor-spacer-inner\"><\/div>\n\t\t<\/div>\n\t\t\t\t\t\t<\/div>\n\t\t\t\t<\/div>\n\t\t\t\t<div class=\"elementor-element elementor-element-19de3e8 elementor-widget elementor-widget-html\" data-id=\"19de3e8\" data-element_type=\"widget\" data-widget_type=\"html.default\">\n\t\t\t\t<div class=\"elementor-widget-container\">\n\t\t\t\t\t<a href=\"https:\/\/t.adcell.com\/p\/click?promoId=296150&slotId=98564\" target=\"_blank\" >\r\n    <img loading=\"lazy\" decoding=\"async\" src=\"https:\/\/t.adcell.com\/p\/image?promoId=296150&slotId=98564\" width=\"928\" height=\"90\" border=\"0\" alt=\"blankroast.de\" \/>\r\n<\/a>\t\t\t\t<\/div>\n\t\t\t\t<\/div>\n\t\t\t\t<div class=\"elementor-element elementor-element-6744879 elementor-widget elementor-widget-spacer\" data-id=\"6744879\" data-element_type=\"widget\" data-widget_type=\"spacer.default\">\n\t\t\t\t<div class=\"elementor-widget-container\">\n\t\t\t\t\t\t\t<div class=\"elementor-spacer\">\n\t\t\t<div class=\"elementor-spacer-inner\"><\/div>\n\t\t<\/div>\n\t\t\t\t\t\t<\/div>\n\t\t\t\t<\/div>\n\t\t\t\t<div class=\"elementor-element elementor-element-7539409 elementor-widget elementor-widget-spacer\" data-id=\"7539409\" data-element_type=\"widget\" data-widget_type=\"spacer.default\">\n\t\t\t\t<div class=\"elementor-widget-container\">\n\t\t\t\t\t\t\t<div class=\"elementor-spacer\">\n\t\t\t<div class=\"elementor-spacer-inner\"><\/div>\n\t\t<\/div>\n\t\t\t\t\t\t<\/div>\n\t\t\t\t<\/div>\n\t\t\t\t\t<\/div>\n\t\t<\/div>\n\t\t\t\t<div class=\"elementor-column elementor-col-33 elementor-top-column elementor-element elementor-element-2b45c30\" data-id=\"2b45c30\" data-element_type=\"column\">\n\t\t\t<div class=\"elementor-widget-wrap elementor-element-populated\">\n\t\t\t\t\t\t<div class=\"elementor-element elementor-element-ca65432 elementor-widget elementor-widget-spacer\" data-id=\"ca65432\" data-element_type=\"widget\" data-widget_type=\"spacer.default\">\n\t\t\t\t<div class=\"elementor-widget-container\">\n\t\t\t\t\t\t\t<div class=\"elementor-spacer\">\n\t\t\t<div class=\"elementor-spacer-inner\"><\/div>\n\t\t<\/div>\n\t\t\t\t\t\t<\/div>\n\t\t\t\t<\/div>\n\t\t\t\t<div class=\"elementor-element elementor-element-4299f14 elementor-widget elementor-widget-image\" data-id=\"4299f14\" data-element_type=\"widget\" data-settings=\"{&quot;sticky&quot;:&quot;top&quot;,&quot;sticky_on&quot;:[&quot;desktop&quot;,&quot;tablet&quot;],&quot;sticky_effects_offset&quot;:4,&quot;sticky_offset&quot;:0,&quot;sticky_anchor_link_offset&quot;:0}\" data-widget_type=\"image.default\">\n\t\t\t\t<div class=\"elementor-widget-container\">\n\t\t\t\t\t\t\t\t\t\t\t\t\t\t\t<img loading=\"lazy\" decoding=\"async\" width=\"606\" height=\"852\" src=\"https:\/\/kulturonline.tv\/wp-content\/uploads\/2022\/08\/ueber-uns-blog.png\" class=\"attachment-large size-large wp-image-34298\" alt=\"\" srcset=\"https:\/\/kulturonline.tv\/wp-content\/uploads\/2022\/08\/ueber-uns-blog.png 606w, https:\/\/kulturonline.tv\/wp-content\/uploads\/2022\/08\/ueber-uns-blog-600x844.png 600w, https:\/\/kulturonline.tv\/wp-content\/uploads\/2022\/08\/ueber-uns-blog-569x800.png 569w\" sizes=\"(max-width: 606px) 100vw, 606px\" \/>\t\t\t\t\t\t\t\t\t\t\t\t\t\t\t<\/div>\n\t\t\t\t<\/div>\n\t\t\t\t\t<\/div>\n\t\t<\/div>\n\t\t\t\t\t<\/div>\n\t\t<\/section>\n\t\t\t\t<section class=\"elementor-section elementor-top-section elementor-element elementor-element-a8529ea elementor-section-boxed elementor-section-height-default elementor-section-height-default\" data-id=\"a8529ea\" data-element_type=\"section\">\n\t\t\t\t\t\t<div class=\"elementor-container elementor-column-gap-default\">\n\t\t\t\t\t<div class=\"elementor-column elementor-col-20 elementor-top-column elementor-element elementor-element-7eb3093\" data-id=\"7eb3093\" data-element_type=\"column\">\n\t\t\t<div class=\"elementor-widget-wrap elementor-element-populated\">\n\t\t\t\t\t\t<div class=\"elementor-element elementor-element-5b4f114 elementor-widget elementor-widget-image\" data-id=\"5b4f114\" data-element_type=\"widget\" data-widget_type=\"image.default\">\n\t\t\t\t<div class=\"elementor-widget-container\">\n\t\t\t\t\t\t\t\t\t\t\t\t\t\t\t<img loading=\"lazy\" decoding=\"async\" width=\"606\" height=\"852\" src=\"https:\/\/kulturonline.tv\/wp-content\/uploads\/2022\/08\/001.png\" class=\"attachment-large size-large wp-image-34135\" alt=\"\" srcset=\"https:\/\/kulturonline.tv\/wp-content\/uploads\/2022\/08\/001.png 606w, https:\/\/kulturonline.tv\/wp-content\/uploads\/2022\/08\/001-600x844.png 600w, https:\/\/kulturonline.tv\/wp-content\/uploads\/2022\/08\/001-569x800.png 569w\" sizes=\"(max-width: 606px) 100vw, 606px\" \/>\t\t\t\t\t\t\t\t\t\t\t\t\t\t\t<\/div>\n\t\t\t\t<\/div>\n\t\t\t\t\t<\/div>\n\t\t<\/div>\n\t\t\t\t<div class=\"elementor-column elementor-col-20 elementor-top-column elementor-element elementor-element-4c72377\" data-id=\"4c72377\" data-element_type=\"column\">\n\t\t\t<div class=\"elementor-widget-wrap elementor-element-populated\">\n\t\t\t\t\t\t<div class=\"elementor-element elementor-element-cf2ef5d elementor-widget elementor-widget-image\" data-id=\"cf2ef5d\" data-element_type=\"widget\" data-widget_type=\"image.default\">\n\t\t\t\t<div class=\"elementor-widget-container\">\n\t\t\t\t\t\t\t\t\t\t\t\t\t\t\t\t<a href=\"https:\/\/kulturonline.tv\/de\/uncategorized\/das-sind-wir-blog-news\">\n\t\t\t\t\t\t\t<img loading=\"lazy\" decoding=\"async\" width=\"606\" height=\"852\" src=\"https:\/\/kulturonline.tv\/wp-content\/uploads\/2022\/08\/blog-ueber-uns.png\" class=\"attachment-large size-large wp-image-34303\" alt=\"\" srcset=\"https:\/\/kulturonline.tv\/wp-content\/uploads\/2022\/08\/blog-ueber-uns.png 606w, https:\/\/kulturonline.tv\/wp-content\/uploads\/2022\/08\/blog-ueber-uns-600x844.png 600w, https:\/\/kulturonline.tv\/wp-content\/uploads\/2022\/08\/blog-ueber-uns-569x800.png 569w\" sizes=\"(max-width: 606px) 100vw, 606px\" \/>\t\t\t\t\t\t\t\t<\/a>\n\t\t\t\t\t\t\t\t\t\t\t\t\t\t\t<\/div>\n\t\t\t\t<\/div>\n\t\t\t\t\t<\/div>\n\t\t<\/div>\n\t\t\t\t<div class=\"elementor-column elementor-col-20 elementor-top-column elementor-element elementor-element-5147155\" data-id=\"5147155\" data-element_type=\"column\">\n\t\t\t<div class=\"elementor-widget-wrap elementor-element-populated\">\n\t\t\t\t\t\t<div class=\"elementor-element elementor-element-5a91688 elementor-widget elementor-widget-image\" data-id=\"5a91688\" data-element_type=\"widget\" data-widget_type=\"image.default\">\n\t\t\t\t<div class=\"elementor-widget-container\">\n\t\t\t\t\t\t\t\t\t\t\t\t\t\t\t\t<a href=\"https:\/\/kulturonline.tv\/de\/das-sind-wir-mediadaten\">\n\t\t\t\t\t\t\t<img loading=\"lazy\" decoding=\"async\" width=\"606\" height=\"852\" src=\"https:\/\/kulturonline.tv\/wp-content\/uploads\/2022\/08\/6060x852-media.png\" class=\"attachment-large size-large wp-image-35010\" alt=\"\" srcset=\"https:\/\/kulturonline.tv\/wp-content\/uploads\/2022\/08\/6060x852-media.png 606w, https:\/\/kulturonline.tv\/wp-content\/uploads\/2022\/08\/6060x852-media-600x844.png 600w, https:\/\/kulturonline.tv\/wp-content\/uploads\/2022\/08\/6060x852-media-569x800.png 569w\" sizes=\"(max-width: 606px) 100vw, 606px\" \/>\t\t\t\t\t\t\t\t<\/a>\n\t\t\t\t\t\t\t\t\t\t\t\t\t\t\t<\/div>\n\t\t\t\t<\/div>\n\t\t\t\t\t<\/div>\n\t\t<\/div>\n\t\t\t\t<div class=\"elementor-column elementor-col-20 elementor-top-column elementor-element elementor-element-6a284b1\" data-id=\"6a284b1\" data-element_type=\"column\">\n\t\t\t<div class=\"elementor-widget-wrap\">\n\t\t\t\t\t\t\t<\/div>\n\t\t<\/div>\n\t\t\t\t<div class=\"elementor-column elementor-col-20 elementor-top-column elementor-element elementor-element-3e9071c\" data-id=\"3e9071c\" data-element_type=\"column\">\n\t\t\t<div class=\"elementor-widget-wrap\">\n\t\t\t\t\t\t\t<\/div>\n\t\t<\/div>\n\t\t\t\t\t<\/div>\n\t\t<\/section>\n\t\t\t\t<\/div>\n\t\t","protected":false},"excerpt":{"rendered":"<p>Wir halten unsere User am laufenden In diesem Blogpost&nbsp;geben&nbsp;wir&nbsp;eine \u00dcbersicht \u00fcber unsere Arbeiten&nbsp; Durch Deine Werbung &amp; Partnerschaft<\/p>\n","protected":false},"author":2,"featured_media":0,"comment_status":"closed","ping_status":"closed","sticky":false,"template":"elementor_header_footer","format":"standard","meta":{"_acf_changed":false,"footnotes":""},"categories":[118],"tags":[],"class_list":["post-35053","post","type-post","status-publish","format-standard","hentry","category-uncategorized"],"acf":[],"yoast_head":"<!-- This site is optimized with the Yoast SEO plugin v26.1.1 - https:\/\/yoast.com\/wordpress\/plugins\/seo\/ -->\n<title>Das sind wir Blog News - Kultur Online TV &amp; FM<\/title>\n<meta name=\"description\" content=\"Kultur sehen und H\u00f6ren\" \/>\n<meta name=\"robots\" content=\"index, follow, max-snippet:-1, max-image-preview:large, max-video-preview:-1\" \/>\n<link rel=\"canonical\" href=\"https:\/\/kulturonline.tv\/de\/das-sind-wir-blog-news\/\" \/>\n<meta property=\"og:locale\" content=\"de_DE\" \/>\n<meta property=\"og:type\" content=\"article\" \/>\n<meta property=\"og:title\" content=\"Das sind wir Blog News - Kultur Online TV &amp; FM\" \/>\n<meta property=\"og:description\" content=\"Kultur sehen und H\u00f6ren\" \/>\n<meta property=\"og:url\" content=\"https:\/\/kulturonline.tv\/de\/das-sind-wir-blog-news\/\" \/>\n<meta property=\"og:site_name\" content=\"Kultur Online TV &amp; FM\" \/>\n<meta property=\"article:publisher\" content=\"https:\/\/www.facebook.com\/kulturonline.tv\" \/>\n<meta property=\"article:published_time\" content=\"2022-08-25T20:17:01+00:00\" \/>\n<meta property=\"article:modified_time\" content=\"2023-01-12T00:35:55+00:00\" \/>\n<meta property=\"og:image\" content=\"https:\/\/kulturonline.tv\/wp-content\/uploads\/2022\/08\/neu-1600x902.jpg\" \/>\n<meta name=\"author\" content=\"guenter.wolfgang\" \/>\n<meta name=\"twitter:card\" content=\"summary_large_image\" \/>\n<meta name=\"twitter:label1\" content=\"Verfasst von\" \/>\n\t<meta name=\"twitter:data1\" content=\"guenter.wolfgang\" \/>\n<script type=\"application\/ld+json\" class=\"yoast-schema-graph\">{\"@context\":\"https:\/\/schema.org\",\"@graph\":[{\"@type\":\"Article\",\"@id\":\"https:\/\/kulturonline.tv\/de\/das-sind-wir-blog-news\/#article\",\"isPartOf\":{\"@id\":\"https:\/\/kulturonline.tv\/de\/das-sind-wir-blog-news\/\"},\"author\":{\"name\":\"guenter.wolfgang\",\"@id\":\"https:\/\/kulturonline.tv\/de\/#\/schema\/person\/b0fac729bb9a0c193fb1df23449df4fe\"},\"headline\":\"Das sind wir Blog News\",\"datePublished\":\"2022-08-25T20:17:01+00:00\",\"dateModified\":\"2023-01-12T00:35:55+00:00\",\"mainEntityOfPage\":{\"@id\":\"https:\/\/kulturonline.tv\/de\/das-sind-wir-blog-news\/\"},\"wordCount\":44,\"publisher\":{\"@id\":\"https:\/\/kulturonline.tv\/de\/#organization\"},\"image\":{\"@id\":\"https:\/\/kulturonline.tv\/de\/das-sind-wir-blog-news\/#primaryimage\"},\"thumbnailUrl\":\"https:\/\/kulturonline.tv\/wp-content\/uploads\/2022\/08\/neu-1600x902.jpg\",\"articleSection\":[\"Uncategorized @at\"],\"inLanguage\":\"de\"},{\"@type\":\"WebPage\",\"@id\":\"https:\/\/kulturonline.tv\/de\/das-sind-wir-blog-news\/\",\"url\":\"https:\/\/kulturonline.tv\/de\/das-sind-wir-blog-news\/\",\"name\":\"Das sind wir Blog News - Kultur Online TV &amp; FM\",\"isPartOf\":{\"@id\":\"https:\/\/kulturonline.tv\/de\/#website\"},\"primaryImageOfPage\":{\"@id\":\"https:\/\/kulturonline.tv\/de\/das-sind-wir-blog-news\/#primaryimage\"},\"image\":{\"@id\":\"https:\/\/kulturonline.tv\/de\/das-sind-wir-blog-news\/#primaryimage\"},\"thumbnailUrl\":\"https:\/\/kulturonline.tv\/wp-content\/uploads\/2022\/08\/neu-1600x902.jpg\",\"datePublished\":\"2022-08-25T20:17:01+00:00\",\"dateModified\":\"2023-01-12T00:35:55+00:00\",\"description\":\"Kultur sehen und H\u00f6ren\",\"breadcrumb\":{\"@id\":\"https:\/\/kulturonline.tv\/de\/das-sind-wir-blog-news\/#breadcrumb\"},\"inLanguage\":\"de\",\"potentialAction\":[{\"@type\":\"ReadAction\",\"target\":[\"https:\/\/kulturonline.tv\/de\/das-sind-wir-blog-news\/\"]}]},{\"@type\":\"ImageObject\",\"inLanguage\":\"de\",\"@id\":\"https:\/\/kulturonline.tv\/de\/das-sind-wir-blog-news\/#primaryimage\",\"url\":\"https:\/\/kulturonline.tv\/wp-content\/uploads\/2022\/08\/neu-1600x902.jpg\",\"contentUrl\":\"https:\/\/kulturonline.tv\/wp-content\/uploads\/2022\/08\/neu-1600x902.jpg\"},{\"@type\":\"BreadcrumbList\",\"@id\":\"https:\/\/kulturonline.tv\/de\/das-sind-wir-blog-news\/#breadcrumb\",\"itemListElement\":[{\"@type\":\"ListItem\",\"position\":1,\"name\":\"Startseite\",\"item\":\"https:\/\/kulturonline.tv\/de\/\"},{\"@type\":\"ListItem\",\"position\":2,\"name\":\"Das sind wir Blog News\"}]},{\"@type\":\"WebSite\",\"@id\":\"https:\/\/kulturonline.tv\/de\/#website\",\"url\":\"https:\/\/kulturonline.tv\/de\/\",\"name\":\"Kultur Online TV &amp; FM\",\"description\":\"Wir sind Kultur 2.0 zum sehen &amp; h\u00f6ren\",\"publisher\":{\"@id\":\"https:\/\/kulturonline.tv\/de\/#organization\"},\"potentialAction\":[{\"@type\":\"SearchAction\",\"target\":{\"@type\":\"EntryPoint\",\"urlTemplate\":\"https:\/\/kulturonline.tv\/de\/?s={search_term_string}\"},\"query-input\":{\"@type\":\"PropertyValueSpecification\",\"valueRequired\":true,\"valueName\":\"search_term_string\"}}],\"inLanguage\":\"de\"},{\"@type\":\"Organization\",\"@id\":\"https:\/\/kulturonline.tv\/de\/#organization\",\"name\":\"Kultur Online TV\",\"url\":\"https:\/\/kulturonline.tv\/de\/\",\"logo\":{\"@type\":\"ImageObject\",\"inLanguage\":\"de\",\"@id\":\"https:\/\/kulturonline.tv\/de\/#\/schema\/logo\/image\/\",\"url\":\"https:\/\/kulturonline.tv\/wp-content\/uploads\/2021\/08\/Kultur-Online-Tv-Logo-Endversion-neu.png\",\"contentUrl\":\"https:\/\/kulturonline.tv\/wp-content\/uploads\/2021\/08\/Kultur-Online-Tv-Logo-Endversion-neu.png\",\"width\":200,\"height\":200,\"caption\":\"Kultur Online TV\"},\"image\":{\"@id\":\"https:\/\/kulturonline.tv\/de\/#\/schema\/logo\/image\/\"},\"sameAs\":[\"https:\/\/www.facebook.com\/kulturonline.tv\",\"https:\/\/www.instagram.com\/kulturonline.tv\"]},{\"@type\":\"Person\",\"@id\":\"https:\/\/kulturonline.tv\/de\/#\/schema\/person\/b0fac729bb9a0c193fb1df23449df4fe\",\"name\":\"guenter.wolfgang\"}]}<\/script>\n<!-- \/ Yoast SEO plugin. -->","yoast_head_json":{"title":"Das sind wir Blog News - Kultur Online TV &amp; FM","description":"Kultur sehen und H\u00f6ren","robots":{"index":"index","follow":"follow","max-snippet":"max-snippet:-1","max-image-preview":"max-image-preview:large","max-video-preview":"max-video-preview:-1"},"canonical":"https:\/\/kulturonline.tv\/de\/das-sind-wir-blog-news\/","og_locale":"de_DE","og_type":"article","og_title":"Das sind wir Blog News - Kultur Online TV &amp; FM","og_description":"Kultur sehen und H\u00f6ren","og_url":"https:\/\/kulturonline.tv\/de\/das-sind-wir-blog-news\/","og_site_name":"Kultur Online TV &amp; FM","article_publisher":"https:\/\/www.facebook.com\/kulturonline.tv","article_published_time":"2022-08-25T20:17:01+00:00","article_modified_time":"2023-01-12T00:35:55+00:00","og_image":[{"url":"https:\/\/kulturonline.tv\/wp-content\/uploads\/2022\/08\/neu-1600x902.jpg","type":"","width":"","height":""}],"author":"guenter.wolfgang","twitter_card":"summary_large_image","twitter_misc":{"Verfasst von":"guenter.wolfgang"},"schema":{"@context":"https:\/\/schema.org","@graph":[{"@type":"Article","@id":"https:\/\/kulturonline.tv\/de\/das-sind-wir-blog-news\/#article","isPartOf":{"@id":"https:\/\/kulturonline.tv\/de\/das-sind-wir-blog-news\/"},"author":{"name":"guenter.wolfgang","@id":"https:\/\/kulturonline.tv\/de\/#\/schema\/person\/b0fac729bb9a0c193fb1df23449df4fe"},"headline":"Das sind wir Blog News","datePublished":"2022-08-25T20:17:01+00:00","dateModified":"2023-01-12T00:35:55+00:00","mainEntityOfPage":{"@id":"https:\/\/kulturonline.tv\/de\/das-sind-wir-blog-news\/"},"wordCount":44,"publisher":{"@id":"https:\/\/kulturonline.tv\/de\/#organization"},"image":{"@id":"https:\/\/kulturonline.tv\/de\/das-sind-wir-blog-news\/#primaryimage"},"thumbnailUrl":"https:\/\/kulturonline.tv\/wp-content\/uploads\/2022\/08\/neu-1600x902.jpg","articleSection":["Uncategorized @at"],"inLanguage":"de"},{"@type":"WebPage","@id":"https:\/\/kulturonline.tv\/de\/das-sind-wir-blog-news\/","url":"https:\/\/kulturonline.tv\/de\/das-sind-wir-blog-news\/","name":"Das sind wir Blog News - Kultur Online TV &amp; FM","isPartOf":{"@id":"https:\/\/kulturonline.tv\/de\/#website"},"primaryImageOfPage":{"@id":"https:\/\/kulturonline.tv\/de\/das-sind-wir-blog-news\/#primaryimage"},"image":{"@id":"https:\/\/kulturonline.tv\/de\/das-sind-wir-blog-news\/#primaryimage"},"thumbnailUrl":"https:\/\/kulturonline.tv\/wp-content\/uploads\/2022\/08\/neu-1600x902.jpg","datePublished":"2022-08-25T20:17:01+00:00","dateModified":"2023-01-12T00:35:55+00:00","description":"Kultur sehen und H\u00f6ren","breadcrumb":{"@id":"https:\/\/kulturonline.tv\/de\/das-sind-wir-blog-news\/#breadcrumb"},"inLanguage":"de","potentialAction":[{"@type":"ReadAction","target":["https:\/\/kulturonline.tv\/de\/das-sind-wir-blog-news\/"]}]},{"@type":"ImageObject","inLanguage":"de","@id":"https:\/\/kulturonline.tv\/de\/das-sind-wir-blog-news\/#primaryimage","url":"https:\/\/kulturonline.tv\/wp-content\/uploads\/2022\/08\/neu-1600x902.jpg","contentUrl":"https:\/\/kulturonline.tv\/wp-content\/uploads\/2022\/08\/neu-1600x902.jpg"},{"@type":"BreadcrumbList","@id":"https:\/\/kulturonline.tv\/de\/das-sind-wir-blog-news\/#breadcrumb","itemListElement":[{"@type":"ListItem","position":1,"name":"Startseite","item":"https:\/\/kulturonline.tv\/de\/"},{"@type":"ListItem","position":2,"name":"Das sind wir Blog News"}]},{"@type":"WebSite","@id":"https:\/\/kulturonline.tv\/de\/#website","url":"https:\/\/kulturonline.tv\/de\/","name":"Kultur Online TV &amp; FM","description":"Wir sind Kultur 2.0 zum sehen &amp; h\u00f6ren","publisher":{"@id":"https:\/\/kulturonline.tv\/de\/#organization"},"potentialAction":[{"@type":"SearchAction","target":{"@type":"EntryPoint","urlTemplate":"https:\/\/kulturonline.tv\/de\/?s={search_term_string}"},"query-input":{"@type":"PropertyValueSpecification","valueRequired":true,"valueName":"search_term_string"}}],"inLanguage":"de"},{"@type":"Organization","@id":"https:\/\/kulturonline.tv\/de\/#organization","name":"Kultur Online TV","url":"https:\/\/kulturonline.tv\/de\/","logo":{"@type":"ImageObject","inLanguage":"de","@id":"https:\/\/kulturonline.tv\/de\/#\/schema\/logo\/image\/","url":"https:\/\/kulturonline.tv\/wp-content\/uploads\/2021\/08\/Kultur-Online-Tv-Logo-Endversion-neu.png","contentUrl":"https:\/\/kulturonline.tv\/wp-content\/uploads\/2021\/08\/Kultur-Online-Tv-Logo-Endversion-neu.png","width":200,"height":200,"caption":"Kultur Online TV"},"image":{"@id":"https:\/\/kulturonline.tv\/de\/#\/schema\/logo\/image\/"},"sameAs":["https:\/\/www.facebook.com\/kulturonline.tv","https:\/\/www.instagram.com\/kulturonline.tv"]},{"@type":"Person","@id":"https:\/\/kulturonline.tv\/de\/#\/schema\/person\/b0fac729bb9a0c193fb1df23449df4fe","name":"guenter.wolfgang"}]}},"_links":{"self":[{"href":"https:\/\/kulturonline.tv\/de\/wp-json\/wp\/v2\/posts\/35053","targetHints":{"allow":["GET"]}}],"collection":[{"href":"https:\/\/kulturonline.tv\/de\/wp-json\/wp\/v2\/posts"}],"about":[{"href":"https:\/\/kulturonline.tv\/de\/wp-json\/wp\/v2\/types\/post"}],"author":[{"embeddable":true,"href":"https:\/\/kulturonline.tv\/de\/wp-json\/wp\/v2\/users\/2"}],"replies":[{"embeddable":true,"href":"https:\/\/kulturonline.tv\/de\/wp-json\/wp\/v2\/comments?post=35053"}],"version-history":[{"count":0,"href":"https:\/\/kulturonline.tv\/de\/wp-json\/wp\/v2\/posts\/35053\/revisions"}],"wp:attachment":[{"href":"https:\/\/kulturonline.tv\/de\/wp-json\/wp\/v2\/media?parent=35053"}],"wp:term":[{"taxonomy":"category","embeddable":true,"href":"https:\/\/kulturonline.tv\/de\/wp-json\/wp\/v2\/categories?post=35053"},{"taxonomy":"post_tag","embeddable":true,"href":"https:\/\/kulturonline.tv\/de\/wp-json\/wp\/v2\/tags?post=35053"}],"curies":[{"name":"wp","href":"https:\/\/api.w.org\/{rel}","templated":true}]}}