{"id":35223,"date":"2022-08-27T09:44:01","date_gmt":"2022-08-27T07:44:01","guid":{"rendered":"https:\/\/kulturonline.tv\/?p=35223"},"modified":"2022-08-27T09:57:10","modified_gmt":"2022-08-27T07:57:10","slug":"tipp-camp-nocturno-schlafkonzert-innsbruck","status":"publish","type":"post","link":"https:\/\/kulturonline.tv\/de\/tipp-camp-nocturno-schlafkonzert-innsbruck\/","title":{"rendered":"Tipp: Camp Nocturno Schlafkonzert Innsbruck"},"content":{"rendered":"\n<p>Das erste Schlafkonzert im Botanischen Garten in Innsbruck ist eine 16-st\u00fcndige musikalische Sinnesreise durch die Nacht.  Mit Ambient-Jazz-Pianist Hans-Joachim Roedelius und 8 internationalen DJ-LIVE Acts<\/p>\n\n\n\n<p>Beginn <strong>Samstag, 27. August 2022, 17:45 Uhr<\/strong> bis\u00a0<strong>Sonntag, 28. August 2022,\u00a010:00 Uhr<\/strong><\/p>\n\n\n\n<figure class=\"wp-block-image size-large\"><img fetchpriority=\"high\" decoding=\"async\" width=\"1600\" height=\"900\" src=\"https:\/\/kulturonline.tv\/wp-content\/uploads\/2022\/08\/Kultur-Online-TV-FM-3-1600x900.png\" alt=\"\" class=\"wp-image-35234\" srcset=\"https:\/\/kulturonline.tv\/wp-content\/uploads\/2022\/08\/Kultur-Online-TV-FM-3-1600x900.png 1600w, https:\/\/kulturonline.tv\/wp-content\/uploads\/2022\/08\/Kultur-Online-TV-FM-3-600x338.png 600w, https:\/\/kulturonline.tv\/wp-content\/uploads\/2022\/08\/Kultur-Online-TV-FM-3-800x450.png 800w, https:\/\/kulturonline.tv\/wp-content\/uploads\/2022\/08\/Kultur-Online-TV-FM-3-768x432.png 768w, https:\/\/kulturonline.tv\/wp-content\/uploads\/2022\/08\/Kultur-Online-TV-FM-3-1536x864.png 1536w, https:\/\/kulturonline.tv\/wp-content\/uploads\/2022\/08\/Kultur-Online-TV-FM-3.png 1920w\" sizes=\"(max-width: 1600px) 100vw, 1600px\" \/><\/figure>\n\n\n\n<figure class=\"wp-block-audio\"><audio controls src=\"https:\/\/kulturonline.tv\/wp-content\/uploads\/2022\/08\/Das-erste-Schlafkonzert-in-Innsbruck-Interview-Kultur-Online-FM.mp3\"><\/audio><figcaption>\u00a9 Kultur Online FM<\/figcaption><\/figure>\n\n\n\n<p><em>Wir haben uns mit den beiden Veranstaltern &#8222;Georg und Kathrin&#8220; in Innsbruck im Botanischen Garten getroffen und Sie haben uns erz\u00e4hlt was die Besucher alles erwartet und wie dieser Event entstanden ist.<\/em><\/p>\n\n\n\n<p>Camp Nocturno inspiriert zum bewussten Innehalten, Lauschen und Entspannen. Und das auf eine m\u00f6glichst nachhaltige und umweltfreundliche Art &#8211; nicht nur, dass die Besucher:innen zum digitalen Detox eingeladen werden, sogar das Plakat ist gestrickt und nicht gedruckt \u2026<\/p>\n\n\n\n<figure class=\"wp-block-image size-full\"><img decoding=\"async\" width=\"1536\" height=\"864\" src=\"https:\/\/kulturonline.tv\/wp-content\/uploads\/2022\/08\/kultur-online-tv-edited.jpeg\" alt=\"\" class=\"wp-image-35226\" srcset=\"https:\/\/kulturonline.tv\/wp-content\/uploads\/2022\/08\/kultur-online-tv-edited.jpeg 1536w, https:\/\/kulturonline.tv\/wp-content\/uploads\/2022\/08\/kultur-online-tv-edited-600x338.jpeg 600w, https:\/\/kulturonline.tv\/wp-content\/uploads\/2022\/08\/kultur-online-tv-edited-800x450.jpeg 800w, https:\/\/kulturonline.tv\/wp-content\/uploads\/2022\/08\/kultur-online-tv-edited-768x432.jpeg 768w\" sizes=\"(max-width: 1536px) 100vw, 1536px\" \/><\/figure>\n\n\n\n<p>Vom \u201cHudeln\u201d in die Entschleunigung, das durften wir in den letzten zwei Jahren auf nicht so sanfte Weise lernen. Der Schnelllebigkeit zum Trotz behalten wir uns die neu errungene Gem\u00fctlichkeit und Wachsamkeit und erlauben uns auch mal w\u00e4hrend eines Kulturevents zu schlafen. Denn: das Liegen, die Verweigerung, der R\u00fcckzug birgt auch eine subversive Kraft in sich.<\/p>\n\n\n\n<p>Neben klassischen Konzerttickets gibt es auch die M\u00f6glichkeit, gebettet in den Glampingzelten von Lotus Belle oder \u00fcber dem Boden schwingend in den H\u00e4ngematten von Ticket to the Moon den Zauber der Nacht zu genie\u00dfen.<\/p>\n\n\n\n<p>Kultur Online TV<\/p>\n\n\n\n<p>#kunst #kultur #news #musik<\/p>\n","protected":false},"excerpt":{"rendered":"<p>Das erste Schlafkonzert im Botanischen Garten in Innsbruck ist eine 16-st\u00fcndige musikalische Sinnesreise durch die Nacht. Mit Ambient-Jazz-Pianist Hans-Joachim Roedelius und 8 internationalen DJ-LIVE Acts Beginn Samstag, 27. August 2022, 17:45 Uhr bis\u00a0Sonntag, 28. August 2022,\u00a010:00 Uhr Wir haben uns mit den beiden Veranstaltern &#8222;Georg und Kathrin&#8220; in Innsbruck im Botanischen Garten getroffen und Sie [&hellip;]<\/p>\n","protected":false},"author":2,"featured_media":35226,"comment_status":"closed","ping_status":"closed","sticky":false,"template":"","format":"standard","meta":{"_acf_changed":false,"footnotes":""},"categories":[3],"tags":[],"class_list":["post-35223","post","type-post","status-publish","format-standard","has-post-thumbnail","hentry","category-newsflash"],"acf":[],"yoast_head":"<!-- This site is optimized with the Yoast SEO plugin v26.1.1 - https:\/\/yoast.com\/wordpress\/plugins\/seo\/ -->\n<title>Tipp: Camp Nocturno Schlafkonzert Innsbruck - Kultur Online TV &amp; FM<\/title>\n<meta name=\"description\" content=\"Camp Nocturno inspiriert zum bewussten Innehalten, Lauschen und Entspannen. Und das auf eine m\u00f6glichst nachhaltige und umweltfreundliche Art - nicht nur, dass die Besucher:innen zum digitalen Detox eingeladen werden, sogar das Plakat ist gestrickt und nicht gedruckt \u2026\" \/>\n<meta name=\"robots\" content=\"index, follow, max-snippet:-1, max-image-preview:large, max-video-preview:-1\" \/>\n<link rel=\"canonical\" href=\"https:\/\/kulturonline.tv\/de\/tipp-camp-nocturno-schlafkonzert-innsbruck\/\" \/>\n<meta property=\"og:locale\" content=\"de_DE\" \/>\n<meta property=\"og:type\" content=\"article\" \/>\n<meta property=\"og:title\" content=\"Tipp: Camp Nocturno Schlafkonzert Innsbruck - Kultur Online TV &amp; FM\" \/>\n<meta property=\"og:description\" content=\"Camp Nocturno inspiriert zum bewussten Innehalten, Lauschen und Entspannen. Und das auf eine m\u00f6glichst nachhaltige und umweltfreundliche Art - nicht nur, dass die Besucher:innen zum digitalen Detox eingeladen werden, sogar das Plakat ist gestrickt und nicht gedruckt \u2026\" \/>\n<meta property=\"og:url\" content=\"https:\/\/kulturonline.tv\/de\/tipp-camp-nocturno-schlafkonzert-innsbruck\/\" \/>\n<meta property=\"og:site_name\" content=\"Kultur Online TV &amp; FM\" \/>\n<meta property=\"article:publisher\" content=\"https:\/\/www.facebook.com\/kulturonline.tv\" \/>\n<meta property=\"article:published_time\" content=\"2022-08-27T07:44:01+00:00\" \/>\n<meta property=\"article:modified_time\" content=\"2022-08-27T07:57:10+00:00\" \/>\n<meta property=\"og:image\" content=\"https:\/\/kulturonline.tv\/wp-content\/uploads\/2022\/08\/kultur-online-tv-edited.jpeg\" \/>\n\t<meta property=\"og:image:width\" content=\"1536\" \/>\n\t<meta property=\"og:image:height\" content=\"864\" \/>\n\t<meta property=\"og:image:type\" content=\"image\/jpeg\" \/>\n<meta name=\"author\" content=\"guenter.wolfgang\" \/>\n<meta name=\"twitter:card\" content=\"summary_large_image\" \/>\n<meta name=\"twitter:label1\" content=\"Verfasst von\" \/>\n\t<meta name=\"twitter:data1\" content=\"guenter.wolfgang\" \/>\n\t<meta name=\"twitter:label2\" content=\"Gesch\u00e4tzte Lesezeit\" \/>\n\t<meta name=\"twitter:data2\" content=\"1\u00a0Minute\" \/>\n<script type=\"application\/ld+json\" class=\"yoast-schema-graph\">{\"@context\":\"https:\/\/schema.org\",\"@graph\":[{\"@type\":\"Article\",\"@id\":\"https:\/\/kulturonline.tv\/de\/tipp-camp-nocturno-schlafkonzert-innsbruck\/#article\",\"isPartOf\":{\"@id\":\"https:\/\/kulturonline.tv\/de\/tipp-camp-nocturno-schlafkonzert-innsbruck\/\"},\"author\":{\"name\":\"guenter.wolfgang\",\"@id\":\"https:\/\/kulturonline.tv\/de\/#\/schema\/person\/b0fac729bb9a0c193fb1df23449df4fe\"},\"headline\":\"Tipp: Camp Nocturno Schlafkonzert Innsbruck\",\"datePublished\":\"2022-08-27T07:44:01+00:00\",\"dateModified\":\"2022-08-27T07:57:10+00:00\",\"mainEntityOfPage\":{\"@id\":\"https:\/\/kulturonline.tv\/de\/tipp-camp-nocturno-schlafkonzert-innsbruck\/\"},\"wordCount\":216,\"publisher\":{\"@id\":\"https:\/\/kulturonline.tv\/de\/#organization\"},\"image\":{\"@id\":\"https:\/\/kulturonline.tv\/de\/tipp-camp-nocturno-schlafkonzert-innsbruck\/#primaryimage\"},\"thumbnailUrl\":\"https:\/\/kulturonline.tv\/wp-content\/uploads\/2022\/08\/kultur-online-tv-edited.jpeg\",\"articleSection\":[\"Newsflash\"],\"inLanguage\":\"de\"},{\"@type\":\"WebPage\",\"@id\":\"https:\/\/kulturonline.tv\/de\/tipp-camp-nocturno-schlafkonzert-innsbruck\/\",\"url\":\"https:\/\/kulturonline.tv\/de\/tipp-camp-nocturno-schlafkonzert-innsbruck\/\",\"name\":\"Tipp: Camp Nocturno Schlafkonzert Innsbruck - Kultur Online TV &amp; FM\",\"isPartOf\":{\"@id\":\"https:\/\/kulturonline.tv\/de\/#website\"},\"primaryImageOfPage\":{\"@id\":\"https:\/\/kulturonline.tv\/de\/tipp-camp-nocturno-schlafkonzert-innsbruck\/#primaryimage\"},\"image\":{\"@id\":\"https:\/\/kulturonline.tv\/de\/tipp-camp-nocturno-schlafkonzert-innsbruck\/#primaryimage\"},\"thumbnailUrl\":\"https:\/\/kulturonline.tv\/wp-content\/uploads\/2022\/08\/kultur-online-tv-edited.jpeg\",\"datePublished\":\"2022-08-27T07:44:01+00:00\",\"dateModified\":\"2022-08-27T07:57:10+00:00\",\"description\":\"Camp Nocturno inspiriert zum bewussten Innehalten, Lauschen und Entspannen. Und das auf eine m\u00f6glichst nachhaltige und umweltfreundliche Art - nicht nur, dass die Besucher:innen zum digitalen Detox eingeladen werden, sogar das Plakat ist gestrickt und nicht gedruckt \u2026\",\"breadcrumb\":{\"@id\":\"https:\/\/kulturonline.tv\/de\/tipp-camp-nocturno-schlafkonzert-innsbruck\/#breadcrumb\"},\"inLanguage\":\"de\",\"potentialAction\":[{\"@type\":\"ReadAction\",\"target\":[\"https:\/\/kulturonline.tv\/de\/tipp-camp-nocturno-schlafkonzert-innsbruck\/\"]}]},{\"@type\":\"ImageObject\",\"inLanguage\":\"de\",\"@id\":\"https:\/\/kulturonline.tv\/de\/tipp-camp-nocturno-schlafkonzert-innsbruck\/#primaryimage\",\"url\":\"https:\/\/kulturonline.tv\/wp-content\/uploads\/2022\/08\/kultur-online-tv-edited.jpeg\",\"contentUrl\":\"https:\/\/kulturonline.tv\/wp-content\/uploads\/2022\/08\/kultur-online-tv-edited.jpeg\",\"width\":1536,\"height\":864},{\"@type\":\"BreadcrumbList\",\"@id\":\"https:\/\/kulturonline.tv\/de\/tipp-camp-nocturno-schlafkonzert-innsbruck\/#breadcrumb\",\"itemListElement\":[{\"@type\":\"ListItem\",\"position\":1,\"name\":\"Startseite\",\"item\":\"https:\/\/kulturonline.tv\/de\/\"},{\"@type\":\"ListItem\",\"position\":2,\"name\":\"Tipp: Camp Nocturno Schlafkonzert Innsbruck\"}]},{\"@type\":\"WebSite\",\"@id\":\"https:\/\/kulturonline.tv\/de\/#website\",\"url\":\"https:\/\/kulturonline.tv\/de\/\",\"name\":\"Kultur Online TV &amp; FM\",\"description\":\"Wir sind Kultur 2.0 zum sehen &amp; h\u00f6ren\",\"publisher\":{\"@id\":\"https:\/\/kulturonline.tv\/de\/#organization\"},\"potentialAction\":[{\"@type\":\"SearchAction\",\"target\":{\"@type\":\"EntryPoint\",\"urlTemplate\":\"https:\/\/kulturonline.tv\/de\/?s={search_term_string}\"},\"query-input\":{\"@type\":\"PropertyValueSpecification\",\"valueRequired\":true,\"valueName\":\"search_term_string\"}}],\"inLanguage\":\"de\"},{\"@type\":\"Organization\",\"@id\":\"https:\/\/kulturonline.tv\/de\/#organization\",\"name\":\"Kultur Online TV\",\"url\":\"https:\/\/kulturonline.tv\/de\/\",\"logo\":{\"@type\":\"ImageObject\",\"inLanguage\":\"de\",\"@id\":\"https:\/\/kulturonline.tv\/de\/#\/schema\/logo\/image\/\",\"url\":\"https:\/\/kulturonline.tv\/wp-content\/uploads\/2021\/08\/Kultur-Online-Tv-Logo-Endversion-neu.png\",\"contentUrl\":\"https:\/\/kulturonline.tv\/wp-content\/uploads\/2021\/08\/Kultur-Online-Tv-Logo-Endversion-neu.png\",\"width\":200,\"height\":200,\"caption\":\"Kultur Online TV\"},\"image\":{\"@id\":\"https:\/\/kulturonline.tv\/de\/#\/schema\/logo\/image\/\"},\"sameAs\":[\"https:\/\/www.facebook.com\/kulturonline.tv\",\"https:\/\/www.instagram.com\/kulturonline.tv\"]},{\"@type\":\"Person\",\"@id\":\"https:\/\/kulturonline.tv\/de\/#\/schema\/person\/b0fac729bb9a0c193fb1df23449df4fe\",\"name\":\"guenter.wolfgang\"}]}<\/script>\n<!-- \/ Yoast SEO plugin. -->","yoast_head_json":{"title":"Tipp: Camp Nocturno Schlafkonzert Innsbruck - Kultur Online TV &amp; FM","description":"Camp Nocturno inspiriert zum bewussten Innehalten, Lauschen und Entspannen. Und das auf eine m\u00f6glichst nachhaltige und umweltfreundliche Art - nicht nur, dass die Besucher:innen zum digitalen Detox eingeladen werden, sogar das Plakat ist gestrickt und nicht gedruckt \u2026","robots":{"index":"index","follow":"follow","max-snippet":"max-snippet:-1","max-image-preview":"max-image-preview:large","max-video-preview":"max-video-preview:-1"},"canonical":"https:\/\/kulturonline.tv\/de\/tipp-camp-nocturno-schlafkonzert-innsbruck\/","og_locale":"de_DE","og_type":"article","og_title":"Tipp: Camp Nocturno Schlafkonzert Innsbruck - Kultur Online TV &amp; FM","og_description":"Camp Nocturno inspiriert zum bewussten Innehalten, Lauschen und Entspannen. Und das auf eine m\u00f6glichst nachhaltige und umweltfreundliche Art - nicht nur, dass die Besucher:innen zum digitalen Detox eingeladen werden, sogar das Plakat ist gestrickt und nicht gedruckt \u2026","og_url":"https:\/\/kulturonline.tv\/de\/tipp-camp-nocturno-schlafkonzert-innsbruck\/","og_site_name":"Kultur Online TV &amp; FM","article_publisher":"https:\/\/www.facebook.com\/kulturonline.tv","article_published_time":"2022-08-27T07:44:01+00:00","article_modified_time":"2022-08-27T07:57:10+00:00","og_image":[{"width":1536,"height":864,"url":"https:\/\/kulturonline.tv\/wp-content\/uploads\/2022\/08\/kultur-online-tv-edited.jpeg","type":"image\/jpeg"}],"author":"guenter.wolfgang","twitter_card":"summary_large_image","twitter_misc":{"Verfasst von":"guenter.wolfgang","Gesch\u00e4tzte Lesezeit":"1\u00a0Minute"},"schema":{"@context":"https:\/\/schema.org","@graph":[{"@type":"Article","@id":"https:\/\/kulturonline.tv\/de\/tipp-camp-nocturno-schlafkonzert-innsbruck\/#article","isPartOf":{"@id":"https:\/\/kulturonline.tv\/de\/tipp-camp-nocturno-schlafkonzert-innsbruck\/"},"author":{"name":"guenter.wolfgang","@id":"https:\/\/kulturonline.tv\/de\/#\/schema\/person\/b0fac729bb9a0c193fb1df23449df4fe"},"headline":"Tipp: Camp Nocturno Schlafkonzert Innsbruck","datePublished":"2022-08-27T07:44:01+00:00","dateModified":"2022-08-27T07:57:10+00:00","mainEntityOfPage":{"@id":"https:\/\/kulturonline.tv\/de\/tipp-camp-nocturno-schlafkonzert-innsbruck\/"},"wordCount":216,"publisher":{"@id":"https:\/\/kulturonline.tv\/de\/#organization"},"image":{"@id":"https:\/\/kulturonline.tv\/de\/tipp-camp-nocturno-schlafkonzert-innsbruck\/#primaryimage"},"thumbnailUrl":"https:\/\/kulturonline.tv\/wp-content\/uploads\/2022\/08\/kultur-online-tv-edited.jpeg","articleSection":["Newsflash"],"inLanguage":"de"},{"@type":"WebPage","@id":"https:\/\/kulturonline.tv\/de\/tipp-camp-nocturno-schlafkonzert-innsbruck\/","url":"https:\/\/kulturonline.tv\/de\/tipp-camp-nocturno-schlafkonzert-innsbruck\/","name":"Tipp: Camp Nocturno Schlafkonzert Innsbruck - Kultur Online TV &amp; FM","isPartOf":{"@id":"https:\/\/kulturonline.tv\/de\/#website"},"primaryImageOfPage":{"@id":"https:\/\/kulturonline.tv\/de\/tipp-camp-nocturno-schlafkonzert-innsbruck\/#primaryimage"},"image":{"@id":"https:\/\/kulturonline.tv\/de\/tipp-camp-nocturno-schlafkonzert-innsbruck\/#primaryimage"},"thumbnailUrl":"https:\/\/kulturonline.tv\/wp-content\/uploads\/2022\/08\/kultur-online-tv-edited.jpeg","datePublished":"2022-08-27T07:44:01+00:00","dateModified":"2022-08-27T07:57:10+00:00","description":"Camp Nocturno inspiriert zum bewussten Innehalten, Lauschen und Entspannen. Und das auf eine m\u00f6glichst nachhaltige und umweltfreundliche Art - nicht nur, dass die Besucher:innen zum digitalen Detox eingeladen werden, sogar das Plakat ist gestrickt und nicht gedruckt \u2026","breadcrumb":{"@id":"https:\/\/kulturonline.tv\/de\/tipp-camp-nocturno-schlafkonzert-innsbruck\/#breadcrumb"},"inLanguage":"de","potentialAction":[{"@type":"ReadAction","target":["https:\/\/kulturonline.tv\/de\/tipp-camp-nocturno-schlafkonzert-innsbruck\/"]}]},{"@type":"ImageObject","inLanguage":"de","@id":"https:\/\/kulturonline.tv\/de\/tipp-camp-nocturno-schlafkonzert-innsbruck\/#primaryimage","url":"https:\/\/kulturonline.tv\/wp-content\/uploads\/2022\/08\/kultur-online-tv-edited.jpeg","contentUrl":"https:\/\/kulturonline.tv\/wp-content\/uploads\/2022\/08\/kultur-online-tv-edited.jpeg","width":1536,"height":864},{"@type":"BreadcrumbList","@id":"https:\/\/kulturonline.tv\/de\/tipp-camp-nocturno-schlafkonzert-innsbruck\/#breadcrumb","itemListElement":[{"@type":"ListItem","position":1,"name":"Startseite","item":"https:\/\/kulturonline.tv\/de\/"},{"@type":"ListItem","position":2,"name":"Tipp: Camp Nocturno Schlafkonzert Innsbruck"}]},{"@type":"WebSite","@id":"https:\/\/kulturonline.tv\/de\/#website","url":"https:\/\/kulturonline.tv\/de\/","name":"Kultur Online TV &amp; FM","description":"Wir sind Kultur 2.0 zum sehen &amp; h\u00f6ren","publisher":{"@id":"https:\/\/kulturonline.tv\/de\/#organization"},"potentialAction":[{"@type":"SearchAction","target":{"@type":"EntryPoint","urlTemplate":"https:\/\/kulturonline.tv\/de\/?s={search_term_string}"},"query-input":{"@type":"PropertyValueSpecification","valueRequired":true,"valueName":"search_term_string"}}],"inLanguage":"de"},{"@type":"Organization","@id":"https:\/\/kulturonline.tv\/de\/#organization","name":"Kultur Online TV","url":"https:\/\/kulturonline.tv\/de\/","logo":{"@type":"ImageObject","inLanguage":"de","@id":"https:\/\/kulturonline.tv\/de\/#\/schema\/logo\/image\/","url":"https:\/\/kulturonline.tv\/wp-content\/uploads\/2021\/08\/Kultur-Online-Tv-Logo-Endversion-neu.png","contentUrl":"https:\/\/kulturonline.tv\/wp-content\/uploads\/2021\/08\/Kultur-Online-Tv-Logo-Endversion-neu.png","width":200,"height":200,"caption":"Kultur Online TV"},"image":{"@id":"https:\/\/kulturonline.tv\/de\/#\/schema\/logo\/image\/"},"sameAs":["https:\/\/www.facebook.com\/kulturonline.tv","https:\/\/www.instagram.com\/kulturonline.tv"]},{"@type":"Person","@id":"https:\/\/kulturonline.tv\/de\/#\/schema\/person\/b0fac729bb9a0c193fb1df23449df4fe","name":"guenter.wolfgang"}]}},"_links":{"self":[{"href":"https:\/\/kulturonline.tv\/de\/wp-json\/wp\/v2\/posts\/35223","targetHints":{"allow":["GET"]}}],"collection":[{"href":"https:\/\/kulturonline.tv\/de\/wp-json\/wp\/v2\/posts"}],"about":[{"href":"https:\/\/kulturonline.tv\/de\/wp-json\/wp\/v2\/types\/post"}],"author":[{"embeddable":true,"href":"https:\/\/kulturonline.tv\/de\/wp-json\/wp\/v2\/users\/2"}],"replies":[{"embeddable":true,"href":"https:\/\/kulturonline.tv\/de\/wp-json\/wp\/v2\/comments?post=35223"}],"version-history":[{"count":0,"href":"https:\/\/kulturonline.tv\/de\/wp-json\/wp\/v2\/posts\/35223\/revisions"}],"wp:featuredmedia":[{"embeddable":true,"href":"https:\/\/kulturonline.tv\/de\/wp-json\/wp\/v2\/media\/35226"}],"wp:attachment":[{"href":"https:\/\/kulturonline.tv\/de\/wp-json\/wp\/v2\/media?parent=35223"}],"wp:term":[{"taxonomy":"category","embeddable":true,"href":"https:\/\/kulturonline.tv\/de\/wp-json\/wp\/v2\/categories?post=35223"},{"taxonomy":"post_tag","embeddable":true,"href":"https:\/\/kulturonline.tv\/de\/wp-json\/wp\/v2\/tags?post=35223"}],"curies":[{"name":"wp","href":"https:\/\/api.w.org\/{rel}","templated":true}]}}