{"id":35896,"date":"2022-09-05T14:46:38","date_gmt":"2022-09-05T12:46:38","guid":{"rendered":"https:\/\/kulturonline.tv\/?p=35896"},"modified":"2022-09-05T14:46:39","modified_gmt":"2022-09-05T12:46:39","slug":"deutscher-kulturrat-begruesst-entlastungspaket","status":"publish","type":"post","link":"https:\/\/kulturonline.tv\/de\/deutscher-kulturrat-begruesst-entlastungspaket\/","title":{"rendered":"Deutscher Kulturrat begr\u00fc\u00dft Entlastungspaket"},"content":{"rendered":"\n<p><strong>Der Deutsche Kulturrat begr\u00fc\u00dft, dass das Entlastungspaket der Bundesregierung in der Energiekrise den Kultursektor mit rund einer Milliarde Euro unterst\u00fctzen soll.<\/strong><\/p>\n\n\n\n<figure class=\"wp-block-image size-full is-resized\"><img fetchpriority=\"high\" decoding=\"async\" src=\"https:\/\/kulturonline.tv\/wp-content\/uploads\/2022\/09\/Deutscher-Kultzurrat-Logo.png\" alt=\"\" class=\"wp-image-35897\" width=\"840\" height=\"457\" srcset=\"https:\/\/kulturonline.tv\/wp-content\/uploads\/2022\/09\/Deutscher-Kultzurrat-Logo.png 649w, https:\/\/kulturonline.tv\/wp-content\/uploads\/2022\/09\/Deutscher-Kultzurrat-Logo-600x326.png 600w\" sizes=\"(max-width: 840px) 100vw, 840px\" \/><\/figure>\n\n\n\n<p>Der\u00a0Deutsche\u00a0Kulturrat,\u00a0der\u00a0Spitzenverband\u00a0der\u00a0Bundeskulturverb\u00e4nde, begr\u00fc\u00dft, dass Restmittel aus dem Sonderfonds des Bundes f\u00fcr Kulturveranstaltungen,\u00a0der\u00a0den Kulturbereich in\u00a0der\u00a0Coronapandemie unterst\u00fctzt, laut dem gestern vorgestellten Entlastungspaket\u00a0der\u00a0Bundesregierung f\u00fcr die Unterst\u00fctzung des Kultursektors in\u00a0der\u00a0Energiekrise zur Verf\u00fcgung stehen sollen. Das ist eine gute Nachricht f\u00fcr die von\u00a0der\u00a0Energiekrise schwer betroffenen Kultureinrichtungen, Kulturunternehmen, K\u00fcnstlerinnen und K\u00fcnstler sowie Kulturvereine. Aktuell stehen aus den 2,5 Milliarden Euro, die\u00a0der\u00a0Sonderfonds Kulturveranstaltungen umfasst, noch rund 1 Milliarde Euro zur Verf\u00fcgung.<\/p>\n\n\n\n<p>Kultur Online TV<\/p>\n\n\n\n<p>#kunst #kultur #news<\/p>\n","protected":false},"excerpt":{"rendered":"<p>Der Deutsche Kulturrat begr\u00fc\u00dft, dass das Entlastungspaket der Bundesregierung in der Energiekrise den Kultursektor mit rund einer Milliarde Euro unterst\u00fctzen soll. Der\u00a0Deutsche\u00a0Kulturrat,\u00a0der\u00a0Spitzenverband\u00a0der\u00a0Bundeskulturverb\u00e4nde, begr\u00fc\u00dft, dass Restmittel aus dem Sonderfonds des Bundes f\u00fcr Kulturveranstaltungen,\u00a0der\u00a0den Kulturbereich in\u00a0der\u00a0Coronapandemie unterst\u00fctzt, laut dem gestern vorgestellten Entlastungspaket\u00a0der\u00a0Bundesregierung f\u00fcr die Unterst\u00fctzung des Kultursektors in\u00a0der\u00a0Energiekrise zur Verf\u00fcgung stehen sollen. Das ist eine gute Nachricht [&hellip;]<\/p>\n","protected":false},"author":2,"featured_media":35897,"comment_status":"closed","ping_status":"closed","sticky":false,"template":"","format":"standard","meta":{"_acf_changed":false,"footnotes":""},"categories":[3],"tags":[],"class_list":["post-35896","post","type-post","status-publish","format-standard","has-post-thumbnail","hentry","category-newsflash"],"acf":[],"yoast_head":"<!-- This site is optimized with the Yoast SEO plugin v26.1.1 - https:\/\/yoast.com\/wordpress\/plugins\/seo\/ -->\n<title>Deutscher Kulturrat begr\u00fc\u00dft Entlastungspaket - Kultur Online TV &amp; FM<\/title>\n<meta name=\"description\" content=\"Der Deutsche Kulturrat begr\u00fc\u00dft, dass das Entlastungspaket der Bundesregierung in der Energiekrise den Kultursektor mit rund einer Milliarde Euro unterst\u00fctzen soll.\" \/>\n<meta name=\"robots\" content=\"index, follow, max-snippet:-1, max-image-preview:large, max-video-preview:-1\" \/>\n<link rel=\"canonical\" href=\"https:\/\/kulturonline.tv\/de\/deutscher-kulturrat-begruesst-entlastungspaket\/\" \/>\n<meta property=\"og:locale\" content=\"de_DE\" \/>\n<meta property=\"og:type\" content=\"article\" \/>\n<meta property=\"og:title\" content=\"Deutscher Kulturrat begr\u00fc\u00dft Entlastungspaket - Kultur Online TV &amp; FM\" \/>\n<meta property=\"og:description\" content=\"Der Deutsche Kulturrat begr\u00fc\u00dft, dass das Entlastungspaket der Bundesregierung in der Energiekrise den Kultursektor mit rund einer Milliarde Euro unterst\u00fctzen soll.\" \/>\n<meta property=\"og:url\" content=\"https:\/\/kulturonline.tv\/de\/deutscher-kulturrat-begruesst-entlastungspaket\/\" \/>\n<meta property=\"og:site_name\" content=\"Kultur Online TV &amp; FM\" \/>\n<meta property=\"article:publisher\" content=\"https:\/\/www.facebook.com\/kulturonline.tv\" \/>\n<meta property=\"article:published_time\" content=\"2022-09-05T12:46:38+00:00\" \/>\n<meta property=\"article:modified_time\" content=\"2022-09-05T12:46:39+00:00\" \/>\n<meta property=\"og:image\" content=\"https:\/\/kulturonline.tv\/wp-content\/uploads\/2022\/09\/Deutscher-Kultzurrat-Logo.png\" \/>\n\t<meta property=\"og:image:width\" content=\"649\" \/>\n\t<meta property=\"og:image:height\" content=\"353\" \/>\n\t<meta property=\"og:image:type\" content=\"image\/png\" \/>\n<meta name=\"author\" content=\"guenter.wolfgang\" \/>\n<meta name=\"twitter:card\" content=\"summary_large_image\" \/>\n<meta name=\"twitter:label1\" content=\"Verfasst von\" \/>\n\t<meta name=\"twitter:data1\" content=\"guenter.wolfgang\" \/>\n\t<meta name=\"twitter:label2\" content=\"Gesch\u00e4tzte Lesezeit\" \/>\n\t<meta name=\"twitter:data2\" content=\"1\u00a0Minute\" \/>\n<script type=\"application\/ld+json\" class=\"yoast-schema-graph\">{\"@context\":\"https:\/\/schema.org\",\"@graph\":[{\"@type\":\"Article\",\"@id\":\"https:\/\/kulturonline.tv\/de\/deutscher-kulturrat-begruesst-entlastungspaket\/#article\",\"isPartOf\":{\"@id\":\"https:\/\/kulturonline.tv\/de\/deutscher-kulturrat-begruesst-entlastungspaket\/\"},\"author\":{\"name\":\"guenter.wolfgang\",\"@id\":\"https:\/\/kulturonline.tv\/de\/#\/schema\/person\/b0fac729bb9a0c193fb1df23449df4fe\"},\"headline\":\"Deutscher Kulturrat begr\u00fc\u00dft Entlastungspaket\",\"datePublished\":\"2022-09-05T12:46:38+00:00\",\"dateModified\":\"2022-09-05T12:46:39+00:00\",\"mainEntityOfPage\":{\"@id\":\"https:\/\/kulturonline.tv\/de\/deutscher-kulturrat-begruesst-entlastungspaket\/\"},\"wordCount\":124,\"publisher\":{\"@id\":\"https:\/\/kulturonline.tv\/de\/#organization\"},\"image\":{\"@id\":\"https:\/\/kulturonline.tv\/de\/deutscher-kulturrat-begruesst-entlastungspaket\/#primaryimage\"},\"thumbnailUrl\":\"https:\/\/kulturonline.tv\/wp-content\/uploads\/2022\/09\/Deutscher-Kultzurrat-Logo.png\",\"articleSection\":[\"Newsflash\"],\"inLanguage\":\"de\"},{\"@type\":\"WebPage\",\"@id\":\"https:\/\/kulturonline.tv\/de\/deutscher-kulturrat-begruesst-entlastungspaket\/\",\"url\":\"https:\/\/kulturonline.tv\/de\/deutscher-kulturrat-begruesst-entlastungspaket\/\",\"name\":\"Deutscher Kulturrat begr\u00fc\u00dft Entlastungspaket - Kultur Online TV &amp; FM\",\"isPartOf\":{\"@id\":\"https:\/\/kulturonline.tv\/de\/#website\"},\"primaryImageOfPage\":{\"@id\":\"https:\/\/kulturonline.tv\/de\/deutscher-kulturrat-begruesst-entlastungspaket\/#primaryimage\"},\"image\":{\"@id\":\"https:\/\/kulturonline.tv\/de\/deutscher-kulturrat-begruesst-entlastungspaket\/#primaryimage\"},\"thumbnailUrl\":\"https:\/\/kulturonline.tv\/wp-content\/uploads\/2022\/09\/Deutscher-Kultzurrat-Logo.png\",\"datePublished\":\"2022-09-05T12:46:38+00:00\",\"dateModified\":\"2022-09-05T12:46:39+00:00\",\"description\":\"Der Deutsche Kulturrat begr\u00fc\u00dft, dass das Entlastungspaket der Bundesregierung in der Energiekrise den Kultursektor mit rund einer Milliarde Euro unterst\u00fctzen soll.\",\"breadcrumb\":{\"@id\":\"https:\/\/kulturonline.tv\/de\/deutscher-kulturrat-begruesst-entlastungspaket\/#breadcrumb\"},\"inLanguage\":\"de\",\"potentialAction\":[{\"@type\":\"ReadAction\",\"target\":[\"https:\/\/kulturonline.tv\/de\/deutscher-kulturrat-begruesst-entlastungspaket\/\"]}]},{\"@type\":\"ImageObject\",\"inLanguage\":\"de\",\"@id\":\"https:\/\/kulturonline.tv\/de\/deutscher-kulturrat-begruesst-entlastungspaket\/#primaryimage\",\"url\":\"https:\/\/kulturonline.tv\/wp-content\/uploads\/2022\/09\/Deutscher-Kultzurrat-Logo.png\",\"contentUrl\":\"https:\/\/kulturonline.tv\/wp-content\/uploads\/2022\/09\/Deutscher-Kultzurrat-Logo.png\",\"width\":649,\"height\":353},{\"@type\":\"BreadcrumbList\",\"@id\":\"https:\/\/kulturonline.tv\/de\/deutscher-kulturrat-begruesst-entlastungspaket\/#breadcrumb\",\"itemListElement\":[{\"@type\":\"ListItem\",\"position\":1,\"name\":\"Startseite\",\"item\":\"https:\/\/kulturonline.tv\/de\/\"},{\"@type\":\"ListItem\",\"position\":2,\"name\":\"Deutscher Kulturrat begr\u00fc\u00dft Entlastungspaket\"}]},{\"@type\":\"WebSite\",\"@id\":\"https:\/\/kulturonline.tv\/de\/#website\",\"url\":\"https:\/\/kulturonline.tv\/de\/\",\"name\":\"Kultur Online TV &amp; FM\",\"description\":\"Wir sind Kultur 2.0 zum sehen &amp; h\u00f6ren\",\"publisher\":{\"@id\":\"https:\/\/kulturonline.tv\/de\/#organization\"},\"potentialAction\":[{\"@type\":\"SearchAction\",\"target\":{\"@type\":\"EntryPoint\",\"urlTemplate\":\"https:\/\/kulturonline.tv\/de\/?s={search_term_string}\"},\"query-input\":{\"@type\":\"PropertyValueSpecification\",\"valueRequired\":true,\"valueName\":\"search_term_string\"}}],\"inLanguage\":\"de\"},{\"@type\":\"Organization\",\"@id\":\"https:\/\/kulturonline.tv\/de\/#organization\",\"name\":\"Kultur Online TV\",\"url\":\"https:\/\/kulturonline.tv\/de\/\",\"logo\":{\"@type\":\"ImageObject\",\"inLanguage\":\"de\",\"@id\":\"https:\/\/kulturonline.tv\/de\/#\/schema\/logo\/image\/\",\"url\":\"https:\/\/kulturonline.tv\/wp-content\/uploads\/2021\/08\/Kultur-Online-Tv-Logo-Endversion-neu.png\",\"contentUrl\":\"https:\/\/kulturonline.tv\/wp-content\/uploads\/2021\/08\/Kultur-Online-Tv-Logo-Endversion-neu.png\",\"width\":200,\"height\":200,\"caption\":\"Kultur Online TV\"},\"image\":{\"@id\":\"https:\/\/kulturonline.tv\/de\/#\/schema\/logo\/image\/\"},\"sameAs\":[\"https:\/\/www.facebook.com\/kulturonline.tv\",\"https:\/\/www.instagram.com\/kulturonline.tv\"]},{\"@type\":\"Person\",\"@id\":\"https:\/\/kulturonline.tv\/de\/#\/schema\/person\/b0fac729bb9a0c193fb1df23449df4fe\",\"name\":\"guenter.wolfgang\"}]}<\/script>\n<!-- \/ Yoast SEO plugin. -->","yoast_head_json":{"title":"Deutscher Kulturrat begr\u00fc\u00dft Entlastungspaket - Kultur Online TV &amp; FM","description":"Der Deutsche Kulturrat begr\u00fc\u00dft, dass das Entlastungspaket der Bundesregierung in der Energiekrise den Kultursektor mit rund einer Milliarde Euro unterst\u00fctzen soll.","robots":{"index":"index","follow":"follow","max-snippet":"max-snippet:-1","max-image-preview":"max-image-preview:large","max-video-preview":"max-video-preview:-1"},"canonical":"https:\/\/kulturonline.tv\/de\/deutscher-kulturrat-begruesst-entlastungspaket\/","og_locale":"de_DE","og_type":"article","og_title":"Deutscher Kulturrat begr\u00fc\u00dft Entlastungspaket - Kultur Online TV &amp; FM","og_description":"Der Deutsche Kulturrat begr\u00fc\u00dft, dass das Entlastungspaket der Bundesregierung in der Energiekrise den Kultursektor mit rund einer Milliarde Euro unterst\u00fctzen soll.","og_url":"https:\/\/kulturonline.tv\/de\/deutscher-kulturrat-begruesst-entlastungspaket\/","og_site_name":"Kultur Online TV &amp; FM","article_publisher":"https:\/\/www.facebook.com\/kulturonline.tv","article_published_time":"2022-09-05T12:46:38+00:00","article_modified_time":"2022-09-05T12:46:39+00:00","og_image":[{"width":649,"height":353,"url":"https:\/\/kulturonline.tv\/wp-content\/uploads\/2022\/09\/Deutscher-Kultzurrat-Logo.png","type":"image\/png"}],"author":"guenter.wolfgang","twitter_card":"summary_large_image","twitter_misc":{"Verfasst von":"guenter.wolfgang","Gesch\u00e4tzte Lesezeit":"1\u00a0Minute"},"schema":{"@context":"https:\/\/schema.org","@graph":[{"@type":"Article","@id":"https:\/\/kulturonline.tv\/de\/deutscher-kulturrat-begruesst-entlastungspaket\/#article","isPartOf":{"@id":"https:\/\/kulturonline.tv\/de\/deutscher-kulturrat-begruesst-entlastungspaket\/"},"author":{"name":"guenter.wolfgang","@id":"https:\/\/kulturonline.tv\/de\/#\/schema\/person\/b0fac729bb9a0c193fb1df23449df4fe"},"headline":"Deutscher Kulturrat begr\u00fc\u00dft Entlastungspaket","datePublished":"2022-09-05T12:46:38+00:00","dateModified":"2022-09-05T12:46:39+00:00","mainEntityOfPage":{"@id":"https:\/\/kulturonline.tv\/de\/deutscher-kulturrat-begruesst-entlastungspaket\/"},"wordCount":124,"publisher":{"@id":"https:\/\/kulturonline.tv\/de\/#organization"},"image":{"@id":"https:\/\/kulturonline.tv\/de\/deutscher-kulturrat-begruesst-entlastungspaket\/#primaryimage"},"thumbnailUrl":"https:\/\/kulturonline.tv\/wp-content\/uploads\/2022\/09\/Deutscher-Kultzurrat-Logo.png","articleSection":["Newsflash"],"inLanguage":"de"},{"@type":"WebPage","@id":"https:\/\/kulturonline.tv\/de\/deutscher-kulturrat-begruesst-entlastungspaket\/","url":"https:\/\/kulturonline.tv\/de\/deutscher-kulturrat-begruesst-entlastungspaket\/","name":"Deutscher Kulturrat begr\u00fc\u00dft Entlastungspaket - Kultur Online TV &amp; FM","isPartOf":{"@id":"https:\/\/kulturonline.tv\/de\/#website"},"primaryImageOfPage":{"@id":"https:\/\/kulturonline.tv\/de\/deutscher-kulturrat-begruesst-entlastungspaket\/#primaryimage"},"image":{"@id":"https:\/\/kulturonline.tv\/de\/deutscher-kulturrat-begruesst-entlastungspaket\/#primaryimage"},"thumbnailUrl":"https:\/\/kulturonline.tv\/wp-content\/uploads\/2022\/09\/Deutscher-Kultzurrat-Logo.png","datePublished":"2022-09-05T12:46:38+00:00","dateModified":"2022-09-05T12:46:39+00:00","description":"Der Deutsche Kulturrat begr\u00fc\u00dft, dass das Entlastungspaket der Bundesregierung in der Energiekrise den Kultursektor mit rund einer Milliarde Euro unterst\u00fctzen soll.","breadcrumb":{"@id":"https:\/\/kulturonline.tv\/de\/deutscher-kulturrat-begruesst-entlastungspaket\/#breadcrumb"},"inLanguage":"de","potentialAction":[{"@type":"ReadAction","target":["https:\/\/kulturonline.tv\/de\/deutscher-kulturrat-begruesst-entlastungspaket\/"]}]},{"@type":"ImageObject","inLanguage":"de","@id":"https:\/\/kulturonline.tv\/de\/deutscher-kulturrat-begruesst-entlastungspaket\/#primaryimage","url":"https:\/\/kulturonline.tv\/wp-content\/uploads\/2022\/09\/Deutscher-Kultzurrat-Logo.png","contentUrl":"https:\/\/kulturonline.tv\/wp-content\/uploads\/2022\/09\/Deutscher-Kultzurrat-Logo.png","width":649,"height":353},{"@type":"BreadcrumbList","@id":"https:\/\/kulturonline.tv\/de\/deutscher-kulturrat-begruesst-entlastungspaket\/#breadcrumb","itemListElement":[{"@type":"ListItem","position":1,"name":"Startseite","item":"https:\/\/kulturonline.tv\/de\/"},{"@type":"ListItem","position":2,"name":"Deutscher Kulturrat begr\u00fc\u00dft Entlastungspaket"}]},{"@type":"WebSite","@id":"https:\/\/kulturonline.tv\/de\/#website","url":"https:\/\/kulturonline.tv\/de\/","name":"Kultur Online TV &amp; FM","description":"Wir sind Kultur 2.0 zum sehen &amp; h\u00f6ren","publisher":{"@id":"https:\/\/kulturonline.tv\/de\/#organization"},"potentialAction":[{"@type":"SearchAction","target":{"@type":"EntryPoint","urlTemplate":"https:\/\/kulturonline.tv\/de\/?s={search_term_string}"},"query-input":{"@type":"PropertyValueSpecification","valueRequired":true,"valueName":"search_term_string"}}],"inLanguage":"de"},{"@type":"Organization","@id":"https:\/\/kulturonline.tv\/de\/#organization","name":"Kultur Online TV","url":"https:\/\/kulturonline.tv\/de\/","logo":{"@type":"ImageObject","inLanguage":"de","@id":"https:\/\/kulturonline.tv\/de\/#\/schema\/logo\/image\/","url":"https:\/\/kulturonline.tv\/wp-content\/uploads\/2021\/08\/Kultur-Online-Tv-Logo-Endversion-neu.png","contentUrl":"https:\/\/kulturonline.tv\/wp-content\/uploads\/2021\/08\/Kultur-Online-Tv-Logo-Endversion-neu.png","width":200,"height":200,"caption":"Kultur Online TV"},"image":{"@id":"https:\/\/kulturonline.tv\/de\/#\/schema\/logo\/image\/"},"sameAs":["https:\/\/www.facebook.com\/kulturonline.tv","https:\/\/www.instagram.com\/kulturonline.tv"]},{"@type":"Person","@id":"https:\/\/kulturonline.tv\/de\/#\/schema\/person\/b0fac729bb9a0c193fb1df23449df4fe","name":"guenter.wolfgang"}]}},"_links":{"self":[{"href":"https:\/\/kulturonline.tv\/de\/wp-json\/wp\/v2\/posts\/35896","targetHints":{"allow":["GET"]}}],"collection":[{"href":"https:\/\/kulturonline.tv\/de\/wp-json\/wp\/v2\/posts"}],"about":[{"href":"https:\/\/kulturonline.tv\/de\/wp-json\/wp\/v2\/types\/post"}],"author":[{"embeddable":true,"href":"https:\/\/kulturonline.tv\/de\/wp-json\/wp\/v2\/users\/2"}],"replies":[{"embeddable":true,"href":"https:\/\/kulturonline.tv\/de\/wp-json\/wp\/v2\/comments?post=35896"}],"version-history":[{"count":0,"href":"https:\/\/kulturonline.tv\/de\/wp-json\/wp\/v2\/posts\/35896\/revisions"}],"wp:featuredmedia":[{"embeddable":true,"href":"https:\/\/kulturonline.tv\/de\/wp-json\/wp\/v2\/media\/35897"}],"wp:attachment":[{"href":"https:\/\/kulturonline.tv\/de\/wp-json\/wp\/v2\/media?parent=35896"}],"wp:term":[{"taxonomy":"category","embeddable":true,"href":"https:\/\/kulturonline.tv\/de\/wp-json\/wp\/v2\/categories?post=35896"},{"taxonomy":"post_tag","embeddable":true,"href":"https:\/\/kulturonline.tv\/de\/wp-json\/wp\/v2\/tags?post=35896"}],"curies":[{"name":"wp","href":"https:\/\/api.w.org\/{rel}","templated":true}]}}