{"id":35905,"date":"2022-09-05T22:39:07","date_gmt":"2022-09-05T20:39:07","guid":{"rendered":"https:\/\/kulturonline.tv\/?p=35905"},"modified":"2022-09-05T22:39:09","modified_gmt":"2022-09-05T20:39:09","slug":"buchpraesentation-andreas-kreutzer-das-ende-der-maurerkelle-30-jahre-wohnbau-in-oesterreich-1990-2020","status":"publish","type":"post","link":"https:\/\/kulturonline.tv\/de\/buchpraesentation-andreas-kreutzer-das-ende-der-maurerkelle-30-jahre-wohnbau-in-oesterreich-1990-2020\/","title":{"rendered":"Buchpr\u00e4sentation Andreas Kreutzer \u201cDAS ENDE DER MAURERKELLE &#8211; 30 Jahre Wohnbau in \u00d6sterreich 1990-2020&#8243;"},"content":{"rendered":"\n<figure class=\"wp-block-image size-large\"><img fetchpriority=\"high\" decoding=\"async\" width=\"1600\" height=\"1088\" src=\"https:\/\/kulturonline.tv\/wp-content\/uploads\/2022\/09\/movie-time-1600x1088.jpg\" alt=\"\" class=\"wp-image-35910\" srcset=\"https:\/\/kulturonline.tv\/wp-content\/uploads\/2022\/09\/movie-time-1600x1088.jpg 1600w, https:\/\/kulturonline.tv\/wp-content\/uploads\/2022\/09\/movie-time-600x408.jpg 600w, https:\/\/kulturonline.tv\/wp-content\/uploads\/2022\/09\/movie-time-800x544.jpg 800w, https:\/\/kulturonline.tv\/wp-content\/uploads\/2022\/09\/movie-time-768x522.jpg 768w, https:\/\/kulturonline.tv\/wp-content\/uploads\/2022\/09\/movie-time-1536x1044.jpg 1536w, https:\/\/kulturonline.tv\/wp-content\/uploads\/2022\/09\/movie-time-2048x1392.jpg 2048w\" sizes=\"(max-width: 1600px) 100vw, 1600px\" \/><\/figure>\n\n\n\n<p>Das Buch leuchtet die Hintergr\u00fcnde steigender Mieten und Wohnungspreise aus und beschreibt wie die \u00f6ffentliche Hand diesen Preisauftrieb zus\u00e4tzlich befeuert. Zudem macht es deutlich, warum wir unsere Vorstellungen \u00fcber die Art und Weise, wie wir bauen, \u00e4ndern sollten.<\/p>\n\n\n\n<p>Das Gespr\u00e4ch mit\u00a0<strong>Andreas Kreutzer<\/strong>\u00a0f\u00fchrt\u00a0<strong>Dr. Christian Zillner<\/strong>, Chefredakteur von Falter Corporate Publishing.<\/p>\n\n\n\n<p>Donnerstag, 15. September 2022 um 19:00 Uhr<br>Buchhandlung Morawa &#8211; 1010 Wien, Wollzeile 11 <\/p>\n\n\n\n<p>Anmeldungen unter email:\u00a0<a href=\"https:\/\/www.ots.at\/email\/office\/kfp.at\" target=\"_blank\" rel=\"noreferrer noopener\">office@kfp.at<\/a><\/p>\n\n\n\n<p>Kultur Online TV<\/p>\n\n\n\n<p>#literatur #news #lesungen <\/p>\n","protected":false},"excerpt":{"rendered":"<p>Das Buch leuchtet die Hintergr\u00fcnde steigender Mieten und Wohnungspreise aus und beschreibt wie die \u00f6ffentliche Hand diesen Preisauftrieb zus\u00e4tzlich befeuert. Zudem macht es deutlich, warum wir unsere Vorstellungen \u00fcber die Art und Weise, wie wir bauen, \u00e4ndern sollten. Das Gespr\u00e4ch mit\u00a0Andreas Kreutzer\u00a0f\u00fchrt\u00a0Dr. Christian Zillner, Chefredakteur von Falter Corporate Publishing. Donnerstag, 15. September 2022 um 19:00 [&hellip;]<\/p>\n","protected":false},"author":2,"featured_media":35910,"comment_status":"closed","ping_status":"closed","sticky":false,"template":"","format":"standard","meta":{"_acf_changed":false,"footnotes":""},"categories":[106],"tags":[],"class_list":["post-35905","post","type-post","status-publish","format-standard","has-post-thumbnail","hentry","category-literatur"],"acf":[],"yoast_head":"<!-- This site is optimized with the Yoast SEO plugin v26.1.1 - https:\/\/yoast.com\/wordpress\/plugins\/seo\/ -->\n<title>Buchpr\u00e4sentation Andreas Kreutzer \u201cDAS ENDE DER MAURERKELLE - 30 Jahre Wohnbau in \u00d6sterreich 1990-2020&quot; - Kultur Online TV &amp; FM<\/title>\n<meta name=\"description\" content=\"Das Buch leuchtet die Hintergr\u00fcnde steigender Mieten und Wohnungspreise aus und beschreibt wie die \u00f6ffentliche Hand diesen Preisauftrieb zus\u00e4tzlich befeuert. Zudem macht es deutlich, warum wir unsere Vorstellungen \u00fcber die Art und Weise, wie wir bauen, \u00e4ndern sollten.\" \/>\n<meta name=\"robots\" content=\"index, follow, max-snippet:-1, max-image-preview:large, max-video-preview:-1\" \/>\n<link rel=\"canonical\" href=\"https:\/\/kulturonline.tv\/de\/buchpraesentation-andreas-kreutzer-das-ende-der-maurerkelle-30-jahre-wohnbau-in-oesterreich-1990-2020\/\" \/>\n<meta property=\"og:locale\" content=\"de_DE\" \/>\n<meta property=\"og:type\" content=\"article\" \/>\n<meta property=\"og:title\" content=\"Buchpr\u00e4sentation Andreas Kreutzer \u201cDAS ENDE DER MAURERKELLE - 30 Jahre Wohnbau in \u00d6sterreich 1990-2020&quot; - Kultur Online TV &amp; FM\" \/>\n<meta property=\"og:description\" content=\"Das Buch leuchtet die Hintergr\u00fcnde steigender Mieten und Wohnungspreise aus und beschreibt wie die \u00f6ffentliche Hand diesen Preisauftrieb zus\u00e4tzlich befeuert. Zudem macht es deutlich, warum wir unsere Vorstellungen \u00fcber die Art und Weise, wie wir bauen, \u00e4ndern sollten.\" \/>\n<meta property=\"og:url\" content=\"https:\/\/kulturonline.tv\/de\/buchpraesentation-andreas-kreutzer-das-ende-der-maurerkelle-30-jahre-wohnbau-in-oesterreich-1990-2020\/\" \/>\n<meta property=\"og:site_name\" content=\"Kultur Online TV &amp; FM\" \/>\n<meta property=\"article:publisher\" content=\"https:\/\/www.facebook.com\/kulturonline.tv\" \/>\n<meta property=\"article:published_time\" content=\"2022-09-05T20:39:07+00:00\" \/>\n<meta property=\"article:modified_time\" content=\"2022-09-05T20:39:09+00:00\" \/>\n<meta property=\"og:image\" content=\"https:\/\/kulturonline.tv\/wp-content\/uploads\/2022\/09\/movie-time.jpg\" \/>\n\t<meta property=\"og:image:width\" content=\"2560\" \/>\n\t<meta property=\"og:image:height\" content=\"1740\" \/>\n\t<meta property=\"og:image:type\" content=\"image\/jpeg\" \/>\n<meta name=\"author\" content=\"guenter.wolfgang\" \/>\n<meta name=\"twitter:card\" content=\"summary_large_image\" \/>\n<meta name=\"twitter:label1\" content=\"Verfasst von\" \/>\n\t<meta name=\"twitter:data1\" content=\"guenter.wolfgang\" \/>\n<script type=\"application\/ld+json\" class=\"yoast-schema-graph\">{\"@context\":\"https:\/\/schema.org\",\"@graph\":[{\"@type\":\"Article\",\"@id\":\"https:\/\/kulturonline.tv\/de\/buchpraesentation-andreas-kreutzer-das-ende-der-maurerkelle-30-jahre-wohnbau-in-oesterreich-1990-2020\/#article\",\"isPartOf\":{\"@id\":\"https:\/\/kulturonline.tv\/de\/buchpraesentation-andreas-kreutzer-das-ende-der-maurerkelle-30-jahre-wohnbau-in-oesterreich-1990-2020\/\"},\"author\":{\"name\":\"guenter.wolfgang\",\"@id\":\"https:\/\/kulturonline.tv\/de\/#\/schema\/person\/b0fac729bb9a0c193fb1df23449df4fe\"},\"headline\":\"Buchpr\u00e4sentation Andreas Kreutzer \u201cDAS ENDE DER MAURERKELLE &#8211; 30 Jahre Wohnbau in \u00d6sterreich 1990-2020&#8243;\",\"datePublished\":\"2022-09-05T20:39:07+00:00\",\"dateModified\":\"2022-09-05T20:39:09+00:00\",\"mainEntityOfPage\":{\"@id\":\"https:\/\/kulturonline.tv\/de\/buchpraesentation-andreas-kreutzer-das-ende-der-maurerkelle-30-jahre-wohnbau-in-oesterreich-1990-2020\/\"},\"wordCount\":90,\"publisher\":{\"@id\":\"https:\/\/kulturonline.tv\/de\/#organization\"},\"image\":{\"@id\":\"https:\/\/kulturonline.tv\/de\/buchpraesentation-andreas-kreutzer-das-ende-der-maurerkelle-30-jahre-wohnbau-in-oesterreich-1990-2020\/#primaryimage\"},\"thumbnailUrl\":\"https:\/\/kulturonline.tv\/wp-content\/uploads\/2022\/09\/movie-time.jpg\",\"articleSection\":[\"Literatur\"],\"inLanguage\":\"de\"},{\"@type\":\"WebPage\",\"@id\":\"https:\/\/kulturonline.tv\/de\/buchpraesentation-andreas-kreutzer-das-ende-der-maurerkelle-30-jahre-wohnbau-in-oesterreich-1990-2020\/\",\"url\":\"https:\/\/kulturonline.tv\/de\/buchpraesentation-andreas-kreutzer-das-ende-der-maurerkelle-30-jahre-wohnbau-in-oesterreich-1990-2020\/\",\"name\":\"Buchpr\u00e4sentation Andreas Kreutzer \u201cDAS ENDE DER MAURERKELLE - 30 Jahre Wohnbau in \u00d6sterreich 1990-2020\\\" - Kultur Online TV &amp; FM\",\"isPartOf\":{\"@id\":\"https:\/\/kulturonline.tv\/de\/#website\"},\"primaryImageOfPage\":{\"@id\":\"https:\/\/kulturonline.tv\/de\/buchpraesentation-andreas-kreutzer-das-ende-der-maurerkelle-30-jahre-wohnbau-in-oesterreich-1990-2020\/#primaryimage\"},\"image\":{\"@id\":\"https:\/\/kulturonline.tv\/de\/buchpraesentation-andreas-kreutzer-das-ende-der-maurerkelle-30-jahre-wohnbau-in-oesterreich-1990-2020\/#primaryimage\"},\"thumbnailUrl\":\"https:\/\/kulturonline.tv\/wp-content\/uploads\/2022\/09\/movie-time.jpg\",\"datePublished\":\"2022-09-05T20:39:07+00:00\",\"dateModified\":\"2022-09-05T20:39:09+00:00\",\"description\":\"Das Buch leuchtet die Hintergr\u00fcnde steigender Mieten und Wohnungspreise aus und beschreibt wie die \u00f6ffentliche Hand diesen Preisauftrieb zus\u00e4tzlich befeuert. Zudem macht es deutlich, warum wir unsere Vorstellungen \u00fcber die Art und Weise, wie wir bauen, \u00e4ndern sollten.\",\"breadcrumb\":{\"@id\":\"https:\/\/kulturonline.tv\/de\/buchpraesentation-andreas-kreutzer-das-ende-der-maurerkelle-30-jahre-wohnbau-in-oesterreich-1990-2020\/#breadcrumb\"},\"inLanguage\":\"de\",\"potentialAction\":[{\"@type\":\"ReadAction\",\"target\":[\"https:\/\/kulturonline.tv\/de\/buchpraesentation-andreas-kreutzer-das-ende-der-maurerkelle-30-jahre-wohnbau-in-oesterreich-1990-2020\/\"]}]},{\"@type\":\"ImageObject\",\"inLanguage\":\"de\",\"@id\":\"https:\/\/kulturonline.tv\/de\/buchpraesentation-andreas-kreutzer-das-ende-der-maurerkelle-30-jahre-wohnbau-in-oesterreich-1990-2020\/#primaryimage\",\"url\":\"https:\/\/kulturonline.tv\/wp-content\/uploads\/2022\/09\/movie-time.jpg\",\"contentUrl\":\"https:\/\/kulturonline.tv\/wp-content\/uploads\/2022\/09\/movie-time.jpg\",\"width\":2560,\"height\":1740},{\"@type\":\"BreadcrumbList\",\"@id\":\"https:\/\/kulturonline.tv\/de\/buchpraesentation-andreas-kreutzer-das-ende-der-maurerkelle-30-jahre-wohnbau-in-oesterreich-1990-2020\/#breadcrumb\",\"itemListElement\":[{\"@type\":\"ListItem\",\"position\":1,\"name\":\"Startseite\",\"item\":\"https:\/\/kulturonline.tv\/de\/\"},{\"@type\":\"ListItem\",\"position\":2,\"name\":\"Buchpr\u00e4sentation Andreas Kreutzer \u201cDAS ENDE DER MAURERKELLE &#8211; 30 Jahre Wohnbau in \u00d6sterreich 1990-2020&#8243;\"}]},{\"@type\":\"WebSite\",\"@id\":\"https:\/\/kulturonline.tv\/de\/#website\",\"url\":\"https:\/\/kulturonline.tv\/de\/\",\"name\":\"Kultur Online TV &amp; FM\",\"description\":\"Wir sind Kultur 2.0 zum sehen &amp; h\u00f6ren\",\"publisher\":{\"@id\":\"https:\/\/kulturonline.tv\/de\/#organization\"},\"potentialAction\":[{\"@type\":\"SearchAction\",\"target\":{\"@type\":\"EntryPoint\",\"urlTemplate\":\"https:\/\/kulturonline.tv\/de\/?s={search_term_string}\"},\"query-input\":{\"@type\":\"PropertyValueSpecification\",\"valueRequired\":true,\"valueName\":\"search_term_string\"}}],\"inLanguage\":\"de\"},{\"@type\":\"Organization\",\"@id\":\"https:\/\/kulturonline.tv\/de\/#organization\",\"name\":\"Kultur Online TV\",\"url\":\"https:\/\/kulturonline.tv\/de\/\",\"logo\":{\"@type\":\"ImageObject\",\"inLanguage\":\"de\",\"@id\":\"https:\/\/kulturonline.tv\/de\/#\/schema\/logo\/image\/\",\"url\":\"https:\/\/kulturonline.tv\/wp-content\/uploads\/2021\/08\/Kultur-Online-Tv-Logo-Endversion-neu.png\",\"contentUrl\":\"https:\/\/kulturonline.tv\/wp-content\/uploads\/2021\/08\/Kultur-Online-Tv-Logo-Endversion-neu.png\",\"width\":200,\"height\":200,\"caption\":\"Kultur Online TV\"},\"image\":{\"@id\":\"https:\/\/kulturonline.tv\/de\/#\/schema\/logo\/image\/\"},\"sameAs\":[\"https:\/\/www.facebook.com\/kulturonline.tv\",\"https:\/\/www.instagram.com\/kulturonline.tv\"]},{\"@type\":\"Person\",\"@id\":\"https:\/\/kulturonline.tv\/de\/#\/schema\/person\/b0fac729bb9a0c193fb1df23449df4fe\",\"name\":\"guenter.wolfgang\"}]}<\/script>\n<!-- \/ Yoast SEO plugin. -->","yoast_head_json":{"title":"Buchpr\u00e4sentation Andreas Kreutzer \u201cDAS ENDE DER MAURERKELLE - 30 Jahre Wohnbau in \u00d6sterreich 1990-2020\" - Kultur Online TV &amp; FM","description":"Das Buch leuchtet die Hintergr\u00fcnde steigender Mieten und Wohnungspreise aus und beschreibt wie die \u00f6ffentliche Hand diesen Preisauftrieb zus\u00e4tzlich befeuert. Zudem macht es deutlich, warum wir unsere Vorstellungen \u00fcber die Art und Weise, wie wir bauen, \u00e4ndern sollten.","robots":{"index":"index","follow":"follow","max-snippet":"max-snippet:-1","max-image-preview":"max-image-preview:large","max-video-preview":"max-video-preview:-1"},"canonical":"https:\/\/kulturonline.tv\/de\/buchpraesentation-andreas-kreutzer-das-ende-der-maurerkelle-30-jahre-wohnbau-in-oesterreich-1990-2020\/","og_locale":"de_DE","og_type":"article","og_title":"Buchpr\u00e4sentation Andreas Kreutzer \u201cDAS ENDE DER MAURERKELLE - 30 Jahre Wohnbau in \u00d6sterreich 1990-2020\" - Kultur Online TV &amp; FM","og_description":"Das Buch leuchtet die Hintergr\u00fcnde steigender Mieten und Wohnungspreise aus und beschreibt wie die \u00f6ffentliche Hand diesen Preisauftrieb zus\u00e4tzlich befeuert. Zudem macht es deutlich, warum wir unsere Vorstellungen \u00fcber die Art und Weise, wie wir bauen, \u00e4ndern sollten.","og_url":"https:\/\/kulturonline.tv\/de\/buchpraesentation-andreas-kreutzer-das-ende-der-maurerkelle-30-jahre-wohnbau-in-oesterreich-1990-2020\/","og_site_name":"Kultur Online TV &amp; FM","article_publisher":"https:\/\/www.facebook.com\/kulturonline.tv","article_published_time":"2022-09-05T20:39:07+00:00","article_modified_time":"2022-09-05T20:39:09+00:00","og_image":[{"width":2560,"height":1740,"url":"https:\/\/kulturonline.tv\/wp-content\/uploads\/2022\/09\/movie-time.jpg","type":"image\/jpeg"}],"author":"guenter.wolfgang","twitter_card":"summary_large_image","twitter_misc":{"Verfasst von":"guenter.wolfgang"},"schema":{"@context":"https:\/\/schema.org","@graph":[{"@type":"Article","@id":"https:\/\/kulturonline.tv\/de\/buchpraesentation-andreas-kreutzer-das-ende-der-maurerkelle-30-jahre-wohnbau-in-oesterreich-1990-2020\/#article","isPartOf":{"@id":"https:\/\/kulturonline.tv\/de\/buchpraesentation-andreas-kreutzer-das-ende-der-maurerkelle-30-jahre-wohnbau-in-oesterreich-1990-2020\/"},"author":{"name":"guenter.wolfgang","@id":"https:\/\/kulturonline.tv\/de\/#\/schema\/person\/b0fac729bb9a0c193fb1df23449df4fe"},"headline":"Buchpr\u00e4sentation Andreas Kreutzer \u201cDAS ENDE DER MAURERKELLE &#8211; 30 Jahre Wohnbau in \u00d6sterreich 1990-2020&#8243;","datePublished":"2022-09-05T20:39:07+00:00","dateModified":"2022-09-05T20:39:09+00:00","mainEntityOfPage":{"@id":"https:\/\/kulturonline.tv\/de\/buchpraesentation-andreas-kreutzer-das-ende-der-maurerkelle-30-jahre-wohnbau-in-oesterreich-1990-2020\/"},"wordCount":90,"publisher":{"@id":"https:\/\/kulturonline.tv\/de\/#organization"},"image":{"@id":"https:\/\/kulturonline.tv\/de\/buchpraesentation-andreas-kreutzer-das-ende-der-maurerkelle-30-jahre-wohnbau-in-oesterreich-1990-2020\/#primaryimage"},"thumbnailUrl":"https:\/\/kulturonline.tv\/wp-content\/uploads\/2022\/09\/movie-time.jpg","articleSection":["Literatur"],"inLanguage":"de"},{"@type":"WebPage","@id":"https:\/\/kulturonline.tv\/de\/buchpraesentation-andreas-kreutzer-das-ende-der-maurerkelle-30-jahre-wohnbau-in-oesterreich-1990-2020\/","url":"https:\/\/kulturonline.tv\/de\/buchpraesentation-andreas-kreutzer-das-ende-der-maurerkelle-30-jahre-wohnbau-in-oesterreich-1990-2020\/","name":"Buchpr\u00e4sentation Andreas Kreutzer \u201cDAS ENDE DER MAURERKELLE - 30 Jahre Wohnbau in \u00d6sterreich 1990-2020\" - Kultur Online TV &amp; FM","isPartOf":{"@id":"https:\/\/kulturonline.tv\/de\/#website"},"primaryImageOfPage":{"@id":"https:\/\/kulturonline.tv\/de\/buchpraesentation-andreas-kreutzer-das-ende-der-maurerkelle-30-jahre-wohnbau-in-oesterreich-1990-2020\/#primaryimage"},"image":{"@id":"https:\/\/kulturonline.tv\/de\/buchpraesentation-andreas-kreutzer-das-ende-der-maurerkelle-30-jahre-wohnbau-in-oesterreich-1990-2020\/#primaryimage"},"thumbnailUrl":"https:\/\/kulturonline.tv\/wp-content\/uploads\/2022\/09\/movie-time.jpg","datePublished":"2022-09-05T20:39:07+00:00","dateModified":"2022-09-05T20:39:09+00:00","description":"Das Buch leuchtet die Hintergr\u00fcnde steigender Mieten und Wohnungspreise aus und beschreibt wie die \u00f6ffentliche Hand diesen Preisauftrieb zus\u00e4tzlich befeuert. Zudem macht es deutlich, warum wir unsere Vorstellungen \u00fcber die Art und Weise, wie wir bauen, \u00e4ndern sollten.","breadcrumb":{"@id":"https:\/\/kulturonline.tv\/de\/buchpraesentation-andreas-kreutzer-das-ende-der-maurerkelle-30-jahre-wohnbau-in-oesterreich-1990-2020\/#breadcrumb"},"inLanguage":"de","potentialAction":[{"@type":"ReadAction","target":["https:\/\/kulturonline.tv\/de\/buchpraesentation-andreas-kreutzer-das-ende-der-maurerkelle-30-jahre-wohnbau-in-oesterreich-1990-2020\/"]}]},{"@type":"ImageObject","inLanguage":"de","@id":"https:\/\/kulturonline.tv\/de\/buchpraesentation-andreas-kreutzer-das-ende-der-maurerkelle-30-jahre-wohnbau-in-oesterreich-1990-2020\/#primaryimage","url":"https:\/\/kulturonline.tv\/wp-content\/uploads\/2022\/09\/movie-time.jpg","contentUrl":"https:\/\/kulturonline.tv\/wp-content\/uploads\/2022\/09\/movie-time.jpg","width":2560,"height":1740},{"@type":"BreadcrumbList","@id":"https:\/\/kulturonline.tv\/de\/buchpraesentation-andreas-kreutzer-das-ende-der-maurerkelle-30-jahre-wohnbau-in-oesterreich-1990-2020\/#breadcrumb","itemListElement":[{"@type":"ListItem","position":1,"name":"Startseite","item":"https:\/\/kulturonline.tv\/de\/"},{"@type":"ListItem","position":2,"name":"Buchpr\u00e4sentation Andreas Kreutzer \u201cDAS ENDE DER MAURERKELLE &#8211; 30 Jahre Wohnbau in \u00d6sterreich 1990-2020&#8243;"}]},{"@type":"WebSite","@id":"https:\/\/kulturonline.tv\/de\/#website","url":"https:\/\/kulturonline.tv\/de\/","name":"Kultur Online TV &amp; FM","description":"Wir sind Kultur 2.0 zum sehen &amp; h\u00f6ren","publisher":{"@id":"https:\/\/kulturonline.tv\/de\/#organization"},"potentialAction":[{"@type":"SearchAction","target":{"@type":"EntryPoint","urlTemplate":"https:\/\/kulturonline.tv\/de\/?s={search_term_string}"},"query-input":{"@type":"PropertyValueSpecification","valueRequired":true,"valueName":"search_term_string"}}],"inLanguage":"de"},{"@type":"Organization","@id":"https:\/\/kulturonline.tv\/de\/#organization","name":"Kultur Online TV","url":"https:\/\/kulturonline.tv\/de\/","logo":{"@type":"ImageObject","inLanguage":"de","@id":"https:\/\/kulturonline.tv\/de\/#\/schema\/logo\/image\/","url":"https:\/\/kulturonline.tv\/wp-content\/uploads\/2021\/08\/Kultur-Online-Tv-Logo-Endversion-neu.png","contentUrl":"https:\/\/kulturonline.tv\/wp-content\/uploads\/2021\/08\/Kultur-Online-Tv-Logo-Endversion-neu.png","width":200,"height":200,"caption":"Kultur Online TV"},"image":{"@id":"https:\/\/kulturonline.tv\/de\/#\/schema\/logo\/image\/"},"sameAs":["https:\/\/www.facebook.com\/kulturonline.tv","https:\/\/www.instagram.com\/kulturonline.tv"]},{"@type":"Person","@id":"https:\/\/kulturonline.tv\/de\/#\/schema\/person\/b0fac729bb9a0c193fb1df23449df4fe","name":"guenter.wolfgang"}]}},"_links":{"self":[{"href":"https:\/\/kulturonline.tv\/de\/wp-json\/wp\/v2\/posts\/35905","targetHints":{"allow":["GET"]}}],"collection":[{"href":"https:\/\/kulturonline.tv\/de\/wp-json\/wp\/v2\/posts"}],"about":[{"href":"https:\/\/kulturonline.tv\/de\/wp-json\/wp\/v2\/types\/post"}],"author":[{"embeddable":true,"href":"https:\/\/kulturonline.tv\/de\/wp-json\/wp\/v2\/users\/2"}],"replies":[{"embeddable":true,"href":"https:\/\/kulturonline.tv\/de\/wp-json\/wp\/v2\/comments?post=35905"}],"version-history":[{"count":0,"href":"https:\/\/kulturonline.tv\/de\/wp-json\/wp\/v2\/posts\/35905\/revisions"}],"wp:featuredmedia":[{"embeddable":true,"href":"https:\/\/kulturonline.tv\/de\/wp-json\/wp\/v2\/media\/35910"}],"wp:attachment":[{"href":"https:\/\/kulturonline.tv\/de\/wp-json\/wp\/v2\/media?parent=35905"}],"wp:term":[{"taxonomy":"category","embeddable":true,"href":"https:\/\/kulturonline.tv\/de\/wp-json\/wp\/v2\/categories?post=35905"},{"taxonomy":"post_tag","embeddable":true,"href":"https:\/\/kulturonline.tv\/de\/wp-json\/wp\/v2\/tags?post=35905"}],"curies":[{"name":"wp","href":"https:\/\/api.w.org\/{rel}","templated":true}]}}