{"id":36023,"date":"2022-09-15T22:15:26","date_gmt":"2022-09-15T20:15:26","guid":{"rendered":"https:\/\/kulturonline.tv\/?p=36023"},"modified":"2022-09-15T22:15:27","modified_gmt":"2022-09-15T20:15:27","slug":"javier-marias-an-corona-verstorben","status":"publish","type":"post","link":"https:\/\/kulturonline.tv\/de\/javier-marias-an-corona-verstorben\/","title":{"rendered":"Javier Mar\u00edas an Corona verstorben"},"content":{"rendered":"\n<p>Der spanische Schriftsteller, Kolumnist und \u00dcbersetzer Javier Mar\u00edas ist an einer durch eine Corona-Infektion verursachten Lungenentz\u00fcndung im Alter von 70 Jahren gestorben.<\/p>\n\n\n\n<figure class=\"wp-block-image size-full\"><img fetchpriority=\"high\" decoding=\"async\" width=\"1125\" height=\"632\" src=\"https:\/\/kulturonline.tv\/wp-content\/uploads\/2022\/09\/640px-Javier_Marias_redux-edited.png\" alt=\"\" class=\"wp-image-36026\" srcset=\"https:\/\/kulturonline.tv\/wp-content\/uploads\/2022\/09\/640px-Javier_Marias_redux-edited.png 1125w, https:\/\/kulturonline.tv\/wp-content\/uploads\/2022\/09\/640px-Javier_Marias_redux-edited-600x337.png 600w, https:\/\/kulturonline.tv\/wp-content\/uploads\/2022\/09\/640px-Javier_Marias_redux-edited-800x449.png 800w, https:\/\/kulturonline.tv\/wp-content\/uploads\/2022\/09\/640px-Javier_Marias_redux-edited-768x431.png 768w\" sizes=\"(max-width: 1125px) 100vw, 1125px\" \/><figcaption>\u00a9 <a href=\"https:\/\/creativecommons.org\/licenses\/by-sa\/3.0\" target=\"_blank\" rel=\"noreferrer noopener\">Creative Commons Attribution-Share Alike 3.0<\/a><\/figcaption><\/figure>\n\n\n\n<p>Mar\u00edas gilt als einer der gro\u00dfen Autoren der spanischen Gegenwartsliteratur. Seine Werke wurden in mehr als 40 Sprachen \u00fcbersetzt und in fast 60 L\u00e4ndern ver\u00f6ffentlicht. Zu seinen gr\u00f6\u00dften Erfolgen z\u00e4hlen neben &#8222;Mein Herz so wei\u00df&#8220; (1993) auch &#8222;Morgen in der Schlacht denk an mich&#8220; (1994) oder &#8222;Alle Seelen&#8220; (1989). Im vergangenen Jahr ver\u00f6ffentlichte er seinen letzten Roman, &#8222;Tom\u00e1s Nevinson&#8220;.<\/p>\n\n\n\n<p>Kultur Online TV<\/p>\n\n\n\n<p>#literatur #news <\/p>\n","protected":false},"excerpt":{"rendered":"<p>Der spanische Schriftsteller, Kolumnist und \u00dcbersetzer Javier Mar\u00edas ist an einer durch eine Corona-Infektion verursachten Lungenentz\u00fcndung im Alter von 70 Jahren gestorben. Mar\u00edas gilt als einer der gro\u00dfen Autoren der spanischen Gegenwartsliteratur. Seine Werke wurden in mehr als 40 Sprachen \u00fcbersetzt und in fast 60 L\u00e4ndern ver\u00f6ffentlicht. Zu seinen gr\u00f6\u00dften Erfolgen z\u00e4hlen neben &#8222;Mein Herz [&hellip;]<\/p>\n","protected":false},"author":2,"featured_media":36026,"comment_status":"closed","ping_status":"closed","sticky":false,"template":"","format":"standard","meta":{"_acf_changed":false,"footnotes":""},"categories":[106],"tags":[],"class_list":["post-36023","post","type-post","status-publish","format-standard","has-post-thumbnail","hentry","category-literatur"],"acf":[],"yoast_head":"<!-- This site is optimized with the Yoast SEO plugin v26.1.1 - https:\/\/yoast.com\/wordpress\/plugins\/seo\/ -->\n<title>Javier Mar\u00edas an Corona verstorben - Kultur Online TV &amp; FM<\/title>\n<meta name=\"description\" content=\"Kultur sehen und H\u00f6renDer spanische Schriftsteller, Kolumnist und \u00dcbersetzer Javier Mar\u00edas ist an einer durch eine Corona-Infektion verursachten Lungenentz\u00fcndung im Alter von 70 Jahren gestorben.\" \/>\n<meta name=\"robots\" content=\"index, follow, max-snippet:-1, max-image-preview:large, max-video-preview:-1\" \/>\n<link rel=\"canonical\" href=\"https:\/\/kulturonline.tv\/de\/javier-marias-an-corona-verstorben\/\" \/>\n<meta property=\"og:locale\" content=\"de_DE\" \/>\n<meta property=\"og:type\" content=\"article\" \/>\n<meta property=\"og:title\" content=\"Javier Mar\u00edas an Corona verstorben - Kultur Online TV &amp; FM\" \/>\n<meta property=\"og:description\" content=\"Kultur sehen und H\u00f6renDer spanische Schriftsteller, Kolumnist und \u00dcbersetzer Javier Mar\u00edas ist an einer durch eine Corona-Infektion verursachten Lungenentz\u00fcndung im Alter von 70 Jahren gestorben.\" \/>\n<meta property=\"og:url\" content=\"https:\/\/kulturonline.tv\/de\/javier-marias-an-corona-verstorben\/\" \/>\n<meta property=\"og:site_name\" content=\"Kultur Online TV &amp; FM\" \/>\n<meta property=\"article:publisher\" content=\"https:\/\/www.facebook.com\/kulturonline.tv\" \/>\n<meta property=\"article:published_time\" content=\"2022-09-15T20:15:26+00:00\" \/>\n<meta property=\"article:modified_time\" content=\"2022-09-15T20:15:27+00:00\" \/>\n<meta property=\"og:image\" content=\"https:\/\/kulturonline.tv\/wp-content\/uploads\/2022\/09\/640px-Javier_Marias_redux-edited.png\" \/>\n\t<meta property=\"og:image:width\" content=\"1125\" \/>\n\t<meta property=\"og:image:height\" content=\"632\" \/>\n\t<meta property=\"og:image:type\" content=\"image\/png\" \/>\n<meta name=\"author\" content=\"guenter.wolfgang\" \/>\n<meta name=\"twitter:card\" content=\"summary_large_image\" \/>\n<meta name=\"twitter:label1\" content=\"Verfasst von\" \/>\n\t<meta name=\"twitter:data1\" content=\"guenter.wolfgang\" \/>\n<script type=\"application\/ld+json\" class=\"yoast-schema-graph\">{\"@context\":\"https:\/\/schema.org\",\"@graph\":[{\"@type\":\"Article\",\"@id\":\"https:\/\/kulturonline.tv\/de\/javier-marias-an-corona-verstorben\/#article\",\"isPartOf\":{\"@id\":\"https:\/\/kulturonline.tv\/de\/javier-marias-an-corona-verstorben\/\"},\"author\":{\"name\":\"guenter.wolfgang\",\"@id\":\"https:\/\/kulturonline.tv\/de\/#\/schema\/person\/b0fac729bb9a0c193fb1df23449df4fe\"},\"headline\":\"Javier Mar\u00edas an Corona verstorben\",\"datePublished\":\"2022-09-15T20:15:26+00:00\",\"dateModified\":\"2022-09-15T20:15:27+00:00\",\"mainEntityOfPage\":{\"@id\":\"https:\/\/kulturonline.tv\/de\/javier-marias-an-corona-verstorben\/\"},\"wordCount\":100,\"publisher\":{\"@id\":\"https:\/\/kulturonline.tv\/de\/#organization\"},\"image\":{\"@id\":\"https:\/\/kulturonline.tv\/de\/javier-marias-an-corona-verstorben\/#primaryimage\"},\"thumbnailUrl\":\"https:\/\/kulturonline.tv\/wp-content\/uploads\/2022\/09\/640px-Javier_Marias_redux-edited.png\",\"articleSection\":[\"Literatur\"],\"inLanguage\":\"de\"},{\"@type\":\"WebPage\",\"@id\":\"https:\/\/kulturonline.tv\/de\/javier-marias-an-corona-verstorben\/\",\"url\":\"https:\/\/kulturonline.tv\/de\/javier-marias-an-corona-verstorben\/\",\"name\":\"Javier Mar\u00edas an Corona verstorben - Kultur Online TV &amp; FM\",\"isPartOf\":{\"@id\":\"https:\/\/kulturonline.tv\/de\/#website\"},\"primaryImageOfPage\":{\"@id\":\"https:\/\/kulturonline.tv\/de\/javier-marias-an-corona-verstorben\/#primaryimage\"},\"image\":{\"@id\":\"https:\/\/kulturonline.tv\/de\/javier-marias-an-corona-verstorben\/#primaryimage\"},\"thumbnailUrl\":\"https:\/\/kulturonline.tv\/wp-content\/uploads\/2022\/09\/640px-Javier_Marias_redux-edited.png\",\"datePublished\":\"2022-09-15T20:15:26+00:00\",\"dateModified\":\"2022-09-15T20:15:27+00:00\",\"description\":\"Kultur sehen und H\u00f6renDer spanische Schriftsteller, Kolumnist und \u00dcbersetzer Javier Mar\u00edas ist an einer durch eine Corona-Infektion verursachten Lungenentz\u00fcndung im Alter von 70 Jahren gestorben.\",\"breadcrumb\":{\"@id\":\"https:\/\/kulturonline.tv\/de\/javier-marias-an-corona-verstorben\/#breadcrumb\"},\"inLanguage\":\"de\",\"potentialAction\":[{\"@type\":\"ReadAction\",\"target\":[\"https:\/\/kulturonline.tv\/de\/javier-marias-an-corona-verstorben\/\"]}]},{\"@type\":\"ImageObject\",\"inLanguage\":\"de\",\"@id\":\"https:\/\/kulturonline.tv\/de\/javier-marias-an-corona-verstorben\/#primaryimage\",\"url\":\"https:\/\/kulturonline.tv\/wp-content\/uploads\/2022\/09\/640px-Javier_Marias_redux-edited.png\",\"contentUrl\":\"https:\/\/kulturonline.tv\/wp-content\/uploads\/2022\/09\/640px-Javier_Marias_redux-edited.png\",\"width\":1125,\"height\":632},{\"@type\":\"BreadcrumbList\",\"@id\":\"https:\/\/kulturonline.tv\/de\/javier-marias-an-corona-verstorben\/#breadcrumb\",\"itemListElement\":[{\"@type\":\"ListItem\",\"position\":1,\"name\":\"Startseite\",\"item\":\"https:\/\/kulturonline.tv\/de\/\"},{\"@type\":\"ListItem\",\"position\":2,\"name\":\"Javier Mar\u00edas an Corona verstorben\"}]},{\"@type\":\"WebSite\",\"@id\":\"https:\/\/kulturonline.tv\/de\/#website\",\"url\":\"https:\/\/kulturonline.tv\/de\/\",\"name\":\"Kultur Online TV &amp; FM\",\"description\":\"Wir sind Kultur 2.0 zum sehen &amp; h\u00f6ren\",\"publisher\":{\"@id\":\"https:\/\/kulturonline.tv\/de\/#organization\"},\"potentialAction\":[{\"@type\":\"SearchAction\",\"target\":{\"@type\":\"EntryPoint\",\"urlTemplate\":\"https:\/\/kulturonline.tv\/de\/?s={search_term_string}\"},\"query-input\":{\"@type\":\"PropertyValueSpecification\",\"valueRequired\":true,\"valueName\":\"search_term_string\"}}],\"inLanguage\":\"de\"},{\"@type\":\"Organization\",\"@id\":\"https:\/\/kulturonline.tv\/de\/#organization\",\"name\":\"Kultur Online TV\",\"url\":\"https:\/\/kulturonline.tv\/de\/\",\"logo\":{\"@type\":\"ImageObject\",\"inLanguage\":\"de\",\"@id\":\"https:\/\/kulturonline.tv\/de\/#\/schema\/logo\/image\/\",\"url\":\"https:\/\/kulturonline.tv\/wp-content\/uploads\/2021\/08\/Kultur-Online-Tv-Logo-Endversion-neu.png\",\"contentUrl\":\"https:\/\/kulturonline.tv\/wp-content\/uploads\/2021\/08\/Kultur-Online-Tv-Logo-Endversion-neu.png\",\"width\":200,\"height\":200,\"caption\":\"Kultur Online TV\"},\"image\":{\"@id\":\"https:\/\/kulturonline.tv\/de\/#\/schema\/logo\/image\/\"},\"sameAs\":[\"https:\/\/www.facebook.com\/kulturonline.tv\",\"https:\/\/www.instagram.com\/kulturonline.tv\"]},{\"@type\":\"Person\",\"@id\":\"https:\/\/kulturonline.tv\/de\/#\/schema\/person\/b0fac729bb9a0c193fb1df23449df4fe\",\"name\":\"guenter.wolfgang\"}]}<\/script>\n<!-- \/ Yoast SEO plugin. -->","yoast_head_json":{"title":"Javier Mar\u00edas an Corona verstorben - Kultur Online TV &amp; FM","description":"Kultur sehen und H\u00f6renDer spanische Schriftsteller, Kolumnist und \u00dcbersetzer Javier Mar\u00edas ist an einer durch eine Corona-Infektion verursachten Lungenentz\u00fcndung im Alter von 70 Jahren gestorben.","robots":{"index":"index","follow":"follow","max-snippet":"max-snippet:-1","max-image-preview":"max-image-preview:large","max-video-preview":"max-video-preview:-1"},"canonical":"https:\/\/kulturonline.tv\/de\/javier-marias-an-corona-verstorben\/","og_locale":"de_DE","og_type":"article","og_title":"Javier Mar\u00edas an Corona verstorben - Kultur Online TV &amp; FM","og_description":"Kultur sehen und H\u00f6renDer spanische Schriftsteller, Kolumnist und \u00dcbersetzer Javier Mar\u00edas ist an einer durch eine Corona-Infektion verursachten Lungenentz\u00fcndung im Alter von 70 Jahren gestorben.","og_url":"https:\/\/kulturonline.tv\/de\/javier-marias-an-corona-verstorben\/","og_site_name":"Kultur Online TV &amp; FM","article_publisher":"https:\/\/www.facebook.com\/kulturonline.tv","article_published_time":"2022-09-15T20:15:26+00:00","article_modified_time":"2022-09-15T20:15:27+00:00","og_image":[{"width":1125,"height":632,"url":"https:\/\/kulturonline.tv\/wp-content\/uploads\/2022\/09\/640px-Javier_Marias_redux-edited.png","type":"image\/png"}],"author":"guenter.wolfgang","twitter_card":"summary_large_image","twitter_misc":{"Verfasst von":"guenter.wolfgang"},"schema":{"@context":"https:\/\/schema.org","@graph":[{"@type":"Article","@id":"https:\/\/kulturonline.tv\/de\/javier-marias-an-corona-verstorben\/#article","isPartOf":{"@id":"https:\/\/kulturonline.tv\/de\/javier-marias-an-corona-verstorben\/"},"author":{"name":"guenter.wolfgang","@id":"https:\/\/kulturonline.tv\/de\/#\/schema\/person\/b0fac729bb9a0c193fb1df23449df4fe"},"headline":"Javier Mar\u00edas an Corona verstorben","datePublished":"2022-09-15T20:15:26+00:00","dateModified":"2022-09-15T20:15:27+00:00","mainEntityOfPage":{"@id":"https:\/\/kulturonline.tv\/de\/javier-marias-an-corona-verstorben\/"},"wordCount":100,"publisher":{"@id":"https:\/\/kulturonline.tv\/de\/#organization"},"image":{"@id":"https:\/\/kulturonline.tv\/de\/javier-marias-an-corona-verstorben\/#primaryimage"},"thumbnailUrl":"https:\/\/kulturonline.tv\/wp-content\/uploads\/2022\/09\/640px-Javier_Marias_redux-edited.png","articleSection":["Literatur"],"inLanguage":"de"},{"@type":"WebPage","@id":"https:\/\/kulturonline.tv\/de\/javier-marias-an-corona-verstorben\/","url":"https:\/\/kulturonline.tv\/de\/javier-marias-an-corona-verstorben\/","name":"Javier Mar\u00edas an Corona verstorben - Kultur Online TV &amp; FM","isPartOf":{"@id":"https:\/\/kulturonline.tv\/de\/#website"},"primaryImageOfPage":{"@id":"https:\/\/kulturonline.tv\/de\/javier-marias-an-corona-verstorben\/#primaryimage"},"image":{"@id":"https:\/\/kulturonline.tv\/de\/javier-marias-an-corona-verstorben\/#primaryimage"},"thumbnailUrl":"https:\/\/kulturonline.tv\/wp-content\/uploads\/2022\/09\/640px-Javier_Marias_redux-edited.png","datePublished":"2022-09-15T20:15:26+00:00","dateModified":"2022-09-15T20:15:27+00:00","description":"Kultur sehen und H\u00f6renDer spanische Schriftsteller, Kolumnist und \u00dcbersetzer Javier Mar\u00edas ist an einer durch eine Corona-Infektion verursachten Lungenentz\u00fcndung im Alter von 70 Jahren gestorben.","breadcrumb":{"@id":"https:\/\/kulturonline.tv\/de\/javier-marias-an-corona-verstorben\/#breadcrumb"},"inLanguage":"de","potentialAction":[{"@type":"ReadAction","target":["https:\/\/kulturonline.tv\/de\/javier-marias-an-corona-verstorben\/"]}]},{"@type":"ImageObject","inLanguage":"de","@id":"https:\/\/kulturonline.tv\/de\/javier-marias-an-corona-verstorben\/#primaryimage","url":"https:\/\/kulturonline.tv\/wp-content\/uploads\/2022\/09\/640px-Javier_Marias_redux-edited.png","contentUrl":"https:\/\/kulturonline.tv\/wp-content\/uploads\/2022\/09\/640px-Javier_Marias_redux-edited.png","width":1125,"height":632},{"@type":"BreadcrumbList","@id":"https:\/\/kulturonline.tv\/de\/javier-marias-an-corona-verstorben\/#breadcrumb","itemListElement":[{"@type":"ListItem","position":1,"name":"Startseite","item":"https:\/\/kulturonline.tv\/de\/"},{"@type":"ListItem","position":2,"name":"Javier Mar\u00edas an Corona verstorben"}]},{"@type":"WebSite","@id":"https:\/\/kulturonline.tv\/de\/#website","url":"https:\/\/kulturonline.tv\/de\/","name":"Kultur Online TV &amp; FM","description":"Wir sind Kultur 2.0 zum sehen &amp; h\u00f6ren","publisher":{"@id":"https:\/\/kulturonline.tv\/de\/#organization"},"potentialAction":[{"@type":"SearchAction","target":{"@type":"EntryPoint","urlTemplate":"https:\/\/kulturonline.tv\/de\/?s={search_term_string}"},"query-input":{"@type":"PropertyValueSpecification","valueRequired":true,"valueName":"search_term_string"}}],"inLanguage":"de"},{"@type":"Organization","@id":"https:\/\/kulturonline.tv\/de\/#organization","name":"Kultur Online TV","url":"https:\/\/kulturonline.tv\/de\/","logo":{"@type":"ImageObject","inLanguage":"de","@id":"https:\/\/kulturonline.tv\/de\/#\/schema\/logo\/image\/","url":"https:\/\/kulturonline.tv\/wp-content\/uploads\/2021\/08\/Kultur-Online-Tv-Logo-Endversion-neu.png","contentUrl":"https:\/\/kulturonline.tv\/wp-content\/uploads\/2021\/08\/Kultur-Online-Tv-Logo-Endversion-neu.png","width":200,"height":200,"caption":"Kultur Online TV"},"image":{"@id":"https:\/\/kulturonline.tv\/de\/#\/schema\/logo\/image\/"},"sameAs":["https:\/\/www.facebook.com\/kulturonline.tv","https:\/\/www.instagram.com\/kulturonline.tv"]},{"@type":"Person","@id":"https:\/\/kulturonline.tv\/de\/#\/schema\/person\/b0fac729bb9a0c193fb1df23449df4fe","name":"guenter.wolfgang"}]}},"_links":{"self":[{"href":"https:\/\/kulturonline.tv\/de\/wp-json\/wp\/v2\/posts\/36023","targetHints":{"allow":["GET"]}}],"collection":[{"href":"https:\/\/kulturonline.tv\/de\/wp-json\/wp\/v2\/posts"}],"about":[{"href":"https:\/\/kulturonline.tv\/de\/wp-json\/wp\/v2\/types\/post"}],"author":[{"embeddable":true,"href":"https:\/\/kulturonline.tv\/de\/wp-json\/wp\/v2\/users\/2"}],"replies":[{"embeddable":true,"href":"https:\/\/kulturonline.tv\/de\/wp-json\/wp\/v2\/comments?post=36023"}],"version-history":[{"count":0,"href":"https:\/\/kulturonline.tv\/de\/wp-json\/wp\/v2\/posts\/36023\/revisions"}],"wp:featuredmedia":[{"embeddable":true,"href":"https:\/\/kulturonline.tv\/de\/wp-json\/wp\/v2\/media\/36026"}],"wp:attachment":[{"href":"https:\/\/kulturonline.tv\/de\/wp-json\/wp\/v2\/media?parent=36023"}],"wp:term":[{"taxonomy":"category","embeddable":true,"href":"https:\/\/kulturonline.tv\/de\/wp-json\/wp\/v2\/categories?post=36023"},{"taxonomy":"post_tag","embeddable":true,"href":"https:\/\/kulturonline.tv\/de\/wp-json\/wp\/v2\/tags?post=36023"}],"curies":[{"name":"wp","href":"https:\/\/api.w.org\/{rel}","templated":true}]}}