{"id":36354,"date":"2022-09-25T19:51:29","date_gmt":"2022-09-25T17:51:29","guid":{"rendered":"https:\/\/kulturonline.tv\/?p=36354"},"modified":"2023-01-11T20:16:04","modified_gmt":"2023-01-11T19:16:04","slug":"energiekrise-keine-schliessung-von-kultureinrichtungen-und-kirchen","status":"publish","type":"post","link":"https:\/\/kulturonline.tv\/de\/energiekrise-keine-schliessung-von-kultureinrichtungen-und-kirchen\/","title":{"rendered":"Energiekrise: Keine Schlie\u00dfung von Kultureinrichtungen und Kirchen"},"content":{"rendered":"\n<p>Kirchen und Kulturinstitutionen wollen sich in der kulturpolitischen Diskussion gemeinsam gegen Schlie\u00dfungen von Kultureinrichtungen und Kirchen im bevorstehenden Winter angesichts der kriegsbedingten Energieknappheit einsetzen.<\/p>\n\n\n\n<figure class=\"wp-block-image size-full\"><img fetchpriority=\"high\" decoding=\"async\" width=\"1280\" height=\"720\" src=\"https:\/\/kulturonline.tv\/wp-content\/uploads\/2022\/09\/Kultur-Online-TV-3-edited.jpg\" alt=\"\" class=\"wp-image-36357\" srcset=\"https:\/\/kulturonline.tv\/wp-content\/uploads\/2022\/09\/Kultur-Online-TV-3-edited.jpg 1280w, https:\/\/kulturonline.tv\/wp-content\/uploads\/2022\/09\/Kultur-Online-TV-3-edited-600x338.jpg 600w, https:\/\/kulturonline.tv\/wp-content\/uploads\/2022\/09\/Kultur-Online-TV-3-edited-800x450.jpg 800w, https:\/\/kulturonline.tv\/wp-content\/uploads\/2022\/09\/Kultur-Online-TV-3-edited-768x432.jpg 768w\" sizes=\"(max-width: 1280px) 100vw, 1280px\" \/><\/figure>\n\n\n\n<p>Einen entsprechenden Vorschlag f\u00fcr eine gemeinsame Position wird eine&nbsp;<strong>Arbeitsgruppe des Kulturbeirates der Evangelischen Kirche Berlin-Brandenburg-schlesische Oberlausitz (EKBO)<\/strong>&nbsp;erarbeiten.<\/p>\n\n\n\n<p><strong>Bischof Dr. Christian St\u00e4blein<\/strong>, Sprecher des EKBO-Kulturbeirats sagte: \u201eKirchen sind R\u00e4ume des Geistes und der Hoffnung, die ihre T\u00fcren gerade in Krisenzeiten offenhalten sollten. Wir stehen an der Seite der Kulturinstitutionen, die ihre R\u00e4ume in diesem Herbst und Winter offen halten wollen und daf\u00fcr eintreten. Kulturr\u00e4ume sind R\u00e4ume des Geistes und des \u00f6ffentlichen Diskurses, die in dieser Zeit so unverzichtbar sind wie die Kirchen!\u201c<\/p>\n\n\n\n<p><strong>Olaf Zimmermann<\/strong>, Gesch\u00e4ftsf\u00fchrer des Deutschen Kulturrats und Sprecher des EKBO-Kulturbeirats sagte: \u201eDen Kulturinstitutionen unseres Landes drohen \u2013 wie schon im Zuge der Pandemie \u2013 in diesem Herbst und Winter erneute Schlie\u00dfungen aufgrund von Energieknappheit und der Kostenexplosion f\u00fcr Strom und Gas. Dabei geh\u00f6ren sie \u2013 zumal in Krisenzeiten \u2013 zur existenziellen Grundversorgung unseres Landes. Kultur und Kirche m\u00fcssen sich verb\u00fcnden, um erneute Schlie\u00dfungen abzuwenden!\u201c<\/p>\n\n\n\n<p>Kultur Online TV<\/p>\n\n\n\n<p>#news #kultur #gesellschaft<\/p>\n\n\n\n<p><\/p>\n\n\n\n<figure class=\"wp-block-image\"><img decoding=\"async\" src=\"https:\/\/t.adcell.com\/p\/image?promoId=311807&amp;slotId=98564\" alt=\"Verwoehnwochenende\"\/><\/figure>\n\n\n\n<p><a href=\"https:\/\/t.adcell.com\/p\/click?promoId=311807&amp;slotId=98564\" target=\"_blank\" rel=\"noreferrer noopener\"><\/a><\/p>\n","protected":false},"excerpt":{"rendered":"<p>Kirchen und Kulturinstitutionen wollen sich in der kulturpolitischen Diskussion gemeinsam gegen Schlie\u00dfungen von Kultureinrichtungen und Kirchen im bevorstehenden Winter angesichts der kriegsbedingten Energieknappheit einsetzen. Einen entsprechenden Vorschlag f\u00fcr eine gemeinsame Position wird eine&nbsp;Arbeitsgruppe des Kulturbeirates der Evangelischen Kirche Berlin-Brandenburg-schlesische Oberlausitz (EKBO)&nbsp;erarbeiten. Bischof Dr. Christian St\u00e4blein, Sprecher des EKBO-Kulturbeirats sagte: \u201eKirchen sind R\u00e4ume des Geistes und [&hellip;]<\/p>\n","protected":false},"author":2,"featured_media":36357,"comment_status":"closed","ping_status":"closed","sticky":false,"template":"","format":"standard","meta":{"_acf_changed":false,"footnotes":""},"categories":[281],"tags":[],"class_list":["post-36354","post","type-post","status-publish","format-standard","has-post-thumbnail","hentry","category-mixed"],"acf":[],"yoast_head":"<!-- This site is optimized with the Yoast SEO plugin v26.1.1 - https:\/\/yoast.com\/wordpress\/plugins\/seo\/ -->\n<title>Energiekrise: Keine Schlie\u00dfung von Kultureinrichtungen und Kirchen - Kultur Online TV &amp; FM<\/title>\n<meta name=\"description\" content=\"Kirchen und Kulturinstitutionen wollen sich in der kulturpolitischen Diskussion gemeinsam gegen Schlie\u00dfungen von Kultureinrichtungen und Kirchen im bevorstehenden Winter angesichts der kriegsbedingten Energieknappheit einsetzen.\" \/>\n<meta name=\"robots\" content=\"index, follow, max-snippet:-1, max-image-preview:large, max-video-preview:-1\" \/>\n<link rel=\"canonical\" href=\"https:\/\/kulturonline.tv\/de\/energiekrise-keine-schliessung-von-kultureinrichtungen-und-kirchen\/\" \/>\n<meta property=\"og:locale\" content=\"de_DE\" \/>\n<meta property=\"og:type\" content=\"article\" \/>\n<meta property=\"og:title\" content=\"Energiekrise: Keine Schlie\u00dfung von Kultureinrichtungen und Kirchen - Kultur Online TV &amp; FM\" \/>\n<meta property=\"og:description\" content=\"Kirchen und Kulturinstitutionen wollen sich in der kulturpolitischen Diskussion gemeinsam gegen Schlie\u00dfungen von Kultureinrichtungen und Kirchen im bevorstehenden Winter angesichts der kriegsbedingten Energieknappheit einsetzen.\" \/>\n<meta property=\"og:url\" content=\"https:\/\/kulturonline.tv\/de\/energiekrise-keine-schliessung-von-kultureinrichtungen-und-kirchen\/\" \/>\n<meta property=\"og:site_name\" content=\"Kultur Online TV &amp; FM\" \/>\n<meta property=\"article:publisher\" content=\"https:\/\/www.facebook.com\/kulturonline.tv\" \/>\n<meta property=\"article:published_time\" content=\"2022-09-25T17:51:29+00:00\" \/>\n<meta property=\"article:modified_time\" content=\"2023-01-11T19:16:04+00:00\" \/>\n<meta property=\"og:image\" content=\"https:\/\/kulturonline.tv\/wp-content\/uploads\/2022\/09\/Kultur-Online-TV-3-edited.jpg\" \/>\n\t<meta property=\"og:image:width\" content=\"1280\" \/>\n\t<meta property=\"og:image:height\" content=\"720\" \/>\n\t<meta property=\"og:image:type\" content=\"image\/jpeg\" \/>\n<meta name=\"author\" content=\"guenter.wolfgang\" \/>\n<meta name=\"twitter:card\" content=\"summary_large_image\" \/>\n<meta name=\"twitter:label1\" content=\"Verfasst von\" \/>\n\t<meta name=\"twitter:data1\" content=\"guenter.wolfgang\" \/>\n\t<meta name=\"twitter:label2\" content=\"Gesch\u00e4tzte Lesezeit\" \/>\n\t<meta name=\"twitter:data2\" content=\"1\u00a0Minute\" \/>\n<script type=\"application\/ld+json\" class=\"yoast-schema-graph\">{\"@context\":\"https:\/\/schema.org\",\"@graph\":[{\"@type\":\"Article\",\"@id\":\"https:\/\/kulturonline.tv\/de\/energiekrise-keine-schliessung-von-kultureinrichtungen-und-kirchen\/#article\",\"isPartOf\":{\"@id\":\"https:\/\/kulturonline.tv\/de\/energiekrise-keine-schliessung-von-kultureinrichtungen-und-kirchen\/\"},\"author\":{\"name\":\"guenter.wolfgang\",\"@id\":\"https:\/\/kulturonline.tv\/de\/#\/schema\/person\/b0fac729bb9a0c193fb1df23449df4fe\"},\"headline\":\"Energiekrise: Keine Schlie\u00dfung von Kultureinrichtungen und Kirchen\",\"datePublished\":\"2022-09-25T17:51:29+00:00\",\"dateModified\":\"2023-01-11T19:16:04+00:00\",\"mainEntityOfPage\":{\"@id\":\"https:\/\/kulturonline.tv\/de\/energiekrise-keine-schliessung-von-kultureinrichtungen-und-kirchen\/\"},\"wordCount\":200,\"publisher\":{\"@id\":\"https:\/\/kulturonline.tv\/de\/#organization\"},\"image\":{\"@id\":\"https:\/\/kulturonline.tv\/de\/energiekrise-keine-schliessung-von-kultureinrichtungen-und-kirchen\/#primaryimage\"},\"thumbnailUrl\":\"https:\/\/kulturonline.tv\/wp-content\/uploads\/2022\/09\/Kultur-Online-TV-3-edited.jpg\",\"articleSection\":[\"Mixed\"],\"inLanguage\":\"de\"},{\"@type\":\"WebPage\",\"@id\":\"https:\/\/kulturonline.tv\/de\/energiekrise-keine-schliessung-von-kultureinrichtungen-und-kirchen\/\",\"url\":\"https:\/\/kulturonline.tv\/de\/energiekrise-keine-schliessung-von-kultureinrichtungen-und-kirchen\/\",\"name\":\"Energiekrise: Keine Schlie\u00dfung von Kultureinrichtungen und Kirchen - Kultur Online TV &amp; FM\",\"isPartOf\":{\"@id\":\"https:\/\/kulturonline.tv\/de\/#website\"},\"primaryImageOfPage\":{\"@id\":\"https:\/\/kulturonline.tv\/de\/energiekrise-keine-schliessung-von-kultureinrichtungen-und-kirchen\/#primaryimage\"},\"image\":{\"@id\":\"https:\/\/kulturonline.tv\/de\/energiekrise-keine-schliessung-von-kultureinrichtungen-und-kirchen\/#primaryimage\"},\"thumbnailUrl\":\"https:\/\/kulturonline.tv\/wp-content\/uploads\/2022\/09\/Kultur-Online-TV-3-edited.jpg\",\"datePublished\":\"2022-09-25T17:51:29+00:00\",\"dateModified\":\"2023-01-11T19:16:04+00:00\",\"description\":\"Kirchen und Kulturinstitutionen wollen sich in der kulturpolitischen Diskussion gemeinsam gegen Schlie\u00dfungen von Kultureinrichtungen und Kirchen im bevorstehenden Winter angesichts der kriegsbedingten Energieknappheit einsetzen.\",\"breadcrumb\":{\"@id\":\"https:\/\/kulturonline.tv\/de\/energiekrise-keine-schliessung-von-kultureinrichtungen-und-kirchen\/#breadcrumb\"},\"inLanguage\":\"de\",\"potentialAction\":[{\"@type\":\"ReadAction\",\"target\":[\"https:\/\/kulturonline.tv\/de\/energiekrise-keine-schliessung-von-kultureinrichtungen-und-kirchen\/\"]}]},{\"@type\":\"ImageObject\",\"inLanguage\":\"de\",\"@id\":\"https:\/\/kulturonline.tv\/de\/energiekrise-keine-schliessung-von-kultureinrichtungen-und-kirchen\/#primaryimage\",\"url\":\"https:\/\/kulturonline.tv\/wp-content\/uploads\/2022\/09\/Kultur-Online-TV-3-edited.jpg\",\"contentUrl\":\"https:\/\/kulturonline.tv\/wp-content\/uploads\/2022\/09\/Kultur-Online-TV-3-edited.jpg\",\"width\":1280,\"height\":720},{\"@type\":\"BreadcrumbList\",\"@id\":\"https:\/\/kulturonline.tv\/de\/energiekrise-keine-schliessung-von-kultureinrichtungen-und-kirchen\/#breadcrumb\",\"itemListElement\":[{\"@type\":\"ListItem\",\"position\":1,\"name\":\"Startseite\",\"item\":\"https:\/\/kulturonline.tv\/de\/\"},{\"@type\":\"ListItem\",\"position\":2,\"name\":\"Energiekrise: Keine Schlie\u00dfung von Kultureinrichtungen und Kirchen\"}]},{\"@type\":\"WebSite\",\"@id\":\"https:\/\/kulturonline.tv\/de\/#website\",\"url\":\"https:\/\/kulturonline.tv\/de\/\",\"name\":\"Kultur Online TV &amp; FM\",\"description\":\"Wir sind Kultur 2.0 zum sehen &amp; h\u00f6ren\",\"publisher\":{\"@id\":\"https:\/\/kulturonline.tv\/de\/#organization\"},\"potentialAction\":[{\"@type\":\"SearchAction\",\"target\":{\"@type\":\"EntryPoint\",\"urlTemplate\":\"https:\/\/kulturonline.tv\/de\/?s={search_term_string}\"},\"query-input\":{\"@type\":\"PropertyValueSpecification\",\"valueRequired\":true,\"valueName\":\"search_term_string\"}}],\"inLanguage\":\"de\"},{\"@type\":\"Organization\",\"@id\":\"https:\/\/kulturonline.tv\/de\/#organization\",\"name\":\"Kultur Online TV\",\"url\":\"https:\/\/kulturonline.tv\/de\/\",\"logo\":{\"@type\":\"ImageObject\",\"inLanguage\":\"de\",\"@id\":\"https:\/\/kulturonline.tv\/de\/#\/schema\/logo\/image\/\",\"url\":\"https:\/\/kulturonline.tv\/wp-content\/uploads\/2021\/08\/Kultur-Online-Tv-Logo-Endversion-neu.png\",\"contentUrl\":\"https:\/\/kulturonline.tv\/wp-content\/uploads\/2021\/08\/Kultur-Online-Tv-Logo-Endversion-neu.png\",\"width\":200,\"height\":200,\"caption\":\"Kultur Online TV\"},\"image\":{\"@id\":\"https:\/\/kulturonline.tv\/de\/#\/schema\/logo\/image\/\"},\"sameAs\":[\"https:\/\/www.facebook.com\/kulturonline.tv\",\"https:\/\/www.instagram.com\/kulturonline.tv\"]},{\"@type\":\"Person\",\"@id\":\"https:\/\/kulturonline.tv\/de\/#\/schema\/person\/b0fac729bb9a0c193fb1df23449df4fe\",\"name\":\"guenter.wolfgang\"}]}<\/script>\n<!-- \/ Yoast SEO plugin. -->","yoast_head_json":{"title":"Energiekrise: Keine Schlie\u00dfung von Kultureinrichtungen und Kirchen - Kultur Online TV &amp; FM","description":"Kirchen und Kulturinstitutionen wollen sich in der kulturpolitischen Diskussion gemeinsam gegen Schlie\u00dfungen von Kultureinrichtungen und Kirchen im bevorstehenden Winter angesichts der kriegsbedingten Energieknappheit einsetzen.","robots":{"index":"index","follow":"follow","max-snippet":"max-snippet:-1","max-image-preview":"max-image-preview:large","max-video-preview":"max-video-preview:-1"},"canonical":"https:\/\/kulturonline.tv\/de\/energiekrise-keine-schliessung-von-kultureinrichtungen-und-kirchen\/","og_locale":"de_DE","og_type":"article","og_title":"Energiekrise: Keine Schlie\u00dfung von Kultureinrichtungen und Kirchen - Kultur Online TV &amp; FM","og_description":"Kirchen und Kulturinstitutionen wollen sich in der kulturpolitischen Diskussion gemeinsam gegen Schlie\u00dfungen von Kultureinrichtungen und Kirchen im bevorstehenden Winter angesichts der kriegsbedingten Energieknappheit einsetzen.","og_url":"https:\/\/kulturonline.tv\/de\/energiekrise-keine-schliessung-von-kultureinrichtungen-und-kirchen\/","og_site_name":"Kultur Online TV &amp; FM","article_publisher":"https:\/\/www.facebook.com\/kulturonline.tv","article_published_time":"2022-09-25T17:51:29+00:00","article_modified_time":"2023-01-11T19:16:04+00:00","og_image":[{"width":1280,"height":720,"url":"https:\/\/kulturonline.tv\/wp-content\/uploads\/2022\/09\/Kultur-Online-TV-3-edited.jpg","type":"image\/jpeg"}],"author":"guenter.wolfgang","twitter_card":"summary_large_image","twitter_misc":{"Verfasst von":"guenter.wolfgang","Gesch\u00e4tzte Lesezeit":"1\u00a0Minute"},"schema":{"@context":"https:\/\/schema.org","@graph":[{"@type":"Article","@id":"https:\/\/kulturonline.tv\/de\/energiekrise-keine-schliessung-von-kultureinrichtungen-und-kirchen\/#article","isPartOf":{"@id":"https:\/\/kulturonline.tv\/de\/energiekrise-keine-schliessung-von-kultureinrichtungen-und-kirchen\/"},"author":{"name":"guenter.wolfgang","@id":"https:\/\/kulturonline.tv\/de\/#\/schema\/person\/b0fac729bb9a0c193fb1df23449df4fe"},"headline":"Energiekrise: Keine Schlie\u00dfung von Kultureinrichtungen und Kirchen","datePublished":"2022-09-25T17:51:29+00:00","dateModified":"2023-01-11T19:16:04+00:00","mainEntityOfPage":{"@id":"https:\/\/kulturonline.tv\/de\/energiekrise-keine-schliessung-von-kultureinrichtungen-und-kirchen\/"},"wordCount":200,"publisher":{"@id":"https:\/\/kulturonline.tv\/de\/#organization"},"image":{"@id":"https:\/\/kulturonline.tv\/de\/energiekrise-keine-schliessung-von-kultureinrichtungen-und-kirchen\/#primaryimage"},"thumbnailUrl":"https:\/\/kulturonline.tv\/wp-content\/uploads\/2022\/09\/Kultur-Online-TV-3-edited.jpg","articleSection":["Mixed"],"inLanguage":"de"},{"@type":"WebPage","@id":"https:\/\/kulturonline.tv\/de\/energiekrise-keine-schliessung-von-kultureinrichtungen-und-kirchen\/","url":"https:\/\/kulturonline.tv\/de\/energiekrise-keine-schliessung-von-kultureinrichtungen-und-kirchen\/","name":"Energiekrise: Keine Schlie\u00dfung von Kultureinrichtungen und Kirchen - Kultur Online TV &amp; FM","isPartOf":{"@id":"https:\/\/kulturonline.tv\/de\/#website"},"primaryImageOfPage":{"@id":"https:\/\/kulturonline.tv\/de\/energiekrise-keine-schliessung-von-kultureinrichtungen-und-kirchen\/#primaryimage"},"image":{"@id":"https:\/\/kulturonline.tv\/de\/energiekrise-keine-schliessung-von-kultureinrichtungen-und-kirchen\/#primaryimage"},"thumbnailUrl":"https:\/\/kulturonline.tv\/wp-content\/uploads\/2022\/09\/Kultur-Online-TV-3-edited.jpg","datePublished":"2022-09-25T17:51:29+00:00","dateModified":"2023-01-11T19:16:04+00:00","description":"Kirchen und Kulturinstitutionen wollen sich in der kulturpolitischen Diskussion gemeinsam gegen Schlie\u00dfungen von Kultureinrichtungen und Kirchen im bevorstehenden Winter angesichts der kriegsbedingten Energieknappheit einsetzen.","breadcrumb":{"@id":"https:\/\/kulturonline.tv\/de\/energiekrise-keine-schliessung-von-kultureinrichtungen-und-kirchen\/#breadcrumb"},"inLanguage":"de","potentialAction":[{"@type":"ReadAction","target":["https:\/\/kulturonline.tv\/de\/energiekrise-keine-schliessung-von-kultureinrichtungen-und-kirchen\/"]}]},{"@type":"ImageObject","inLanguage":"de","@id":"https:\/\/kulturonline.tv\/de\/energiekrise-keine-schliessung-von-kultureinrichtungen-und-kirchen\/#primaryimage","url":"https:\/\/kulturonline.tv\/wp-content\/uploads\/2022\/09\/Kultur-Online-TV-3-edited.jpg","contentUrl":"https:\/\/kulturonline.tv\/wp-content\/uploads\/2022\/09\/Kultur-Online-TV-3-edited.jpg","width":1280,"height":720},{"@type":"BreadcrumbList","@id":"https:\/\/kulturonline.tv\/de\/energiekrise-keine-schliessung-von-kultureinrichtungen-und-kirchen\/#breadcrumb","itemListElement":[{"@type":"ListItem","position":1,"name":"Startseite","item":"https:\/\/kulturonline.tv\/de\/"},{"@type":"ListItem","position":2,"name":"Energiekrise: Keine Schlie\u00dfung von Kultureinrichtungen und Kirchen"}]},{"@type":"WebSite","@id":"https:\/\/kulturonline.tv\/de\/#website","url":"https:\/\/kulturonline.tv\/de\/","name":"Kultur Online TV &amp; FM","description":"Wir sind Kultur 2.0 zum sehen &amp; h\u00f6ren","publisher":{"@id":"https:\/\/kulturonline.tv\/de\/#organization"},"potentialAction":[{"@type":"SearchAction","target":{"@type":"EntryPoint","urlTemplate":"https:\/\/kulturonline.tv\/de\/?s={search_term_string}"},"query-input":{"@type":"PropertyValueSpecification","valueRequired":true,"valueName":"search_term_string"}}],"inLanguage":"de"},{"@type":"Organization","@id":"https:\/\/kulturonline.tv\/de\/#organization","name":"Kultur Online TV","url":"https:\/\/kulturonline.tv\/de\/","logo":{"@type":"ImageObject","inLanguage":"de","@id":"https:\/\/kulturonline.tv\/de\/#\/schema\/logo\/image\/","url":"https:\/\/kulturonline.tv\/wp-content\/uploads\/2021\/08\/Kultur-Online-Tv-Logo-Endversion-neu.png","contentUrl":"https:\/\/kulturonline.tv\/wp-content\/uploads\/2021\/08\/Kultur-Online-Tv-Logo-Endversion-neu.png","width":200,"height":200,"caption":"Kultur Online TV"},"image":{"@id":"https:\/\/kulturonline.tv\/de\/#\/schema\/logo\/image\/"},"sameAs":["https:\/\/www.facebook.com\/kulturonline.tv","https:\/\/www.instagram.com\/kulturonline.tv"]},{"@type":"Person","@id":"https:\/\/kulturonline.tv\/de\/#\/schema\/person\/b0fac729bb9a0c193fb1df23449df4fe","name":"guenter.wolfgang"}]}},"_links":{"self":[{"href":"https:\/\/kulturonline.tv\/de\/wp-json\/wp\/v2\/posts\/36354","targetHints":{"allow":["GET"]}}],"collection":[{"href":"https:\/\/kulturonline.tv\/de\/wp-json\/wp\/v2\/posts"}],"about":[{"href":"https:\/\/kulturonline.tv\/de\/wp-json\/wp\/v2\/types\/post"}],"author":[{"embeddable":true,"href":"https:\/\/kulturonline.tv\/de\/wp-json\/wp\/v2\/users\/2"}],"replies":[{"embeddable":true,"href":"https:\/\/kulturonline.tv\/de\/wp-json\/wp\/v2\/comments?post=36354"}],"version-history":[{"count":0,"href":"https:\/\/kulturonline.tv\/de\/wp-json\/wp\/v2\/posts\/36354\/revisions"}],"wp:featuredmedia":[{"embeddable":true,"href":"https:\/\/kulturonline.tv\/de\/wp-json\/wp\/v2\/media\/36357"}],"wp:attachment":[{"href":"https:\/\/kulturonline.tv\/de\/wp-json\/wp\/v2\/media?parent=36354"}],"wp:term":[{"taxonomy":"category","embeddable":true,"href":"https:\/\/kulturonline.tv\/de\/wp-json\/wp\/v2\/categories?post=36354"},{"taxonomy":"post_tag","embeddable":true,"href":"https:\/\/kulturonline.tv\/de\/wp-json\/wp\/v2\/tags?post=36354"}],"curies":[{"name":"wp","href":"https:\/\/api.w.org\/{rel}","templated":true}]}}