{"id":40352,"date":"2022-11-02T20:25:27","date_gmt":"2022-11-02T19:25:27","guid":{"rendered":"https:\/\/kulturonline.tv\/?p=40352"},"modified":"2022-11-02T20:25:28","modified_gmt":"2022-11-02T19:25:28","slug":"cafe-leben","status":"publish","type":"post","link":"https:\/\/kulturonline.tv\/de\/cafe-leben\/","title":{"rendered":"Caf\u00e9 Leben"},"content":{"rendered":"\n<p>Jeder Mensch hat eine Geschichte, die es lohnt, erz\u00e4hlt zu werden.<\/p>\n\n\n\n<p><\/p>\n\n\n\n<figure class=\"wp-block-image size-large\"><img fetchpriority=\"high\" decoding=\"async\" width=\"1600\" height=\"900\" src=\"https:\/\/kulturonline.tv\/wp-content\/uploads\/2022\/11\/Buch-Tipp-2-1600x900.jpg\" alt=\"\" class=\"wp-image-40353\" srcset=\"https:\/\/kulturonline.tv\/wp-content\/uploads\/2022\/11\/Buch-Tipp-2-1600x900.jpg 1600w, https:\/\/kulturonline.tv\/wp-content\/uploads\/2022\/11\/Buch-Tipp-2-600x338.jpg 600w, https:\/\/kulturonline.tv\/wp-content\/uploads\/2022\/11\/Buch-Tipp-2-800x450.jpg 800w, https:\/\/kulturonline.tv\/wp-content\/uploads\/2022\/11\/Buch-Tipp-2-768x432.jpg 768w, https:\/\/kulturonline.tv\/wp-content\/uploads\/2022\/11\/Buch-Tipp-2-1536x864.jpg 1536w, https:\/\/kulturonline.tv\/wp-content\/uploads\/2022\/11\/Buch-Tipp-2.jpg 1920w\" sizes=\"(max-width: 1600px) 100vw, 1600px\" \/><\/figure>\n\n\n\n<p>Zwei Frauen, zwei Schicksale \u2013 eine bewegende Botschaft<\/p>\n\n\n\n<p>\u00bbCaf\u00e9 Leben\u00ab ist ein au\u00dfergew\u00f6hnlicher Roman \u00fcber zwei Frauen aus zwei Generationen, die einander ihre Lebensgeschichte erz\u00e4hlen: kraftvoll, eindringlich und voller Hoffnung.<\/p>\n\n\n\n<p>Diee 32-j\u00e4hrige Henrietta Lockwood f\u00fchrt in London ein zur\u00fcckgezogenes Leben mit ihrem Hund Dave. Schon fr\u00fch hat sie eine Mauer zwischen sich und der Welt errichtet. Das verhilft ihr schlie\u00dflich zu einem besonderen Job im Hospiz, bei dem man besser nicht st\u00e4ndig in Tr\u00e4nen ausbricht: Henrietta soll todkranken Menschen dabei helfen, die Geschichte ihres Lebens f\u00fcr die Nachwelt aufzuschreiben.<br>Schon bei den ersten Gespr\u00e4chen mit ihrer Klientin Annie merkt Henrietta, dass die 66-j\u00e4hrige Krebspatientin schlimmen Erinnerungen ausweicht. Ohne die wird ihre Geschichte jedoch nie vollst\u00e4ndig sein, und das kann Henrietta nicht hinnehmen. Sie versucht auf eigene Faust herauszufinden, was Annies Schwester vor 46 Jahren zugesto\u00dfen ist.<\/p>\n\n\n\n<p>Doch um Annie dazu zu bringen, alle Puzzleteile offenzulegen, muss Henrietta etwas tun, was sie noch nie zuvor getan hat: ihre eigene Geschichte erz\u00e4hlen.<\/p>\n\n\n\n<p>Ergreifend, ohne r\u00fchrselig zu werden, schreibt die britische Autorin Jo Leevers \u00fcber Leben und Tod, \u00fcber das Erinnern und das Erz\u00e4hlen, das die Macht hat, alte Wunden zu heilen. Ein besonderer Roman, der noch lange nachhallt.<\/p>\n\n\n\n<p><a href=\"https:\/\/www.thalia.at\/shop\/home\/artikeldetails\/A1063496252?ProvID=11010474\">Thalia.at<\/a><\/p>\n\n\n\n<p>#literatur #b\u00fccher #tipp<\/p>\n","protected":false},"excerpt":{"rendered":"<p>Jeder Mensch hat eine Geschichte, die es lohnt, erz\u00e4hlt zu werden. Zwei Frauen, zwei Schicksale \u2013 eine bewegende Botschaft \u00bbCaf\u00e9 Leben\u00ab ist ein au\u00dfergew\u00f6hnlicher Roman \u00fcber zwei Frauen aus zwei Generationen, die einander ihre Lebensgeschichte erz\u00e4hlen: kraftvoll, eindringlich und voller Hoffnung. Diee 32-j\u00e4hrige Henrietta Lockwood f\u00fchrt in London ein zur\u00fcckgezogenes Leben mit ihrem Hund Dave. [&hellip;]<\/p>\n","protected":false},"author":2,"featured_media":40353,"comment_status":"closed","ping_status":"closed","sticky":false,"template":"","format":"standard","meta":{"_acf_changed":false,"footnotes":""},"categories":[106],"tags":[],"class_list":["post-40352","post","type-post","status-publish","format-standard","has-post-thumbnail","hentry","category-literatur"],"acf":[],"yoast_head":"<!-- This site is optimized with the Yoast SEO plugin v26.1.1 - https:\/\/yoast.com\/wordpress\/plugins\/seo\/ -->\n<title>Caf\u00e9 Leben - Kultur Online TV &amp; FM<\/title>\n<meta name=\"description\" content=\"\u00bbCaf\u00e9 Leben\u00ab ist ein au\u00dfergew\u00f6hnlicher Roman \u00fcber zwei Frauen aus zwei Generationen, die einander ihre Lebensgeschichte erz\u00e4hlen: kraftvoll, eindringlich und voller Hoffnung.\" \/>\n<meta name=\"robots\" content=\"index, follow, max-snippet:-1, max-image-preview:large, max-video-preview:-1\" \/>\n<link rel=\"canonical\" href=\"https:\/\/kulturonline.tv\/de\/cafe-leben\/\" \/>\n<meta property=\"og:locale\" content=\"de_DE\" \/>\n<meta property=\"og:type\" content=\"article\" \/>\n<meta property=\"og:title\" content=\"Caf\u00e9 Leben - Kultur Online TV &amp; FM\" \/>\n<meta property=\"og:description\" content=\"\u00bbCaf\u00e9 Leben\u00ab ist ein au\u00dfergew\u00f6hnlicher Roman \u00fcber zwei Frauen aus zwei Generationen, die einander ihre Lebensgeschichte erz\u00e4hlen: kraftvoll, eindringlich und voller Hoffnung.\" \/>\n<meta property=\"og:url\" content=\"https:\/\/kulturonline.tv\/de\/cafe-leben\/\" \/>\n<meta property=\"og:site_name\" content=\"Kultur Online TV &amp; FM\" \/>\n<meta property=\"article:publisher\" content=\"https:\/\/www.facebook.com\/kulturonline.tv\" \/>\n<meta property=\"article:published_time\" content=\"2022-11-02T19:25:27+00:00\" \/>\n<meta property=\"article:modified_time\" content=\"2022-11-02T19:25:28+00:00\" \/>\n<meta property=\"og:image\" content=\"https:\/\/kulturonline.tv\/wp-content\/uploads\/2022\/11\/Buch-Tipp-2.jpg\" \/>\n\t<meta property=\"og:image:width\" content=\"1920\" \/>\n\t<meta property=\"og:image:height\" content=\"1080\" \/>\n\t<meta property=\"og:image:type\" content=\"image\/jpeg\" \/>\n<meta name=\"author\" content=\"guenter.wolfgang\" \/>\n<meta name=\"twitter:card\" content=\"summary_large_image\" \/>\n<meta name=\"twitter:label1\" content=\"Verfasst von\" \/>\n\t<meta name=\"twitter:data1\" content=\"guenter.wolfgang\" \/>\n\t<meta name=\"twitter:label2\" content=\"Gesch\u00e4tzte Lesezeit\" \/>\n\t<meta name=\"twitter:data2\" content=\"1\u00a0Minute\" \/>\n<script type=\"application\/ld+json\" class=\"yoast-schema-graph\">{\"@context\":\"https:\/\/schema.org\",\"@graph\":[{\"@type\":\"Article\",\"@id\":\"https:\/\/kulturonline.tv\/de\/cafe-leben\/#article\",\"isPartOf\":{\"@id\":\"https:\/\/kulturonline.tv\/de\/cafe-leben\/\"},\"author\":{\"name\":\"guenter.wolfgang\",\"@id\":\"https:\/\/kulturonline.tv\/de\/#\/schema\/person\/b0fac729bb9a0c193fb1df23449df4fe\"},\"headline\":\"Caf\u00e9 Leben\",\"datePublished\":\"2022-11-02T19:25:27+00:00\",\"dateModified\":\"2022-11-02T19:25:28+00:00\",\"mainEntityOfPage\":{\"@id\":\"https:\/\/kulturonline.tv\/de\/cafe-leben\/\"},\"wordCount\":232,\"publisher\":{\"@id\":\"https:\/\/kulturonline.tv\/de\/#organization\"},\"image\":{\"@id\":\"https:\/\/kulturonline.tv\/de\/cafe-leben\/#primaryimage\"},\"thumbnailUrl\":\"https:\/\/kulturonline.tv\/wp-content\/uploads\/2022\/11\/Buch-Tipp-2.jpg\",\"articleSection\":[\"Literatur\"],\"inLanguage\":\"de\"},{\"@type\":\"WebPage\",\"@id\":\"https:\/\/kulturonline.tv\/de\/cafe-leben\/\",\"url\":\"https:\/\/kulturonline.tv\/de\/cafe-leben\/\",\"name\":\"Caf\u00e9 Leben - Kultur Online TV &amp; FM\",\"isPartOf\":{\"@id\":\"https:\/\/kulturonline.tv\/de\/#website\"},\"primaryImageOfPage\":{\"@id\":\"https:\/\/kulturonline.tv\/de\/cafe-leben\/#primaryimage\"},\"image\":{\"@id\":\"https:\/\/kulturonline.tv\/de\/cafe-leben\/#primaryimage\"},\"thumbnailUrl\":\"https:\/\/kulturonline.tv\/wp-content\/uploads\/2022\/11\/Buch-Tipp-2.jpg\",\"datePublished\":\"2022-11-02T19:25:27+00:00\",\"dateModified\":\"2022-11-02T19:25:28+00:00\",\"description\":\"\u00bbCaf\u00e9 Leben\u00ab ist ein au\u00dfergew\u00f6hnlicher Roman \u00fcber zwei Frauen aus zwei Generationen, die einander ihre Lebensgeschichte erz\u00e4hlen: kraftvoll, eindringlich und voller Hoffnung.\",\"breadcrumb\":{\"@id\":\"https:\/\/kulturonline.tv\/de\/cafe-leben\/#breadcrumb\"},\"inLanguage\":\"de\",\"potentialAction\":[{\"@type\":\"ReadAction\",\"target\":[\"https:\/\/kulturonline.tv\/de\/cafe-leben\/\"]}]},{\"@type\":\"ImageObject\",\"inLanguage\":\"de\",\"@id\":\"https:\/\/kulturonline.tv\/de\/cafe-leben\/#primaryimage\",\"url\":\"https:\/\/kulturonline.tv\/wp-content\/uploads\/2022\/11\/Buch-Tipp-2.jpg\",\"contentUrl\":\"https:\/\/kulturonline.tv\/wp-content\/uploads\/2022\/11\/Buch-Tipp-2.jpg\",\"width\":1920,\"height\":1080},{\"@type\":\"BreadcrumbList\",\"@id\":\"https:\/\/kulturonline.tv\/de\/cafe-leben\/#breadcrumb\",\"itemListElement\":[{\"@type\":\"ListItem\",\"position\":1,\"name\":\"Startseite\",\"item\":\"https:\/\/kulturonline.tv\/de\/\"},{\"@type\":\"ListItem\",\"position\":2,\"name\":\"Caf\u00e9 Leben\"}]},{\"@type\":\"WebSite\",\"@id\":\"https:\/\/kulturonline.tv\/de\/#website\",\"url\":\"https:\/\/kulturonline.tv\/de\/\",\"name\":\"Kultur Online TV &amp; FM\",\"description\":\"Wir sind Kultur 2.0 zum sehen &amp; h\u00f6ren\",\"publisher\":{\"@id\":\"https:\/\/kulturonline.tv\/de\/#organization\"},\"potentialAction\":[{\"@type\":\"SearchAction\",\"target\":{\"@type\":\"EntryPoint\",\"urlTemplate\":\"https:\/\/kulturonline.tv\/de\/?s={search_term_string}\"},\"query-input\":{\"@type\":\"PropertyValueSpecification\",\"valueRequired\":true,\"valueName\":\"search_term_string\"}}],\"inLanguage\":\"de\"},{\"@type\":\"Organization\",\"@id\":\"https:\/\/kulturonline.tv\/de\/#organization\",\"name\":\"Kultur Online TV\",\"url\":\"https:\/\/kulturonline.tv\/de\/\",\"logo\":{\"@type\":\"ImageObject\",\"inLanguage\":\"de\",\"@id\":\"https:\/\/kulturonline.tv\/de\/#\/schema\/logo\/image\/\",\"url\":\"https:\/\/kulturonline.tv\/wp-content\/uploads\/2021\/08\/Kultur-Online-Tv-Logo-Endversion-neu.png\",\"contentUrl\":\"https:\/\/kulturonline.tv\/wp-content\/uploads\/2021\/08\/Kultur-Online-Tv-Logo-Endversion-neu.png\",\"width\":200,\"height\":200,\"caption\":\"Kultur Online TV\"},\"image\":{\"@id\":\"https:\/\/kulturonline.tv\/de\/#\/schema\/logo\/image\/\"},\"sameAs\":[\"https:\/\/www.facebook.com\/kulturonline.tv\",\"https:\/\/www.instagram.com\/kulturonline.tv\"]},{\"@type\":\"Person\",\"@id\":\"https:\/\/kulturonline.tv\/de\/#\/schema\/person\/b0fac729bb9a0c193fb1df23449df4fe\",\"name\":\"guenter.wolfgang\"}]}<\/script>\n<!-- \/ Yoast SEO plugin. -->","yoast_head_json":{"title":"Caf\u00e9 Leben - Kultur Online TV &amp; FM","description":"\u00bbCaf\u00e9 Leben\u00ab ist ein au\u00dfergew\u00f6hnlicher Roman \u00fcber zwei Frauen aus zwei Generationen, die einander ihre Lebensgeschichte erz\u00e4hlen: kraftvoll, eindringlich und voller Hoffnung.","robots":{"index":"index","follow":"follow","max-snippet":"max-snippet:-1","max-image-preview":"max-image-preview:large","max-video-preview":"max-video-preview:-1"},"canonical":"https:\/\/kulturonline.tv\/de\/cafe-leben\/","og_locale":"de_DE","og_type":"article","og_title":"Caf\u00e9 Leben - Kultur Online TV &amp; FM","og_description":"\u00bbCaf\u00e9 Leben\u00ab ist ein au\u00dfergew\u00f6hnlicher Roman \u00fcber zwei Frauen aus zwei Generationen, die einander ihre Lebensgeschichte erz\u00e4hlen: kraftvoll, eindringlich und voller Hoffnung.","og_url":"https:\/\/kulturonline.tv\/de\/cafe-leben\/","og_site_name":"Kultur Online TV &amp; FM","article_publisher":"https:\/\/www.facebook.com\/kulturonline.tv","article_published_time":"2022-11-02T19:25:27+00:00","article_modified_time":"2022-11-02T19:25:28+00:00","og_image":[{"width":1920,"height":1080,"url":"https:\/\/kulturonline.tv\/wp-content\/uploads\/2022\/11\/Buch-Tipp-2.jpg","type":"image\/jpeg"}],"author":"guenter.wolfgang","twitter_card":"summary_large_image","twitter_misc":{"Verfasst von":"guenter.wolfgang","Gesch\u00e4tzte Lesezeit":"1\u00a0Minute"},"schema":{"@context":"https:\/\/schema.org","@graph":[{"@type":"Article","@id":"https:\/\/kulturonline.tv\/de\/cafe-leben\/#article","isPartOf":{"@id":"https:\/\/kulturonline.tv\/de\/cafe-leben\/"},"author":{"name":"guenter.wolfgang","@id":"https:\/\/kulturonline.tv\/de\/#\/schema\/person\/b0fac729bb9a0c193fb1df23449df4fe"},"headline":"Caf\u00e9 Leben","datePublished":"2022-11-02T19:25:27+00:00","dateModified":"2022-11-02T19:25:28+00:00","mainEntityOfPage":{"@id":"https:\/\/kulturonline.tv\/de\/cafe-leben\/"},"wordCount":232,"publisher":{"@id":"https:\/\/kulturonline.tv\/de\/#organization"},"image":{"@id":"https:\/\/kulturonline.tv\/de\/cafe-leben\/#primaryimage"},"thumbnailUrl":"https:\/\/kulturonline.tv\/wp-content\/uploads\/2022\/11\/Buch-Tipp-2.jpg","articleSection":["Literatur"],"inLanguage":"de"},{"@type":"WebPage","@id":"https:\/\/kulturonline.tv\/de\/cafe-leben\/","url":"https:\/\/kulturonline.tv\/de\/cafe-leben\/","name":"Caf\u00e9 Leben - Kultur Online TV &amp; FM","isPartOf":{"@id":"https:\/\/kulturonline.tv\/de\/#website"},"primaryImageOfPage":{"@id":"https:\/\/kulturonline.tv\/de\/cafe-leben\/#primaryimage"},"image":{"@id":"https:\/\/kulturonline.tv\/de\/cafe-leben\/#primaryimage"},"thumbnailUrl":"https:\/\/kulturonline.tv\/wp-content\/uploads\/2022\/11\/Buch-Tipp-2.jpg","datePublished":"2022-11-02T19:25:27+00:00","dateModified":"2022-11-02T19:25:28+00:00","description":"\u00bbCaf\u00e9 Leben\u00ab ist ein au\u00dfergew\u00f6hnlicher Roman \u00fcber zwei Frauen aus zwei Generationen, die einander ihre Lebensgeschichte erz\u00e4hlen: kraftvoll, eindringlich und voller Hoffnung.","breadcrumb":{"@id":"https:\/\/kulturonline.tv\/de\/cafe-leben\/#breadcrumb"},"inLanguage":"de","potentialAction":[{"@type":"ReadAction","target":["https:\/\/kulturonline.tv\/de\/cafe-leben\/"]}]},{"@type":"ImageObject","inLanguage":"de","@id":"https:\/\/kulturonline.tv\/de\/cafe-leben\/#primaryimage","url":"https:\/\/kulturonline.tv\/wp-content\/uploads\/2022\/11\/Buch-Tipp-2.jpg","contentUrl":"https:\/\/kulturonline.tv\/wp-content\/uploads\/2022\/11\/Buch-Tipp-2.jpg","width":1920,"height":1080},{"@type":"BreadcrumbList","@id":"https:\/\/kulturonline.tv\/de\/cafe-leben\/#breadcrumb","itemListElement":[{"@type":"ListItem","position":1,"name":"Startseite","item":"https:\/\/kulturonline.tv\/de\/"},{"@type":"ListItem","position":2,"name":"Caf\u00e9 Leben"}]},{"@type":"WebSite","@id":"https:\/\/kulturonline.tv\/de\/#website","url":"https:\/\/kulturonline.tv\/de\/","name":"Kultur Online TV &amp; FM","description":"Wir sind Kultur 2.0 zum sehen &amp; h\u00f6ren","publisher":{"@id":"https:\/\/kulturonline.tv\/de\/#organization"},"potentialAction":[{"@type":"SearchAction","target":{"@type":"EntryPoint","urlTemplate":"https:\/\/kulturonline.tv\/de\/?s={search_term_string}"},"query-input":{"@type":"PropertyValueSpecification","valueRequired":true,"valueName":"search_term_string"}}],"inLanguage":"de"},{"@type":"Organization","@id":"https:\/\/kulturonline.tv\/de\/#organization","name":"Kultur Online TV","url":"https:\/\/kulturonline.tv\/de\/","logo":{"@type":"ImageObject","inLanguage":"de","@id":"https:\/\/kulturonline.tv\/de\/#\/schema\/logo\/image\/","url":"https:\/\/kulturonline.tv\/wp-content\/uploads\/2021\/08\/Kultur-Online-Tv-Logo-Endversion-neu.png","contentUrl":"https:\/\/kulturonline.tv\/wp-content\/uploads\/2021\/08\/Kultur-Online-Tv-Logo-Endversion-neu.png","width":200,"height":200,"caption":"Kultur Online TV"},"image":{"@id":"https:\/\/kulturonline.tv\/de\/#\/schema\/logo\/image\/"},"sameAs":["https:\/\/www.facebook.com\/kulturonline.tv","https:\/\/www.instagram.com\/kulturonline.tv"]},{"@type":"Person","@id":"https:\/\/kulturonline.tv\/de\/#\/schema\/person\/b0fac729bb9a0c193fb1df23449df4fe","name":"guenter.wolfgang"}]}},"_links":{"self":[{"href":"https:\/\/kulturonline.tv\/de\/wp-json\/wp\/v2\/posts\/40352","targetHints":{"allow":["GET"]}}],"collection":[{"href":"https:\/\/kulturonline.tv\/de\/wp-json\/wp\/v2\/posts"}],"about":[{"href":"https:\/\/kulturonline.tv\/de\/wp-json\/wp\/v2\/types\/post"}],"author":[{"embeddable":true,"href":"https:\/\/kulturonline.tv\/de\/wp-json\/wp\/v2\/users\/2"}],"replies":[{"embeddable":true,"href":"https:\/\/kulturonline.tv\/de\/wp-json\/wp\/v2\/comments?post=40352"}],"version-history":[{"count":0,"href":"https:\/\/kulturonline.tv\/de\/wp-json\/wp\/v2\/posts\/40352\/revisions"}],"wp:featuredmedia":[{"embeddable":true,"href":"https:\/\/kulturonline.tv\/de\/wp-json\/wp\/v2\/media\/40353"}],"wp:attachment":[{"href":"https:\/\/kulturonline.tv\/de\/wp-json\/wp\/v2\/media?parent=40352"}],"wp:term":[{"taxonomy":"category","embeddable":true,"href":"https:\/\/kulturonline.tv\/de\/wp-json\/wp\/v2\/categories?post=40352"},{"taxonomy":"post_tag","embeddable":true,"href":"https:\/\/kulturonline.tv\/de\/wp-json\/wp\/v2\/tags?post=40352"}],"curies":[{"name":"wp","href":"https:\/\/api.w.org\/{rel}","templated":true}]}}