{"id":40774,"date":"2022-11-12T01:34:56","date_gmt":"2022-11-12T00:34:56","guid":{"rendered":"https:\/\/kulturonline.tv\/?p=40774"},"modified":"2022-11-12T01:36:58","modified_gmt":"2022-11-12T00:36:58","slug":"buehne-frei-fuer-zwei-legenden-gottschalk-und-luepertz-im-medienzentrum-der-mediengruppe-bayern-in-passau","status":"publish","type":"post","link":"https:\/\/kulturonline.tv\/de\/buehne-frei-fuer-zwei-legenden-gottschalk-und-luepertz-im-medienzentrum-der-mediengruppe-bayern-in-passau\/","title":{"rendered":"B\u00fchne frei f\u00fcr zwei Legenden: Gottschalk und L\u00fcpertz\u201c im Medienzentrum der Mediengruppe Bayern in Passau"},"content":{"rendered":"\n<p>Thomas Gottschalk pr\u00e4gte als Entertainer, TV- und Radiomoderator ganze Generationen. Mit Sendungen wie \u201eNa sowas!\u201c und \u201eWetten, dass\u2026?\u201c erzielte der Moderator Rekorde bei den Einschaltquoten. F\u00fcr sein Lebenswerk erhielt Thomas Gottschalk gestern den renommierten MiE-Kunst Award. <\/p>\n\n\n\n<figure class=\"wp-block-image size-full\"><img fetchpriority=\"high\" decoding=\"async\" width=\"1009\" height=\"568\" src=\"https:\/\/kulturonline.tv\/wp-content\/uploads\/2022\/11\/Kultur-Online-TV-edited.jpeg\" alt=\"\" class=\"wp-image-40777\" srcset=\"https:\/\/kulturonline.tv\/wp-content\/uploads\/2022\/11\/Kultur-Online-TV-edited.jpeg 1009w, https:\/\/kulturonline.tv\/wp-content\/uploads\/2022\/11\/Kultur-Online-TV-edited-600x338.jpeg 600w, https:\/\/kulturonline.tv\/wp-content\/uploads\/2022\/11\/Kultur-Online-TV-edited-800x450.jpeg 800w, https:\/\/kulturonline.tv\/wp-content\/uploads\/2022\/11\/Kultur-Online-TV-edited-768x432.jpeg 768w\" sizes=\"(max-width: 1009px) 100vw, 1009px\" \/><\/figure>\n\n\n\n<p>Damit reiht er sich in eine illustre Runde von MiE Preistr\u00e4gern ein wie u.a. der Dalai Lama, Angela Merkel, Kofi Annan, Schimon Peres aber auch Lang Lang, Wim Wenders und Karl Lagerfeld. Menschen in Europa Initiatorin und Mediengruppe Bayern Verlegerin Angelika Dieckmann freute sich die TV Legende Gottschalk pers\u00f6nlich auszuzeichnen. Das Amt des Laudators \u00fcbernahm an diesem Abend der Maler und Bildhauer Markus L\u00fcpertz. Er gilt als einer der ber\u00fchmtesten Maler und Bildhauer der deutschen Kunstszene.<\/p>\n\n\n\n<p>Im Anschluss diskutierten Gottschalk und L\u00fcpertz moderiert von Anouschka Horn (Bayerischer Rundfunk) \u00fcber die Herausforderungen der Zukunft und die verschiedenen Facetten ihres k\u00fcnstlerischen Schaffens. Die Moderatorin verspricht am Anfang, dass die Zuschauer und Zuschauerinnen Deutschlands gr\u00f6\u00dften Entertainer am Ende des Abends besser kennen w\u00fcrden \u2013 \u201eTop, die Wette gilt!\u201c. Als K\u00fcnstler w\u00fcrde er sich selbst jedoch nicht bezeichnen: \u201eIch nutze die Spontanit\u00e4t der Situation, das hat nichts mit Kunst zu tun.\u201c Er gesteht dann aber doch ein: \u201eIch beherrsche die Kunst angstfrei auf eine B\u00fchne zu gehen und zu gucken was passiert\u201c. Knapp drei\u00dfig Jahre lang habe er \u201eWetten, dass\u2026?\u201c moderiert, ohne gro\u00df dar\u00fcber nachzudenken. W\u00e4hrend andere Moderatoren auf einen Stab an Autoren zur\u00fcckgreifen, geht Thomas Gottschalk nach eigenen Angaben seine Moderationen ohne allzu viel Vorbereitung spontan an. So auch n\u00e4chsten Samstag, wenn eine Neuauflage von \u201eWetten, dass\u2026?\u201c ausgestrahlt wird. Besonders freut sich der Entertainer darauf, Weltstars wie Robbie Williams begr\u00fc\u00dfen zu d\u00fcrfen. Kritisch be\u00e4ugt er allerdings Influencer und generell die Welt der Sozialen Medien. \u201eIch bin ein Meister im Erzeugen von Shitstorms\u201c, erkl\u00e4rt er dazu. Im R\u00fcckblick auf sein Schaffen und auf die Frage zu weiteren Pl\u00e4nen und Sendungen in der Zukunft, antwortet Gottschalk: \u201eIch hatte meine Zeit\u201c. Trotz fortschreitenden Alters, worauf er nach eigener Aussage zufriedener blickt seit er seine Lebenspartnerin Karina Mro\u00df kennengelernt hat, wird Gottschalk in weiteren Sendungen und Shows zu sehen sein. Ihm ist jedoch durchaus bewusst, dass seine Hochphase l\u00e4ngst vorbei ist. Doch schaut man auf die Vergangenheit dieser gl\u00e4nzenden Pers\u00f6nlichkeit, dann w\u00e4re aus Zuschauersicht nichts zu entdecken, was noch unbedingt aufgeholt werden muss.<\/p>\n\n\n\n<p>In diesem Zusammenhang bringt Gottschalk das bayrische Publikum ein weiteres Mal zum Lachen: \u201eAu\u00dferdem bin ich ja immer noch gut genug f\u00fcr Passau.\u201c Als einen \u201eLeuchtturm im Meer der Banalit\u00e4t\u201c bezeichnet L\u00fcpertz den Preistr\u00e4ger des MiE-Kunst Awards. Unterhaltung ist in seinen Augen ein fundamentales Recht der Menschen. Dem stimmt Thomas Gottschalk zu: \u201eUnterhaltung macht die Menschen nicht besser, aber es geht ihnen dadurch besser.\u201c Die beiden Legenden nahmen die Veranstaltung von MENSCHEN in EUROPA zum Anlass, einen Blick \u00fcber den Tellerrand zu werfen: Eine digitalisierte und reglementierte Welt l\u00e4sst beide kritisch in die Zukunft blicken. Markus L\u00fcpertz diagnostiziert der Gesellschaft \u201eKriegslust\u201c \u2013 egal ob auf der politischen B\u00fchne, in der Mode oder in der Kommunikation. Dem stimmt Thomas Gottschalk zu: \u201eDas Schlimmste ist, dass die Leute nicht mehr miteinander reden.\u201c Mit lustigen, unbeschwerten, aber auch teilweise ernsten und philosophischen Szenen, rissen die Podiumsg\u00e4ste Gottschalk und L\u00fcpertz die Zuschauer und Zuschauerinnen an diesem Abend mit. Die wunderbare Vielfalt in k\u00fcnstlerischem Ausdruck und in pers\u00f6nlicher Einstellung und Haltung, die durch die beiden Legenden verk\u00f6rpert wird, l\u00e4sst diesen Abend von MENSCHEN in EUROPA erstrahlen. Und Anouschka Horn gewann die Wette und \u00fcbertraf sogar ihr Versprechen: Das Publikum lernte nicht nur Gottschalk, sondern auch L\u00fcpertz, der mit Tochter Lilly kam, an diesem Abend besser kennen.<\/p>\n\n\n\n<p>Das Verlegerpaar Dr. Dr. Axel und Angelika Diekmann und SimoneTucci-Diekmann, Gesch\u00e4ftsf\u00fchrende Gesellschafterin der Mediengruppe Bayern, mit Ehemann Dr. Marco Tucci begr\u00fc\u00dfen unter den illustren G\u00e4sten Gottschalks Partnerin Karina Mro\u00df, Prof. Sigmund Gottlieb (ehemaliger BR-Chefredakteur a.D. und Mitglied des Stiftungsrats der Universit\u00e4t Passau) mit Frau Nagia El-Sayed-Gottlieb , Dr. Yorck Otto (Pr\u00e4sident der Union Mittelst\u00e4ndischer Unternehmen) mit Ehefrau Alexandra Otto, Prof. Dr. Dr. med. Bruno Reichart (Direktor des Klinikums Gro\u00dfhadern a.D) mit Ehefrau Elke Reichart. Deutschlands Stammzellen-Spezialist des Isarklinikums Prof Dr. Eckhard Alt, der seinen Geburtstag feierte, mit Ehefrau Anna-Maria Kaufmann, Unternehmerin Karin Holler, sowie Detlev Freiherr und Leslie Freifrau von Wangenheim, Mauro Bergonzoli, K\u00fcnstler mit Franziska Gr\u00e4fin von Fugger zu Babenhausen, Stephanie Gr\u00e4fin Bruges von Pfuel, Schloss T\u00fcssling, Nicola Gr\u00e4fin von Keglevich, Gesch\u00e4ftsf\u00fchrer Ketterer Kunst und die TV Ladies Uschi D\u00e4mmrich Freifrau von Luttitz, Antje-Karin K\u00fchnemann und Carolin Reiber.<\/p>\n\n\n\n<p>Kultur Online TV-FM<\/p>\n","protected":false},"excerpt":{"rendered":"<p>Thomas Gottschalk pr\u00e4gte als Entertainer, TV- und Radiomoderator ganze Generationen. Mit Sendungen wie \u201eNa sowas!\u201c und \u201eWetten, dass\u2026?\u201c erzielte der Moderator Rekorde bei den Einschaltquoten. F\u00fcr sein Lebenswerk erhielt Thomas Gottschalk gestern den renommierten MiE-Kunst Award. Damit reiht er sich in eine illustre Runde von MiE Preistr\u00e4gern ein wie u.a. der Dalai Lama, Angela Merkel, [&hellip;]<\/p>\n","protected":false},"author":2,"featured_media":40777,"comment_status":"closed","ping_status":"closed","sticky":false,"template":"","format":"standard","meta":{"_acf_changed":false,"footnotes":""},"categories":[3],"tags":[],"class_list":["post-40774","post","type-post","status-publish","format-standard","has-post-thumbnail","hentry","category-newsflash"],"acf":[],"yoast_head":"<!-- This site is optimized with the Yoast SEO plugin v26.1.1 - https:\/\/yoast.com\/wordpress\/plugins\/seo\/ -->\n<title>B\u00fchne frei f\u00fcr zwei Legenden: Gottschalk und L\u00fcpertz\u201c im Medienzentrum der Mediengruppe Bayern in Passau - Kultur Online TV &amp; FM<\/title>\n<meta name=\"description\" content=\"Thomas Gottschalk pr\u00e4gte als Entertainer, TV- und Radiomoderator ganze Generationen. Mit Sendungen wie \u201eNa sowas!\u201c und \u201eWetten, dass\u2026?\u201c erzielte der Moderator Rekorde bei den Einschaltquoten. F\u00fcr sein Lebenswerk erhielt Thomas Gottschalk gestern den renommierten MiE-Kunst Award.\" \/>\n<meta name=\"robots\" content=\"index, follow, max-snippet:-1, max-image-preview:large, max-video-preview:-1\" \/>\n<link rel=\"canonical\" href=\"https:\/\/kulturonline.tv\/de\/buehne-frei-fuer-zwei-legenden-gottschalk-und-luepertz-im-medienzentrum-der-mediengruppe-bayern-in-passau\/\" \/>\n<meta property=\"og:locale\" content=\"de_DE\" \/>\n<meta property=\"og:type\" content=\"article\" \/>\n<meta property=\"og:title\" content=\"B\u00fchne frei f\u00fcr zwei Legenden: Gottschalk und L\u00fcpertz\u201c im Medienzentrum der Mediengruppe Bayern in Passau - Kultur Online TV &amp; FM\" \/>\n<meta property=\"og:description\" content=\"Thomas Gottschalk pr\u00e4gte als Entertainer, TV- und Radiomoderator ganze Generationen. Mit Sendungen wie \u201eNa sowas!\u201c und \u201eWetten, dass\u2026?\u201c erzielte der Moderator Rekorde bei den Einschaltquoten. F\u00fcr sein Lebenswerk erhielt Thomas Gottschalk gestern den renommierten MiE-Kunst Award.\" \/>\n<meta property=\"og:url\" content=\"https:\/\/kulturonline.tv\/de\/buehne-frei-fuer-zwei-legenden-gottschalk-und-luepertz-im-medienzentrum-der-mediengruppe-bayern-in-passau\/\" \/>\n<meta property=\"og:site_name\" content=\"Kultur Online TV &amp; FM\" \/>\n<meta property=\"article:publisher\" content=\"https:\/\/www.facebook.com\/kulturonline.tv\" \/>\n<meta property=\"article:published_time\" content=\"2022-11-12T00:34:56+00:00\" \/>\n<meta property=\"article:modified_time\" content=\"2022-11-12T00:36:58+00:00\" \/>\n<meta property=\"og:image\" content=\"https:\/\/kulturonline.tv\/wp-content\/uploads\/2022\/11\/Kultur-Online-TV-edited.jpeg\" \/>\n\t<meta property=\"og:image:width\" content=\"1009\" \/>\n\t<meta property=\"og:image:height\" content=\"568\" \/>\n\t<meta property=\"og:image:type\" content=\"image\/jpeg\" \/>\n<meta name=\"author\" content=\"guenter.wolfgang\" \/>\n<meta name=\"twitter:card\" content=\"summary_large_image\" \/>\n<meta name=\"twitter:label1\" content=\"Verfasst von\" \/>\n\t<meta name=\"twitter:data1\" content=\"guenter.wolfgang\" \/>\n\t<meta name=\"twitter:label2\" content=\"Gesch\u00e4tzte Lesezeit\" \/>\n\t<meta name=\"twitter:data2\" content=\"4\u00a0Minuten\" \/>\n<script type=\"application\/ld+json\" class=\"yoast-schema-graph\">{\"@context\":\"https:\/\/schema.org\",\"@graph\":[{\"@type\":\"Article\",\"@id\":\"https:\/\/kulturonline.tv\/de\/buehne-frei-fuer-zwei-legenden-gottschalk-und-luepertz-im-medienzentrum-der-mediengruppe-bayern-in-passau\/#article\",\"isPartOf\":{\"@id\":\"https:\/\/kulturonline.tv\/de\/buehne-frei-fuer-zwei-legenden-gottschalk-und-luepertz-im-medienzentrum-der-mediengruppe-bayern-in-passau\/\"},\"author\":{\"name\":\"guenter.wolfgang\",\"@id\":\"https:\/\/kulturonline.tv\/de\/#\/schema\/person\/b0fac729bb9a0c193fb1df23449df4fe\"},\"headline\":\"B\u00fchne frei f\u00fcr zwei Legenden: Gottschalk und L\u00fcpertz\u201c im Medienzentrum der Mediengruppe Bayern in Passau\",\"datePublished\":\"2022-11-12T00:34:56+00:00\",\"dateModified\":\"2022-11-12T00:36:58+00:00\",\"mainEntityOfPage\":{\"@id\":\"https:\/\/kulturonline.tv\/de\/buehne-frei-fuer-zwei-legenden-gottschalk-und-luepertz-im-medienzentrum-der-mediengruppe-bayern-in-passau\/\"},\"wordCount\":804,\"publisher\":{\"@id\":\"https:\/\/kulturonline.tv\/de\/#organization\"},\"image\":{\"@id\":\"https:\/\/kulturonline.tv\/de\/buehne-frei-fuer-zwei-legenden-gottschalk-und-luepertz-im-medienzentrum-der-mediengruppe-bayern-in-passau\/#primaryimage\"},\"thumbnailUrl\":\"https:\/\/kulturonline.tv\/wp-content\/uploads\/2022\/11\/Kultur-Online-TV-edited.jpeg\",\"articleSection\":[\"Newsflash\"],\"inLanguage\":\"de\"},{\"@type\":\"WebPage\",\"@id\":\"https:\/\/kulturonline.tv\/de\/buehne-frei-fuer-zwei-legenden-gottschalk-und-luepertz-im-medienzentrum-der-mediengruppe-bayern-in-passau\/\",\"url\":\"https:\/\/kulturonline.tv\/de\/buehne-frei-fuer-zwei-legenden-gottschalk-und-luepertz-im-medienzentrum-der-mediengruppe-bayern-in-passau\/\",\"name\":\"B\u00fchne frei f\u00fcr zwei Legenden: Gottschalk und L\u00fcpertz\u201c im Medienzentrum der Mediengruppe Bayern in Passau - Kultur Online TV &amp; FM\",\"isPartOf\":{\"@id\":\"https:\/\/kulturonline.tv\/de\/#website\"},\"primaryImageOfPage\":{\"@id\":\"https:\/\/kulturonline.tv\/de\/buehne-frei-fuer-zwei-legenden-gottschalk-und-luepertz-im-medienzentrum-der-mediengruppe-bayern-in-passau\/#primaryimage\"},\"image\":{\"@id\":\"https:\/\/kulturonline.tv\/de\/buehne-frei-fuer-zwei-legenden-gottschalk-und-luepertz-im-medienzentrum-der-mediengruppe-bayern-in-passau\/#primaryimage\"},\"thumbnailUrl\":\"https:\/\/kulturonline.tv\/wp-content\/uploads\/2022\/11\/Kultur-Online-TV-edited.jpeg\",\"datePublished\":\"2022-11-12T00:34:56+00:00\",\"dateModified\":\"2022-11-12T00:36:58+00:00\",\"description\":\"Thomas Gottschalk pr\u00e4gte als Entertainer, TV- und Radiomoderator ganze Generationen. Mit Sendungen wie \u201eNa sowas!\u201c und \u201eWetten, dass\u2026?\u201c erzielte der Moderator Rekorde bei den Einschaltquoten. F\u00fcr sein Lebenswerk erhielt Thomas Gottschalk gestern den renommierten MiE-Kunst Award.\",\"breadcrumb\":{\"@id\":\"https:\/\/kulturonline.tv\/de\/buehne-frei-fuer-zwei-legenden-gottschalk-und-luepertz-im-medienzentrum-der-mediengruppe-bayern-in-passau\/#breadcrumb\"},\"inLanguage\":\"de\",\"potentialAction\":[{\"@type\":\"ReadAction\",\"target\":[\"https:\/\/kulturonline.tv\/de\/buehne-frei-fuer-zwei-legenden-gottschalk-und-luepertz-im-medienzentrum-der-mediengruppe-bayern-in-passau\/\"]}]},{\"@type\":\"ImageObject\",\"inLanguage\":\"de\",\"@id\":\"https:\/\/kulturonline.tv\/de\/buehne-frei-fuer-zwei-legenden-gottschalk-und-luepertz-im-medienzentrum-der-mediengruppe-bayern-in-passau\/#primaryimage\",\"url\":\"https:\/\/kulturonline.tv\/wp-content\/uploads\/2022\/11\/Kultur-Online-TV-edited.jpeg\",\"contentUrl\":\"https:\/\/kulturonline.tv\/wp-content\/uploads\/2022\/11\/Kultur-Online-TV-edited.jpeg\",\"width\":1009,\"height\":568},{\"@type\":\"BreadcrumbList\",\"@id\":\"https:\/\/kulturonline.tv\/de\/buehne-frei-fuer-zwei-legenden-gottschalk-und-luepertz-im-medienzentrum-der-mediengruppe-bayern-in-passau\/#breadcrumb\",\"itemListElement\":[{\"@type\":\"ListItem\",\"position\":1,\"name\":\"Startseite\",\"item\":\"https:\/\/kulturonline.tv\/de\/\"},{\"@type\":\"ListItem\",\"position\":2,\"name\":\"B\u00fchne frei f\u00fcr zwei Legenden: Gottschalk und L\u00fcpertz\u201c im Medienzentrum der Mediengruppe Bayern in Passau\"}]},{\"@type\":\"WebSite\",\"@id\":\"https:\/\/kulturonline.tv\/de\/#website\",\"url\":\"https:\/\/kulturonline.tv\/de\/\",\"name\":\"Kultur Online TV &amp; FM\",\"description\":\"Wir sind Kultur 2.0 zum sehen &amp; h\u00f6ren\",\"publisher\":{\"@id\":\"https:\/\/kulturonline.tv\/de\/#organization\"},\"potentialAction\":[{\"@type\":\"SearchAction\",\"target\":{\"@type\":\"EntryPoint\",\"urlTemplate\":\"https:\/\/kulturonline.tv\/de\/?s={search_term_string}\"},\"query-input\":{\"@type\":\"PropertyValueSpecification\",\"valueRequired\":true,\"valueName\":\"search_term_string\"}}],\"inLanguage\":\"de\"},{\"@type\":\"Organization\",\"@id\":\"https:\/\/kulturonline.tv\/de\/#organization\",\"name\":\"Kultur Online TV\",\"url\":\"https:\/\/kulturonline.tv\/de\/\",\"logo\":{\"@type\":\"ImageObject\",\"inLanguage\":\"de\",\"@id\":\"https:\/\/kulturonline.tv\/de\/#\/schema\/logo\/image\/\",\"url\":\"https:\/\/kulturonline.tv\/wp-content\/uploads\/2021\/08\/Kultur-Online-Tv-Logo-Endversion-neu.png\",\"contentUrl\":\"https:\/\/kulturonline.tv\/wp-content\/uploads\/2021\/08\/Kultur-Online-Tv-Logo-Endversion-neu.png\",\"width\":200,\"height\":200,\"caption\":\"Kultur Online TV\"},\"image\":{\"@id\":\"https:\/\/kulturonline.tv\/de\/#\/schema\/logo\/image\/\"},\"sameAs\":[\"https:\/\/www.facebook.com\/kulturonline.tv\",\"https:\/\/www.instagram.com\/kulturonline.tv\"]},{\"@type\":\"Person\",\"@id\":\"https:\/\/kulturonline.tv\/de\/#\/schema\/person\/b0fac729bb9a0c193fb1df23449df4fe\",\"name\":\"guenter.wolfgang\"}]}<\/script>\n<!-- \/ Yoast SEO plugin. -->","yoast_head_json":{"title":"B\u00fchne frei f\u00fcr zwei Legenden: Gottschalk und L\u00fcpertz\u201c im Medienzentrum der Mediengruppe Bayern in Passau - Kultur Online TV &amp; FM","description":"Thomas Gottschalk pr\u00e4gte als Entertainer, TV- und Radiomoderator ganze Generationen. Mit Sendungen wie \u201eNa sowas!\u201c und \u201eWetten, dass\u2026?\u201c erzielte der Moderator Rekorde bei den Einschaltquoten. F\u00fcr sein Lebenswerk erhielt Thomas Gottschalk gestern den renommierten MiE-Kunst Award.","robots":{"index":"index","follow":"follow","max-snippet":"max-snippet:-1","max-image-preview":"max-image-preview:large","max-video-preview":"max-video-preview:-1"},"canonical":"https:\/\/kulturonline.tv\/de\/buehne-frei-fuer-zwei-legenden-gottschalk-und-luepertz-im-medienzentrum-der-mediengruppe-bayern-in-passau\/","og_locale":"de_DE","og_type":"article","og_title":"B\u00fchne frei f\u00fcr zwei Legenden: Gottschalk und L\u00fcpertz\u201c im Medienzentrum der Mediengruppe Bayern in Passau - Kultur Online TV &amp; FM","og_description":"Thomas Gottschalk pr\u00e4gte als Entertainer, TV- und Radiomoderator ganze Generationen. Mit Sendungen wie \u201eNa sowas!\u201c und \u201eWetten, dass\u2026?\u201c erzielte der Moderator Rekorde bei den Einschaltquoten. F\u00fcr sein Lebenswerk erhielt Thomas Gottschalk gestern den renommierten MiE-Kunst Award.","og_url":"https:\/\/kulturonline.tv\/de\/buehne-frei-fuer-zwei-legenden-gottschalk-und-luepertz-im-medienzentrum-der-mediengruppe-bayern-in-passau\/","og_site_name":"Kultur Online TV &amp; FM","article_publisher":"https:\/\/www.facebook.com\/kulturonline.tv","article_published_time":"2022-11-12T00:34:56+00:00","article_modified_time":"2022-11-12T00:36:58+00:00","og_image":[{"width":1009,"height":568,"url":"https:\/\/kulturonline.tv\/wp-content\/uploads\/2022\/11\/Kultur-Online-TV-edited.jpeg","type":"image\/jpeg"}],"author":"guenter.wolfgang","twitter_card":"summary_large_image","twitter_misc":{"Verfasst von":"guenter.wolfgang","Gesch\u00e4tzte Lesezeit":"4\u00a0Minuten"},"schema":{"@context":"https:\/\/schema.org","@graph":[{"@type":"Article","@id":"https:\/\/kulturonline.tv\/de\/buehne-frei-fuer-zwei-legenden-gottschalk-und-luepertz-im-medienzentrum-der-mediengruppe-bayern-in-passau\/#article","isPartOf":{"@id":"https:\/\/kulturonline.tv\/de\/buehne-frei-fuer-zwei-legenden-gottschalk-und-luepertz-im-medienzentrum-der-mediengruppe-bayern-in-passau\/"},"author":{"name":"guenter.wolfgang","@id":"https:\/\/kulturonline.tv\/de\/#\/schema\/person\/b0fac729bb9a0c193fb1df23449df4fe"},"headline":"B\u00fchne frei f\u00fcr zwei Legenden: Gottschalk und L\u00fcpertz\u201c im Medienzentrum der Mediengruppe Bayern in Passau","datePublished":"2022-11-12T00:34:56+00:00","dateModified":"2022-11-12T00:36:58+00:00","mainEntityOfPage":{"@id":"https:\/\/kulturonline.tv\/de\/buehne-frei-fuer-zwei-legenden-gottschalk-und-luepertz-im-medienzentrum-der-mediengruppe-bayern-in-passau\/"},"wordCount":804,"publisher":{"@id":"https:\/\/kulturonline.tv\/de\/#organization"},"image":{"@id":"https:\/\/kulturonline.tv\/de\/buehne-frei-fuer-zwei-legenden-gottschalk-und-luepertz-im-medienzentrum-der-mediengruppe-bayern-in-passau\/#primaryimage"},"thumbnailUrl":"https:\/\/kulturonline.tv\/wp-content\/uploads\/2022\/11\/Kultur-Online-TV-edited.jpeg","articleSection":["Newsflash"],"inLanguage":"de"},{"@type":"WebPage","@id":"https:\/\/kulturonline.tv\/de\/buehne-frei-fuer-zwei-legenden-gottschalk-und-luepertz-im-medienzentrum-der-mediengruppe-bayern-in-passau\/","url":"https:\/\/kulturonline.tv\/de\/buehne-frei-fuer-zwei-legenden-gottschalk-und-luepertz-im-medienzentrum-der-mediengruppe-bayern-in-passau\/","name":"B\u00fchne frei f\u00fcr zwei Legenden: Gottschalk und L\u00fcpertz\u201c im Medienzentrum der Mediengruppe Bayern in Passau - Kultur Online TV &amp; FM","isPartOf":{"@id":"https:\/\/kulturonline.tv\/de\/#website"},"primaryImageOfPage":{"@id":"https:\/\/kulturonline.tv\/de\/buehne-frei-fuer-zwei-legenden-gottschalk-und-luepertz-im-medienzentrum-der-mediengruppe-bayern-in-passau\/#primaryimage"},"image":{"@id":"https:\/\/kulturonline.tv\/de\/buehne-frei-fuer-zwei-legenden-gottschalk-und-luepertz-im-medienzentrum-der-mediengruppe-bayern-in-passau\/#primaryimage"},"thumbnailUrl":"https:\/\/kulturonline.tv\/wp-content\/uploads\/2022\/11\/Kultur-Online-TV-edited.jpeg","datePublished":"2022-11-12T00:34:56+00:00","dateModified":"2022-11-12T00:36:58+00:00","description":"Thomas Gottschalk pr\u00e4gte als Entertainer, TV- und Radiomoderator ganze Generationen. Mit Sendungen wie \u201eNa sowas!\u201c und \u201eWetten, dass\u2026?\u201c erzielte der Moderator Rekorde bei den Einschaltquoten. F\u00fcr sein Lebenswerk erhielt Thomas Gottschalk gestern den renommierten MiE-Kunst Award.","breadcrumb":{"@id":"https:\/\/kulturonline.tv\/de\/buehne-frei-fuer-zwei-legenden-gottschalk-und-luepertz-im-medienzentrum-der-mediengruppe-bayern-in-passau\/#breadcrumb"},"inLanguage":"de","potentialAction":[{"@type":"ReadAction","target":["https:\/\/kulturonline.tv\/de\/buehne-frei-fuer-zwei-legenden-gottschalk-und-luepertz-im-medienzentrum-der-mediengruppe-bayern-in-passau\/"]}]},{"@type":"ImageObject","inLanguage":"de","@id":"https:\/\/kulturonline.tv\/de\/buehne-frei-fuer-zwei-legenden-gottschalk-und-luepertz-im-medienzentrum-der-mediengruppe-bayern-in-passau\/#primaryimage","url":"https:\/\/kulturonline.tv\/wp-content\/uploads\/2022\/11\/Kultur-Online-TV-edited.jpeg","contentUrl":"https:\/\/kulturonline.tv\/wp-content\/uploads\/2022\/11\/Kultur-Online-TV-edited.jpeg","width":1009,"height":568},{"@type":"BreadcrumbList","@id":"https:\/\/kulturonline.tv\/de\/buehne-frei-fuer-zwei-legenden-gottschalk-und-luepertz-im-medienzentrum-der-mediengruppe-bayern-in-passau\/#breadcrumb","itemListElement":[{"@type":"ListItem","position":1,"name":"Startseite","item":"https:\/\/kulturonline.tv\/de\/"},{"@type":"ListItem","position":2,"name":"B\u00fchne frei f\u00fcr zwei Legenden: Gottschalk und L\u00fcpertz\u201c im Medienzentrum der Mediengruppe Bayern in Passau"}]},{"@type":"WebSite","@id":"https:\/\/kulturonline.tv\/de\/#website","url":"https:\/\/kulturonline.tv\/de\/","name":"Kultur Online TV &amp; FM","description":"Wir sind Kultur 2.0 zum sehen &amp; h\u00f6ren","publisher":{"@id":"https:\/\/kulturonline.tv\/de\/#organization"},"potentialAction":[{"@type":"SearchAction","target":{"@type":"EntryPoint","urlTemplate":"https:\/\/kulturonline.tv\/de\/?s={search_term_string}"},"query-input":{"@type":"PropertyValueSpecification","valueRequired":true,"valueName":"search_term_string"}}],"inLanguage":"de"},{"@type":"Organization","@id":"https:\/\/kulturonline.tv\/de\/#organization","name":"Kultur Online TV","url":"https:\/\/kulturonline.tv\/de\/","logo":{"@type":"ImageObject","inLanguage":"de","@id":"https:\/\/kulturonline.tv\/de\/#\/schema\/logo\/image\/","url":"https:\/\/kulturonline.tv\/wp-content\/uploads\/2021\/08\/Kultur-Online-Tv-Logo-Endversion-neu.png","contentUrl":"https:\/\/kulturonline.tv\/wp-content\/uploads\/2021\/08\/Kultur-Online-Tv-Logo-Endversion-neu.png","width":200,"height":200,"caption":"Kultur Online TV"},"image":{"@id":"https:\/\/kulturonline.tv\/de\/#\/schema\/logo\/image\/"},"sameAs":["https:\/\/www.facebook.com\/kulturonline.tv","https:\/\/www.instagram.com\/kulturonline.tv"]},{"@type":"Person","@id":"https:\/\/kulturonline.tv\/de\/#\/schema\/person\/b0fac729bb9a0c193fb1df23449df4fe","name":"guenter.wolfgang"}]}},"_links":{"self":[{"href":"https:\/\/kulturonline.tv\/de\/wp-json\/wp\/v2\/posts\/40774","targetHints":{"allow":["GET"]}}],"collection":[{"href":"https:\/\/kulturonline.tv\/de\/wp-json\/wp\/v2\/posts"}],"about":[{"href":"https:\/\/kulturonline.tv\/de\/wp-json\/wp\/v2\/types\/post"}],"author":[{"embeddable":true,"href":"https:\/\/kulturonline.tv\/de\/wp-json\/wp\/v2\/users\/2"}],"replies":[{"embeddable":true,"href":"https:\/\/kulturonline.tv\/de\/wp-json\/wp\/v2\/comments?post=40774"}],"version-history":[{"count":0,"href":"https:\/\/kulturonline.tv\/de\/wp-json\/wp\/v2\/posts\/40774\/revisions"}],"wp:featuredmedia":[{"embeddable":true,"href":"https:\/\/kulturonline.tv\/de\/wp-json\/wp\/v2\/media\/40777"}],"wp:attachment":[{"href":"https:\/\/kulturonline.tv\/de\/wp-json\/wp\/v2\/media?parent=40774"}],"wp:term":[{"taxonomy":"category","embeddable":true,"href":"https:\/\/kulturonline.tv\/de\/wp-json\/wp\/v2\/categories?post=40774"},{"taxonomy":"post_tag","embeddable":true,"href":"https:\/\/kulturonline.tv\/de\/wp-json\/wp\/v2\/tags?post=40774"}],"curies":[{"name":"wp","href":"https:\/\/api.w.org\/{rel}","templated":true}]}}