{"id":40817,"date":"2022-11-16T12:08:07","date_gmt":"2022-11-16T11:08:07","guid":{"rendered":"https:\/\/kulturonline.tv\/?p=40817"},"modified":"2022-11-16T12:08:23","modified_gmt":"2022-11-16T11:08:23","slug":"grammys-2023-beyonce-und-kendrick-lamar-fuehren-liste-der-nominierten-an","status":"publish","type":"post","link":"https:\/\/kulturonline.tv\/de\/grammys-2023-beyonce-und-kendrick-lamar-fuehren-liste-der-nominierten-an\/","title":{"rendered":"Grammys 2023: Beyonc\u00e9 und Kendrick Lamar f\u00fchren Liste der Nominierten an"},"content":{"rendered":"\n<p>Die Nominierungen f\u00fcr die 65. Grammy Awards stehen fest. Die Recording Academy gab am Dienstag 15. November die Liste der Musiker und Musikerinnen bekannt, die am 5. Februar 2023 in Los Angeles auf eine begehrte Troph\u00e4e hoffen k\u00f6nnen. Angef\u00fchrt wird das Feld von US-S\u00e4ngerin Beyonc\u00e9 , deren Album &#8222;Renaissance&#8220; ihr neun Nominierungen einbrachte.<\/p>\n\n\n\n<figure class=\"wp-block-embed is-type-video is-provider-youtube wp-block-embed-youtube wp-embed-aspect-16-9 wp-has-aspect-ratio\"><div class=\"wp-block-embed__wrapper\">\n<iframe title=\"Watch The 2023 GRAMMY Nominations Live\" width=\"800\" height=\"450\" src=\"https:\/\/www.youtube.com\/embed\/l-ZXqCaP6-w?feature=oembed\" frameborder=\"0\" allow=\"accelerometer; autoplay; clipboard-write; encrypted-media; gyroscope; picture-in-picture; web-share\" referrerpolicy=\"strict-origin-when-cross-origin\" allowfullscreen><\/iframe>\n<\/div><\/figure>\n\n\n\n<p>Die Grammy Awards (kurz Grammys; Eigenschreibweise \u201eGRAMMY Awards\u201c) sind Musikpreise, die seit 1959 von der Recording Academy in Los Angeles j\u00e4hrlich in zurzeit 84 Kategorien an K\u00fcnstler wie S\u00e4nger, Komponisten, Musiker sowie Produktionsleiter und die Tontechnik verliehen werden. Am 26. Januar 2020 fand die 62. Grammy-Verleihung statt.<\/p>\n\n\n\n<p>Der Preis gilt als die h\u00f6chste internationale Auszeichnung f\u00fcr K\u00fcnstler und Aufnahmeteams. Er ist von der Bedeutung vergleichbar mit dem Oscar in der Filmindustrie. Die zugeh\u00f6rige Troph\u00e4e ist eine Grammophonskulptur in goldgl\u00e4nzendem Design.<\/p>\n\n\n\n<p>F\u00fcr eine Auszeichnung in Frage kommen jeweils Ver\u00f6ffentlichungen vom Oktober des vorletzten Jahres bis einschlie\u00dflich September des Vorjahres. Wurde also ein Album beispielsweise im Oktober 2002 ver\u00f6ffentlicht, konnte es nicht den Grammy im Jahre 2003, sondern erst 2004 erhalten. In jeder Kategorie werden von einer Jury jeweils f\u00fcnf Kandidaten nominiert, bei Stimmengleichheit k\u00f6nnen sich auch mehr oder weniger Kandidaten ergeben. Im Januar werden die Nominierungslisten ver\u00f6ffentlicht. Die endg\u00fcltigen Preistr\u00e4ger werden erst bei der offiziellen Verleihungszeremonie Anfang Februar bekanntgegeben.<\/p>\n\n\n\n<p>Kultur Online TV<\/p>\n\n\n\n<p>#musik #news #preise<\/p>\n","protected":false},"excerpt":{"rendered":"<p>Die Nominierungen f\u00fcr die 65. Grammy Awards stehen fest. Die Recording Academy gab am Dienstag 15. November die Liste der Musiker und Musikerinnen bekannt, die am 5. Februar 2023 in Los Angeles auf eine begehrte Troph\u00e4e hoffen k\u00f6nnen. Angef\u00fchrt wird das Feld von US-S\u00e4ngerin Beyonc\u00e9 , deren Album &#8222;Renaissance&#8220; ihr neun Nominierungen einbrachte. Die Grammy [&hellip;]<\/p>\n","protected":false},"author":2,"featured_media":40820,"comment_status":"closed","ping_status":"closed","sticky":false,"template":"","format":"standard","meta":{"_acf_changed":false,"footnotes":""},"categories":[19],"tags":[],"class_list":["post-40817","post","type-post","status-publish","format-standard","has-post-thumbnail","hentry","category-musik"],"acf":[],"yoast_head":"<!-- This site is optimized with the Yoast SEO plugin v26.1.1 - https:\/\/yoast.com\/wordpress\/plugins\/seo\/ -->\n<title>Grammys 2023: Beyonc\u00e9 und Kendrick Lamar f\u00fchren Liste der Nominierten an - Kultur Online TV &amp; FM<\/title>\n<meta name=\"description\" content=\"Die Nominierungen f\u00fcr die 65. Grammy Awards stehen fest. Die Recording Academy gab am Dienstag 15. November die Liste der Musiker und Musikerinnen bekannt, die am 5. Februar 2023 in Los Angeles auf eine begehrte Troph\u00e4e hoffen k\u00f6nnen. Angef\u00fchrt wird das Feld von US-S\u00e4ngerin Beyonc\u00e9 , deren Album &quot;Renaissance&quot; ihr neun Nominierungen einbrachte.\" \/>\n<meta name=\"robots\" content=\"index, follow, max-snippet:-1, max-image-preview:large, max-video-preview:-1\" \/>\n<link rel=\"canonical\" href=\"https:\/\/kulturonline.tv\/de\/grammys-2023-beyonce-und-kendrick-lamar-fuehren-liste-der-nominierten-an\/\" \/>\n<meta property=\"og:locale\" content=\"de_DE\" \/>\n<meta property=\"og:type\" content=\"article\" \/>\n<meta property=\"og:title\" content=\"Grammys 2023: Beyonc\u00e9 und Kendrick Lamar f\u00fchren Liste der Nominierten an - Kultur Online TV &amp; FM\" \/>\n<meta property=\"og:description\" content=\"Die Nominierungen f\u00fcr die 65. Grammy Awards stehen fest. Die Recording Academy gab am Dienstag 15. November die Liste der Musiker und Musikerinnen bekannt, die am 5. Februar 2023 in Los Angeles auf eine begehrte Troph\u00e4e hoffen k\u00f6nnen. Angef\u00fchrt wird das Feld von US-S\u00e4ngerin Beyonc\u00e9 , deren Album &quot;Renaissance&quot; ihr neun Nominierungen einbrachte.\" \/>\n<meta property=\"og:url\" content=\"https:\/\/kulturonline.tv\/de\/grammys-2023-beyonce-und-kendrick-lamar-fuehren-liste-der-nominierten-an\/\" \/>\n<meta property=\"og:site_name\" content=\"Kultur Online TV &amp; FM\" \/>\n<meta property=\"article:publisher\" content=\"https:\/\/www.facebook.com\/kulturonline.tv\" \/>\n<meta property=\"article:published_time\" content=\"2022-11-16T11:08:07+00:00\" \/>\n<meta property=\"article:modified_time\" content=\"2022-11-16T11:08:23+00:00\" \/>\n<meta property=\"og:image\" content=\"https:\/\/kulturonline.tv\/wp-content\/uploads\/2022\/11\/kultur-onlie-tv-edited.jpg\" \/>\n\t<meta property=\"og:image:width\" content=\"800\" \/>\n\t<meta property=\"og:image:height\" content=\"450\" \/>\n\t<meta property=\"og:image:type\" content=\"image\/jpeg\" \/>\n<meta name=\"author\" content=\"guenter.wolfgang\" \/>\n<meta name=\"twitter:card\" content=\"summary_large_image\" \/>\n<meta name=\"twitter:label1\" content=\"Verfasst von\" \/>\n\t<meta name=\"twitter:data1\" content=\"guenter.wolfgang\" \/>\n\t<meta name=\"twitter:label2\" content=\"Gesch\u00e4tzte Lesezeit\" \/>\n\t<meta name=\"twitter:data2\" content=\"1\u00a0Minute\" \/>\n<script type=\"application\/ld+json\" class=\"yoast-schema-graph\">{\"@context\":\"https:\/\/schema.org\",\"@graph\":[{\"@type\":\"Article\",\"@id\":\"https:\/\/kulturonline.tv\/de\/grammys-2023-beyonce-und-kendrick-lamar-fuehren-liste-der-nominierten-an\/#article\",\"isPartOf\":{\"@id\":\"https:\/\/kulturonline.tv\/de\/grammys-2023-beyonce-und-kendrick-lamar-fuehren-liste-der-nominierten-an\/\"},\"author\":{\"name\":\"guenter.wolfgang\",\"@id\":\"https:\/\/kulturonline.tv\/de\/#\/schema\/person\/b0fac729bb9a0c193fb1df23449df4fe\"},\"headline\":\"Grammys 2023: Beyonc\u00e9 und Kendrick Lamar f\u00fchren Liste der Nominierten an\",\"datePublished\":\"2022-11-16T11:08:07+00:00\",\"dateModified\":\"2022-11-16T11:08:23+00:00\",\"mainEntityOfPage\":{\"@id\":\"https:\/\/kulturonline.tv\/de\/grammys-2023-beyonce-und-kendrick-lamar-fuehren-liste-der-nominierten-an\/\"},\"wordCount\":246,\"publisher\":{\"@id\":\"https:\/\/kulturonline.tv\/de\/#organization\"},\"image\":{\"@id\":\"https:\/\/kulturonline.tv\/de\/grammys-2023-beyonce-und-kendrick-lamar-fuehren-liste-der-nominierten-an\/#primaryimage\"},\"thumbnailUrl\":\"https:\/\/kulturonline.tv\/wp-content\/uploads\/2022\/11\/kultur-onlie-tv-edited.jpg\",\"articleSection\":[\"Musik\"],\"inLanguage\":\"de\"},{\"@type\":\"WebPage\",\"@id\":\"https:\/\/kulturonline.tv\/de\/grammys-2023-beyonce-und-kendrick-lamar-fuehren-liste-der-nominierten-an\/\",\"url\":\"https:\/\/kulturonline.tv\/de\/grammys-2023-beyonce-und-kendrick-lamar-fuehren-liste-der-nominierten-an\/\",\"name\":\"Grammys 2023: Beyonc\u00e9 und Kendrick Lamar f\u00fchren Liste der Nominierten an - Kultur Online TV &amp; FM\",\"isPartOf\":{\"@id\":\"https:\/\/kulturonline.tv\/de\/#website\"},\"primaryImageOfPage\":{\"@id\":\"https:\/\/kulturonline.tv\/de\/grammys-2023-beyonce-und-kendrick-lamar-fuehren-liste-der-nominierten-an\/#primaryimage\"},\"image\":{\"@id\":\"https:\/\/kulturonline.tv\/de\/grammys-2023-beyonce-und-kendrick-lamar-fuehren-liste-der-nominierten-an\/#primaryimage\"},\"thumbnailUrl\":\"https:\/\/kulturonline.tv\/wp-content\/uploads\/2022\/11\/kultur-onlie-tv-edited.jpg\",\"datePublished\":\"2022-11-16T11:08:07+00:00\",\"dateModified\":\"2022-11-16T11:08:23+00:00\",\"description\":\"Die Nominierungen f\u00fcr die 65. Grammy Awards stehen fest. Die Recording Academy gab am Dienstag 15. November die Liste der Musiker und Musikerinnen bekannt, die am 5. Februar 2023 in Los Angeles auf eine begehrte Troph\u00e4e hoffen k\u00f6nnen. Angef\u00fchrt wird das Feld von US-S\u00e4ngerin Beyonc\u00e9 , deren Album \\\"Renaissance\\\" ihr neun Nominierungen einbrachte.\",\"breadcrumb\":{\"@id\":\"https:\/\/kulturonline.tv\/de\/grammys-2023-beyonce-und-kendrick-lamar-fuehren-liste-der-nominierten-an\/#breadcrumb\"},\"inLanguage\":\"de\",\"potentialAction\":[{\"@type\":\"ReadAction\",\"target\":[\"https:\/\/kulturonline.tv\/de\/grammys-2023-beyonce-und-kendrick-lamar-fuehren-liste-der-nominierten-an\/\"]}]},{\"@type\":\"ImageObject\",\"inLanguage\":\"de\",\"@id\":\"https:\/\/kulturonline.tv\/de\/grammys-2023-beyonce-und-kendrick-lamar-fuehren-liste-der-nominierten-an\/#primaryimage\",\"url\":\"https:\/\/kulturonline.tv\/wp-content\/uploads\/2022\/11\/kultur-onlie-tv-edited.jpg\",\"contentUrl\":\"https:\/\/kulturonline.tv\/wp-content\/uploads\/2022\/11\/kultur-onlie-tv-edited.jpg\",\"width\":800,\"height\":450},{\"@type\":\"BreadcrumbList\",\"@id\":\"https:\/\/kulturonline.tv\/de\/grammys-2023-beyonce-und-kendrick-lamar-fuehren-liste-der-nominierten-an\/#breadcrumb\",\"itemListElement\":[{\"@type\":\"ListItem\",\"position\":1,\"name\":\"Startseite\",\"item\":\"https:\/\/kulturonline.tv\/de\/\"},{\"@type\":\"ListItem\",\"position\":2,\"name\":\"Grammys 2023: Beyonc\u00e9 und Kendrick Lamar f\u00fchren Liste der Nominierten an\"}]},{\"@type\":\"WebSite\",\"@id\":\"https:\/\/kulturonline.tv\/de\/#website\",\"url\":\"https:\/\/kulturonline.tv\/de\/\",\"name\":\"Kultur Online TV &amp; FM\",\"description\":\"Wir sind Kultur 2.0 zum sehen &amp; h\u00f6ren\",\"publisher\":{\"@id\":\"https:\/\/kulturonline.tv\/de\/#organization\"},\"potentialAction\":[{\"@type\":\"SearchAction\",\"target\":{\"@type\":\"EntryPoint\",\"urlTemplate\":\"https:\/\/kulturonline.tv\/de\/?s={search_term_string}\"},\"query-input\":{\"@type\":\"PropertyValueSpecification\",\"valueRequired\":true,\"valueName\":\"search_term_string\"}}],\"inLanguage\":\"de\"},{\"@type\":\"Organization\",\"@id\":\"https:\/\/kulturonline.tv\/de\/#organization\",\"name\":\"Kultur Online TV\",\"url\":\"https:\/\/kulturonline.tv\/de\/\",\"logo\":{\"@type\":\"ImageObject\",\"inLanguage\":\"de\",\"@id\":\"https:\/\/kulturonline.tv\/de\/#\/schema\/logo\/image\/\",\"url\":\"https:\/\/kulturonline.tv\/wp-content\/uploads\/2021\/08\/Kultur-Online-Tv-Logo-Endversion-neu.png\",\"contentUrl\":\"https:\/\/kulturonline.tv\/wp-content\/uploads\/2021\/08\/Kultur-Online-Tv-Logo-Endversion-neu.png\",\"width\":200,\"height\":200,\"caption\":\"Kultur Online TV\"},\"image\":{\"@id\":\"https:\/\/kulturonline.tv\/de\/#\/schema\/logo\/image\/\"},\"sameAs\":[\"https:\/\/www.facebook.com\/kulturonline.tv\",\"https:\/\/www.instagram.com\/kulturonline.tv\"]},{\"@type\":\"Person\",\"@id\":\"https:\/\/kulturonline.tv\/de\/#\/schema\/person\/b0fac729bb9a0c193fb1df23449df4fe\",\"name\":\"guenter.wolfgang\"}]}<\/script>\n<!-- \/ Yoast SEO plugin. -->","yoast_head_json":{"title":"Grammys 2023: Beyonc\u00e9 und Kendrick Lamar f\u00fchren Liste der Nominierten an - Kultur Online TV &amp; FM","description":"Die Nominierungen f\u00fcr die 65. Grammy Awards stehen fest. Die Recording Academy gab am Dienstag 15. November die Liste der Musiker und Musikerinnen bekannt, die am 5. Februar 2023 in Los Angeles auf eine begehrte Troph\u00e4e hoffen k\u00f6nnen. Angef\u00fchrt wird das Feld von US-S\u00e4ngerin Beyonc\u00e9 , deren Album \"Renaissance\" ihr neun Nominierungen einbrachte.","robots":{"index":"index","follow":"follow","max-snippet":"max-snippet:-1","max-image-preview":"max-image-preview:large","max-video-preview":"max-video-preview:-1"},"canonical":"https:\/\/kulturonline.tv\/de\/grammys-2023-beyonce-und-kendrick-lamar-fuehren-liste-der-nominierten-an\/","og_locale":"de_DE","og_type":"article","og_title":"Grammys 2023: Beyonc\u00e9 und Kendrick Lamar f\u00fchren Liste der Nominierten an - Kultur Online TV &amp; FM","og_description":"Die Nominierungen f\u00fcr die 65. Grammy Awards stehen fest. Die Recording Academy gab am Dienstag 15. November die Liste der Musiker und Musikerinnen bekannt, die am 5. Februar 2023 in Los Angeles auf eine begehrte Troph\u00e4e hoffen k\u00f6nnen. Angef\u00fchrt wird das Feld von US-S\u00e4ngerin Beyonc\u00e9 , deren Album \"Renaissance\" ihr neun Nominierungen einbrachte.","og_url":"https:\/\/kulturonline.tv\/de\/grammys-2023-beyonce-und-kendrick-lamar-fuehren-liste-der-nominierten-an\/","og_site_name":"Kultur Online TV &amp; FM","article_publisher":"https:\/\/www.facebook.com\/kulturonline.tv","article_published_time":"2022-11-16T11:08:07+00:00","article_modified_time":"2022-11-16T11:08:23+00:00","og_image":[{"width":800,"height":450,"url":"https:\/\/kulturonline.tv\/wp-content\/uploads\/2022\/11\/kultur-onlie-tv-edited.jpg","type":"image\/jpeg"}],"author":"guenter.wolfgang","twitter_card":"summary_large_image","twitter_misc":{"Verfasst von":"guenter.wolfgang","Gesch\u00e4tzte Lesezeit":"1\u00a0Minute"},"schema":{"@context":"https:\/\/schema.org","@graph":[{"@type":"Article","@id":"https:\/\/kulturonline.tv\/de\/grammys-2023-beyonce-und-kendrick-lamar-fuehren-liste-der-nominierten-an\/#article","isPartOf":{"@id":"https:\/\/kulturonline.tv\/de\/grammys-2023-beyonce-und-kendrick-lamar-fuehren-liste-der-nominierten-an\/"},"author":{"name":"guenter.wolfgang","@id":"https:\/\/kulturonline.tv\/de\/#\/schema\/person\/b0fac729bb9a0c193fb1df23449df4fe"},"headline":"Grammys 2023: Beyonc\u00e9 und Kendrick Lamar f\u00fchren Liste der Nominierten an","datePublished":"2022-11-16T11:08:07+00:00","dateModified":"2022-11-16T11:08:23+00:00","mainEntityOfPage":{"@id":"https:\/\/kulturonline.tv\/de\/grammys-2023-beyonce-und-kendrick-lamar-fuehren-liste-der-nominierten-an\/"},"wordCount":246,"publisher":{"@id":"https:\/\/kulturonline.tv\/de\/#organization"},"image":{"@id":"https:\/\/kulturonline.tv\/de\/grammys-2023-beyonce-und-kendrick-lamar-fuehren-liste-der-nominierten-an\/#primaryimage"},"thumbnailUrl":"https:\/\/kulturonline.tv\/wp-content\/uploads\/2022\/11\/kultur-onlie-tv-edited.jpg","articleSection":["Musik"],"inLanguage":"de"},{"@type":"WebPage","@id":"https:\/\/kulturonline.tv\/de\/grammys-2023-beyonce-und-kendrick-lamar-fuehren-liste-der-nominierten-an\/","url":"https:\/\/kulturonline.tv\/de\/grammys-2023-beyonce-und-kendrick-lamar-fuehren-liste-der-nominierten-an\/","name":"Grammys 2023: Beyonc\u00e9 und Kendrick Lamar f\u00fchren Liste der Nominierten an - Kultur Online TV &amp; FM","isPartOf":{"@id":"https:\/\/kulturonline.tv\/de\/#website"},"primaryImageOfPage":{"@id":"https:\/\/kulturonline.tv\/de\/grammys-2023-beyonce-und-kendrick-lamar-fuehren-liste-der-nominierten-an\/#primaryimage"},"image":{"@id":"https:\/\/kulturonline.tv\/de\/grammys-2023-beyonce-und-kendrick-lamar-fuehren-liste-der-nominierten-an\/#primaryimage"},"thumbnailUrl":"https:\/\/kulturonline.tv\/wp-content\/uploads\/2022\/11\/kultur-onlie-tv-edited.jpg","datePublished":"2022-11-16T11:08:07+00:00","dateModified":"2022-11-16T11:08:23+00:00","description":"Die Nominierungen f\u00fcr die 65. Grammy Awards stehen fest. Die Recording Academy gab am Dienstag 15. November die Liste der Musiker und Musikerinnen bekannt, die am 5. Februar 2023 in Los Angeles auf eine begehrte Troph\u00e4e hoffen k\u00f6nnen. Angef\u00fchrt wird das Feld von US-S\u00e4ngerin Beyonc\u00e9 , deren Album \"Renaissance\" ihr neun Nominierungen einbrachte.","breadcrumb":{"@id":"https:\/\/kulturonline.tv\/de\/grammys-2023-beyonce-und-kendrick-lamar-fuehren-liste-der-nominierten-an\/#breadcrumb"},"inLanguage":"de","potentialAction":[{"@type":"ReadAction","target":["https:\/\/kulturonline.tv\/de\/grammys-2023-beyonce-und-kendrick-lamar-fuehren-liste-der-nominierten-an\/"]}]},{"@type":"ImageObject","inLanguage":"de","@id":"https:\/\/kulturonline.tv\/de\/grammys-2023-beyonce-und-kendrick-lamar-fuehren-liste-der-nominierten-an\/#primaryimage","url":"https:\/\/kulturonline.tv\/wp-content\/uploads\/2022\/11\/kultur-onlie-tv-edited.jpg","contentUrl":"https:\/\/kulturonline.tv\/wp-content\/uploads\/2022\/11\/kultur-onlie-tv-edited.jpg","width":800,"height":450},{"@type":"BreadcrumbList","@id":"https:\/\/kulturonline.tv\/de\/grammys-2023-beyonce-und-kendrick-lamar-fuehren-liste-der-nominierten-an\/#breadcrumb","itemListElement":[{"@type":"ListItem","position":1,"name":"Startseite","item":"https:\/\/kulturonline.tv\/de\/"},{"@type":"ListItem","position":2,"name":"Grammys 2023: Beyonc\u00e9 und Kendrick Lamar f\u00fchren Liste der Nominierten an"}]},{"@type":"WebSite","@id":"https:\/\/kulturonline.tv\/de\/#website","url":"https:\/\/kulturonline.tv\/de\/","name":"Kultur Online TV &amp; FM","description":"Wir sind Kultur 2.0 zum sehen &amp; h\u00f6ren","publisher":{"@id":"https:\/\/kulturonline.tv\/de\/#organization"},"potentialAction":[{"@type":"SearchAction","target":{"@type":"EntryPoint","urlTemplate":"https:\/\/kulturonline.tv\/de\/?s={search_term_string}"},"query-input":{"@type":"PropertyValueSpecification","valueRequired":true,"valueName":"search_term_string"}}],"inLanguage":"de"},{"@type":"Organization","@id":"https:\/\/kulturonline.tv\/de\/#organization","name":"Kultur Online TV","url":"https:\/\/kulturonline.tv\/de\/","logo":{"@type":"ImageObject","inLanguage":"de","@id":"https:\/\/kulturonline.tv\/de\/#\/schema\/logo\/image\/","url":"https:\/\/kulturonline.tv\/wp-content\/uploads\/2021\/08\/Kultur-Online-Tv-Logo-Endversion-neu.png","contentUrl":"https:\/\/kulturonline.tv\/wp-content\/uploads\/2021\/08\/Kultur-Online-Tv-Logo-Endversion-neu.png","width":200,"height":200,"caption":"Kultur Online TV"},"image":{"@id":"https:\/\/kulturonline.tv\/de\/#\/schema\/logo\/image\/"},"sameAs":["https:\/\/www.facebook.com\/kulturonline.tv","https:\/\/www.instagram.com\/kulturonline.tv"]},{"@type":"Person","@id":"https:\/\/kulturonline.tv\/de\/#\/schema\/person\/b0fac729bb9a0c193fb1df23449df4fe","name":"guenter.wolfgang"}]}},"_links":{"self":[{"href":"https:\/\/kulturonline.tv\/de\/wp-json\/wp\/v2\/posts\/40817","targetHints":{"allow":["GET"]}}],"collection":[{"href":"https:\/\/kulturonline.tv\/de\/wp-json\/wp\/v2\/posts"}],"about":[{"href":"https:\/\/kulturonline.tv\/de\/wp-json\/wp\/v2\/types\/post"}],"author":[{"embeddable":true,"href":"https:\/\/kulturonline.tv\/de\/wp-json\/wp\/v2\/users\/2"}],"replies":[{"embeddable":true,"href":"https:\/\/kulturonline.tv\/de\/wp-json\/wp\/v2\/comments?post=40817"}],"version-history":[{"count":0,"href":"https:\/\/kulturonline.tv\/de\/wp-json\/wp\/v2\/posts\/40817\/revisions"}],"wp:featuredmedia":[{"embeddable":true,"href":"https:\/\/kulturonline.tv\/de\/wp-json\/wp\/v2\/media\/40820"}],"wp:attachment":[{"href":"https:\/\/kulturonline.tv\/de\/wp-json\/wp\/v2\/media?parent=40817"}],"wp:term":[{"taxonomy":"category","embeddable":true,"href":"https:\/\/kulturonline.tv\/de\/wp-json\/wp\/v2\/categories?post=40817"},{"taxonomy":"post_tag","embeddable":true,"href":"https:\/\/kulturonline.tv\/de\/wp-json\/wp\/v2\/tags?post=40817"}],"curies":[{"name":"wp","href":"https:\/\/api.w.org\/{rel}","templated":true}]}}