{"id":40955,"date":"2022-11-20T13:56:04","date_gmt":"2022-11-20T12:56:04","guid":{"rendered":"https:\/\/kulturonline.tv\/?p=40955"},"modified":"2023-01-11T20:13:18","modified_gmt":"2023-01-11T19:13:18","slug":"josef-binder-award-2022","status":"publish","type":"post","link":"https:\/\/kulturonline.tv\/de\/josef-binder-award-2022\/","title":{"rendered":"Josef Binder Award 2022"},"content":{"rendered":"\n<p>Internationaler Preis f\u00fcr Grafikdesign und Illustration 38 Mal an \u00d6sterreich verliehen<\/p>\n\n\n\n<figure class=\"wp-block-image size-full\"><img fetchpriority=\"high\" decoding=\"async\" width=\"982\" height=\"552\" src=\"https:\/\/kulturonline.tv\/wp-content\/uploads\/2022\/11\/Kultur-Online-TV-FM-2-edited.png\" alt=\"\" class=\"wp-image-40960\" srcset=\"https:\/\/kulturonline.tv\/wp-content\/uploads\/2022\/11\/Kultur-Online-TV-FM-2-edited.png 982w, https:\/\/kulturonline.tv\/wp-content\/uploads\/2022\/11\/Kultur-Online-TV-FM-2-edited-600x337.png 600w, https:\/\/kulturonline.tv\/wp-content\/uploads\/2022\/11\/Kultur-Online-TV-FM-2-edited-800x450.png 800w, https:\/\/kulturonline.tv\/wp-content\/uploads\/2022\/11\/Kultur-Online-TV-FM-2-edited-768x432.png 768w\" sizes=\"(max-width: 982px) 100vw, 982px\" \/><\/figure>\n\n\n\n<p>Aus einer Rekordzahl von 908 Einreichungen aus 32 L\u00e4ndern vergab die internationale Expert\u00b7innenjury 12 Mal Gold, 14 Mal Silber und 10 Mal Bronze. 24 Arbeiten erhielten eine Auszeichnung, dar\u00fcber hinaus kam in der auftragsunabh\u00e4ngigen Kategorie \u00bbDesign Fiction\u00ab ein Preisgeld von 10.000 Euro zur Vergabe, das sich auf 5 Beitr\u00e4ge aufteilt. Zus\u00e4tzlich wurde zum zweiten Mal der Henry Steiner Prize f\u00fcr ein besonders vielversprechendes Nachwuchsprojekt verliehen. Die Preisverleihung wurde live \u00fcbertragen, der Stream steht auch weiterhin auf dem YouTube-Kanal von designaustria zur Verf\u00fcgung. Unter dem Motto \u00bbLet&#8217;s celebrate the creative process!\u00ab sind die ausgezeichneten Projekte bis 23. Dezember 2022 im designforum Wien, MuseumsQuartier Wien, ausgestellt und werden in einem umfassenden Katalog pr\u00e4sentiert.<\/p>\n\n\n\n<p>Gold wurde verliehen an Gabriela Baka und \u0141ukasz Podolak (Polen) f\u00fcr \u00bbPlanet Lem\u00ab (Kategorie Corporate Design), an Heimat Wien (\u00d6sterreich) f\u00fcr \u00bbVinziRast gets you back on your feet!\u00ab (Kategorie Kommunikationsdesign), an Superdot Studio (Schweiz) f\u00fcr \u00bbVisualizing Complexity \u2013 Modular Information Design Handbook\u00ab (Kategorie Informationsdesign), an Schriftlabor GmbH (\u00d6sterreich) f\u00fcr \u00bbMargit\u00ab (Kategorie Schriftgestaltung), an Claudia Schramke (Deutschland) f\u00fcr \u00bb72. Berlinale\u00ab (Kategorie Plakatgestaltung), an hesign International GmbH (Deutschland) f\u00fcr \u00bbDaydream\u00ab (Kategorie Editionsdesign), an dform B\u00fcro f\u00fcr Design (\u00d6sterreich) f\u00fcr \u00bbStadtmacherei N\u00fcrnberg\u00ab (Kategorie Screen Design), an das Studio Gralingen (Deutschland) f\u00fcr \u00bbKlimawandel\u00ab (Kategorie Buchillustration), an Grafprom Studio (Ukraine) f\u00fcr \u00bbKyiv\u00ab (Kategorie Buchillustration), an Anna Sarvira (Ukraine) f\u00fcr \u00bbThe Plan\u00ab (Kategorie Medienillustration), an illustration tw (Deutschland) f\u00fcr \u00bbDanger within Danger\u00ab (Kategorie Werbeillustration) und an Hsiaoting Tang und Goyen Chen (Taiwan) f\u00fcr \u00bb365 days Taiwanese Foods Calendar\u00ab (Kategorie Illustration in anderen Anwendungen).<\/p>\n\n\n\n<p>Insgesamt 38 Siegerprojekte aus \u00d6sterreich<br>Gold verliehen wurde an Heimat Wien f\u00fcr \u00bbVinziRast gets you back on your feet!\u00ab (Kategorie Kommunikationsdesign), Schriftlabor GmbH f\u00fcr \u00bbMargit\u00ab (Kategorie Schriftgestaltung) und dform B\u00fcro f\u00fcr Design f\u00fcr \u00bbStadtmacherei N\u00fcrnberg\u00ab (Kategorie Screen Design).<br>Silber-Troph\u00e4en erhielten Super B\u00fcro f\u00fcr Gestaltung f\u00fcr \u00bbMusikschule Bregenzerwald\u00ab (Kategorie Corporate Design), Raffael Strasser f\u00fcr \u00bbNutztier \u2013 Fakten, Zusammenh\u00e4nge und Hintergr\u00fcnde der Fleischproduktion\u00ab (Kategorie Informationsdesign), LWZ &amp; Manuel Radde f\u00fcr \u00bbBoden f\u00fcr alle\u00ab (Kategorie Informationsdesign), Atelier Andrea Gassner f\u00fcr \u00bbKarl-Heinz Str\u00f6hle \u2013 Kunst am Bau\u00ab (Kategorie Editionsdesign), Lukas Diemling f\u00fcr \u00bbWild Bunch\u00ab (Kategorie Verpackungsgestaltung), ICARUS f\u00fcr \u00bbS\/O YELLOW \u2013 A Coffee Journey\u00ab (Kategorie Verpackungsgestaltung), Huangart &amp; KARAK f\u00fcr \u00bbKARAK\u00ab (Kategorie Screen Design), die IllustrationLadies Vienna f\u00fcr \u00bbCreativeMornings Magazine\u00ab (Kategorie Medienillustration) und brand unit \u2013 branding, design and content f\u00fcr \u00bbWalter Scheel Medaille\u00ab (Kategorie Illustration in anderen Anwendungen).<br>Bronze ging an Zunder f\u00fcr das \u00bbSleeep Hotel\u00ab (Kategorie Corporate Design), an 3007 f\u00fcr \u00bbG-Print \u2013 Great ideas start with great paper\u00ab (Kategorie Kommunikationsdesign), Rosebud Design GmbH f\u00fcr \u00bbMQtopia\u00ab (Kategorie Schriftgestaltung), moodley design group gmbh f\u00fcr \u00bbTIESCHEN \u2013 Wer uns findet, findet uns gut\u00ab (Kategorie Verpackungsgestaltung), Schorsch Feierfeil f\u00fcr \u00bbSibiriens vergessene Klaviere\u00ab (Kategorie Medienillustration) und rosenberg gp \/ corporate media advisors GmbH f\u00fcr \u00bb#visible\u00ab (Kategorie Werbeillustration).<\/p>\n\n\n\n<p>Ricardo Gantschnigg erhielt f\u00fcr \u00bbVienna Typeface\u00ab, EN GARDE &amp; OrtnerSchinko f\u00fcr \u00bbA year to remember\u00ab und Lilli Schmelz und Deborah Schultheis f\u00fcr \u00bbSumme + X \u2013 Wie Einfachheit aus Komplexit\u00e4t entsteht\u00ab einen Sonderpreis in der Kategorie Design Fiction.<\/p>\n\n\n\n<p>Zum zweiten Mal vergeben: Henry Steiner Prize<br>Zum zweiten Mal wurde der dem designaustria-Ehrenmitglied Henry Steiner gewidmete Henry Steiner Prize f\u00fcr das besonders vielversprechende Nachwuchsprojekt \u00bbWas tun? Das Spiel um Alltag, Moral und Ethik\u00ab von Elena W\u00fcllner aus Deutschland verliehen.<\/p>\n\n\n\n<p>Alle Gewinnerarbeiten sind bis 23.12.2022 im designforum Wien ausgestellt:<br>\u00bbLet&#8217;s celebrate the creative process!\u00ab<br>Ausstellung zum Joseph Binder Award 2022<br>designforum Wien im MuseumsQuartier<br>Museumsplatz 1, Hof 7, 1070 Wien<br>\u00d6ffnungszeiten: Mo bis Fr 10 \u2013 18 Uhr, Sa, So und Feiertage 14 \u2013 18 Uhr<br>Eintritt: 4 Euro \/ erm\u00e4\u00dfigt 2 Euro<br>kostenlos f\u00fcr designaustria-Mitglieder<\/p>\n\n\n\n<p>Kultur Online TV<\/p>\n\n\n\n<p>#preise #kunst #kultur<\/p>\n\n\n\n<p><\/p>\n\n\n\n<figure class=\"wp-block-image\"><img decoding=\"async\" src=\"https:\/\/t.adcell.com\/p\/image?promoId=311807&amp;slotId=98564\" alt=\"Verwoehnwochenende\"\/><\/figure>\n\n\n\n<p><a href=\"https:\/\/t.adcell.com\/p\/click?promoId=311807&amp;slotId=98564\" target=\"_blank\" rel=\"noreferrer noopener\"><\/a><\/p>\n","protected":false},"excerpt":{"rendered":"<p>Internationaler Preis f\u00fcr Grafikdesign und Illustration 38 Mal an \u00d6sterreich verliehen Aus einer Rekordzahl von 908 Einreichungen aus 32 L\u00e4ndern vergab die internationale Expert\u00b7innenjury 12 Mal Gold, 14 Mal Silber und 10 Mal Bronze. 24 Arbeiten erhielten eine Auszeichnung, dar\u00fcber hinaus kam in der auftragsunabh\u00e4ngigen Kategorie \u00bbDesign Fiction\u00ab ein Preisgeld von 10.000 Euro zur Vergabe, [&hellip;]<\/p>\n","protected":false},"author":2,"featured_media":40960,"comment_status":"closed","ping_status":"closed","sticky":false,"template":"","format":"standard","meta":{"_acf_changed":false,"footnotes":""},"categories":[281],"tags":[],"class_list":["post-40955","post","type-post","status-publish","format-standard","has-post-thumbnail","hentry","category-mixed"],"acf":[],"yoast_head":"<!-- This site is optimized with the Yoast SEO plugin v26.1.1 - https:\/\/yoast.com\/wordpress\/plugins\/seo\/ -->\n<title>Josef Binder Award 2022 - Kultur Online TV &amp; FM<\/title>\n<meta name=\"description\" content=\"Aus einer Rekordzahl von 908 Einreichungen aus 32 L\u00e4ndern vergab die internationale Expert\u00b7innenjury 12 Mal Gold, 14 Mal Silber und 10 Mal Bronze.\" \/>\n<meta name=\"robots\" content=\"index, follow, max-snippet:-1, max-image-preview:large, max-video-preview:-1\" \/>\n<link rel=\"canonical\" href=\"https:\/\/kulturonline.tv\/de\/josef-binder-award-2022\/\" \/>\n<meta property=\"og:locale\" content=\"de_DE\" \/>\n<meta property=\"og:type\" content=\"article\" \/>\n<meta property=\"og:title\" content=\"Josef Binder Award 2022 - Kultur Online TV &amp; FM\" \/>\n<meta property=\"og:description\" content=\"Aus einer Rekordzahl von 908 Einreichungen aus 32 L\u00e4ndern vergab die internationale Expert\u00b7innenjury 12 Mal Gold, 14 Mal Silber und 10 Mal Bronze.\" \/>\n<meta property=\"og:url\" content=\"https:\/\/kulturonline.tv\/de\/josef-binder-award-2022\/\" \/>\n<meta property=\"og:site_name\" content=\"Kultur Online TV &amp; FM\" \/>\n<meta property=\"article:publisher\" content=\"https:\/\/www.facebook.com\/kulturonline.tv\" \/>\n<meta property=\"article:published_time\" content=\"2022-11-20T12:56:04+00:00\" \/>\n<meta property=\"article:modified_time\" content=\"2023-01-11T19:13:18+00:00\" \/>\n<meta property=\"og:image\" content=\"https:\/\/kulturonline.tv\/wp-content\/uploads\/2022\/11\/Kultur-Online-TV-FM-2-edited.png\" \/>\n\t<meta property=\"og:image:width\" content=\"982\" \/>\n\t<meta property=\"og:image:height\" content=\"552\" \/>\n\t<meta property=\"og:image:type\" content=\"image\/png\" \/>\n<meta name=\"author\" content=\"guenter.wolfgang\" \/>\n<meta name=\"twitter:card\" content=\"summary_large_image\" \/>\n<meta name=\"twitter:label1\" content=\"Verfasst von\" \/>\n\t<meta name=\"twitter:data1\" content=\"guenter.wolfgang\" \/>\n\t<meta name=\"twitter:label2\" content=\"Gesch\u00e4tzte Lesezeit\" \/>\n\t<meta name=\"twitter:data2\" content=\"3\u00a0Minuten\" \/>\n<script type=\"application\/ld+json\" class=\"yoast-schema-graph\">{\"@context\":\"https:\/\/schema.org\",\"@graph\":[{\"@type\":\"Article\",\"@id\":\"https:\/\/kulturonline.tv\/de\/josef-binder-award-2022\/#article\",\"isPartOf\":{\"@id\":\"https:\/\/kulturonline.tv\/de\/josef-binder-award-2022\/\"},\"author\":{\"name\":\"guenter.wolfgang\",\"@id\":\"https:\/\/kulturonline.tv\/de\/#\/schema\/person\/b0fac729bb9a0c193fb1df23449df4fe\"},\"headline\":\"Josef Binder Award 2022\",\"datePublished\":\"2022-11-20T12:56:04+00:00\",\"dateModified\":\"2023-01-11T19:13:18+00:00\",\"mainEntityOfPage\":{\"@id\":\"https:\/\/kulturonline.tv\/de\/josef-binder-award-2022\/\"},\"wordCount\":623,\"publisher\":{\"@id\":\"https:\/\/kulturonline.tv\/de\/#organization\"},\"image\":{\"@id\":\"https:\/\/kulturonline.tv\/de\/josef-binder-award-2022\/#primaryimage\"},\"thumbnailUrl\":\"https:\/\/kulturonline.tv\/wp-content\/uploads\/2022\/11\/Kultur-Online-TV-FM-2-edited.png\",\"articleSection\":[\"Mixed\"],\"inLanguage\":\"de\"},{\"@type\":\"WebPage\",\"@id\":\"https:\/\/kulturonline.tv\/de\/josef-binder-award-2022\/\",\"url\":\"https:\/\/kulturonline.tv\/de\/josef-binder-award-2022\/\",\"name\":\"Josef Binder Award 2022 - Kultur Online TV &amp; FM\",\"isPartOf\":{\"@id\":\"https:\/\/kulturonline.tv\/de\/#website\"},\"primaryImageOfPage\":{\"@id\":\"https:\/\/kulturonline.tv\/de\/josef-binder-award-2022\/#primaryimage\"},\"image\":{\"@id\":\"https:\/\/kulturonline.tv\/de\/josef-binder-award-2022\/#primaryimage\"},\"thumbnailUrl\":\"https:\/\/kulturonline.tv\/wp-content\/uploads\/2022\/11\/Kultur-Online-TV-FM-2-edited.png\",\"datePublished\":\"2022-11-20T12:56:04+00:00\",\"dateModified\":\"2023-01-11T19:13:18+00:00\",\"description\":\"Aus einer Rekordzahl von 908 Einreichungen aus 32 L\u00e4ndern vergab die internationale Expert\u00b7innenjury 12 Mal Gold, 14 Mal Silber und 10 Mal Bronze.\",\"breadcrumb\":{\"@id\":\"https:\/\/kulturonline.tv\/de\/josef-binder-award-2022\/#breadcrumb\"},\"inLanguage\":\"de\",\"potentialAction\":[{\"@type\":\"ReadAction\",\"target\":[\"https:\/\/kulturonline.tv\/de\/josef-binder-award-2022\/\"]}]},{\"@type\":\"ImageObject\",\"inLanguage\":\"de\",\"@id\":\"https:\/\/kulturonline.tv\/de\/josef-binder-award-2022\/#primaryimage\",\"url\":\"https:\/\/kulturonline.tv\/wp-content\/uploads\/2022\/11\/Kultur-Online-TV-FM-2-edited.png\",\"contentUrl\":\"https:\/\/kulturonline.tv\/wp-content\/uploads\/2022\/11\/Kultur-Online-TV-FM-2-edited.png\",\"width\":982,\"height\":552},{\"@type\":\"BreadcrumbList\",\"@id\":\"https:\/\/kulturonline.tv\/de\/josef-binder-award-2022\/#breadcrumb\",\"itemListElement\":[{\"@type\":\"ListItem\",\"position\":1,\"name\":\"Startseite\",\"item\":\"https:\/\/kulturonline.tv\/de\/\"},{\"@type\":\"ListItem\",\"position\":2,\"name\":\"Josef Binder Award 2022\"}]},{\"@type\":\"WebSite\",\"@id\":\"https:\/\/kulturonline.tv\/de\/#website\",\"url\":\"https:\/\/kulturonline.tv\/de\/\",\"name\":\"Kultur Online TV &amp; FM\",\"description\":\"Wir sind Kultur 2.0 zum sehen &amp; h\u00f6ren\",\"publisher\":{\"@id\":\"https:\/\/kulturonline.tv\/de\/#organization\"},\"potentialAction\":[{\"@type\":\"SearchAction\",\"target\":{\"@type\":\"EntryPoint\",\"urlTemplate\":\"https:\/\/kulturonline.tv\/de\/?s={search_term_string}\"},\"query-input\":{\"@type\":\"PropertyValueSpecification\",\"valueRequired\":true,\"valueName\":\"search_term_string\"}}],\"inLanguage\":\"de\"},{\"@type\":\"Organization\",\"@id\":\"https:\/\/kulturonline.tv\/de\/#organization\",\"name\":\"Kultur Online TV\",\"url\":\"https:\/\/kulturonline.tv\/de\/\",\"logo\":{\"@type\":\"ImageObject\",\"inLanguage\":\"de\",\"@id\":\"https:\/\/kulturonline.tv\/de\/#\/schema\/logo\/image\/\",\"url\":\"https:\/\/kulturonline.tv\/wp-content\/uploads\/2021\/08\/Kultur-Online-Tv-Logo-Endversion-neu.png\",\"contentUrl\":\"https:\/\/kulturonline.tv\/wp-content\/uploads\/2021\/08\/Kultur-Online-Tv-Logo-Endversion-neu.png\",\"width\":200,\"height\":200,\"caption\":\"Kultur Online TV\"},\"image\":{\"@id\":\"https:\/\/kulturonline.tv\/de\/#\/schema\/logo\/image\/\"},\"sameAs\":[\"https:\/\/www.facebook.com\/kulturonline.tv\",\"https:\/\/www.instagram.com\/kulturonline.tv\"]},{\"@type\":\"Person\",\"@id\":\"https:\/\/kulturonline.tv\/de\/#\/schema\/person\/b0fac729bb9a0c193fb1df23449df4fe\",\"name\":\"guenter.wolfgang\"}]}<\/script>\n<!-- \/ Yoast SEO plugin. -->","yoast_head_json":{"title":"Josef Binder Award 2022 - Kultur Online TV &amp; FM","description":"Aus einer Rekordzahl von 908 Einreichungen aus 32 L\u00e4ndern vergab die internationale Expert\u00b7innenjury 12 Mal Gold, 14 Mal Silber und 10 Mal Bronze.","robots":{"index":"index","follow":"follow","max-snippet":"max-snippet:-1","max-image-preview":"max-image-preview:large","max-video-preview":"max-video-preview:-1"},"canonical":"https:\/\/kulturonline.tv\/de\/josef-binder-award-2022\/","og_locale":"de_DE","og_type":"article","og_title":"Josef Binder Award 2022 - Kultur Online TV &amp; FM","og_description":"Aus einer Rekordzahl von 908 Einreichungen aus 32 L\u00e4ndern vergab die internationale Expert\u00b7innenjury 12 Mal Gold, 14 Mal Silber und 10 Mal Bronze.","og_url":"https:\/\/kulturonline.tv\/de\/josef-binder-award-2022\/","og_site_name":"Kultur Online TV &amp; FM","article_publisher":"https:\/\/www.facebook.com\/kulturonline.tv","article_published_time":"2022-11-20T12:56:04+00:00","article_modified_time":"2023-01-11T19:13:18+00:00","og_image":[{"width":982,"height":552,"url":"https:\/\/kulturonline.tv\/wp-content\/uploads\/2022\/11\/Kultur-Online-TV-FM-2-edited.png","type":"image\/png"}],"author":"guenter.wolfgang","twitter_card":"summary_large_image","twitter_misc":{"Verfasst von":"guenter.wolfgang","Gesch\u00e4tzte Lesezeit":"3\u00a0Minuten"},"schema":{"@context":"https:\/\/schema.org","@graph":[{"@type":"Article","@id":"https:\/\/kulturonline.tv\/de\/josef-binder-award-2022\/#article","isPartOf":{"@id":"https:\/\/kulturonline.tv\/de\/josef-binder-award-2022\/"},"author":{"name":"guenter.wolfgang","@id":"https:\/\/kulturonline.tv\/de\/#\/schema\/person\/b0fac729bb9a0c193fb1df23449df4fe"},"headline":"Josef Binder Award 2022","datePublished":"2022-11-20T12:56:04+00:00","dateModified":"2023-01-11T19:13:18+00:00","mainEntityOfPage":{"@id":"https:\/\/kulturonline.tv\/de\/josef-binder-award-2022\/"},"wordCount":623,"publisher":{"@id":"https:\/\/kulturonline.tv\/de\/#organization"},"image":{"@id":"https:\/\/kulturonline.tv\/de\/josef-binder-award-2022\/#primaryimage"},"thumbnailUrl":"https:\/\/kulturonline.tv\/wp-content\/uploads\/2022\/11\/Kultur-Online-TV-FM-2-edited.png","articleSection":["Mixed"],"inLanguage":"de"},{"@type":"WebPage","@id":"https:\/\/kulturonline.tv\/de\/josef-binder-award-2022\/","url":"https:\/\/kulturonline.tv\/de\/josef-binder-award-2022\/","name":"Josef Binder Award 2022 - Kultur Online TV &amp; FM","isPartOf":{"@id":"https:\/\/kulturonline.tv\/de\/#website"},"primaryImageOfPage":{"@id":"https:\/\/kulturonline.tv\/de\/josef-binder-award-2022\/#primaryimage"},"image":{"@id":"https:\/\/kulturonline.tv\/de\/josef-binder-award-2022\/#primaryimage"},"thumbnailUrl":"https:\/\/kulturonline.tv\/wp-content\/uploads\/2022\/11\/Kultur-Online-TV-FM-2-edited.png","datePublished":"2022-11-20T12:56:04+00:00","dateModified":"2023-01-11T19:13:18+00:00","description":"Aus einer Rekordzahl von 908 Einreichungen aus 32 L\u00e4ndern vergab die internationale Expert\u00b7innenjury 12 Mal Gold, 14 Mal Silber und 10 Mal Bronze.","breadcrumb":{"@id":"https:\/\/kulturonline.tv\/de\/josef-binder-award-2022\/#breadcrumb"},"inLanguage":"de","potentialAction":[{"@type":"ReadAction","target":["https:\/\/kulturonline.tv\/de\/josef-binder-award-2022\/"]}]},{"@type":"ImageObject","inLanguage":"de","@id":"https:\/\/kulturonline.tv\/de\/josef-binder-award-2022\/#primaryimage","url":"https:\/\/kulturonline.tv\/wp-content\/uploads\/2022\/11\/Kultur-Online-TV-FM-2-edited.png","contentUrl":"https:\/\/kulturonline.tv\/wp-content\/uploads\/2022\/11\/Kultur-Online-TV-FM-2-edited.png","width":982,"height":552},{"@type":"BreadcrumbList","@id":"https:\/\/kulturonline.tv\/de\/josef-binder-award-2022\/#breadcrumb","itemListElement":[{"@type":"ListItem","position":1,"name":"Startseite","item":"https:\/\/kulturonline.tv\/de\/"},{"@type":"ListItem","position":2,"name":"Josef Binder Award 2022"}]},{"@type":"WebSite","@id":"https:\/\/kulturonline.tv\/de\/#website","url":"https:\/\/kulturonline.tv\/de\/","name":"Kultur Online TV &amp; FM","description":"Wir sind Kultur 2.0 zum sehen &amp; h\u00f6ren","publisher":{"@id":"https:\/\/kulturonline.tv\/de\/#organization"},"potentialAction":[{"@type":"SearchAction","target":{"@type":"EntryPoint","urlTemplate":"https:\/\/kulturonline.tv\/de\/?s={search_term_string}"},"query-input":{"@type":"PropertyValueSpecification","valueRequired":true,"valueName":"search_term_string"}}],"inLanguage":"de"},{"@type":"Organization","@id":"https:\/\/kulturonline.tv\/de\/#organization","name":"Kultur Online TV","url":"https:\/\/kulturonline.tv\/de\/","logo":{"@type":"ImageObject","inLanguage":"de","@id":"https:\/\/kulturonline.tv\/de\/#\/schema\/logo\/image\/","url":"https:\/\/kulturonline.tv\/wp-content\/uploads\/2021\/08\/Kultur-Online-Tv-Logo-Endversion-neu.png","contentUrl":"https:\/\/kulturonline.tv\/wp-content\/uploads\/2021\/08\/Kultur-Online-Tv-Logo-Endversion-neu.png","width":200,"height":200,"caption":"Kultur Online TV"},"image":{"@id":"https:\/\/kulturonline.tv\/de\/#\/schema\/logo\/image\/"},"sameAs":["https:\/\/www.facebook.com\/kulturonline.tv","https:\/\/www.instagram.com\/kulturonline.tv"]},{"@type":"Person","@id":"https:\/\/kulturonline.tv\/de\/#\/schema\/person\/b0fac729bb9a0c193fb1df23449df4fe","name":"guenter.wolfgang"}]}},"_links":{"self":[{"href":"https:\/\/kulturonline.tv\/de\/wp-json\/wp\/v2\/posts\/40955","targetHints":{"allow":["GET"]}}],"collection":[{"href":"https:\/\/kulturonline.tv\/de\/wp-json\/wp\/v2\/posts"}],"about":[{"href":"https:\/\/kulturonline.tv\/de\/wp-json\/wp\/v2\/types\/post"}],"author":[{"embeddable":true,"href":"https:\/\/kulturonline.tv\/de\/wp-json\/wp\/v2\/users\/2"}],"replies":[{"embeddable":true,"href":"https:\/\/kulturonline.tv\/de\/wp-json\/wp\/v2\/comments?post=40955"}],"version-history":[{"count":0,"href":"https:\/\/kulturonline.tv\/de\/wp-json\/wp\/v2\/posts\/40955\/revisions"}],"wp:featuredmedia":[{"embeddable":true,"href":"https:\/\/kulturonline.tv\/de\/wp-json\/wp\/v2\/media\/40960"}],"wp:attachment":[{"href":"https:\/\/kulturonline.tv\/de\/wp-json\/wp\/v2\/media?parent=40955"}],"wp:term":[{"taxonomy":"category","embeddable":true,"href":"https:\/\/kulturonline.tv\/de\/wp-json\/wp\/v2\/categories?post=40955"},{"taxonomy":"post_tag","embeddable":true,"href":"https:\/\/kulturonline.tv\/de\/wp-json\/wp\/v2\/tags?post=40955"}],"curies":[{"name":"wp","href":"https:\/\/api.w.org\/{rel}","templated":true}]}}