{"id":40983,"date":"2022-11-20T20:53:39","date_gmt":"2022-11-20T19:53:39","guid":{"rendered":"https:\/\/kulturonline.tv\/?p=40983"},"modified":"2023-01-11T20:03:51","modified_gmt":"2023-01-11T19:03:51","slug":"julius-posener-preis-2022-geht-an-angelika-fitz-direktorin-des-architekturzentrum-wien","status":"publish","type":"post","link":"https:\/\/kulturonline.tv\/de\/julius-posener-preis-2022-geht-an-angelika-fitz-direktorin-des-architekturzentrum-wien\/","title":{"rendered":"Julius Posener Preis 2022 geht an Angelika Fitz, Direktorin des Architekturzentrum Wien"},"content":{"rendered":"\n<p>Der Julius Posener Preis, der alle zwei Jahre vom Werkbund Berlin verliehen wird, geht dieses Jahr an die Direktorin des Architekturzentrum Wien Angelika Fitz.<\/p>\n\n\n\n<figure class=\"wp-block-image size-large\"><img fetchpriority=\"high\" decoding=\"async\" width=\"1507\" height=\"848\" src=\"https:\/\/kulturonline.tv\/wp-content\/uploads\/2022\/11\/Kultur-Online-TV-6-edited.jpg\" alt=\"\" class=\"wp-image-40986\" srcset=\"https:\/\/kulturonline.tv\/wp-content\/uploads\/2022\/11\/Kultur-Online-TV-6-edited.jpg 1507w, https:\/\/kulturonline.tv\/wp-content\/uploads\/2022\/11\/Kultur-Online-TV-6-edited-600x338.jpg 600w, https:\/\/kulturonline.tv\/wp-content\/uploads\/2022\/11\/Kultur-Online-TV-6-edited-800x450.jpg 800w, https:\/\/kulturonline.tv\/wp-content\/uploads\/2022\/11\/Kultur-Online-TV-6-edited-768x432.jpg 768w\" sizes=\"(max-width: 1507px) 100vw, 1507px\" \/><figcaption class=\"wp-element-caption\">Fotocredit: \u00a9 Pez Hejduk<\/figcaption><\/figure>\n\n\n\n<p>Die Jury w\u00fcrdigt sie als \u201eeine weit \u00fcber den \u00f6sterreichischen Kontext hinaus wirkende Seismographin, Kommunikatorin und Impulsgeberin an der Schnittstelle von Architektur und Stadt.\u201c Erw\u00e4hnt werden besonders die Ausstellungen und Publikationen des Az W, wie \u201eCritical Care. Architektur f\u00fcr einen Planeten in der Krise\u201c sowie \u201eBoden f\u00fcr Alle\u201c und \u201eForm folgt Paragraph\u201c mit ihren \u201eschwierigen, bisher kaum angefassten Themen\u201c. Diese seien \u201eWerkzeuge\u201c f\u00fcr eine \u201eaktive Einmischung\u201c.<\/p>\n\n\n\n<p>Die Auszeichnung gilt dem ganzen Az W, so Angelika Fitz, die sich freut, dass die Jury das Architekturzentrum Wien mit seinen \u201ezukunftsweisenden Ausstellungen\u201c als \u201einternationales Vorbild\u201c sieht.<\/p>\n\n\n\n<p>Der Julius Posener Preis wird f\u00fcr herausragende Beitr\u00e4ge zur Geschichte und Theorie der Architektur und der Stadt vergeben. Zu den bisherigen Preistr\u00e4ger*innen z\u00e4hlen Kenneth Frampton (New York), Jan Gehl (Kopenhagen) und Annemarie Jaeggi (Berlin).<\/p>\n\n\n\n<p>Kultur Online TV<\/p>\n\n\n\n<p>#news #mixed #kultur<\/p>\n\n\n\n<p><\/p>\n\n\n\n<figure class=\"wp-block-image\"><img decoding=\"async\" src=\"https:\/\/t.adcell.com\/p\/image?promoId=228768&amp;slotId=98564\" alt=\"Eckis Teetied\"\/><\/figure>\n\n\n\n<p><a href=\"https:\/\/t.adcell.com\/p\/click?promoId=228768&amp;slotId=98564\" target=\"_blank\" rel=\"noreferrer noopener\"><\/a><\/p>\n","protected":false},"excerpt":{"rendered":"<p>Der Julius Posener Preis, der alle zwei Jahre vom Werkbund Berlin verliehen wird, geht dieses Jahr an die Direktorin des Architekturzentrum Wien Angelika Fitz. Die Jury w\u00fcrdigt sie als \u201eeine weit \u00fcber den \u00f6sterreichischen Kontext hinaus wirkende Seismographin, Kommunikatorin und Impulsgeberin an der Schnittstelle von Architektur und Stadt.\u201c Erw\u00e4hnt werden besonders die Ausstellungen und Publikationen [&hellip;]<\/p>\n","protected":false},"author":2,"featured_media":40986,"comment_status":"closed","ping_status":"closed","sticky":false,"template":"","format":"standard","meta":{"_acf_changed":false,"footnotes":""},"categories":[281],"tags":[],"class_list":["post-40983","post","type-post","status-publish","format-standard","has-post-thumbnail","hentry","category-mixed"],"acf":[],"yoast_head":"<!-- This site is optimized with the Yoast SEO plugin v26.1.1 - https:\/\/yoast.com\/wordpress\/plugins\/seo\/ -->\n<title>Julius Posener Preis 2022 geht an Angelika Fitz, Direktorin des Architekturzentrum Wien - Kultur Online TV &amp; FM<\/title>\n<meta name=\"description\" content=\"Der Julius Posener Preis, der alle zwei Jahre vom Werkbund Berlin verliehen wird, geht dieses Jahr an die Direktorin des Architekturzentrum Wien Angelika Fitz.\" \/>\n<meta name=\"robots\" content=\"index, follow, max-snippet:-1, max-image-preview:large, max-video-preview:-1\" \/>\n<link rel=\"canonical\" href=\"https:\/\/kulturonline.tv\/de\/julius-posener-preis-2022-geht-an-angelika-fitz-direktorin-des-architekturzentrum-wien\/\" \/>\n<meta property=\"og:locale\" content=\"de_DE\" \/>\n<meta property=\"og:type\" content=\"article\" \/>\n<meta property=\"og:title\" content=\"Julius Posener Preis 2022 geht an Angelika Fitz, Direktorin des Architekturzentrum Wien - Kultur Online TV &amp; FM\" \/>\n<meta property=\"og:description\" content=\"Der Julius Posener Preis, der alle zwei Jahre vom Werkbund Berlin verliehen wird, geht dieses Jahr an die Direktorin des Architekturzentrum Wien Angelika Fitz.\" \/>\n<meta property=\"og:url\" content=\"https:\/\/kulturonline.tv\/de\/julius-posener-preis-2022-geht-an-angelika-fitz-direktorin-des-architekturzentrum-wien\/\" \/>\n<meta property=\"og:site_name\" content=\"Kultur Online TV &amp; FM\" \/>\n<meta property=\"article:publisher\" content=\"https:\/\/www.facebook.com\/kulturonline.tv\" \/>\n<meta property=\"article:published_time\" content=\"2022-11-20T19:53:39+00:00\" \/>\n<meta property=\"article:modified_time\" content=\"2023-01-11T19:03:51+00:00\" \/>\n<meta property=\"og:image\" content=\"https:\/\/kulturonline.tv\/wp-content\/uploads\/2022\/11\/Kultur-Online-TV-6-edited.jpg\" \/>\n\t<meta property=\"og:image:width\" content=\"1507\" \/>\n\t<meta property=\"og:image:height\" content=\"848\" \/>\n\t<meta property=\"og:image:type\" content=\"image\/jpeg\" \/>\n<meta name=\"author\" content=\"guenter.wolfgang\" \/>\n<meta name=\"twitter:card\" content=\"summary_large_image\" \/>\n<meta name=\"twitter:label1\" content=\"Verfasst von\" \/>\n\t<meta name=\"twitter:data1\" content=\"guenter.wolfgang\" \/>\n\t<meta name=\"twitter:label2\" content=\"Gesch\u00e4tzte Lesezeit\" \/>\n\t<meta name=\"twitter:data2\" content=\"1\u00a0Minute\" \/>\n<script type=\"application\/ld+json\" class=\"yoast-schema-graph\">{\"@context\":\"https:\/\/schema.org\",\"@graph\":[{\"@type\":\"Article\",\"@id\":\"https:\/\/kulturonline.tv\/de\/julius-posener-preis-2022-geht-an-angelika-fitz-direktorin-des-architekturzentrum-wien\/#article\",\"isPartOf\":{\"@id\":\"https:\/\/kulturonline.tv\/de\/julius-posener-preis-2022-geht-an-angelika-fitz-direktorin-des-architekturzentrum-wien\/\"},\"author\":{\"name\":\"guenter.wolfgang\",\"@id\":\"https:\/\/kulturonline.tv\/de\/#\/schema\/person\/b0fac729bb9a0c193fb1df23449df4fe\"},\"headline\":\"Julius Posener Preis 2022 geht an Angelika Fitz, Direktorin des Architekturzentrum Wien\",\"datePublished\":\"2022-11-20T19:53:39+00:00\",\"dateModified\":\"2023-01-11T19:03:51+00:00\",\"mainEntityOfPage\":{\"@id\":\"https:\/\/kulturonline.tv\/de\/julius-posener-preis-2022-geht-an-angelika-fitz-direktorin-des-architekturzentrum-wien\/\"},\"wordCount\":181,\"publisher\":{\"@id\":\"https:\/\/kulturonline.tv\/de\/#organization\"},\"image\":{\"@id\":\"https:\/\/kulturonline.tv\/de\/julius-posener-preis-2022-geht-an-angelika-fitz-direktorin-des-architekturzentrum-wien\/#primaryimage\"},\"thumbnailUrl\":\"https:\/\/kulturonline.tv\/wp-content\/uploads\/2022\/11\/Kultur-Online-TV-6-edited.jpg\",\"articleSection\":[\"Mixed\"],\"inLanguage\":\"de\"},{\"@type\":\"WebPage\",\"@id\":\"https:\/\/kulturonline.tv\/de\/julius-posener-preis-2022-geht-an-angelika-fitz-direktorin-des-architekturzentrum-wien\/\",\"url\":\"https:\/\/kulturonline.tv\/de\/julius-posener-preis-2022-geht-an-angelika-fitz-direktorin-des-architekturzentrum-wien\/\",\"name\":\"Julius Posener Preis 2022 geht an Angelika Fitz, Direktorin des Architekturzentrum Wien - Kultur Online TV &amp; FM\",\"isPartOf\":{\"@id\":\"https:\/\/kulturonline.tv\/de\/#website\"},\"primaryImageOfPage\":{\"@id\":\"https:\/\/kulturonline.tv\/de\/julius-posener-preis-2022-geht-an-angelika-fitz-direktorin-des-architekturzentrum-wien\/#primaryimage\"},\"image\":{\"@id\":\"https:\/\/kulturonline.tv\/de\/julius-posener-preis-2022-geht-an-angelika-fitz-direktorin-des-architekturzentrum-wien\/#primaryimage\"},\"thumbnailUrl\":\"https:\/\/kulturonline.tv\/wp-content\/uploads\/2022\/11\/Kultur-Online-TV-6-edited.jpg\",\"datePublished\":\"2022-11-20T19:53:39+00:00\",\"dateModified\":\"2023-01-11T19:03:51+00:00\",\"description\":\"Der Julius Posener Preis, der alle zwei Jahre vom Werkbund Berlin verliehen wird, geht dieses Jahr an die Direktorin des Architekturzentrum Wien Angelika Fitz.\",\"breadcrumb\":{\"@id\":\"https:\/\/kulturonline.tv\/de\/julius-posener-preis-2022-geht-an-angelika-fitz-direktorin-des-architekturzentrum-wien\/#breadcrumb\"},\"inLanguage\":\"de\",\"potentialAction\":[{\"@type\":\"ReadAction\",\"target\":[\"https:\/\/kulturonline.tv\/de\/julius-posener-preis-2022-geht-an-angelika-fitz-direktorin-des-architekturzentrum-wien\/\"]}]},{\"@type\":\"ImageObject\",\"inLanguage\":\"de\",\"@id\":\"https:\/\/kulturonline.tv\/de\/julius-posener-preis-2022-geht-an-angelika-fitz-direktorin-des-architekturzentrum-wien\/#primaryimage\",\"url\":\"https:\/\/kulturonline.tv\/wp-content\/uploads\/2022\/11\/Kultur-Online-TV-6-edited.jpg\",\"contentUrl\":\"https:\/\/kulturonline.tv\/wp-content\/uploads\/2022\/11\/Kultur-Online-TV-6-edited.jpg\",\"width\":1507,\"height\":848,\"caption\":\"Bild zu OTS - Angelika Fitz neue Direktorin des Az W\"},{\"@type\":\"BreadcrumbList\",\"@id\":\"https:\/\/kulturonline.tv\/de\/julius-posener-preis-2022-geht-an-angelika-fitz-direktorin-des-architekturzentrum-wien\/#breadcrumb\",\"itemListElement\":[{\"@type\":\"ListItem\",\"position\":1,\"name\":\"Startseite\",\"item\":\"https:\/\/kulturonline.tv\/de\/\"},{\"@type\":\"ListItem\",\"position\":2,\"name\":\"Julius Posener Preis 2022 geht an Angelika Fitz, Direktorin des Architekturzentrum Wien\"}]},{\"@type\":\"WebSite\",\"@id\":\"https:\/\/kulturonline.tv\/de\/#website\",\"url\":\"https:\/\/kulturonline.tv\/de\/\",\"name\":\"Kultur Online TV &amp; FM\",\"description\":\"Wir sind Kultur 2.0 zum sehen &amp; h\u00f6ren\",\"publisher\":{\"@id\":\"https:\/\/kulturonline.tv\/de\/#organization\"},\"potentialAction\":[{\"@type\":\"SearchAction\",\"target\":{\"@type\":\"EntryPoint\",\"urlTemplate\":\"https:\/\/kulturonline.tv\/de\/?s={search_term_string}\"},\"query-input\":{\"@type\":\"PropertyValueSpecification\",\"valueRequired\":true,\"valueName\":\"search_term_string\"}}],\"inLanguage\":\"de\"},{\"@type\":\"Organization\",\"@id\":\"https:\/\/kulturonline.tv\/de\/#organization\",\"name\":\"Kultur Online TV\",\"url\":\"https:\/\/kulturonline.tv\/de\/\",\"logo\":{\"@type\":\"ImageObject\",\"inLanguage\":\"de\",\"@id\":\"https:\/\/kulturonline.tv\/de\/#\/schema\/logo\/image\/\",\"url\":\"https:\/\/kulturonline.tv\/wp-content\/uploads\/2021\/08\/Kultur-Online-Tv-Logo-Endversion-neu.png\",\"contentUrl\":\"https:\/\/kulturonline.tv\/wp-content\/uploads\/2021\/08\/Kultur-Online-Tv-Logo-Endversion-neu.png\",\"width\":200,\"height\":200,\"caption\":\"Kultur Online TV\"},\"image\":{\"@id\":\"https:\/\/kulturonline.tv\/de\/#\/schema\/logo\/image\/\"},\"sameAs\":[\"https:\/\/www.facebook.com\/kulturonline.tv\",\"https:\/\/www.instagram.com\/kulturonline.tv\"]},{\"@type\":\"Person\",\"@id\":\"https:\/\/kulturonline.tv\/de\/#\/schema\/person\/b0fac729bb9a0c193fb1df23449df4fe\",\"name\":\"guenter.wolfgang\"}]}<\/script>\n<!-- \/ Yoast SEO plugin. -->","yoast_head_json":{"title":"Julius Posener Preis 2022 geht an Angelika Fitz, Direktorin des Architekturzentrum Wien - Kultur Online TV &amp; FM","description":"Der Julius Posener Preis, der alle zwei Jahre vom Werkbund Berlin verliehen wird, geht dieses Jahr an die Direktorin des Architekturzentrum Wien Angelika Fitz.","robots":{"index":"index","follow":"follow","max-snippet":"max-snippet:-1","max-image-preview":"max-image-preview:large","max-video-preview":"max-video-preview:-1"},"canonical":"https:\/\/kulturonline.tv\/de\/julius-posener-preis-2022-geht-an-angelika-fitz-direktorin-des-architekturzentrum-wien\/","og_locale":"de_DE","og_type":"article","og_title":"Julius Posener Preis 2022 geht an Angelika Fitz, Direktorin des Architekturzentrum Wien - Kultur Online TV &amp; FM","og_description":"Der Julius Posener Preis, der alle zwei Jahre vom Werkbund Berlin verliehen wird, geht dieses Jahr an die Direktorin des Architekturzentrum Wien Angelika Fitz.","og_url":"https:\/\/kulturonline.tv\/de\/julius-posener-preis-2022-geht-an-angelika-fitz-direktorin-des-architekturzentrum-wien\/","og_site_name":"Kultur Online TV &amp; FM","article_publisher":"https:\/\/www.facebook.com\/kulturonline.tv","article_published_time":"2022-11-20T19:53:39+00:00","article_modified_time":"2023-01-11T19:03:51+00:00","og_image":[{"width":1507,"height":848,"url":"https:\/\/kulturonline.tv\/wp-content\/uploads\/2022\/11\/Kultur-Online-TV-6-edited.jpg","type":"image\/jpeg"}],"author":"guenter.wolfgang","twitter_card":"summary_large_image","twitter_misc":{"Verfasst von":"guenter.wolfgang","Gesch\u00e4tzte Lesezeit":"1\u00a0Minute"},"schema":{"@context":"https:\/\/schema.org","@graph":[{"@type":"Article","@id":"https:\/\/kulturonline.tv\/de\/julius-posener-preis-2022-geht-an-angelika-fitz-direktorin-des-architekturzentrum-wien\/#article","isPartOf":{"@id":"https:\/\/kulturonline.tv\/de\/julius-posener-preis-2022-geht-an-angelika-fitz-direktorin-des-architekturzentrum-wien\/"},"author":{"name":"guenter.wolfgang","@id":"https:\/\/kulturonline.tv\/de\/#\/schema\/person\/b0fac729bb9a0c193fb1df23449df4fe"},"headline":"Julius Posener Preis 2022 geht an Angelika Fitz, Direktorin des Architekturzentrum Wien","datePublished":"2022-11-20T19:53:39+00:00","dateModified":"2023-01-11T19:03:51+00:00","mainEntityOfPage":{"@id":"https:\/\/kulturonline.tv\/de\/julius-posener-preis-2022-geht-an-angelika-fitz-direktorin-des-architekturzentrum-wien\/"},"wordCount":181,"publisher":{"@id":"https:\/\/kulturonline.tv\/de\/#organization"},"image":{"@id":"https:\/\/kulturonline.tv\/de\/julius-posener-preis-2022-geht-an-angelika-fitz-direktorin-des-architekturzentrum-wien\/#primaryimage"},"thumbnailUrl":"https:\/\/kulturonline.tv\/wp-content\/uploads\/2022\/11\/Kultur-Online-TV-6-edited.jpg","articleSection":["Mixed"],"inLanguage":"de"},{"@type":"WebPage","@id":"https:\/\/kulturonline.tv\/de\/julius-posener-preis-2022-geht-an-angelika-fitz-direktorin-des-architekturzentrum-wien\/","url":"https:\/\/kulturonline.tv\/de\/julius-posener-preis-2022-geht-an-angelika-fitz-direktorin-des-architekturzentrum-wien\/","name":"Julius Posener Preis 2022 geht an Angelika Fitz, Direktorin des Architekturzentrum Wien - Kultur Online TV &amp; FM","isPartOf":{"@id":"https:\/\/kulturonline.tv\/de\/#website"},"primaryImageOfPage":{"@id":"https:\/\/kulturonline.tv\/de\/julius-posener-preis-2022-geht-an-angelika-fitz-direktorin-des-architekturzentrum-wien\/#primaryimage"},"image":{"@id":"https:\/\/kulturonline.tv\/de\/julius-posener-preis-2022-geht-an-angelika-fitz-direktorin-des-architekturzentrum-wien\/#primaryimage"},"thumbnailUrl":"https:\/\/kulturonline.tv\/wp-content\/uploads\/2022\/11\/Kultur-Online-TV-6-edited.jpg","datePublished":"2022-11-20T19:53:39+00:00","dateModified":"2023-01-11T19:03:51+00:00","description":"Der Julius Posener Preis, der alle zwei Jahre vom Werkbund Berlin verliehen wird, geht dieses Jahr an die Direktorin des Architekturzentrum Wien Angelika Fitz.","breadcrumb":{"@id":"https:\/\/kulturonline.tv\/de\/julius-posener-preis-2022-geht-an-angelika-fitz-direktorin-des-architekturzentrum-wien\/#breadcrumb"},"inLanguage":"de","potentialAction":[{"@type":"ReadAction","target":["https:\/\/kulturonline.tv\/de\/julius-posener-preis-2022-geht-an-angelika-fitz-direktorin-des-architekturzentrum-wien\/"]}]},{"@type":"ImageObject","inLanguage":"de","@id":"https:\/\/kulturonline.tv\/de\/julius-posener-preis-2022-geht-an-angelika-fitz-direktorin-des-architekturzentrum-wien\/#primaryimage","url":"https:\/\/kulturonline.tv\/wp-content\/uploads\/2022\/11\/Kultur-Online-TV-6-edited.jpg","contentUrl":"https:\/\/kulturonline.tv\/wp-content\/uploads\/2022\/11\/Kultur-Online-TV-6-edited.jpg","width":1507,"height":848,"caption":"Bild zu OTS - Angelika Fitz neue Direktorin des Az W"},{"@type":"BreadcrumbList","@id":"https:\/\/kulturonline.tv\/de\/julius-posener-preis-2022-geht-an-angelika-fitz-direktorin-des-architekturzentrum-wien\/#breadcrumb","itemListElement":[{"@type":"ListItem","position":1,"name":"Startseite","item":"https:\/\/kulturonline.tv\/de\/"},{"@type":"ListItem","position":2,"name":"Julius Posener Preis 2022 geht an Angelika Fitz, Direktorin des Architekturzentrum Wien"}]},{"@type":"WebSite","@id":"https:\/\/kulturonline.tv\/de\/#website","url":"https:\/\/kulturonline.tv\/de\/","name":"Kultur Online TV &amp; FM","description":"Wir sind Kultur 2.0 zum sehen &amp; h\u00f6ren","publisher":{"@id":"https:\/\/kulturonline.tv\/de\/#organization"},"potentialAction":[{"@type":"SearchAction","target":{"@type":"EntryPoint","urlTemplate":"https:\/\/kulturonline.tv\/de\/?s={search_term_string}"},"query-input":{"@type":"PropertyValueSpecification","valueRequired":true,"valueName":"search_term_string"}}],"inLanguage":"de"},{"@type":"Organization","@id":"https:\/\/kulturonline.tv\/de\/#organization","name":"Kultur Online TV","url":"https:\/\/kulturonline.tv\/de\/","logo":{"@type":"ImageObject","inLanguage":"de","@id":"https:\/\/kulturonline.tv\/de\/#\/schema\/logo\/image\/","url":"https:\/\/kulturonline.tv\/wp-content\/uploads\/2021\/08\/Kultur-Online-Tv-Logo-Endversion-neu.png","contentUrl":"https:\/\/kulturonline.tv\/wp-content\/uploads\/2021\/08\/Kultur-Online-Tv-Logo-Endversion-neu.png","width":200,"height":200,"caption":"Kultur Online TV"},"image":{"@id":"https:\/\/kulturonline.tv\/de\/#\/schema\/logo\/image\/"},"sameAs":["https:\/\/www.facebook.com\/kulturonline.tv","https:\/\/www.instagram.com\/kulturonline.tv"]},{"@type":"Person","@id":"https:\/\/kulturonline.tv\/de\/#\/schema\/person\/b0fac729bb9a0c193fb1df23449df4fe","name":"guenter.wolfgang"}]}},"_links":{"self":[{"href":"https:\/\/kulturonline.tv\/de\/wp-json\/wp\/v2\/posts\/40983","targetHints":{"allow":["GET"]}}],"collection":[{"href":"https:\/\/kulturonline.tv\/de\/wp-json\/wp\/v2\/posts"}],"about":[{"href":"https:\/\/kulturonline.tv\/de\/wp-json\/wp\/v2\/types\/post"}],"author":[{"embeddable":true,"href":"https:\/\/kulturonline.tv\/de\/wp-json\/wp\/v2\/users\/2"}],"replies":[{"embeddable":true,"href":"https:\/\/kulturonline.tv\/de\/wp-json\/wp\/v2\/comments?post=40983"}],"version-history":[{"count":0,"href":"https:\/\/kulturonline.tv\/de\/wp-json\/wp\/v2\/posts\/40983\/revisions"}],"wp:featuredmedia":[{"embeddable":true,"href":"https:\/\/kulturonline.tv\/de\/wp-json\/wp\/v2\/media\/40986"}],"wp:attachment":[{"href":"https:\/\/kulturonline.tv\/de\/wp-json\/wp\/v2\/media?parent=40983"}],"wp:term":[{"taxonomy":"category","embeddable":true,"href":"https:\/\/kulturonline.tv\/de\/wp-json\/wp\/v2\/categories?post=40983"},{"taxonomy":"post_tag","embeddable":true,"href":"https:\/\/kulturonline.tv\/de\/wp-json\/wp\/v2\/tags?post=40983"}],"curies":[{"name":"wp","href":"https:\/\/api.w.org\/{rel}","templated":true}]}}