{"id":41079,"date":"2022-11-21T13:01:55","date_gmt":"2022-11-21T12:01:55","guid":{"rendered":"https:\/\/kulturonline.tv\/?p=41079"},"modified":"2022-11-21T19:20:42","modified_gmt":"2022-11-21T18:20:42","slug":"kulturflash-vom-20-11-2022","status":"publish","type":"post","link":"https:\/\/kulturonline.tv\/de\/kulturflash-vom-20-11-2022\/","title":{"rendered":"Video Kulturflash vom 20.11.2022"},"content":{"rendered":"\n<figure class=\"wp-block-embed is-type-video is-provider-youtube wp-block-embed-youtube wp-embed-aspect-16-9 wp-has-aspect-ratio\"><div class=\"wp-block-embed__wrapper\">\nhttps:\/\/www.youtube.com\/watch?v=_w9H7gzsxs0&#038;list=PLXkINgjzzxxH77wv_TVnX-QMvAMJDiKKh&#038;index=2\n<\/div><\/figure>\n\n\n\n<p><\/p>\n\n\n\n<div style=\"height:170px\" aria-hidden=\"true\" class=\"wp-block-spacer\"><\/div>\n\n\n\n<h2 class=\"wp-block-heading\">Neueste Beitr\u00e4ge<\/h2>\n\n\n\n<div style=\"height:35px\" aria-hidden=\"true\" class=\"wp-block-spacer\"><\/div>\n\n\n<ul class=\"wp-block-latest-posts__list is-grid columns-3 wp-block-latest-posts has-small-font-size\"><li><div class=\"wp-block-latest-posts__featured-image\"><a href=\"https:\/\/kulturonline.tv\/de\/zeitenwende-in-budapest-peter-magyar-kuendigt-radikalkur-fuer-staatsmedien-an\/\" aria-label=\"Zeitenwende in Budapest: P\u00e9ter Magyar k\u00fcndigt Radikalkur f\u00fcr Staatsmedien an\"><img fetchpriority=\"high\" decoding=\"async\" width=\"800\" height=\"450\" src=\"https:\/\/kulturonline.tv\/wp-content\/uploads\/2026\/04\/ktv-1-edited-800x450.jpg\" class=\"attachment-medium size-medium wp-post-image\" alt=\"\" style=\"max-width:400px;max-height:400px;\" srcset=\"https:\/\/kulturonline.tv\/wp-content\/uploads\/2026\/04\/ktv-1-edited-800x450.jpg 800w, https:\/\/kulturonline.tv\/wp-content\/uploads\/2026\/04\/ktv-1-edited-768x432.jpg 768w, https:\/\/kulturonline.tv\/wp-content\/uploads\/2026\/04\/ktv-1-edited.jpg 1174w\" sizes=\"(max-width: 800px) 100vw, 800px\" \/><\/a><\/div><a class=\"wp-block-latest-posts__post-title\" href=\"https:\/\/kulturonline.tv\/de\/zeitenwende-in-budapest-peter-magyar-kuendigt-radikalkur-fuer-staatsmedien-an\/\">Zeitenwende in Budapest: P\u00e9ter Magyar k\u00fcndigt Radikalkur f\u00fcr Staatsmedien an<\/a><div class=\"wp-block-latest-posts__post-excerpt\">Drei Tage nach dem historischen Wahlsieg seiner Partei TISZA hat der k\u00fcnftige ungarische Premierminister P\u00e9ter Magyar am Mittwochmorgen f\u00fcr ein\u2026\u00a0<a class=\"wp-block-latest-posts__read-more\" href=\"https:\/\/kulturonline.tv\/de\/zeitenwende-in-budapest-peter-magyar-kuendigt-radikalkur-fuer-staatsmedien-an\/\" rel=\"noopener noreferrer\"><span class=\"screen-reader-text\">Zeitenwende in Budapest: P\u00e9ter Magyar k\u00fcndigt Radikalkur f\u00fcr Staatsmedien an <\/span>weiterlesen<\/a><\/div><\/li>\n<li><div class=\"wp-block-latest-posts__featured-image\"><a href=\"https:\/\/kulturonline.tv\/de\/der-archivar-des-eigensinns-alexander-kluge-verstorben\/\" aria-label=\"Der Archivar des Eigensinns: Alexander Kluge verstorben\"><img decoding=\"async\" width=\"800\" height=\"450\" src=\"https:\/\/kulturonline.tv\/wp-content\/uploads\/2026\/03\/Alexander-kluge-2009-ffm-011-edited-800x450.jpg\" class=\"attachment-medium size-medium wp-post-image\" alt=\"\" style=\"max-width:400px;max-height:400px;\" srcset=\"https:\/\/kulturonline.tv\/wp-content\/uploads\/2026\/03\/Alexander-kluge-2009-ffm-011-edited-800x450.jpg 800w, https:\/\/kulturonline.tv\/wp-content\/uploads\/2026\/03\/Alexander-kluge-2009-ffm-011-edited-768x432.jpg 768w, https:\/\/kulturonline.tv\/wp-content\/uploads\/2026\/03\/Alexander-kluge-2009-ffm-011-edited.jpg 960w\" sizes=\"(max-width: 800px) 100vw, 800px\" \/><\/a><\/div><a class=\"wp-block-latest-posts__post-title\" href=\"https:\/\/kulturonline.tv\/de\/der-archivar-des-eigensinns-alexander-kluge-verstorben\/\">Der Archivar des Eigensinns: Alexander Kluge verstorben<\/a><div class=\"wp-block-latest-posts__post-excerpt\">Mit Alexander Kluge verlieren wir den gro\u00dfen \u201eEnzyklop\u00e4disten des 20. und 21. Jahrhunderts\u201c. Sein Schaffen war gepr\u00e4gt von einer tiefen\u2026\u00a0<a class=\"wp-block-latest-posts__read-more\" href=\"https:\/\/kulturonline.tv\/de\/der-archivar-des-eigensinns-alexander-kluge-verstorben\/\" rel=\"noopener noreferrer\"><span class=\"screen-reader-text\">Der Archivar des Eigensinns: Alexander Kluge verstorben <\/span>weiterlesen<\/a><\/div><\/li>\n<li><div class=\"wp-block-latest-posts__featured-image\"><a href=\"https:\/\/kulturonline.tv\/de\/unesco-welterbe-der-golestan-palast-in-teheran-bei-luftangriffen-schwer-beschaedigt\/\" aria-label=\"UNESCO-Welterbe der &#8222;Golestan-Palast in Teheran&#8220; bei Luftangriffen schwer besch\u00e4digt\"><img decoding=\"async\" width=\"800\" height=\"450\" src=\"https:\/\/kulturonline.tv\/wp-content\/uploads\/2026\/03\/Palacio_de_Golestan_Teheran_Iran_2016-09-17_DD_24-26_HDR-edited-800x450.jpg\" class=\"attachment-medium size-medium wp-post-image\" alt=\"\" style=\"max-width:400px;max-height:400px;\" srcset=\"https:\/\/kulturonline.tv\/wp-content\/uploads\/2026\/03\/Palacio_de_Golestan_Teheran_Iran_2016-09-17_DD_24-26_HDR-edited-800x450.jpg 800w, https:\/\/kulturonline.tv\/wp-content\/uploads\/2026\/03\/Palacio_de_Golestan_Teheran_Iran_2016-09-17_DD_24-26_HDR-edited-1600x900.jpg 1600w, https:\/\/kulturonline.tv\/wp-content\/uploads\/2026\/03\/Palacio_de_Golestan_Teheran_Iran_2016-09-17_DD_24-26_HDR-edited-768x432.jpg 768w, https:\/\/kulturonline.tv\/wp-content\/uploads\/2026\/03\/Palacio_de_Golestan_Teheran_Iran_2016-09-17_DD_24-26_HDR-edited-1536x864.jpg 1536w, https:\/\/kulturonline.tv\/wp-content\/uploads\/2026\/03\/Palacio_de_Golestan_Teheran_Iran_2016-09-17_DD_24-26_HDR-edited-2048x1152.jpg 2048w\" sizes=\"(max-width: 800px) 100vw, 800px\" \/><\/a><\/div><a class=\"wp-block-latest-posts__post-title\" href=\"https:\/\/kulturonline.tv\/de\/unesco-welterbe-der-golestan-palast-in-teheran-bei-luftangriffen-schwer-beschaedigt\/\">UNESCO-Welterbe der &#8222;Golestan-Palast in Teheran&#8220; bei Luftangriffen schwer besch\u00e4digt<\/a><div class=\"wp-block-latest-posts__post-excerpt\">Das Denkmal gilt als Meisterwerk der Qajaren-\u00c4ra und ist Teil des Weltkulturerbes. Die internationale Gemeinschaft blickt mit gro\u00dfer Besorgnis auf\u2026\u00a0<a class=\"wp-block-latest-posts__read-more\" href=\"https:\/\/kulturonline.tv\/de\/unesco-welterbe-der-golestan-palast-in-teheran-bei-luftangriffen-schwer-beschaedigt\/\" rel=\"noopener noreferrer\"><span class=\"screen-reader-text\">UNESCO-Welterbe der &#8222;Golestan-Palast in Teheran&#8220; bei Luftangriffen schwer besch\u00e4digt <\/span>weiterlesen<\/a><\/div><\/li>\n<li><div class=\"wp-block-latest-posts__featured-image\"><a href=\"https:\/\/kulturonline.tv\/de\/fuehrungswechsel-an-der-spanischen-hofreitschule\/\" aria-label=\"F\u00fchrungswechsel an der Spanischen Hofreitschule\"><img loading=\"lazy\" decoding=\"async\" width=\"800\" height=\"450\" src=\"https:\/\/kulturonline.tv\/wp-content\/uploads\/2026\/03\/Spanish_Riding_School_Vienna-edited-800x450.jpg\" class=\"attachment-medium size-medium wp-post-image\" alt=\"\" style=\"max-width:400px;max-height:400px;\" srcset=\"https:\/\/kulturonline.tv\/wp-content\/uploads\/2026\/03\/Spanish_Riding_School_Vienna-edited-800x450.jpg 800w, https:\/\/kulturonline.tv\/wp-content\/uploads\/2026\/03\/Spanish_Riding_School_Vienna-edited-1600x900.jpg 1600w, https:\/\/kulturonline.tv\/wp-content\/uploads\/2026\/03\/Spanish_Riding_School_Vienna-edited-768x432.jpg 768w, https:\/\/kulturonline.tv\/wp-content\/uploads\/2026\/03\/Spanish_Riding_School_Vienna-edited-1536x864.jpg 1536w, https:\/\/kulturonline.tv\/wp-content\/uploads\/2026\/03\/Spanish_Riding_School_Vienna-edited-2048x1152.jpg 2048w\" sizes=\"(max-width: 800px) 100vw, 800px\" \/><\/a><\/div><a class=\"wp-block-latest-posts__post-title\" href=\"https:\/\/kulturonline.tv\/de\/fuehrungswechsel-an-der-spanischen-hofreitschule\/\">F\u00fchrungswechsel an der Spanischen Hofreitschule<\/a><div class=\"wp-block-latest-posts__post-excerpt\">Die Spanische Hofreitschule in Wien, eines der bedeutendsten Kulturg\u00fcter \u00d6sterreichs und Teil des immateriellen UNESCO-Weltkulturerbes, steht vor einem markanten Neubeginn.\u2026\u00a0<a class=\"wp-block-latest-posts__read-more\" href=\"https:\/\/kulturonline.tv\/de\/fuehrungswechsel-an-der-spanischen-hofreitschule\/\" rel=\"noopener noreferrer\"><span class=\"screen-reader-text\">F\u00fchrungswechsel an der Spanischen Hofreitschule <\/span>weiterlesen<\/a><\/div><\/li>\n<li><div class=\"wp-block-latest-posts__featured-image\"><a href=\"https:\/\/kulturonline.tv\/de\/orf-paukenschlag-generaldirektor-roland-weissmann-ueberraschend-zurueckgetreten\/\" aria-label=\"Generaldirektor Roland Wei\u00dfmann \u00fcberraschend zur\u00fcckgetreten\"><img loading=\"lazy\" decoding=\"async\" width=\"640\" height=\"360\" src=\"https:\/\/kulturonline.tv\/wp-content\/uploads\/2025\/03\/ORF_microphone-edited.jpg\" class=\"attachment-medium size-medium wp-post-image\" alt=\"\" style=\"max-width:400px;max-height:400px;\" \/><\/a><\/div><a class=\"wp-block-latest-posts__post-title\" href=\"https:\/\/kulturonline.tv\/de\/orf-paukenschlag-generaldirektor-roland-weissmann-ueberraschend-zurueckgetreten\/\">Generaldirektor Roland Wei\u00dfmann \u00fcberraschend zur\u00fcckgetreten<\/a><div class=\"wp-block-latest-posts__post-excerpt\">Ein Paukenschlag am K\u00fcniglberg sorgt f\u00fcr Ersch\u00fctterung in der \u00f6sterreichischen Medienwelt: ORF-Generaldirektor Roland Wei\u00dfmann hat mit sofortiger Wirkung seinen R\u00fccktritt\u2026\u00a0<a class=\"wp-block-latest-posts__read-more\" href=\"https:\/\/kulturonline.tv\/de\/orf-paukenschlag-generaldirektor-roland-weissmann-ueberraschend-zurueckgetreten\/\" rel=\"noopener noreferrer\"><span class=\"screen-reader-text\">Generaldirektor Roland Wei\u00dfmann \u00fcberraschend zur\u00fcckgetreten <\/span>weiterlesen<\/a><\/div><\/li>\n<li><div class=\"wp-block-latest-posts__featured-image\"><a href=\"https:\/\/kulturonline.tv\/de\/claudia-cardinale-mit-87-jahren-verstorben\/\" aria-label=\"Claudia Cardinale mit 87 Jahren verstorben\"><img loading=\"lazy\" decoding=\"async\" width=\"800\" height=\"450\" src=\"https:\/\/kulturonline.tv\/wp-content\/uploads\/2025\/09\/Claudia_Cardinale_Cannes_2010-edited-800x450.jpg\" class=\"attachment-medium size-medium wp-post-image\" alt=\"\" style=\"max-width:400px;max-height:400px;\" srcset=\"https:\/\/kulturonline.tv\/wp-content\/uploads\/2025\/09\/Claudia_Cardinale_Cannes_2010-edited-800x450.jpg 800w, https:\/\/kulturonline.tv\/wp-content\/uploads\/2025\/09\/Claudia_Cardinale_Cannes_2010-edited-768x432.jpg 768w, https:\/\/kulturonline.tv\/wp-content\/uploads\/2025\/09\/Claudia_Cardinale_Cannes_2010-edited.jpg 1259w\" sizes=\"(max-width: 800px) 100vw, 800px\" \/><\/a><\/div><a class=\"wp-block-latest-posts__post-title\" href=\"https:\/\/kulturonline.tv\/de\/claudia-cardinale-mit-87-jahren-verstorben\/\">Claudia Cardinale mit 87 Jahren verstorben<\/a><div class=\"wp-block-latest-posts__post-excerpt\">Die Welt des Films trauert um eine ihrer gr\u00f6\u00dften Ikonen: Claudia Cardinale ist im Alter von 87 Jahren verstorben. \u00a9Bild:\u2026\u00a0<a class=\"wp-block-latest-posts__read-more\" href=\"https:\/\/kulturonline.tv\/de\/claudia-cardinale-mit-87-jahren-verstorben\/\" rel=\"noopener noreferrer\"><span class=\"screen-reader-text\">Claudia Cardinale mit 87 Jahren verstorben <\/span>weiterlesen<\/a><\/div><\/li>\n<li><div class=\"wp-block-latest-posts__featured-image\"><a href=\"https:\/\/kulturonline.tv\/de\/neue-meisterinnen-und-meister-feiern-mit-hollywood-star-ralf-moeller-in-oberfranken\/\" aria-label=\"Neue Meisterinnen und Meister feiern mit Hollywood-Star Ralf Moeller in Oberfranken\"><img loading=\"lazy\" decoding=\"async\" width=\"800\" height=\"450\" src=\"https:\/\/kulturonline.tv\/wp-content\/uploads\/2025\/09\/Kultur-Online-TV-Moeller-edited-800x450.jpg\" class=\"attachment-medium size-medium wp-post-image\" alt=\"\" style=\"max-width:400px;max-height:400px;\" srcset=\"https:\/\/kulturonline.tv\/wp-content\/uploads\/2025\/09\/Kultur-Online-TV-Moeller-edited-800x450.jpg 800w, https:\/\/kulturonline.tv\/wp-content\/uploads\/2025\/09\/Kultur-Online-TV-Moeller-edited-1600x900.jpg 1600w, https:\/\/kulturonline.tv\/wp-content\/uploads\/2025\/09\/Kultur-Online-TV-Moeller-edited-768x432.jpg 768w, https:\/\/kulturonline.tv\/wp-content\/uploads\/2025\/09\/Kultur-Online-TV-Moeller-edited-1536x864.jpg 1536w, https:\/\/kulturonline.tv\/wp-content\/uploads\/2025\/09\/Kultur-Online-TV-Moeller-edited-2048x1151.jpg 2048w\" sizes=\"(max-width: 800px) 100vw, 800px\" \/><\/a><\/div><a class=\"wp-block-latest-posts__post-title\" href=\"https:\/\/kulturonline.tv\/de\/neue-meisterinnen-und-meister-feiern-mit-hollywood-star-ralf-moeller-in-oberfranken\/\">Neue Meisterinnen und Meister feiern mit Hollywood-Star Ralf Moeller in Oberfranken<\/a><div class=\"wp-block-latest-posts__post-excerpt\">Als die Handwerkskammer f\u00fcr Oberfranken ihre frischgebackenen Meisterinnen und Meister feiert, wird die B\u00fchne zum Treffpunkt von Tradition, Innovation und\u2026\u00a0<a class=\"wp-block-latest-posts__read-more\" href=\"https:\/\/kulturonline.tv\/de\/neue-meisterinnen-und-meister-feiern-mit-hollywood-star-ralf-moeller-in-oberfranken\/\" rel=\"noopener noreferrer\"><span class=\"screen-reader-text\">Neue Meisterinnen und Meister feiern mit Hollywood-Star Ralf Moeller in Oberfranken <\/span>weiterlesen<\/a><\/div><\/li>\n<li><div class=\"wp-block-latest-posts__featured-image\"><a href=\"https:\/\/kulturonline.tv\/de\/vom-hype-zur-realitaet-ki-als-werkzeug\/\" aria-label=\"Vom Hype zur Realit\u00e4t: KI als Werkzeug\"><img loading=\"lazy\" decoding=\"async\" width=\"800\" height=\"450\" src=\"https:\/\/kulturonline.tv\/wp-content\/uploads\/2025\/09\/Kultur-Online-TV-2-edited-800x450.jpg\" class=\"attachment-medium size-medium wp-post-image\" alt=\"\" style=\"max-width:400px;max-height:400px;\" srcset=\"https:\/\/kulturonline.tv\/wp-content\/uploads\/2025\/09\/Kultur-Online-TV-2-edited-800x450.jpg 800w, https:\/\/kulturonline.tv\/wp-content\/uploads\/2025\/09\/Kultur-Online-TV-2-edited-768x432.jpg 768w, https:\/\/kulturonline.tv\/wp-content\/uploads\/2025\/09\/Kultur-Online-TV-2-edited.jpg 1280w\" sizes=\"(max-width: 800px) 100vw, 800px\" \/><\/a><\/div><a class=\"wp-block-latest-posts__post-title\" href=\"https:\/\/kulturonline.tv\/de\/vom-hype-zur-realitaet-ki-als-werkzeug\/\">Vom Hype zur Realit\u00e4t: KI als Werkzeug<\/a><div class=\"wp-block-latest-posts__post-excerpt\">Die aktuelle Debatte um K\u00fcnstliche Intelligenz (KI) ist oft von Extremen gepr\u00e4gt. Entweder wird sie als Heilsbringer f\u00fcr alle Probleme\u2026\u00a0<a class=\"wp-block-latest-posts__read-more\" href=\"https:\/\/kulturonline.tv\/de\/vom-hype-zur-realitaet-ki-als-werkzeug\/\" rel=\"noopener noreferrer\"><span class=\"screen-reader-text\">Vom Hype zur Realit\u00e4t: KI als Werkzeug <\/span>weiterlesen<\/a><\/div><\/li>\n<li><div class=\"wp-block-latest-posts__featured-image\"><a href=\"https:\/\/kulturonline.tv\/de\/das-verstummen-von-jimmy-kimmel-als-weckruf\/\" aria-label=\"Das Verstummen von Jimmy Kimmel als Weckruf\"><img loading=\"lazy\" decoding=\"async\" width=\"800\" height=\"450\" src=\"https:\/\/kulturonline.tv\/wp-content\/uploads\/2025\/09\/Jimmy-Kimmel-edited-800x450.webp\" class=\"attachment-medium size-medium wp-post-image\" alt=\"\" style=\"max-width:400px;max-height:400px;\" srcset=\"https:\/\/kulturonline.tv\/wp-content\/uploads\/2025\/09\/Jimmy-Kimmel-edited-800x450.webp 800w, https:\/\/kulturonline.tv\/wp-content\/uploads\/2025\/09\/Jimmy-Kimmel-edited-768x432.webp 768w, https:\/\/kulturonline.tv\/wp-content\/uploads\/2025\/09\/Jimmy-Kimmel-edited.webp 1280w\" sizes=\"(max-width: 800px) 100vw, 800px\" \/><\/a><\/div><a class=\"wp-block-latest-posts__post-title\" href=\"https:\/\/kulturonline.tv\/de\/das-verstummen-von-jimmy-kimmel-als-weckruf\/\">Das Verstummen von Jimmy Kimmel als Weckruf<\/a><div class=\"wp-block-latest-posts__post-excerpt\">Die Meldung, dass die Late-Night-Show Jimmy Kimmel Live! vorerst die Produktion einstellt, mag auf den ersten Blick wie eine gew\u00f6hnliche\u2026\u00a0<a class=\"wp-block-latest-posts__read-more\" href=\"https:\/\/kulturonline.tv\/de\/das-verstummen-von-jimmy-kimmel-als-weckruf\/\" rel=\"noopener noreferrer\"><span class=\"screen-reader-text\">Das Verstummen von Jimmy Kimmel als Weckruf <\/span>weiterlesen<\/a><\/div><\/li>\n<li><div class=\"wp-block-latest-posts__featured-image\"><a href=\"https:\/\/kulturonline.tv\/de\/hollywood-legende-robert-redford-gestorben\/\" aria-label=\"Hollywood-Legende Robert Redford gestorben\"><img loading=\"lazy\" decoding=\"async\" width=\"800\" height=\"501\" src=\"https:\/\/kulturonline.tv\/wp-content\/uploads\/2025\/09\/Robert_Redford_Kultur-Online-TV-800x501.jpg\" class=\"attachment-medium size-medium wp-post-image\" alt=\"\" style=\"max-width:400px;max-height:400px;\" srcset=\"https:\/\/kulturonline.tv\/wp-content\/uploads\/2025\/09\/Robert_Redford_Kultur-Online-TV-800x501.jpg 800w, https:\/\/kulturonline.tv\/wp-content\/uploads\/2025\/09\/Robert_Redford_Kultur-Online-TV-768x481.jpg 768w, https:\/\/kulturonline.tv\/wp-content\/uploads\/2025\/09\/Robert_Redford_Kultur-Online-TV.jpg 1004w\" sizes=\"(max-width: 800px) 100vw, 800px\" \/><\/a><\/div><a class=\"wp-block-latest-posts__post-title\" href=\"https:\/\/kulturonline.tv\/de\/hollywood-legende-robert-redford-gestorben\/\">Hollywood-Legende Robert Redford gestorben<\/a><div class=\"wp-block-latest-posts__post-excerpt\">Der Hollywood-Schauspieler starb im Alter von 89 Jahren in seinem Zuhause um US-Bundesstaat Utah. Die Filmwelt trauert um eine ihrer\u2026\u00a0<a class=\"wp-block-latest-posts__read-more\" href=\"https:\/\/kulturonline.tv\/de\/hollywood-legende-robert-redford-gestorben\/\" rel=\"noopener noreferrer\"><span class=\"screen-reader-text\">Hollywood-Legende Robert Redford gestorben <\/span>weiterlesen<\/a><\/div><\/li>\n<li><div class=\"wp-block-latest-posts__featured-image\"><a href=\"https:\/\/kulturonline.tv\/de\/margot-friedlaender-preis\/\" aria-label=\"Margot Friedl\u00e4nder Preis\"><img loading=\"lazy\" decoding=\"async\" width=\"800\" height=\"450\" src=\"https:\/\/kulturonline.tv\/wp-content\/uploads\/2025\/09\/Margot_Friedlaender_Kultur-Online-TV-edited-800x450.jpg\" class=\"attachment-medium size-medium wp-post-image\" alt=\"\" style=\"max-width:400px;max-height:400px;\" srcset=\"https:\/\/kulturonline.tv\/wp-content\/uploads\/2025\/09\/Margot_Friedlaender_Kultur-Online-TV-edited-800x450.jpg 800w, https:\/\/kulturonline.tv\/wp-content\/uploads\/2025\/09\/Margot_Friedlaender_Kultur-Online-TV-edited-768x432.jpg 768w, https:\/\/kulturonline.tv\/wp-content\/uploads\/2025\/09\/Margot_Friedlaender_Kultur-Online-TV-edited.jpg 946w\" sizes=\"(max-width: 800px) 100vw, 800px\" \/><\/a><\/div><a class=\"wp-block-latest-posts__post-title\" href=\"https:\/\/kulturonline.tv\/de\/margot-friedlaender-preis\/\">Margot Friedl\u00e4nder Preis<\/a><div class=\"wp-block-latest-posts__post-excerpt\">In Berlin wird heute der Margot-Friedl\u00e4nder-Preis vergeben. F\u00fcnf Pers\u00f6nlichkeiten und Initiativen werden heute (16.September 2025) f\u00fcr ihren Einsatz f\u00fcr Toleranz,\u2026\u00a0<a class=\"wp-block-latest-posts__read-more\" href=\"https:\/\/kulturonline.tv\/de\/margot-friedlaender-preis\/\" rel=\"noopener noreferrer\"><span class=\"screen-reader-text\">Margot Friedl\u00e4nder Preis <\/span>weiterlesen<\/a><\/div><\/li>\n<li><div class=\"wp-block-latest-posts__featured-image\"><a href=\"https:\/\/kulturonline.tv\/de\/der-fruehere-us-praesident-barack-obama-wird-mit-einem-emmy-geehrt\/\" aria-label=\"Der fr\u00fchere US-Pr\u00e4sident Barack Obama wird mit einem Emmy geehrt\"><img loading=\"lazy\" decoding=\"async\" width=\"800\" height=\"450\" src=\"https:\/\/kulturonline.tv\/wp-content\/uploads\/2025\/09\/Barack_Obama_Kultur-Online-TV-edited-800x450.jpg\" class=\"attachment-medium size-medium wp-post-image\" alt=\"\" style=\"max-width:400px;max-height:400px;\" srcset=\"https:\/\/kulturonline.tv\/wp-content\/uploads\/2025\/09\/Barack_Obama_Kultur-Online-TV-edited-800x450.jpg 800w, https:\/\/kulturonline.tv\/wp-content\/uploads\/2025\/09\/Barack_Obama_Kultur-Online-TV-edited-768x432.jpg 768w, https:\/\/kulturonline.tv\/wp-content\/uploads\/2025\/09\/Barack_Obama_Kultur-Online-TV-edited.jpg 1024w\" sizes=\"(max-width: 800px) 100vw, 800px\" \/><\/a><\/div><a class=\"wp-block-latest-posts__post-title\" href=\"https:\/\/kulturonline.tv\/de\/der-fruehere-us-praesident-barack-obama-wird-mit-einem-emmy-geehrt\/\">Der fr\u00fchere US-Pr\u00e4sident Barack Obama wird mit einem Emmy geehrt<\/a><div class=\"wp-block-latest-posts__post-excerpt\">Obama wurde bei den Creative Arts Emmy Awards in der Kategorie \u201eOutstanding Narrator\u201c f\u00fcr die Netflix-Dokumentation \u201eOur Great National Parks\u201c\u2026\u00a0<a class=\"wp-block-latest-posts__read-more\" href=\"https:\/\/kulturonline.tv\/de\/der-fruehere-us-praesident-barack-obama-wird-mit-einem-emmy-geehrt\/\" rel=\"noopener noreferrer\"><span class=\"screen-reader-text\">Der fr\u00fchere US-Pr\u00e4sident Barack Obama wird mit einem Emmy geehrt <\/span>weiterlesen<\/a><\/div><\/li>\n<\/ul>","protected":false},"excerpt":{"rendered":"<p>Neueste Beitr\u00e4ge<\/p>\n","protected":false},"author":2,"featured_media":41080,"comment_status":"closed","ping_status":"closed","sticky":false,"template":"","format":"standard","meta":{"_acf_changed":false,"footnotes":""},"categories":[1],"tags":[],"class_list":["post-41079","post","type-post","status-publish","format-standard","has-post-thumbnail","hentry","category-unkategorisiert"],"acf":[],"yoast_head":"<!-- This site is optimized with the Yoast SEO plugin v26.1.1 - https:\/\/yoast.com\/wordpress\/plugins\/seo\/ -->\n<title>Video Kulturflash vom 20.11.2022 - Kultur Online TV &amp; FM<\/title>\n<meta name=\"description\" content=\"Aktuelle News, Kunst , Kultur und allgemeinen Gesellschaftsthemen\" \/>\n<meta name=\"robots\" content=\"index, follow, max-snippet:-1, max-image-preview:large, max-video-preview:-1\" \/>\n<link rel=\"canonical\" href=\"https:\/\/kulturonline.tv\/de\/kulturflash-vom-20-11-2022\/\" \/>\n<meta property=\"og:locale\" content=\"de_DE\" \/>\n<meta property=\"og:type\" content=\"article\" \/>\n<meta property=\"og:title\" content=\"Video Kulturflash vom 20.11.2022 - Kultur Online TV &amp; FM\" \/>\n<meta property=\"og:description\" content=\"Aktuelle News, Kunst , Kultur und allgemeinen Gesellschaftsthemen\" \/>\n<meta property=\"og:url\" content=\"https:\/\/kulturonline.tv\/de\/kulturflash-vom-20-11-2022\/\" \/>\n<meta property=\"og:site_name\" content=\"Kultur Online TV &amp; FM\" \/>\n<meta property=\"article:publisher\" content=\"https:\/\/www.facebook.com\/kulturonline.tv\" \/>\n<meta property=\"article:published_time\" content=\"2022-11-21T12:01:55+00:00\" \/>\n<meta property=\"article:modified_time\" content=\"2022-11-21T18:20:42+00:00\" \/>\n<meta property=\"og:image\" content=\"https:\/\/kulturonline.tv\/wp-content\/uploads\/2022\/11\/Kulturflash-20.22.2022.png\" \/>\n\t<meta property=\"og:image:width\" content=\"1920\" \/>\n\t<meta property=\"og:image:height\" content=\"1080\" \/>\n\t<meta property=\"og:image:type\" content=\"image\/png\" \/>\n<meta name=\"author\" content=\"guenter.wolfgang\" \/>\n<meta name=\"twitter:card\" content=\"summary_large_image\" \/>\n<meta name=\"twitter:label1\" content=\"Verfasst von\" \/>\n\t<meta name=\"twitter:data1\" content=\"guenter.wolfgang\" \/>\n<script type=\"application\/ld+json\" class=\"yoast-schema-graph\">{\"@context\":\"https:\/\/schema.org\",\"@graph\":[{\"@type\":\"Article\",\"@id\":\"https:\/\/kulturonline.tv\/de\/kulturflash-vom-20-11-2022\/#article\",\"isPartOf\":{\"@id\":\"https:\/\/kulturonline.tv\/de\/kulturflash-vom-20-11-2022\/\"},\"author\":{\"name\":\"guenter.wolfgang\",\"@id\":\"https:\/\/kulturonline.tv\/de\/#\/schema\/person\/b0fac729bb9a0c193fb1df23449df4fe\"},\"headline\":\"Video Kulturflash vom 20.11.2022\",\"datePublished\":\"2022-11-21T12:01:55+00:00\",\"dateModified\":\"2022-11-21T18:20:42+00:00\",\"mainEntityOfPage\":{\"@id\":\"https:\/\/kulturonline.tv\/de\/kulturflash-vom-20-11-2022\/\"},\"wordCount\":22,\"publisher\":{\"@id\":\"https:\/\/kulturonline.tv\/de\/#organization\"},\"image\":{\"@id\":\"https:\/\/kulturonline.tv\/de\/kulturflash-vom-20-11-2022\/#primaryimage\"},\"thumbnailUrl\":\"https:\/\/kulturonline.tv\/wp-content\/uploads\/2022\/11\/Kulturflash-20.22.2022.png\",\"articleSection\":[\"Unkategorisiert\"],\"inLanguage\":\"de\"},{\"@type\":\"WebPage\",\"@id\":\"https:\/\/kulturonline.tv\/de\/kulturflash-vom-20-11-2022\/\",\"url\":\"https:\/\/kulturonline.tv\/de\/kulturflash-vom-20-11-2022\/\",\"name\":\"Video Kulturflash vom 20.11.2022 - Kultur Online TV &amp; FM\",\"isPartOf\":{\"@id\":\"https:\/\/kulturonline.tv\/de\/#website\"},\"primaryImageOfPage\":{\"@id\":\"https:\/\/kulturonline.tv\/de\/kulturflash-vom-20-11-2022\/#primaryimage\"},\"image\":{\"@id\":\"https:\/\/kulturonline.tv\/de\/kulturflash-vom-20-11-2022\/#primaryimage\"},\"thumbnailUrl\":\"https:\/\/kulturonline.tv\/wp-content\/uploads\/2022\/11\/Kulturflash-20.22.2022.png\",\"datePublished\":\"2022-11-21T12:01:55+00:00\",\"dateModified\":\"2022-11-21T18:20:42+00:00\",\"description\":\"Aktuelle News, Kunst , Kultur und allgemeinen Gesellschaftsthemen\",\"breadcrumb\":{\"@id\":\"https:\/\/kulturonline.tv\/de\/kulturflash-vom-20-11-2022\/#breadcrumb\"},\"inLanguage\":\"de\",\"potentialAction\":[{\"@type\":\"ReadAction\",\"target\":[\"https:\/\/kulturonline.tv\/de\/kulturflash-vom-20-11-2022\/\"]}]},{\"@type\":\"ImageObject\",\"inLanguage\":\"de\",\"@id\":\"https:\/\/kulturonline.tv\/de\/kulturflash-vom-20-11-2022\/#primaryimage\",\"url\":\"https:\/\/kulturonline.tv\/wp-content\/uploads\/2022\/11\/Kulturflash-20.22.2022.png\",\"contentUrl\":\"https:\/\/kulturonline.tv\/wp-content\/uploads\/2022\/11\/Kulturflash-20.22.2022.png\",\"width\":1920,\"height\":1080},{\"@type\":\"BreadcrumbList\",\"@id\":\"https:\/\/kulturonline.tv\/de\/kulturflash-vom-20-11-2022\/#breadcrumb\",\"itemListElement\":[{\"@type\":\"ListItem\",\"position\":1,\"name\":\"Startseite\",\"item\":\"https:\/\/kulturonline.tv\/de\/\"},{\"@type\":\"ListItem\",\"position\":2,\"name\":\"Video Kulturflash vom 20.11.2022\"}]},{\"@type\":\"WebSite\",\"@id\":\"https:\/\/kulturonline.tv\/de\/#website\",\"url\":\"https:\/\/kulturonline.tv\/de\/\",\"name\":\"Kultur Online TV &amp; FM\",\"description\":\"Wir sind Kultur 2.0 zum sehen &amp; h\u00f6ren\",\"publisher\":{\"@id\":\"https:\/\/kulturonline.tv\/de\/#organization\"},\"potentialAction\":[{\"@type\":\"SearchAction\",\"target\":{\"@type\":\"EntryPoint\",\"urlTemplate\":\"https:\/\/kulturonline.tv\/de\/?s={search_term_string}\"},\"query-input\":{\"@type\":\"PropertyValueSpecification\",\"valueRequired\":true,\"valueName\":\"search_term_string\"}}],\"inLanguage\":\"de\"},{\"@type\":\"Organization\",\"@id\":\"https:\/\/kulturonline.tv\/de\/#organization\",\"name\":\"Kultur Online TV\",\"url\":\"https:\/\/kulturonline.tv\/de\/\",\"logo\":{\"@type\":\"ImageObject\",\"inLanguage\":\"de\",\"@id\":\"https:\/\/kulturonline.tv\/de\/#\/schema\/logo\/image\/\",\"url\":\"https:\/\/kulturonline.tv\/wp-content\/uploads\/2021\/08\/Kultur-Online-Tv-Logo-Endversion-neu.png\",\"contentUrl\":\"https:\/\/kulturonline.tv\/wp-content\/uploads\/2021\/08\/Kultur-Online-Tv-Logo-Endversion-neu.png\",\"width\":200,\"height\":200,\"caption\":\"Kultur Online TV\"},\"image\":{\"@id\":\"https:\/\/kulturonline.tv\/de\/#\/schema\/logo\/image\/\"},\"sameAs\":[\"https:\/\/www.facebook.com\/kulturonline.tv\",\"https:\/\/www.instagram.com\/kulturonline.tv\"]},{\"@type\":\"Person\",\"@id\":\"https:\/\/kulturonline.tv\/de\/#\/schema\/person\/b0fac729bb9a0c193fb1df23449df4fe\",\"name\":\"guenter.wolfgang\"}]}<\/script>\n<!-- \/ Yoast SEO plugin. -->","yoast_head_json":{"title":"Video Kulturflash vom 20.11.2022 - Kultur Online TV &amp; FM","description":"Aktuelle News, Kunst , Kultur und allgemeinen Gesellschaftsthemen","robots":{"index":"index","follow":"follow","max-snippet":"max-snippet:-1","max-image-preview":"max-image-preview:large","max-video-preview":"max-video-preview:-1"},"canonical":"https:\/\/kulturonline.tv\/de\/kulturflash-vom-20-11-2022\/","og_locale":"de_DE","og_type":"article","og_title":"Video Kulturflash vom 20.11.2022 - Kultur Online TV &amp; FM","og_description":"Aktuelle News, Kunst , Kultur und allgemeinen Gesellschaftsthemen","og_url":"https:\/\/kulturonline.tv\/de\/kulturflash-vom-20-11-2022\/","og_site_name":"Kultur Online TV &amp; FM","article_publisher":"https:\/\/www.facebook.com\/kulturonline.tv","article_published_time":"2022-11-21T12:01:55+00:00","article_modified_time":"2022-11-21T18:20:42+00:00","og_image":[{"width":1920,"height":1080,"url":"https:\/\/kulturonline.tv\/wp-content\/uploads\/2022\/11\/Kulturflash-20.22.2022.png","type":"image\/png"}],"author":"guenter.wolfgang","twitter_card":"summary_large_image","twitter_misc":{"Verfasst von":"guenter.wolfgang"},"schema":{"@context":"https:\/\/schema.org","@graph":[{"@type":"Article","@id":"https:\/\/kulturonline.tv\/de\/kulturflash-vom-20-11-2022\/#article","isPartOf":{"@id":"https:\/\/kulturonline.tv\/de\/kulturflash-vom-20-11-2022\/"},"author":{"name":"guenter.wolfgang","@id":"https:\/\/kulturonline.tv\/de\/#\/schema\/person\/b0fac729bb9a0c193fb1df23449df4fe"},"headline":"Video Kulturflash vom 20.11.2022","datePublished":"2022-11-21T12:01:55+00:00","dateModified":"2022-11-21T18:20:42+00:00","mainEntityOfPage":{"@id":"https:\/\/kulturonline.tv\/de\/kulturflash-vom-20-11-2022\/"},"wordCount":22,"publisher":{"@id":"https:\/\/kulturonline.tv\/de\/#organization"},"image":{"@id":"https:\/\/kulturonline.tv\/de\/kulturflash-vom-20-11-2022\/#primaryimage"},"thumbnailUrl":"https:\/\/kulturonline.tv\/wp-content\/uploads\/2022\/11\/Kulturflash-20.22.2022.png","articleSection":["Unkategorisiert"],"inLanguage":"de"},{"@type":"WebPage","@id":"https:\/\/kulturonline.tv\/de\/kulturflash-vom-20-11-2022\/","url":"https:\/\/kulturonline.tv\/de\/kulturflash-vom-20-11-2022\/","name":"Video Kulturflash vom 20.11.2022 - Kultur Online TV &amp; FM","isPartOf":{"@id":"https:\/\/kulturonline.tv\/de\/#website"},"primaryImageOfPage":{"@id":"https:\/\/kulturonline.tv\/de\/kulturflash-vom-20-11-2022\/#primaryimage"},"image":{"@id":"https:\/\/kulturonline.tv\/de\/kulturflash-vom-20-11-2022\/#primaryimage"},"thumbnailUrl":"https:\/\/kulturonline.tv\/wp-content\/uploads\/2022\/11\/Kulturflash-20.22.2022.png","datePublished":"2022-11-21T12:01:55+00:00","dateModified":"2022-11-21T18:20:42+00:00","description":"Aktuelle News, Kunst , Kultur und allgemeinen Gesellschaftsthemen","breadcrumb":{"@id":"https:\/\/kulturonline.tv\/de\/kulturflash-vom-20-11-2022\/#breadcrumb"},"inLanguage":"de","potentialAction":[{"@type":"ReadAction","target":["https:\/\/kulturonline.tv\/de\/kulturflash-vom-20-11-2022\/"]}]},{"@type":"ImageObject","inLanguage":"de","@id":"https:\/\/kulturonline.tv\/de\/kulturflash-vom-20-11-2022\/#primaryimage","url":"https:\/\/kulturonline.tv\/wp-content\/uploads\/2022\/11\/Kulturflash-20.22.2022.png","contentUrl":"https:\/\/kulturonline.tv\/wp-content\/uploads\/2022\/11\/Kulturflash-20.22.2022.png","width":1920,"height":1080},{"@type":"BreadcrumbList","@id":"https:\/\/kulturonline.tv\/de\/kulturflash-vom-20-11-2022\/#breadcrumb","itemListElement":[{"@type":"ListItem","position":1,"name":"Startseite","item":"https:\/\/kulturonline.tv\/de\/"},{"@type":"ListItem","position":2,"name":"Video Kulturflash vom 20.11.2022"}]},{"@type":"WebSite","@id":"https:\/\/kulturonline.tv\/de\/#website","url":"https:\/\/kulturonline.tv\/de\/","name":"Kultur Online TV &amp; FM","description":"Wir sind Kultur 2.0 zum sehen &amp; h\u00f6ren","publisher":{"@id":"https:\/\/kulturonline.tv\/de\/#organization"},"potentialAction":[{"@type":"SearchAction","target":{"@type":"EntryPoint","urlTemplate":"https:\/\/kulturonline.tv\/de\/?s={search_term_string}"},"query-input":{"@type":"PropertyValueSpecification","valueRequired":true,"valueName":"search_term_string"}}],"inLanguage":"de"},{"@type":"Organization","@id":"https:\/\/kulturonline.tv\/de\/#organization","name":"Kultur Online TV","url":"https:\/\/kulturonline.tv\/de\/","logo":{"@type":"ImageObject","inLanguage":"de","@id":"https:\/\/kulturonline.tv\/de\/#\/schema\/logo\/image\/","url":"https:\/\/kulturonline.tv\/wp-content\/uploads\/2021\/08\/Kultur-Online-Tv-Logo-Endversion-neu.png","contentUrl":"https:\/\/kulturonline.tv\/wp-content\/uploads\/2021\/08\/Kultur-Online-Tv-Logo-Endversion-neu.png","width":200,"height":200,"caption":"Kultur Online TV"},"image":{"@id":"https:\/\/kulturonline.tv\/de\/#\/schema\/logo\/image\/"},"sameAs":["https:\/\/www.facebook.com\/kulturonline.tv","https:\/\/www.instagram.com\/kulturonline.tv"]},{"@type":"Person","@id":"https:\/\/kulturonline.tv\/de\/#\/schema\/person\/b0fac729bb9a0c193fb1df23449df4fe","name":"guenter.wolfgang"}]}},"_links":{"self":[{"href":"https:\/\/kulturonline.tv\/de\/wp-json\/wp\/v2\/posts\/41079","targetHints":{"allow":["GET"]}}],"collection":[{"href":"https:\/\/kulturonline.tv\/de\/wp-json\/wp\/v2\/posts"}],"about":[{"href":"https:\/\/kulturonline.tv\/de\/wp-json\/wp\/v2\/types\/post"}],"author":[{"embeddable":true,"href":"https:\/\/kulturonline.tv\/de\/wp-json\/wp\/v2\/users\/2"}],"replies":[{"embeddable":true,"href":"https:\/\/kulturonline.tv\/de\/wp-json\/wp\/v2\/comments?post=41079"}],"version-history":[{"count":0,"href":"https:\/\/kulturonline.tv\/de\/wp-json\/wp\/v2\/posts\/41079\/revisions"}],"wp:featuredmedia":[{"embeddable":true,"href":"https:\/\/kulturonline.tv\/de\/wp-json\/wp\/v2\/media\/41080"}],"wp:attachment":[{"href":"https:\/\/kulturonline.tv\/de\/wp-json\/wp\/v2\/media?parent=41079"}],"wp:term":[{"taxonomy":"category","embeddable":true,"href":"https:\/\/kulturonline.tv\/de\/wp-json\/wp\/v2\/categories?post=41079"},{"taxonomy":"post_tag","embeddable":true,"href":"https:\/\/kulturonline.tv\/de\/wp-json\/wp\/v2\/tags?post=41079"}],"curies":[{"name":"wp","href":"https:\/\/api.w.org\/{rel}","templated":true}]}}