{"id":41511,"date":"2022-11-24T23:01:38","date_gmt":"2022-11-24T22:01:38","guid":{"rendered":"https:\/\/kulturonline.tv\/unkategorisiert\/gottschalk-und-luepertz-buehne-frei-fuer-zwei-legenden"},"modified":"2023-01-22T14:08:51","modified_gmt":"2023-01-22T13:08:51","slug":"gottschalk-und-luepertz-buehne-frei-fuer-zwei-legenden","status":"publish","type":"post","link":"https:\/\/kulturonline.tv\/de\/gottschalk-und-luepertz-buehne-frei-fuer-zwei-legenden\/","title":{"rendered":"Podcast Tipp: &#8222;Gottschalk und L\u00fcpertz\u201c"},"content":{"rendered":"\n<p>Thomas Gottschalk pr\u00e4gte als Entertainer, TV- und Radiomoderator ganze Generationen. Mit Sendungen wie \u201eNa sowas!\u201c und \u201eWetten, dass\u2026?\u201c erzielte der Moderator Rekorde bei den Einschaltquoten. F\u00fcr sein Lebenswerk erhielt Thomas Gottschalk gestern den renommierten MiE-Kunst Award.<\/p>\n\n\n\n<figure class=\"wp-block-image size-large\"><img fetchpriority=\"high\" decoding=\"async\" width=\"1600\" height=\"900\" src=\"https:\/\/kulturonline.tv\/wp-content\/uploads\/2022\/11\/2-1600x900.jpg\" alt=\"\" class=\"wp-image-41906\" srcset=\"https:\/\/kulturonline.tv\/wp-content\/uploads\/2022\/11\/2-1600x900.jpg 1600w, https:\/\/kulturonline.tv\/wp-content\/uploads\/2022\/11\/2-600x338.jpg 600w, https:\/\/kulturonline.tv\/wp-content\/uploads\/2022\/11\/2-800x450.jpg 800w, https:\/\/kulturonline.tv\/wp-content\/uploads\/2022\/11\/2-768x432.jpg 768w, https:\/\/kulturonline.tv\/wp-content\/uploads\/2022\/11\/2-1536x864.jpg 1536w, https:\/\/kulturonline.tv\/wp-content\/uploads\/2022\/11\/2.jpg 1920w\" sizes=\"(max-width: 1600px) 100vw, 1600px\" \/><\/figure>\n\n\n\n<p>Im Anschluss diskutierten Gottschalk und L\u00fcpertz moderiert von Anouschka Horn (Bayerischer Rundfunk) \u00fcber die Herausforderungen der Zukunft und die verschiedenen Facetten ihres k\u00fcnstlerischen Schaffens. Die Moderatorin verspricht am Anfang, dass die Zuschauer und Zuschauerinnen Deutschlands gr\u00f6\u00dften Entertainer am Ende des Abends besser kennen w\u00fcrden \u2013 \u201eTop, die Wette gilt!\u201c. Als K\u00fcnstler w\u00fcrde er sich selbst jedoch nicht bezeichnen: \u201eIch nutze die Spontanit\u00e4t der Situation, das hat nichts mit Kunst zu tun.\u201c Er gesteht dann aber doch ein: \u201eIch beherrsche die Kunst angstfrei auf eine B\u00fchne zu gehen und zu gucken was passiert\u201c. Knapp drei\u00dfig Jahre lang habe er \u201eWetten, dass\u2026?\u201c moderiert, ohne gro\u00df dar\u00fcber nachzudenken. W\u00e4hrend andere Moderatoren auf einen Stab an Autoren zur\u00fcckgreifen, geht Thomas Gottschalk nach eigenen Angaben seine Moderationen ohne allzu viel Vorbereitung spontan an. <\/p>\n\n\n\n<p>Wir waren vor Ort und haben das unterhaltsame Gespr\u00e4ch zwischen Thomas Gottschalk und dem Maler Markus L\u00fcpertz aufgezeichnet das es hier als Podcast zum nachh\u00f6ren gibt.<\/p>\n\n\n\n<div class=\"wp-block-media-text alignwide is-stacked-on-mobile\" style=\"grid-template-columns:32% auto\"><figure class=\"wp-block-media-text__media\"><a href=\"https:\/\/kulturonline.tv\/de\/podcast\/gottschalk-und-luepertz-buehne-frei-fuer-zwei-legenden\"><img decoding=\"async\" width=\"600\" height=\"160\" src=\"https:\/\/kulturonline.tv\/wp-content\/uploads\/2022\/11\/play.png\" alt=\"\" class=\"wp-image-41901 size-full\" srcset=\"https:\/\/kulturonline.tv\/wp-content\/uploads\/2022\/11\/play.png 600w, https:\/\/kulturonline.tv\/wp-content\/uploads\/2022\/11\/play-416x111.png 416w\" sizes=\"(max-width: 600px) 100vw, 600px\" \/><\/a><\/figure><div class=\"wp-block-media-text__content\">\n<p><\/p>\n<\/div><\/div>\n\n\n\n<p><\/p>\n\n\n\n<p>Kultur Online FM<\/p>\n\n\n\n<p>#webradio #podcast <\/p>\n\n\n\n<p><\/p>\n","protected":false},"excerpt":{"rendered":"<p>Thomas Gottschalk pr\u00e4gte als Entertainer, TV- und Radiomoderator ganze Generationen. Mit Sendungen wie \u201eNa sowas!\u201c und \u201eWetten, dass\u2026?\u201c erzielte der Moderator Rekorde bei den Einschaltquoten. F\u00fcr sein Lebenswerk erhielt Thomas Gottschalk gestern den renommierten MiE-Kunst Award. Im Anschluss diskutierten Gottschalk und L\u00fcpertz moderiert von Anouschka Horn (Bayerischer Rundfunk) \u00fcber die Herausforderungen der Zukunft und die [&hellip;]<\/p>\n","protected":false},"author":2,"featured_media":48522,"comment_status":"closed","ping_status":"closed","sticky":false,"template":"","format":"standard","meta":{"_acf_changed":false,"footnotes":""},"categories":[399],"tags":[],"class_list":["post-41511","post","type-post","status-publish","format-standard","has-post-thumbnail","hentry","category-radiothek"],"acf":[],"yoast_head":"<!-- This site is optimized with the Yoast SEO plugin v26.1.1 - https:\/\/yoast.com\/wordpress\/plugins\/seo\/ -->\n<title>Podcast Tipp: &quot;Gottschalk und L\u00fcpertz\u201c - Kultur Online TV &amp; FM<\/title>\n<meta name=\"description\" content=\"F\u00fcr sein Lebenswerk erhielt Thomas Gottschalk gestern den renommierten MiE-Kunst Award.\" \/>\n<meta name=\"robots\" content=\"index, follow, max-snippet:-1, max-image-preview:large, max-video-preview:-1\" \/>\n<link rel=\"canonical\" href=\"https:\/\/kulturonline.tv\/de\/gottschalk-und-luepertz-buehne-frei-fuer-zwei-legenden\/\" \/>\n<meta property=\"og:locale\" content=\"de_DE\" \/>\n<meta property=\"og:type\" content=\"article\" \/>\n<meta property=\"og:title\" content=\"Podcast Tipp: &quot;Gottschalk und L\u00fcpertz\u201c - Kultur Online TV &amp; FM\" \/>\n<meta property=\"og:description\" content=\"F\u00fcr sein Lebenswerk erhielt Thomas Gottschalk gestern den renommierten MiE-Kunst Award.\" \/>\n<meta property=\"og:url\" content=\"https:\/\/kulturonline.tv\/de\/gottschalk-und-luepertz-buehne-frei-fuer-zwei-legenden\/\" \/>\n<meta property=\"og:site_name\" content=\"Kultur Online TV &amp; FM\" \/>\n<meta property=\"article:publisher\" content=\"https:\/\/www.facebook.com\/kulturonline.tv\" \/>\n<meta property=\"article:published_time\" content=\"2022-11-24T22:01:38+00:00\" \/>\n<meta property=\"article:modified_time\" content=\"2023-01-22T13:08:51+00:00\" \/>\n<meta property=\"og:image\" content=\"https:\/\/kulturonline.tv\/wp-content\/uploads\/2022\/11\/Gottschalk.jpg\" \/>\n\t<meta property=\"og:image:width\" content=\"1600\" \/>\n\t<meta property=\"og:image:height\" content=\"900\" \/>\n\t<meta property=\"og:image:type\" content=\"image\/jpeg\" \/>\n<meta name=\"author\" content=\"guenter.wolfgang\" \/>\n<meta name=\"twitter:card\" content=\"summary_large_image\" \/>\n<meta name=\"twitter:label1\" content=\"Verfasst von\" \/>\n\t<meta name=\"twitter:data1\" content=\"guenter.wolfgang\" \/>\n\t<meta name=\"twitter:label2\" content=\"Gesch\u00e4tzte Lesezeit\" \/>\n\t<meta name=\"twitter:data2\" content=\"1\u00a0Minute\" \/>\n<script type=\"application\/ld+json\" class=\"yoast-schema-graph\">{\"@context\":\"https:\/\/schema.org\",\"@graph\":[{\"@type\":\"Article\",\"@id\":\"https:\/\/kulturonline.tv\/de\/gottschalk-und-luepertz-buehne-frei-fuer-zwei-legenden\/#article\",\"isPartOf\":{\"@id\":\"https:\/\/kulturonline.tv\/de\/gottschalk-und-luepertz-buehne-frei-fuer-zwei-legenden\/\"},\"author\":{\"name\":\"guenter.wolfgang\",\"@id\":\"https:\/\/kulturonline.tv\/de\/#\/schema\/person\/b0fac729bb9a0c193fb1df23449df4fe\"},\"headline\":\"Podcast Tipp: &#8222;Gottschalk und L\u00fcpertz\u201c\",\"datePublished\":\"2022-11-24T22:01:38+00:00\",\"dateModified\":\"2023-01-22T13:08:51+00:00\",\"mainEntityOfPage\":{\"@id\":\"https:\/\/kulturonline.tv\/de\/gottschalk-und-luepertz-buehne-frei-fuer-zwei-legenden\/\"},\"wordCount\":217,\"publisher\":{\"@id\":\"https:\/\/kulturonline.tv\/de\/#organization\"},\"image\":{\"@id\":\"https:\/\/kulturonline.tv\/de\/gottschalk-und-luepertz-buehne-frei-fuer-zwei-legenden\/#primaryimage\"},\"thumbnailUrl\":\"https:\/\/kulturonline.tv\/wp-content\/uploads\/2022\/11\/Gottschalk.jpg\",\"articleSection\":[\"Radiothek\"],\"inLanguage\":\"de\"},{\"@type\":\"WebPage\",\"@id\":\"https:\/\/kulturonline.tv\/de\/gottschalk-und-luepertz-buehne-frei-fuer-zwei-legenden\/\",\"url\":\"https:\/\/kulturonline.tv\/de\/gottschalk-und-luepertz-buehne-frei-fuer-zwei-legenden\/\",\"name\":\"Podcast Tipp: \\\"Gottschalk und L\u00fcpertz\u201c - Kultur Online TV &amp; FM\",\"isPartOf\":{\"@id\":\"https:\/\/kulturonline.tv\/de\/#website\"},\"primaryImageOfPage\":{\"@id\":\"https:\/\/kulturonline.tv\/de\/gottschalk-und-luepertz-buehne-frei-fuer-zwei-legenden\/#primaryimage\"},\"image\":{\"@id\":\"https:\/\/kulturonline.tv\/de\/gottschalk-und-luepertz-buehne-frei-fuer-zwei-legenden\/#primaryimage\"},\"thumbnailUrl\":\"https:\/\/kulturonline.tv\/wp-content\/uploads\/2022\/11\/Gottschalk.jpg\",\"datePublished\":\"2022-11-24T22:01:38+00:00\",\"dateModified\":\"2023-01-22T13:08:51+00:00\",\"description\":\"F\u00fcr sein Lebenswerk erhielt Thomas Gottschalk gestern den renommierten MiE-Kunst Award.\",\"breadcrumb\":{\"@id\":\"https:\/\/kulturonline.tv\/de\/gottschalk-und-luepertz-buehne-frei-fuer-zwei-legenden\/#breadcrumb\"},\"inLanguage\":\"de\",\"potentialAction\":[{\"@type\":\"ReadAction\",\"target\":[\"https:\/\/kulturonline.tv\/de\/gottschalk-und-luepertz-buehne-frei-fuer-zwei-legenden\/\"]}]},{\"@type\":\"ImageObject\",\"inLanguage\":\"de\",\"@id\":\"https:\/\/kulturonline.tv\/de\/gottschalk-und-luepertz-buehne-frei-fuer-zwei-legenden\/#primaryimage\",\"url\":\"https:\/\/kulturonline.tv\/wp-content\/uploads\/2022\/11\/Gottschalk.jpg\",\"contentUrl\":\"https:\/\/kulturonline.tv\/wp-content\/uploads\/2022\/11\/Gottschalk.jpg\",\"width\":1600,\"height\":900},{\"@type\":\"BreadcrumbList\",\"@id\":\"https:\/\/kulturonline.tv\/de\/gottschalk-und-luepertz-buehne-frei-fuer-zwei-legenden\/#breadcrumb\",\"itemListElement\":[{\"@type\":\"ListItem\",\"position\":1,\"name\":\"Startseite\",\"item\":\"https:\/\/kulturonline.tv\/de\/\"},{\"@type\":\"ListItem\",\"position\":2,\"name\":\"Podcast Tipp: &#8222;Gottschalk und L\u00fcpertz\u201c\"}]},{\"@type\":\"WebSite\",\"@id\":\"https:\/\/kulturonline.tv\/de\/#website\",\"url\":\"https:\/\/kulturonline.tv\/de\/\",\"name\":\"Kultur Online TV &amp; FM\",\"description\":\"Wir sind Kultur 2.0 zum sehen &amp; h\u00f6ren\",\"publisher\":{\"@id\":\"https:\/\/kulturonline.tv\/de\/#organization\"},\"potentialAction\":[{\"@type\":\"SearchAction\",\"target\":{\"@type\":\"EntryPoint\",\"urlTemplate\":\"https:\/\/kulturonline.tv\/de\/?s={search_term_string}\"},\"query-input\":{\"@type\":\"PropertyValueSpecification\",\"valueRequired\":true,\"valueName\":\"search_term_string\"}}],\"inLanguage\":\"de\"},{\"@type\":\"Organization\",\"@id\":\"https:\/\/kulturonline.tv\/de\/#organization\",\"name\":\"Kultur Online TV\",\"url\":\"https:\/\/kulturonline.tv\/de\/\",\"logo\":{\"@type\":\"ImageObject\",\"inLanguage\":\"de\",\"@id\":\"https:\/\/kulturonline.tv\/de\/#\/schema\/logo\/image\/\",\"url\":\"https:\/\/kulturonline.tv\/wp-content\/uploads\/2021\/08\/Kultur-Online-Tv-Logo-Endversion-neu.png\",\"contentUrl\":\"https:\/\/kulturonline.tv\/wp-content\/uploads\/2021\/08\/Kultur-Online-Tv-Logo-Endversion-neu.png\",\"width\":200,\"height\":200,\"caption\":\"Kultur Online TV\"},\"image\":{\"@id\":\"https:\/\/kulturonline.tv\/de\/#\/schema\/logo\/image\/\"},\"sameAs\":[\"https:\/\/www.facebook.com\/kulturonline.tv\",\"https:\/\/www.instagram.com\/kulturonline.tv\"]},{\"@type\":\"Person\",\"@id\":\"https:\/\/kulturonline.tv\/de\/#\/schema\/person\/b0fac729bb9a0c193fb1df23449df4fe\",\"name\":\"guenter.wolfgang\"}]}<\/script>\n<!-- \/ Yoast SEO plugin. -->","yoast_head_json":{"title":"Podcast Tipp: \"Gottschalk und L\u00fcpertz\u201c - Kultur Online TV &amp; FM","description":"F\u00fcr sein Lebenswerk erhielt Thomas Gottschalk gestern den renommierten MiE-Kunst Award.","robots":{"index":"index","follow":"follow","max-snippet":"max-snippet:-1","max-image-preview":"max-image-preview:large","max-video-preview":"max-video-preview:-1"},"canonical":"https:\/\/kulturonline.tv\/de\/gottschalk-und-luepertz-buehne-frei-fuer-zwei-legenden\/","og_locale":"de_DE","og_type":"article","og_title":"Podcast Tipp: \"Gottschalk und L\u00fcpertz\u201c - Kultur Online TV &amp; FM","og_description":"F\u00fcr sein Lebenswerk erhielt Thomas Gottschalk gestern den renommierten MiE-Kunst Award.","og_url":"https:\/\/kulturonline.tv\/de\/gottschalk-und-luepertz-buehne-frei-fuer-zwei-legenden\/","og_site_name":"Kultur Online TV &amp; FM","article_publisher":"https:\/\/www.facebook.com\/kulturonline.tv","article_published_time":"2022-11-24T22:01:38+00:00","article_modified_time":"2023-01-22T13:08:51+00:00","og_image":[{"width":1600,"height":900,"url":"https:\/\/kulturonline.tv\/wp-content\/uploads\/2022\/11\/Gottschalk.jpg","type":"image\/jpeg"}],"author":"guenter.wolfgang","twitter_card":"summary_large_image","twitter_misc":{"Verfasst von":"guenter.wolfgang","Gesch\u00e4tzte Lesezeit":"1\u00a0Minute"},"schema":{"@context":"https:\/\/schema.org","@graph":[{"@type":"Article","@id":"https:\/\/kulturonline.tv\/de\/gottschalk-und-luepertz-buehne-frei-fuer-zwei-legenden\/#article","isPartOf":{"@id":"https:\/\/kulturonline.tv\/de\/gottschalk-und-luepertz-buehne-frei-fuer-zwei-legenden\/"},"author":{"name":"guenter.wolfgang","@id":"https:\/\/kulturonline.tv\/de\/#\/schema\/person\/b0fac729bb9a0c193fb1df23449df4fe"},"headline":"Podcast Tipp: &#8222;Gottschalk und L\u00fcpertz\u201c","datePublished":"2022-11-24T22:01:38+00:00","dateModified":"2023-01-22T13:08:51+00:00","mainEntityOfPage":{"@id":"https:\/\/kulturonline.tv\/de\/gottschalk-und-luepertz-buehne-frei-fuer-zwei-legenden\/"},"wordCount":217,"publisher":{"@id":"https:\/\/kulturonline.tv\/de\/#organization"},"image":{"@id":"https:\/\/kulturonline.tv\/de\/gottschalk-und-luepertz-buehne-frei-fuer-zwei-legenden\/#primaryimage"},"thumbnailUrl":"https:\/\/kulturonline.tv\/wp-content\/uploads\/2022\/11\/Gottschalk.jpg","articleSection":["Radiothek"],"inLanguage":"de"},{"@type":"WebPage","@id":"https:\/\/kulturonline.tv\/de\/gottschalk-und-luepertz-buehne-frei-fuer-zwei-legenden\/","url":"https:\/\/kulturonline.tv\/de\/gottschalk-und-luepertz-buehne-frei-fuer-zwei-legenden\/","name":"Podcast Tipp: \"Gottschalk und L\u00fcpertz\u201c - Kultur Online TV &amp; FM","isPartOf":{"@id":"https:\/\/kulturonline.tv\/de\/#website"},"primaryImageOfPage":{"@id":"https:\/\/kulturonline.tv\/de\/gottschalk-und-luepertz-buehne-frei-fuer-zwei-legenden\/#primaryimage"},"image":{"@id":"https:\/\/kulturonline.tv\/de\/gottschalk-und-luepertz-buehne-frei-fuer-zwei-legenden\/#primaryimage"},"thumbnailUrl":"https:\/\/kulturonline.tv\/wp-content\/uploads\/2022\/11\/Gottschalk.jpg","datePublished":"2022-11-24T22:01:38+00:00","dateModified":"2023-01-22T13:08:51+00:00","description":"F\u00fcr sein Lebenswerk erhielt Thomas Gottschalk gestern den renommierten MiE-Kunst Award.","breadcrumb":{"@id":"https:\/\/kulturonline.tv\/de\/gottschalk-und-luepertz-buehne-frei-fuer-zwei-legenden\/#breadcrumb"},"inLanguage":"de","potentialAction":[{"@type":"ReadAction","target":["https:\/\/kulturonline.tv\/de\/gottschalk-und-luepertz-buehne-frei-fuer-zwei-legenden\/"]}]},{"@type":"ImageObject","inLanguage":"de","@id":"https:\/\/kulturonline.tv\/de\/gottschalk-und-luepertz-buehne-frei-fuer-zwei-legenden\/#primaryimage","url":"https:\/\/kulturonline.tv\/wp-content\/uploads\/2022\/11\/Gottschalk.jpg","contentUrl":"https:\/\/kulturonline.tv\/wp-content\/uploads\/2022\/11\/Gottschalk.jpg","width":1600,"height":900},{"@type":"BreadcrumbList","@id":"https:\/\/kulturonline.tv\/de\/gottschalk-und-luepertz-buehne-frei-fuer-zwei-legenden\/#breadcrumb","itemListElement":[{"@type":"ListItem","position":1,"name":"Startseite","item":"https:\/\/kulturonline.tv\/de\/"},{"@type":"ListItem","position":2,"name":"Podcast Tipp: &#8222;Gottschalk und L\u00fcpertz\u201c"}]},{"@type":"WebSite","@id":"https:\/\/kulturonline.tv\/de\/#website","url":"https:\/\/kulturonline.tv\/de\/","name":"Kultur Online TV &amp; FM","description":"Wir sind Kultur 2.0 zum sehen &amp; h\u00f6ren","publisher":{"@id":"https:\/\/kulturonline.tv\/de\/#organization"},"potentialAction":[{"@type":"SearchAction","target":{"@type":"EntryPoint","urlTemplate":"https:\/\/kulturonline.tv\/de\/?s={search_term_string}"},"query-input":{"@type":"PropertyValueSpecification","valueRequired":true,"valueName":"search_term_string"}}],"inLanguage":"de"},{"@type":"Organization","@id":"https:\/\/kulturonline.tv\/de\/#organization","name":"Kultur Online TV","url":"https:\/\/kulturonline.tv\/de\/","logo":{"@type":"ImageObject","inLanguage":"de","@id":"https:\/\/kulturonline.tv\/de\/#\/schema\/logo\/image\/","url":"https:\/\/kulturonline.tv\/wp-content\/uploads\/2021\/08\/Kultur-Online-Tv-Logo-Endversion-neu.png","contentUrl":"https:\/\/kulturonline.tv\/wp-content\/uploads\/2021\/08\/Kultur-Online-Tv-Logo-Endversion-neu.png","width":200,"height":200,"caption":"Kultur Online TV"},"image":{"@id":"https:\/\/kulturonline.tv\/de\/#\/schema\/logo\/image\/"},"sameAs":["https:\/\/www.facebook.com\/kulturonline.tv","https:\/\/www.instagram.com\/kulturonline.tv"]},{"@type":"Person","@id":"https:\/\/kulturonline.tv\/de\/#\/schema\/person\/b0fac729bb9a0c193fb1df23449df4fe","name":"guenter.wolfgang"}]}},"_links":{"self":[{"href":"https:\/\/kulturonline.tv\/de\/wp-json\/wp\/v2\/posts\/41511","targetHints":{"allow":["GET"]}}],"collection":[{"href":"https:\/\/kulturonline.tv\/de\/wp-json\/wp\/v2\/posts"}],"about":[{"href":"https:\/\/kulturonline.tv\/de\/wp-json\/wp\/v2\/types\/post"}],"author":[{"embeddable":true,"href":"https:\/\/kulturonline.tv\/de\/wp-json\/wp\/v2\/users\/2"}],"replies":[{"embeddable":true,"href":"https:\/\/kulturonline.tv\/de\/wp-json\/wp\/v2\/comments?post=41511"}],"version-history":[{"count":0,"href":"https:\/\/kulturonline.tv\/de\/wp-json\/wp\/v2\/posts\/41511\/revisions"}],"wp:featuredmedia":[{"embeddable":true,"href":"https:\/\/kulturonline.tv\/de\/wp-json\/wp\/v2\/media\/48522"}],"wp:attachment":[{"href":"https:\/\/kulturonline.tv\/de\/wp-json\/wp\/v2\/media?parent=41511"}],"wp:term":[{"taxonomy":"category","embeddable":true,"href":"https:\/\/kulturonline.tv\/de\/wp-json\/wp\/v2\/categories?post=41511"},{"taxonomy":"post_tag","embeddable":true,"href":"https:\/\/kulturonline.tv\/de\/wp-json\/wp\/v2\/tags?post=41511"}],"curies":[{"name":"wp","href":"https:\/\/api.w.org\/{rel}","templated":true}]}}