{"id":42028,"date":"2022-11-26T22:31:24","date_gmt":"2022-11-26T21:31:24","guid":{"rendered":"https:\/\/kulturonline.tv\/?p=42028"},"modified":"2022-11-26T22:31:26","modified_gmt":"2022-11-26T21:31:26","slug":"wallraf-bibliothek-mit-fast-1000-geretteten-buechern","status":"publish","type":"post","link":"https:\/\/kulturonline.tv\/de\/wallraf-bibliothek-mit-fast-1000-geretteten-buechern\/","title":{"rendered":"Wallraf-Bibliothek mit fast 1000 geretteten B\u00fcchern"},"content":{"rendered":"\n<p>Bisher wurden 970 B\u00fccher aus der Sammlung des K\u00f6lners Ferdinand Franz Wallraf restauriert &#8211; die meisten davon mit Mitteln aus \u00f6ffentlicher Hand.<\/p>\n\n\n\n<figure class=\"wp-block-image size-full is-resized\"><img decoding=\"async\" src=\"https:\/\/kulturonline.tv\/wp-content\/uploads\/2022\/11\/496px-Ferdinand_Franz_Wallraf_Egidius_Mengelberg-Kultur-Online-TV-edited.jpg\" alt=\"\" class=\"wp-image-42031\" width=\"840\" srcset=\"https:\/\/kulturonline.tv\/wp-content\/uploads\/2022\/11\/496px-Ferdinand_Franz_Wallraf_Egidius_Mengelberg-Kultur-Online-TV-edited.jpg 496w, https:\/\/kulturonline.tv\/wp-content\/uploads\/2022\/11\/496px-Ferdinand_Franz_Wallraf_Egidius_Mengelberg-Kultur-Online-TV-edited-416x234.jpg 416w\" sizes=\"(max-width: 496px) 100vw, 496px\" \/><figcaption class=\"wp-element-caption\">\u00a9 Wallraf\u2013Richartz Museum, Public domain, via Wikimedia Commons<\/figcaption><\/figure>\n\n\n\n<p>Ziel ist es, bis zum 200. Todestag Wallrafs im Jahr 2024 seine gesamte Bibliothek instand zu setzen und die wertvollen Kulturobjekte damit wieder im Lesesaal Historische Sammlungen zur Verf\u00fcgung stellen zu k\u00f6nnen. Geplant sind dann Ausstellungen in K\u00f6ln und Berlin.<\/p>\n\n\n\n<p>F\u00fcr die n\u00e4chsten B\u00e4nde sucht die Universit\u00e4ts- und Stadtbibliothek K\u00f6ln jetzt Menschen, die eine Buchpatenschaft \u00fcbernehmen oder verschenken wollen.<\/p>\n\n\n\n<p>Ferdinand Franz Wallraf, geb. 1748 in K\u00f6ln, pr\u00e4gte wie kaum ein zweiter B\u00fcrger seiner Zeit das kulturelle Leben in seiner Heimatstadt. 1793 wurde er sogar zum letzten Rektor der alten Universit\u00e4t zu K\u00f6ln gew\u00e4hlt.<\/p>\n\n\n\n<p>Durch die Vielzahl der Studien- und Lehrf\u00e4cher, die Wallraf an der Universit\u00e4t besch\u00e4ftigten, seine Leidenschaft f\u00fcr die Buchproduktion und durch seine Bem\u00fchungen um Restbest\u00e4nde von Bibliotheken, kam eine universelle B\u00fcchersammlung zustande. Seine Bibliothek verstand er als Grundstock f\u00fcr die Literaturversorgung f\u00fcr Forschung und Lehre.<\/p>\n\n\n\n<p>#literatur #kultur<\/p>\n","protected":false},"excerpt":{"rendered":"<p>Bisher wurden 970 B\u00fccher aus der Sammlung des K\u00f6lners Ferdinand Franz Wallraf restauriert &#8211; die meisten davon mit Mitteln aus \u00f6ffentlicher Hand. Ziel ist es, bis zum 200. Todestag Wallrafs im Jahr 2024 seine gesamte Bibliothek instand zu setzen und die wertvollen Kulturobjekte damit wieder im Lesesaal Historische Sammlungen zur Verf\u00fcgung stellen zu k\u00f6nnen. Geplant [&hellip;]<\/p>\n","protected":false},"author":2,"featured_media":42031,"comment_status":"closed","ping_status":"closed","sticky":false,"template":"","format":"standard","meta":{"_acf_changed":false,"footnotes":""},"categories":[106],"tags":[],"class_list":["post-42028","post","type-post","status-publish","format-standard","has-post-thumbnail","hentry","category-literatur"],"acf":[],"yoast_head":"<!-- This site is optimized with the Yoast SEO plugin v26.1.1 - https:\/\/yoast.com\/wordpress\/plugins\/seo\/ -->\n<title>Wallraf-Bibliothek mit fast 1000 geretteten B\u00fcchern - Kultur Online TV &amp; FM<\/title>\n<meta name=\"description\" content=\"Ziel ist es, bis zum 200. Todestag Wallrafs im Jahr 2024 seine gesamte Bibliothek instand zu setzen und die wertvollen Kulturobjekte damit wieder im Lesesaal Historische Sammlungen zur Verf\u00fcgung stellen zu k\u00f6nnen. Geplant sind dann Ausstellungen in K\u00f6ln und Berlin.\" \/>\n<meta name=\"robots\" content=\"index, follow, max-snippet:-1, max-image-preview:large, max-video-preview:-1\" \/>\n<link rel=\"canonical\" href=\"https:\/\/kulturonline.tv\/de\/wallraf-bibliothek-mit-fast-1000-geretteten-buechern\/\" \/>\n<meta property=\"og:locale\" content=\"de_DE\" \/>\n<meta property=\"og:type\" content=\"article\" \/>\n<meta property=\"og:title\" content=\"Wallraf-Bibliothek mit fast 1000 geretteten B\u00fcchern - Kultur Online TV &amp; FM\" \/>\n<meta property=\"og:description\" content=\"Ziel ist es, bis zum 200. Todestag Wallrafs im Jahr 2024 seine gesamte Bibliothek instand zu setzen und die wertvollen Kulturobjekte damit wieder im Lesesaal Historische Sammlungen zur Verf\u00fcgung stellen zu k\u00f6nnen. Geplant sind dann Ausstellungen in K\u00f6ln und Berlin.\" \/>\n<meta property=\"og:url\" content=\"https:\/\/kulturonline.tv\/de\/wallraf-bibliothek-mit-fast-1000-geretteten-buechern\/\" \/>\n<meta property=\"og:site_name\" content=\"Kultur Online TV &amp; FM\" \/>\n<meta property=\"article:publisher\" content=\"https:\/\/www.facebook.com\/kulturonline.tv\" \/>\n<meta property=\"article:published_time\" content=\"2022-11-26T21:31:24+00:00\" \/>\n<meta property=\"article:modified_time\" content=\"2022-11-26T21:31:26+00:00\" \/>\n<meta property=\"og:image\" content=\"https:\/\/kulturonline.tv\/wp-content\/uploads\/2022\/11\/496px-Ferdinand_Franz_Wallraf_Egidius_Mengelberg-Kultur-Online-TV-edited.jpg\" \/>\n\t<meta property=\"og:image:width\" content=\"496\" \/>\n\t<meta property=\"og:image:height\" content=\"279\" \/>\n\t<meta property=\"og:image:type\" content=\"image\/jpeg\" \/>\n<meta name=\"author\" content=\"guenter.wolfgang\" \/>\n<meta name=\"twitter:card\" content=\"summary_large_image\" \/>\n<meta name=\"twitter:label1\" content=\"Verfasst von\" \/>\n\t<meta name=\"twitter:data1\" content=\"guenter.wolfgang\" \/>\n\t<meta name=\"twitter:label2\" content=\"Gesch\u00e4tzte Lesezeit\" \/>\n\t<meta name=\"twitter:data2\" content=\"1\u00a0Minute\" \/>\n<script type=\"application\/ld+json\" class=\"yoast-schema-graph\">{\"@context\":\"https:\/\/schema.org\",\"@graph\":[{\"@type\":\"Article\",\"@id\":\"https:\/\/kulturonline.tv\/de\/wallraf-bibliothek-mit-fast-1000-geretteten-buechern\/#article\",\"isPartOf\":{\"@id\":\"https:\/\/kulturonline.tv\/de\/wallraf-bibliothek-mit-fast-1000-geretteten-buechern\/\"},\"author\":{\"name\":\"guenter.wolfgang\",\"@id\":\"https:\/\/kulturonline.tv\/de\/#\/schema\/person\/b0fac729bb9a0c193fb1df23449df4fe\"},\"headline\":\"Wallraf-Bibliothek mit fast 1000 geretteten B\u00fcchern\",\"datePublished\":\"2022-11-26T21:31:24+00:00\",\"dateModified\":\"2022-11-26T21:31:26+00:00\",\"mainEntityOfPage\":{\"@id\":\"https:\/\/kulturonline.tv\/de\/wallraf-bibliothek-mit-fast-1000-geretteten-buechern\/\"},\"wordCount\":195,\"publisher\":{\"@id\":\"https:\/\/kulturonline.tv\/de\/#organization\"},\"image\":{\"@id\":\"https:\/\/kulturonline.tv\/de\/wallraf-bibliothek-mit-fast-1000-geretteten-buechern\/#primaryimage\"},\"thumbnailUrl\":\"https:\/\/kulturonline.tv\/wp-content\/uploads\/2022\/11\/496px-Ferdinand_Franz_Wallraf_Egidius_Mengelberg-Kultur-Online-TV-edited.jpg\",\"articleSection\":[\"Literatur\"],\"inLanguage\":\"de\"},{\"@type\":\"WebPage\",\"@id\":\"https:\/\/kulturonline.tv\/de\/wallraf-bibliothek-mit-fast-1000-geretteten-buechern\/\",\"url\":\"https:\/\/kulturonline.tv\/de\/wallraf-bibliothek-mit-fast-1000-geretteten-buechern\/\",\"name\":\"Wallraf-Bibliothek mit fast 1000 geretteten B\u00fcchern - Kultur Online TV &amp; FM\",\"isPartOf\":{\"@id\":\"https:\/\/kulturonline.tv\/de\/#website\"},\"primaryImageOfPage\":{\"@id\":\"https:\/\/kulturonline.tv\/de\/wallraf-bibliothek-mit-fast-1000-geretteten-buechern\/#primaryimage\"},\"image\":{\"@id\":\"https:\/\/kulturonline.tv\/de\/wallraf-bibliothek-mit-fast-1000-geretteten-buechern\/#primaryimage\"},\"thumbnailUrl\":\"https:\/\/kulturonline.tv\/wp-content\/uploads\/2022\/11\/496px-Ferdinand_Franz_Wallraf_Egidius_Mengelberg-Kultur-Online-TV-edited.jpg\",\"datePublished\":\"2022-11-26T21:31:24+00:00\",\"dateModified\":\"2022-11-26T21:31:26+00:00\",\"description\":\"Ziel ist es, bis zum 200. Todestag Wallrafs im Jahr 2024 seine gesamte Bibliothek instand zu setzen und die wertvollen Kulturobjekte damit wieder im Lesesaal Historische Sammlungen zur Verf\u00fcgung stellen zu k\u00f6nnen. Geplant sind dann Ausstellungen in K\u00f6ln und Berlin.\",\"breadcrumb\":{\"@id\":\"https:\/\/kulturonline.tv\/de\/wallraf-bibliothek-mit-fast-1000-geretteten-buechern\/#breadcrumb\"},\"inLanguage\":\"de\",\"potentialAction\":[{\"@type\":\"ReadAction\",\"target\":[\"https:\/\/kulturonline.tv\/de\/wallraf-bibliothek-mit-fast-1000-geretteten-buechern\/\"]}]},{\"@type\":\"ImageObject\",\"inLanguage\":\"de\",\"@id\":\"https:\/\/kulturonline.tv\/de\/wallraf-bibliothek-mit-fast-1000-geretteten-buechern\/#primaryimage\",\"url\":\"https:\/\/kulturonline.tv\/wp-content\/uploads\/2022\/11\/496px-Ferdinand_Franz_Wallraf_Egidius_Mengelberg-Kultur-Online-TV-edited.jpg\",\"contentUrl\":\"https:\/\/kulturonline.tv\/wp-content\/uploads\/2022\/11\/496px-Ferdinand_Franz_Wallraf_Egidius_Mengelberg-Kultur-Online-TV-edited.jpg\",\"width\":496,\"height\":279},{\"@type\":\"BreadcrumbList\",\"@id\":\"https:\/\/kulturonline.tv\/de\/wallraf-bibliothek-mit-fast-1000-geretteten-buechern\/#breadcrumb\",\"itemListElement\":[{\"@type\":\"ListItem\",\"position\":1,\"name\":\"Startseite\",\"item\":\"https:\/\/kulturonline.tv\/de\/\"},{\"@type\":\"ListItem\",\"position\":2,\"name\":\"Wallraf-Bibliothek mit fast 1000 geretteten B\u00fcchern\"}]},{\"@type\":\"WebSite\",\"@id\":\"https:\/\/kulturonline.tv\/de\/#website\",\"url\":\"https:\/\/kulturonline.tv\/de\/\",\"name\":\"Kultur Online TV &amp; FM\",\"description\":\"Wir sind Kultur 2.0 zum sehen &amp; h\u00f6ren\",\"publisher\":{\"@id\":\"https:\/\/kulturonline.tv\/de\/#organization\"},\"potentialAction\":[{\"@type\":\"SearchAction\",\"target\":{\"@type\":\"EntryPoint\",\"urlTemplate\":\"https:\/\/kulturonline.tv\/de\/?s={search_term_string}\"},\"query-input\":{\"@type\":\"PropertyValueSpecification\",\"valueRequired\":true,\"valueName\":\"search_term_string\"}}],\"inLanguage\":\"de\"},{\"@type\":\"Organization\",\"@id\":\"https:\/\/kulturonline.tv\/de\/#organization\",\"name\":\"Kultur Online TV\",\"url\":\"https:\/\/kulturonline.tv\/de\/\",\"logo\":{\"@type\":\"ImageObject\",\"inLanguage\":\"de\",\"@id\":\"https:\/\/kulturonline.tv\/de\/#\/schema\/logo\/image\/\",\"url\":\"https:\/\/kulturonline.tv\/wp-content\/uploads\/2021\/08\/Kultur-Online-Tv-Logo-Endversion-neu.png\",\"contentUrl\":\"https:\/\/kulturonline.tv\/wp-content\/uploads\/2021\/08\/Kultur-Online-Tv-Logo-Endversion-neu.png\",\"width\":200,\"height\":200,\"caption\":\"Kultur Online TV\"},\"image\":{\"@id\":\"https:\/\/kulturonline.tv\/de\/#\/schema\/logo\/image\/\"},\"sameAs\":[\"https:\/\/www.facebook.com\/kulturonline.tv\",\"https:\/\/www.instagram.com\/kulturonline.tv\"]},{\"@type\":\"Person\",\"@id\":\"https:\/\/kulturonline.tv\/de\/#\/schema\/person\/b0fac729bb9a0c193fb1df23449df4fe\",\"name\":\"guenter.wolfgang\"}]}<\/script>\n<!-- \/ Yoast SEO plugin. -->","yoast_head_json":{"title":"Wallraf-Bibliothek mit fast 1000 geretteten B\u00fcchern - Kultur Online TV &amp; FM","description":"Ziel ist es, bis zum 200. Todestag Wallrafs im Jahr 2024 seine gesamte Bibliothek instand zu setzen und die wertvollen Kulturobjekte damit wieder im Lesesaal Historische Sammlungen zur Verf\u00fcgung stellen zu k\u00f6nnen. Geplant sind dann Ausstellungen in K\u00f6ln und Berlin.","robots":{"index":"index","follow":"follow","max-snippet":"max-snippet:-1","max-image-preview":"max-image-preview:large","max-video-preview":"max-video-preview:-1"},"canonical":"https:\/\/kulturonline.tv\/de\/wallraf-bibliothek-mit-fast-1000-geretteten-buechern\/","og_locale":"de_DE","og_type":"article","og_title":"Wallraf-Bibliothek mit fast 1000 geretteten B\u00fcchern - Kultur Online TV &amp; FM","og_description":"Ziel ist es, bis zum 200. Todestag Wallrafs im Jahr 2024 seine gesamte Bibliothek instand zu setzen und die wertvollen Kulturobjekte damit wieder im Lesesaal Historische Sammlungen zur Verf\u00fcgung stellen zu k\u00f6nnen. Geplant sind dann Ausstellungen in K\u00f6ln und Berlin.","og_url":"https:\/\/kulturonline.tv\/de\/wallraf-bibliothek-mit-fast-1000-geretteten-buechern\/","og_site_name":"Kultur Online TV &amp; FM","article_publisher":"https:\/\/www.facebook.com\/kulturonline.tv","article_published_time":"2022-11-26T21:31:24+00:00","article_modified_time":"2022-11-26T21:31:26+00:00","og_image":[{"width":496,"height":279,"url":"https:\/\/kulturonline.tv\/wp-content\/uploads\/2022\/11\/496px-Ferdinand_Franz_Wallraf_Egidius_Mengelberg-Kultur-Online-TV-edited.jpg","type":"image\/jpeg"}],"author":"guenter.wolfgang","twitter_card":"summary_large_image","twitter_misc":{"Verfasst von":"guenter.wolfgang","Gesch\u00e4tzte Lesezeit":"1\u00a0Minute"},"schema":{"@context":"https:\/\/schema.org","@graph":[{"@type":"Article","@id":"https:\/\/kulturonline.tv\/de\/wallraf-bibliothek-mit-fast-1000-geretteten-buechern\/#article","isPartOf":{"@id":"https:\/\/kulturonline.tv\/de\/wallraf-bibliothek-mit-fast-1000-geretteten-buechern\/"},"author":{"name":"guenter.wolfgang","@id":"https:\/\/kulturonline.tv\/de\/#\/schema\/person\/b0fac729bb9a0c193fb1df23449df4fe"},"headline":"Wallraf-Bibliothek mit fast 1000 geretteten B\u00fcchern","datePublished":"2022-11-26T21:31:24+00:00","dateModified":"2022-11-26T21:31:26+00:00","mainEntityOfPage":{"@id":"https:\/\/kulturonline.tv\/de\/wallraf-bibliothek-mit-fast-1000-geretteten-buechern\/"},"wordCount":195,"publisher":{"@id":"https:\/\/kulturonline.tv\/de\/#organization"},"image":{"@id":"https:\/\/kulturonline.tv\/de\/wallraf-bibliothek-mit-fast-1000-geretteten-buechern\/#primaryimage"},"thumbnailUrl":"https:\/\/kulturonline.tv\/wp-content\/uploads\/2022\/11\/496px-Ferdinand_Franz_Wallraf_Egidius_Mengelberg-Kultur-Online-TV-edited.jpg","articleSection":["Literatur"],"inLanguage":"de"},{"@type":"WebPage","@id":"https:\/\/kulturonline.tv\/de\/wallraf-bibliothek-mit-fast-1000-geretteten-buechern\/","url":"https:\/\/kulturonline.tv\/de\/wallraf-bibliothek-mit-fast-1000-geretteten-buechern\/","name":"Wallraf-Bibliothek mit fast 1000 geretteten B\u00fcchern - Kultur Online TV &amp; FM","isPartOf":{"@id":"https:\/\/kulturonline.tv\/de\/#website"},"primaryImageOfPage":{"@id":"https:\/\/kulturonline.tv\/de\/wallraf-bibliothek-mit-fast-1000-geretteten-buechern\/#primaryimage"},"image":{"@id":"https:\/\/kulturonline.tv\/de\/wallraf-bibliothek-mit-fast-1000-geretteten-buechern\/#primaryimage"},"thumbnailUrl":"https:\/\/kulturonline.tv\/wp-content\/uploads\/2022\/11\/496px-Ferdinand_Franz_Wallraf_Egidius_Mengelberg-Kultur-Online-TV-edited.jpg","datePublished":"2022-11-26T21:31:24+00:00","dateModified":"2022-11-26T21:31:26+00:00","description":"Ziel ist es, bis zum 200. Todestag Wallrafs im Jahr 2024 seine gesamte Bibliothek instand zu setzen und die wertvollen Kulturobjekte damit wieder im Lesesaal Historische Sammlungen zur Verf\u00fcgung stellen zu k\u00f6nnen. Geplant sind dann Ausstellungen in K\u00f6ln und Berlin.","breadcrumb":{"@id":"https:\/\/kulturonline.tv\/de\/wallraf-bibliothek-mit-fast-1000-geretteten-buechern\/#breadcrumb"},"inLanguage":"de","potentialAction":[{"@type":"ReadAction","target":["https:\/\/kulturonline.tv\/de\/wallraf-bibliothek-mit-fast-1000-geretteten-buechern\/"]}]},{"@type":"ImageObject","inLanguage":"de","@id":"https:\/\/kulturonline.tv\/de\/wallraf-bibliothek-mit-fast-1000-geretteten-buechern\/#primaryimage","url":"https:\/\/kulturonline.tv\/wp-content\/uploads\/2022\/11\/496px-Ferdinand_Franz_Wallraf_Egidius_Mengelberg-Kultur-Online-TV-edited.jpg","contentUrl":"https:\/\/kulturonline.tv\/wp-content\/uploads\/2022\/11\/496px-Ferdinand_Franz_Wallraf_Egidius_Mengelberg-Kultur-Online-TV-edited.jpg","width":496,"height":279},{"@type":"BreadcrumbList","@id":"https:\/\/kulturonline.tv\/de\/wallraf-bibliothek-mit-fast-1000-geretteten-buechern\/#breadcrumb","itemListElement":[{"@type":"ListItem","position":1,"name":"Startseite","item":"https:\/\/kulturonline.tv\/de\/"},{"@type":"ListItem","position":2,"name":"Wallraf-Bibliothek mit fast 1000 geretteten B\u00fcchern"}]},{"@type":"WebSite","@id":"https:\/\/kulturonline.tv\/de\/#website","url":"https:\/\/kulturonline.tv\/de\/","name":"Kultur Online TV &amp; FM","description":"Wir sind Kultur 2.0 zum sehen &amp; h\u00f6ren","publisher":{"@id":"https:\/\/kulturonline.tv\/de\/#organization"},"potentialAction":[{"@type":"SearchAction","target":{"@type":"EntryPoint","urlTemplate":"https:\/\/kulturonline.tv\/de\/?s={search_term_string}"},"query-input":{"@type":"PropertyValueSpecification","valueRequired":true,"valueName":"search_term_string"}}],"inLanguage":"de"},{"@type":"Organization","@id":"https:\/\/kulturonline.tv\/de\/#organization","name":"Kultur Online TV","url":"https:\/\/kulturonline.tv\/de\/","logo":{"@type":"ImageObject","inLanguage":"de","@id":"https:\/\/kulturonline.tv\/de\/#\/schema\/logo\/image\/","url":"https:\/\/kulturonline.tv\/wp-content\/uploads\/2021\/08\/Kultur-Online-Tv-Logo-Endversion-neu.png","contentUrl":"https:\/\/kulturonline.tv\/wp-content\/uploads\/2021\/08\/Kultur-Online-Tv-Logo-Endversion-neu.png","width":200,"height":200,"caption":"Kultur Online TV"},"image":{"@id":"https:\/\/kulturonline.tv\/de\/#\/schema\/logo\/image\/"},"sameAs":["https:\/\/www.facebook.com\/kulturonline.tv","https:\/\/www.instagram.com\/kulturonline.tv"]},{"@type":"Person","@id":"https:\/\/kulturonline.tv\/de\/#\/schema\/person\/b0fac729bb9a0c193fb1df23449df4fe","name":"guenter.wolfgang"}]}},"_links":{"self":[{"href":"https:\/\/kulturonline.tv\/de\/wp-json\/wp\/v2\/posts\/42028","targetHints":{"allow":["GET"]}}],"collection":[{"href":"https:\/\/kulturonline.tv\/de\/wp-json\/wp\/v2\/posts"}],"about":[{"href":"https:\/\/kulturonline.tv\/de\/wp-json\/wp\/v2\/types\/post"}],"author":[{"embeddable":true,"href":"https:\/\/kulturonline.tv\/de\/wp-json\/wp\/v2\/users\/2"}],"replies":[{"embeddable":true,"href":"https:\/\/kulturonline.tv\/de\/wp-json\/wp\/v2\/comments?post=42028"}],"version-history":[{"count":0,"href":"https:\/\/kulturonline.tv\/de\/wp-json\/wp\/v2\/posts\/42028\/revisions"}],"wp:featuredmedia":[{"embeddable":true,"href":"https:\/\/kulturonline.tv\/de\/wp-json\/wp\/v2\/media\/42031"}],"wp:attachment":[{"href":"https:\/\/kulturonline.tv\/de\/wp-json\/wp\/v2\/media?parent=42028"}],"wp:term":[{"taxonomy":"category","embeddable":true,"href":"https:\/\/kulturonline.tv\/de\/wp-json\/wp\/v2\/categories?post=42028"},{"taxonomy":"post_tag","embeddable":true,"href":"https:\/\/kulturonline.tv\/de\/wp-json\/wp\/v2\/tags?post=42028"}],"curies":[{"name":"wp","href":"https:\/\/api.w.org\/{rel}","templated":true}]}}