{"id":42037,"date":"2022-11-26T22:47:26","date_gmt":"2022-11-26T21:47:26","guid":{"rendered":"https:\/\/kulturonline.tv\/?p=42037"},"modified":"2022-11-26T22:47:28","modified_gmt":"2022-11-26T21:47:28","slug":"yasmina-reza-bekommt-deutsch-franzoesische-auszeichnung","status":"publish","type":"post","link":"https:\/\/kulturonline.tv\/de\/yasmina-reza-bekommt-deutsch-franzoesische-auszeichnung\/","title":{"rendered":"Yasmina Reza bekommt deutsch-franz\u00f6sische Auszeichnung"},"content":{"rendered":"\n<p>Die franz\u00f6sische Theaterautorin begeistere mit ihren bitterb\u00f6sen Theaterst\u00fccken voller Witz und Eleganz.<\/p>\n\n\n\n<figure class=\"wp-block-image size-full\"><img fetchpriority=\"high\" decoding=\"async\" width=\"1049\" height=\"590\" src=\"https:\/\/kulturonline.tv\/wp-content\/uploads\/2022\/11\/resa-edited.png\" alt=\"\" class=\"wp-image-42044\" srcset=\"https:\/\/kulturonline.tv\/wp-content\/uploads\/2022\/11\/resa-edited.png 1049w, https:\/\/kulturonline.tv\/wp-content\/uploads\/2022\/11\/resa-edited-600x337.png 600w, https:\/\/kulturonline.tv\/wp-content\/uploads\/2022\/11\/resa-edited-800x450.png 800w, https:\/\/kulturonline.tv\/wp-content\/uploads\/2022\/11\/resa-edited-768x432.png 768w\" sizes=\"(max-width: 1049px) 100vw, 1049px\" \/><\/figure>\n\n\n\n<p>Der Preis ist mit 10.000 Euro dotiert. Er werde an Menschen, Institutionen oder Projekte verliehen, die zur Vertiefung der Beziehungen zwischen Deutschland und Frankreich beitragen.<\/p>\n\n\n\n<p>Zu ihren Werken z\u00e4hlt der 2022 erschienene Roman Serge, in dem sich Nachkommen von Holocaust-\u00dcberlebenden ihrer Vergangenheit stellen. Das Theaterst\u00fcck Der Gott des Gemetzels wurde im Jahr 2011 von dem Regisseur Roman Polanski verfilmt.<\/p>\n\n\n\n<p>Kultur Online TV<\/p>\n\n\n\n<p>#literatur #news #kultur<\/p>\n","protected":false},"excerpt":{"rendered":"<p>Die franz\u00f6sische Theaterautorin begeistere mit ihren bitterb\u00f6sen Theaterst\u00fccken voller Witz und Eleganz. Der Preis ist mit 10.000 Euro dotiert. Er werde an Menschen, Institutionen oder Projekte verliehen, die zur Vertiefung der Beziehungen zwischen Deutschland und Frankreich beitragen. Zu ihren Werken z\u00e4hlt der 2022 erschienene Roman Serge, in dem sich Nachkommen von Holocaust-\u00dcberlebenden ihrer Vergangenheit stellen. [&hellip;]<\/p>\n","protected":false},"author":2,"featured_media":42044,"comment_status":"closed","ping_status":"closed","sticky":false,"template":"","format":"standard","meta":{"_acf_changed":false,"footnotes":""},"categories":[106],"tags":[],"class_list":["post-42037","post","type-post","status-publish","format-standard","has-post-thumbnail","hentry","category-literatur"],"acf":[],"yoast_head":"<!-- This site is optimized with the Yoast SEO plugin v26.1.1 - https:\/\/yoast.com\/wordpress\/plugins\/seo\/ -->\n<title>Yasmina Reza bekommt deutsch-franz\u00f6sische Auszeichnung - Kultur Online TV &amp; FM<\/title>\n<meta name=\"description\" content=\"Der Preis ist mit 10.000 Euro dotiert. Er werde an Menschen, Institutionen oder Projekte verliehen, die zur Vertiefung der Beziehungen zwischen Deutschland und Frankreich beitragen.\" \/>\n<meta name=\"robots\" content=\"index, follow, max-snippet:-1, max-image-preview:large, max-video-preview:-1\" \/>\n<link rel=\"canonical\" href=\"https:\/\/kulturonline.tv\/de\/yasmina-reza-bekommt-deutsch-franzoesische-auszeichnung\/\" \/>\n<meta property=\"og:locale\" content=\"de_DE\" \/>\n<meta property=\"og:type\" content=\"article\" \/>\n<meta property=\"og:title\" content=\"Yasmina Reza bekommt deutsch-franz\u00f6sische Auszeichnung - Kultur Online TV &amp; FM\" \/>\n<meta property=\"og:description\" content=\"Der Preis ist mit 10.000 Euro dotiert. Er werde an Menschen, Institutionen oder Projekte verliehen, die zur Vertiefung der Beziehungen zwischen Deutschland und Frankreich beitragen.\" \/>\n<meta property=\"og:url\" content=\"https:\/\/kulturonline.tv\/de\/yasmina-reza-bekommt-deutsch-franzoesische-auszeichnung\/\" \/>\n<meta property=\"og:site_name\" content=\"Kultur Online TV &amp; FM\" \/>\n<meta property=\"article:publisher\" content=\"https:\/\/www.facebook.com\/kulturonline.tv\" \/>\n<meta property=\"article:published_time\" content=\"2022-11-26T21:47:26+00:00\" \/>\n<meta property=\"article:modified_time\" content=\"2022-11-26T21:47:28+00:00\" \/>\n<meta property=\"og:image\" content=\"https:\/\/kulturonline.tv\/wp-content\/uploads\/2022\/11\/resa-edited.png\" \/>\n\t<meta property=\"og:image:width\" content=\"1049\" \/>\n\t<meta property=\"og:image:height\" content=\"590\" \/>\n\t<meta property=\"og:image:type\" content=\"image\/png\" \/>\n<meta name=\"author\" content=\"guenter.wolfgang\" \/>\n<meta name=\"twitter:card\" content=\"summary_large_image\" \/>\n<meta name=\"twitter:label1\" content=\"Verfasst von\" \/>\n\t<meta name=\"twitter:data1\" content=\"guenter.wolfgang\" \/>\n<script type=\"application\/ld+json\" class=\"yoast-schema-graph\">{\"@context\":\"https:\/\/schema.org\",\"@graph\":[{\"@type\":\"Article\",\"@id\":\"https:\/\/kulturonline.tv\/de\/yasmina-reza-bekommt-deutsch-franzoesische-auszeichnung\/#article\",\"isPartOf\":{\"@id\":\"https:\/\/kulturonline.tv\/de\/yasmina-reza-bekommt-deutsch-franzoesische-auszeichnung\/\"},\"author\":{\"name\":\"guenter.wolfgang\",\"@id\":\"https:\/\/kulturonline.tv\/de\/#\/schema\/person\/b0fac729bb9a0c193fb1df23449df4fe\"},\"headline\":\"Yasmina Reza bekommt deutsch-franz\u00f6sische Auszeichnung\",\"datePublished\":\"2022-11-26T21:47:26+00:00\",\"dateModified\":\"2022-11-26T21:47:28+00:00\",\"mainEntityOfPage\":{\"@id\":\"https:\/\/kulturonline.tv\/de\/yasmina-reza-bekommt-deutsch-franzoesische-auszeichnung\/\"},\"wordCount\":86,\"publisher\":{\"@id\":\"https:\/\/kulturonline.tv\/de\/#organization\"},\"image\":{\"@id\":\"https:\/\/kulturonline.tv\/de\/yasmina-reza-bekommt-deutsch-franzoesische-auszeichnung\/#primaryimage\"},\"thumbnailUrl\":\"https:\/\/kulturonline.tv\/wp-content\/uploads\/2022\/11\/resa-edited.png\",\"articleSection\":[\"Literatur\"],\"inLanguage\":\"de\"},{\"@type\":\"WebPage\",\"@id\":\"https:\/\/kulturonline.tv\/de\/yasmina-reza-bekommt-deutsch-franzoesische-auszeichnung\/\",\"url\":\"https:\/\/kulturonline.tv\/de\/yasmina-reza-bekommt-deutsch-franzoesische-auszeichnung\/\",\"name\":\"Yasmina Reza bekommt deutsch-franz\u00f6sische Auszeichnung - Kultur Online TV &amp; FM\",\"isPartOf\":{\"@id\":\"https:\/\/kulturonline.tv\/de\/#website\"},\"primaryImageOfPage\":{\"@id\":\"https:\/\/kulturonline.tv\/de\/yasmina-reza-bekommt-deutsch-franzoesische-auszeichnung\/#primaryimage\"},\"image\":{\"@id\":\"https:\/\/kulturonline.tv\/de\/yasmina-reza-bekommt-deutsch-franzoesische-auszeichnung\/#primaryimage\"},\"thumbnailUrl\":\"https:\/\/kulturonline.tv\/wp-content\/uploads\/2022\/11\/resa-edited.png\",\"datePublished\":\"2022-11-26T21:47:26+00:00\",\"dateModified\":\"2022-11-26T21:47:28+00:00\",\"description\":\"Der Preis ist mit 10.000 Euro dotiert. Er werde an Menschen, Institutionen oder Projekte verliehen, die zur Vertiefung der Beziehungen zwischen Deutschland und Frankreich beitragen.\",\"breadcrumb\":{\"@id\":\"https:\/\/kulturonline.tv\/de\/yasmina-reza-bekommt-deutsch-franzoesische-auszeichnung\/#breadcrumb\"},\"inLanguage\":\"de\",\"potentialAction\":[{\"@type\":\"ReadAction\",\"target\":[\"https:\/\/kulturonline.tv\/de\/yasmina-reza-bekommt-deutsch-franzoesische-auszeichnung\/\"]}]},{\"@type\":\"ImageObject\",\"inLanguage\":\"de\",\"@id\":\"https:\/\/kulturonline.tv\/de\/yasmina-reza-bekommt-deutsch-franzoesische-auszeichnung\/#primaryimage\",\"url\":\"https:\/\/kulturonline.tv\/wp-content\/uploads\/2022\/11\/resa-edited.png\",\"contentUrl\":\"https:\/\/kulturonline.tv\/wp-content\/uploads\/2022\/11\/resa-edited.png\",\"width\":1049,\"height\":590},{\"@type\":\"BreadcrumbList\",\"@id\":\"https:\/\/kulturonline.tv\/de\/yasmina-reza-bekommt-deutsch-franzoesische-auszeichnung\/#breadcrumb\",\"itemListElement\":[{\"@type\":\"ListItem\",\"position\":1,\"name\":\"Startseite\",\"item\":\"https:\/\/kulturonline.tv\/de\/\"},{\"@type\":\"ListItem\",\"position\":2,\"name\":\"Yasmina Reza bekommt deutsch-franz\u00f6sische Auszeichnung\"}]},{\"@type\":\"WebSite\",\"@id\":\"https:\/\/kulturonline.tv\/de\/#website\",\"url\":\"https:\/\/kulturonline.tv\/de\/\",\"name\":\"Kultur Online TV &amp; FM\",\"description\":\"Wir sind Kultur 2.0 zum sehen &amp; h\u00f6ren\",\"publisher\":{\"@id\":\"https:\/\/kulturonline.tv\/de\/#organization\"},\"potentialAction\":[{\"@type\":\"SearchAction\",\"target\":{\"@type\":\"EntryPoint\",\"urlTemplate\":\"https:\/\/kulturonline.tv\/de\/?s={search_term_string}\"},\"query-input\":{\"@type\":\"PropertyValueSpecification\",\"valueRequired\":true,\"valueName\":\"search_term_string\"}}],\"inLanguage\":\"de\"},{\"@type\":\"Organization\",\"@id\":\"https:\/\/kulturonline.tv\/de\/#organization\",\"name\":\"Kultur Online TV\",\"url\":\"https:\/\/kulturonline.tv\/de\/\",\"logo\":{\"@type\":\"ImageObject\",\"inLanguage\":\"de\",\"@id\":\"https:\/\/kulturonline.tv\/de\/#\/schema\/logo\/image\/\",\"url\":\"https:\/\/kulturonline.tv\/wp-content\/uploads\/2021\/08\/Kultur-Online-Tv-Logo-Endversion-neu.png\",\"contentUrl\":\"https:\/\/kulturonline.tv\/wp-content\/uploads\/2021\/08\/Kultur-Online-Tv-Logo-Endversion-neu.png\",\"width\":200,\"height\":200,\"caption\":\"Kultur Online TV\"},\"image\":{\"@id\":\"https:\/\/kulturonline.tv\/de\/#\/schema\/logo\/image\/\"},\"sameAs\":[\"https:\/\/www.facebook.com\/kulturonline.tv\",\"https:\/\/www.instagram.com\/kulturonline.tv\"]},{\"@type\":\"Person\",\"@id\":\"https:\/\/kulturonline.tv\/de\/#\/schema\/person\/b0fac729bb9a0c193fb1df23449df4fe\",\"name\":\"guenter.wolfgang\"}]}<\/script>\n<!-- \/ Yoast SEO plugin. -->","yoast_head_json":{"title":"Yasmina Reza bekommt deutsch-franz\u00f6sische Auszeichnung - Kultur Online TV &amp; FM","description":"Der Preis ist mit 10.000 Euro dotiert. Er werde an Menschen, Institutionen oder Projekte verliehen, die zur Vertiefung der Beziehungen zwischen Deutschland und Frankreich beitragen.","robots":{"index":"index","follow":"follow","max-snippet":"max-snippet:-1","max-image-preview":"max-image-preview:large","max-video-preview":"max-video-preview:-1"},"canonical":"https:\/\/kulturonline.tv\/de\/yasmina-reza-bekommt-deutsch-franzoesische-auszeichnung\/","og_locale":"de_DE","og_type":"article","og_title":"Yasmina Reza bekommt deutsch-franz\u00f6sische Auszeichnung - Kultur Online TV &amp; FM","og_description":"Der Preis ist mit 10.000 Euro dotiert. Er werde an Menschen, Institutionen oder Projekte verliehen, die zur Vertiefung der Beziehungen zwischen Deutschland und Frankreich beitragen.","og_url":"https:\/\/kulturonline.tv\/de\/yasmina-reza-bekommt-deutsch-franzoesische-auszeichnung\/","og_site_name":"Kultur Online TV &amp; FM","article_publisher":"https:\/\/www.facebook.com\/kulturonline.tv","article_published_time":"2022-11-26T21:47:26+00:00","article_modified_time":"2022-11-26T21:47:28+00:00","og_image":[{"width":1049,"height":590,"url":"https:\/\/kulturonline.tv\/wp-content\/uploads\/2022\/11\/resa-edited.png","type":"image\/png"}],"author":"guenter.wolfgang","twitter_card":"summary_large_image","twitter_misc":{"Verfasst von":"guenter.wolfgang"},"schema":{"@context":"https:\/\/schema.org","@graph":[{"@type":"Article","@id":"https:\/\/kulturonline.tv\/de\/yasmina-reza-bekommt-deutsch-franzoesische-auszeichnung\/#article","isPartOf":{"@id":"https:\/\/kulturonline.tv\/de\/yasmina-reza-bekommt-deutsch-franzoesische-auszeichnung\/"},"author":{"name":"guenter.wolfgang","@id":"https:\/\/kulturonline.tv\/de\/#\/schema\/person\/b0fac729bb9a0c193fb1df23449df4fe"},"headline":"Yasmina Reza bekommt deutsch-franz\u00f6sische Auszeichnung","datePublished":"2022-11-26T21:47:26+00:00","dateModified":"2022-11-26T21:47:28+00:00","mainEntityOfPage":{"@id":"https:\/\/kulturonline.tv\/de\/yasmina-reza-bekommt-deutsch-franzoesische-auszeichnung\/"},"wordCount":86,"publisher":{"@id":"https:\/\/kulturonline.tv\/de\/#organization"},"image":{"@id":"https:\/\/kulturonline.tv\/de\/yasmina-reza-bekommt-deutsch-franzoesische-auszeichnung\/#primaryimage"},"thumbnailUrl":"https:\/\/kulturonline.tv\/wp-content\/uploads\/2022\/11\/resa-edited.png","articleSection":["Literatur"],"inLanguage":"de"},{"@type":"WebPage","@id":"https:\/\/kulturonline.tv\/de\/yasmina-reza-bekommt-deutsch-franzoesische-auszeichnung\/","url":"https:\/\/kulturonline.tv\/de\/yasmina-reza-bekommt-deutsch-franzoesische-auszeichnung\/","name":"Yasmina Reza bekommt deutsch-franz\u00f6sische Auszeichnung - Kultur Online TV &amp; FM","isPartOf":{"@id":"https:\/\/kulturonline.tv\/de\/#website"},"primaryImageOfPage":{"@id":"https:\/\/kulturonline.tv\/de\/yasmina-reza-bekommt-deutsch-franzoesische-auszeichnung\/#primaryimage"},"image":{"@id":"https:\/\/kulturonline.tv\/de\/yasmina-reza-bekommt-deutsch-franzoesische-auszeichnung\/#primaryimage"},"thumbnailUrl":"https:\/\/kulturonline.tv\/wp-content\/uploads\/2022\/11\/resa-edited.png","datePublished":"2022-11-26T21:47:26+00:00","dateModified":"2022-11-26T21:47:28+00:00","description":"Der Preis ist mit 10.000 Euro dotiert. Er werde an Menschen, Institutionen oder Projekte verliehen, die zur Vertiefung der Beziehungen zwischen Deutschland und Frankreich beitragen.","breadcrumb":{"@id":"https:\/\/kulturonline.tv\/de\/yasmina-reza-bekommt-deutsch-franzoesische-auszeichnung\/#breadcrumb"},"inLanguage":"de","potentialAction":[{"@type":"ReadAction","target":["https:\/\/kulturonline.tv\/de\/yasmina-reza-bekommt-deutsch-franzoesische-auszeichnung\/"]}]},{"@type":"ImageObject","inLanguage":"de","@id":"https:\/\/kulturonline.tv\/de\/yasmina-reza-bekommt-deutsch-franzoesische-auszeichnung\/#primaryimage","url":"https:\/\/kulturonline.tv\/wp-content\/uploads\/2022\/11\/resa-edited.png","contentUrl":"https:\/\/kulturonline.tv\/wp-content\/uploads\/2022\/11\/resa-edited.png","width":1049,"height":590},{"@type":"BreadcrumbList","@id":"https:\/\/kulturonline.tv\/de\/yasmina-reza-bekommt-deutsch-franzoesische-auszeichnung\/#breadcrumb","itemListElement":[{"@type":"ListItem","position":1,"name":"Startseite","item":"https:\/\/kulturonline.tv\/de\/"},{"@type":"ListItem","position":2,"name":"Yasmina Reza bekommt deutsch-franz\u00f6sische Auszeichnung"}]},{"@type":"WebSite","@id":"https:\/\/kulturonline.tv\/de\/#website","url":"https:\/\/kulturonline.tv\/de\/","name":"Kultur Online TV &amp; FM","description":"Wir sind Kultur 2.0 zum sehen &amp; h\u00f6ren","publisher":{"@id":"https:\/\/kulturonline.tv\/de\/#organization"},"potentialAction":[{"@type":"SearchAction","target":{"@type":"EntryPoint","urlTemplate":"https:\/\/kulturonline.tv\/de\/?s={search_term_string}"},"query-input":{"@type":"PropertyValueSpecification","valueRequired":true,"valueName":"search_term_string"}}],"inLanguage":"de"},{"@type":"Organization","@id":"https:\/\/kulturonline.tv\/de\/#organization","name":"Kultur Online TV","url":"https:\/\/kulturonline.tv\/de\/","logo":{"@type":"ImageObject","inLanguage":"de","@id":"https:\/\/kulturonline.tv\/de\/#\/schema\/logo\/image\/","url":"https:\/\/kulturonline.tv\/wp-content\/uploads\/2021\/08\/Kultur-Online-Tv-Logo-Endversion-neu.png","contentUrl":"https:\/\/kulturonline.tv\/wp-content\/uploads\/2021\/08\/Kultur-Online-Tv-Logo-Endversion-neu.png","width":200,"height":200,"caption":"Kultur Online TV"},"image":{"@id":"https:\/\/kulturonline.tv\/de\/#\/schema\/logo\/image\/"},"sameAs":["https:\/\/www.facebook.com\/kulturonline.tv","https:\/\/www.instagram.com\/kulturonline.tv"]},{"@type":"Person","@id":"https:\/\/kulturonline.tv\/de\/#\/schema\/person\/b0fac729bb9a0c193fb1df23449df4fe","name":"guenter.wolfgang"}]}},"_links":{"self":[{"href":"https:\/\/kulturonline.tv\/de\/wp-json\/wp\/v2\/posts\/42037","targetHints":{"allow":["GET"]}}],"collection":[{"href":"https:\/\/kulturonline.tv\/de\/wp-json\/wp\/v2\/posts"}],"about":[{"href":"https:\/\/kulturonline.tv\/de\/wp-json\/wp\/v2\/types\/post"}],"author":[{"embeddable":true,"href":"https:\/\/kulturonline.tv\/de\/wp-json\/wp\/v2\/users\/2"}],"replies":[{"embeddable":true,"href":"https:\/\/kulturonline.tv\/de\/wp-json\/wp\/v2\/comments?post=42037"}],"version-history":[{"count":0,"href":"https:\/\/kulturonline.tv\/de\/wp-json\/wp\/v2\/posts\/42037\/revisions"}],"wp:featuredmedia":[{"embeddable":true,"href":"https:\/\/kulturonline.tv\/de\/wp-json\/wp\/v2\/media\/42044"}],"wp:attachment":[{"href":"https:\/\/kulturonline.tv\/de\/wp-json\/wp\/v2\/media?parent=42037"}],"wp:term":[{"taxonomy":"category","embeddable":true,"href":"https:\/\/kulturonline.tv\/de\/wp-json\/wp\/v2\/categories?post=42037"},{"taxonomy":"post_tag","embeddable":true,"href":"https:\/\/kulturonline.tv\/de\/wp-json\/wp\/v2\/tags?post=42037"}],"curies":[{"name":"wp","href":"https:\/\/api.w.org\/{rel}","templated":true}]}}