{"id":42358,"date":"2022-11-29T06:47:08","date_gmt":"2022-11-29T05:47:08","guid":{"rendered":"https:\/\/kulturonline.tv\/?p=42358"},"modified":"2023-01-11T19:56:51","modified_gmt":"2023-01-11T18:56:51","slug":"deutscher-theaterpreis-der-faust-2022-verliehen","status":"publish","type":"post","link":"https:\/\/kulturonline.tv\/de\/deutscher-theaterpreis-der-faust-2022-verliehen\/","title":{"rendered":"Deutscher Theaterpreis DER FAUST 2022 verliehen"},"content":{"rendered":"\n<p>DER FAUST wurde in diesem Jahr zum 17. Mal vergeben. Veranstalter und F\u00f6rderer sind die Kulturstiftung der L\u00e4nder, die Deutsche Akademie der Darstellenden K\u00fcnste, das Ministerium f\u00fcr Kultur und Wissenschaft des Landes Nordrhein-Westfalen, die Landeshauptstadt D\u00fcsseldorf und der Deutsche B\u00fchnenverein.<\/p>\n\n\n\n<p><\/p>\n\n\n\n<figure class=\"wp-block-image size-full\"><img fetchpriority=\"high\" decoding=\"async\" width=\"686\" height=\"386\" src=\"https:\/\/kulturonline.tv\/wp-content\/uploads\/2022\/11\/der-faus-edited.jpg\" alt=\"\" class=\"wp-image-42361\" srcset=\"https:\/\/kulturonline.tv\/wp-content\/uploads\/2022\/11\/der-faus-edited.jpg 686w, https:\/\/kulturonline.tv\/wp-content\/uploads\/2022\/11\/der-faus-edited-600x338.jpg 600w\" sizes=\"(max-width: 686px) 100vw, 686px\" \/><\/figure>\n\n\n\n<p>Ausgezeichnet wurden:<\/p>\n\n\n\n<p><strong>Inszenierung Theater f\u00fcr junges Publikum:<\/strong>&nbsp;Liesbeth Coltof (\u201eMiroloi\u201c, Junges DT Berlin)<br><strong>Darsteller:in Theater f\u00fcr junges Publikum:<\/strong>&nbsp;Eidin Jalali als A. f\u00fcr \u201eDie Leiden des jungen Azzlack\u201c (Schauspiel Leipzig)<br><strong>Raum:<\/strong>&nbsp;Katja Ha\u00df (\u201eDie Tr\u00e4ume der Abwesenden\u201c, Residenztheater M\u00fcnchen)<br><strong>Kost\u00fcm:<\/strong>&nbsp;Adriana Braga Peretzki (\u201eMoli\u00e8re\u201c, Schauspiel K\u00f6ln)<br><strong>Inszenierung Musiktheater:<\/strong>&nbsp;Florian Lutz (\u201eWozzeck\u201c, Staatstheater Kassel)<br><strong>Darsteller:in Musiktheater:<\/strong>&nbsp;Marlis Petersen als Emilia Marty in \u201eDie Sache Makropulos\u201c (Staatsoper Unter den Linden)<br><strong>Genrespringer:<\/strong>&nbsp;Bernhard Herbordt und Melanie Mohren (,Das Schaudepot\u2018, eine Produktion von Herbordt\/Mohren in Kooperation mit Theater Rampe Stuttgart)<br><strong>Ton und Medien:<\/strong>&nbsp;Paul Hankinson und Jonas Holle f\u00fcr die Musik in \u201eDas neue Leben \u2013 where do we go from here?\u201c (Schauspielhaus Bochum)<br><strong>Inszenierung Schauspiel:<\/strong>&nbsp;Jette Steckel (\u201eDas mangelnde Licht\u201c, Thalia Theater Hamburg)<br>Darsteller:in Schauspiel: Lina Beckmann als Richard, Herzog von Gloucester, sp\u00e4ter Richard III. in \u201eRichard the Kid &amp; the King\u201c (Deutsches SchauSpielHaus Hamburg \/ Koproduktion mit den Salzburger Festspielen 2021)<br><strong>Inszenierung Tanz:<\/strong>&nbsp;Rafa\u00eble Giovanola (\u201eSphynx\u201c, Staatstheater Mainz)<br><strong>Darsteller:in Tanz:<\/strong>&nbsp;Beatrice Cordua (\u201eA Divine Comedy\u201c, Ruhrtriennale, Spirit, Something Great und Staatstheater Kassel in Koproduktion mit Tanzquartier Wien, Volksb\u00fchne am Rosa-Luxemburg-Platz Berlin, deSingel, Theater Freiburg und Julidans)<br><strong>Perspektivpreis der L\u00e4nder:<\/strong>&nbsp;Oper Halle (\u201eManru\u201c)<br><strong>Preis f\u00fcr das Lebenswerk:<\/strong>&nbsp;Achim Freyer<\/p>\n\n\n\n<p>Kultur Online TV<\/p>\n\n\n\n<p>#theater #kultur <\/p>\n\n\n\n<p><\/p>\n\n\n\n<figure class=\"wp-block-image\"><img decoding=\"async\" src=\"https:\/\/t.adcell.com\/p\/image?promoId=228768&amp;slotId=98564\" alt=\"Eckis Teetied\"\/><\/figure>\n\n\n\n<p><a href=\"https:\/\/t.adcell.com\/p\/click?promoId=228768&amp;slotId=98564\" target=\"_blank\" rel=\"noreferrer noopener\"><\/a><\/p>\n","protected":false},"excerpt":{"rendered":"<p>DER FAUST wurde in diesem Jahr zum 17. Mal vergeben. Veranstalter und F\u00f6rderer sind die Kulturstiftung der L\u00e4nder, die Deutsche Akademie der Darstellenden K\u00fcnste, das Ministerium f\u00fcr Kultur und Wissenschaft des Landes Nordrhein-Westfalen, die Landeshauptstadt D\u00fcsseldorf und der Deutsche B\u00fchnenverein. Ausgezeichnet wurden: Inszenierung Theater f\u00fcr junges Publikum:&nbsp;Liesbeth Coltof (\u201eMiroloi\u201c, Junges DT Berlin)Darsteller:in Theater f\u00fcr junges [&hellip;]<\/p>\n","protected":false},"author":2,"featured_media":42363,"comment_status":"closed","ping_status":"closed","sticky":false,"template":"","format":"standard","meta":{"_acf_changed":false,"footnotes":""},"categories":[105],"tags":[],"class_list":["post-42358","post","type-post","status-publish","format-standard","has-post-thumbnail","hentry","category-theater"],"acf":[],"yoast_head":"<!-- This site is optimized with the Yoast SEO plugin v26.1.1 - https:\/\/yoast.com\/wordpress\/plugins\/seo\/ -->\n<title>Deutscher Theaterpreis DER FAUST 2022 verliehen - Kultur Online TV &amp; FM<\/title>\n<meta name=\"description\" content=\"DER FAUST wurde in diesem Jahr zum 17. Mal vergeben. Veranstalter und F\u00f6rderer sind die Kulturstiftung der L\u00e4nder, die Deutsche Akademie der Darstellenden K\u00fcnste, das Ministerium f\u00fcr Kultur und Wissenschaft des Landes Nordrhein-Westfalen, die Landeshauptstadt D\u00fcsseldorf und der Deutsche B\u00fchnenverein.\" \/>\n<meta name=\"robots\" content=\"index, follow, max-snippet:-1, max-image-preview:large, max-video-preview:-1\" \/>\n<link rel=\"canonical\" href=\"https:\/\/kulturonline.tv\/de\/deutscher-theaterpreis-der-faust-2022-verliehen\/\" \/>\n<meta property=\"og:locale\" content=\"de_DE\" \/>\n<meta property=\"og:type\" content=\"article\" \/>\n<meta property=\"og:title\" content=\"Deutscher Theaterpreis DER FAUST 2022 verliehen - Kultur Online TV &amp; FM\" \/>\n<meta property=\"og:description\" content=\"DER FAUST wurde in diesem Jahr zum 17. Mal vergeben. Veranstalter und F\u00f6rderer sind die Kulturstiftung der L\u00e4nder, die Deutsche Akademie der Darstellenden K\u00fcnste, das Ministerium f\u00fcr Kultur und Wissenschaft des Landes Nordrhein-Westfalen, die Landeshauptstadt D\u00fcsseldorf und der Deutsche B\u00fchnenverein.\" \/>\n<meta property=\"og:url\" content=\"https:\/\/kulturonline.tv\/de\/deutscher-theaterpreis-der-faust-2022-verliehen\/\" \/>\n<meta property=\"og:site_name\" content=\"Kultur Online TV &amp; FM\" \/>\n<meta property=\"article:publisher\" content=\"https:\/\/www.facebook.com\/kulturonline.tv\" \/>\n<meta property=\"article:published_time\" content=\"2022-11-29T05:47:08+00:00\" \/>\n<meta property=\"article:modified_time\" content=\"2023-01-11T18:56:51+00:00\" \/>\n<meta property=\"og:image\" content=\"https:\/\/kulturonline.tv\/wp-content\/uploads\/2022\/11\/der-faus-1.jpg\" \/>\n\t<meta property=\"og:image:width\" content=\"686\" \/>\n\t<meta property=\"og:image:height\" content=\"425\" \/>\n\t<meta property=\"og:image:type\" content=\"image\/jpeg\" \/>\n<meta name=\"author\" content=\"guenter.wolfgang\" \/>\n<meta name=\"twitter:card\" content=\"summary_large_image\" \/>\n<meta name=\"twitter:label1\" content=\"Verfasst von\" \/>\n\t<meta name=\"twitter:data1\" content=\"guenter.wolfgang\" \/>\n\t<meta name=\"twitter:label2\" content=\"Gesch\u00e4tzte Lesezeit\" \/>\n\t<meta name=\"twitter:data2\" content=\"1\u00a0Minute\" \/>\n<script type=\"application\/ld+json\" class=\"yoast-schema-graph\">{\"@context\":\"https:\/\/schema.org\",\"@graph\":[{\"@type\":\"Article\",\"@id\":\"https:\/\/kulturonline.tv\/de\/deutscher-theaterpreis-der-faust-2022-verliehen\/#article\",\"isPartOf\":{\"@id\":\"https:\/\/kulturonline.tv\/de\/deutscher-theaterpreis-der-faust-2022-verliehen\/\"},\"author\":{\"name\":\"guenter.wolfgang\",\"@id\":\"https:\/\/kulturonline.tv\/de\/#\/schema\/person\/b0fac729bb9a0c193fb1df23449df4fe\"},\"headline\":\"Deutscher Theaterpreis DER FAUST 2022 verliehen\",\"datePublished\":\"2022-11-29T05:47:08+00:00\",\"dateModified\":\"2023-01-11T18:56:51+00:00\",\"mainEntityOfPage\":{\"@id\":\"https:\/\/kulturonline.tv\/de\/deutscher-theaterpreis-der-faust-2022-verliehen\/\"},\"wordCount\":280,\"publisher\":{\"@id\":\"https:\/\/kulturonline.tv\/de\/#organization\"},\"image\":{\"@id\":\"https:\/\/kulturonline.tv\/de\/deutscher-theaterpreis-der-faust-2022-verliehen\/#primaryimage\"},\"thumbnailUrl\":\"https:\/\/kulturonline.tv\/wp-content\/uploads\/2022\/11\/der-faus-1.jpg\",\"articleSection\":[\"Theater\"],\"inLanguage\":\"de\"},{\"@type\":\"WebPage\",\"@id\":\"https:\/\/kulturonline.tv\/de\/deutscher-theaterpreis-der-faust-2022-verliehen\/\",\"url\":\"https:\/\/kulturonline.tv\/de\/deutscher-theaterpreis-der-faust-2022-verliehen\/\",\"name\":\"Deutscher Theaterpreis DER FAUST 2022 verliehen - Kultur Online TV &amp; FM\",\"isPartOf\":{\"@id\":\"https:\/\/kulturonline.tv\/de\/#website\"},\"primaryImageOfPage\":{\"@id\":\"https:\/\/kulturonline.tv\/de\/deutscher-theaterpreis-der-faust-2022-verliehen\/#primaryimage\"},\"image\":{\"@id\":\"https:\/\/kulturonline.tv\/de\/deutscher-theaterpreis-der-faust-2022-verliehen\/#primaryimage\"},\"thumbnailUrl\":\"https:\/\/kulturonline.tv\/wp-content\/uploads\/2022\/11\/der-faus-1.jpg\",\"datePublished\":\"2022-11-29T05:47:08+00:00\",\"dateModified\":\"2023-01-11T18:56:51+00:00\",\"description\":\"DER FAUST wurde in diesem Jahr zum 17. Mal vergeben. Veranstalter und F\u00f6rderer sind die Kulturstiftung der L\u00e4nder, die Deutsche Akademie der Darstellenden K\u00fcnste, das Ministerium f\u00fcr Kultur und Wissenschaft des Landes Nordrhein-Westfalen, die Landeshauptstadt D\u00fcsseldorf und der Deutsche B\u00fchnenverein.\",\"breadcrumb\":{\"@id\":\"https:\/\/kulturonline.tv\/de\/deutscher-theaterpreis-der-faust-2022-verliehen\/#breadcrumb\"},\"inLanguage\":\"de\",\"potentialAction\":[{\"@type\":\"ReadAction\",\"target\":[\"https:\/\/kulturonline.tv\/de\/deutscher-theaterpreis-der-faust-2022-verliehen\/\"]}]},{\"@type\":\"ImageObject\",\"inLanguage\":\"de\",\"@id\":\"https:\/\/kulturonline.tv\/de\/deutscher-theaterpreis-der-faust-2022-verliehen\/#primaryimage\",\"url\":\"https:\/\/kulturonline.tv\/wp-content\/uploads\/2022\/11\/der-faus-1.jpg\",\"contentUrl\":\"https:\/\/kulturonline.tv\/wp-content\/uploads\/2022\/11\/der-faus-1.jpg\",\"width\":686,\"height\":425},{\"@type\":\"BreadcrumbList\",\"@id\":\"https:\/\/kulturonline.tv\/de\/deutscher-theaterpreis-der-faust-2022-verliehen\/#breadcrumb\",\"itemListElement\":[{\"@type\":\"ListItem\",\"position\":1,\"name\":\"Startseite\",\"item\":\"https:\/\/kulturonline.tv\/de\/\"},{\"@type\":\"ListItem\",\"position\":2,\"name\":\"Deutscher Theaterpreis DER FAUST 2022 verliehen\"}]},{\"@type\":\"WebSite\",\"@id\":\"https:\/\/kulturonline.tv\/de\/#website\",\"url\":\"https:\/\/kulturonline.tv\/de\/\",\"name\":\"Kultur Online TV &amp; FM\",\"description\":\"Wir sind Kultur 2.0 zum sehen &amp; h\u00f6ren\",\"publisher\":{\"@id\":\"https:\/\/kulturonline.tv\/de\/#organization\"},\"potentialAction\":[{\"@type\":\"SearchAction\",\"target\":{\"@type\":\"EntryPoint\",\"urlTemplate\":\"https:\/\/kulturonline.tv\/de\/?s={search_term_string}\"},\"query-input\":{\"@type\":\"PropertyValueSpecification\",\"valueRequired\":true,\"valueName\":\"search_term_string\"}}],\"inLanguage\":\"de\"},{\"@type\":\"Organization\",\"@id\":\"https:\/\/kulturonline.tv\/de\/#organization\",\"name\":\"Kultur Online TV\",\"url\":\"https:\/\/kulturonline.tv\/de\/\",\"logo\":{\"@type\":\"ImageObject\",\"inLanguage\":\"de\",\"@id\":\"https:\/\/kulturonline.tv\/de\/#\/schema\/logo\/image\/\",\"url\":\"https:\/\/kulturonline.tv\/wp-content\/uploads\/2021\/08\/Kultur-Online-Tv-Logo-Endversion-neu.png\",\"contentUrl\":\"https:\/\/kulturonline.tv\/wp-content\/uploads\/2021\/08\/Kultur-Online-Tv-Logo-Endversion-neu.png\",\"width\":200,\"height\":200,\"caption\":\"Kultur Online TV\"},\"image\":{\"@id\":\"https:\/\/kulturonline.tv\/de\/#\/schema\/logo\/image\/\"},\"sameAs\":[\"https:\/\/www.facebook.com\/kulturonline.tv\",\"https:\/\/www.instagram.com\/kulturonline.tv\"]},{\"@type\":\"Person\",\"@id\":\"https:\/\/kulturonline.tv\/de\/#\/schema\/person\/b0fac729bb9a0c193fb1df23449df4fe\",\"name\":\"guenter.wolfgang\"}]}<\/script>\n<!-- \/ Yoast SEO plugin. -->","yoast_head_json":{"title":"Deutscher Theaterpreis DER FAUST 2022 verliehen - Kultur Online TV &amp; FM","description":"DER FAUST wurde in diesem Jahr zum 17. Mal vergeben. Veranstalter und F\u00f6rderer sind die Kulturstiftung der L\u00e4nder, die Deutsche Akademie der Darstellenden K\u00fcnste, das Ministerium f\u00fcr Kultur und Wissenschaft des Landes Nordrhein-Westfalen, die Landeshauptstadt D\u00fcsseldorf und der Deutsche B\u00fchnenverein.","robots":{"index":"index","follow":"follow","max-snippet":"max-snippet:-1","max-image-preview":"max-image-preview:large","max-video-preview":"max-video-preview:-1"},"canonical":"https:\/\/kulturonline.tv\/de\/deutscher-theaterpreis-der-faust-2022-verliehen\/","og_locale":"de_DE","og_type":"article","og_title":"Deutscher Theaterpreis DER FAUST 2022 verliehen - Kultur Online TV &amp; FM","og_description":"DER FAUST wurde in diesem Jahr zum 17. Mal vergeben. Veranstalter und F\u00f6rderer sind die Kulturstiftung der L\u00e4nder, die Deutsche Akademie der Darstellenden K\u00fcnste, das Ministerium f\u00fcr Kultur und Wissenschaft des Landes Nordrhein-Westfalen, die Landeshauptstadt D\u00fcsseldorf und der Deutsche B\u00fchnenverein.","og_url":"https:\/\/kulturonline.tv\/de\/deutscher-theaterpreis-der-faust-2022-verliehen\/","og_site_name":"Kultur Online TV &amp; FM","article_publisher":"https:\/\/www.facebook.com\/kulturonline.tv","article_published_time":"2022-11-29T05:47:08+00:00","article_modified_time":"2023-01-11T18:56:51+00:00","og_image":[{"width":686,"height":425,"url":"https:\/\/kulturonline.tv\/wp-content\/uploads\/2022\/11\/der-faus-1.jpg","type":"image\/jpeg"}],"author":"guenter.wolfgang","twitter_card":"summary_large_image","twitter_misc":{"Verfasst von":"guenter.wolfgang","Gesch\u00e4tzte Lesezeit":"1\u00a0Minute"},"schema":{"@context":"https:\/\/schema.org","@graph":[{"@type":"Article","@id":"https:\/\/kulturonline.tv\/de\/deutscher-theaterpreis-der-faust-2022-verliehen\/#article","isPartOf":{"@id":"https:\/\/kulturonline.tv\/de\/deutscher-theaterpreis-der-faust-2022-verliehen\/"},"author":{"name":"guenter.wolfgang","@id":"https:\/\/kulturonline.tv\/de\/#\/schema\/person\/b0fac729bb9a0c193fb1df23449df4fe"},"headline":"Deutscher Theaterpreis DER FAUST 2022 verliehen","datePublished":"2022-11-29T05:47:08+00:00","dateModified":"2023-01-11T18:56:51+00:00","mainEntityOfPage":{"@id":"https:\/\/kulturonline.tv\/de\/deutscher-theaterpreis-der-faust-2022-verliehen\/"},"wordCount":280,"publisher":{"@id":"https:\/\/kulturonline.tv\/de\/#organization"},"image":{"@id":"https:\/\/kulturonline.tv\/de\/deutscher-theaterpreis-der-faust-2022-verliehen\/#primaryimage"},"thumbnailUrl":"https:\/\/kulturonline.tv\/wp-content\/uploads\/2022\/11\/der-faus-1.jpg","articleSection":["Theater"],"inLanguage":"de"},{"@type":"WebPage","@id":"https:\/\/kulturonline.tv\/de\/deutscher-theaterpreis-der-faust-2022-verliehen\/","url":"https:\/\/kulturonline.tv\/de\/deutscher-theaterpreis-der-faust-2022-verliehen\/","name":"Deutscher Theaterpreis DER FAUST 2022 verliehen - Kultur Online TV &amp; FM","isPartOf":{"@id":"https:\/\/kulturonline.tv\/de\/#website"},"primaryImageOfPage":{"@id":"https:\/\/kulturonline.tv\/de\/deutscher-theaterpreis-der-faust-2022-verliehen\/#primaryimage"},"image":{"@id":"https:\/\/kulturonline.tv\/de\/deutscher-theaterpreis-der-faust-2022-verliehen\/#primaryimage"},"thumbnailUrl":"https:\/\/kulturonline.tv\/wp-content\/uploads\/2022\/11\/der-faus-1.jpg","datePublished":"2022-11-29T05:47:08+00:00","dateModified":"2023-01-11T18:56:51+00:00","description":"DER FAUST wurde in diesem Jahr zum 17. Mal vergeben. Veranstalter und F\u00f6rderer sind die Kulturstiftung der L\u00e4nder, die Deutsche Akademie der Darstellenden K\u00fcnste, das Ministerium f\u00fcr Kultur und Wissenschaft des Landes Nordrhein-Westfalen, die Landeshauptstadt D\u00fcsseldorf und der Deutsche B\u00fchnenverein.","breadcrumb":{"@id":"https:\/\/kulturonline.tv\/de\/deutscher-theaterpreis-der-faust-2022-verliehen\/#breadcrumb"},"inLanguage":"de","potentialAction":[{"@type":"ReadAction","target":["https:\/\/kulturonline.tv\/de\/deutscher-theaterpreis-der-faust-2022-verliehen\/"]}]},{"@type":"ImageObject","inLanguage":"de","@id":"https:\/\/kulturonline.tv\/de\/deutscher-theaterpreis-der-faust-2022-verliehen\/#primaryimage","url":"https:\/\/kulturonline.tv\/wp-content\/uploads\/2022\/11\/der-faus-1.jpg","contentUrl":"https:\/\/kulturonline.tv\/wp-content\/uploads\/2022\/11\/der-faus-1.jpg","width":686,"height":425},{"@type":"BreadcrumbList","@id":"https:\/\/kulturonline.tv\/de\/deutscher-theaterpreis-der-faust-2022-verliehen\/#breadcrumb","itemListElement":[{"@type":"ListItem","position":1,"name":"Startseite","item":"https:\/\/kulturonline.tv\/de\/"},{"@type":"ListItem","position":2,"name":"Deutscher Theaterpreis DER FAUST 2022 verliehen"}]},{"@type":"WebSite","@id":"https:\/\/kulturonline.tv\/de\/#website","url":"https:\/\/kulturonline.tv\/de\/","name":"Kultur Online TV &amp; FM","description":"Wir sind Kultur 2.0 zum sehen &amp; h\u00f6ren","publisher":{"@id":"https:\/\/kulturonline.tv\/de\/#organization"},"potentialAction":[{"@type":"SearchAction","target":{"@type":"EntryPoint","urlTemplate":"https:\/\/kulturonline.tv\/de\/?s={search_term_string}"},"query-input":{"@type":"PropertyValueSpecification","valueRequired":true,"valueName":"search_term_string"}}],"inLanguage":"de"},{"@type":"Organization","@id":"https:\/\/kulturonline.tv\/de\/#organization","name":"Kultur Online TV","url":"https:\/\/kulturonline.tv\/de\/","logo":{"@type":"ImageObject","inLanguage":"de","@id":"https:\/\/kulturonline.tv\/de\/#\/schema\/logo\/image\/","url":"https:\/\/kulturonline.tv\/wp-content\/uploads\/2021\/08\/Kultur-Online-Tv-Logo-Endversion-neu.png","contentUrl":"https:\/\/kulturonline.tv\/wp-content\/uploads\/2021\/08\/Kultur-Online-Tv-Logo-Endversion-neu.png","width":200,"height":200,"caption":"Kultur Online TV"},"image":{"@id":"https:\/\/kulturonline.tv\/de\/#\/schema\/logo\/image\/"},"sameAs":["https:\/\/www.facebook.com\/kulturonline.tv","https:\/\/www.instagram.com\/kulturonline.tv"]},{"@type":"Person","@id":"https:\/\/kulturonline.tv\/de\/#\/schema\/person\/b0fac729bb9a0c193fb1df23449df4fe","name":"guenter.wolfgang"}]}},"_links":{"self":[{"href":"https:\/\/kulturonline.tv\/de\/wp-json\/wp\/v2\/posts\/42358","targetHints":{"allow":["GET"]}}],"collection":[{"href":"https:\/\/kulturonline.tv\/de\/wp-json\/wp\/v2\/posts"}],"about":[{"href":"https:\/\/kulturonline.tv\/de\/wp-json\/wp\/v2\/types\/post"}],"author":[{"embeddable":true,"href":"https:\/\/kulturonline.tv\/de\/wp-json\/wp\/v2\/users\/2"}],"replies":[{"embeddable":true,"href":"https:\/\/kulturonline.tv\/de\/wp-json\/wp\/v2\/comments?post=42358"}],"version-history":[{"count":0,"href":"https:\/\/kulturonline.tv\/de\/wp-json\/wp\/v2\/posts\/42358\/revisions"}],"wp:featuredmedia":[{"embeddable":true,"href":"https:\/\/kulturonline.tv\/de\/wp-json\/wp\/v2\/media\/42363"}],"wp:attachment":[{"href":"https:\/\/kulturonline.tv\/de\/wp-json\/wp\/v2\/media?parent=42358"}],"wp:term":[{"taxonomy":"category","embeddable":true,"href":"https:\/\/kulturonline.tv\/de\/wp-json\/wp\/v2\/categories?post=42358"},{"taxonomy":"post_tag","embeddable":true,"href":"https:\/\/kulturonline.tv\/de\/wp-json\/wp\/v2\/tags?post=42358"}],"curies":[{"name":"wp","href":"https:\/\/api.w.org\/{rel}","templated":true}]}}