{"id":42605,"date":"2022-12-01T09:30:29","date_gmt":"2022-12-01T08:30:29","guid":{"rendered":"https:\/\/kulturonline.tv\/unkategorisiert\/tipp-rosa-sehen-statt-untergehen"},"modified":"2022-12-01T20:50:18","modified_gmt":"2022-12-01T19:50:18","slug":"tipp-rosa-sehen-statt-untergehen","status":"publish","type":"post","link":"https:\/\/kulturonline.tv\/de\/tipp-rosa-sehen-statt-untergehen\/","title":{"rendered":"Tipp: &#8222;Rosa sehen statt untergehen&#8220;"},"content":{"rendered":"\n<p>Eine Ausstellung von \u201eK\u00fcnstlern f\u00fcr K\u00fcnstler\u201c kuratiert und initiiert von Mari Otberg<\/p>\n\n\n\n<figure class=\"wp-block-image size-full is-resized\"><img decoding=\"async\" src=\"https:\/\/kulturonline.tv\/wp-content\/uploads\/2022\/12\/Einladung_Rosa_kultur-online-tv-edited.png\" alt=\"\" class=\"wp-image-42809\" width=\"841\" srcset=\"https:\/\/kulturonline.tv\/wp-content\/uploads\/2022\/12\/Einladung_Rosa_kultur-online-tv-edited.png 618w, https:\/\/kulturonline.tv\/wp-content\/uploads\/2022\/12\/Einladung_Rosa_kultur-online-tv-edited-600x338.png 600w\" sizes=\"(max-width: 618px) 100vw, 618px\" \/><\/figure>\n\n\n\n<p>Als positive Inspiration und Gegenpol zum derzeitig desastr\u00f6sen Weltgeschehen: Krieg, Teuerung, Klimaerw\u00e4rmung, Aufst\u00e4nde im Iran, Todesurteile in Saudi-Arabien<\/p>\n\n\n\n<p>Junge K\u00fcnstler:innen zu zeigen, die noch nie in Berlin ausgestellt haben: Luisa H\u00fcbner, Anny Wass<\/p>\n\n\n\n<p>Bekannte und nicht bekannte K\u00fcnstler:innen in einer Ausstellung zeigen und internationaler K\u00fcnstler:innen Austausch.<\/p>\n\n\n\n<p><strong>Location: Pop up Gallery Hohenzollerndamm 196 &#8211; 10717 Berlin Ausstellungsdauer: 11. Dezember 2022 \u2013 10. Januar 2023<\/strong><\/p>\n\n\n\n<p><strong>\u00d6ffnungszeiten: Mi-So 15.00-19.00 Uhr oder nach Termin<\/strong><\/p>\n\n\n\n<figure class=\"wp-block-image size-full is-resized\"><img fetchpriority=\"high\" decoding=\"async\" src=\"https:\/\/kulturonline.tv\/wp-content\/uploads\/2022\/12\/Mari-Otberg-Foto-copyright-Judith-Stehlik.jpg\" alt=\"\" class=\"wp-image-42592\" width=\"839\" height=\"839\" srcset=\"https:\/\/kulturonline.tv\/wp-content\/uploads\/2022\/12\/Mari-Otberg-Foto-copyright-Judith-Stehlik.jpg 481w, https:\/\/kulturonline.tv\/wp-content\/uploads\/2022\/12\/Mari-Otberg-Foto-copyright-Judith-Stehlik-300x300.jpg 300w, https:\/\/kulturonline.tv\/wp-content\/uploads\/2022\/12\/Mari-Otberg-Foto-copyright-Judith-Stehlik-100x100.jpg 100w, https:\/\/kulturonline.tv\/wp-content\/uploads\/2022\/12\/Mari-Otberg-Foto-copyright-Judith-Stehlik-416x416.jpg 416w\" sizes=\"(max-width: 839px) 100vw, 839px\" \/><\/figure>\n\n\n\n<p>\u00a9 Mari Otberg Foto copyright Judith Stehlik<\/p>\n\n\n\n<p>Die neue \u201cPop Up Gallery\u201d in Berlin, die f\u00fcr die Ausstellung in einen rosa overkill Raum transformiert wird, thematisiert die optimistische Geisteshaltung, denn Rosa ist die Farbe des Aufbruchs! Gerade in Zeiten mit einem \u00dcberschwall an negativen Nachrichten tut eine Portion Optimismus unter dem Motto \u201cKeinen Bock auf Krise! Schluss mit den Kassandrarufen\u201c gut.<\/p>\n\n\n\n<p>Diesen Optimismus verbinden die siebenunddrei\u00dfig K\u00fcnstler:innen und acht Designer:innen mit der Farbe Rosa, deren Arbeiten die K\u00fcnstlerin Mari Otberg als Initiatorin und Kuratorin f\u00fcr die Ausstellung \u201cROSA SEHEN STATT UNTERGEHEN\u201d unter dem Motto K\u00fcnstler f\u00fcr K\u00fcnstler versammelt hat. Dabei steht das Rosa als positive Inspiration und Gegenpol zum derzeitig desastr\u00f6sen Weltgeschehen: Krieg, Teuerung, Klimaerw\u00e4rmung, Aufst\u00e4nde im Iran, Todesurteile in Saudi-Arabien. Die Ausstellung zeigt junge K\u00fcnstler:innen, die noch nie in Berlin ausgestellt haben: wie Luisa H\u00fcbner, Anny Wass, sowie auch Designer:innen.<\/p>\n\n\n\n<figure class=\"wp-block-gallery has-nested-images columns-default is-cropped wp-block-gallery-1 is-layout-flex wp-block-gallery-is-layout-flex\">\n<figure class=\"wp-block-image size-large\"><img decoding=\"async\" width=\"1373\" height=\"1600\" data-id=\"42596\" src=\"https:\/\/kulturonline.tv\/wp-content\/uploads\/2022\/12\/Elisabeth-von-Samsonov_Sasa-Rosa-2022_Tempera-auf-Leinwand_140-x-120-cm-1-1373x1600.jpg\" alt=\"\" class=\"wp-image-42596\" srcset=\"https:\/\/kulturonline.tv\/wp-content\/uploads\/2022\/12\/Elisabeth-von-Samsonov_Sasa-Rosa-2022_Tempera-auf-Leinwand_140-x-120-cm-1-1373x1600.jpg 1373w, https:\/\/kulturonline.tv\/wp-content\/uploads\/2022\/12\/Elisabeth-von-Samsonov_Sasa-Rosa-2022_Tempera-auf-Leinwand_140-x-120-cm-1-scaled-600x699.jpg 600w, https:\/\/kulturonline.tv\/wp-content\/uploads\/2022\/12\/Elisabeth-von-Samsonov_Sasa-Rosa-2022_Tempera-auf-Leinwand_140-x-120-cm-1-686x800.jpg 686w, https:\/\/kulturonline.tv\/wp-content\/uploads\/2022\/12\/Elisabeth-von-Samsonov_Sasa-Rosa-2022_Tempera-auf-Leinwand_140-x-120-cm-1-768x895.jpg 768w, https:\/\/kulturonline.tv\/wp-content\/uploads\/2022\/12\/Elisabeth-von-Samsonov_Sasa-Rosa-2022_Tempera-auf-Leinwand_140-x-120-cm-1-1318x1536.jpg 1318w, https:\/\/kulturonline.tv\/wp-content\/uploads\/2022\/12\/Elisabeth-von-Samsonov_Sasa-Rosa-2022_Tempera-auf-Leinwand_140-x-120-cm-1-1757x2048.jpg 1757w\" sizes=\"(max-width: 1373px) 100vw, 1373px\" \/><\/figure>\n\n\n\n<figure class=\"wp-block-image size-large\"><img decoding=\"async\" width=\"960\" height=\"1210\" data-id=\"42598\" src=\"https:\/\/kulturonline.tv\/wp-content\/uploads\/2022\/12\/Christian-Stock_Schaedel-295-von-1066-Milliarden_Acryl-auf-Papier_25-x-20-cm.jpg\" alt=\"\" class=\"wp-image-42598\" srcset=\"https:\/\/kulturonline.tv\/wp-content\/uploads\/2022\/12\/Christian-Stock_Schaedel-295-von-1066-Milliarden_Acryl-auf-Papier_25-x-20-cm.jpg 960w, https:\/\/kulturonline.tv\/wp-content\/uploads\/2022\/12\/Christian-Stock_Schaedel-295-von-1066-Milliarden_Acryl-auf-Papier_25-x-20-cm-600x756.jpg 600w, https:\/\/kulturonline.tv\/wp-content\/uploads\/2022\/12\/Christian-Stock_Schaedel-295-von-1066-Milliarden_Acryl-auf-Papier_25-x-20-cm-635x800.jpg 635w, https:\/\/kulturonline.tv\/wp-content\/uploads\/2022\/12\/Christian-Stock_Schaedel-295-von-1066-Milliarden_Acryl-auf-Papier_25-x-20-cm-768x968.jpg 768w\" sizes=\"(max-width: 960px) 100vw, 960px\" \/><\/figure>\n\n\n\n<figure class=\"wp-block-image size-large\"><img loading=\"lazy\" decoding=\"async\" width=\"960\" height=\"1200\" data-id=\"42600\" src=\"https:\/\/kulturonline.tv\/wp-content\/uploads\/2022\/12\/Christian-Stock_9-x-Mothers-little-helpers-2022_Acryl-auf-Papier_65-x-50-cm.jpg\" alt=\"\" class=\"wp-image-42600\" srcset=\"https:\/\/kulturonline.tv\/wp-content\/uploads\/2022\/12\/Christian-Stock_9-x-Mothers-little-helpers-2022_Acryl-auf-Papier_65-x-50-cm.jpg 960w, https:\/\/kulturonline.tv\/wp-content\/uploads\/2022\/12\/Christian-Stock_9-x-Mothers-little-helpers-2022_Acryl-auf-Papier_65-x-50-cm-600x750.jpg 600w, https:\/\/kulturonline.tv\/wp-content\/uploads\/2022\/12\/Christian-Stock_9-x-Mothers-little-helpers-2022_Acryl-auf-Papier_65-x-50-cm-640x800.jpg 640w, https:\/\/kulturonline.tv\/wp-content\/uploads\/2022\/12\/Christian-Stock_9-x-Mothers-little-helpers-2022_Acryl-auf-Papier_65-x-50-cm-768x960.jpg 768w\" sizes=\"(max-width: 960px) 100vw, 960px\" \/><\/figure>\n\n\n\n<figure class=\"wp-block-image size-large\"><img loading=\"lazy\" decoding=\"async\" width=\"1159\" height=\"1600\" data-id=\"42602\" src=\"https:\/\/kulturonline.tv\/wp-content\/uploads\/2022\/12\/Mari-Otberg_10-x-rosa-sehen-2022_Oelkreide-und-Farbstifte-auf-Papier_465-x-378-cm_gerhamt_2-1159x1600.jpg\" alt=\"\" class=\"wp-image-42602\" srcset=\"https:\/\/kulturonline.tv\/wp-content\/uploads\/2022\/12\/Mari-Otberg_10-x-rosa-sehen-2022_Oelkreide-und-Farbstifte-auf-Papier_465-x-378-cm_gerhamt_2-1159x1600.jpg 1159w, https:\/\/kulturonline.tv\/wp-content\/uploads\/2022\/12\/Mari-Otberg_10-x-rosa-sehen-2022_Oelkreide-und-Farbstifte-auf-Papier_465-x-378-cm_gerhamt_2-scaled-600x828.jpg 600w, https:\/\/kulturonline.tv\/wp-content\/uploads\/2022\/12\/Mari-Otberg_10-x-rosa-sehen-2022_Oelkreide-und-Farbstifte-auf-Papier_465-x-378-cm_gerhamt_2-579x800.jpg 579w, https:\/\/kulturonline.tv\/wp-content\/uploads\/2022\/12\/Mari-Otberg_10-x-rosa-sehen-2022_Oelkreide-und-Farbstifte-auf-Papier_465-x-378-cm_gerhamt_2-768x1060.jpg 768w, https:\/\/kulturonline.tv\/wp-content\/uploads\/2022\/12\/Mari-Otberg_10-x-rosa-sehen-2022_Oelkreide-und-Farbstifte-auf-Papier_465-x-378-cm_gerhamt_2-1113x1536.jpg 1113w, https:\/\/kulturonline.tv\/wp-content\/uploads\/2022\/12\/Mari-Otberg_10-x-rosa-sehen-2022_Oelkreide-und-Farbstifte-auf-Papier_465-x-378-cm_gerhamt_2-1483x2048.jpg 1483w, https:\/\/kulturonline.tv\/wp-content\/uploads\/2022\/12\/Mari-Otberg_10-x-rosa-sehen-2022_Oelkreide-und-Farbstifte-auf-Papier_465-x-378-cm_gerhamt_2-scaled.jpg 1854w\" sizes=\"(max-width: 1159px) 100vw, 1159px\" \/><\/figure>\n<\/figure>\n\n\n\n<p>\u201eWenn die K\u00fcnstler:innen und Designer:innen also dazu aufrufen, die Zukunft rosig zu sehen, geht es also nicht darum, dass wir uns eine rosarote Brille aufsetzen und unsere Probleme vergessen, sondern um die Einsicht, dass wir optimistisch sein m\u00fcssen, um handeln zu k\u00f6nnen und handeln m\u00fcssen, um nicht umzukommen\u201c kommentiert Publizist Dr. Bj\u00f6rn Vedder<\/p>\n\n\n\n<p>Die K\u00fcnstler:innen und Designer:innen der Ausstellung fordern den Betrachter mit ihren Arbeiten auf, mit dieser Heiterkeit in Zukunft zu blicken \u2013 mit dabei sind:<\/p>\n\n\n\n<p>Kelli Ali + Pedro Almohada + Christy Astuy + Julia Avramidis + Fiona Bennett &amp; Yarah Bravo + Armin Boehm + Nana Dix + Marieli Fr\u00f6hlich + Esther Haase + Alicia Henry + Heli Hinkel + Siggi Hofer + Christian Hutzinger + Luisa H\u00fcbner + Ismene + Cathy Jardon + Jenny J\u00fcrgens + Maryam Kehani + Alexandra Kordas + William Mackrell + Anna Meyer + Michael M\u00fcller + Mari Otberg<\/p>\n\n\n\n<ul class=\"wp-block-list\">\n<li>Justine Otto + Lukas Pusch + Susi Pop + Gerwald Rockenschaub + Christian Ruschitzka + Elisabeth von Samsonow + Erik Schmidt + Sophia S\u00fc\u00dfmilch + Christian Stock + Anny Wass + Letizia Werth + Nives Widauer + Erwin Wurm + Jan Kath + Natascha Madeiski + Maison Marcel + MONBR\u00c9E + ROSA MOSA + Alexandra Pruscha + Starstyling + MeiHuiLiu<\/li>\n<\/ul>\n\n\n\n<p>Die M\u00fcnchner K\u00fcnstlerin Alexandra Kordas, die ihre Werke \u201eLove Myself\u201d und \u201eMe at a bad moment\u201d ausstellen wird, kommentiert die Ausstellung: \u201eRosa steht f\u00fcr Mitgef\u00fchl, F\u00fcrsorge und Liebe und sie bezieht sich auf bedingungslose Liebe und gegenseitiges Verst\u00e4ndnis. Die Farbe steht quasi f\u00fcr Alles, was wir in dieser Welt gepr\u00e4gt von negativen Nachrichten dringend brauchen.\u201c<\/p>\n\n\n\n<p>Kultur Online TV<\/p>\n\n\n\n<p>#news #kunst #kultur<\/p>\n","protected":false},"excerpt":{"rendered":"<p>Eine Ausstellung von \u201eK\u00fcnstlern f\u00fcr K\u00fcnstler\u201c kuratiert und initiiert von Mari Otberg Als positive Inspiration und Gegenpol zum derzeitig desastr\u00f6sen Weltgeschehen: Krieg, Teuerung, Klimaerw\u00e4rmung, Aufst\u00e4nde im Iran, Todesurteile in Saudi-Arabien Junge K\u00fcnstler:innen zu zeigen, die noch nie in Berlin ausgestellt haben: Luisa H\u00fcbner, Anny Wass Bekannte und nicht bekannte K\u00fcnstler:innen in einer Ausstellung zeigen und [&hellip;]<\/p>\n","protected":false},"author":2,"featured_media":42809,"comment_status":"closed","ping_status":"closed","sticky":false,"template":"","format":"standard","meta":{"_acf_changed":false,"footnotes":""},"categories":[107],"tags":[],"class_list":["post-42605","post","type-post","status-publish","format-standard","has-post-thumbnail","hentry","category-kunst"],"acf":[],"yoast_head":"<!-- This site is optimized with the Yoast SEO plugin v26.1.1 - https:\/\/yoast.com\/wordpress\/plugins\/seo\/ -->\n<title>Tipp: &quot;Rosa sehen statt untergehen&quot; - Kultur Online TV &amp; FM<\/title>\n<meta name=\"description\" content=\"Eine Ausstellung von \u201eK\u00fcnstlern f\u00fcr K\u00fcnstler\u201c kuratiert und initiiert von Mari Otberg\" \/>\n<meta name=\"robots\" content=\"index, follow, max-snippet:-1, max-image-preview:large, max-video-preview:-1\" \/>\n<link rel=\"canonical\" href=\"https:\/\/kulturonline.tv\/de\/tipp-rosa-sehen-statt-untergehen\/\" \/>\n<meta property=\"og:locale\" content=\"de_DE\" \/>\n<meta property=\"og:type\" content=\"article\" \/>\n<meta property=\"og:title\" content=\"Tipp: &quot;Rosa sehen statt untergehen&quot; - Kultur Online TV &amp; FM\" \/>\n<meta property=\"og:description\" content=\"Eine Ausstellung von \u201eK\u00fcnstlern f\u00fcr K\u00fcnstler\u201c kuratiert und initiiert von Mari Otberg\" \/>\n<meta property=\"og:url\" content=\"https:\/\/kulturonline.tv\/de\/tipp-rosa-sehen-statt-untergehen\/\" \/>\n<meta property=\"og:site_name\" content=\"Kultur Online TV &amp; FM\" \/>\n<meta property=\"article:publisher\" content=\"https:\/\/www.facebook.com\/kulturonline.tv\" \/>\n<meta property=\"article:published_time\" content=\"2022-12-01T08:30:29+00:00\" \/>\n<meta property=\"article:modified_time\" content=\"2022-12-01T19:50:18+00:00\" \/>\n<meta property=\"og:image\" content=\"https:\/\/kulturonline.tv\/wp-content\/uploads\/2022\/12\/Einladung_Rosa_kultur-online-tv-edited.png\" \/>\n\t<meta property=\"og:image:width\" content=\"618\" \/>\n\t<meta property=\"og:image:height\" content=\"348\" \/>\n\t<meta property=\"og:image:type\" content=\"image\/png\" \/>\n<meta name=\"author\" content=\"guenter.wolfgang\" \/>\n<meta name=\"twitter:card\" content=\"summary_large_image\" \/>\n<meta name=\"twitter:label1\" content=\"Verfasst von\" \/>\n\t<meta name=\"twitter:data1\" content=\"guenter.wolfgang\" \/>\n\t<meta name=\"twitter:label2\" content=\"Gesch\u00e4tzte Lesezeit\" \/>\n\t<meta name=\"twitter:data2\" content=\"2\u00a0Minuten\" \/>\n<script type=\"application\/ld+json\" class=\"yoast-schema-graph\">{\"@context\":\"https:\/\/schema.org\",\"@graph\":[{\"@type\":\"Article\",\"@id\":\"https:\/\/kulturonline.tv\/de\/tipp-rosa-sehen-statt-untergehen\/#article\",\"isPartOf\":{\"@id\":\"https:\/\/kulturonline.tv\/de\/tipp-rosa-sehen-statt-untergehen\/\"},\"author\":{\"name\":\"guenter.wolfgang\",\"@id\":\"https:\/\/kulturonline.tv\/de\/#\/schema\/person\/b0fac729bb9a0c193fb1df23449df4fe\"},\"headline\":\"Tipp: &#8222;Rosa sehen statt untergehen&#8220;\",\"datePublished\":\"2022-12-01T08:30:29+00:00\",\"dateModified\":\"2022-12-01T19:50:18+00:00\",\"mainEntityOfPage\":{\"@id\":\"https:\/\/kulturonline.tv\/de\/tipp-rosa-sehen-statt-untergehen\/\"},\"wordCount\":499,\"publisher\":{\"@id\":\"https:\/\/kulturonline.tv\/de\/#organization\"},\"image\":{\"@id\":\"https:\/\/kulturonline.tv\/de\/tipp-rosa-sehen-statt-untergehen\/#primaryimage\"},\"thumbnailUrl\":\"https:\/\/kulturonline.tv\/wp-content\/uploads\/2022\/12\/Einladung_Rosa_kultur-online-tv-edited.png\",\"articleSection\":[\"Kunst\"],\"inLanguage\":\"de\"},{\"@type\":\"WebPage\",\"@id\":\"https:\/\/kulturonline.tv\/de\/tipp-rosa-sehen-statt-untergehen\/\",\"url\":\"https:\/\/kulturonline.tv\/de\/tipp-rosa-sehen-statt-untergehen\/\",\"name\":\"Tipp: \\\"Rosa sehen statt untergehen\\\" - Kultur Online TV &amp; FM\",\"isPartOf\":{\"@id\":\"https:\/\/kulturonline.tv\/de\/#website\"},\"primaryImageOfPage\":{\"@id\":\"https:\/\/kulturonline.tv\/de\/tipp-rosa-sehen-statt-untergehen\/#primaryimage\"},\"image\":{\"@id\":\"https:\/\/kulturonline.tv\/de\/tipp-rosa-sehen-statt-untergehen\/#primaryimage\"},\"thumbnailUrl\":\"https:\/\/kulturonline.tv\/wp-content\/uploads\/2022\/12\/Einladung_Rosa_kultur-online-tv-edited.png\",\"datePublished\":\"2022-12-01T08:30:29+00:00\",\"dateModified\":\"2022-12-01T19:50:18+00:00\",\"description\":\"Eine Ausstellung von \u201eK\u00fcnstlern f\u00fcr K\u00fcnstler\u201c kuratiert und initiiert von Mari Otberg\",\"breadcrumb\":{\"@id\":\"https:\/\/kulturonline.tv\/de\/tipp-rosa-sehen-statt-untergehen\/#breadcrumb\"},\"inLanguage\":\"de\",\"potentialAction\":[{\"@type\":\"ReadAction\",\"target\":[\"https:\/\/kulturonline.tv\/de\/tipp-rosa-sehen-statt-untergehen\/\"]}]},{\"@type\":\"ImageObject\",\"inLanguage\":\"de\",\"@id\":\"https:\/\/kulturonline.tv\/de\/tipp-rosa-sehen-statt-untergehen\/#primaryimage\",\"url\":\"https:\/\/kulturonline.tv\/wp-content\/uploads\/2022\/12\/Einladung_Rosa_kultur-online-tv-edited.png\",\"contentUrl\":\"https:\/\/kulturonline.tv\/wp-content\/uploads\/2022\/12\/Einladung_Rosa_kultur-online-tv-edited.png\",\"width\":618,\"height\":348},{\"@type\":\"BreadcrumbList\",\"@id\":\"https:\/\/kulturonline.tv\/de\/tipp-rosa-sehen-statt-untergehen\/#breadcrumb\",\"itemListElement\":[{\"@type\":\"ListItem\",\"position\":1,\"name\":\"Startseite\",\"item\":\"https:\/\/kulturonline.tv\/de\/\"},{\"@type\":\"ListItem\",\"position\":2,\"name\":\"Tipp: &#8222;Rosa sehen statt untergehen&#8220;\"}]},{\"@type\":\"WebSite\",\"@id\":\"https:\/\/kulturonline.tv\/de\/#website\",\"url\":\"https:\/\/kulturonline.tv\/de\/\",\"name\":\"Kultur Online TV &amp; FM\",\"description\":\"Wir sind Kultur 2.0 zum sehen &amp; h\u00f6ren\",\"publisher\":{\"@id\":\"https:\/\/kulturonline.tv\/de\/#organization\"},\"potentialAction\":[{\"@type\":\"SearchAction\",\"target\":{\"@type\":\"EntryPoint\",\"urlTemplate\":\"https:\/\/kulturonline.tv\/de\/?s={search_term_string}\"},\"query-input\":{\"@type\":\"PropertyValueSpecification\",\"valueRequired\":true,\"valueName\":\"search_term_string\"}}],\"inLanguage\":\"de\"},{\"@type\":\"Organization\",\"@id\":\"https:\/\/kulturonline.tv\/de\/#organization\",\"name\":\"Kultur Online TV\",\"url\":\"https:\/\/kulturonline.tv\/de\/\",\"logo\":{\"@type\":\"ImageObject\",\"inLanguage\":\"de\",\"@id\":\"https:\/\/kulturonline.tv\/de\/#\/schema\/logo\/image\/\",\"url\":\"https:\/\/kulturonline.tv\/wp-content\/uploads\/2021\/08\/Kultur-Online-Tv-Logo-Endversion-neu.png\",\"contentUrl\":\"https:\/\/kulturonline.tv\/wp-content\/uploads\/2021\/08\/Kultur-Online-Tv-Logo-Endversion-neu.png\",\"width\":200,\"height\":200,\"caption\":\"Kultur Online TV\"},\"image\":{\"@id\":\"https:\/\/kulturonline.tv\/de\/#\/schema\/logo\/image\/\"},\"sameAs\":[\"https:\/\/www.facebook.com\/kulturonline.tv\",\"https:\/\/www.instagram.com\/kulturonline.tv\"]},{\"@type\":\"Person\",\"@id\":\"https:\/\/kulturonline.tv\/de\/#\/schema\/person\/b0fac729bb9a0c193fb1df23449df4fe\",\"name\":\"guenter.wolfgang\"}]}<\/script>\n<!-- \/ Yoast SEO plugin. -->","yoast_head_json":{"title":"Tipp: \"Rosa sehen statt untergehen\" - Kultur Online TV &amp; FM","description":"Eine Ausstellung von \u201eK\u00fcnstlern f\u00fcr K\u00fcnstler\u201c kuratiert und initiiert von Mari Otberg","robots":{"index":"index","follow":"follow","max-snippet":"max-snippet:-1","max-image-preview":"max-image-preview:large","max-video-preview":"max-video-preview:-1"},"canonical":"https:\/\/kulturonline.tv\/de\/tipp-rosa-sehen-statt-untergehen\/","og_locale":"de_DE","og_type":"article","og_title":"Tipp: \"Rosa sehen statt untergehen\" - Kultur Online TV &amp; FM","og_description":"Eine Ausstellung von \u201eK\u00fcnstlern f\u00fcr K\u00fcnstler\u201c kuratiert und initiiert von Mari Otberg","og_url":"https:\/\/kulturonline.tv\/de\/tipp-rosa-sehen-statt-untergehen\/","og_site_name":"Kultur Online TV &amp; FM","article_publisher":"https:\/\/www.facebook.com\/kulturonline.tv","article_published_time":"2022-12-01T08:30:29+00:00","article_modified_time":"2022-12-01T19:50:18+00:00","og_image":[{"width":618,"height":348,"url":"https:\/\/kulturonline.tv\/wp-content\/uploads\/2022\/12\/Einladung_Rosa_kultur-online-tv-edited.png","type":"image\/png"}],"author":"guenter.wolfgang","twitter_card":"summary_large_image","twitter_misc":{"Verfasst von":"guenter.wolfgang","Gesch\u00e4tzte Lesezeit":"2\u00a0Minuten"},"schema":{"@context":"https:\/\/schema.org","@graph":[{"@type":"Article","@id":"https:\/\/kulturonline.tv\/de\/tipp-rosa-sehen-statt-untergehen\/#article","isPartOf":{"@id":"https:\/\/kulturonline.tv\/de\/tipp-rosa-sehen-statt-untergehen\/"},"author":{"name":"guenter.wolfgang","@id":"https:\/\/kulturonline.tv\/de\/#\/schema\/person\/b0fac729bb9a0c193fb1df23449df4fe"},"headline":"Tipp: &#8222;Rosa sehen statt untergehen&#8220;","datePublished":"2022-12-01T08:30:29+00:00","dateModified":"2022-12-01T19:50:18+00:00","mainEntityOfPage":{"@id":"https:\/\/kulturonline.tv\/de\/tipp-rosa-sehen-statt-untergehen\/"},"wordCount":499,"publisher":{"@id":"https:\/\/kulturonline.tv\/de\/#organization"},"image":{"@id":"https:\/\/kulturonline.tv\/de\/tipp-rosa-sehen-statt-untergehen\/#primaryimage"},"thumbnailUrl":"https:\/\/kulturonline.tv\/wp-content\/uploads\/2022\/12\/Einladung_Rosa_kultur-online-tv-edited.png","articleSection":["Kunst"],"inLanguage":"de"},{"@type":"WebPage","@id":"https:\/\/kulturonline.tv\/de\/tipp-rosa-sehen-statt-untergehen\/","url":"https:\/\/kulturonline.tv\/de\/tipp-rosa-sehen-statt-untergehen\/","name":"Tipp: \"Rosa sehen statt untergehen\" - Kultur Online TV &amp; FM","isPartOf":{"@id":"https:\/\/kulturonline.tv\/de\/#website"},"primaryImageOfPage":{"@id":"https:\/\/kulturonline.tv\/de\/tipp-rosa-sehen-statt-untergehen\/#primaryimage"},"image":{"@id":"https:\/\/kulturonline.tv\/de\/tipp-rosa-sehen-statt-untergehen\/#primaryimage"},"thumbnailUrl":"https:\/\/kulturonline.tv\/wp-content\/uploads\/2022\/12\/Einladung_Rosa_kultur-online-tv-edited.png","datePublished":"2022-12-01T08:30:29+00:00","dateModified":"2022-12-01T19:50:18+00:00","description":"Eine Ausstellung von \u201eK\u00fcnstlern f\u00fcr K\u00fcnstler\u201c kuratiert und initiiert von Mari Otberg","breadcrumb":{"@id":"https:\/\/kulturonline.tv\/de\/tipp-rosa-sehen-statt-untergehen\/#breadcrumb"},"inLanguage":"de","potentialAction":[{"@type":"ReadAction","target":["https:\/\/kulturonline.tv\/de\/tipp-rosa-sehen-statt-untergehen\/"]}]},{"@type":"ImageObject","inLanguage":"de","@id":"https:\/\/kulturonline.tv\/de\/tipp-rosa-sehen-statt-untergehen\/#primaryimage","url":"https:\/\/kulturonline.tv\/wp-content\/uploads\/2022\/12\/Einladung_Rosa_kultur-online-tv-edited.png","contentUrl":"https:\/\/kulturonline.tv\/wp-content\/uploads\/2022\/12\/Einladung_Rosa_kultur-online-tv-edited.png","width":618,"height":348},{"@type":"BreadcrumbList","@id":"https:\/\/kulturonline.tv\/de\/tipp-rosa-sehen-statt-untergehen\/#breadcrumb","itemListElement":[{"@type":"ListItem","position":1,"name":"Startseite","item":"https:\/\/kulturonline.tv\/de\/"},{"@type":"ListItem","position":2,"name":"Tipp: &#8222;Rosa sehen statt untergehen&#8220;"}]},{"@type":"WebSite","@id":"https:\/\/kulturonline.tv\/de\/#website","url":"https:\/\/kulturonline.tv\/de\/","name":"Kultur Online TV &amp; FM","description":"Wir sind Kultur 2.0 zum sehen &amp; h\u00f6ren","publisher":{"@id":"https:\/\/kulturonline.tv\/de\/#organization"},"potentialAction":[{"@type":"SearchAction","target":{"@type":"EntryPoint","urlTemplate":"https:\/\/kulturonline.tv\/de\/?s={search_term_string}"},"query-input":{"@type":"PropertyValueSpecification","valueRequired":true,"valueName":"search_term_string"}}],"inLanguage":"de"},{"@type":"Organization","@id":"https:\/\/kulturonline.tv\/de\/#organization","name":"Kultur Online TV","url":"https:\/\/kulturonline.tv\/de\/","logo":{"@type":"ImageObject","inLanguage":"de","@id":"https:\/\/kulturonline.tv\/de\/#\/schema\/logo\/image\/","url":"https:\/\/kulturonline.tv\/wp-content\/uploads\/2021\/08\/Kultur-Online-Tv-Logo-Endversion-neu.png","contentUrl":"https:\/\/kulturonline.tv\/wp-content\/uploads\/2021\/08\/Kultur-Online-Tv-Logo-Endversion-neu.png","width":200,"height":200,"caption":"Kultur Online TV"},"image":{"@id":"https:\/\/kulturonline.tv\/de\/#\/schema\/logo\/image\/"},"sameAs":["https:\/\/www.facebook.com\/kulturonline.tv","https:\/\/www.instagram.com\/kulturonline.tv"]},{"@type":"Person","@id":"https:\/\/kulturonline.tv\/de\/#\/schema\/person\/b0fac729bb9a0c193fb1df23449df4fe","name":"guenter.wolfgang"}]}},"_links":{"self":[{"href":"https:\/\/kulturonline.tv\/de\/wp-json\/wp\/v2\/posts\/42605","targetHints":{"allow":["GET"]}}],"collection":[{"href":"https:\/\/kulturonline.tv\/de\/wp-json\/wp\/v2\/posts"}],"about":[{"href":"https:\/\/kulturonline.tv\/de\/wp-json\/wp\/v2\/types\/post"}],"author":[{"embeddable":true,"href":"https:\/\/kulturonline.tv\/de\/wp-json\/wp\/v2\/users\/2"}],"replies":[{"embeddable":true,"href":"https:\/\/kulturonline.tv\/de\/wp-json\/wp\/v2\/comments?post=42605"}],"version-history":[{"count":0,"href":"https:\/\/kulturonline.tv\/de\/wp-json\/wp\/v2\/posts\/42605\/revisions"}],"wp:featuredmedia":[{"embeddable":true,"href":"https:\/\/kulturonline.tv\/de\/wp-json\/wp\/v2\/media\/42809"}],"wp:attachment":[{"href":"https:\/\/kulturonline.tv\/de\/wp-json\/wp\/v2\/media?parent=42605"}],"wp:term":[{"taxonomy":"category","embeddable":true,"href":"https:\/\/kulturonline.tv\/de\/wp-json\/wp\/v2\/categories?post=42605"},{"taxonomy":"post_tag","embeddable":true,"href":"https:\/\/kulturonline.tv\/de\/wp-json\/wp\/v2\/tags?post=42605"}],"curies":[{"name":"wp","href":"https:\/\/api.w.org\/{rel}","templated":true}]}}