{"id":42684,"date":"2022-12-01T13:33:27","date_gmt":"2022-12-01T12:33:27","guid":{"rendered":"https:\/\/kulturonline.tv\/?p=42684"},"modified":"2022-12-01T13:36:11","modified_gmt":"2022-12-01T12:36:11","slug":"brancusi-ausstellung-galerie-gmurzynska","status":"publish","type":"post","link":"https:\/\/kulturonline.tv\/de\/brancusi-ausstellung-galerie-gmurzynska\/","title":{"rendered":"\u201cBrancusi\u201d Ausstellung Galerie Gmurzynska"},"content":{"rendered":"\n<p>Die Galerie Gmurzynska stellt in ihrer Dependance in Z\u00fcrich noch bis 31. Dezember 2022 ein Portfolio an lumin\u00f6sen Vintage-Fotoarbeiten von Constantin Brancusi aus. Die einzigartige Ausstellung umfasst 18 Vintage-Silbergelatineabz\u00fcge, die ikonischste Skulpturen sowie mehrere Stillleben und ein Portr\u00e4t zeigen, sowie eine essenzielle Auswahl von rund 200 seiner Photographien, die sich in Privatsammlungen befinden.<\/p>\n\n\n\n<figure class=\"wp-block-image size-large\"><img fetchpriority=\"high\" decoding=\"async\" width=\"1600\" height=\"900\" src=\"https:\/\/kulturonline.tv\/wp-content\/uploads\/2022\/12\/Galerie-Gmurzynska_Brancusi-Photographie-Ausstellung_Adrian-Notz-edited-1600x900.jpg\" alt=\"\" class=\"wp-image-42572\" srcset=\"https:\/\/kulturonline.tv\/wp-content\/uploads\/2022\/12\/Galerie-Gmurzynska_Brancusi-Photographie-Ausstellung_Adrian-Notz-edited-1600x900.jpg 1600w, https:\/\/kulturonline.tv\/wp-content\/uploads\/2022\/12\/Galerie-Gmurzynska_Brancusi-Photographie-Ausstellung_Adrian-Notz-edited-scaled-600x338.jpg 600w, https:\/\/kulturonline.tv\/wp-content\/uploads\/2022\/12\/Galerie-Gmurzynska_Brancusi-Photographie-Ausstellung_Adrian-Notz-edited-800x450.jpg 800w, https:\/\/kulturonline.tv\/wp-content\/uploads\/2022\/12\/Galerie-Gmurzynska_Brancusi-Photographie-Ausstellung_Adrian-Notz-edited-768x432.jpg 768w, https:\/\/kulturonline.tv\/wp-content\/uploads\/2022\/12\/Galerie-Gmurzynska_Brancusi-Photographie-Ausstellung_Adrian-Notz-edited-1536x864.jpg 1536w, https:\/\/kulturonline.tv\/wp-content\/uploads\/2022\/12\/Galerie-Gmurzynska_Brancusi-Photographie-Ausstellung_Adrian-Notz-edited-2048x1152.jpg 2048w\" sizes=\"(max-width: 1600px) 100vw, 1600px\" \/><\/figure>\n\n\n\n<p>Fast vierzig Jahre nach der wegweisenden musealen Einzelausstellung seiner Photographien im Kunsthaus Z\u00fcrich im Jahr 1977 und der Fotostiftung Schweiz 1987 ist dies die erste kommerzielle Ausstellung von Brancusis Photographien in der deutschsprachigen Schweiz. Diese Ausstellung f\u00e4llt mit der Er\u00f6ffnung eines extra den Brancusi und Man Ray Photographien gewidmeten Raumes im Dada<br>Kabinett im Kunsthaus Z\u00fcrich zusammen. Die ausgestellten Brancusi Photographien sind Teil der bedeutenden Sammlung mit insgesamt achtzig Brancusi Photowerken, die von Carola Giedion-Welcker gestiftet wurden.<br>Brancusi nutzte w\u00e4hrend seines gesamten Wirkens Photographien als Werkzeug zum Katalogisieren, Verkaufen, Gestalten und Verfeinern seiner Skulpturen und vor allem als eigenst\u00e4ndige Kunstwerke. Brancusis Photographien beschreiben die gesamte Betrachtungsweise seiner Skulpturen. Durch die Kontrolle des Rahmens, der Beleuchtung und der Farbgebung teilt Brancusi mit dem Betrachter, wie er m\u00f6chte, dass seine radikalen Skulpturen gesehen werden sollten.<\/p>\n\n\n\n<p>Urspr\u00fcnglich nutzte er die Photographie als Mittel, um seine Arbeiten zu dokumentieren und zu verkaufen. Seine Freundschaft mit Edward Steichen f\u00fchrte zu Brancusis erster Ausstellung in New York mit Alfred Stieglitz 1914. Die beiden Meister der Photographie fotografierten Brancusis Werke. Als Brancusi eine von Stieglitz aufgenommene Photographie einer seiner Skulpturen, die im Rahmen der New Yorker<br>Ausstellung im Jahr 1921 gezeigt wurde, zugeschickt bekam, frustrierte ihn die inakkurate Darstellung seiner Kunst.<\/p>\n\n\n\n<p>\u00a91921 traf Brancusi Man Ray, der seine Hilfe annahm beim Kauf des richtigen Equipments, der richtigen Installation einer Dunkelkammer zusammen mit einer Unterweisung in der Technik der Dunkelkammer. Man Ray lobte Brancusi in seiner Autobiographie: \u201eeiner seiner goldenen V\u00f6gel war von Sonnenstrahlen getroffen worden, so dass eine Art Polarlicht von ihm ausstrahlte, was seiner Arbeit einen explosiven Charakter verlieh.\u201c<br>Brancusi bewunderte Frauen und sie bewunderten Brancusi. Vielen wurde nach Besuchen in seinem Atelier Photographien mitgegeben. Einige beklagten sich, dass es nach \u00dcbernachtungen unm\u00f6glich gewesen sei, ein Bad zu nehmen, da dies zum Entwickeln der Photographien benutzt wurde. Neben seinem Atelier und seinen Werken fotografierte Brancusi auch seine Freunde und Geliebten. Und es gibt duzende Selbstportr\u00e4ts und Stillleben von Blumen, die oftmals Freundinnen gegeben oder geschickt wurden, viele davon mit Widmungen wie \u201eHeute Nacht w\u00e4hrend der Kost\u00fcmprobe werde ich unter diesen Blumen sein, die deinen Triumph feiern\u201c.<br>Von 1921 bis zu seinem Tod 1957 wurden in allen vom K\u00fcnstler autorisierten Ausstellungskatalogen, Magazine und Monografien nur seine Photographien ver\u00f6ffentlicht. Viele von ihnen wurden von Marcel Duchamp in dem von ihm designten Katalog zu Brancusis Ausstellung in der Brummer Gallery in New York 1926 wiederverwendet. Brancusi selbst stellte seine Photographien zuerst 1925 in Rum\u00e4nien aus.<br>Nach seinem Tod hinterlie\u00df Brancusi sein Studio mit seinem gesamten Schaffenswerk dem franz\u00f6sischen Staat. Mitinbegriffen in diesem Nachlass waren sch\u00e4tzungsweise 700 Negative und etwas mehr als 1600 Abz\u00fcge. Neben der Sammlung im Pompidou in Paris sind ungef\u00e4hr 200 seiner Photographien in gro\u00dfen, \u00f6ffentlichen Sammlungen weltweit (wie u.a. dem MoMA, the Metropolitan, Art Institute of Chicago, Philadelphia Museum of Art und dem Kunsthaus Z\u00fcrich) und nicht weniger als rund<br>200 weitere in Privatsammlungen.<\/p>\n\n\n\n<p>Weitere Informationen zu der Ausstellung<\/p>\n\n\n\n<p>http:\/\/www.gmurzynska.com<\/p>\n\n\n\n<p>Kultur Online TV<\/p>\n\n\n\n<p>tipp #news #kunst #kultur<\/p>\n\n\n\n<h4 class=\"wp-block-heading\">,<\/h4>\n","protected":false},"excerpt":{"rendered":"<p>Die Galerie Gmurzynska stellt in ihrer Dependance in Z\u00fcrich noch bis 31. Dezember 2022 ein Portfolio an lumin\u00f6sen Vintage-Fotoarbeiten von Constantin Brancusi aus. Die einzigartige Ausstellung umfasst 18 Vintage-Silbergelatineabz\u00fcge, die ikonischste Skulpturen sowie mehrere Stillleben und ein Portr\u00e4t zeigen, sowie eine essenzielle Auswahl von rund 200 seiner Photographien, die sich in Privatsammlungen befinden. Fast vierzig [&hellip;]<\/p>\n","protected":false},"author":2,"featured_media":42572,"comment_status":"closed","ping_status":"closed","sticky":false,"template":"","format":"standard","meta":{"_acf_changed":false,"footnotes":""},"categories":[1],"tags":[],"class_list":["post-42684","post","type-post","status-publish","format-standard","has-post-thumbnail","hentry","category-unkategorisiert"],"acf":[],"yoast_head":"<!-- This site is optimized with the Yoast SEO plugin v26.1.1 - https:\/\/yoast.com\/wordpress\/plugins\/seo\/ -->\n<title>\u201cBrancusi\u201d Ausstellung Galerie Gmurzynska - Kultur Online TV &amp; FM<\/title>\n<meta name=\"description\" content=\"Die Galerie Gmurzynska stellt in ihrer Dependance in Z\u00fcrich noch bis 31. Dezember 2022 ein Portfolio an lumin\u00f6sen Vintage-Fotoarbeiten von Constantin Brancusi aus..\" \/>\n<meta name=\"robots\" content=\"index, follow, max-snippet:-1, max-image-preview:large, max-video-preview:-1\" \/>\n<link rel=\"canonical\" href=\"https:\/\/kulturonline.tv\/de\/brancusi-ausstellung-galerie-gmurzynska\/\" \/>\n<meta property=\"og:locale\" content=\"de_DE\" \/>\n<meta property=\"og:type\" content=\"article\" \/>\n<meta property=\"og:title\" content=\"\u201cBrancusi\u201d Ausstellung Galerie Gmurzynska - Kultur Online TV &amp; FM\" \/>\n<meta property=\"og:description\" content=\"Die Galerie Gmurzynska stellt in ihrer Dependance in Z\u00fcrich noch bis 31. Dezember 2022 ein Portfolio an lumin\u00f6sen Vintage-Fotoarbeiten von Constantin Brancusi aus..\" \/>\n<meta property=\"og:url\" content=\"https:\/\/kulturonline.tv\/de\/brancusi-ausstellung-galerie-gmurzynska\/\" \/>\n<meta property=\"og:site_name\" content=\"Kultur Online TV &amp; FM\" \/>\n<meta property=\"article:publisher\" content=\"https:\/\/www.facebook.com\/kulturonline.tv\" \/>\n<meta property=\"article:published_time\" content=\"2022-12-01T12:33:27+00:00\" \/>\n<meta property=\"article:modified_time\" content=\"2022-12-01T12:36:11+00:00\" \/>\n<meta property=\"og:image\" content=\"https:\/\/kulturonline.tv\/wp-content\/uploads\/2022\/12\/Galerie-Gmurzynska_Brancusi-Photographie-Ausstellung_Adrian-Notz-edited-scaled.jpg\" \/>\n\t<meta property=\"og:image:width\" content=\"2560\" \/>\n\t<meta property=\"og:image:height\" content=\"1440\" \/>\n\t<meta property=\"og:image:type\" content=\"image\/jpeg\" \/>\n<meta name=\"author\" content=\"guenter.wolfgang\" \/>\n<meta name=\"twitter:card\" content=\"summary_large_image\" \/>\n<meta name=\"twitter:label1\" content=\"Verfasst von\" \/>\n\t<meta name=\"twitter:data1\" content=\"guenter.wolfgang\" \/>\n\t<meta name=\"twitter:label2\" content=\"Gesch\u00e4tzte Lesezeit\" \/>\n\t<meta name=\"twitter:data2\" content=\"3\u00a0Minuten\" \/>\n<script type=\"application\/ld+json\" class=\"yoast-schema-graph\">{\"@context\":\"https:\/\/schema.org\",\"@graph\":[{\"@type\":\"Article\",\"@id\":\"https:\/\/kulturonline.tv\/de\/brancusi-ausstellung-galerie-gmurzynska\/#article\",\"isPartOf\":{\"@id\":\"https:\/\/kulturonline.tv\/de\/brancusi-ausstellung-galerie-gmurzynska\/\"},\"author\":{\"name\":\"guenter.wolfgang\",\"@id\":\"https:\/\/kulturonline.tv\/de\/#\/schema\/person\/b0fac729bb9a0c193fb1df23449df4fe\"},\"headline\":\"\u201cBrancusi\u201d Ausstellung Galerie Gmurzynska\",\"datePublished\":\"2022-12-01T12:33:27+00:00\",\"dateModified\":\"2022-12-01T12:36:11+00:00\",\"mainEntityOfPage\":{\"@id\":\"https:\/\/kulturonline.tv\/de\/brancusi-ausstellung-galerie-gmurzynska\/\"},\"wordCount\":560,\"publisher\":{\"@id\":\"https:\/\/kulturonline.tv\/de\/#organization\"},\"image\":{\"@id\":\"https:\/\/kulturonline.tv\/de\/brancusi-ausstellung-galerie-gmurzynska\/#primaryimage\"},\"thumbnailUrl\":\"https:\/\/kulturonline.tv\/wp-content\/uploads\/2022\/12\/Galerie-Gmurzynska_Brancusi-Photographie-Ausstellung_Adrian-Notz-edited-scaled.jpg\",\"articleSection\":[\"Unkategorisiert\"],\"inLanguage\":\"de\"},{\"@type\":\"WebPage\",\"@id\":\"https:\/\/kulturonline.tv\/de\/brancusi-ausstellung-galerie-gmurzynska\/\",\"url\":\"https:\/\/kulturonline.tv\/de\/brancusi-ausstellung-galerie-gmurzynska\/\",\"name\":\"\u201cBrancusi\u201d Ausstellung Galerie Gmurzynska - Kultur Online TV &amp; FM\",\"isPartOf\":{\"@id\":\"https:\/\/kulturonline.tv\/de\/#website\"},\"primaryImageOfPage\":{\"@id\":\"https:\/\/kulturonline.tv\/de\/brancusi-ausstellung-galerie-gmurzynska\/#primaryimage\"},\"image\":{\"@id\":\"https:\/\/kulturonline.tv\/de\/brancusi-ausstellung-galerie-gmurzynska\/#primaryimage\"},\"thumbnailUrl\":\"https:\/\/kulturonline.tv\/wp-content\/uploads\/2022\/12\/Galerie-Gmurzynska_Brancusi-Photographie-Ausstellung_Adrian-Notz-edited-scaled.jpg\",\"datePublished\":\"2022-12-01T12:33:27+00:00\",\"dateModified\":\"2022-12-01T12:36:11+00:00\",\"description\":\"Die Galerie Gmurzynska stellt in ihrer Dependance in Z\u00fcrich noch bis 31. Dezember 2022 ein Portfolio an lumin\u00f6sen Vintage-Fotoarbeiten von Constantin Brancusi aus..\",\"breadcrumb\":{\"@id\":\"https:\/\/kulturonline.tv\/de\/brancusi-ausstellung-galerie-gmurzynska\/#breadcrumb\"},\"inLanguage\":\"de\",\"potentialAction\":[{\"@type\":\"ReadAction\",\"target\":[\"https:\/\/kulturonline.tv\/de\/brancusi-ausstellung-galerie-gmurzynska\/\"]}]},{\"@type\":\"ImageObject\",\"inLanguage\":\"de\",\"@id\":\"https:\/\/kulturonline.tv\/de\/brancusi-ausstellung-galerie-gmurzynska\/#primaryimage\",\"url\":\"https:\/\/kulturonline.tv\/wp-content\/uploads\/2022\/12\/Galerie-Gmurzynska_Brancusi-Photographie-Ausstellung_Adrian-Notz-edited-scaled.jpg\",\"contentUrl\":\"https:\/\/kulturonline.tv\/wp-content\/uploads\/2022\/12\/Galerie-Gmurzynska_Brancusi-Photographie-Ausstellung_Adrian-Notz-edited-scaled.jpg\",\"width\":2560,\"height\":1440},{\"@type\":\"BreadcrumbList\",\"@id\":\"https:\/\/kulturonline.tv\/de\/brancusi-ausstellung-galerie-gmurzynska\/#breadcrumb\",\"itemListElement\":[{\"@type\":\"ListItem\",\"position\":1,\"name\":\"Startseite\",\"item\":\"https:\/\/kulturonline.tv\/de\/\"},{\"@type\":\"ListItem\",\"position\":2,\"name\":\"\u201cBrancusi\u201d Ausstellung Galerie Gmurzynska\"}]},{\"@type\":\"WebSite\",\"@id\":\"https:\/\/kulturonline.tv\/de\/#website\",\"url\":\"https:\/\/kulturonline.tv\/de\/\",\"name\":\"Kultur Online TV &amp; FM\",\"description\":\"Wir sind Kultur 2.0 zum sehen &amp; h\u00f6ren\",\"publisher\":{\"@id\":\"https:\/\/kulturonline.tv\/de\/#organization\"},\"potentialAction\":[{\"@type\":\"SearchAction\",\"target\":{\"@type\":\"EntryPoint\",\"urlTemplate\":\"https:\/\/kulturonline.tv\/de\/?s={search_term_string}\"},\"query-input\":{\"@type\":\"PropertyValueSpecification\",\"valueRequired\":true,\"valueName\":\"search_term_string\"}}],\"inLanguage\":\"de\"},{\"@type\":\"Organization\",\"@id\":\"https:\/\/kulturonline.tv\/de\/#organization\",\"name\":\"Kultur Online TV\",\"url\":\"https:\/\/kulturonline.tv\/de\/\",\"logo\":{\"@type\":\"ImageObject\",\"inLanguage\":\"de\",\"@id\":\"https:\/\/kulturonline.tv\/de\/#\/schema\/logo\/image\/\",\"url\":\"https:\/\/kulturonline.tv\/wp-content\/uploads\/2021\/08\/Kultur-Online-Tv-Logo-Endversion-neu.png\",\"contentUrl\":\"https:\/\/kulturonline.tv\/wp-content\/uploads\/2021\/08\/Kultur-Online-Tv-Logo-Endversion-neu.png\",\"width\":200,\"height\":200,\"caption\":\"Kultur Online TV\"},\"image\":{\"@id\":\"https:\/\/kulturonline.tv\/de\/#\/schema\/logo\/image\/\"},\"sameAs\":[\"https:\/\/www.facebook.com\/kulturonline.tv\",\"https:\/\/www.instagram.com\/kulturonline.tv\"]},{\"@type\":\"Person\",\"@id\":\"https:\/\/kulturonline.tv\/de\/#\/schema\/person\/b0fac729bb9a0c193fb1df23449df4fe\",\"name\":\"guenter.wolfgang\"}]}<\/script>\n<!-- \/ Yoast SEO plugin. -->","yoast_head_json":{"title":"\u201cBrancusi\u201d Ausstellung Galerie Gmurzynska - Kultur Online TV &amp; FM","description":"Die Galerie Gmurzynska stellt in ihrer Dependance in Z\u00fcrich noch bis 31. Dezember 2022 ein Portfolio an lumin\u00f6sen Vintage-Fotoarbeiten von Constantin Brancusi aus..","robots":{"index":"index","follow":"follow","max-snippet":"max-snippet:-1","max-image-preview":"max-image-preview:large","max-video-preview":"max-video-preview:-1"},"canonical":"https:\/\/kulturonline.tv\/de\/brancusi-ausstellung-galerie-gmurzynska\/","og_locale":"de_DE","og_type":"article","og_title":"\u201cBrancusi\u201d Ausstellung Galerie Gmurzynska - Kultur Online TV &amp; FM","og_description":"Die Galerie Gmurzynska stellt in ihrer Dependance in Z\u00fcrich noch bis 31. Dezember 2022 ein Portfolio an lumin\u00f6sen Vintage-Fotoarbeiten von Constantin Brancusi aus..","og_url":"https:\/\/kulturonline.tv\/de\/brancusi-ausstellung-galerie-gmurzynska\/","og_site_name":"Kultur Online TV &amp; FM","article_publisher":"https:\/\/www.facebook.com\/kulturonline.tv","article_published_time":"2022-12-01T12:33:27+00:00","article_modified_time":"2022-12-01T12:36:11+00:00","og_image":[{"width":2560,"height":1440,"url":"https:\/\/kulturonline.tv\/wp-content\/uploads\/2022\/12\/Galerie-Gmurzynska_Brancusi-Photographie-Ausstellung_Adrian-Notz-edited-scaled.jpg","type":"image\/jpeg"}],"author":"guenter.wolfgang","twitter_card":"summary_large_image","twitter_misc":{"Verfasst von":"guenter.wolfgang","Gesch\u00e4tzte Lesezeit":"3\u00a0Minuten"},"schema":{"@context":"https:\/\/schema.org","@graph":[{"@type":"Article","@id":"https:\/\/kulturonline.tv\/de\/brancusi-ausstellung-galerie-gmurzynska\/#article","isPartOf":{"@id":"https:\/\/kulturonline.tv\/de\/brancusi-ausstellung-galerie-gmurzynska\/"},"author":{"name":"guenter.wolfgang","@id":"https:\/\/kulturonline.tv\/de\/#\/schema\/person\/b0fac729bb9a0c193fb1df23449df4fe"},"headline":"\u201cBrancusi\u201d Ausstellung Galerie Gmurzynska","datePublished":"2022-12-01T12:33:27+00:00","dateModified":"2022-12-01T12:36:11+00:00","mainEntityOfPage":{"@id":"https:\/\/kulturonline.tv\/de\/brancusi-ausstellung-galerie-gmurzynska\/"},"wordCount":560,"publisher":{"@id":"https:\/\/kulturonline.tv\/de\/#organization"},"image":{"@id":"https:\/\/kulturonline.tv\/de\/brancusi-ausstellung-galerie-gmurzynska\/#primaryimage"},"thumbnailUrl":"https:\/\/kulturonline.tv\/wp-content\/uploads\/2022\/12\/Galerie-Gmurzynska_Brancusi-Photographie-Ausstellung_Adrian-Notz-edited-scaled.jpg","articleSection":["Unkategorisiert"],"inLanguage":"de"},{"@type":"WebPage","@id":"https:\/\/kulturonline.tv\/de\/brancusi-ausstellung-galerie-gmurzynska\/","url":"https:\/\/kulturonline.tv\/de\/brancusi-ausstellung-galerie-gmurzynska\/","name":"\u201cBrancusi\u201d Ausstellung Galerie Gmurzynska - Kultur Online TV &amp; FM","isPartOf":{"@id":"https:\/\/kulturonline.tv\/de\/#website"},"primaryImageOfPage":{"@id":"https:\/\/kulturonline.tv\/de\/brancusi-ausstellung-galerie-gmurzynska\/#primaryimage"},"image":{"@id":"https:\/\/kulturonline.tv\/de\/brancusi-ausstellung-galerie-gmurzynska\/#primaryimage"},"thumbnailUrl":"https:\/\/kulturonline.tv\/wp-content\/uploads\/2022\/12\/Galerie-Gmurzynska_Brancusi-Photographie-Ausstellung_Adrian-Notz-edited-scaled.jpg","datePublished":"2022-12-01T12:33:27+00:00","dateModified":"2022-12-01T12:36:11+00:00","description":"Die Galerie Gmurzynska stellt in ihrer Dependance in Z\u00fcrich noch bis 31. Dezember 2022 ein Portfolio an lumin\u00f6sen Vintage-Fotoarbeiten von Constantin Brancusi aus..","breadcrumb":{"@id":"https:\/\/kulturonline.tv\/de\/brancusi-ausstellung-galerie-gmurzynska\/#breadcrumb"},"inLanguage":"de","potentialAction":[{"@type":"ReadAction","target":["https:\/\/kulturonline.tv\/de\/brancusi-ausstellung-galerie-gmurzynska\/"]}]},{"@type":"ImageObject","inLanguage":"de","@id":"https:\/\/kulturonline.tv\/de\/brancusi-ausstellung-galerie-gmurzynska\/#primaryimage","url":"https:\/\/kulturonline.tv\/wp-content\/uploads\/2022\/12\/Galerie-Gmurzynska_Brancusi-Photographie-Ausstellung_Adrian-Notz-edited-scaled.jpg","contentUrl":"https:\/\/kulturonline.tv\/wp-content\/uploads\/2022\/12\/Galerie-Gmurzynska_Brancusi-Photographie-Ausstellung_Adrian-Notz-edited-scaled.jpg","width":2560,"height":1440},{"@type":"BreadcrumbList","@id":"https:\/\/kulturonline.tv\/de\/brancusi-ausstellung-galerie-gmurzynska\/#breadcrumb","itemListElement":[{"@type":"ListItem","position":1,"name":"Startseite","item":"https:\/\/kulturonline.tv\/de\/"},{"@type":"ListItem","position":2,"name":"\u201cBrancusi\u201d Ausstellung Galerie Gmurzynska"}]},{"@type":"WebSite","@id":"https:\/\/kulturonline.tv\/de\/#website","url":"https:\/\/kulturonline.tv\/de\/","name":"Kultur Online TV &amp; FM","description":"Wir sind Kultur 2.0 zum sehen &amp; h\u00f6ren","publisher":{"@id":"https:\/\/kulturonline.tv\/de\/#organization"},"potentialAction":[{"@type":"SearchAction","target":{"@type":"EntryPoint","urlTemplate":"https:\/\/kulturonline.tv\/de\/?s={search_term_string}"},"query-input":{"@type":"PropertyValueSpecification","valueRequired":true,"valueName":"search_term_string"}}],"inLanguage":"de"},{"@type":"Organization","@id":"https:\/\/kulturonline.tv\/de\/#organization","name":"Kultur Online TV","url":"https:\/\/kulturonline.tv\/de\/","logo":{"@type":"ImageObject","inLanguage":"de","@id":"https:\/\/kulturonline.tv\/de\/#\/schema\/logo\/image\/","url":"https:\/\/kulturonline.tv\/wp-content\/uploads\/2021\/08\/Kultur-Online-Tv-Logo-Endversion-neu.png","contentUrl":"https:\/\/kulturonline.tv\/wp-content\/uploads\/2021\/08\/Kultur-Online-Tv-Logo-Endversion-neu.png","width":200,"height":200,"caption":"Kultur Online TV"},"image":{"@id":"https:\/\/kulturonline.tv\/de\/#\/schema\/logo\/image\/"},"sameAs":["https:\/\/www.facebook.com\/kulturonline.tv","https:\/\/www.instagram.com\/kulturonline.tv"]},{"@type":"Person","@id":"https:\/\/kulturonline.tv\/de\/#\/schema\/person\/b0fac729bb9a0c193fb1df23449df4fe","name":"guenter.wolfgang"}]}},"_links":{"self":[{"href":"https:\/\/kulturonline.tv\/de\/wp-json\/wp\/v2\/posts\/42684","targetHints":{"allow":["GET"]}}],"collection":[{"href":"https:\/\/kulturonline.tv\/de\/wp-json\/wp\/v2\/posts"}],"about":[{"href":"https:\/\/kulturonline.tv\/de\/wp-json\/wp\/v2\/types\/post"}],"author":[{"embeddable":true,"href":"https:\/\/kulturonline.tv\/de\/wp-json\/wp\/v2\/users\/2"}],"replies":[{"embeddable":true,"href":"https:\/\/kulturonline.tv\/de\/wp-json\/wp\/v2\/comments?post=42684"}],"version-history":[{"count":0,"href":"https:\/\/kulturonline.tv\/de\/wp-json\/wp\/v2\/posts\/42684\/revisions"}],"wp:featuredmedia":[{"embeddable":true,"href":"https:\/\/kulturonline.tv\/de\/wp-json\/wp\/v2\/media\/42572"}],"wp:attachment":[{"href":"https:\/\/kulturonline.tv\/de\/wp-json\/wp\/v2\/media?parent=42684"}],"wp:term":[{"taxonomy":"category","embeddable":true,"href":"https:\/\/kulturonline.tv\/de\/wp-json\/wp\/v2\/categories?post=42684"},{"taxonomy":"post_tag","embeddable":true,"href":"https:\/\/kulturonline.tv\/de\/wp-json\/wp\/v2\/tags?post=42684"}],"curies":[{"name":"wp","href":"https:\/\/api.w.org\/{rel}","templated":true}]}}