{"id":42772,"date":"2022-12-01T17:56:33","date_gmt":"2022-12-01T16:56:33","guid":{"rendered":"https:\/\/kulturonline.tv\/unkategorisiert\/staatssekretaerin-mayer-zum-tod-von-christiane-hoerbiger"},"modified":"2022-12-01T17:57:10","modified_gmt":"2022-12-01T16:57:10","slug":"staatssekretaerin-mayer-zum-tod-von-christiane-hoerbiger","status":"publish","type":"post","link":"https:\/\/kulturonline.tv\/de\/staatssekretaerin-mayer-zum-tod-von-christiane-hoerbiger\/","title":{"rendered":"Staatssekret\u00e4rin Mayer zum Tod von Christiane H\u00f6rbiger"},"content":{"rendered":"\n<p>\u201eEin Solit\u00e4r der deutschsprachigen Theater- und Filmbranche\u201c<\/p>\n\n\n\n<figure class=\"wp-block-image size-full is-resized\"><img fetchpriority=\"high\" decoding=\"async\" src=\"https:\/\/kulturonline.tv\/wp-content\/uploads\/2022\/12\/christiane-hoerbiger-2022.jpg\" alt=\"\" class=\"wp-image-42769\" width=\"842\" height=\"474\" srcset=\"https:\/\/kulturonline.tv\/wp-content\/uploads\/2022\/12\/christiane-hoerbiger-2022.jpg 478w, https:\/\/kulturonline.tv\/wp-content\/uploads\/2022\/12\/christiane-hoerbiger-2022-416x234.jpg 416w\" sizes=\"(max-width: 842px) 100vw, 842px\" \/><\/figure>\n\n\n\n<p>\u201eChristiane H\u00f6rbiger war ein Solit\u00e4r der deutschsprachigen Theater- und Filmbranche. Sie war eine solch best\u00e4ndige, eindrucksvolle Erscheinung und in so hohem Ma\u00dfe pr\u00e4sent, dass die Nachricht \u00fcber ihren Tod fast unwirklich erscheint. Der deutschsprachige Fernsehfilm ohne Christiane H\u00f6rbiger ist eigentlich unvorstellbar. Mit ihr verlieren wir alle ein St\u00fcck \u00f6sterreichischer Identit\u00e4t\u201c, so Kunst- und Kulturstaatssekret\u00e4rin Andrea Mayer zu ihrem Tod. \u201eMit ihrer hohen Schauspielkunst und ihrem unvergleichlichen Charme hat sie auch international gro\u00dfe Erfolge gefeiert und unsere Kunst- und Kulturnation weit \u00fcber die heimischen Landesgrenzen hinweg zum Strahlen gebracht. Sie wird sehr fehlen. Meine Anteilnahme gilt ihrer Familie, ihren Freunden und ihren zahlreichen Weggef\u00e4hrtinnen und -gef\u00e4hrten.\u201c<\/p>\n\n\n\n<p>Kultur Online TV<\/p>\n\n\n\n<p>#news #film #theater<\/p>\n\n\n\n<p><\/p>\n","protected":false},"excerpt":{"rendered":"<p>\u201eEin Solit\u00e4r der deutschsprachigen Theater- und Filmbranche\u201c \u201eChristiane H\u00f6rbiger war ein Solit\u00e4r der deutschsprachigen Theater- und Filmbranche. Sie war eine solch best\u00e4ndige, eindrucksvolle Erscheinung und in so hohem Ma\u00dfe pr\u00e4sent, dass die Nachricht \u00fcber ihren Tod fast unwirklich erscheint. Der deutschsprachige Fernsehfilm ohne Christiane H\u00f6rbiger ist eigentlich unvorstellbar. Mit ihr verlieren wir alle ein St\u00fcck [&hellip;]<\/p>\n","protected":false},"author":2,"featured_media":42770,"comment_status":"closed","ping_status":"closed","sticky":false,"template":"","format":"standard","meta":{"_acf_changed":false,"footnotes":""},"categories":[118],"tags":[],"class_list":["post-42772","post","type-post","status-publish","format-standard","has-post-thumbnail","hentry","category-uncategorized"],"acf":[],"yoast_head":"<!-- This site is optimized with the Yoast SEO plugin v26.1.1 - https:\/\/yoast.com\/wordpress\/plugins\/seo\/ -->\n<title>Staatssekret\u00e4rin Mayer zum Tod von Christiane H\u00f6rbiger - Kultur Online TV &amp; FM<\/title>\n<meta name=\"description\" content=\"\u201eChristiane H\u00f6rbiger war ein Solit\u00e4r der deutschsprachigen Theater- und Filmbranche. Sie war eine solch best\u00e4ndige, eindrucksvolle Erscheinung und in so hohem Ma\u00dfe pr\u00e4sent, dass die Nachricht \u00fcber ihren Tod fast unwirklich erscheint.\" \/>\n<meta name=\"robots\" content=\"index, follow, max-snippet:-1, max-image-preview:large, max-video-preview:-1\" \/>\n<link rel=\"canonical\" href=\"https:\/\/kulturonline.tv\/de\/staatssekretaerin-mayer-zum-tod-von-christiane-hoerbiger\/\" \/>\n<meta property=\"og:locale\" content=\"de_DE\" \/>\n<meta property=\"og:type\" content=\"article\" \/>\n<meta property=\"og:title\" content=\"Staatssekret\u00e4rin Mayer zum Tod von Christiane H\u00f6rbiger - Kultur Online TV &amp; FM\" \/>\n<meta property=\"og:description\" content=\"\u201eChristiane H\u00f6rbiger war ein Solit\u00e4r der deutschsprachigen Theater- und Filmbranche. Sie war eine solch best\u00e4ndige, eindrucksvolle Erscheinung und in so hohem Ma\u00dfe pr\u00e4sent, dass die Nachricht \u00fcber ihren Tod fast unwirklich erscheint.\" \/>\n<meta property=\"og:url\" content=\"https:\/\/kulturonline.tv\/de\/staatssekretaerin-mayer-zum-tod-von-christiane-hoerbiger\/\" \/>\n<meta property=\"og:site_name\" content=\"Kultur Online TV &amp; FM\" \/>\n<meta property=\"article:publisher\" content=\"https:\/\/www.facebook.com\/kulturonline.tv\" \/>\n<meta property=\"article:published_time\" content=\"2022-12-01T16:56:33+00:00\" \/>\n<meta property=\"article:modified_time\" content=\"2022-12-01T16:57:10+00:00\" \/>\n<meta property=\"og:image\" content=\"https:\/\/kulturonline.tv\/wp-content\/uploads\/2022\/12\/christiane-hoerbiger-2022.jpg\" \/>\n\t<meta property=\"og:image:width\" content=\"478\" \/>\n\t<meta property=\"og:image:height\" content=\"269\" \/>\n\t<meta property=\"og:image:type\" content=\"image\/jpeg\" \/>\n<meta name=\"author\" content=\"guenter.wolfgang\" \/>\n<meta name=\"twitter:card\" content=\"summary_large_image\" \/>\n<meta name=\"twitter:label1\" content=\"Verfasst von\" \/>\n\t<meta name=\"twitter:data1\" content=\"guenter.wolfgang\" \/>\n\t<meta name=\"twitter:label2\" content=\"Gesch\u00e4tzte Lesezeit\" \/>\n\t<meta name=\"twitter:data2\" content=\"1\u00a0Minute\" \/>\n<script type=\"application\/ld+json\" class=\"yoast-schema-graph\">{\"@context\":\"https:\/\/schema.org\",\"@graph\":[{\"@type\":\"Article\",\"@id\":\"https:\/\/kulturonline.tv\/de\/staatssekretaerin-mayer-zum-tod-von-christiane-hoerbiger\/#article\",\"isPartOf\":{\"@id\":\"https:\/\/kulturonline.tv\/de\/staatssekretaerin-mayer-zum-tod-von-christiane-hoerbiger\/\"},\"author\":{\"name\":\"guenter.wolfgang\",\"@id\":\"https:\/\/kulturonline.tv\/de\/#\/schema\/person\/b0fac729bb9a0c193fb1df23449df4fe\"},\"headline\":\"Staatssekret\u00e4rin Mayer zum Tod von Christiane H\u00f6rbiger\",\"datePublished\":\"2022-12-01T16:56:33+00:00\",\"dateModified\":\"2022-12-01T16:57:10+00:00\",\"mainEntityOfPage\":{\"@id\":\"https:\/\/kulturonline.tv\/de\/staatssekretaerin-mayer-zum-tod-von-christiane-hoerbiger\/\"},\"wordCount\":140,\"publisher\":{\"@id\":\"https:\/\/kulturonline.tv\/de\/#organization\"},\"image\":{\"@id\":\"https:\/\/kulturonline.tv\/de\/staatssekretaerin-mayer-zum-tod-von-christiane-hoerbiger\/#primaryimage\"},\"thumbnailUrl\":\"https:\/\/kulturonline.tv\/wp-content\/uploads\/2022\/12\/christiane-hoerbiger-2022.jpg\",\"articleSection\":[\"Uncategorized @at\"],\"inLanguage\":\"de\"},{\"@type\":\"WebPage\",\"@id\":\"https:\/\/kulturonline.tv\/de\/staatssekretaerin-mayer-zum-tod-von-christiane-hoerbiger\/\",\"url\":\"https:\/\/kulturonline.tv\/de\/staatssekretaerin-mayer-zum-tod-von-christiane-hoerbiger\/\",\"name\":\"Staatssekret\u00e4rin Mayer zum Tod von Christiane H\u00f6rbiger - Kultur Online TV &amp; FM\",\"isPartOf\":{\"@id\":\"https:\/\/kulturonline.tv\/de\/#website\"},\"primaryImageOfPage\":{\"@id\":\"https:\/\/kulturonline.tv\/de\/staatssekretaerin-mayer-zum-tod-von-christiane-hoerbiger\/#primaryimage\"},\"image\":{\"@id\":\"https:\/\/kulturonline.tv\/de\/staatssekretaerin-mayer-zum-tod-von-christiane-hoerbiger\/#primaryimage\"},\"thumbnailUrl\":\"https:\/\/kulturonline.tv\/wp-content\/uploads\/2022\/12\/christiane-hoerbiger-2022.jpg\",\"datePublished\":\"2022-12-01T16:56:33+00:00\",\"dateModified\":\"2022-12-01T16:57:10+00:00\",\"description\":\"\u201eChristiane H\u00f6rbiger war ein Solit\u00e4r der deutschsprachigen Theater- und Filmbranche. Sie war eine solch best\u00e4ndige, eindrucksvolle Erscheinung und in so hohem Ma\u00dfe pr\u00e4sent, dass die Nachricht \u00fcber ihren Tod fast unwirklich erscheint.\",\"breadcrumb\":{\"@id\":\"https:\/\/kulturonline.tv\/de\/staatssekretaerin-mayer-zum-tod-von-christiane-hoerbiger\/#breadcrumb\"},\"inLanguage\":\"de\",\"potentialAction\":[{\"@type\":\"ReadAction\",\"target\":[\"https:\/\/kulturonline.tv\/de\/staatssekretaerin-mayer-zum-tod-von-christiane-hoerbiger\/\"]}]},{\"@type\":\"ImageObject\",\"inLanguage\":\"de\",\"@id\":\"https:\/\/kulturonline.tv\/de\/staatssekretaerin-mayer-zum-tod-von-christiane-hoerbiger\/#primaryimage\",\"url\":\"https:\/\/kulturonline.tv\/wp-content\/uploads\/2022\/12\/christiane-hoerbiger-2022.jpg\",\"contentUrl\":\"https:\/\/kulturonline.tv\/wp-content\/uploads\/2022\/12\/christiane-hoerbiger-2022.jpg\",\"width\":478,\"height\":269},{\"@type\":\"BreadcrumbList\",\"@id\":\"https:\/\/kulturonline.tv\/de\/staatssekretaerin-mayer-zum-tod-von-christiane-hoerbiger\/#breadcrumb\",\"itemListElement\":[{\"@type\":\"ListItem\",\"position\":1,\"name\":\"Startseite\",\"item\":\"https:\/\/kulturonline.tv\/de\/\"},{\"@type\":\"ListItem\",\"position\":2,\"name\":\"Staatssekret\u00e4rin Mayer zum Tod von Christiane H\u00f6rbiger\"}]},{\"@type\":\"WebSite\",\"@id\":\"https:\/\/kulturonline.tv\/de\/#website\",\"url\":\"https:\/\/kulturonline.tv\/de\/\",\"name\":\"Kultur Online TV &amp; FM\",\"description\":\"Wir sind Kultur 2.0 zum sehen &amp; h\u00f6ren\",\"publisher\":{\"@id\":\"https:\/\/kulturonline.tv\/de\/#organization\"},\"potentialAction\":[{\"@type\":\"SearchAction\",\"target\":{\"@type\":\"EntryPoint\",\"urlTemplate\":\"https:\/\/kulturonline.tv\/de\/?s={search_term_string}\"},\"query-input\":{\"@type\":\"PropertyValueSpecification\",\"valueRequired\":true,\"valueName\":\"search_term_string\"}}],\"inLanguage\":\"de\"},{\"@type\":\"Organization\",\"@id\":\"https:\/\/kulturonline.tv\/de\/#organization\",\"name\":\"Kultur Online TV\",\"url\":\"https:\/\/kulturonline.tv\/de\/\",\"logo\":{\"@type\":\"ImageObject\",\"inLanguage\":\"de\",\"@id\":\"https:\/\/kulturonline.tv\/de\/#\/schema\/logo\/image\/\",\"url\":\"https:\/\/kulturonline.tv\/wp-content\/uploads\/2021\/08\/Kultur-Online-Tv-Logo-Endversion-neu.png\",\"contentUrl\":\"https:\/\/kulturonline.tv\/wp-content\/uploads\/2021\/08\/Kultur-Online-Tv-Logo-Endversion-neu.png\",\"width\":200,\"height\":200,\"caption\":\"Kultur Online TV\"},\"image\":{\"@id\":\"https:\/\/kulturonline.tv\/de\/#\/schema\/logo\/image\/\"},\"sameAs\":[\"https:\/\/www.facebook.com\/kulturonline.tv\",\"https:\/\/www.instagram.com\/kulturonline.tv\"]},{\"@type\":\"Person\",\"@id\":\"https:\/\/kulturonline.tv\/de\/#\/schema\/person\/b0fac729bb9a0c193fb1df23449df4fe\",\"name\":\"guenter.wolfgang\"}]}<\/script>\n<!-- \/ Yoast SEO plugin. -->","yoast_head_json":{"title":"Staatssekret\u00e4rin Mayer zum Tod von Christiane H\u00f6rbiger - Kultur Online TV &amp; FM","description":"\u201eChristiane H\u00f6rbiger war ein Solit\u00e4r der deutschsprachigen Theater- und Filmbranche. Sie war eine solch best\u00e4ndige, eindrucksvolle Erscheinung und in so hohem Ma\u00dfe pr\u00e4sent, dass die Nachricht \u00fcber ihren Tod fast unwirklich erscheint.","robots":{"index":"index","follow":"follow","max-snippet":"max-snippet:-1","max-image-preview":"max-image-preview:large","max-video-preview":"max-video-preview:-1"},"canonical":"https:\/\/kulturonline.tv\/de\/staatssekretaerin-mayer-zum-tod-von-christiane-hoerbiger\/","og_locale":"de_DE","og_type":"article","og_title":"Staatssekret\u00e4rin Mayer zum Tod von Christiane H\u00f6rbiger - Kultur Online TV &amp; FM","og_description":"\u201eChristiane H\u00f6rbiger war ein Solit\u00e4r der deutschsprachigen Theater- und Filmbranche. Sie war eine solch best\u00e4ndige, eindrucksvolle Erscheinung und in so hohem Ma\u00dfe pr\u00e4sent, dass die Nachricht \u00fcber ihren Tod fast unwirklich erscheint.","og_url":"https:\/\/kulturonline.tv\/de\/staatssekretaerin-mayer-zum-tod-von-christiane-hoerbiger\/","og_site_name":"Kultur Online TV &amp; FM","article_publisher":"https:\/\/www.facebook.com\/kulturonline.tv","article_published_time":"2022-12-01T16:56:33+00:00","article_modified_time":"2022-12-01T16:57:10+00:00","og_image":[{"width":478,"height":269,"url":"https:\/\/kulturonline.tv\/wp-content\/uploads\/2022\/12\/christiane-hoerbiger-2022.jpg","type":"image\/jpeg"}],"author":"guenter.wolfgang","twitter_card":"summary_large_image","twitter_misc":{"Verfasst von":"guenter.wolfgang","Gesch\u00e4tzte Lesezeit":"1\u00a0Minute"},"schema":{"@context":"https:\/\/schema.org","@graph":[{"@type":"Article","@id":"https:\/\/kulturonline.tv\/de\/staatssekretaerin-mayer-zum-tod-von-christiane-hoerbiger\/#article","isPartOf":{"@id":"https:\/\/kulturonline.tv\/de\/staatssekretaerin-mayer-zum-tod-von-christiane-hoerbiger\/"},"author":{"name":"guenter.wolfgang","@id":"https:\/\/kulturonline.tv\/de\/#\/schema\/person\/b0fac729bb9a0c193fb1df23449df4fe"},"headline":"Staatssekret\u00e4rin Mayer zum Tod von Christiane H\u00f6rbiger","datePublished":"2022-12-01T16:56:33+00:00","dateModified":"2022-12-01T16:57:10+00:00","mainEntityOfPage":{"@id":"https:\/\/kulturonline.tv\/de\/staatssekretaerin-mayer-zum-tod-von-christiane-hoerbiger\/"},"wordCount":140,"publisher":{"@id":"https:\/\/kulturonline.tv\/de\/#organization"},"image":{"@id":"https:\/\/kulturonline.tv\/de\/staatssekretaerin-mayer-zum-tod-von-christiane-hoerbiger\/#primaryimage"},"thumbnailUrl":"https:\/\/kulturonline.tv\/wp-content\/uploads\/2022\/12\/christiane-hoerbiger-2022.jpg","articleSection":["Uncategorized @at"],"inLanguage":"de"},{"@type":"WebPage","@id":"https:\/\/kulturonline.tv\/de\/staatssekretaerin-mayer-zum-tod-von-christiane-hoerbiger\/","url":"https:\/\/kulturonline.tv\/de\/staatssekretaerin-mayer-zum-tod-von-christiane-hoerbiger\/","name":"Staatssekret\u00e4rin Mayer zum Tod von Christiane H\u00f6rbiger - Kultur Online TV &amp; FM","isPartOf":{"@id":"https:\/\/kulturonline.tv\/de\/#website"},"primaryImageOfPage":{"@id":"https:\/\/kulturonline.tv\/de\/staatssekretaerin-mayer-zum-tod-von-christiane-hoerbiger\/#primaryimage"},"image":{"@id":"https:\/\/kulturonline.tv\/de\/staatssekretaerin-mayer-zum-tod-von-christiane-hoerbiger\/#primaryimage"},"thumbnailUrl":"https:\/\/kulturonline.tv\/wp-content\/uploads\/2022\/12\/christiane-hoerbiger-2022.jpg","datePublished":"2022-12-01T16:56:33+00:00","dateModified":"2022-12-01T16:57:10+00:00","description":"\u201eChristiane H\u00f6rbiger war ein Solit\u00e4r der deutschsprachigen Theater- und Filmbranche. Sie war eine solch best\u00e4ndige, eindrucksvolle Erscheinung und in so hohem Ma\u00dfe pr\u00e4sent, dass die Nachricht \u00fcber ihren Tod fast unwirklich erscheint.","breadcrumb":{"@id":"https:\/\/kulturonline.tv\/de\/staatssekretaerin-mayer-zum-tod-von-christiane-hoerbiger\/#breadcrumb"},"inLanguage":"de","potentialAction":[{"@type":"ReadAction","target":["https:\/\/kulturonline.tv\/de\/staatssekretaerin-mayer-zum-tod-von-christiane-hoerbiger\/"]}]},{"@type":"ImageObject","inLanguage":"de","@id":"https:\/\/kulturonline.tv\/de\/staatssekretaerin-mayer-zum-tod-von-christiane-hoerbiger\/#primaryimage","url":"https:\/\/kulturonline.tv\/wp-content\/uploads\/2022\/12\/christiane-hoerbiger-2022.jpg","contentUrl":"https:\/\/kulturonline.tv\/wp-content\/uploads\/2022\/12\/christiane-hoerbiger-2022.jpg","width":478,"height":269},{"@type":"BreadcrumbList","@id":"https:\/\/kulturonline.tv\/de\/staatssekretaerin-mayer-zum-tod-von-christiane-hoerbiger\/#breadcrumb","itemListElement":[{"@type":"ListItem","position":1,"name":"Startseite","item":"https:\/\/kulturonline.tv\/de\/"},{"@type":"ListItem","position":2,"name":"Staatssekret\u00e4rin Mayer zum Tod von Christiane H\u00f6rbiger"}]},{"@type":"WebSite","@id":"https:\/\/kulturonline.tv\/de\/#website","url":"https:\/\/kulturonline.tv\/de\/","name":"Kultur Online TV &amp; FM","description":"Wir sind Kultur 2.0 zum sehen &amp; h\u00f6ren","publisher":{"@id":"https:\/\/kulturonline.tv\/de\/#organization"},"potentialAction":[{"@type":"SearchAction","target":{"@type":"EntryPoint","urlTemplate":"https:\/\/kulturonline.tv\/de\/?s={search_term_string}"},"query-input":{"@type":"PropertyValueSpecification","valueRequired":true,"valueName":"search_term_string"}}],"inLanguage":"de"},{"@type":"Organization","@id":"https:\/\/kulturonline.tv\/de\/#organization","name":"Kultur Online TV","url":"https:\/\/kulturonline.tv\/de\/","logo":{"@type":"ImageObject","inLanguage":"de","@id":"https:\/\/kulturonline.tv\/de\/#\/schema\/logo\/image\/","url":"https:\/\/kulturonline.tv\/wp-content\/uploads\/2021\/08\/Kultur-Online-Tv-Logo-Endversion-neu.png","contentUrl":"https:\/\/kulturonline.tv\/wp-content\/uploads\/2021\/08\/Kultur-Online-Tv-Logo-Endversion-neu.png","width":200,"height":200,"caption":"Kultur Online TV"},"image":{"@id":"https:\/\/kulturonline.tv\/de\/#\/schema\/logo\/image\/"},"sameAs":["https:\/\/www.facebook.com\/kulturonline.tv","https:\/\/www.instagram.com\/kulturonline.tv"]},{"@type":"Person","@id":"https:\/\/kulturonline.tv\/de\/#\/schema\/person\/b0fac729bb9a0c193fb1df23449df4fe","name":"guenter.wolfgang"}]}},"_links":{"self":[{"href":"https:\/\/kulturonline.tv\/de\/wp-json\/wp\/v2\/posts\/42772","targetHints":{"allow":["GET"]}}],"collection":[{"href":"https:\/\/kulturonline.tv\/de\/wp-json\/wp\/v2\/posts"}],"about":[{"href":"https:\/\/kulturonline.tv\/de\/wp-json\/wp\/v2\/types\/post"}],"author":[{"embeddable":true,"href":"https:\/\/kulturonline.tv\/de\/wp-json\/wp\/v2\/users\/2"}],"replies":[{"embeddable":true,"href":"https:\/\/kulturonline.tv\/de\/wp-json\/wp\/v2\/comments?post=42772"}],"version-history":[{"count":0,"href":"https:\/\/kulturonline.tv\/de\/wp-json\/wp\/v2\/posts\/42772\/revisions"}],"wp:featuredmedia":[{"embeddable":true,"href":"https:\/\/kulturonline.tv\/de\/wp-json\/wp\/v2\/media\/42770"}],"wp:attachment":[{"href":"https:\/\/kulturonline.tv\/de\/wp-json\/wp\/v2\/media?parent=42772"}],"wp:term":[{"taxonomy":"category","embeddable":true,"href":"https:\/\/kulturonline.tv\/de\/wp-json\/wp\/v2\/categories?post=42772"},{"taxonomy":"post_tag","embeddable":true,"href":"https:\/\/kulturonline.tv\/de\/wp-json\/wp\/v2\/tags?post=42772"}],"curies":[{"name":"wp","href":"https:\/\/api.w.org\/{rel}","templated":true}]}}