{"id":42819,"date":"2022-12-01T21:11:54","date_gmt":"2022-12-01T20:11:54","guid":{"rendered":"https:\/\/kulturonline.tv\/?p=42819"},"modified":"2022-12-01T21:11:56","modified_gmt":"2022-12-01T20:11:56","slug":"museen-rechnen-mit-100-millionen-mehrkosten","status":"publish","type":"post","link":"https:\/\/kulturonline.tv\/de\/museen-rechnen-mit-100-millionen-mehrkosten\/","title":{"rendered":"Museen rechnen mit 100 Millionen Mehrkosten"},"content":{"rendered":"\n<p>Angesichts der Energiekrise hat der Deutsche Museumsbund vor enormen Mehrkosten f\u00fcr die Museen gewarnt.<\/p>\n\n\n\n<figure class=\"wp-block-image size-full\"><img fetchpriority=\"high\" decoding=\"async\" width=\"750\" height=\"422\" src=\"https:\/\/kulturonline.tv\/wp-content\/uploads\/2022\/01\/Besucher-sitzen-in-einem-Ausstellungsraum-des-Staatlichen-Museums-Schwerin.jpg\" alt=\"\" class=\"wp-image-20696\" srcset=\"https:\/\/kulturonline.tv\/wp-content\/uploads\/2022\/01\/Besucher-sitzen-in-einem-Ausstellungsraum-des-Staatlichen-Museums-Schwerin.jpg 750w, https:\/\/kulturonline.tv\/wp-content\/uploads\/2022\/01\/Besucher-sitzen-in-einem-Ausstellungsraum-des-Staatlichen-Museums-Schwerin-600x338.jpg 600w\" sizes=\"(max-width: 750px) 100vw, 750px\" \/><figcaption class=\"wp-element-caption\">,<\/figcaption><\/figure>\n\n\n\n<p>Der Verband rechnet mit mindestens 100 Millionen Euro zus\u00e4tzlichen Energiekosten f\u00fcr das Jahr 2023. Au\u00dferdem zweifelt er daran, dass alle H\u00e4user die Kosten nach den pandemiebedingten Einnahmeverlusten aus ihren Budgets decken k\u00f6nnen. Laut einer Verbands-Sprecherin k\u00f6nnen auf gr\u00f6\u00dfere H\u00e4user Mehrkosten von j\u00e4hrlich 200.000 Euro zukommen.<\/p>\n\n\n\n<p>Kultur Online TV<\/p>\n\n\n\n<p>#news #kultur<\/p>\n","protected":false},"excerpt":{"rendered":"<p>Angesichts der Energiekrise hat der Deutsche Museumsbund vor enormen Mehrkosten f\u00fcr die Museen gewarnt. Der Verband rechnet mit mindestens 100 Millionen Euro zus\u00e4tzlichen Energiekosten f\u00fcr das Jahr 2023. Au\u00dferdem zweifelt er daran, dass alle H\u00e4user die Kosten nach den pandemiebedingten Einnahmeverlusten aus ihren Budgets decken k\u00f6nnen. Laut einer Verbands-Sprecherin k\u00f6nnen auf gr\u00f6\u00dfere H\u00e4user Mehrkosten von [&hellip;]<\/p>\n","protected":false},"author":2,"featured_media":20696,"comment_status":"closed","ping_status":"closed","sticky":false,"template":"","format":"standard","meta":{"_acf_changed":false,"footnotes":""},"categories":[3],"tags":[],"class_list":["post-42819","post","type-post","status-publish","format-standard","has-post-thumbnail","hentry","category-newsflash"],"acf":[],"yoast_head":"<!-- This site is optimized with the Yoast SEO plugin v26.1.1 - https:\/\/yoast.com\/wordpress\/plugins\/seo\/ -->\n<title>Museen rechnen mit 100 Millionen Mehrkosten - Kultur Online TV &amp; FM<\/title>\n<meta name=\"description\" content=\"Angesichts der Energiekrise hat der Deutsche Museumsbund vor enormen Mehrkosten f\u00fcr die Museen gewarnt.\" \/>\n<meta name=\"robots\" content=\"index, follow, max-snippet:-1, max-image-preview:large, max-video-preview:-1\" \/>\n<link rel=\"canonical\" href=\"https:\/\/kulturonline.tv\/de\/museen-rechnen-mit-100-millionen-mehrkosten\/\" \/>\n<meta property=\"og:locale\" content=\"de_DE\" \/>\n<meta property=\"og:type\" content=\"article\" \/>\n<meta property=\"og:title\" content=\"Museen rechnen mit 100 Millionen Mehrkosten - Kultur Online TV &amp; FM\" \/>\n<meta property=\"og:description\" content=\"Angesichts der Energiekrise hat der Deutsche Museumsbund vor enormen Mehrkosten f\u00fcr die Museen gewarnt.\" \/>\n<meta property=\"og:url\" content=\"https:\/\/kulturonline.tv\/de\/museen-rechnen-mit-100-millionen-mehrkosten\/\" \/>\n<meta property=\"og:site_name\" content=\"Kultur Online TV &amp; FM\" \/>\n<meta property=\"article:publisher\" content=\"https:\/\/www.facebook.com\/kulturonline.tv\" \/>\n<meta property=\"article:published_time\" content=\"2022-12-01T20:11:54+00:00\" \/>\n<meta property=\"article:modified_time\" content=\"2022-12-01T20:11:56+00:00\" \/>\n<meta property=\"og:image\" content=\"https:\/\/kulturonline.tv\/wp-content\/uploads\/2022\/01\/Besucher-sitzen-in-einem-Ausstellungsraum-des-Staatlichen-Museums-Schwerin.jpg\" \/>\n\t<meta property=\"og:image:width\" content=\"750\" \/>\n\t<meta property=\"og:image:height\" content=\"422\" \/>\n\t<meta property=\"og:image:type\" content=\"image\/jpeg\" \/>\n<meta name=\"author\" content=\"guenter.wolfgang\" \/>\n<meta name=\"twitter:card\" content=\"summary_large_image\" \/>\n<meta name=\"twitter:label1\" content=\"Verfasst von\" \/>\n\t<meta name=\"twitter:data1\" content=\"guenter.wolfgang\" \/>\n<script type=\"application\/ld+json\" class=\"yoast-schema-graph\">{\"@context\":\"https:\/\/schema.org\",\"@graph\":[{\"@type\":\"Article\",\"@id\":\"https:\/\/kulturonline.tv\/de\/museen-rechnen-mit-100-millionen-mehrkosten\/#article\",\"isPartOf\":{\"@id\":\"https:\/\/kulturonline.tv\/de\/museen-rechnen-mit-100-millionen-mehrkosten\/\"},\"author\":{\"name\":\"guenter.wolfgang\",\"@id\":\"https:\/\/kulturonline.tv\/de\/#\/schema\/person\/b0fac729bb9a0c193fb1df23449df4fe\"},\"headline\":\"Museen rechnen mit 100 Millionen Mehrkosten\",\"datePublished\":\"2022-12-01T20:11:54+00:00\",\"dateModified\":\"2022-12-01T20:11:56+00:00\",\"mainEntityOfPage\":{\"@id\":\"https:\/\/kulturonline.tv\/de\/museen-rechnen-mit-100-millionen-mehrkosten\/\"},\"wordCount\":76,\"publisher\":{\"@id\":\"https:\/\/kulturonline.tv\/de\/#organization\"},\"image\":{\"@id\":\"https:\/\/kulturonline.tv\/de\/museen-rechnen-mit-100-millionen-mehrkosten\/#primaryimage\"},\"thumbnailUrl\":\"https:\/\/kulturonline.tv\/wp-content\/uploads\/2022\/01\/Besucher-sitzen-in-einem-Ausstellungsraum-des-Staatlichen-Museums-Schwerin.jpg\",\"articleSection\":[\"Newsflash\"],\"inLanguage\":\"de\"},{\"@type\":\"WebPage\",\"@id\":\"https:\/\/kulturonline.tv\/de\/museen-rechnen-mit-100-millionen-mehrkosten\/\",\"url\":\"https:\/\/kulturonline.tv\/de\/museen-rechnen-mit-100-millionen-mehrkosten\/\",\"name\":\"Museen rechnen mit 100 Millionen Mehrkosten - Kultur Online TV &amp; FM\",\"isPartOf\":{\"@id\":\"https:\/\/kulturonline.tv\/de\/#website\"},\"primaryImageOfPage\":{\"@id\":\"https:\/\/kulturonline.tv\/de\/museen-rechnen-mit-100-millionen-mehrkosten\/#primaryimage\"},\"image\":{\"@id\":\"https:\/\/kulturonline.tv\/de\/museen-rechnen-mit-100-millionen-mehrkosten\/#primaryimage\"},\"thumbnailUrl\":\"https:\/\/kulturonline.tv\/wp-content\/uploads\/2022\/01\/Besucher-sitzen-in-einem-Ausstellungsraum-des-Staatlichen-Museums-Schwerin.jpg\",\"datePublished\":\"2022-12-01T20:11:54+00:00\",\"dateModified\":\"2022-12-01T20:11:56+00:00\",\"description\":\"Angesichts der Energiekrise hat der Deutsche Museumsbund vor enormen Mehrkosten f\u00fcr die Museen gewarnt.\",\"breadcrumb\":{\"@id\":\"https:\/\/kulturonline.tv\/de\/museen-rechnen-mit-100-millionen-mehrkosten\/#breadcrumb\"},\"inLanguage\":\"de\",\"potentialAction\":[{\"@type\":\"ReadAction\",\"target\":[\"https:\/\/kulturonline.tv\/de\/museen-rechnen-mit-100-millionen-mehrkosten\/\"]}]},{\"@type\":\"ImageObject\",\"inLanguage\":\"de\",\"@id\":\"https:\/\/kulturonline.tv\/de\/museen-rechnen-mit-100-millionen-mehrkosten\/#primaryimage\",\"url\":\"https:\/\/kulturonline.tv\/wp-content\/uploads\/2022\/01\/Besucher-sitzen-in-einem-Ausstellungsraum-des-Staatlichen-Museums-Schwerin.jpg\",\"contentUrl\":\"https:\/\/kulturonline.tv\/wp-content\/uploads\/2022\/01\/Besucher-sitzen-in-einem-Ausstellungsraum-des-Staatlichen-Museums-Schwerin.jpg\",\"width\":750,\"height\":422},{\"@type\":\"BreadcrumbList\",\"@id\":\"https:\/\/kulturonline.tv\/de\/museen-rechnen-mit-100-millionen-mehrkosten\/#breadcrumb\",\"itemListElement\":[{\"@type\":\"ListItem\",\"position\":1,\"name\":\"Startseite\",\"item\":\"https:\/\/kulturonline.tv\/de\/\"},{\"@type\":\"ListItem\",\"position\":2,\"name\":\"Museen rechnen mit 100 Millionen Mehrkosten\"}]},{\"@type\":\"WebSite\",\"@id\":\"https:\/\/kulturonline.tv\/de\/#website\",\"url\":\"https:\/\/kulturonline.tv\/de\/\",\"name\":\"Kultur Online TV &amp; FM\",\"description\":\"Wir sind Kultur 2.0 zum sehen &amp; h\u00f6ren\",\"publisher\":{\"@id\":\"https:\/\/kulturonline.tv\/de\/#organization\"},\"potentialAction\":[{\"@type\":\"SearchAction\",\"target\":{\"@type\":\"EntryPoint\",\"urlTemplate\":\"https:\/\/kulturonline.tv\/de\/?s={search_term_string}\"},\"query-input\":{\"@type\":\"PropertyValueSpecification\",\"valueRequired\":true,\"valueName\":\"search_term_string\"}}],\"inLanguage\":\"de\"},{\"@type\":\"Organization\",\"@id\":\"https:\/\/kulturonline.tv\/de\/#organization\",\"name\":\"Kultur Online TV\",\"url\":\"https:\/\/kulturonline.tv\/de\/\",\"logo\":{\"@type\":\"ImageObject\",\"inLanguage\":\"de\",\"@id\":\"https:\/\/kulturonline.tv\/de\/#\/schema\/logo\/image\/\",\"url\":\"https:\/\/kulturonline.tv\/wp-content\/uploads\/2021\/08\/Kultur-Online-Tv-Logo-Endversion-neu.png\",\"contentUrl\":\"https:\/\/kulturonline.tv\/wp-content\/uploads\/2021\/08\/Kultur-Online-Tv-Logo-Endversion-neu.png\",\"width\":200,\"height\":200,\"caption\":\"Kultur Online TV\"},\"image\":{\"@id\":\"https:\/\/kulturonline.tv\/de\/#\/schema\/logo\/image\/\"},\"sameAs\":[\"https:\/\/www.facebook.com\/kulturonline.tv\",\"https:\/\/www.instagram.com\/kulturonline.tv\"]},{\"@type\":\"Person\",\"@id\":\"https:\/\/kulturonline.tv\/de\/#\/schema\/person\/b0fac729bb9a0c193fb1df23449df4fe\",\"name\":\"guenter.wolfgang\"}]}<\/script>\n<!-- \/ Yoast SEO plugin. -->","yoast_head_json":{"title":"Museen rechnen mit 100 Millionen Mehrkosten - Kultur Online TV &amp; FM","description":"Angesichts der Energiekrise hat der Deutsche Museumsbund vor enormen Mehrkosten f\u00fcr die Museen gewarnt.","robots":{"index":"index","follow":"follow","max-snippet":"max-snippet:-1","max-image-preview":"max-image-preview:large","max-video-preview":"max-video-preview:-1"},"canonical":"https:\/\/kulturonline.tv\/de\/museen-rechnen-mit-100-millionen-mehrkosten\/","og_locale":"de_DE","og_type":"article","og_title":"Museen rechnen mit 100 Millionen Mehrkosten - Kultur Online TV &amp; FM","og_description":"Angesichts der Energiekrise hat der Deutsche Museumsbund vor enormen Mehrkosten f\u00fcr die Museen gewarnt.","og_url":"https:\/\/kulturonline.tv\/de\/museen-rechnen-mit-100-millionen-mehrkosten\/","og_site_name":"Kultur Online TV &amp; FM","article_publisher":"https:\/\/www.facebook.com\/kulturonline.tv","article_published_time":"2022-12-01T20:11:54+00:00","article_modified_time":"2022-12-01T20:11:56+00:00","og_image":[{"width":750,"height":422,"url":"https:\/\/kulturonline.tv\/wp-content\/uploads\/2022\/01\/Besucher-sitzen-in-einem-Ausstellungsraum-des-Staatlichen-Museums-Schwerin.jpg","type":"image\/jpeg"}],"author":"guenter.wolfgang","twitter_card":"summary_large_image","twitter_misc":{"Verfasst von":"guenter.wolfgang"},"schema":{"@context":"https:\/\/schema.org","@graph":[{"@type":"Article","@id":"https:\/\/kulturonline.tv\/de\/museen-rechnen-mit-100-millionen-mehrkosten\/#article","isPartOf":{"@id":"https:\/\/kulturonline.tv\/de\/museen-rechnen-mit-100-millionen-mehrkosten\/"},"author":{"name":"guenter.wolfgang","@id":"https:\/\/kulturonline.tv\/de\/#\/schema\/person\/b0fac729bb9a0c193fb1df23449df4fe"},"headline":"Museen rechnen mit 100 Millionen Mehrkosten","datePublished":"2022-12-01T20:11:54+00:00","dateModified":"2022-12-01T20:11:56+00:00","mainEntityOfPage":{"@id":"https:\/\/kulturonline.tv\/de\/museen-rechnen-mit-100-millionen-mehrkosten\/"},"wordCount":76,"publisher":{"@id":"https:\/\/kulturonline.tv\/de\/#organization"},"image":{"@id":"https:\/\/kulturonline.tv\/de\/museen-rechnen-mit-100-millionen-mehrkosten\/#primaryimage"},"thumbnailUrl":"https:\/\/kulturonline.tv\/wp-content\/uploads\/2022\/01\/Besucher-sitzen-in-einem-Ausstellungsraum-des-Staatlichen-Museums-Schwerin.jpg","articleSection":["Newsflash"],"inLanguage":"de"},{"@type":"WebPage","@id":"https:\/\/kulturonline.tv\/de\/museen-rechnen-mit-100-millionen-mehrkosten\/","url":"https:\/\/kulturonline.tv\/de\/museen-rechnen-mit-100-millionen-mehrkosten\/","name":"Museen rechnen mit 100 Millionen Mehrkosten - Kultur Online TV &amp; FM","isPartOf":{"@id":"https:\/\/kulturonline.tv\/de\/#website"},"primaryImageOfPage":{"@id":"https:\/\/kulturonline.tv\/de\/museen-rechnen-mit-100-millionen-mehrkosten\/#primaryimage"},"image":{"@id":"https:\/\/kulturonline.tv\/de\/museen-rechnen-mit-100-millionen-mehrkosten\/#primaryimage"},"thumbnailUrl":"https:\/\/kulturonline.tv\/wp-content\/uploads\/2022\/01\/Besucher-sitzen-in-einem-Ausstellungsraum-des-Staatlichen-Museums-Schwerin.jpg","datePublished":"2022-12-01T20:11:54+00:00","dateModified":"2022-12-01T20:11:56+00:00","description":"Angesichts der Energiekrise hat der Deutsche Museumsbund vor enormen Mehrkosten f\u00fcr die Museen gewarnt.","breadcrumb":{"@id":"https:\/\/kulturonline.tv\/de\/museen-rechnen-mit-100-millionen-mehrkosten\/#breadcrumb"},"inLanguage":"de","potentialAction":[{"@type":"ReadAction","target":["https:\/\/kulturonline.tv\/de\/museen-rechnen-mit-100-millionen-mehrkosten\/"]}]},{"@type":"ImageObject","inLanguage":"de","@id":"https:\/\/kulturonline.tv\/de\/museen-rechnen-mit-100-millionen-mehrkosten\/#primaryimage","url":"https:\/\/kulturonline.tv\/wp-content\/uploads\/2022\/01\/Besucher-sitzen-in-einem-Ausstellungsraum-des-Staatlichen-Museums-Schwerin.jpg","contentUrl":"https:\/\/kulturonline.tv\/wp-content\/uploads\/2022\/01\/Besucher-sitzen-in-einem-Ausstellungsraum-des-Staatlichen-Museums-Schwerin.jpg","width":750,"height":422},{"@type":"BreadcrumbList","@id":"https:\/\/kulturonline.tv\/de\/museen-rechnen-mit-100-millionen-mehrkosten\/#breadcrumb","itemListElement":[{"@type":"ListItem","position":1,"name":"Startseite","item":"https:\/\/kulturonline.tv\/de\/"},{"@type":"ListItem","position":2,"name":"Museen rechnen mit 100 Millionen Mehrkosten"}]},{"@type":"WebSite","@id":"https:\/\/kulturonline.tv\/de\/#website","url":"https:\/\/kulturonline.tv\/de\/","name":"Kultur Online TV &amp; FM","description":"Wir sind Kultur 2.0 zum sehen &amp; h\u00f6ren","publisher":{"@id":"https:\/\/kulturonline.tv\/de\/#organization"},"potentialAction":[{"@type":"SearchAction","target":{"@type":"EntryPoint","urlTemplate":"https:\/\/kulturonline.tv\/de\/?s={search_term_string}"},"query-input":{"@type":"PropertyValueSpecification","valueRequired":true,"valueName":"search_term_string"}}],"inLanguage":"de"},{"@type":"Organization","@id":"https:\/\/kulturonline.tv\/de\/#organization","name":"Kultur Online TV","url":"https:\/\/kulturonline.tv\/de\/","logo":{"@type":"ImageObject","inLanguage":"de","@id":"https:\/\/kulturonline.tv\/de\/#\/schema\/logo\/image\/","url":"https:\/\/kulturonline.tv\/wp-content\/uploads\/2021\/08\/Kultur-Online-Tv-Logo-Endversion-neu.png","contentUrl":"https:\/\/kulturonline.tv\/wp-content\/uploads\/2021\/08\/Kultur-Online-Tv-Logo-Endversion-neu.png","width":200,"height":200,"caption":"Kultur Online TV"},"image":{"@id":"https:\/\/kulturonline.tv\/de\/#\/schema\/logo\/image\/"},"sameAs":["https:\/\/www.facebook.com\/kulturonline.tv","https:\/\/www.instagram.com\/kulturonline.tv"]},{"@type":"Person","@id":"https:\/\/kulturonline.tv\/de\/#\/schema\/person\/b0fac729bb9a0c193fb1df23449df4fe","name":"guenter.wolfgang"}]}},"_links":{"self":[{"href":"https:\/\/kulturonline.tv\/de\/wp-json\/wp\/v2\/posts\/42819","targetHints":{"allow":["GET"]}}],"collection":[{"href":"https:\/\/kulturonline.tv\/de\/wp-json\/wp\/v2\/posts"}],"about":[{"href":"https:\/\/kulturonline.tv\/de\/wp-json\/wp\/v2\/types\/post"}],"author":[{"embeddable":true,"href":"https:\/\/kulturonline.tv\/de\/wp-json\/wp\/v2\/users\/2"}],"replies":[{"embeddable":true,"href":"https:\/\/kulturonline.tv\/de\/wp-json\/wp\/v2\/comments?post=42819"}],"version-history":[{"count":0,"href":"https:\/\/kulturonline.tv\/de\/wp-json\/wp\/v2\/posts\/42819\/revisions"}],"wp:featuredmedia":[{"embeddable":true,"href":"https:\/\/kulturonline.tv\/de\/wp-json\/wp\/v2\/media\/20696"}],"wp:attachment":[{"href":"https:\/\/kulturonline.tv\/de\/wp-json\/wp\/v2\/media?parent=42819"}],"wp:term":[{"taxonomy":"category","embeddable":true,"href":"https:\/\/kulturonline.tv\/de\/wp-json\/wp\/v2\/categories?post=42819"},{"taxonomy":"post_tag","embeddable":true,"href":"https:\/\/kulturonline.tv\/de\/wp-json\/wp\/v2\/tags?post=42819"}],"curies":[{"name":"wp","href":"https:\/\/api.w.org\/{rel}","templated":true}]}}