{"id":44877,"date":"2022-12-10T23:32:47","date_gmt":"2022-12-10T22:32:47","guid":{"rendered":"https:\/\/kulturonline.tv\/?p=44877"},"modified":"2022-12-10T23:32:48","modified_gmt":"2022-12-10T22:32:48","slug":"kulturflash-2","status":"publish","type":"post","link":"https:\/\/kulturonline.tv\/de\/kulturflash-2\/","title":{"rendered":"Kulturflash"},"content":{"rendered":"\n<p>Aktuelle News aus der Kunst, Kulturszene und allgemeinen Gesellschaftsthemen<\/p>\n\n\n\n<figure class=\"wp-block-image size-large\"><img fetchpriority=\"high\" decoding=\"async\" width=\"1600\" height=\"900\" src=\"https:\/\/kulturonline.tv\/wp-content\/uploads\/2022\/12\/Kultur-Flash-1-1600x900.png\" alt=\"\" class=\"wp-image-44878\" srcset=\"https:\/\/kulturonline.tv\/wp-content\/uploads\/2022\/12\/Kultur-Flash-1-1600x900.png 1600w, https:\/\/kulturonline.tv\/wp-content\/uploads\/2022\/12\/Kultur-Flash-1-600x338.png 600w, https:\/\/kulturonline.tv\/wp-content\/uploads\/2022\/12\/Kultur-Flash-1-800x450.png 800w, https:\/\/kulturonline.tv\/wp-content\/uploads\/2022\/12\/Kultur-Flash-1-768x432.png 768w, https:\/\/kulturonline.tv\/wp-content\/uploads\/2022\/12\/Kultur-Flash-1-1536x864.png 1536w, https:\/\/kulturonline.tv\/wp-content\/uploads\/2022\/12\/Kultur-Flash-1.png 1920w\" sizes=\"(max-width: 1600px) 100vw, 1600px\" \/><\/figure>\n\n\n\n<div class=\"wp-block-query is-layout-flow wp-block-query-is-layout-flow\"><ul class=\"wp-block-post-template is-layout-flow wp-block-post-template-is-layout-flow\"><li class=\"wp-block-post post-143614 post type-post status-publish format-standard has-post-thumbnail hentry category-medien\">\n\n<div class=\"wp-block-columns alignwide is-layout-flex wp-container-core-columns-is-layout-28f84493 wp-block-columns-is-layout-flex\">\n<div class=\"wp-block-column is-layout-flow wp-block-column-is-layout-flow\" style=\"flex-basis:66.66%\"><\/div>\n\n\n\n<div class=\"wp-block-column is-layout-flow wp-block-column-is-layout-flow\" style=\"flex-basis:33.33%\"><h2 class=\"wp-block-post-title\"><a href=\"https:\/\/kulturonline.tv\/de\/kinderschutz-per-klick-die-neue-eu-alters-app\/\" target=\"_self\" >Kinderschutz per Klick: Die neue EU-Alters-App<\/a><\/h2>\n\n<div class=\"wp-block-post-excerpt\"><p class=\"wp-block-post-excerpt__excerpt\">Ursula von der Leyen pers\u00f6nlich k\u00fcndigte die Anwendung in Br\u00fcssel an: Die Technik sei \u201estartklar\u201c. Ziel ist es, den Zugang zu Inhalten, die erst ab 15, 16 oder 18 Jahren freigegeben sind, rechtssicher und gleichzeitig datensparsam zu kontrollieren. \u00a9 Bild: KI generiert 2026 Die App fungiert als digitales Bindeglied zwischen deinem Ausweis und der besuchten&hellip; <\/p><\/div><\/div>\n<\/div>\n\n<\/li><li class=\"wp-block-post post-143285 post type-post status-publish format-standard has-post-thumbnail hentry category-medien\">\n\n<div class=\"wp-block-columns alignwide is-layout-flex wp-container-core-columns-is-layout-28f84493 wp-block-columns-is-layout-flex\">\n<div class=\"wp-block-column is-layout-flow wp-block-column-is-layout-flow\" style=\"flex-basis:66.66%\"><\/div>\n\n\n\n<div class=\"wp-block-column is-layout-flow wp-block-column-is-layout-flow\" style=\"flex-basis:33.33%\"><h2 class=\"wp-block-post-title\"><a href=\"https:\/\/kulturonline.tv\/de\/tipp-zwischen-idealismus-und-gewalt-ein-blick-in-den-linksextremismus\/\" target=\"_self\" >Tipp: Zwischen Idealismus und Gewalt, ein Blick in den Linksextremismus.<\/a><\/h2>\n\n<div class=\"wp-block-post-excerpt\"><p class=\"wp-block-post-excerpt__excerpt\">Der Vorwurf der Einseitigkeit gegen\u00fcber dem \u00f6ffentlich-rechtlichen Rundfunk ist ein zentrales Thema im gesellschaftlichen Diskurs, w\u00e4hrend die \u00f6ffentlich rechtlichen Sender versuchen ihren gesetzlichen Auftrag zur Objektivit\u00e4t und Vielfalt nachzukommen. Ein aktueller dokumentarischer Beitrag, der gestern Abend (14.April.2026 ) im Rahmen des Sendeformates &#8222;Monitor&#8220; auf der ARD sich explizit mit der linksextremen Szene auseinandersetzt, dient hierbei&hellip; <\/p><\/div><\/div>\n<\/div>\n\n<\/li><li class=\"wp-block-post post-143279 post type-post status-publish format-standard has-post-thumbnail hentry category-literatur\">\n\n<div class=\"wp-block-columns alignwide is-layout-flex wp-container-core-columns-is-layout-28f84493 wp-block-columns-is-layout-flex\">\n<div class=\"wp-block-column is-layout-flow wp-block-column-is-layout-flow\" style=\"flex-basis:66.66%\"><\/div>\n\n\n\n<div class=\"wp-block-column is-layout-flow wp-block-column-is-layout-flow\" style=\"flex-basis:33.33%\"><h2 class=\"wp-block-post-title\"><a href=\"https:\/\/kulturonline.tv\/de\/ein-unerwarteter-abschied\/\" target=\"_self\" >Ein unerwarteter Abschied!<\/a><\/h2>\n\n<div class=\"wp-block-post-excerpt\"><p class=\"wp-block-post-excerpt__excerpt\">Es ist eine Nachricht, die uns fassungslos und mit tiefer Trauer zur\u00fcckl\u00e4sst: V\u00f6llig unerwartet ist der Autor Leonhard M\u00fcller verstorben, den wir mit seinem Werk der \u201eLustschritt\u201c die letzten Monate begleiten durften. Was diesen Abschied so unendlich schmerzhaft macht, ist die Unmittelbarkeit. Noch vor wenigen Tagen haben wir zusammen gro\u00dfe Pl\u00e4ne geschmiedet. Wir haben \u00fcber&hellip; <\/p><\/div><\/div>\n<\/div>\n\n<\/li><\/ul><\/div>\n","protected":false},"excerpt":{"rendered":"<p>Aktuelle News aus der Kunst, Kulturszene und allgemeinen Gesellschaftsthemen<\/p>\n","protected":false},"author":2,"featured_media":44866,"comment_status":"closed","ping_status":"closed","sticky":false,"template":"","format":"standard","meta":{"_acf_changed":false,"footnotes":""},"categories":[1],"tags":[],"class_list":["post-44877","post","type-post","status-publish","format-standard","has-post-thumbnail","hentry","category-unkategorisiert"],"acf":[],"yoast_head":"<!-- This site is optimized with the Yoast SEO plugin v26.1.1 - https:\/\/yoast.com\/wordpress\/plugins\/seo\/ -->\n<title>Kulturflash - Kultur Online TV &amp; FM<\/title>\n<meta name=\"description\" content=\"Kultur sehen und H\u00f6ren\" \/>\n<meta name=\"robots\" content=\"index, follow, max-snippet:-1, max-image-preview:large, max-video-preview:-1\" \/>\n<link rel=\"canonical\" href=\"https:\/\/kulturonline.tv\/de\/kulturflash-2\/\" \/>\n<meta property=\"og:locale\" content=\"de_DE\" \/>\n<meta property=\"og:type\" content=\"article\" \/>\n<meta property=\"og:title\" content=\"Kulturflash - Kultur Online TV &amp; FM\" \/>\n<meta property=\"og:description\" content=\"Kultur sehen und H\u00f6ren\" \/>\n<meta property=\"og:url\" content=\"https:\/\/kulturonline.tv\/de\/kulturflash-2\/\" \/>\n<meta property=\"og:site_name\" content=\"Kultur Online TV &amp; FM\" \/>\n<meta property=\"article:publisher\" content=\"https:\/\/www.facebook.com\/kulturonline.tv\" \/>\n<meta property=\"article:published_time\" content=\"2022-12-10T22:32:47+00:00\" \/>\n<meta property=\"article:modified_time\" content=\"2022-12-10T22:32:48+00:00\" \/>\n<meta property=\"og:image\" content=\"https:\/\/kulturonline.tv\/wp-content\/uploads\/2022\/12\/Kultur-Flash.png\" \/>\n\t<meta property=\"og:image:width\" content=\"1920\" \/>\n\t<meta property=\"og:image:height\" content=\"1080\" \/>\n\t<meta property=\"og:image:type\" content=\"image\/png\" \/>\n<meta name=\"author\" content=\"guenter.wolfgang\" \/>\n<meta name=\"twitter:card\" content=\"summary_large_image\" \/>\n<meta name=\"twitter:label1\" content=\"Verfasst von\" \/>\n\t<meta name=\"twitter:data1\" content=\"guenter.wolfgang\" \/>\n<script type=\"application\/ld+json\" class=\"yoast-schema-graph\">{\"@context\":\"https:\/\/schema.org\",\"@graph\":[{\"@type\":\"Article\",\"@id\":\"https:\/\/kulturonline.tv\/de\/kulturflash-2\/#article\",\"isPartOf\":{\"@id\":\"https:\/\/kulturonline.tv\/de\/kulturflash-2\/\"},\"author\":{\"name\":\"guenter.wolfgang\",\"@id\":\"https:\/\/kulturonline.tv\/de\/#\/schema\/person\/b0fac729bb9a0c193fb1df23449df4fe\"},\"headline\":\"Kulturflash\",\"datePublished\":\"2022-12-10T22:32:47+00:00\",\"dateModified\":\"2022-12-10T22:32:48+00:00\",\"mainEntityOfPage\":{\"@id\":\"https:\/\/kulturonline.tv\/de\/kulturflash-2\/\"},\"wordCount\":10,\"publisher\":{\"@id\":\"https:\/\/kulturonline.tv\/de\/#organization\"},\"image\":{\"@id\":\"https:\/\/kulturonline.tv\/de\/kulturflash-2\/#primaryimage\"},\"thumbnailUrl\":\"https:\/\/kulturonline.tv\/wp-content\/uploads\/2022\/12\/Kultur-Flash.png\",\"articleSection\":[\"Unkategorisiert\"],\"inLanguage\":\"de\"},{\"@type\":\"WebPage\",\"@id\":\"https:\/\/kulturonline.tv\/de\/kulturflash-2\/\",\"url\":\"https:\/\/kulturonline.tv\/de\/kulturflash-2\/\",\"name\":\"Kulturflash - Kultur Online TV &amp; FM\",\"isPartOf\":{\"@id\":\"https:\/\/kulturonline.tv\/de\/#website\"},\"primaryImageOfPage\":{\"@id\":\"https:\/\/kulturonline.tv\/de\/kulturflash-2\/#primaryimage\"},\"image\":{\"@id\":\"https:\/\/kulturonline.tv\/de\/kulturflash-2\/#primaryimage\"},\"thumbnailUrl\":\"https:\/\/kulturonline.tv\/wp-content\/uploads\/2022\/12\/Kultur-Flash.png\",\"datePublished\":\"2022-12-10T22:32:47+00:00\",\"dateModified\":\"2022-12-10T22:32:48+00:00\",\"description\":\"Kultur sehen und H\u00f6ren\",\"breadcrumb\":{\"@id\":\"https:\/\/kulturonline.tv\/de\/kulturflash-2\/#breadcrumb\"},\"inLanguage\":\"de\",\"potentialAction\":[{\"@type\":\"ReadAction\",\"target\":[\"https:\/\/kulturonline.tv\/de\/kulturflash-2\/\"]}]},{\"@type\":\"ImageObject\",\"inLanguage\":\"de\",\"@id\":\"https:\/\/kulturonline.tv\/de\/kulturflash-2\/#primaryimage\",\"url\":\"https:\/\/kulturonline.tv\/wp-content\/uploads\/2022\/12\/Kultur-Flash.png\",\"contentUrl\":\"https:\/\/kulturonline.tv\/wp-content\/uploads\/2022\/12\/Kultur-Flash.png\",\"width\":1920,\"height\":1080},{\"@type\":\"BreadcrumbList\",\"@id\":\"https:\/\/kulturonline.tv\/de\/kulturflash-2\/#breadcrumb\",\"itemListElement\":[{\"@type\":\"ListItem\",\"position\":1,\"name\":\"Startseite\",\"item\":\"https:\/\/kulturonline.tv\/de\/\"},{\"@type\":\"ListItem\",\"position\":2,\"name\":\"Kulturflash\"}]},{\"@type\":\"WebSite\",\"@id\":\"https:\/\/kulturonline.tv\/de\/#website\",\"url\":\"https:\/\/kulturonline.tv\/de\/\",\"name\":\"Kultur Online TV &amp; FM\",\"description\":\"Wir sind Kultur 2.0 zum sehen &amp; h\u00f6ren\",\"publisher\":{\"@id\":\"https:\/\/kulturonline.tv\/de\/#organization\"},\"potentialAction\":[{\"@type\":\"SearchAction\",\"target\":{\"@type\":\"EntryPoint\",\"urlTemplate\":\"https:\/\/kulturonline.tv\/de\/?s={search_term_string}\"},\"query-input\":{\"@type\":\"PropertyValueSpecification\",\"valueRequired\":true,\"valueName\":\"search_term_string\"}}],\"inLanguage\":\"de\"},{\"@type\":\"Organization\",\"@id\":\"https:\/\/kulturonline.tv\/de\/#organization\",\"name\":\"Kultur Online TV\",\"url\":\"https:\/\/kulturonline.tv\/de\/\",\"logo\":{\"@type\":\"ImageObject\",\"inLanguage\":\"de\",\"@id\":\"https:\/\/kulturonline.tv\/de\/#\/schema\/logo\/image\/\",\"url\":\"https:\/\/kulturonline.tv\/wp-content\/uploads\/2021\/08\/Kultur-Online-Tv-Logo-Endversion-neu.png\",\"contentUrl\":\"https:\/\/kulturonline.tv\/wp-content\/uploads\/2021\/08\/Kultur-Online-Tv-Logo-Endversion-neu.png\",\"width\":200,\"height\":200,\"caption\":\"Kultur Online TV\"},\"image\":{\"@id\":\"https:\/\/kulturonline.tv\/de\/#\/schema\/logo\/image\/\"},\"sameAs\":[\"https:\/\/www.facebook.com\/kulturonline.tv\",\"https:\/\/www.instagram.com\/kulturonline.tv\"]},{\"@type\":\"Person\",\"@id\":\"https:\/\/kulturonline.tv\/de\/#\/schema\/person\/b0fac729bb9a0c193fb1df23449df4fe\",\"name\":\"guenter.wolfgang\"}]}<\/script>\n<!-- \/ Yoast SEO plugin. -->","yoast_head_json":{"title":"Kulturflash - Kultur Online TV &amp; FM","description":"Kultur sehen und H\u00f6ren","robots":{"index":"index","follow":"follow","max-snippet":"max-snippet:-1","max-image-preview":"max-image-preview:large","max-video-preview":"max-video-preview:-1"},"canonical":"https:\/\/kulturonline.tv\/de\/kulturflash-2\/","og_locale":"de_DE","og_type":"article","og_title":"Kulturflash - Kultur Online TV &amp; FM","og_description":"Kultur sehen und H\u00f6ren","og_url":"https:\/\/kulturonline.tv\/de\/kulturflash-2\/","og_site_name":"Kultur Online TV &amp; FM","article_publisher":"https:\/\/www.facebook.com\/kulturonline.tv","article_published_time":"2022-12-10T22:32:47+00:00","article_modified_time":"2022-12-10T22:32:48+00:00","og_image":[{"width":1920,"height":1080,"url":"https:\/\/kulturonline.tv\/wp-content\/uploads\/2022\/12\/Kultur-Flash.png","type":"image\/png"}],"author":"guenter.wolfgang","twitter_card":"summary_large_image","twitter_misc":{"Verfasst von":"guenter.wolfgang"},"schema":{"@context":"https:\/\/schema.org","@graph":[{"@type":"Article","@id":"https:\/\/kulturonline.tv\/de\/kulturflash-2\/#article","isPartOf":{"@id":"https:\/\/kulturonline.tv\/de\/kulturflash-2\/"},"author":{"name":"guenter.wolfgang","@id":"https:\/\/kulturonline.tv\/de\/#\/schema\/person\/b0fac729bb9a0c193fb1df23449df4fe"},"headline":"Kulturflash","datePublished":"2022-12-10T22:32:47+00:00","dateModified":"2022-12-10T22:32:48+00:00","mainEntityOfPage":{"@id":"https:\/\/kulturonline.tv\/de\/kulturflash-2\/"},"wordCount":10,"publisher":{"@id":"https:\/\/kulturonline.tv\/de\/#organization"},"image":{"@id":"https:\/\/kulturonline.tv\/de\/kulturflash-2\/#primaryimage"},"thumbnailUrl":"https:\/\/kulturonline.tv\/wp-content\/uploads\/2022\/12\/Kultur-Flash.png","articleSection":["Unkategorisiert"],"inLanguage":"de"},{"@type":"WebPage","@id":"https:\/\/kulturonline.tv\/de\/kulturflash-2\/","url":"https:\/\/kulturonline.tv\/de\/kulturflash-2\/","name":"Kulturflash - Kultur Online TV &amp; FM","isPartOf":{"@id":"https:\/\/kulturonline.tv\/de\/#website"},"primaryImageOfPage":{"@id":"https:\/\/kulturonline.tv\/de\/kulturflash-2\/#primaryimage"},"image":{"@id":"https:\/\/kulturonline.tv\/de\/kulturflash-2\/#primaryimage"},"thumbnailUrl":"https:\/\/kulturonline.tv\/wp-content\/uploads\/2022\/12\/Kultur-Flash.png","datePublished":"2022-12-10T22:32:47+00:00","dateModified":"2022-12-10T22:32:48+00:00","description":"Kultur sehen und H\u00f6ren","breadcrumb":{"@id":"https:\/\/kulturonline.tv\/de\/kulturflash-2\/#breadcrumb"},"inLanguage":"de","potentialAction":[{"@type":"ReadAction","target":["https:\/\/kulturonline.tv\/de\/kulturflash-2\/"]}]},{"@type":"ImageObject","inLanguage":"de","@id":"https:\/\/kulturonline.tv\/de\/kulturflash-2\/#primaryimage","url":"https:\/\/kulturonline.tv\/wp-content\/uploads\/2022\/12\/Kultur-Flash.png","contentUrl":"https:\/\/kulturonline.tv\/wp-content\/uploads\/2022\/12\/Kultur-Flash.png","width":1920,"height":1080},{"@type":"BreadcrumbList","@id":"https:\/\/kulturonline.tv\/de\/kulturflash-2\/#breadcrumb","itemListElement":[{"@type":"ListItem","position":1,"name":"Startseite","item":"https:\/\/kulturonline.tv\/de\/"},{"@type":"ListItem","position":2,"name":"Kulturflash"}]},{"@type":"WebSite","@id":"https:\/\/kulturonline.tv\/de\/#website","url":"https:\/\/kulturonline.tv\/de\/","name":"Kultur Online TV &amp; FM","description":"Wir sind Kultur 2.0 zum sehen &amp; h\u00f6ren","publisher":{"@id":"https:\/\/kulturonline.tv\/de\/#organization"},"potentialAction":[{"@type":"SearchAction","target":{"@type":"EntryPoint","urlTemplate":"https:\/\/kulturonline.tv\/de\/?s={search_term_string}"},"query-input":{"@type":"PropertyValueSpecification","valueRequired":true,"valueName":"search_term_string"}}],"inLanguage":"de"},{"@type":"Organization","@id":"https:\/\/kulturonline.tv\/de\/#organization","name":"Kultur Online TV","url":"https:\/\/kulturonline.tv\/de\/","logo":{"@type":"ImageObject","inLanguage":"de","@id":"https:\/\/kulturonline.tv\/de\/#\/schema\/logo\/image\/","url":"https:\/\/kulturonline.tv\/wp-content\/uploads\/2021\/08\/Kultur-Online-Tv-Logo-Endversion-neu.png","contentUrl":"https:\/\/kulturonline.tv\/wp-content\/uploads\/2021\/08\/Kultur-Online-Tv-Logo-Endversion-neu.png","width":200,"height":200,"caption":"Kultur Online TV"},"image":{"@id":"https:\/\/kulturonline.tv\/de\/#\/schema\/logo\/image\/"},"sameAs":["https:\/\/www.facebook.com\/kulturonline.tv","https:\/\/www.instagram.com\/kulturonline.tv"]},{"@type":"Person","@id":"https:\/\/kulturonline.tv\/de\/#\/schema\/person\/b0fac729bb9a0c193fb1df23449df4fe","name":"guenter.wolfgang"}]}},"_links":{"self":[{"href":"https:\/\/kulturonline.tv\/de\/wp-json\/wp\/v2\/posts\/44877","targetHints":{"allow":["GET"]}}],"collection":[{"href":"https:\/\/kulturonline.tv\/de\/wp-json\/wp\/v2\/posts"}],"about":[{"href":"https:\/\/kulturonline.tv\/de\/wp-json\/wp\/v2\/types\/post"}],"author":[{"embeddable":true,"href":"https:\/\/kulturonline.tv\/de\/wp-json\/wp\/v2\/users\/2"}],"replies":[{"embeddable":true,"href":"https:\/\/kulturonline.tv\/de\/wp-json\/wp\/v2\/comments?post=44877"}],"version-history":[{"count":0,"href":"https:\/\/kulturonline.tv\/de\/wp-json\/wp\/v2\/posts\/44877\/revisions"}],"wp:featuredmedia":[{"embeddable":true,"href":"https:\/\/kulturonline.tv\/de\/wp-json\/wp\/v2\/media\/44866"}],"wp:attachment":[{"href":"https:\/\/kulturonline.tv\/de\/wp-json\/wp\/v2\/media?parent=44877"}],"wp:term":[{"taxonomy":"category","embeddable":true,"href":"https:\/\/kulturonline.tv\/de\/wp-json\/wp\/v2\/categories?post=44877"},{"taxonomy":"post_tag","embeddable":true,"href":"https:\/\/kulturonline.tv\/de\/wp-json\/wp\/v2\/tags?post=44877"}],"curies":[{"name":"wp","href":"https:\/\/api.w.org\/{rel}","templated":true}]}}