{"id":45443,"date":"2022-12-12T23:19:04","date_gmt":"2022-12-12T22:19:04","guid":{"rendered":"https:\/\/kulturonline.tv\/?p=45443"},"modified":"2022-12-12T23:58:04","modified_gmt":"2022-12-12T22:58:04","slug":"berlin-fuehrt-eine-jugendkulturkarte-ein","status":"publish","type":"post","link":"https:\/\/kulturonline.tv\/de\/berlin-fuehrt-eine-jugendkulturkarte-ein\/","title":{"rendered":"Berlin f\u00fchrt eine Jugendkulturkarte ein"},"content":{"rendered":"\n<p>Sie soll mit jeweils 50 Euro ab Februar f\u00fcr einen begrenzten Zeitraum f\u00fcr knapp 220.000 Berlinerinnen und Berliner im Alter von 18 bis 23 Jahren gelten.<\/p>\n\n\n\n<figure class=\"wp-block-image size-full is-resized\"><img fetchpriority=\"high\" decoding=\"async\" src=\"https:\/\/kulturonline.tv\/wp-content\/uploads\/2022\/12\/Klaus_Lederer_Martin_Rulsch_2-edited.jpg\" alt=\"\" class=\"wp-image-45446\" width=\"843\" height=\"474\" srcset=\"https:\/\/kulturonline.tv\/wp-content\/uploads\/2022\/12\/Klaus_Lederer_Martin_Rulsch_2-edited.jpg 800w, https:\/\/kulturonline.tv\/wp-content\/uploads\/2022\/12\/Klaus_Lederer_Martin_Rulsch_2-edited-600x338.jpg 600w, https:\/\/kulturonline.tv\/wp-content\/uploads\/2022\/12\/Klaus_Lederer_Martin_Rulsch_2-edited-768x432.jpg 768w\" sizes=\"(max-width: 843px) 100vw, 843px\" \/><figcaption class=\"wp-element-caption\">\u00a9 Martin Rulsch, Wikimedia Commons, CC BY-SA 4.0, CC BY-SA 4.0  via Wikimedia Commons<\/figcaption><\/figure>\n\n\n\n<p>Kultursenator Klaus Lederer sagte bei der Vorstellung des zun\u00e4chst einmaligen Projekts, Kultur solle damit f\u00fcr m\u00f6glichst viele Menschen niedrigschwellig erreichbar sein. Die Karte kann nach Registrierung auf einer Webseite in einer der mehr als 40 \u00f6ffentlichen Bibliotheken Berlins abgeholt und auch f\u00fcr eine Begleitperson genutzt werden.<\/p>\n\n\n\n<p>Kultur Online TV<\/p>\n\n\n\n<p>#news #kunst  #kultur<\/p>\n\n\n\n<figure class=\"wp-block-image size-full\"><img decoding=\"async\" width=\"800\" height=\"450\" src=\"https:\/\/kulturonline.tv\/wp-content\/uploads\/2022\/12\/Berlin-edited.jpg\" alt=\"\" class=\"wp-image-45469\" srcset=\"https:\/\/kulturonline.tv\/wp-content\/uploads\/2022\/12\/Berlin-edited.jpg 800w, https:\/\/kulturonline.tv\/wp-content\/uploads\/2022\/12\/Berlin-edited-600x338.jpg 600w, https:\/\/kulturonline.tv\/wp-content\/uploads\/2022\/12\/Berlin-edited-768x432.jpg 768w\" sizes=\"(max-width: 800px) 100vw, 800px\" \/><figcaption class=\"wp-element-caption\">Blick von der Marschallbr\u00fccke in Richtung Westen. Geb\u00e4ude von links nach rechts: Jakob-kaiser-Haus, Reichstagspr\u00e4sidentenpalais, Reichstag, Paul-L\u00f6be-Haus, Marie-Elisabeth-L\u00fcders-Haus.<\/figcaption><\/figure>\n","protected":false},"excerpt":{"rendered":"<p>Sie soll mit jeweils 50 Euro ab Februar f\u00fcr einen begrenzten Zeitraum f\u00fcr knapp 220.000 Berlinerinnen und Berliner im Alter von 18 bis 23 Jahren gelten. Kultursenator Klaus Lederer sagte bei der Vorstellung des zun\u00e4chst einmaligen Projekts, Kultur solle damit f\u00fcr m\u00f6glichst viele Menschen niedrigschwellig erreichbar sein. Die Karte kann nach Registrierung auf einer Webseite [&hellip;]<\/p>\n","protected":false},"author":2,"featured_media":45469,"comment_status":"closed","ping_status":"closed","sticky":false,"template":"","format":"standard","meta":{"_acf_changed":false,"footnotes":""},"categories":[3],"tags":[],"class_list":["post-45443","post","type-post","status-publish","format-standard","has-post-thumbnail","hentry","category-newsflash"],"acf":[],"yoast_head":"<!-- This site is optimized with the Yoast SEO plugin v26.1.1 - https:\/\/yoast.com\/wordpress\/plugins\/seo\/ -->\n<title>Berlin f\u00fchrt eine Jugendkulturkarte ein - Kultur Online TV &amp; FM<\/title>\n<meta name=\"description\" content=\"Sie soll mit jeweils 50 Euro ab Februar f\u00fcr einen begrenzten Zeitraum f\u00fcr knapp 220.000 Berlinerinnen und Berliner im Alter von 18 bis 23 Jahren gelten.\" \/>\n<meta name=\"robots\" content=\"index, follow, max-snippet:-1, max-image-preview:large, max-video-preview:-1\" \/>\n<link rel=\"canonical\" href=\"https:\/\/kulturonline.tv\/de\/berlin-fuehrt-eine-jugendkulturkarte-ein\/\" \/>\n<meta property=\"og:locale\" content=\"de_DE\" \/>\n<meta property=\"og:type\" content=\"article\" \/>\n<meta property=\"og:title\" content=\"Berlin f\u00fchrt eine Jugendkulturkarte ein - Kultur Online TV &amp; FM\" \/>\n<meta property=\"og:description\" content=\"Sie soll mit jeweils 50 Euro ab Februar f\u00fcr einen begrenzten Zeitraum f\u00fcr knapp 220.000 Berlinerinnen und Berliner im Alter von 18 bis 23 Jahren gelten.\" \/>\n<meta property=\"og:url\" content=\"https:\/\/kulturonline.tv\/de\/berlin-fuehrt-eine-jugendkulturkarte-ein\/\" \/>\n<meta property=\"og:site_name\" content=\"Kultur Online TV &amp; FM\" \/>\n<meta property=\"article:publisher\" content=\"https:\/\/www.facebook.com\/kulturonline.tv\" \/>\n<meta property=\"article:published_time\" content=\"2022-12-12T22:19:04+00:00\" \/>\n<meta property=\"article:modified_time\" content=\"2022-12-12T22:58:04+00:00\" \/>\n<meta property=\"og:image\" content=\"https:\/\/kulturonline.tv\/wp-content\/uploads\/2022\/12\/Berlin-edited.jpg\" \/>\n\t<meta property=\"og:image:width\" content=\"800\" \/>\n\t<meta property=\"og:image:height\" content=\"450\" \/>\n\t<meta property=\"og:image:type\" content=\"image\/jpeg\" \/>\n<meta name=\"author\" content=\"guenter.wolfgang\" \/>\n<meta name=\"twitter:card\" content=\"summary_large_image\" \/>\n<meta name=\"twitter:label1\" content=\"Verfasst von\" \/>\n\t<meta name=\"twitter:data1\" content=\"guenter.wolfgang\" \/>\n\t<meta name=\"twitter:label2\" content=\"Gesch\u00e4tzte Lesezeit\" \/>\n\t<meta name=\"twitter:data2\" content=\"1\u00a0Minute\" \/>\n<script type=\"application\/ld+json\" class=\"yoast-schema-graph\">{\"@context\":\"https:\/\/schema.org\",\"@graph\":[{\"@type\":\"Article\",\"@id\":\"https:\/\/kulturonline.tv\/de\/berlin-fuehrt-eine-jugendkulturkarte-ein\/#article\",\"isPartOf\":{\"@id\":\"https:\/\/kulturonline.tv\/de\/berlin-fuehrt-eine-jugendkulturkarte-ein\/\"},\"author\":{\"name\":\"guenter.wolfgang\",\"@id\":\"https:\/\/kulturonline.tv\/de\/#\/schema\/person\/b0fac729bb9a0c193fb1df23449df4fe\"},\"headline\":\"Berlin f\u00fchrt eine Jugendkulturkarte ein\",\"datePublished\":\"2022-12-12T22:19:04+00:00\",\"dateModified\":\"2022-12-12T22:58:04+00:00\",\"mainEntityOfPage\":{\"@id\":\"https:\/\/kulturonline.tv\/de\/berlin-fuehrt-eine-jugendkulturkarte-ein\/\"},\"wordCount\":118,\"publisher\":{\"@id\":\"https:\/\/kulturonline.tv\/de\/#organization\"},\"image\":{\"@id\":\"https:\/\/kulturonline.tv\/de\/berlin-fuehrt-eine-jugendkulturkarte-ein\/#primaryimage\"},\"thumbnailUrl\":\"https:\/\/kulturonline.tv\/wp-content\/uploads\/2022\/12\/Berlin-edited.jpg\",\"articleSection\":[\"Newsflash\"],\"inLanguage\":\"de\"},{\"@type\":\"WebPage\",\"@id\":\"https:\/\/kulturonline.tv\/de\/berlin-fuehrt-eine-jugendkulturkarte-ein\/\",\"url\":\"https:\/\/kulturonline.tv\/de\/berlin-fuehrt-eine-jugendkulturkarte-ein\/\",\"name\":\"Berlin f\u00fchrt eine Jugendkulturkarte ein - Kultur Online TV &amp; FM\",\"isPartOf\":{\"@id\":\"https:\/\/kulturonline.tv\/de\/#website\"},\"primaryImageOfPage\":{\"@id\":\"https:\/\/kulturonline.tv\/de\/berlin-fuehrt-eine-jugendkulturkarte-ein\/#primaryimage\"},\"image\":{\"@id\":\"https:\/\/kulturonline.tv\/de\/berlin-fuehrt-eine-jugendkulturkarte-ein\/#primaryimage\"},\"thumbnailUrl\":\"https:\/\/kulturonline.tv\/wp-content\/uploads\/2022\/12\/Berlin-edited.jpg\",\"datePublished\":\"2022-12-12T22:19:04+00:00\",\"dateModified\":\"2022-12-12T22:58:04+00:00\",\"description\":\"Sie soll mit jeweils 50 Euro ab Februar f\u00fcr einen begrenzten Zeitraum f\u00fcr knapp 220.000 Berlinerinnen und Berliner im Alter von 18 bis 23 Jahren gelten.\",\"breadcrumb\":{\"@id\":\"https:\/\/kulturonline.tv\/de\/berlin-fuehrt-eine-jugendkulturkarte-ein\/#breadcrumb\"},\"inLanguage\":\"de\",\"potentialAction\":[{\"@type\":\"ReadAction\",\"target\":[\"https:\/\/kulturonline.tv\/de\/berlin-fuehrt-eine-jugendkulturkarte-ein\/\"]}]},{\"@type\":\"ImageObject\",\"inLanguage\":\"de\",\"@id\":\"https:\/\/kulturonline.tv\/de\/berlin-fuehrt-eine-jugendkulturkarte-ein\/#primaryimage\",\"url\":\"https:\/\/kulturonline.tv\/wp-content\/uploads\/2022\/12\/Berlin-edited.jpg\",\"contentUrl\":\"https:\/\/kulturonline.tv\/wp-content\/uploads\/2022\/12\/Berlin-edited.jpg\",\"width\":800,\"height\":450,\"caption\":\"Blick von der Marschallbr\u00fccke in Richtung Westen. Geb\u00e4ude von links nach rechts: Jakob-kaiser-Haus, Reichstagspr\u00e4sidentenpalais, Reichstag, Paul-L\u00f6be-Haus, Marie-Elisabeth-L\u00fcders-Haus.\"},{\"@type\":\"BreadcrumbList\",\"@id\":\"https:\/\/kulturonline.tv\/de\/berlin-fuehrt-eine-jugendkulturkarte-ein\/#breadcrumb\",\"itemListElement\":[{\"@type\":\"ListItem\",\"position\":1,\"name\":\"Startseite\",\"item\":\"https:\/\/kulturonline.tv\/de\/\"},{\"@type\":\"ListItem\",\"position\":2,\"name\":\"Berlin f\u00fchrt eine Jugendkulturkarte ein\"}]},{\"@type\":\"WebSite\",\"@id\":\"https:\/\/kulturonline.tv\/de\/#website\",\"url\":\"https:\/\/kulturonline.tv\/de\/\",\"name\":\"Kultur Online TV &amp; FM\",\"description\":\"Wir sind Kultur 2.0 zum sehen &amp; h\u00f6ren\",\"publisher\":{\"@id\":\"https:\/\/kulturonline.tv\/de\/#organization\"},\"potentialAction\":[{\"@type\":\"SearchAction\",\"target\":{\"@type\":\"EntryPoint\",\"urlTemplate\":\"https:\/\/kulturonline.tv\/de\/?s={search_term_string}\"},\"query-input\":{\"@type\":\"PropertyValueSpecification\",\"valueRequired\":true,\"valueName\":\"search_term_string\"}}],\"inLanguage\":\"de\"},{\"@type\":\"Organization\",\"@id\":\"https:\/\/kulturonline.tv\/de\/#organization\",\"name\":\"Kultur Online TV\",\"url\":\"https:\/\/kulturonline.tv\/de\/\",\"logo\":{\"@type\":\"ImageObject\",\"inLanguage\":\"de\",\"@id\":\"https:\/\/kulturonline.tv\/de\/#\/schema\/logo\/image\/\",\"url\":\"https:\/\/kulturonline.tv\/wp-content\/uploads\/2021\/08\/Kultur-Online-Tv-Logo-Endversion-neu.png\",\"contentUrl\":\"https:\/\/kulturonline.tv\/wp-content\/uploads\/2021\/08\/Kultur-Online-Tv-Logo-Endversion-neu.png\",\"width\":200,\"height\":200,\"caption\":\"Kultur Online TV\"},\"image\":{\"@id\":\"https:\/\/kulturonline.tv\/de\/#\/schema\/logo\/image\/\"},\"sameAs\":[\"https:\/\/www.facebook.com\/kulturonline.tv\",\"https:\/\/www.instagram.com\/kulturonline.tv\"]},{\"@type\":\"Person\",\"@id\":\"https:\/\/kulturonline.tv\/de\/#\/schema\/person\/b0fac729bb9a0c193fb1df23449df4fe\",\"name\":\"guenter.wolfgang\"}]}<\/script>\n<!-- \/ Yoast SEO plugin. -->","yoast_head_json":{"title":"Berlin f\u00fchrt eine Jugendkulturkarte ein - Kultur Online TV &amp; FM","description":"Sie soll mit jeweils 50 Euro ab Februar f\u00fcr einen begrenzten Zeitraum f\u00fcr knapp 220.000 Berlinerinnen und Berliner im Alter von 18 bis 23 Jahren gelten.","robots":{"index":"index","follow":"follow","max-snippet":"max-snippet:-1","max-image-preview":"max-image-preview:large","max-video-preview":"max-video-preview:-1"},"canonical":"https:\/\/kulturonline.tv\/de\/berlin-fuehrt-eine-jugendkulturkarte-ein\/","og_locale":"de_DE","og_type":"article","og_title":"Berlin f\u00fchrt eine Jugendkulturkarte ein - Kultur Online TV &amp; FM","og_description":"Sie soll mit jeweils 50 Euro ab Februar f\u00fcr einen begrenzten Zeitraum f\u00fcr knapp 220.000 Berlinerinnen und Berliner im Alter von 18 bis 23 Jahren gelten.","og_url":"https:\/\/kulturonline.tv\/de\/berlin-fuehrt-eine-jugendkulturkarte-ein\/","og_site_name":"Kultur Online TV &amp; FM","article_publisher":"https:\/\/www.facebook.com\/kulturonline.tv","article_published_time":"2022-12-12T22:19:04+00:00","article_modified_time":"2022-12-12T22:58:04+00:00","og_image":[{"width":800,"height":450,"url":"https:\/\/kulturonline.tv\/wp-content\/uploads\/2022\/12\/Berlin-edited.jpg","type":"image\/jpeg"}],"author":"guenter.wolfgang","twitter_card":"summary_large_image","twitter_misc":{"Verfasst von":"guenter.wolfgang","Gesch\u00e4tzte Lesezeit":"1\u00a0Minute"},"schema":{"@context":"https:\/\/schema.org","@graph":[{"@type":"Article","@id":"https:\/\/kulturonline.tv\/de\/berlin-fuehrt-eine-jugendkulturkarte-ein\/#article","isPartOf":{"@id":"https:\/\/kulturonline.tv\/de\/berlin-fuehrt-eine-jugendkulturkarte-ein\/"},"author":{"name":"guenter.wolfgang","@id":"https:\/\/kulturonline.tv\/de\/#\/schema\/person\/b0fac729bb9a0c193fb1df23449df4fe"},"headline":"Berlin f\u00fchrt eine Jugendkulturkarte ein","datePublished":"2022-12-12T22:19:04+00:00","dateModified":"2022-12-12T22:58:04+00:00","mainEntityOfPage":{"@id":"https:\/\/kulturonline.tv\/de\/berlin-fuehrt-eine-jugendkulturkarte-ein\/"},"wordCount":118,"publisher":{"@id":"https:\/\/kulturonline.tv\/de\/#organization"},"image":{"@id":"https:\/\/kulturonline.tv\/de\/berlin-fuehrt-eine-jugendkulturkarte-ein\/#primaryimage"},"thumbnailUrl":"https:\/\/kulturonline.tv\/wp-content\/uploads\/2022\/12\/Berlin-edited.jpg","articleSection":["Newsflash"],"inLanguage":"de"},{"@type":"WebPage","@id":"https:\/\/kulturonline.tv\/de\/berlin-fuehrt-eine-jugendkulturkarte-ein\/","url":"https:\/\/kulturonline.tv\/de\/berlin-fuehrt-eine-jugendkulturkarte-ein\/","name":"Berlin f\u00fchrt eine Jugendkulturkarte ein - Kultur Online TV &amp; FM","isPartOf":{"@id":"https:\/\/kulturonline.tv\/de\/#website"},"primaryImageOfPage":{"@id":"https:\/\/kulturonline.tv\/de\/berlin-fuehrt-eine-jugendkulturkarte-ein\/#primaryimage"},"image":{"@id":"https:\/\/kulturonline.tv\/de\/berlin-fuehrt-eine-jugendkulturkarte-ein\/#primaryimage"},"thumbnailUrl":"https:\/\/kulturonline.tv\/wp-content\/uploads\/2022\/12\/Berlin-edited.jpg","datePublished":"2022-12-12T22:19:04+00:00","dateModified":"2022-12-12T22:58:04+00:00","description":"Sie soll mit jeweils 50 Euro ab Februar f\u00fcr einen begrenzten Zeitraum f\u00fcr knapp 220.000 Berlinerinnen und Berliner im Alter von 18 bis 23 Jahren gelten.","breadcrumb":{"@id":"https:\/\/kulturonline.tv\/de\/berlin-fuehrt-eine-jugendkulturkarte-ein\/#breadcrumb"},"inLanguage":"de","potentialAction":[{"@type":"ReadAction","target":["https:\/\/kulturonline.tv\/de\/berlin-fuehrt-eine-jugendkulturkarte-ein\/"]}]},{"@type":"ImageObject","inLanguage":"de","@id":"https:\/\/kulturonline.tv\/de\/berlin-fuehrt-eine-jugendkulturkarte-ein\/#primaryimage","url":"https:\/\/kulturonline.tv\/wp-content\/uploads\/2022\/12\/Berlin-edited.jpg","contentUrl":"https:\/\/kulturonline.tv\/wp-content\/uploads\/2022\/12\/Berlin-edited.jpg","width":800,"height":450,"caption":"Blick von der Marschallbr\u00fccke in Richtung Westen. Geb\u00e4ude von links nach rechts: Jakob-kaiser-Haus, Reichstagspr\u00e4sidentenpalais, Reichstag, Paul-L\u00f6be-Haus, Marie-Elisabeth-L\u00fcders-Haus."},{"@type":"BreadcrumbList","@id":"https:\/\/kulturonline.tv\/de\/berlin-fuehrt-eine-jugendkulturkarte-ein\/#breadcrumb","itemListElement":[{"@type":"ListItem","position":1,"name":"Startseite","item":"https:\/\/kulturonline.tv\/de\/"},{"@type":"ListItem","position":2,"name":"Berlin f\u00fchrt eine Jugendkulturkarte ein"}]},{"@type":"WebSite","@id":"https:\/\/kulturonline.tv\/de\/#website","url":"https:\/\/kulturonline.tv\/de\/","name":"Kultur Online TV &amp; FM","description":"Wir sind Kultur 2.0 zum sehen &amp; h\u00f6ren","publisher":{"@id":"https:\/\/kulturonline.tv\/de\/#organization"},"potentialAction":[{"@type":"SearchAction","target":{"@type":"EntryPoint","urlTemplate":"https:\/\/kulturonline.tv\/de\/?s={search_term_string}"},"query-input":{"@type":"PropertyValueSpecification","valueRequired":true,"valueName":"search_term_string"}}],"inLanguage":"de"},{"@type":"Organization","@id":"https:\/\/kulturonline.tv\/de\/#organization","name":"Kultur Online TV","url":"https:\/\/kulturonline.tv\/de\/","logo":{"@type":"ImageObject","inLanguage":"de","@id":"https:\/\/kulturonline.tv\/de\/#\/schema\/logo\/image\/","url":"https:\/\/kulturonline.tv\/wp-content\/uploads\/2021\/08\/Kultur-Online-Tv-Logo-Endversion-neu.png","contentUrl":"https:\/\/kulturonline.tv\/wp-content\/uploads\/2021\/08\/Kultur-Online-Tv-Logo-Endversion-neu.png","width":200,"height":200,"caption":"Kultur Online TV"},"image":{"@id":"https:\/\/kulturonline.tv\/de\/#\/schema\/logo\/image\/"},"sameAs":["https:\/\/www.facebook.com\/kulturonline.tv","https:\/\/www.instagram.com\/kulturonline.tv"]},{"@type":"Person","@id":"https:\/\/kulturonline.tv\/de\/#\/schema\/person\/b0fac729bb9a0c193fb1df23449df4fe","name":"guenter.wolfgang"}]}},"_links":{"self":[{"href":"https:\/\/kulturonline.tv\/de\/wp-json\/wp\/v2\/posts\/45443","targetHints":{"allow":["GET"]}}],"collection":[{"href":"https:\/\/kulturonline.tv\/de\/wp-json\/wp\/v2\/posts"}],"about":[{"href":"https:\/\/kulturonline.tv\/de\/wp-json\/wp\/v2\/types\/post"}],"author":[{"embeddable":true,"href":"https:\/\/kulturonline.tv\/de\/wp-json\/wp\/v2\/users\/2"}],"replies":[{"embeddable":true,"href":"https:\/\/kulturonline.tv\/de\/wp-json\/wp\/v2\/comments?post=45443"}],"version-history":[{"count":0,"href":"https:\/\/kulturonline.tv\/de\/wp-json\/wp\/v2\/posts\/45443\/revisions"}],"wp:featuredmedia":[{"embeddable":true,"href":"https:\/\/kulturonline.tv\/de\/wp-json\/wp\/v2\/media\/45469"}],"wp:attachment":[{"href":"https:\/\/kulturonline.tv\/de\/wp-json\/wp\/v2\/media?parent=45443"}],"wp:term":[{"taxonomy":"category","embeddable":true,"href":"https:\/\/kulturonline.tv\/de\/wp-json\/wp\/v2\/categories?post=45443"},{"taxonomy":"post_tag","embeddable":true,"href":"https:\/\/kulturonline.tv\/de\/wp-json\/wp\/v2\/tags?post=45443"}],"curies":[{"name":"wp","href":"https:\/\/api.w.org\/{rel}","templated":true}]}}