{"id":45457,"date":"2022-12-12T23:42:21","date_gmt":"2022-12-12T22:42:21","guid":{"rendered":"https:\/\/kulturonline.tv\/?p=45457"},"modified":"2023-01-11T20:00:13","modified_gmt":"2023-01-11T19:00:13","slug":"illustrator-und-kinderbuchautor-wolf-erlbruch-verstorben","status":"publish","type":"post","link":"https:\/\/kulturonline.tv\/de\/illustrator-und-kinderbuchautor-wolf-erlbruch-verstorben\/","title":{"rendered":"Illustrator und Kinderbuchautor Wolf Erlbruch verstorben"},"content":{"rendered":"\n<p>Wie der Hanser Verlag mitteilte, starb Wolf Erlbruch im Alter von 74 Jahren in Wuppertal.<\/p>\n\n\n\n<p><\/p>\n\n\n\n<figure class=\"wp-block-image size-full is-resized\"><img decoding=\"async\" src=\"https:\/\/kulturonline.tv\/wp-content\/uploads\/2022\/12\/Kultur-Online-TV-3-edited.png\" alt=\"\" class=\"wp-image-45460\" width=\"840\" srcset=\"https:\/\/kulturonline.tv\/wp-content\/uploads\/2022\/12\/Kultur-Online-TV-3-edited.png 612w, https:\/\/kulturonline.tv\/wp-content\/uploads\/2022\/12\/Kultur-Online-TV-3-edited-600x337.png 600w\" sizes=\"(max-width: 612px) 100vw, 612px\" \/><\/figure>\n\n\n\n<p>Bekannt geworden ist er vor allem durch seine Illustrationen zur Geschichte &#8222;Vom kleinen Maulwurf, der wissen wollte, wer ihm auf den Kopf gemacht hat&#8220; von Werner Holzwarth. Der Verlag w\u00fcrdigt Wolf Erlbruch als K\u00fcnstler mit unverwechselbarer Bildsprache. Als innovativer Gestalter sei er durch seinen ungew\u00f6hnlichen Umgang mit Technik und Bildmaterial bis heute stilbildend f\u00fcr jede neue Generation.<\/p>\n\n\n\n<p>Kultur Online TV<\/p>\n\n\n\n<p>#literatur #news <\/p>\n\n\n\n<p><\/p>\n\n\n\n<figure class=\"wp-block-image\"><img decoding=\"async\" src=\"https:\/\/t.adcell.com\/p\/image?promoId=228768&amp;slotId=98564\" alt=\"Eckis Teetied\"\/><\/figure>\n\n\n\n<p><a href=\"https:\/\/t.adcell.com\/p\/click?promoId=228768&amp;slotId=98564\" target=\"_blank\" rel=\"noreferrer noopener\"><\/a><\/p>\n","protected":false},"excerpt":{"rendered":"<p>Wie der Hanser Verlag mitteilte, starb Wolf Erlbruch im Alter von 74 Jahren in Wuppertal. Bekannt geworden ist er vor allem durch seine Illustrationen zur Geschichte &#8222;Vom kleinen Maulwurf, der wissen wollte, wer ihm auf den Kopf gemacht hat&#8220; von Werner Holzwarth. Der Verlag w\u00fcrdigt Wolf Erlbruch als K\u00fcnstler mit unverwechselbarer Bildsprache. Als innovativer Gestalter [&hellip;]<\/p>\n","protected":false},"author":2,"featured_media":45460,"comment_status":"closed","ping_status":"closed","sticky":false,"template":"","format":"standard","meta":{"_acf_changed":false,"footnotes":""},"categories":[106],"tags":[],"class_list":["post-45457","post","type-post","status-publish","format-standard","has-post-thumbnail","hentry","category-literatur"],"acf":[],"yoast_head":"<!-- This site is optimized with the Yoast SEO plugin v26.1.1 - https:\/\/yoast.com\/wordpress\/plugins\/seo\/ -->\n<title>Illustrator und Kinderbuchautor Wolf Erlbruch verstorben - Kultur Online TV &amp; FM<\/title>\n<meta name=\"description\" content=\"Wie der Hanser Verlag mitteilte, starb Wolf Erlbruch im Alter von 74 Jahren in Wuppertal.\" \/>\n<meta name=\"robots\" content=\"index, follow, max-snippet:-1, max-image-preview:large, max-video-preview:-1\" \/>\n<link rel=\"canonical\" href=\"https:\/\/kulturonline.tv\/de\/illustrator-und-kinderbuchautor-wolf-erlbruch-verstorben\/\" \/>\n<meta property=\"og:locale\" content=\"de_DE\" \/>\n<meta property=\"og:type\" content=\"article\" \/>\n<meta property=\"og:title\" content=\"Illustrator und Kinderbuchautor Wolf Erlbruch verstorben - Kultur Online TV &amp; FM\" \/>\n<meta property=\"og:description\" content=\"Wie der Hanser Verlag mitteilte, starb Wolf Erlbruch im Alter von 74 Jahren in Wuppertal.\" \/>\n<meta property=\"og:url\" content=\"https:\/\/kulturonline.tv\/de\/illustrator-und-kinderbuchautor-wolf-erlbruch-verstorben\/\" \/>\n<meta property=\"og:site_name\" content=\"Kultur Online TV &amp; FM\" \/>\n<meta property=\"article:publisher\" content=\"https:\/\/www.facebook.com\/kulturonline.tv\" \/>\n<meta property=\"article:published_time\" content=\"2022-12-12T22:42:21+00:00\" \/>\n<meta property=\"article:modified_time\" content=\"2023-01-11T19:00:13+00:00\" \/>\n<meta property=\"og:image\" content=\"https:\/\/kulturonline.tv\/wp-content\/uploads\/2022\/12\/Kultur-Online-TV-3-edited.png\" \/>\n\t<meta property=\"og:image:width\" content=\"612\" \/>\n\t<meta property=\"og:image:height\" content=\"344\" \/>\n\t<meta property=\"og:image:type\" content=\"image\/png\" \/>\n<meta name=\"author\" content=\"guenter.wolfgang\" \/>\n<meta name=\"twitter:card\" content=\"summary_large_image\" \/>\n<meta name=\"twitter:label1\" content=\"Verfasst von\" \/>\n\t<meta name=\"twitter:data1\" content=\"guenter.wolfgang\" \/>\n<script type=\"application\/ld+json\" class=\"yoast-schema-graph\">{\"@context\":\"https:\/\/schema.org\",\"@graph\":[{\"@type\":\"Article\",\"@id\":\"https:\/\/kulturonline.tv\/de\/illustrator-und-kinderbuchautor-wolf-erlbruch-verstorben\/#article\",\"isPartOf\":{\"@id\":\"https:\/\/kulturonline.tv\/de\/illustrator-und-kinderbuchautor-wolf-erlbruch-verstorben\/\"},\"author\":{\"name\":\"guenter.wolfgang\",\"@id\":\"https:\/\/kulturonline.tv\/de\/#\/schema\/person\/b0fac729bb9a0c193fb1df23449df4fe\"},\"headline\":\"Illustrator und Kinderbuchautor Wolf Erlbruch verstorben\",\"datePublished\":\"2022-12-12T22:42:21+00:00\",\"dateModified\":\"2023-01-11T19:00:13+00:00\",\"mainEntityOfPage\":{\"@id\":\"https:\/\/kulturonline.tv\/de\/illustrator-und-kinderbuchautor-wolf-erlbruch-verstorben\/\"},\"wordCount\":86,\"publisher\":{\"@id\":\"https:\/\/kulturonline.tv\/de\/#organization\"},\"image\":{\"@id\":\"https:\/\/kulturonline.tv\/de\/illustrator-und-kinderbuchautor-wolf-erlbruch-verstorben\/#primaryimage\"},\"thumbnailUrl\":\"https:\/\/kulturonline.tv\/wp-content\/uploads\/2022\/12\/Kultur-Online-TV-3-edited.png\",\"articleSection\":[\"Literatur\"],\"inLanguage\":\"de\"},{\"@type\":\"WebPage\",\"@id\":\"https:\/\/kulturonline.tv\/de\/illustrator-und-kinderbuchautor-wolf-erlbruch-verstorben\/\",\"url\":\"https:\/\/kulturonline.tv\/de\/illustrator-und-kinderbuchautor-wolf-erlbruch-verstorben\/\",\"name\":\"Illustrator und Kinderbuchautor Wolf Erlbruch verstorben - Kultur Online TV &amp; FM\",\"isPartOf\":{\"@id\":\"https:\/\/kulturonline.tv\/de\/#website\"},\"primaryImageOfPage\":{\"@id\":\"https:\/\/kulturonline.tv\/de\/illustrator-und-kinderbuchautor-wolf-erlbruch-verstorben\/#primaryimage\"},\"image\":{\"@id\":\"https:\/\/kulturonline.tv\/de\/illustrator-und-kinderbuchautor-wolf-erlbruch-verstorben\/#primaryimage\"},\"thumbnailUrl\":\"https:\/\/kulturonline.tv\/wp-content\/uploads\/2022\/12\/Kultur-Online-TV-3-edited.png\",\"datePublished\":\"2022-12-12T22:42:21+00:00\",\"dateModified\":\"2023-01-11T19:00:13+00:00\",\"description\":\"Wie der Hanser Verlag mitteilte, starb Wolf Erlbruch im Alter von 74 Jahren in Wuppertal.\",\"breadcrumb\":{\"@id\":\"https:\/\/kulturonline.tv\/de\/illustrator-und-kinderbuchautor-wolf-erlbruch-verstorben\/#breadcrumb\"},\"inLanguage\":\"de\",\"potentialAction\":[{\"@type\":\"ReadAction\",\"target\":[\"https:\/\/kulturonline.tv\/de\/illustrator-und-kinderbuchautor-wolf-erlbruch-verstorben\/\"]}]},{\"@type\":\"ImageObject\",\"inLanguage\":\"de\",\"@id\":\"https:\/\/kulturonline.tv\/de\/illustrator-und-kinderbuchautor-wolf-erlbruch-verstorben\/#primaryimage\",\"url\":\"https:\/\/kulturonline.tv\/wp-content\/uploads\/2022\/12\/Kultur-Online-TV-3-edited.png\",\"contentUrl\":\"https:\/\/kulturonline.tv\/wp-content\/uploads\/2022\/12\/Kultur-Online-TV-3-edited.png\",\"width\":612,\"height\":344},{\"@type\":\"BreadcrumbList\",\"@id\":\"https:\/\/kulturonline.tv\/de\/illustrator-und-kinderbuchautor-wolf-erlbruch-verstorben\/#breadcrumb\",\"itemListElement\":[{\"@type\":\"ListItem\",\"position\":1,\"name\":\"Startseite\",\"item\":\"https:\/\/kulturonline.tv\/de\/\"},{\"@type\":\"ListItem\",\"position\":2,\"name\":\"Illustrator und Kinderbuchautor Wolf Erlbruch verstorben\"}]},{\"@type\":\"WebSite\",\"@id\":\"https:\/\/kulturonline.tv\/de\/#website\",\"url\":\"https:\/\/kulturonline.tv\/de\/\",\"name\":\"Kultur Online TV &amp; FM\",\"description\":\"Wir sind Kultur 2.0 zum sehen &amp; h\u00f6ren\",\"publisher\":{\"@id\":\"https:\/\/kulturonline.tv\/de\/#organization\"},\"potentialAction\":[{\"@type\":\"SearchAction\",\"target\":{\"@type\":\"EntryPoint\",\"urlTemplate\":\"https:\/\/kulturonline.tv\/de\/?s={search_term_string}\"},\"query-input\":{\"@type\":\"PropertyValueSpecification\",\"valueRequired\":true,\"valueName\":\"search_term_string\"}}],\"inLanguage\":\"de\"},{\"@type\":\"Organization\",\"@id\":\"https:\/\/kulturonline.tv\/de\/#organization\",\"name\":\"Kultur Online TV\",\"url\":\"https:\/\/kulturonline.tv\/de\/\",\"logo\":{\"@type\":\"ImageObject\",\"inLanguage\":\"de\",\"@id\":\"https:\/\/kulturonline.tv\/de\/#\/schema\/logo\/image\/\",\"url\":\"https:\/\/kulturonline.tv\/wp-content\/uploads\/2021\/08\/Kultur-Online-Tv-Logo-Endversion-neu.png\",\"contentUrl\":\"https:\/\/kulturonline.tv\/wp-content\/uploads\/2021\/08\/Kultur-Online-Tv-Logo-Endversion-neu.png\",\"width\":200,\"height\":200,\"caption\":\"Kultur Online TV\"},\"image\":{\"@id\":\"https:\/\/kulturonline.tv\/de\/#\/schema\/logo\/image\/\"},\"sameAs\":[\"https:\/\/www.facebook.com\/kulturonline.tv\",\"https:\/\/www.instagram.com\/kulturonline.tv\"]},{\"@type\":\"Person\",\"@id\":\"https:\/\/kulturonline.tv\/de\/#\/schema\/person\/b0fac729bb9a0c193fb1df23449df4fe\",\"name\":\"guenter.wolfgang\"}]}<\/script>\n<!-- \/ Yoast SEO plugin. -->","yoast_head_json":{"title":"Illustrator und Kinderbuchautor Wolf Erlbruch verstorben - Kultur Online TV &amp; FM","description":"Wie der Hanser Verlag mitteilte, starb Wolf Erlbruch im Alter von 74 Jahren in Wuppertal.","robots":{"index":"index","follow":"follow","max-snippet":"max-snippet:-1","max-image-preview":"max-image-preview:large","max-video-preview":"max-video-preview:-1"},"canonical":"https:\/\/kulturonline.tv\/de\/illustrator-und-kinderbuchautor-wolf-erlbruch-verstorben\/","og_locale":"de_DE","og_type":"article","og_title":"Illustrator und Kinderbuchautor Wolf Erlbruch verstorben - Kultur Online TV &amp; FM","og_description":"Wie der Hanser Verlag mitteilte, starb Wolf Erlbruch im Alter von 74 Jahren in Wuppertal.","og_url":"https:\/\/kulturonline.tv\/de\/illustrator-und-kinderbuchautor-wolf-erlbruch-verstorben\/","og_site_name":"Kultur Online TV &amp; FM","article_publisher":"https:\/\/www.facebook.com\/kulturonline.tv","article_published_time":"2022-12-12T22:42:21+00:00","article_modified_time":"2023-01-11T19:00:13+00:00","og_image":[{"width":612,"height":344,"url":"https:\/\/kulturonline.tv\/wp-content\/uploads\/2022\/12\/Kultur-Online-TV-3-edited.png","type":"image\/png"}],"author":"guenter.wolfgang","twitter_card":"summary_large_image","twitter_misc":{"Verfasst von":"guenter.wolfgang"},"schema":{"@context":"https:\/\/schema.org","@graph":[{"@type":"Article","@id":"https:\/\/kulturonline.tv\/de\/illustrator-und-kinderbuchautor-wolf-erlbruch-verstorben\/#article","isPartOf":{"@id":"https:\/\/kulturonline.tv\/de\/illustrator-und-kinderbuchautor-wolf-erlbruch-verstorben\/"},"author":{"name":"guenter.wolfgang","@id":"https:\/\/kulturonline.tv\/de\/#\/schema\/person\/b0fac729bb9a0c193fb1df23449df4fe"},"headline":"Illustrator und Kinderbuchautor Wolf Erlbruch verstorben","datePublished":"2022-12-12T22:42:21+00:00","dateModified":"2023-01-11T19:00:13+00:00","mainEntityOfPage":{"@id":"https:\/\/kulturonline.tv\/de\/illustrator-und-kinderbuchautor-wolf-erlbruch-verstorben\/"},"wordCount":86,"publisher":{"@id":"https:\/\/kulturonline.tv\/de\/#organization"},"image":{"@id":"https:\/\/kulturonline.tv\/de\/illustrator-und-kinderbuchautor-wolf-erlbruch-verstorben\/#primaryimage"},"thumbnailUrl":"https:\/\/kulturonline.tv\/wp-content\/uploads\/2022\/12\/Kultur-Online-TV-3-edited.png","articleSection":["Literatur"],"inLanguage":"de"},{"@type":"WebPage","@id":"https:\/\/kulturonline.tv\/de\/illustrator-und-kinderbuchautor-wolf-erlbruch-verstorben\/","url":"https:\/\/kulturonline.tv\/de\/illustrator-und-kinderbuchautor-wolf-erlbruch-verstorben\/","name":"Illustrator und Kinderbuchautor Wolf Erlbruch verstorben - Kultur Online TV &amp; FM","isPartOf":{"@id":"https:\/\/kulturonline.tv\/de\/#website"},"primaryImageOfPage":{"@id":"https:\/\/kulturonline.tv\/de\/illustrator-und-kinderbuchautor-wolf-erlbruch-verstorben\/#primaryimage"},"image":{"@id":"https:\/\/kulturonline.tv\/de\/illustrator-und-kinderbuchautor-wolf-erlbruch-verstorben\/#primaryimage"},"thumbnailUrl":"https:\/\/kulturonline.tv\/wp-content\/uploads\/2022\/12\/Kultur-Online-TV-3-edited.png","datePublished":"2022-12-12T22:42:21+00:00","dateModified":"2023-01-11T19:00:13+00:00","description":"Wie der Hanser Verlag mitteilte, starb Wolf Erlbruch im Alter von 74 Jahren in Wuppertal.","breadcrumb":{"@id":"https:\/\/kulturonline.tv\/de\/illustrator-und-kinderbuchautor-wolf-erlbruch-verstorben\/#breadcrumb"},"inLanguage":"de","potentialAction":[{"@type":"ReadAction","target":["https:\/\/kulturonline.tv\/de\/illustrator-und-kinderbuchautor-wolf-erlbruch-verstorben\/"]}]},{"@type":"ImageObject","inLanguage":"de","@id":"https:\/\/kulturonline.tv\/de\/illustrator-und-kinderbuchautor-wolf-erlbruch-verstorben\/#primaryimage","url":"https:\/\/kulturonline.tv\/wp-content\/uploads\/2022\/12\/Kultur-Online-TV-3-edited.png","contentUrl":"https:\/\/kulturonline.tv\/wp-content\/uploads\/2022\/12\/Kultur-Online-TV-3-edited.png","width":612,"height":344},{"@type":"BreadcrumbList","@id":"https:\/\/kulturonline.tv\/de\/illustrator-und-kinderbuchautor-wolf-erlbruch-verstorben\/#breadcrumb","itemListElement":[{"@type":"ListItem","position":1,"name":"Startseite","item":"https:\/\/kulturonline.tv\/de\/"},{"@type":"ListItem","position":2,"name":"Illustrator und Kinderbuchautor Wolf Erlbruch verstorben"}]},{"@type":"WebSite","@id":"https:\/\/kulturonline.tv\/de\/#website","url":"https:\/\/kulturonline.tv\/de\/","name":"Kultur Online TV &amp; FM","description":"Wir sind Kultur 2.0 zum sehen &amp; h\u00f6ren","publisher":{"@id":"https:\/\/kulturonline.tv\/de\/#organization"},"potentialAction":[{"@type":"SearchAction","target":{"@type":"EntryPoint","urlTemplate":"https:\/\/kulturonline.tv\/de\/?s={search_term_string}"},"query-input":{"@type":"PropertyValueSpecification","valueRequired":true,"valueName":"search_term_string"}}],"inLanguage":"de"},{"@type":"Organization","@id":"https:\/\/kulturonline.tv\/de\/#organization","name":"Kultur Online TV","url":"https:\/\/kulturonline.tv\/de\/","logo":{"@type":"ImageObject","inLanguage":"de","@id":"https:\/\/kulturonline.tv\/de\/#\/schema\/logo\/image\/","url":"https:\/\/kulturonline.tv\/wp-content\/uploads\/2021\/08\/Kultur-Online-Tv-Logo-Endversion-neu.png","contentUrl":"https:\/\/kulturonline.tv\/wp-content\/uploads\/2021\/08\/Kultur-Online-Tv-Logo-Endversion-neu.png","width":200,"height":200,"caption":"Kultur Online TV"},"image":{"@id":"https:\/\/kulturonline.tv\/de\/#\/schema\/logo\/image\/"},"sameAs":["https:\/\/www.facebook.com\/kulturonline.tv","https:\/\/www.instagram.com\/kulturonline.tv"]},{"@type":"Person","@id":"https:\/\/kulturonline.tv\/de\/#\/schema\/person\/b0fac729bb9a0c193fb1df23449df4fe","name":"guenter.wolfgang"}]}},"_links":{"self":[{"href":"https:\/\/kulturonline.tv\/de\/wp-json\/wp\/v2\/posts\/45457","targetHints":{"allow":["GET"]}}],"collection":[{"href":"https:\/\/kulturonline.tv\/de\/wp-json\/wp\/v2\/posts"}],"about":[{"href":"https:\/\/kulturonline.tv\/de\/wp-json\/wp\/v2\/types\/post"}],"author":[{"embeddable":true,"href":"https:\/\/kulturonline.tv\/de\/wp-json\/wp\/v2\/users\/2"}],"replies":[{"embeddable":true,"href":"https:\/\/kulturonline.tv\/de\/wp-json\/wp\/v2\/comments?post=45457"}],"version-history":[{"count":0,"href":"https:\/\/kulturonline.tv\/de\/wp-json\/wp\/v2\/posts\/45457\/revisions"}],"wp:featuredmedia":[{"embeddable":true,"href":"https:\/\/kulturonline.tv\/de\/wp-json\/wp\/v2\/media\/45460"}],"wp:attachment":[{"href":"https:\/\/kulturonline.tv\/de\/wp-json\/wp\/v2\/media?parent=45457"}],"wp:term":[{"taxonomy":"category","embeddable":true,"href":"https:\/\/kulturonline.tv\/de\/wp-json\/wp\/v2\/categories?post=45457"},{"taxonomy":"post_tag","embeddable":true,"href":"https:\/\/kulturonline.tv\/de\/wp-json\/wp\/v2\/tags?post=45457"}],"curies":[{"name":"wp","href":"https:\/\/api.w.org\/{rel}","templated":true}]}}