{"id":45482,"date":"2022-12-13T00:15:04","date_gmt":"2022-12-12T23:15:04","guid":{"rendered":"https:\/\/kulturonline.tv\/?p=45482"},"modified":"2022-12-13T00:15:06","modified_gmt":"2022-12-12T23:15:06","slug":"225-geburtstag-von-heinrich-heine","status":"publish","type":"post","link":"https:\/\/kulturonline.tv\/de\/225-geburtstag-von-heinrich-heine\/","title":{"rendered":"<strong>225. Geburtstag von Heinrich Heine<\/strong>"},"content":{"rendered":"\n<p>Zu seinem 225. Geburtstag erf\u00e4hrt der mutma\u00dflich am 13. Dezember 1797 in D\u00fcsseldorf geborene Dichter eine ganz besondere Aktualit\u00e4t.<\/p>\n\n\n\n<figure class=\"wp-block-image size-full is-resized\"><img decoding=\"async\" src=\"https:\/\/kulturonline.tv\/wp-content\/uploads\/2022\/12\/Heinrich_Heine_Gedenkstein_Brocken-edited.jpg\" alt=\"\" class=\"wp-image-45485\" width=\"841\" srcset=\"https:\/\/kulturonline.tv\/wp-content\/uploads\/2022\/12\/Heinrich_Heine_Gedenkstein_Brocken-edited.jpg 573w, https:\/\/kulturonline.tv\/wp-content\/uploads\/2022\/12\/Heinrich_Heine_Gedenkstein_Brocken-edited-416x234.jpg 416w\" sizes=\"(max-width: 573px) 100vw, 573px\" \/><\/figure>\n\n\n\n<p>Von allen deutschen Dichtern des 19. Jahrhunderts sei Heine am h\u00e4ufigsten ins Ukrainische \u00fcbersetzt worden, sagt Autor Juri Andruchowytsch, dem am Wochenende der Heine-Preis der Stadt D\u00fcsseldorf verliehen wurde. F\u00fcr die Ukrainer vor der russischen Revolution sei er &#8222;Dichter Nummer 1&#8220; gewesen.<\/p>\n\n\n\n<p>Kein anderer deutscher Dichter wurde dort mehr verehrt als Heine. Tausende \u00dcbertragungen von Gedichten Heines ins Russische gibt es. Er wurde gelesen von Puschkin, geliebt von Lenin und geh\u00f6rte bisher fest auch zum russischen Kulturerbe. Dabei war Heine zu seinen Lebzeiten nie nach Russland gereist und auch nicht in die Ukraine.<\/p>\n\n\n\n<p>Kultur Online TV<\/p>\n\n\n\n<p>#news #kunst #kultur<\/p>\n","protected":false},"excerpt":{"rendered":"<p>Zu seinem 225. Geburtstag erf\u00e4hrt der mutma\u00dflich am 13. Dezember 1797 in D\u00fcsseldorf geborene Dichter eine ganz besondere Aktualit\u00e4t. Von allen deutschen Dichtern des 19. Jahrhunderts sei Heine am h\u00e4ufigsten ins Ukrainische \u00fcbersetzt worden, sagt Autor Juri Andruchowytsch, dem am Wochenende der Heine-Preis der Stadt D\u00fcsseldorf verliehen wurde. F\u00fcr die Ukrainer vor der russischen Revolution [&hellip;]<\/p>\n","protected":false},"author":2,"featured_media":45485,"comment_status":"closed","ping_status":"closed","sticky":false,"template":"","format":"standard","meta":{"_acf_changed":false,"footnotes":""},"categories":[3],"tags":[],"class_list":["post-45482","post","type-post","status-publish","format-standard","has-post-thumbnail","hentry","category-newsflash"],"acf":[],"yoast_head":"<!-- This site is optimized with the Yoast SEO plugin v26.1.1 - https:\/\/yoast.com\/wordpress\/plugins\/seo\/ -->\n<title>225. Geburtstag von Heinrich Heine - Kultur Online TV &amp; FM<\/title>\n<meta name=\"description\" content=\"Zu seinem 225. Geburtstag erf\u00e4hrt der mutma\u00dflich am 13. Dezember 1797 in D\u00fcsseldorf geborene Dichter eine ganz besondere Aktualit\u00e4t.\" \/>\n<meta name=\"robots\" content=\"index, follow, max-snippet:-1, max-image-preview:large, max-video-preview:-1\" \/>\n<link rel=\"canonical\" href=\"https:\/\/kulturonline.tv\/de\/225-geburtstag-von-heinrich-heine\/\" \/>\n<meta property=\"og:locale\" content=\"de_DE\" \/>\n<meta property=\"og:type\" content=\"article\" \/>\n<meta property=\"og:title\" content=\"225. Geburtstag von Heinrich Heine - Kultur Online TV &amp; FM\" \/>\n<meta property=\"og:description\" content=\"Zu seinem 225. Geburtstag erf\u00e4hrt der mutma\u00dflich am 13. Dezember 1797 in D\u00fcsseldorf geborene Dichter eine ganz besondere Aktualit\u00e4t.\" \/>\n<meta property=\"og:url\" content=\"https:\/\/kulturonline.tv\/de\/225-geburtstag-von-heinrich-heine\/\" \/>\n<meta property=\"og:site_name\" content=\"Kultur Online TV &amp; FM\" \/>\n<meta property=\"article:publisher\" content=\"https:\/\/www.facebook.com\/kulturonline.tv\" \/>\n<meta property=\"article:published_time\" content=\"2022-12-12T23:15:04+00:00\" \/>\n<meta property=\"article:modified_time\" content=\"2022-12-12T23:15:06+00:00\" \/>\n<meta property=\"og:image\" content=\"https:\/\/kulturonline.tv\/wp-content\/uploads\/2022\/12\/Heinrich_Heine_Gedenkstein_Brocken-edited.jpg\" \/>\n\t<meta property=\"og:image:width\" content=\"573\" \/>\n\t<meta property=\"og:image:height\" content=\"322\" \/>\n\t<meta property=\"og:image:type\" content=\"image\/jpeg\" \/>\n<meta name=\"author\" content=\"guenter.wolfgang\" \/>\n<meta name=\"twitter:card\" content=\"summary_large_image\" \/>\n<meta name=\"twitter:label1\" content=\"Verfasst von\" \/>\n\t<meta name=\"twitter:data1\" content=\"guenter.wolfgang\" \/>\n\t<meta name=\"twitter:label2\" content=\"Gesch\u00e4tzte Lesezeit\" \/>\n\t<meta name=\"twitter:data2\" content=\"1\u00a0Minute\" \/>\n<script type=\"application\/ld+json\" class=\"yoast-schema-graph\">{\"@context\":\"https:\/\/schema.org\",\"@graph\":[{\"@type\":\"Article\",\"@id\":\"https:\/\/kulturonline.tv\/de\/225-geburtstag-von-heinrich-heine\/#article\",\"isPartOf\":{\"@id\":\"https:\/\/kulturonline.tv\/de\/225-geburtstag-von-heinrich-heine\/\"},\"author\":{\"name\":\"guenter.wolfgang\",\"@id\":\"https:\/\/kulturonline.tv\/de\/#\/schema\/person\/b0fac729bb9a0c193fb1df23449df4fe\"},\"headline\":\"225. Geburtstag von Heinrich Heine\",\"datePublished\":\"2022-12-12T23:15:04+00:00\",\"dateModified\":\"2022-12-12T23:15:06+00:00\",\"mainEntityOfPage\":{\"@id\":\"https:\/\/kulturonline.tv\/de\/225-geburtstag-von-heinrich-heine\/\"},\"wordCount\":125,\"publisher\":{\"@id\":\"https:\/\/kulturonline.tv\/de\/#organization\"},\"image\":{\"@id\":\"https:\/\/kulturonline.tv\/de\/225-geburtstag-von-heinrich-heine\/#primaryimage\"},\"thumbnailUrl\":\"https:\/\/kulturonline.tv\/wp-content\/uploads\/2022\/12\/Heinrich_Heine_Gedenkstein_Brocken-edited.jpg\",\"articleSection\":[\"Newsflash\"],\"inLanguage\":\"de\"},{\"@type\":\"WebPage\",\"@id\":\"https:\/\/kulturonline.tv\/de\/225-geburtstag-von-heinrich-heine\/\",\"url\":\"https:\/\/kulturonline.tv\/de\/225-geburtstag-von-heinrich-heine\/\",\"name\":\"225. Geburtstag von Heinrich Heine - Kultur Online TV &amp; FM\",\"isPartOf\":{\"@id\":\"https:\/\/kulturonline.tv\/de\/#website\"},\"primaryImageOfPage\":{\"@id\":\"https:\/\/kulturonline.tv\/de\/225-geburtstag-von-heinrich-heine\/#primaryimage\"},\"image\":{\"@id\":\"https:\/\/kulturonline.tv\/de\/225-geburtstag-von-heinrich-heine\/#primaryimage\"},\"thumbnailUrl\":\"https:\/\/kulturonline.tv\/wp-content\/uploads\/2022\/12\/Heinrich_Heine_Gedenkstein_Brocken-edited.jpg\",\"datePublished\":\"2022-12-12T23:15:04+00:00\",\"dateModified\":\"2022-12-12T23:15:06+00:00\",\"description\":\"Zu seinem 225. Geburtstag erf\u00e4hrt der mutma\u00dflich am 13. Dezember 1797 in D\u00fcsseldorf geborene Dichter eine ganz besondere Aktualit\u00e4t.\",\"breadcrumb\":{\"@id\":\"https:\/\/kulturonline.tv\/de\/225-geburtstag-von-heinrich-heine\/#breadcrumb\"},\"inLanguage\":\"de\",\"potentialAction\":[{\"@type\":\"ReadAction\",\"target\":[\"https:\/\/kulturonline.tv\/de\/225-geburtstag-von-heinrich-heine\/\"]}]},{\"@type\":\"ImageObject\",\"inLanguage\":\"de\",\"@id\":\"https:\/\/kulturonline.tv\/de\/225-geburtstag-von-heinrich-heine\/#primaryimage\",\"url\":\"https:\/\/kulturonline.tv\/wp-content\/uploads\/2022\/12\/Heinrich_Heine_Gedenkstein_Brocken-edited.jpg\",\"contentUrl\":\"https:\/\/kulturonline.tv\/wp-content\/uploads\/2022\/12\/Heinrich_Heine_Gedenkstein_Brocken-edited.jpg\",\"width\":573,\"height\":322},{\"@type\":\"BreadcrumbList\",\"@id\":\"https:\/\/kulturonline.tv\/de\/225-geburtstag-von-heinrich-heine\/#breadcrumb\",\"itemListElement\":[{\"@type\":\"ListItem\",\"position\":1,\"name\":\"Startseite\",\"item\":\"https:\/\/kulturonline.tv\/de\/\"},{\"@type\":\"ListItem\",\"position\":2,\"name\":\"225. Geburtstag von Heinrich Heine\"}]},{\"@type\":\"WebSite\",\"@id\":\"https:\/\/kulturonline.tv\/de\/#website\",\"url\":\"https:\/\/kulturonline.tv\/de\/\",\"name\":\"Kultur Online TV &amp; FM\",\"description\":\"Wir sind Kultur 2.0 zum sehen &amp; h\u00f6ren\",\"publisher\":{\"@id\":\"https:\/\/kulturonline.tv\/de\/#organization\"},\"potentialAction\":[{\"@type\":\"SearchAction\",\"target\":{\"@type\":\"EntryPoint\",\"urlTemplate\":\"https:\/\/kulturonline.tv\/de\/?s={search_term_string}\"},\"query-input\":{\"@type\":\"PropertyValueSpecification\",\"valueRequired\":true,\"valueName\":\"search_term_string\"}}],\"inLanguage\":\"de\"},{\"@type\":\"Organization\",\"@id\":\"https:\/\/kulturonline.tv\/de\/#organization\",\"name\":\"Kultur Online TV\",\"url\":\"https:\/\/kulturonline.tv\/de\/\",\"logo\":{\"@type\":\"ImageObject\",\"inLanguage\":\"de\",\"@id\":\"https:\/\/kulturonline.tv\/de\/#\/schema\/logo\/image\/\",\"url\":\"https:\/\/kulturonline.tv\/wp-content\/uploads\/2021\/08\/Kultur-Online-Tv-Logo-Endversion-neu.png\",\"contentUrl\":\"https:\/\/kulturonline.tv\/wp-content\/uploads\/2021\/08\/Kultur-Online-Tv-Logo-Endversion-neu.png\",\"width\":200,\"height\":200,\"caption\":\"Kultur Online TV\"},\"image\":{\"@id\":\"https:\/\/kulturonline.tv\/de\/#\/schema\/logo\/image\/\"},\"sameAs\":[\"https:\/\/www.facebook.com\/kulturonline.tv\",\"https:\/\/www.instagram.com\/kulturonline.tv\"]},{\"@type\":\"Person\",\"@id\":\"https:\/\/kulturonline.tv\/de\/#\/schema\/person\/b0fac729bb9a0c193fb1df23449df4fe\",\"name\":\"guenter.wolfgang\"}]}<\/script>\n<!-- \/ Yoast SEO plugin. -->","yoast_head_json":{"title":"225. Geburtstag von Heinrich Heine - Kultur Online TV &amp; FM","description":"Zu seinem 225. Geburtstag erf\u00e4hrt der mutma\u00dflich am 13. Dezember 1797 in D\u00fcsseldorf geborene Dichter eine ganz besondere Aktualit\u00e4t.","robots":{"index":"index","follow":"follow","max-snippet":"max-snippet:-1","max-image-preview":"max-image-preview:large","max-video-preview":"max-video-preview:-1"},"canonical":"https:\/\/kulturonline.tv\/de\/225-geburtstag-von-heinrich-heine\/","og_locale":"de_DE","og_type":"article","og_title":"225. Geburtstag von Heinrich Heine - Kultur Online TV &amp; FM","og_description":"Zu seinem 225. Geburtstag erf\u00e4hrt der mutma\u00dflich am 13. Dezember 1797 in D\u00fcsseldorf geborene Dichter eine ganz besondere Aktualit\u00e4t.","og_url":"https:\/\/kulturonline.tv\/de\/225-geburtstag-von-heinrich-heine\/","og_site_name":"Kultur Online TV &amp; FM","article_publisher":"https:\/\/www.facebook.com\/kulturonline.tv","article_published_time":"2022-12-12T23:15:04+00:00","article_modified_time":"2022-12-12T23:15:06+00:00","og_image":[{"width":573,"height":322,"url":"https:\/\/kulturonline.tv\/wp-content\/uploads\/2022\/12\/Heinrich_Heine_Gedenkstein_Brocken-edited.jpg","type":"image\/jpeg"}],"author":"guenter.wolfgang","twitter_card":"summary_large_image","twitter_misc":{"Verfasst von":"guenter.wolfgang","Gesch\u00e4tzte Lesezeit":"1\u00a0Minute"},"schema":{"@context":"https:\/\/schema.org","@graph":[{"@type":"Article","@id":"https:\/\/kulturonline.tv\/de\/225-geburtstag-von-heinrich-heine\/#article","isPartOf":{"@id":"https:\/\/kulturonline.tv\/de\/225-geburtstag-von-heinrich-heine\/"},"author":{"name":"guenter.wolfgang","@id":"https:\/\/kulturonline.tv\/de\/#\/schema\/person\/b0fac729bb9a0c193fb1df23449df4fe"},"headline":"225. Geburtstag von Heinrich Heine","datePublished":"2022-12-12T23:15:04+00:00","dateModified":"2022-12-12T23:15:06+00:00","mainEntityOfPage":{"@id":"https:\/\/kulturonline.tv\/de\/225-geburtstag-von-heinrich-heine\/"},"wordCount":125,"publisher":{"@id":"https:\/\/kulturonline.tv\/de\/#organization"},"image":{"@id":"https:\/\/kulturonline.tv\/de\/225-geburtstag-von-heinrich-heine\/#primaryimage"},"thumbnailUrl":"https:\/\/kulturonline.tv\/wp-content\/uploads\/2022\/12\/Heinrich_Heine_Gedenkstein_Brocken-edited.jpg","articleSection":["Newsflash"],"inLanguage":"de"},{"@type":"WebPage","@id":"https:\/\/kulturonline.tv\/de\/225-geburtstag-von-heinrich-heine\/","url":"https:\/\/kulturonline.tv\/de\/225-geburtstag-von-heinrich-heine\/","name":"225. Geburtstag von Heinrich Heine - Kultur Online TV &amp; FM","isPartOf":{"@id":"https:\/\/kulturonline.tv\/de\/#website"},"primaryImageOfPage":{"@id":"https:\/\/kulturonline.tv\/de\/225-geburtstag-von-heinrich-heine\/#primaryimage"},"image":{"@id":"https:\/\/kulturonline.tv\/de\/225-geburtstag-von-heinrich-heine\/#primaryimage"},"thumbnailUrl":"https:\/\/kulturonline.tv\/wp-content\/uploads\/2022\/12\/Heinrich_Heine_Gedenkstein_Brocken-edited.jpg","datePublished":"2022-12-12T23:15:04+00:00","dateModified":"2022-12-12T23:15:06+00:00","description":"Zu seinem 225. Geburtstag erf\u00e4hrt der mutma\u00dflich am 13. Dezember 1797 in D\u00fcsseldorf geborene Dichter eine ganz besondere Aktualit\u00e4t.","breadcrumb":{"@id":"https:\/\/kulturonline.tv\/de\/225-geburtstag-von-heinrich-heine\/#breadcrumb"},"inLanguage":"de","potentialAction":[{"@type":"ReadAction","target":["https:\/\/kulturonline.tv\/de\/225-geburtstag-von-heinrich-heine\/"]}]},{"@type":"ImageObject","inLanguage":"de","@id":"https:\/\/kulturonline.tv\/de\/225-geburtstag-von-heinrich-heine\/#primaryimage","url":"https:\/\/kulturonline.tv\/wp-content\/uploads\/2022\/12\/Heinrich_Heine_Gedenkstein_Brocken-edited.jpg","contentUrl":"https:\/\/kulturonline.tv\/wp-content\/uploads\/2022\/12\/Heinrich_Heine_Gedenkstein_Brocken-edited.jpg","width":573,"height":322},{"@type":"BreadcrumbList","@id":"https:\/\/kulturonline.tv\/de\/225-geburtstag-von-heinrich-heine\/#breadcrumb","itemListElement":[{"@type":"ListItem","position":1,"name":"Startseite","item":"https:\/\/kulturonline.tv\/de\/"},{"@type":"ListItem","position":2,"name":"225. Geburtstag von Heinrich Heine"}]},{"@type":"WebSite","@id":"https:\/\/kulturonline.tv\/de\/#website","url":"https:\/\/kulturonline.tv\/de\/","name":"Kultur Online TV &amp; FM","description":"Wir sind Kultur 2.0 zum sehen &amp; h\u00f6ren","publisher":{"@id":"https:\/\/kulturonline.tv\/de\/#organization"},"potentialAction":[{"@type":"SearchAction","target":{"@type":"EntryPoint","urlTemplate":"https:\/\/kulturonline.tv\/de\/?s={search_term_string}"},"query-input":{"@type":"PropertyValueSpecification","valueRequired":true,"valueName":"search_term_string"}}],"inLanguage":"de"},{"@type":"Organization","@id":"https:\/\/kulturonline.tv\/de\/#organization","name":"Kultur Online TV","url":"https:\/\/kulturonline.tv\/de\/","logo":{"@type":"ImageObject","inLanguage":"de","@id":"https:\/\/kulturonline.tv\/de\/#\/schema\/logo\/image\/","url":"https:\/\/kulturonline.tv\/wp-content\/uploads\/2021\/08\/Kultur-Online-Tv-Logo-Endversion-neu.png","contentUrl":"https:\/\/kulturonline.tv\/wp-content\/uploads\/2021\/08\/Kultur-Online-Tv-Logo-Endversion-neu.png","width":200,"height":200,"caption":"Kultur Online TV"},"image":{"@id":"https:\/\/kulturonline.tv\/de\/#\/schema\/logo\/image\/"},"sameAs":["https:\/\/www.facebook.com\/kulturonline.tv","https:\/\/www.instagram.com\/kulturonline.tv"]},{"@type":"Person","@id":"https:\/\/kulturonline.tv\/de\/#\/schema\/person\/b0fac729bb9a0c193fb1df23449df4fe","name":"guenter.wolfgang"}]}},"_links":{"self":[{"href":"https:\/\/kulturonline.tv\/de\/wp-json\/wp\/v2\/posts\/45482","targetHints":{"allow":["GET"]}}],"collection":[{"href":"https:\/\/kulturonline.tv\/de\/wp-json\/wp\/v2\/posts"}],"about":[{"href":"https:\/\/kulturonline.tv\/de\/wp-json\/wp\/v2\/types\/post"}],"author":[{"embeddable":true,"href":"https:\/\/kulturonline.tv\/de\/wp-json\/wp\/v2\/users\/2"}],"replies":[{"embeddable":true,"href":"https:\/\/kulturonline.tv\/de\/wp-json\/wp\/v2\/comments?post=45482"}],"version-history":[{"count":0,"href":"https:\/\/kulturonline.tv\/de\/wp-json\/wp\/v2\/posts\/45482\/revisions"}],"wp:featuredmedia":[{"embeddable":true,"href":"https:\/\/kulturonline.tv\/de\/wp-json\/wp\/v2\/media\/45485"}],"wp:attachment":[{"href":"https:\/\/kulturonline.tv\/de\/wp-json\/wp\/v2\/media?parent=45482"}],"wp:term":[{"taxonomy":"category","embeddable":true,"href":"https:\/\/kulturonline.tv\/de\/wp-json\/wp\/v2\/categories?post=45482"},{"taxonomy":"post_tag","embeddable":true,"href":"https:\/\/kulturonline.tv\/de\/wp-json\/wp\/v2\/tags?post=45482"}],"curies":[{"name":"wp","href":"https:\/\/api.w.org\/{rel}","templated":true}]}}