{"id":45728,"date":"2022-12-13T19:52:57","date_gmt":"2022-12-13T18:52:57","guid":{"rendered":"https:\/\/kulturonline.tv\/?p=45728"},"modified":"2022-12-13T19:53:25","modified_gmt":"2022-12-13T18:53:25","slug":"du-geniesst-in-deiner-freizeit-auch-gerne-kunst-kultur","status":"publish","type":"post","link":"https:\/\/kulturonline.tv\/de\/du-geniesst-in-deiner-freizeit-auch-gerne-kunst-kultur\/","title":{"rendered":"Du genie\u00dft in Deiner Freizeit auch gerne Kunst &amp; Kultur?"},"content":{"rendered":"\n<p>Kultur Online TV-FM erm\u00f6glicht Kunst und Kulturschaffenden, aus allen Bereichen einen kostenlosen digitalen Raum um Ihre Darbietungen, zus\u00e4tzlich zu verbreiten bzw. neues Publikum \u00fcber uns zu erreichen, sowie bei unseren eigenen Events und Kooperationen mit anderen Veranstaltern, Auftritte zu erm\u00f6glichen und zu vermitteln.<\/p>\n\n\n\n<figure class=\"wp-block-image size-full\"><img fetchpriority=\"high\" decoding=\"async\" width=\"1280\" height=\"720\" src=\"https:\/\/kulturonline.tv\/wp-content\/uploads\/2022\/12\/kultur-online-tv-5-edited.jpg\" alt=\"\" class=\"wp-image-45731\" srcset=\"https:\/\/kulturonline.tv\/wp-content\/uploads\/2022\/12\/kultur-online-tv-5-edited.jpg 1280w, https:\/\/kulturonline.tv\/wp-content\/uploads\/2022\/12\/kultur-online-tv-5-edited-600x338.jpg 600w, https:\/\/kulturonline.tv\/wp-content\/uploads\/2022\/12\/kultur-online-tv-5-edited-800x450.jpg 800w, https:\/\/kulturonline.tv\/wp-content\/uploads\/2022\/12\/kultur-online-tv-5-edited-768x432.jpg 768w\" sizes=\"(max-width: 1280px) 100vw, 1280px\" \/><\/figure>\n\n\n\n<p>Durch Deine Werbeschaltungen und sonstigen Kooperationen mit uns, ist es unser Ziel diese Form der Unterst\u00fctzung, an alle Kunst und Kulturschaffenden kostenlos weiterzugeben.<\/p>\n\n\n\n<p>Mit uns hast Du nicht nur einen interessanten Partner, dein Produkt \u00fcber \u00fcber die unterschiedlichsten werbem\u00f6glichleiten bekanntzumachen, bzw. zu bewerben, sondern unterst\u00fctzt damit auch zugleich Kunst und Kulturschaffende.<\/p>\n\n\n\n<p>Wir sind Kultur 2.0<\/p>\n\n\n\n<p>#e-paper -news<\/p>\n","protected":false},"excerpt":{"rendered":"<p>Kultur Online TV-FM erm\u00f6glicht Kunst und Kulturschaffenden, aus allen Bereichen einen kostenlosen digitalen Raum um Ihre Darbietungen, zus\u00e4tzlich zu verbreiten bzw. neues Publikum \u00fcber uns zu erreichen, sowie bei unseren eigenen Events und Kooperationen mit anderen Veranstaltern, Auftritte zu erm\u00f6glichen und zu vermitteln. Durch Deine Werbeschaltungen und sonstigen Kooperationen mit uns, ist es unser Ziel [&hellip;]<\/p>\n","protected":false},"author":2,"featured_media":45731,"comment_status":"closed","ping_status":"closed","sticky":false,"template":"","format":"standard","meta":{"_acf_changed":false,"footnotes":""},"categories":[444],"tags":[],"class_list":["post-45728","post","type-post","status-publish","format-standard","has-post-thumbnail","hentry","category-e-paper-news"],"acf":[],"yoast_head":"<!-- This site is optimized with the Yoast SEO plugin v26.1.1 - https:\/\/yoast.com\/wordpress\/plugins\/seo\/ -->\n<title>Du genie\u00dft in Deiner Freizeit auch gerne Kunst &amp; Kultur? - Kultur Online TV &amp; FM<\/title>\n<meta name=\"description\" content=\"Kultur Online TV-FM erm\u00f6glicht Kunst und Kulturschaffenden, aus allen Bereichen einen kostenlosen digitalen Raum um Ihre Darbietungen, zus\u00e4tzlich zu verbreiten bzw. neues Publikum \u00fcber uns zu erreichen\" \/>\n<meta name=\"robots\" content=\"index, follow, max-snippet:-1, max-image-preview:large, max-video-preview:-1\" \/>\n<link rel=\"canonical\" href=\"https:\/\/kulturonline.tv\/de\/du-geniesst-in-deiner-freizeit-auch-gerne-kunst-kultur\/\" \/>\n<meta property=\"og:locale\" content=\"de_DE\" \/>\n<meta property=\"og:type\" content=\"article\" \/>\n<meta property=\"og:title\" content=\"Du genie\u00dft in Deiner Freizeit auch gerne Kunst &amp; Kultur? - Kultur Online TV &amp; FM\" \/>\n<meta property=\"og:description\" content=\"Kultur Online TV-FM erm\u00f6glicht Kunst und Kulturschaffenden, aus allen Bereichen einen kostenlosen digitalen Raum um Ihre Darbietungen, zus\u00e4tzlich zu verbreiten bzw. neues Publikum \u00fcber uns zu erreichen\" \/>\n<meta property=\"og:url\" content=\"https:\/\/kulturonline.tv\/de\/du-geniesst-in-deiner-freizeit-auch-gerne-kunst-kultur\/\" \/>\n<meta property=\"og:site_name\" content=\"Kultur Online TV &amp; FM\" \/>\n<meta property=\"article:publisher\" content=\"https:\/\/www.facebook.com\/kulturonline.tv\" \/>\n<meta property=\"article:published_time\" content=\"2022-12-13T18:52:57+00:00\" \/>\n<meta property=\"article:modified_time\" content=\"2022-12-13T18:53:25+00:00\" \/>\n<meta property=\"og:image\" content=\"https:\/\/kulturonline.tv\/wp-content\/uploads\/2022\/12\/kultur-online-tv-5-edited.jpg\" \/>\n\t<meta property=\"og:image:width\" content=\"1280\" \/>\n\t<meta property=\"og:image:height\" content=\"720\" \/>\n\t<meta property=\"og:image:type\" content=\"image\/jpeg\" \/>\n<meta name=\"author\" content=\"guenter.wolfgang\" \/>\n<meta name=\"twitter:card\" content=\"summary_large_image\" \/>\n<meta name=\"twitter:label1\" content=\"Verfasst von\" \/>\n\t<meta name=\"twitter:data1\" content=\"guenter.wolfgang\" \/>\n\t<meta name=\"twitter:label2\" content=\"Gesch\u00e4tzte Lesezeit\" \/>\n\t<meta name=\"twitter:data2\" content=\"1\u00a0Minute\" \/>\n<script type=\"application\/ld+json\" class=\"yoast-schema-graph\">{\"@context\":\"https:\/\/schema.org\",\"@graph\":[{\"@type\":\"Article\",\"@id\":\"https:\/\/kulturonline.tv\/de\/du-geniesst-in-deiner-freizeit-auch-gerne-kunst-kultur\/#article\",\"isPartOf\":{\"@id\":\"https:\/\/kulturonline.tv\/de\/du-geniesst-in-deiner-freizeit-auch-gerne-kunst-kultur\/\"},\"author\":{\"name\":\"guenter.wolfgang\",\"@id\":\"https:\/\/kulturonline.tv\/de\/#\/schema\/person\/b0fac729bb9a0c193fb1df23449df4fe\"},\"headline\":\"Du genie\u00dft in Deiner Freizeit auch gerne Kunst &amp; Kultur?\",\"datePublished\":\"2022-12-13T18:52:57+00:00\",\"dateModified\":\"2022-12-13T18:53:25+00:00\",\"mainEntityOfPage\":{\"@id\":\"https:\/\/kulturonline.tv\/de\/du-geniesst-in-deiner-freizeit-auch-gerne-kunst-kultur\/\"},\"wordCount\":116,\"publisher\":{\"@id\":\"https:\/\/kulturonline.tv\/de\/#organization\"},\"image\":{\"@id\":\"https:\/\/kulturonline.tv\/de\/du-geniesst-in-deiner-freizeit-auch-gerne-kunst-kultur\/#primaryimage\"},\"thumbnailUrl\":\"https:\/\/kulturonline.tv\/wp-content\/uploads\/2022\/12\/kultur-online-tv-5-edited.jpg\",\"articleSection\":[\"E-Paper News\"],\"inLanguage\":\"de\"},{\"@type\":\"WebPage\",\"@id\":\"https:\/\/kulturonline.tv\/de\/du-geniesst-in-deiner-freizeit-auch-gerne-kunst-kultur\/\",\"url\":\"https:\/\/kulturonline.tv\/de\/du-geniesst-in-deiner-freizeit-auch-gerne-kunst-kultur\/\",\"name\":\"Du genie\u00dft in Deiner Freizeit auch gerne Kunst &amp; Kultur? - Kultur Online TV &amp; FM\",\"isPartOf\":{\"@id\":\"https:\/\/kulturonline.tv\/de\/#website\"},\"primaryImageOfPage\":{\"@id\":\"https:\/\/kulturonline.tv\/de\/du-geniesst-in-deiner-freizeit-auch-gerne-kunst-kultur\/#primaryimage\"},\"image\":{\"@id\":\"https:\/\/kulturonline.tv\/de\/du-geniesst-in-deiner-freizeit-auch-gerne-kunst-kultur\/#primaryimage\"},\"thumbnailUrl\":\"https:\/\/kulturonline.tv\/wp-content\/uploads\/2022\/12\/kultur-online-tv-5-edited.jpg\",\"datePublished\":\"2022-12-13T18:52:57+00:00\",\"dateModified\":\"2022-12-13T18:53:25+00:00\",\"description\":\"Kultur Online TV-FM erm\u00f6glicht Kunst und Kulturschaffenden, aus allen Bereichen einen kostenlosen digitalen Raum um Ihre Darbietungen, zus\u00e4tzlich zu verbreiten bzw. neues Publikum \u00fcber uns zu erreichen\",\"breadcrumb\":{\"@id\":\"https:\/\/kulturonline.tv\/de\/du-geniesst-in-deiner-freizeit-auch-gerne-kunst-kultur\/#breadcrumb\"},\"inLanguage\":\"de\",\"potentialAction\":[{\"@type\":\"ReadAction\",\"target\":[\"https:\/\/kulturonline.tv\/de\/du-geniesst-in-deiner-freizeit-auch-gerne-kunst-kultur\/\"]}]},{\"@type\":\"ImageObject\",\"inLanguage\":\"de\",\"@id\":\"https:\/\/kulturonline.tv\/de\/du-geniesst-in-deiner-freizeit-auch-gerne-kunst-kultur\/#primaryimage\",\"url\":\"https:\/\/kulturonline.tv\/wp-content\/uploads\/2022\/12\/kultur-online-tv-5-edited.jpg\",\"contentUrl\":\"https:\/\/kulturonline.tv\/wp-content\/uploads\/2022\/12\/kultur-online-tv-5-edited.jpg\",\"width\":1280,\"height\":720},{\"@type\":\"BreadcrumbList\",\"@id\":\"https:\/\/kulturonline.tv\/de\/du-geniesst-in-deiner-freizeit-auch-gerne-kunst-kultur\/#breadcrumb\",\"itemListElement\":[{\"@type\":\"ListItem\",\"position\":1,\"name\":\"Startseite\",\"item\":\"https:\/\/kulturonline.tv\/de\/\"},{\"@type\":\"ListItem\",\"position\":2,\"name\":\"Du genie\u00dft in Deiner Freizeit auch gerne Kunst &amp; Kultur?\"}]},{\"@type\":\"WebSite\",\"@id\":\"https:\/\/kulturonline.tv\/de\/#website\",\"url\":\"https:\/\/kulturonline.tv\/de\/\",\"name\":\"Kultur Online TV &amp; FM\",\"description\":\"Wir sind Kultur 2.0 zum sehen &amp; h\u00f6ren\",\"publisher\":{\"@id\":\"https:\/\/kulturonline.tv\/de\/#organization\"},\"potentialAction\":[{\"@type\":\"SearchAction\",\"target\":{\"@type\":\"EntryPoint\",\"urlTemplate\":\"https:\/\/kulturonline.tv\/de\/?s={search_term_string}\"},\"query-input\":{\"@type\":\"PropertyValueSpecification\",\"valueRequired\":true,\"valueName\":\"search_term_string\"}}],\"inLanguage\":\"de\"},{\"@type\":\"Organization\",\"@id\":\"https:\/\/kulturonline.tv\/de\/#organization\",\"name\":\"Kultur Online TV\",\"url\":\"https:\/\/kulturonline.tv\/de\/\",\"logo\":{\"@type\":\"ImageObject\",\"inLanguage\":\"de\",\"@id\":\"https:\/\/kulturonline.tv\/de\/#\/schema\/logo\/image\/\",\"url\":\"https:\/\/kulturonline.tv\/wp-content\/uploads\/2021\/08\/Kultur-Online-Tv-Logo-Endversion-neu.png\",\"contentUrl\":\"https:\/\/kulturonline.tv\/wp-content\/uploads\/2021\/08\/Kultur-Online-Tv-Logo-Endversion-neu.png\",\"width\":200,\"height\":200,\"caption\":\"Kultur Online TV\"},\"image\":{\"@id\":\"https:\/\/kulturonline.tv\/de\/#\/schema\/logo\/image\/\"},\"sameAs\":[\"https:\/\/www.facebook.com\/kulturonline.tv\",\"https:\/\/www.instagram.com\/kulturonline.tv\"]},{\"@type\":\"Person\",\"@id\":\"https:\/\/kulturonline.tv\/de\/#\/schema\/person\/b0fac729bb9a0c193fb1df23449df4fe\",\"name\":\"guenter.wolfgang\"}]}<\/script>\n<!-- \/ Yoast SEO plugin. -->","yoast_head_json":{"title":"Du genie\u00dft in Deiner Freizeit auch gerne Kunst &amp; Kultur? - Kultur Online TV &amp; FM","description":"Kultur Online TV-FM erm\u00f6glicht Kunst und Kulturschaffenden, aus allen Bereichen einen kostenlosen digitalen Raum um Ihre Darbietungen, zus\u00e4tzlich zu verbreiten bzw. neues Publikum \u00fcber uns zu erreichen","robots":{"index":"index","follow":"follow","max-snippet":"max-snippet:-1","max-image-preview":"max-image-preview:large","max-video-preview":"max-video-preview:-1"},"canonical":"https:\/\/kulturonline.tv\/de\/du-geniesst-in-deiner-freizeit-auch-gerne-kunst-kultur\/","og_locale":"de_DE","og_type":"article","og_title":"Du genie\u00dft in Deiner Freizeit auch gerne Kunst &amp; Kultur? - Kultur Online TV &amp; FM","og_description":"Kultur Online TV-FM erm\u00f6glicht Kunst und Kulturschaffenden, aus allen Bereichen einen kostenlosen digitalen Raum um Ihre Darbietungen, zus\u00e4tzlich zu verbreiten bzw. neues Publikum \u00fcber uns zu erreichen","og_url":"https:\/\/kulturonline.tv\/de\/du-geniesst-in-deiner-freizeit-auch-gerne-kunst-kultur\/","og_site_name":"Kultur Online TV &amp; FM","article_publisher":"https:\/\/www.facebook.com\/kulturonline.tv","article_published_time":"2022-12-13T18:52:57+00:00","article_modified_time":"2022-12-13T18:53:25+00:00","og_image":[{"width":1280,"height":720,"url":"https:\/\/kulturonline.tv\/wp-content\/uploads\/2022\/12\/kultur-online-tv-5-edited.jpg","type":"image\/jpeg"}],"author":"guenter.wolfgang","twitter_card":"summary_large_image","twitter_misc":{"Verfasst von":"guenter.wolfgang","Gesch\u00e4tzte Lesezeit":"1\u00a0Minute"},"schema":{"@context":"https:\/\/schema.org","@graph":[{"@type":"Article","@id":"https:\/\/kulturonline.tv\/de\/du-geniesst-in-deiner-freizeit-auch-gerne-kunst-kultur\/#article","isPartOf":{"@id":"https:\/\/kulturonline.tv\/de\/du-geniesst-in-deiner-freizeit-auch-gerne-kunst-kultur\/"},"author":{"name":"guenter.wolfgang","@id":"https:\/\/kulturonline.tv\/de\/#\/schema\/person\/b0fac729bb9a0c193fb1df23449df4fe"},"headline":"Du genie\u00dft in Deiner Freizeit auch gerne Kunst &amp; Kultur?","datePublished":"2022-12-13T18:52:57+00:00","dateModified":"2022-12-13T18:53:25+00:00","mainEntityOfPage":{"@id":"https:\/\/kulturonline.tv\/de\/du-geniesst-in-deiner-freizeit-auch-gerne-kunst-kultur\/"},"wordCount":116,"publisher":{"@id":"https:\/\/kulturonline.tv\/de\/#organization"},"image":{"@id":"https:\/\/kulturonline.tv\/de\/du-geniesst-in-deiner-freizeit-auch-gerne-kunst-kultur\/#primaryimage"},"thumbnailUrl":"https:\/\/kulturonline.tv\/wp-content\/uploads\/2022\/12\/kultur-online-tv-5-edited.jpg","articleSection":["E-Paper News"],"inLanguage":"de"},{"@type":"WebPage","@id":"https:\/\/kulturonline.tv\/de\/du-geniesst-in-deiner-freizeit-auch-gerne-kunst-kultur\/","url":"https:\/\/kulturonline.tv\/de\/du-geniesst-in-deiner-freizeit-auch-gerne-kunst-kultur\/","name":"Du genie\u00dft in Deiner Freizeit auch gerne Kunst &amp; Kultur? - Kultur Online TV &amp; FM","isPartOf":{"@id":"https:\/\/kulturonline.tv\/de\/#website"},"primaryImageOfPage":{"@id":"https:\/\/kulturonline.tv\/de\/du-geniesst-in-deiner-freizeit-auch-gerne-kunst-kultur\/#primaryimage"},"image":{"@id":"https:\/\/kulturonline.tv\/de\/du-geniesst-in-deiner-freizeit-auch-gerne-kunst-kultur\/#primaryimage"},"thumbnailUrl":"https:\/\/kulturonline.tv\/wp-content\/uploads\/2022\/12\/kultur-online-tv-5-edited.jpg","datePublished":"2022-12-13T18:52:57+00:00","dateModified":"2022-12-13T18:53:25+00:00","description":"Kultur Online TV-FM erm\u00f6glicht Kunst und Kulturschaffenden, aus allen Bereichen einen kostenlosen digitalen Raum um Ihre Darbietungen, zus\u00e4tzlich zu verbreiten bzw. neues Publikum \u00fcber uns zu erreichen","breadcrumb":{"@id":"https:\/\/kulturonline.tv\/de\/du-geniesst-in-deiner-freizeit-auch-gerne-kunst-kultur\/#breadcrumb"},"inLanguage":"de","potentialAction":[{"@type":"ReadAction","target":["https:\/\/kulturonline.tv\/de\/du-geniesst-in-deiner-freizeit-auch-gerne-kunst-kultur\/"]}]},{"@type":"ImageObject","inLanguage":"de","@id":"https:\/\/kulturonline.tv\/de\/du-geniesst-in-deiner-freizeit-auch-gerne-kunst-kultur\/#primaryimage","url":"https:\/\/kulturonline.tv\/wp-content\/uploads\/2022\/12\/kultur-online-tv-5-edited.jpg","contentUrl":"https:\/\/kulturonline.tv\/wp-content\/uploads\/2022\/12\/kultur-online-tv-5-edited.jpg","width":1280,"height":720},{"@type":"BreadcrumbList","@id":"https:\/\/kulturonline.tv\/de\/du-geniesst-in-deiner-freizeit-auch-gerne-kunst-kultur\/#breadcrumb","itemListElement":[{"@type":"ListItem","position":1,"name":"Startseite","item":"https:\/\/kulturonline.tv\/de\/"},{"@type":"ListItem","position":2,"name":"Du genie\u00dft in Deiner Freizeit auch gerne Kunst &amp; Kultur?"}]},{"@type":"WebSite","@id":"https:\/\/kulturonline.tv\/de\/#website","url":"https:\/\/kulturonline.tv\/de\/","name":"Kultur Online TV &amp; FM","description":"Wir sind Kultur 2.0 zum sehen &amp; h\u00f6ren","publisher":{"@id":"https:\/\/kulturonline.tv\/de\/#organization"},"potentialAction":[{"@type":"SearchAction","target":{"@type":"EntryPoint","urlTemplate":"https:\/\/kulturonline.tv\/de\/?s={search_term_string}"},"query-input":{"@type":"PropertyValueSpecification","valueRequired":true,"valueName":"search_term_string"}}],"inLanguage":"de"},{"@type":"Organization","@id":"https:\/\/kulturonline.tv\/de\/#organization","name":"Kultur Online TV","url":"https:\/\/kulturonline.tv\/de\/","logo":{"@type":"ImageObject","inLanguage":"de","@id":"https:\/\/kulturonline.tv\/de\/#\/schema\/logo\/image\/","url":"https:\/\/kulturonline.tv\/wp-content\/uploads\/2021\/08\/Kultur-Online-Tv-Logo-Endversion-neu.png","contentUrl":"https:\/\/kulturonline.tv\/wp-content\/uploads\/2021\/08\/Kultur-Online-Tv-Logo-Endversion-neu.png","width":200,"height":200,"caption":"Kultur Online TV"},"image":{"@id":"https:\/\/kulturonline.tv\/de\/#\/schema\/logo\/image\/"},"sameAs":["https:\/\/www.facebook.com\/kulturonline.tv","https:\/\/www.instagram.com\/kulturonline.tv"]},{"@type":"Person","@id":"https:\/\/kulturonline.tv\/de\/#\/schema\/person\/b0fac729bb9a0c193fb1df23449df4fe","name":"guenter.wolfgang"}]}},"_links":{"self":[{"href":"https:\/\/kulturonline.tv\/de\/wp-json\/wp\/v2\/posts\/45728","targetHints":{"allow":["GET"]}}],"collection":[{"href":"https:\/\/kulturonline.tv\/de\/wp-json\/wp\/v2\/posts"}],"about":[{"href":"https:\/\/kulturonline.tv\/de\/wp-json\/wp\/v2\/types\/post"}],"author":[{"embeddable":true,"href":"https:\/\/kulturonline.tv\/de\/wp-json\/wp\/v2\/users\/2"}],"replies":[{"embeddable":true,"href":"https:\/\/kulturonline.tv\/de\/wp-json\/wp\/v2\/comments?post=45728"}],"version-history":[{"count":0,"href":"https:\/\/kulturonline.tv\/de\/wp-json\/wp\/v2\/posts\/45728\/revisions"}],"wp:featuredmedia":[{"embeddable":true,"href":"https:\/\/kulturonline.tv\/de\/wp-json\/wp\/v2\/media\/45731"}],"wp:attachment":[{"href":"https:\/\/kulturonline.tv\/de\/wp-json\/wp\/v2\/media?parent=45728"}],"wp:term":[{"taxonomy":"category","embeddable":true,"href":"https:\/\/kulturonline.tv\/de\/wp-json\/wp\/v2\/categories?post=45728"},{"taxonomy":"post_tag","embeddable":true,"href":"https:\/\/kulturonline.tv\/de\/wp-json\/wp\/v2\/tags?post=45728"}],"curies":[{"name":"wp","href":"https:\/\/api.w.org\/{rel}","templated":true}]}}