{"id":45822,"date":"2022-12-14T00:17:12","date_gmt":"2022-12-13T23:17:12","guid":{"rendered":"https:\/\/kulturonline.tv\/?p=45822"},"modified":"2023-01-11T20:07:48","modified_gmt":"2023-01-11T19:07:48","slug":"das-oe1-jazzstipendium-2023","status":"publish","type":"post","link":"https:\/\/kulturonline.tv\/de\/das-oe1-jazzstipendium-2023\/","title":{"rendered":"Das \u00d61 Jazzstipendium 2023"},"content":{"rendered":"\n<p>F\u00dcR ALLE JUNGEN TALENTE IN UND AUS \u00d6STERREICH<\/p>\n\n\n\n<figure class=\"wp-block-image size-full\"><img fetchpriority=\"high\" decoding=\"async\" width=\"1280\" height=\"720\" src=\"https:\/\/kulturonline.tv\/wp-content\/uploads\/2022\/12\/Kultur-Online-TV-Jazz-edited.jpg\" alt=\"\" class=\"wp-image-45827\" srcset=\"https:\/\/kulturonline.tv\/wp-content\/uploads\/2022\/12\/Kultur-Online-TV-Jazz-edited.jpg 1280w, https:\/\/kulturonline.tv\/wp-content\/uploads\/2022\/12\/Kultur-Online-TV-Jazz-edited-600x338.jpg 600w, https:\/\/kulturonline.tv\/wp-content\/uploads\/2022\/12\/Kultur-Online-TV-Jazz-edited-800x450.jpg 800w, https:\/\/kulturonline.tv\/wp-content\/uploads\/2022\/12\/Kultur-Online-TV-Jazz-edited-768x432.jpg 768w\" sizes=\"(max-width: 1280px) 100vw, 1280px\" \/><figcaption class=\"wp-element-caption\">\u00a9 pixabay<\/figcaption><\/figure>\n\n\n\n<p>Das \u00d61 Jazzstipendium geht in die sechste Runde! Seit 2018 wird die einzigartige F\u00f6rderung im Rahmen der \u00d61 Talenteb\u00f6rse in Form eines zweij\u00e4hrigen Studiums an der JAM MUSIC LAB Private University for Jazz and Popular Music in Wien verliehen. 2022 entfiel erstmals die Absolvierung des Bachelor-Studiums als Bewerbungskriterium, das \u00d61 Jazzstipendium wendet sich seither an junge Musiker:innen jedweder Ausbildungsstufe. Bewerben k\u00f6nnen sich alle Talente mit Jazz-K\u00f6nnen auf hohem Niveau, auch ohne bisherige Inskription an einer Universit\u00e4t.<\/p>\n\n\n\n<p><strong>So bewirbst du dich:<\/strong><br>Die Bewerbungsfrist f\u00fcr das \u00d61 Jazzstipendium beginnt am 1. Dezember 2022 und endet am 31. M\u00e4rz 2023. Der\/die Gewinner:in wird am 21. April 2023 im Rahmen einer Live-Audition ermittelt und wiederum am \u00d61 Jazztag, dem 30. April 2023, bekannt gegeben. Bewerbungen sind \u00fcber die Homepage des <a href=\"https:\/\/www.jammusiclab.com\/\">JAM MUSIC LAB <\/a>m\u00f6glich.<\/p>\n\n\n\n<p>JAM MUSIC LAB Private University for Jazz and Popular Music Vienna<\/p>\n\n\n\n<p>Warum gibt es das \u00d61 Jazzstipendium? Ganz einfach: Einem Jazzadepten bzw. einer Jazzadeptin mit Potenzial und Mut zu Originalit\u00e4t soll die Gelegenheit gegeben werden, vom Input kompetenter Lehrpersonen zu profitieren. Bewerben k\u00f6nnen sich Musiker:innen im Alter von bis zu 28 Jahren, die entweder die \u00f6sterreichische Staatsb\u00fcrgerschaft besitzen oder deren Lebensmittelpunkt \u00d6sterreich ist.<\/p>\n\n\n\n<p>Als erstem Gewinner wurde am 30. April 2018 &#8211; dem \u00d61 Jazztag &#8211; dem K\u00e4rntner Saxofonisten Robert Unterk\u00f6fler die Stipendien-Urkunde \u00fcberreicht. Er hat seither u. a. durch die Ver\u00f6ffentlichung der Quintett-CD &#8222;Rote Welt&#8220; und des Solo-Albums &#8222;Sidrat&#8220; wie auch als Mitglied in Christian Muthspiels Orjazztra Vienna von sich reden gemacht.<\/p>\n\n\n\n<p>2019 re\u00fcssierte der ober\u00f6sterreichische Schlagzeuger Lukas Aichinger, 2020 die aus Ilmenau im deutschen Th\u00fcringen stammende und seit 2014 in Wien lebende Violinistin Constanze Friedel. Und 2021 war es die 1994 in Linz geborene Saxofonistin und S\u00e4ngerin Madeleine Kaindl, die die mit Gitarrist Wolfgang Muthspiel, US-Produzent Jeff Levenson und \u00d61 Jazzredaktionsleiter Andreas Felber besetzte Jury \u00fcberzeugte. Im Vorjahr setzte sich im Rahmen des als Live-Audition abgehaltenen Finales im Studio 2 des Wiener Funkhauses der in \u00d6sterreich lebende slowakische Pianist Alan Bartus durch.<br>Stipendium UND CD-Produktion<br>Eine wichtige Neuerung ist zu vermelden: 2023 winken dem\/der Gewinner:in des \u00d61 Jazzstipendiums erstmals nicht nur das zweij\u00e4hrige Studium am JAM MUSIC LAB, sondern auch eine CD-Produktion in Zusammenarbeit mit Quinton Records als Zusatzpreis.<\/p>\n\n\n\n<p>TEXT ORF<\/p>\n\n\n\n<p>Kultur Online TV<\/p>\n\n\n\n<p>#news #music<\/p>\n\n\n\n<p><\/p>\n\n\n\n<figure class=\"wp-block-image\"><img decoding=\"async\" src=\"https:\/\/t.adcell.com\/p\/image?promoId=228768&amp;slotId=98564\" alt=\"Eckis Teetied\"\/><\/figure>\n\n\n\n<p><a href=\"https:\/\/t.adcell.com\/p\/click?promoId=228768&amp;slotId=98564\" target=\"_blank\" rel=\"noreferrer noopener\"><\/a><\/p>\n","protected":false},"excerpt":{"rendered":"<p>F\u00dcR ALLE JUNGEN TALENTE IN UND AUS \u00d6STERREICH Das \u00d61 Jazzstipendium geht in die sechste Runde! Seit 2018 wird die einzigartige F\u00f6rderung im Rahmen der \u00d61 Talenteb\u00f6rse in Form eines zweij\u00e4hrigen Studiums an der JAM MUSIC LAB Private University for Jazz and Popular Music in Wien verliehen. 2022 entfiel erstmals die Absolvierung des Bachelor-Studiums als [&hellip;]<\/p>\n","protected":false},"author":2,"featured_media":45827,"comment_status":"closed","ping_status":"closed","sticky":false,"template":"","format":"standard","meta":{"_acf_changed":false,"footnotes":""},"categories":[19,214,401],"tags":[],"class_list":["post-45822","post","type-post","status-publish","format-standard","has-post-thumbnail","hentry","category-musik","category-radio-news-aktuell","category-radiothek-news"],"acf":[],"yoast_head":"<!-- This site is optimized with the Yoast SEO plugin v26.1.1 - https:\/\/yoast.com\/wordpress\/plugins\/seo\/ -->\n<title>Das \u00d61 Jazzstipendium 2023 - Kultur Online TV &amp; FM<\/title>\n<meta name=\"description\" content=\"Das \u00d61 Jazzstipendium geht in die sechste Runde! Seit 2018 wird die einzigartige F\u00f6rderung im Rahmen der \u00d61 Talenteb\u00f6rse in Form eines zweij\u00e4hrigen Studiums an der JAM MUSIC LAB Private University for Jazz and Popular Music in Wien verliehen.\" \/>\n<meta name=\"robots\" content=\"index, follow, max-snippet:-1, max-image-preview:large, max-video-preview:-1\" \/>\n<link rel=\"canonical\" href=\"https:\/\/kulturonline.tv\/de\/das-oe1-jazzstipendium-2023\/\" \/>\n<meta property=\"og:locale\" content=\"de_DE\" \/>\n<meta property=\"og:type\" content=\"article\" \/>\n<meta property=\"og:title\" content=\"Das \u00d61 Jazzstipendium 2023 - Kultur Online TV &amp; FM\" \/>\n<meta property=\"og:description\" content=\"Das \u00d61 Jazzstipendium geht in die sechste Runde! Seit 2018 wird die einzigartige F\u00f6rderung im Rahmen der \u00d61 Talenteb\u00f6rse in Form eines zweij\u00e4hrigen Studiums an der JAM MUSIC LAB Private University for Jazz and Popular Music in Wien verliehen.\" \/>\n<meta property=\"og:url\" content=\"https:\/\/kulturonline.tv\/de\/das-oe1-jazzstipendium-2023\/\" \/>\n<meta property=\"og:site_name\" content=\"Kultur Online TV &amp; FM\" \/>\n<meta property=\"article:publisher\" content=\"https:\/\/www.facebook.com\/kulturonline.tv\" \/>\n<meta property=\"article:published_time\" content=\"2022-12-13T23:17:12+00:00\" \/>\n<meta property=\"article:modified_time\" content=\"2023-01-11T19:07:48+00:00\" \/>\n<meta property=\"og:image\" content=\"https:\/\/kulturonline.tv\/wp-content\/uploads\/2022\/12\/Kultur-Online-TV-Jazz-edited.jpg\" \/>\n\t<meta property=\"og:image:width\" content=\"1280\" \/>\n\t<meta property=\"og:image:height\" content=\"720\" \/>\n\t<meta property=\"og:image:type\" content=\"image\/jpeg\" \/>\n<meta name=\"author\" content=\"guenter.wolfgang\" \/>\n<meta name=\"twitter:card\" content=\"summary_large_image\" \/>\n<meta name=\"twitter:label1\" content=\"Verfasst von\" \/>\n\t<meta name=\"twitter:data1\" content=\"guenter.wolfgang\" \/>\n\t<meta name=\"twitter:label2\" content=\"Gesch\u00e4tzte Lesezeit\" \/>\n\t<meta name=\"twitter:data2\" content=\"2\u00a0Minuten\" \/>\n<script type=\"application\/ld+json\" class=\"yoast-schema-graph\">{\"@context\":\"https:\/\/schema.org\",\"@graph\":[{\"@type\":\"Article\",\"@id\":\"https:\/\/kulturonline.tv\/de\/das-oe1-jazzstipendium-2023\/#article\",\"isPartOf\":{\"@id\":\"https:\/\/kulturonline.tv\/de\/das-oe1-jazzstipendium-2023\/\"},\"author\":{\"name\":\"guenter.wolfgang\",\"@id\":\"https:\/\/kulturonline.tv\/de\/#\/schema\/person\/b0fac729bb9a0c193fb1df23449df4fe\"},\"headline\":\"Das \u00d61 Jazzstipendium 2023\",\"datePublished\":\"2022-12-13T23:17:12+00:00\",\"dateModified\":\"2023-01-11T19:07:48+00:00\",\"mainEntityOfPage\":{\"@id\":\"https:\/\/kulturonline.tv\/de\/das-oe1-jazzstipendium-2023\/\"},\"wordCount\":376,\"publisher\":{\"@id\":\"https:\/\/kulturonline.tv\/de\/#organization\"},\"image\":{\"@id\":\"https:\/\/kulturonline.tv\/de\/das-oe1-jazzstipendium-2023\/#primaryimage\"},\"thumbnailUrl\":\"https:\/\/kulturonline.tv\/wp-content\/uploads\/2022\/12\/Kultur-Online-TV-Jazz-edited.jpg\",\"articleSection\":[\"Musik\",\"Radio News-Aktuell\",\"Radiothek News\"],\"inLanguage\":\"de\"},{\"@type\":\"WebPage\",\"@id\":\"https:\/\/kulturonline.tv\/de\/das-oe1-jazzstipendium-2023\/\",\"url\":\"https:\/\/kulturonline.tv\/de\/das-oe1-jazzstipendium-2023\/\",\"name\":\"Das \u00d61 Jazzstipendium 2023 - Kultur Online TV &amp; FM\",\"isPartOf\":{\"@id\":\"https:\/\/kulturonline.tv\/de\/#website\"},\"primaryImageOfPage\":{\"@id\":\"https:\/\/kulturonline.tv\/de\/das-oe1-jazzstipendium-2023\/#primaryimage\"},\"image\":{\"@id\":\"https:\/\/kulturonline.tv\/de\/das-oe1-jazzstipendium-2023\/#primaryimage\"},\"thumbnailUrl\":\"https:\/\/kulturonline.tv\/wp-content\/uploads\/2022\/12\/Kultur-Online-TV-Jazz-edited.jpg\",\"datePublished\":\"2022-12-13T23:17:12+00:00\",\"dateModified\":\"2023-01-11T19:07:48+00:00\",\"description\":\"Das \u00d61 Jazzstipendium geht in die sechste Runde! Seit 2018 wird die einzigartige F\u00f6rderung im Rahmen der \u00d61 Talenteb\u00f6rse in Form eines zweij\u00e4hrigen Studiums an der JAM MUSIC LAB Private University for Jazz and Popular Music in Wien verliehen.\",\"breadcrumb\":{\"@id\":\"https:\/\/kulturonline.tv\/de\/das-oe1-jazzstipendium-2023\/#breadcrumb\"},\"inLanguage\":\"de\",\"potentialAction\":[{\"@type\":\"ReadAction\",\"target\":[\"https:\/\/kulturonline.tv\/de\/das-oe1-jazzstipendium-2023\/\"]}]},{\"@type\":\"ImageObject\",\"inLanguage\":\"de\",\"@id\":\"https:\/\/kulturonline.tv\/de\/das-oe1-jazzstipendium-2023\/#primaryimage\",\"url\":\"https:\/\/kulturonline.tv\/wp-content\/uploads\/2022\/12\/Kultur-Online-TV-Jazz-edited.jpg\",\"contentUrl\":\"https:\/\/kulturonline.tv\/wp-content\/uploads\/2022\/12\/Kultur-Online-TV-Jazz-edited.jpg\",\"width\":1280,\"height\":720},{\"@type\":\"BreadcrumbList\",\"@id\":\"https:\/\/kulturonline.tv\/de\/das-oe1-jazzstipendium-2023\/#breadcrumb\",\"itemListElement\":[{\"@type\":\"ListItem\",\"position\":1,\"name\":\"Startseite\",\"item\":\"https:\/\/kulturonline.tv\/de\/\"},{\"@type\":\"ListItem\",\"position\":2,\"name\":\"Das \u00d61 Jazzstipendium 2023\"}]},{\"@type\":\"WebSite\",\"@id\":\"https:\/\/kulturonline.tv\/de\/#website\",\"url\":\"https:\/\/kulturonline.tv\/de\/\",\"name\":\"Kultur Online TV &amp; FM\",\"description\":\"Wir sind Kultur 2.0 zum sehen &amp; h\u00f6ren\",\"publisher\":{\"@id\":\"https:\/\/kulturonline.tv\/de\/#organization\"},\"potentialAction\":[{\"@type\":\"SearchAction\",\"target\":{\"@type\":\"EntryPoint\",\"urlTemplate\":\"https:\/\/kulturonline.tv\/de\/?s={search_term_string}\"},\"query-input\":{\"@type\":\"PropertyValueSpecification\",\"valueRequired\":true,\"valueName\":\"search_term_string\"}}],\"inLanguage\":\"de\"},{\"@type\":\"Organization\",\"@id\":\"https:\/\/kulturonline.tv\/de\/#organization\",\"name\":\"Kultur Online TV\",\"url\":\"https:\/\/kulturonline.tv\/de\/\",\"logo\":{\"@type\":\"ImageObject\",\"inLanguage\":\"de\",\"@id\":\"https:\/\/kulturonline.tv\/de\/#\/schema\/logo\/image\/\",\"url\":\"https:\/\/kulturonline.tv\/wp-content\/uploads\/2021\/08\/Kultur-Online-Tv-Logo-Endversion-neu.png\",\"contentUrl\":\"https:\/\/kulturonline.tv\/wp-content\/uploads\/2021\/08\/Kultur-Online-Tv-Logo-Endversion-neu.png\",\"width\":200,\"height\":200,\"caption\":\"Kultur Online TV\"},\"image\":{\"@id\":\"https:\/\/kulturonline.tv\/de\/#\/schema\/logo\/image\/\"},\"sameAs\":[\"https:\/\/www.facebook.com\/kulturonline.tv\",\"https:\/\/www.instagram.com\/kulturonline.tv\"]},{\"@type\":\"Person\",\"@id\":\"https:\/\/kulturonline.tv\/de\/#\/schema\/person\/b0fac729bb9a0c193fb1df23449df4fe\",\"name\":\"guenter.wolfgang\"}]}<\/script>\n<!-- \/ Yoast SEO plugin. -->","yoast_head_json":{"title":"Das \u00d61 Jazzstipendium 2023 - Kultur Online TV &amp; FM","description":"Das \u00d61 Jazzstipendium geht in die sechste Runde! Seit 2018 wird die einzigartige F\u00f6rderung im Rahmen der \u00d61 Talenteb\u00f6rse in Form eines zweij\u00e4hrigen Studiums an der JAM MUSIC LAB Private University for Jazz and Popular Music in Wien verliehen.","robots":{"index":"index","follow":"follow","max-snippet":"max-snippet:-1","max-image-preview":"max-image-preview:large","max-video-preview":"max-video-preview:-1"},"canonical":"https:\/\/kulturonline.tv\/de\/das-oe1-jazzstipendium-2023\/","og_locale":"de_DE","og_type":"article","og_title":"Das \u00d61 Jazzstipendium 2023 - Kultur Online TV &amp; FM","og_description":"Das \u00d61 Jazzstipendium geht in die sechste Runde! Seit 2018 wird die einzigartige F\u00f6rderung im Rahmen der \u00d61 Talenteb\u00f6rse in Form eines zweij\u00e4hrigen Studiums an der JAM MUSIC LAB Private University for Jazz and Popular Music in Wien verliehen.","og_url":"https:\/\/kulturonline.tv\/de\/das-oe1-jazzstipendium-2023\/","og_site_name":"Kultur Online TV &amp; FM","article_publisher":"https:\/\/www.facebook.com\/kulturonline.tv","article_published_time":"2022-12-13T23:17:12+00:00","article_modified_time":"2023-01-11T19:07:48+00:00","og_image":[{"width":1280,"height":720,"url":"https:\/\/kulturonline.tv\/wp-content\/uploads\/2022\/12\/Kultur-Online-TV-Jazz-edited.jpg","type":"image\/jpeg"}],"author":"guenter.wolfgang","twitter_card":"summary_large_image","twitter_misc":{"Verfasst von":"guenter.wolfgang","Gesch\u00e4tzte Lesezeit":"2\u00a0Minuten"},"schema":{"@context":"https:\/\/schema.org","@graph":[{"@type":"Article","@id":"https:\/\/kulturonline.tv\/de\/das-oe1-jazzstipendium-2023\/#article","isPartOf":{"@id":"https:\/\/kulturonline.tv\/de\/das-oe1-jazzstipendium-2023\/"},"author":{"name":"guenter.wolfgang","@id":"https:\/\/kulturonline.tv\/de\/#\/schema\/person\/b0fac729bb9a0c193fb1df23449df4fe"},"headline":"Das \u00d61 Jazzstipendium 2023","datePublished":"2022-12-13T23:17:12+00:00","dateModified":"2023-01-11T19:07:48+00:00","mainEntityOfPage":{"@id":"https:\/\/kulturonline.tv\/de\/das-oe1-jazzstipendium-2023\/"},"wordCount":376,"publisher":{"@id":"https:\/\/kulturonline.tv\/de\/#organization"},"image":{"@id":"https:\/\/kulturonline.tv\/de\/das-oe1-jazzstipendium-2023\/#primaryimage"},"thumbnailUrl":"https:\/\/kulturonline.tv\/wp-content\/uploads\/2022\/12\/Kultur-Online-TV-Jazz-edited.jpg","articleSection":["Musik","Radio News-Aktuell","Radiothek News"],"inLanguage":"de"},{"@type":"WebPage","@id":"https:\/\/kulturonline.tv\/de\/das-oe1-jazzstipendium-2023\/","url":"https:\/\/kulturonline.tv\/de\/das-oe1-jazzstipendium-2023\/","name":"Das \u00d61 Jazzstipendium 2023 - Kultur Online TV &amp; FM","isPartOf":{"@id":"https:\/\/kulturonline.tv\/de\/#website"},"primaryImageOfPage":{"@id":"https:\/\/kulturonline.tv\/de\/das-oe1-jazzstipendium-2023\/#primaryimage"},"image":{"@id":"https:\/\/kulturonline.tv\/de\/das-oe1-jazzstipendium-2023\/#primaryimage"},"thumbnailUrl":"https:\/\/kulturonline.tv\/wp-content\/uploads\/2022\/12\/Kultur-Online-TV-Jazz-edited.jpg","datePublished":"2022-12-13T23:17:12+00:00","dateModified":"2023-01-11T19:07:48+00:00","description":"Das \u00d61 Jazzstipendium geht in die sechste Runde! Seit 2018 wird die einzigartige F\u00f6rderung im Rahmen der \u00d61 Talenteb\u00f6rse in Form eines zweij\u00e4hrigen Studiums an der JAM MUSIC LAB Private University for Jazz and Popular Music in Wien verliehen.","breadcrumb":{"@id":"https:\/\/kulturonline.tv\/de\/das-oe1-jazzstipendium-2023\/#breadcrumb"},"inLanguage":"de","potentialAction":[{"@type":"ReadAction","target":["https:\/\/kulturonline.tv\/de\/das-oe1-jazzstipendium-2023\/"]}]},{"@type":"ImageObject","inLanguage":"de","@id":"https:\/\/kulturonline.tv\/de\/das-oe1-jazzstipendium-2023\/#primaryimage","url":"https:\/\/kulturonline.tv\/wp-content\/uploads\/2022\/12\/Kultur-Online-TV-Jazz-edited.jpg","contentUrl":"https:\/\/kulturonline.tv\/wp-content\/uploads\/2022\/12\/Kultur-Online-TV-Jazz-edited.jpg","width":1280,"height":720},{"@type":"BreadcrumbList","@id":"https:\/\/kulturonline.tv\/de\/das-oe1-jazzstipendium-2023\/#breadcrumb","itemListElement":[{"@type":"ListItem","position":1,"name":"Startseite","item":"https:\/\/kulturonline.tv\/de\/"},{"@type":"ListItem","position":2,"name":"Das \u00d61 Jazzstipendium 2023"}]},{"@type":"WebSite","@id":"https:\/\/kulturonline.tv\/de\/#website","url":"https:\/\/kulturonline.tv\/de\/","name":"Kultur Online TV &amp; FM","description":"Wir sind Kultur 2.0 zum sehen &amp; h\u00f6ren","publisher":{"@id":"https:\/\/kulturonline.tv\/de\/#organization"},"potentialAction":[{"@type":"SearchAction","target":{"@type":"EntryPoint","urlTemplate":"https:\/\/kulturonline.tv\/de\/?s={search_term_string}"},"query-input":{"@type":"PropertyValueSpecification","valueRequired":true,"valueName":"search_term_string"}}],"inLanguage":"de"},{"@type":"Organization","@id":"https:\/\/kulturonline.tv\/de\/#organization","name":"Kultur Online TV","url":"https:\/\/kulturonline.tv\/de\/","logo":{"@type":"ImageObject","inLanguage":"de","@id":"https:\/\/kulturonline.tv\/de\/#\/schema\/logo\/image\/","url":"https:\/\/kulturonline.tv\/wp-content\/uploads\/2021\/08\/Kultur-Online-Tv-Logo-Endversion-neu.png","contentUrl":"https:\/\/kulturonline.tv\/wp-content\/uploads\/2021\/08\/Kultur-Online-Tv-Logo-Endversion-neu.png","width":200,"height":200,"caption":"Kultur Online TV"},"image":{"@id":"https:\/\/kulturonline.tv\/de\/#\/schema\/logo\/image\/"},"sameAs":["https:\/\/www.facebook.com\/kulturonline.tv","https:\/\/www.instagram.com\/kulturonline.tv"]},{"@type":"Person","@id":"https:\/\/kulturonline.tv\/de\/#\/schema\/person\/b0fac729bb9a0c193fb1df23449df4fe","name":"guenter.wolfgang"}]}},"_links":{"self":[{"href":"https:\/\/kulturonline.tv\/de\/wp-json\/wp\/v2\/posts\/45822","targetHints":{"allow":["GET"]}}],"collection":[{"href":"https:\/\/kulturonline.tv\/de\/wp-json\/wp\/v2\/posts"}],"about":[{"href":"https:\/\/kulturonline.tv\/de\/wp-json\/wp\/v2\/types\/post"}],"author":[{"embeddable":true,"href":"https:\/\/kulturonline.tv\/de\/wp-json\/wp\/v2\/users\/2"}],"replies":[{"embeddable":true,"href":"https:\/\/kulturonline.tv\/de\/wp-json\/wp\/v2\/comments?post=45822"}],"version-history":[{"count":0,"href":"https:\/\/kulturonline.tv\/de\/wp-json\/wp\/v2\/posts\/45822\/revisions"}],"wp:featuredmedia":[{"embeddable":true,"href":"https:\/\/kulturonline.tv\/de\/wp-json\/wp\/v2\/media\/45827"}],"wp:attachment":[{"href":"https:\/\/kulturonline.tv\/de\/wp-json\/wp\/v2\/media?parent=45822"}],"wp:term":[{"taxonomy":"category","embeddable":true,"href":"https:\/\/kulturonline.tv\/de\/wp-json\/wp\/v2\/categories?post=45822"},{"taxonomy":"post_tag","embeddable":true,"href":"https:\/\/kulturonline.tv\/de\/wp-json\/wp\/v2\/tags?post=45822"}],"curies":[{"name":"wp","href":"https:\/\/api.w.org\/{rel}","templated":true}]}}