{"id":45839,"date":"2022-12-14T01:28:41","date_gmt":"2022-12-14T00:28:41","guid":{"rendered":"https:\/\/kulturonline.tv\/?p=45839"},"modified":"2022-12-14T01:29:36","modified_gmt":"2022-12-14T00:29:36","slug":"burn-in-ausstellung-strings-of-nature-ritual-spaces-im-gerngross","status":"publish","type":"post","link":"https:\/\/kulturonline.tv\/de\/burn-in-ausstellung-strings-of-nature-ritual-spaces-im-gerngross\/","title":{"rendered":"BURN-IN Ausstellung strings of nature &amp; ritual spaces im Gerngross"},"content":{"rendered":"\n<p>Experimentelle textile Objektkunst von Susanne Guzei-Taschner<\/p>\n\n\n\n<figure class=\"wp-block-image size-large\"><img fetchpriority=\"high\" decoding=\"async\" width=\"1920\" height=\"1080\" src=\"https:\/\/kulturonline.tv\/wp-content\/uploads\/2022\/12\/OBS_20221212_OBS0055-edited.jpg\" alt=\"\" class=\"wp-image-45842\" srcset=\"https:\/\/kulturonline.tv\/wp-content\/uploads\/2022\/12\/OBS_20221212_OBS0055-edited.jpg 1920w, https:\/\/kulturonline.tv\/wp-content\/uploads\/2022\/12\/OBS_20221212_OBS0055-edited-600x338.jpg 600w, https:\/\/kulturonline.tv\/wp-content\/uploads\/2022\/12\/OBS_20221212_OBS0055-edited-800x450.jpg 800w, https:\/\/kulturonline.tv\/wp-content\/uploads\/2022\/12\/OBS_20221212_OBS0055-edited-1600x900.jpg 1600w, https:\/\/kulturonline.tv\/wp-content\/uploads\/2022\/12\/OBS_20221212_OBS0055-edited-768x432.jpg 768w, https:\/\/kulturonline.tv\/wp-content\/uploads\/2022\/12\/OBS_20221212_OBS0055-edited-1536x864.jpg 1536w\" sizes=\"(max-width: 1920px) 100vw, 1920px\" \/><figcaption class=\"wp-element-caption\">\u00a9 BILD- BURN-IN Galerie im Traditionskaufhaus Gerngross 2. OG<\/figcaption><\/figure>\n\n\n\n<p>Im Dezember 2022 l\u00e4dt die Wiener BURN-IN Galerie zu einer geheimnisumwobenen Expedition ins Reich der mystischen, nahezu sakralen Naturr\u00e4ume der Malerin und Textilobjektk\u00fcnstlerin Susanne Guzei-Taschner.<\/p>\n\n\n\n<p>In der Ausstellung&nbsp;<em><strong>Strings of Nature &amp; Ritual Spaces&nbsp;<\/strong><\/em>zeigt die K\u00fcnstlerin imagin\u00e4re Landschaften und rituelle R\u00e4ume, in denen das Magische und der Traum aufeinandertreffen. Dabei entwickelt Guzei-Taschner eine enorm eigenst\u00e4ndige Bildkomposition, in der sie die \u00f6kologische Gemeinschaft Mensch und Natur ins Zentrum ihrer k\u00fcnstlerischen Arbeit r\u00fcckt. Die gekonnte Inszenierung des harmonischen Dreiklangs aus K\u00f6rper, Seele und Geist l\u00e4sst Energien freiwerden, die sich subtil im Unterbewusstsein des Betrachters verankern. Diese imagin\u00e4ren Schwingungen, Energiefl\u00fcsse, Codes und Zeichen der Natur, die Strings of Nature, er\u00f6ffnen rituelle R\u00e4ume, codieren und decodieren geheime Zeichenfolgen, verweben die F\u00e4den der Natur und schaffen zarte und gleichzeitig kraftvolle Str\u00e4nge f\u00fcr jedwedes Leben.<\/p>\n\n\n\n<p>Die BURN-IN Ausstellung l\u00e4uft bis 31.12.2022 im Gerngross Wien, Mariahilfer Stra\u00dfe 42-38. Vernissage: 16.12.2022, 18 Uhr.<\/p>\n\n\n\n<p>Kultur Online TV<\/p>\n\n\n\n<p>#news #mixed #kunst #kultur<\/p>\n","protected":false},"excerpt":{"rendered":"<p>Experimentelle textile Objektkunst von Susanne Guzei-Taschner Im Dezember 2022 l\u00e4dt die Wiener BURN-IN Galerie zu einer geheimnisumwobenen Expedition ins Reich der mystischen, nahezu sakralen Naturr\u00e4ume der Malerin und Textilobjektk\u00fcnstlerin Susanne Guzei-Taschner. In der Ausstellung&nbsp;Strings of Nature &amp; Ritual Spaces&nbsp;zeigt die K\u00fcnstlerin imagin\u00e4re Landschaften und rituelle R\u00e4ume, in denen das Magische und der Traum aufeinandertreffen. Dabei [&hellip;]<\/p>\n","protected":false},"author":2,"featured_media":45842,"comment_status":"closed","ping_status":"closed","sticky":false,"template":"","format":"standard","meta":{"_acf_changed":false,"footnotes":""},"categories":[281],"tags":[],"class_list":["post-45839","post","type-post","status-publish","format-standard","has-post-thumbnail","hentry","category-mixed"],"acf":[],"yoast_head":"<!-- This site is optimized with the Yoast SEO plugin v26.1.1 - https:\/\/yoast.com\/wordpress\/plugins\/seo\/ -->\n<title>BURN-IN Ausstellung strings of nature &amp; ritual spaces im Gerngross - Kultur Online TV &amp; FM<\/title>\n<meta name=\"description\" content=\"Im Dezember 2022 l\u00e4dt die Wiener BURN-IN Galerie zu einer geheimnisumwobenen Expedition ins Reich der mystischen, nahezu sakralen Naturr\u00e4ume der Malerin und Textilobjektk\u00fcnstlerin Susanne Guzei-Taschner.\" \/>\n<meta name=\"robots\" content=\"index, follow, max-snippet:-1, max-image-preview:large, max-video-preview:-1\" \/>\n<link rel=\"canonical\" href=\"https:\/\/kulturonline.tv\/de\/burn-in-ausstellung-strings-of-nature-ritual-spaces-im-gerngross\/\" \/>\n<meta property=\"og:locale\" content=\"de_DE\" \/>\n<meta property=\"og:type\" content=\"article\" \/>\n<meta property=\"og:title\" content=\"BURN-IN Ausstellung strings of nature &amp; ritual spaces im Gerngross - Kultur Online TV &amp; FM\" \/>\n<meta property=\"og:description\" content=\"Im Dezember 2022 l\u00e4dt die Wiener BURN-IN Galerie zu einer geheimnisumwobenen Expedition ins Reich der mystischen, nahezu sakralen Naturr\u00e4ume der Malerin und Textilobjektk\u00fcnstlerin Susanne Guzei-Taschner.\" \/>\n<meta property=\"og:url\" content=\"https:\/\/kulturonline.tv\/de\/burn-in-ausstellung-strings-of-nature-ritual-spaces-im-gerngross\/\" \/>\n<meta property=\"og:site_name\" content=\"Kultur Online TV &amp; FM\" \/>\n<meta property=\"article:publisher\" content=\"https:\/\/www.facebook.com\/kulturonline.tv\" \/>\n<meta property=\"article:published_time\" content=\"2022-12-14T00:28:41+00:00\" \/>\n<meta property=\"article:modified_time\" content=\"2022-12-14T00:29:36+00:00\" \/>\n<meta property=\"og:image\" content=\"https:\/\/kulturonline.tv\/wp-content\/uploads\/2022\/12\/OBS_20221212_OBS0055-edited.jpg\" \/>\n\t<meta property=\"og:image:width\" content=\"1920\" \/>\n\t<meta property=\"og:image:height\" content=\"1080\" \/>\n\t<meta property=\"og:image:type\" content=\"image\/jpeg\" \/>\n<meta name=\"author\" content=\"guenter.wolfgang\" \/>\n<meta name=\"twitter:card\" content=\"summary_large_image\" \/>\n<meta name=\"twitter:label1\" content=\"Verfasst von\" \/>\n\t<meta name=\"twitter:data1\" content=\"guenter.wolfgang\" \/>\n\t<meta name=\"twitter:label2\" content=\"Gesch\u00e4tzte Lesezeit\" \/>\n\t<meta name=\"twitter:data2\" content=\"1\u00a0Minute\" \/>\n<script type=\"application\/ld+json\" class=\"yoast-schema-graph\">{\"@context\":\"https:\/\/schema.org\",\"@graph\":[{\"@type\":\"Article\",\"@id\":\"https:\/\/kulturonline.tv\/de\/burn-in-ausstellung-strings-of-nature-ritual-spaces-im-gerngross\/#article\",\"isPartOf\":{\"@id\":\"https:\/\/kulturonline.tv\/de\/burn-in-ausstellung-strings-of-nature-ritual-spaces-im-gerngross\/\"},\"author\":{\"name\":\"guenter.wolfgang\",\"@id\":\"https:\/\/kulturonline.tv\/de\/#\/schema\/person\/b0fac729bb9a0c193fb1df23449df4fe\"},\"headline\":\"BURN-IN Ausstellung strings of nature &amp; ritual spaces im Gerngross\",\"datePublished\":\"2022-12-14T00:28:41+00:00\",\"dateModified\":\"2022-12-14T00:29:36+00:00\",\"mainEntityOfPage\":{\"@id\":\"https:\/\/kulturonline.tv\/de\/burn-in-ausstellung-strings-of-nature-ritual-spaces-im-gerngross\/\"},\"wordCount\":194,\"publisher\":{\"@id\":\"https:\/\/kulturonline.tv\/de\/#organization\"},\"image\":{\"@id\":\"https:\/\/kulturonline.tv\/de\/burn-in-ausstellung-strings-of-nature-ritual-spaces-im-gerngross\/#primaryimage\"},\"thumbnailUrl\":\"https:\/\/kulturonline.tv\/wp-content\/uploads\/2022\/12\/OBS_20221212_OBS0055-edited.jpg\",\"articleSection\":[\"Mixed\"],\"inLanguage\":\"de\"},{\"@type\":\"WebPage\",\"@id\":\"https:\/\/kulturonline.tv\/de\/burn-in-ausstellung-strings-of-nature-ritual-spaces-im-gerngross\/\",\"url\":\"https:\/\/kulturonline.tv\/de\/burn-in-ausstellung-strings-of-nature-ritual-spaces-im-gerngross\/\",\"name\":\"BURN-IN Ausstellung strings of nature &amp; ritual spaces im Gerngross - Kultur Online TV &amp; FM\",\"isPartOf\":{\"@id\":\"https:\/\/kulturonline.tv\/de\/#website\"},\"primaryImageOfPage\":{\"@id\":\"https:\/\/kulturonline.tv\/de\/burn-in-ausstellung-strings-of-nature-ritual-spaces-im-gerngross\/#primaryimage\"},\"image\":{\"@id\":\"https:\/\/kulturonline.tv\/de\/burn-in-ausstellung-strings-of-nature-ritual-spaces-im-gerngross\/#primaryimage\"},\"thumbnailUrl\":\"https:\/\/kulturonline.tv\/wp-content\/uploads\/2022\/12\/OBS_20221212_OBS0055-edited.jpg\",\"datePublished\":\"2022-12-14T00:28:41+00:00\",\"dateModified\":\"2022-12-14T00:29:36+00:00\",\"description\":\"Im Dezember 2022 l\u00e4dt die Wiener BURN-IN Galerie zu einer geheimnisumwobenen Expedition ins Reich der mystischen, nahezu sakralen Naturr\u00e4ume der Malerin und Textilobjektk\u00fcnstlerin Susanne Guzei-Taschner.\",\"breadcrumb\":{\"@id\":\"https:\/\/kulturonline.tv\/de\/burn-in-ausstellung-strings-of-nature-ritual-spaces-im-gerngross\/#breadcrumb\"},\"inLanguage\":\"de\",\"potentialAction\":[{\"@type\":\"ReadAction\",\"target\":[\"https:\/\/kulturonline.tv\/de\/burn-in-ausstellung-strings-of-nature-ritual-spaces-im-gerngross\/\"]}]},{\"@type\":\"ImageObject\",\"inLanguage\":\"de\",\"@id\":\"https:\/\/kulturonline.tv\/de\/burn-in-ausstellung-strings-of-nature-ritual-spaces-im-gerngross\/#primaryimage\",\"url\":\"https:\/\/kulturonline.tv\/wp-content\/uploads\/2022\/12\/OBS_20221212_OBS0055-edited.jpg\",\"contentUrl\":\"https:\/\/kulturonline.tv\/wp-content\/uploads\/2022\/12\/OBS_20221212_OBS0055-edited.jpg\",\"width\":1920,\"height\":1080,\"caption\":\"BILD zu OTS - BURN-IN Galerie im Traditionskaufhaus Gerngross 2. OG\"},{\"@type\":\"BreadcrumbList\",\"@id\":\"https:\/\/kulturonline.tv\/de\/burn-in-ausstellung-strings-of-nature-ritual-spaces-im-gerngross\/#breadcrumb\",\"itemListElement\":[{\"@type\":\"ListItem\",\"position\":1,\"name\":\"Startseite\",\"item\":\"https:\/\/kulturonline.tv\/de\/\"},{\"@type\":\"ListItem\",\"position\":2,\"name\":\"BURN-IN Ausstellung strings of nature &amp; ritual spaces im Gerngross\"}]},{\"@type\":\"WebSite\",\"@id\":\"https:\/\/kulturonline.tv\/de\/#website\",\"url\":\"https:\/\/kulturonline.tv\/de\/\",\"name\":\"Kultur Online TV &amp; FM\",\"description\":\"Wir sind Kultur 2.0 zum sehen &amp; h\u00f6ren\",\"publisher\":{\"@id\":\"https:\/\/kulturonline.tv\/de\/#organization\"},\"potentialAction\":[{\"@type\":\"SearchAction\",\"target\":{\"@type\":\"EntryPoint\",\"urlTemplate\":\"https:\/\/kulturonline.tv\/de\/?s={search_term_string}\"},\"query-input\":{\"@type\":\"PropertyValueSpecification\",\"valueRequired\":true,\"valueName\":\"search_term_string\"}}],\"inLanguage\":\"de\"},{\"@type\":\"Organization\",\"@id\":\"https:\/\/kulturonline.tv\/de\/#organization\",\"name\":\"Kultur Online TV\",\"url\":\"https:\/\/kulturonline.tv\/de\/\",\"logo\":{\"@type\":\"ImageObject\",\"inLanguage\":\"de\",\"@id\":\"https:\/\/kulturonline.tv\/de\/#\/schema\/logo\/image\/\",\"url\":\"https:\/\/kulturonline.tv\/wp-content\/uploads\/2021\/08\/Kultur-Online-Tv-Logo-Endversion-neu.png\",\"contentUrl\":\"https:\/\/kulturonline.tv\/wp-content\/uploads\/2021\/08\/Kultur-Online-Tv-Logo-Endversion-neu.png\",\"width\":200,\"height\":200,\"caption\":\"Kultur Online TV\"},\"image\":{\"@id\":\"https:\/\/kulturonline.tv\/de\/#\/schema\/logo\/image\/\"},\"sameAs\":[\"https:\/\/www.facebook.com\/kulturonline.tv\",\"https:\/\/www.instagram.com\/kulturonline.tv\"]},{\"@type\":\"Person\",\"@id\":\"https:\/\/kulturonline.tv\/de\/#\/schema\/person\/b0fac729bb9a0c193fb1df23449df4fe\",\"name\":\"guenter.wolfgang\"}]}<\/script>\n<!-- \/ Yoast SEO plugin. -->","yoast_head_json":{"title":"BURN-IN Ausstellung strings of nature &amp; ritual spaces im Gerngross - Kultur Online TV &amp; FM","description":"Im Dezember 2022 l\u00e4dt die Wiener BURN-IN Galerie zu einer geheimnisumwobenen Expedition ins Reich der mystischen, nahezu sakralen Naturr\u00e4ume der Malerin und Textilobjektk\u00fcnstlerin Susanne Guzei-Taschner.","robots":{"index":"index","follow":"follow","max-snippet":"max-snippet:-1","max-image-preview":"max-image-preview:large","max-video-preview":"max-video-preview:-1"},"canonical":"https:\/\/kulturonline.tv\/de\/burn-in-ausstellung-strings-of-nature-ritual-spaces-im-gerngross\/","og_locale":"de_DE","og_type":"article","og_title":"BURN-IN Ausstellung strings of nature &amp; ritual spaces im Gerngross - Kultur Online TV &amp; FM","og_description":"Im Dezember 2022 l\u00e4dt die Wiener BURN-IN Galerie zu einer geheimnisumwobenen Expedition ins Reich der mystischen, nahezu sakralen Naturr\u00e4ume der Malerin und Textilobjektk\u00fcnstlerin Susanne Guzei-Taschner.","og_url":"https:\/\/kulturonline.tv\/de\/burn-in-ausstellung-strings-of-nature-ritual-spaces-im-gerngross\/","og_site_name":"Kultur Online TV &amp; FM","article_publisher":"https:\/\/www.facebook.com\/kulturonline.tv","article_published_time":"2022-12-14T00:28:41+00:00","article_modified_time":"2022-12-14T00:29:36+00:00","og_image":[{"width":1920,"height":1080,"url":"https:\/\/kulturonline.tv\/wp-content\/uploads\/2022\/12\/OBS_20221212_OBS0055-edited.jpg","type":"image\/jpeg"}],"author":"guenter.wolfgang","twitter_card":"summary_large_image","twitter_misc":{"Verfasst von":"guenter.wolfgang","Gesch\u00e4tzte Lesezeit":"1\u00a0Minute"},"schema":{"@context":"https:\/\/schema.org","@graph":[{"@type":"Article","@id":"https:\/\/kulturonline.tv\/de\/burn-in-ausstellung-strings-of-nature-ritual-spaces-im-gerngross\/#article","isPartOf":{"@id":"https:\/\/kulturonline.tv\/de\/burn-in-ausstellung-strings-of-nature-ritual-spaces-im-gerngross\/"},"author":{"name":"guenter.wolfgang","@id":"https:\/\/kulturonline.tv\/de\/#\/schema\/person\/b0fac729bb9a0c193fb1df23449df4fe"},"headline":"BURN-IN Ausstellung strings of nature &amp; ritual spaces im Gerngross","datePublished":"2022-12-14T00:28:41+00:00","dateModified":"2022-12-14T00:29:36+00:00","mainEntityOfPage":{"@id":"https:\/\/kulturonline.tv\/de\/burn-in-ausstellung-strings-of-nature-ritual-spaces-im-gerngross\/"},"wordCount":194,"publisher":{"@id":"https:\/\/kulturonline.tv\/de\/#organization"},"image":{"@id":"https:\/\/kulturonline.tv\/de\/burn-in-ausstellung-strings-of-nature-ritual-spaces-im-gerngross\/#primaryimage"},"thumbnailUrl":"https:\/\/kulturonline.tv\/wp-content\/uploads\/2022\/12\/OBS_20221212_OBS0055-edited.jpg","articleSection":["Mixed"],"inLanguage":"de"},{"@type":"WebPage","@id":"https:\/\/kulturonline.tv\/de\/burn-in-ausstellung-strings-of-nature-ritual-spaces-im-gerngross\/","url":"https:\/\/kulturonline.tv\/de\/burn-in-ausstellung-strings-of-nature-ritual-spaces-im-gerngross\/","name":"BURN-IN Ausstellung strings of nature &amp; ritual spaces im Gerngross - Kultur Online TV &amp; FM","isPartOf":{"@id":"https:\/\/kulturonline.tv\/de\/#website"},"primaryImageOfPage":{"@id":"https:\/\/kulturonline.tv\/de\/burn-in-ausstellung-strings-of-nature-ritual-spaces-im-gerngross\/#primaryimage"},"image":{"@id":"https:\/\/kulturonline.tv\/de\/burn-in-ausstellung-strings-of-nature-ritual-spaces-im-gerngross\/#primaryimage"},"thumbnailUrl":"https:\/\/kulturonline.tv\/wp-content\/uploads\/2022\/12\/OBS_20221212_OBS0055-edited.jpg","datePublished":"2022-12-14T00:28:41+00:00","dateModified":"2022-12-14T00:29:36+00:00","description":"Im Dezember 2022 l\u00e4dt die Wiener BURN-IN Galerie zu einer geheimnisumwobenen Expedition ins Reich der mystischen, nahezu sakralen Naturr\u00e4ume der Malerin und Textilobjektk\u00fcnstlerin Susanne Guzei-Taschner.","breadcrumb":{"@id":"https:\/\/kulturonline.tv\/de\/burn-in-ausstellung-strings-of-nature-ritual-spaces-im-gerngross\/#breadcrumb"},"inLanguage":"de","potentialAction":[{"@type":"ReadAction","target":["https:\/\/kulturonline.tv\/de\/burn-in-ausstellung-strings-of-nature-ritual-spaces-im-gerngross\/"]}]},{"@type":"ImageObject","inLanguage":"de","@id":"https:\/\/kulturonline.tv\/de\/burn-in-ausstellung-strings-of-nature-ritual-spaces-im-gerngross\/#primaryimage","url":"https:\/\/kulturonline.tv\/wp-content\/uploads\/2022\/12\/OBS_20221212_OBS0055-edited.jpg","contentUrl":"https:\/\/kulturonline.tv\/wp-content\/uploads\/2022\/12\/OBS_20221212_OBS0055-edited.jpg","width":1920,"height":1080,"caption":"BILD zu OTS - BURN-IN Galerie im Traditionskaufhaus Gerngross 2. OG"},{"@type":"BreadcrumbList","@id":"https:\/\/kulturonline.tv\/de\/burn-in-ausstellung-strings-of-nature-ritual-spaces-im-gerngross\/#breadcrumb","itemListElement":[{"@type":"ListItem","position":1,"name":"Startseite","item":"https:\/\/kulturonline.tv\/de\/"},{"@type":"ListItem","position":2,"name":"BURN-IN Ausstellung strings of nature &amp; ritual spaces im Gerngross"}]},{"@type":"WebSite","@id":"https:\/\/kulturonline.tv\/de\/#website","url":"https:\/\/kulturonline.tv\/de\/","name":"Kultur Online TV &amp; FM","description":"Wir sind Kultur 2.0 zum sehen &amp; h\u00f6ren","publisher":{"@id":"https:\/\/kulturonline.tv\/de\/#organization"},"potentialAction":[{"@type":"SearchAction","target":{"@type":"EntryPoint","urlTemplate":"https:\/\/kulturonline.tv\/de\/?s={search_term_string}"},"query-input":{"@type":"PropertyValueSpecification","valueRequired":true,"valueName":"search_term_string"}}],"inLanguage":"de"},{"@type":"Organization","@id":"https:\/\/kulturonline.tv\/de\/#organization","name":"Kultur Online TV","url":"https:\/\/kulturonline.tv\/de\/","logo":{"@type":"ImageObject","inLanguage":"de","@id":"https:\/\/kulturonline.tv\/de\/#\/schema\/logo\/image\/","url":"https:\/\/kulturonline.tv\/wp-content\/uploads\/2021\/08\/Kultur-Online-Tv-Logo-Endversion-neu.png","contentUrl":"https:\/\/kulturonline.tv\/wp-content\/uploads\/2021\/08\/Kultur-Online-Tv-Logo-Endversion-neu.png","width":200,"height":200,"caption":"Kultur Online TV"},"image":{"@id":"https:\/\/kulturonline.tv\/de\/#\/schema\/logo\/image\/"},"sameAs":["https:\/\/www.facebook.com\/kulturonline.tv","https:\/\/www.instagram.com\/kulturonline.tv"]},{"@type":"Person","@id":"https:\/\/kulturonline.tv\/de\/#\/schema\/person\/b0fac729bb9a0c193fb1df23449df4fe","name":"guenter.wolfgang"}]}},"_links":{"self":[{"href":"https:\/\/kulturonline.tv\/de\/wp-json\/wp\/v2\/posts\/45839","targetHints":{"allow":["GET"]}}],"collection":[{"href":"https:\/\/kulturonline.tv\/de\/wp-json\/wp\/v2\/posts"}],"about":[{"href":"https:\/\/kulturonline.tv\/de\/wp-json\/wp\/v2\/types\/post"}],"author":[{"embeddable":true,"href":"https:\/\/kulturonline.tv\/de\/wp-json\/wp\/v2\/users\/2"}],"replies":[{"embeddable":true,"href":"https:\/\/kulturonline.tv\/de\/wp-json\/wp\/v2\/comments?post=45839"}],"version-history":[{"count":0,"href":"https:\/\/kulturonline.tv\/de\/wp-json\/wp\/v2\/posts\/45839\/revisions"}],"wp:featuredmedia":[{"embeddable":true,"href":"https:\/\/kulturonline.tv\/de\/wp-json\/wp\/v2\/media\/45842"}],"wp:attachment":[{"href":"https:\/\/kulturonline.tv\/de\/wp-json\/wp\/v2\/media?parent=45839"}],"wp:term":[{"taxonomy":"category","embeddable":true,"href":"https:\/\/kulturonline.tv\/de\/wp-json\/wp\/v2\/categories?post=45839"},{"taxonomy":"post_tag","embeddable":true,"href":"https:\/\/kulturonline.tv\/de\/wp-json\/wp\/v2\/tags?post=45839"}],"curies":[{"name":"wp","href":"https:\/\/api.w.org\/{rel}","templated":true}]}}