{"id":46207,"date":"2022-12-15T15:32:18","date_gmt":"2022-12-15T14:32:18","guid":{"rendered":"https:\/\/kulturonline.tv\/?p=46207"},"modified":"2022-12-15T16:53:08","modified_gmt":"2022-12-15T15:53:08","slug":"tipp-36-juedischen-kulturtage-muenchen-2022-konzert-der-klezmer-sisters","status":"publish","type":"post","link":"https:\/\/kulturonline.tv\/de\/tipp-36-juedischen-kulturtage-muenchen-2022-konzert-der-klezmer-sisters\/","title":{"rendered":"Tipp: 36. J\u00fcdischen Kulturtage M\u00fcnchen 2022 Konzert der \u201eKlezmer Sisters\u201c"},"content":{"rendered":"\n<p>Die <a href=\"https:\/\/www.klezmer-sisters.com\">\u201eKlezmer Sisters<\/a>\u201c \u2013 Pianistin Inna Surzhenko und S\u00e4ngerin Svea Zhidetskaya \u2013 bewegen sich mit virtuoser Leichtigkeit in allen Stillrichtungen \u2013 ob Jazz, Musical oder j\u00fcdische Folklore.<\/p>\n\n\n\n<figure class=\"wp-block-image size-full is-resized\"><img fetchpriority=\"high\" decoding=\"async\" src=\"https:\/\/kulturonline.tv\/wp-content\/uploads\/2022\/12\/klezmer-sister.jpg\" alt=\"\" class=\"wp-image-46208\" width=\"840\" height=\"472\" srcset=\"https:\/\/kulturonline.tv\/wp-content\/uploads\/2022\/12\/klezmer-sister.jpg 637w, https:\/\/kulturonline.tv\/wp-content\/uploads\/2022\/12\/klezmer-sister-600x337.jpg 600w\" sizes=\"(max-width: 840px) 100vw, 840px\" \/><\/figure>\n\n\n\n<p>Die aus der Ukraine stammenden K\u00fcnstlerinnen begeisterten bei internationalen Konzerten zusammen mit namhaften K\u00fcnstlern wie Bonnie Tyler oder auch Anna Mar\u00eda Kaufmann. Bei ihrem Konzert begeistern sie mit einem beschwingten und besinnlichen Potpourri von beseelten Klezmer Songs bis hin zu mitrei\u00dfenden Musical Evergreens. Gemeinsam entz\u00fcnden wir die Chanukka Kerze.<\/p>\n\n\n\n<div class=\"wp-block-media-text alignwide is-stacked-on-mobile\"><figure class=\"wp-block-media-text__media\"><a href=\"https:\/\/kulturonline.tv\/de\/podcast\/juedischen-kulturtage-muenchen-2022-konzert-der-klezmer-sisters\"><img decoding=\"async\" width=\"1500\" height=\"500\" src=\"https:\/\/kulturonline.tv\/wp-content\/uploads\/2022\/12\/pODCASTPLAYER-1.png\" alt=\"\" class=\"wp-image-46212 size-full\" srcset=\"https:\/\/kulturonline.tv\/wp-content\/uploads\/2022\/12\/pODCASTPLAYER-1.png 1500w, https:\/\/kulturonline.tv\/wp-content\/uploads\/2022\/12\/pODCASTPLAYER-1-600x200.png 600w, https:\/\/kulturonline.tv\/wp-content\/uploads\/2022\/12\/pODCASTPLAYER-1-800x267.png 800w, https:\/\/kulturonline.tv\/wp-content\/uploads\/2022\/12\/pODCASTPLAYER-1-768x256.png 768w\" sizes=\"(max-width: 1500px) 100vw, 1500px\" \/><\/a><\/figure><div class=\"wp-block-media-text__content\">\n<p><\/p>\n\n\n\n<p><strong>Kultur Online FM hat mit der K\u00fcnstlerin der Gruppe Inna Surzhenko gesprochen.<\/strong><\/p>\n<\/div><\/div>\n\n\n\n<div class=\"wp-block-media-text alignwide is-stacked-on-mobile\"><figure class=\"wp-block-media-text__media\"><img decoding=\"async\" width=\"454\" height=\"144\" src=\"https:\/\/kulturonline.tv\/wp-content\/uploads\/2022\/12\/LOGO-KULTUR-ONLINE-FM-2022.png\" alt=\"\" class=\"wp-image-46214 size-full\" srcset=\"https:\/\/kulturonline.tv\/wp-content\/uploads\/2022\/12\/LOGO-KULTUR-ONLINE-FM-2022.png 454w, https:\/\/kulturonline.tv\/wp-content\/uploads\/2022\/12\/LOGO-KULTUR-ONLINE-FM-2022-416x132.png 416w\" sizes=\"(max-width: 454px) 100vw, 454px\" \/><\/figure><div class=\"wp-block-media-text__content\">\n<p><\/p>\n<\/div><\/div>\n\n\n\n<h2 class=\"wp-block-heading\"><a href=\"https:\/\/kulturonline.tv\/de\/e-ticketing-kultur-online-tv-shop\/klezmer-candles-konzert-der-klezmer-sisters\">Karten k\u00f6nnen auch \u00fcber unseren Ticketshop erworben werden!<\/a><\/h2>\n\n\n\n<p>Kultur Online TV-FM<\/p>\n\n\n\n<p>#tipp #musik #events<\/p>\n\n\n\n<p><\/p>\n","protected":false},"excerpt":{"rendered":"<p>Die \u201eKlezmer Sisters\u201c \u2013 Pianistin Inna Surzhenko und S\u00e4ngerin Svea Zhidetskaya \u2013 bewegen sich mit virtuoser Leichtigkeit in allen Stillrichtungen \u2013 ob Jazz, Musical oder j\u00fcdische Folklore. Die aus der Ukraine stammenden K\u00fcnstlerinnen begeisterten bei internationalen Konzerten zusammen mit namhaften K\u00fcnstlern wie Bonnie Tyler oder auch Anna Mar\u00eda Kaufmann. Bei ihrem Konzert begeistern sie mit [&hellip;]<\/p>\n","protected":false},"author":2,"featured_media":46208,"comment_status":"closed","ping_status":"closed","sticky":false,"template":"","format":"standard","meta":{"_acf_changed":false,"footnotes":""},"categories":[19,401],"tags":[],"class_list":["post-46207","post","type-post","status-publish","format-standard","has-post-thumbnail","hentry","category-musik","category-radiothek-news"],"acf":[],"yoast_head":"<!-- This site is optimized with the Yoast SEO plugin v26.1.1 - https:\/\/yoast.com\/wordpress\/plugins\/seo\/ -->\n<title>Tipp: 36. J\u00fcdischen Kulturtage M\u00fcnchen 2022 Konzert der \u201eKlezmer Sisters\u201c - Kultur Online TV &amp; FM<\/title>\n<meta name=\"description\" content=\"Die \u201eKlezmer Sisters\u201c \u2013 Pianistin Inna Surzhenko und S\u00e4ngerin Svea Zhidetskaya \u2013 bewegen sich mit virtuoser Leichtigkeit in allen Stillrichtungen \u2013 ob Jazz, Musical oder j\u00fcdische Folklore.\" \/>\n<meta name=\"robots\" content=\"index, follow, max-snippet:-1, max-image-preview:large, max-video-preview:-1\" \/>\n<link rel=\"canonical\" href=\"https:\/\/kulturonline.tv\/de\/tipp-36-juedischen-kulturtage-muenchen-2022-konzert-der-klezmer-sisters\/\" \/>\n<meta property=\"og:locale\" content=\"de_DE\" \/>\n<meta property=\"og:type\" content=\"article\" \/>\n<meta property=\"og:title\" content=\"Tipp: 36. J\u00fcdischen Kulturtage M\u00fcnchen 2022 Konzert der \u201eKlezmer Sisters\u201c - Kultur Online TV &amp; FM\" \/>\n<meta property=\"og:description\" content=\"Die \u201eKlezmer Sisters\u201c \u2013 Pianistin Inna Surzhenko und S\u00e4ngerin Svea Zhidetskaya \u2013 bewegen sich mit virtuoser Leichtigkeit in allen Stillrichtungen \u2013 ob Jazz, Musical oder j\u00fcdische Folklore.\" \/>\n<meta property=\"og:url\" content=\"https:\/\/kulturonline.tv\/de\/tipp-36-juedischen-kulturtage-muenchen-2022-konzert-der-klezmer-sisters\/\" \/>\n<meta property=\"og:site_name\" content=\"Kultur Online TV &amp; FM\" \/>\n<meta property=\"article:publisher\" content=\"https:\/\/www.facebook.com\/kulturonline.tv\" \/>\n<meta property=\"article:published_time\" content=\"2022-12-15T14:32:18+00:00\" \/>\n<meta property=\"article:modified_time\" content=\"2022-12-15T15:53:08+00:00\" \/>\n<meta property=\"og:image\" content=\"https:\/\/kulturonline.tv\/wp-content\/uploads\/2022\/12\/klezmer-sister.jpg\" \/>\n\t<meta property=\"og:image:width\" content=\"637\" \/>\n\t<meta property=\"og:image:height\" content=\"358\" \/>\n\t<meta property=\"og:image:type\" content=\"image\/jpeg\" \/>\n<meta name=\"author\" content=\"guenter.wolfgang\" \/>\n<meta name=\"twitter:card\" content=\"summary_large_image\" \/>\n<meta name=\"twitter:label1\" content=\"Verfasst von\" \/>\n\t<meta name=\"twitter:data1\" content=\"guenter.wolfgang\" \/>\n\t<meta name=\"twitter:label2\" content=\"Gesch\u00e4tzte Lesezeit\" \/>\n\t<meta name=\"twitter:data2\" content=\"1\u00a0Minute\" \/>\n<script type=\"application\/ld+json\" class=\"yoast-schema-graph\">{\"@context\":\"https:\/\/schema.org\",\"@graph\":[{\"@type\":\"Article\",\"@id\":\"https:\/\/kulturonline.tv\/de\/tipp-36-juedischen-kulturtage-muenchen-2022-konzert-der-klezmer-sisters\/#article\",\"isPartOf\":{\"@id\":\"https:\/\/kulturonline.tv\/de\/tipp-36-juedischen-kulturtage-muenchen-2022-konzert-der-klezmer-sisters\/\"},\"author\":{\"name\":\"guenter.wolfgang\",\"@id\":\"https:\/\/kulturonline.tv\/de\/#\/schema\/person\/b0fac729bb9a0c193fb1df23449df4fe\"},\"headline\":\"Tipp: 36. J\u00fcdischen Kulturtage M\u00fcnchen 2022 Konzert der \u201eKlezmer Sisters\u201c\",\"datePublished\":\"2022-12-15T14:32:18+00:00\",\"dateModified\":\"2022-12-15T15:53:08+00:00\",\"mainEntityOfPage\":{\"@id\":\"https:\/\/kulturonline.tv\/de\/tipp-36-juedischen-kulturtage-muenchen-2022-konzert-der-klezmer-sisters\/\"},\"wordCount\":118,\"publisher\":{\"@id\":\"https:\/\/kulturonline.tv\/de\/#organization\"},\"image\":{\"@id\":\"https:\/\/kulturonline.tv\/de\/tipp-36-juedischen-kulturtage-muenchen-2022-konzert-der-klezmer-sisters\/#primaryimage\"},\"thumbnailUrl\":\"https:\/\/kulturonline.tv\/wp-content\/uploads\/2022\/12\/klezmer-sister.jpg\",\"articleSection\":[\"Musik\",\"Radiothek News\"],\"inLanguage\":\"de\"},{\"@type\":\"WebPage\",\"@id\":\"https:\/\/kulturonline.tv\/de\/tipp-36-juedischen-kulturtage-muenchen-2022-konzert-der-klezmer-sisters\/\",\"url\":\"https:\/\/kulturonline.tv\/de\/tipp-36-juedischen-kulturtage-muenchen-2022-konzert-der-klezmer-sisters\/\",\"name\":\"Tipp: 36. J\u00fcdischen Kulturtage M\u00fcnchen 2022 Konzert der \u201eKlezmer Sisters\u201c - Kultur Online TV &amp; FM\",\"isPartOf\":{\"@id\":\"https:\/\/kulturonline.tv\/de\/#website\"},\"primaryImageOfPage\":{\"@id\":\"https:\/\/kulturonline.tv\/de\/tipp-36-juedischen-kulturtage-muenchen-2022-konzert-der-klezmer-sisters\/#primaryimage\"},\"image\":{\"@id\":\"https:\/\/kulturonline.tv\/de\/tipp-36-juedischen-kulturtage-muenchen-2022-konzert-der-klezmer-sisters\/#primaryimage\"},\"thumbnailUrl\":\"https:\/\/kulturonline.tv\/wp-content\/uploads\/2022\/12\/klezmer-sister.jpg\",\"datePublished\":\"2022-12-15T14:32:18+00:00\",\"dateModified\":\"2022-12-15T15:53:08+00:00\",\"description\":\"Die \u201eKlezmer Sisters\u201c \u2013 Pianistin Inna Surzhenko und S\u00e4ngerin Svea Zhidetskaya \u2013 bewegen sich mit virtuoser Leichtigkeit in allen Stillrichtungen \u2013 ob Jazz, Musical oder j\u00fcdische Folklore.\",\"breadcrumb\":{\"@id\":\"https:\/\/kulturonline.tv\/de\/tipp-36-juedischen-kulturtage-muenchen-2022-konzert-der-klezmer-sisters\/#breadcrumb\"},\"inLanguage\":\"de\",\"potentialAction\":[{\"@type\":\"ReadAction\",\"target\":[\"https:\/\/kulturonline.tv\/de\/tipp-36-juedischen-kulturtage-muenchen-2022-konzert-der-klezmer-sisters\/\"]}]},{\"@type\":\"ImageObject\",\"inLanguage\":\"de\",\"@id\":\"https:\/\/kulturonline.tv\/de\/tipp-36-juedischen-kulturtage-muenchen-2022-konzert-der-klezmer-sisters\/#primaryimage\",\"url\":\"https:\/\/kulturonline.tv\/wp-content\/uploads\/2022\/12\/klezmer-sister.jpg\",\"contentUrl\":\"https:\/\/kulturonline.tv\/wp-content\/uploads\/2022\/12\/klezmer-sister.jpg\",\"width\":637,\"height\":358},{\"@type\":\"BreadcrumbList\",\"@id\":\"https:\/\/kulturonline.tv\/de\/tipp-36-juedischen-kulturtage-muenchen-2022-konzert-der-klezmer-sisters\/#breadcrumb\",\"itemListElement\":[{\"@type\":\"ListItem\",\"position\":1,\"name\":\"Startseite\",\"item\":\"https:\/\/kulturonline.tv\/de\/\"},{\"@type\":\"ListItem\",\"position\":2,\"name\":\"Tipp: 36. J\u00fcdischen Kulturtage M\u00fcnchen 2022 Konzert der \u201eKlezmer Sisters\u201c\"}]},{\"@type\":\"WebSite\",\"@id\":\"https:\/\/kulturonline.tv\/de\/#website\",\"url\":\"https:\/\/kulturonline.tv\/de\/\",\"name\":\"Kultur Online TV &amp; FM\",\"description\":\"Wir sind Kultur 2.0 zum sehen &amp; h\u00f6ren\",\"publisher\":{\"@id\":\"https:\/\/kulturonline.tv\/de\/#organization\"},\"potentialAction\":[{\"@type\":\"SearchAction\",\"target\":{\"@type\":\"EntryPoint\",\"urlTemplate\":\"https:\/\/kulturonline.tv\/de\/?s={search_term_string}\"},\"query-input\":{\"@type\":\"PropertyValueSpecification\",\"valueRequired\":true,\"valueName\":\"search_term_string\"}}],\"inLanguage\":\"de\"},{\"@type\":\"Organization\",\"@id\":\"https:\/\/kulturonline.tv\/de\/#organization\",\"name\":\"Kultur Online TV\",\"url\":\"https:\/\/kulturonline.tv\/de\/\",\"logo\":{\"@type\":\"ImageObject\",\"inLanguage\":\"de\",\"@id\":\"https:\/\/kulturonline.tv\/de\/#\/schema\/logo\/image\/\",\"url\":\"https:\/\/kulturonline.tv\/wp-content\/uploads\/2021\/08\/Kultur-Online-Tv-Logo-Endversion-neu.png\",\"contentUrl\":\"https:\/\/kulturonline.tv\/wp-content\/uploads\/2021\/08\/Kultur-Online-Tv-Logo-Endversion-neu.png\",\"width\":200,\"height\":200,\"caption\":\"Kultur Online TV\"},\"image\":{\"@id\":\"https:\/\/kulturonline.tv\/de\/#\/schema\/logo\/image\/\"},\"sameAs\":[\"https:\/\/www.facebook.com\/kulturonline.tv\",\"https:\/\/www.instagram.com\/kulturonline.tv\"]},{\"@type\":\"Person\",\"@id\":\"https:\/\/kulturonline.tv\/de\/#\/schema\/person\/b0fac729bb9a0c193fb1df23449df4fe\",\"name\":\"guenter.wolfgang\"}]}<\/script>\n<!-- \/ Yoast SEO plugin. -->","yoast_head_json":{"title":"Tipp: 36. J\u00fcdischen Kulturtage M\u00fcnchen 2022 Konzert der \u201eKlezmer Sisters\u201c - Kultur Online TV &amp; FM","description":"Die \u201eKlezmer Sisters\u201c \u2013 Pianistin Inna Surzhenko und S\u00e4ngerin Svea Zhidetskaya \u2013 bewegen sich mit virtuoser Leichtigkeit in allen Stillrichtungen \u2013 ob Jazz, Musical oder j\u00fcdische Folklore.","robots":{"index":"index","follow":"follow","max-snippet":"max-snippet:-1","max-image-preview":"max-image-preview:large","max-video-preview":"max-video-preview:-1"},"canonical":"https:\/\/kulturonline.tv\/de\/tipp-36-juedischen-kulturtage-muenchen-2022-konzert-der-klezmer-sisters\/","og_locale":"de_DE","og_type":"article","og_title":"Tipp: 36. J\u00fcdischen Kulturtage M\u00fcnchen 2022 Konzert der \u201eKlezmer Sisters\u201c - Kultur Online TV &amp; FM","og_description":"Die \u201eKlezmer Sisters\u201c \u2013 Pianistin Inna Surzhenko und S\u00e4ngerin Svea Zhidetskaya \u2013 bewegen sich mit virtuoser Leichtigkeit in allen Stillrichtungen \u2013 ob Jazz, Musical oder j\u00fcdische Folklore.","og_url":"https:\/\/kulturonline.tv\/de\/tipp-36-juedischen-kulturtage-muenchen-2022-konzert-der-klezmer-sisters\/","og_site_name":"Kultur Online TV &amp; FM","article_publisher":"https:\/\/www.facebook.com\/kulturonline.tv","article_published_time":"2022-12-15T14:32:18+00:00","article_modified_time":"2022-12-15T15:53:08+00:00","og_image":[{"width":637,"height":358,"url":"https:\/\/kulturonline.tv\/wp-content\/uploads\/2022\/12\/klezmer-sister.jpg","type":"image\/jpeg"}],"author":"guenter.wolfgang","twitter_card":"summary_large_image","twitter_misc":{"Verfasst von":"guenter.wolfgang","Gesch\u00e4tzte Lesezeit":"1\u00a0Minute"},"schema":{"@context":"https:\/\/schema.org","@graph":[{"@type":"Article","@id":"https:\/\/kulturonline.tv\/de\/tipp-36-juedischen-kulturtage-muenchen-2022-konzert-der-klezmer-sisters\/#article","isPartOf":{"@id":"https:\/\/kulturonline.tv\/de\/tipp-36-juedischen-kulturtage-muenchen-2022-konzert-der-klezmer-sisters\/"},"author":{"name":"guenter.wolfgang","@id":"https:\/\/kulturonline.tv\/de\/#\/schema\/person\/b0fac729bb9a0c193fb1df23449df4fe"},"headline":"Tipp: 36. J\u00fcdischen Kulturtage M\u00fcnchen 2022 Konzert der \u201eKlezmer Sisters\u201c","datePublished":"2022-12-15T14:32:18+00:00","dateModified":"2022-12-15T15:53:08+00:00","mainEntityOfPage":{"@id":"https:\/\/kulturonline.tv\/de\/tipp-36-juedischen-kulturtage-muenchen-2022-konzert-der-klezmer-sisters\/"},"wordCount":118,"publisher":{"@id":"https:\/\/kulturonline.tv\/de\/#organization"},"image":{"@id":"https:\/\/kulturonline.tv\/de\/tipp-36-juedischen-kulturtage-muenchen-2022-konzert-der-klezmer-sisters\/#primaryimage"},"thumbnailUrl":"https:\/\/kulturonline.tv\/wp-content\/uploads\/2022\/12\/klezmer-sister.jpg","articleSection":["Musik","Radiothek News"],"inLanguage":"de"},{"@type":"WebPage","@id":"https:\/\/kulturonline.tv\/de\/tipp-36-juedischen-kulturtage-muenchen-2022-konzert-der-klezmer-sisters\/","url":"https:\/\/kulturonline.tv\/de\/tipp-36-juedischen-kulturtage-muenchen-2022-konzert-der-klezmer-sisters\/","name":"Tipp: 36. J\u00fcdischen Kulturtage M\u00fcnchen 2022 Konzert der \u201eKlezmer Sisters\u201c - Kultur Online TV &amp; FM","isPartOf":{"@id":"https:\/\/kulturonline.tv\/de\/#website"},"primaryImageOfPage":{"@id":"https:\/\/kulturonline.tv\/de\/tipp-36-juedischen-kulturtage-muenchen-2022-konzert-der-klezmer-sisters\/#primaryimage"},"image":{"@id":"https:\/\/kulturonline.tv\/de\/tipp-36-juedischen-kulturtage-muenchen-2022-konzert-der-klezmer-sisters\/#primaryimage"},"thumbnailUrl":"https:\/\/kulturonline.tv\/wp-content\/uploads\/2022\/12\/klezmer-sister.jpg","datePublished":"2022-12-15T14:32:18+00:00","dateModified":"2022-12-15T15:53:08+00:00","description":"Die \u201eKlezmer Sisters\u201c \u2013 Pianistin Inna Surzhenko und S\u00e4ngerin Svea Zhidetskaya \u2013 bewegen sich mit virtuoser Leichtigkeit in allen Stillrichtungen \u2013 ob Jazz, Musical oder j\u00fcdische Folklore.","breadcrumb":{"@id":"https:\/\/kulturonline.tv\/de\/tipp-36-juedischen-kulturtage-muenchen-2022-konzert-der-klezmer-sisters\/#breadcrumb"},"inLanguage":"de","potentialAction":[{"@type":"ReadAction","target":["https:\/\/kulturonline.tv\/de\/tipp-36-juedischen-kulturtage-muenchen-2022-konzert-der-klezmer-sisters\/"]}]},{"@type":"ImageObject","inLanguage":"de","@id":"https:\/\/kulturonline.tv\/de\/tipp-36-juedischen-kulturtage-muenchen-2022-konzert-der-klezmer-sisters\/#primaryimage","url":"https:\/\/kulturonline.tv\/wp-content\/uploads\/2022\/12\/klezmer-sister.jpg","contentUrl":"https:\/\/kulturonline.tv\/wp-content\/uploads\/2022\/12\/klezmer-sister.jpg","width":637,"height":358},{"@type":"BreadcrumbList","@id":"https:\/\/kulturonline.tv\/de\/tipp-36-juedischen-kulturtage-muenchen-2022-konzert-der-klezmer-sisters\/#breadcrumb","itemListElement":[{"@type":"ListItem","position":1,"name":"Startseite","item":"https:\/\/kulturonline.tv\/de\/"},{"@type":"ListItem","position":2,"name":"Tipp: 36. J\u00fcdischen Kulturtage M\u00fcnchen 2022 Konzert der \u201eKlezmer Sisters\u201c"}]},{"@type":"WebSite","@id":"https:\/\/kulturonline.tv\/de\/#website","url":"https:\/\/kulturonline.tv\/de\/","name":"Kultur Online TV &amp; FM","description":"Wir sind Kultur 2.0 zum sehen &amp; h\u00f6ren","publisher":{"@id":"https:\/\/kulturonline.tv\/de\/#organization"},"potentialAction":[{"@type":"SearchAction","target":{"@type":"EntryPoint","urlTemplate":"https:\/\/kulturonline.tv\/de\/?s={search_term_string}"},"query-input":{"@type":"PropertyValueSpecification","valueRequired":true,"valueName":"search_term_string"}}],"inLanguage":"de"},{"@type":"Organization","@id":"https:\/\/kulturonline.tv\/de\/#organization","name":"Kultur Online TV","url":"https:\/\/kulturonline.tv\/de\/","logo":{"@type":"ImageObject","inLanguage":"de","@id":"https:\/\/kulturonline.tv\/de\/#\/schema\/logo\/image\/","url":"https:\/\/kulturonline.tv\/wp-content\/uploads\/2021\/08\/Kultur-Online-Tv-Logo-Endversion-neu.png","contentUrl":"https:\/\/kulturonline.tv\/wp-content\/uploads\/2021\/08\/Kultur-Online-Tv-Logo-Endversion-neu.png","width":200,"height":200,"caption":"Kultur Online TV"},"image":{"@id":"https:\/\/kulturonline.tv\/de\/#\/schema\/logo\/image\/"},"sameAs":["https:\/\/www.facebook.com\/kulturonline.tv","https:\/\/www.instagram.com\/kulturonline.tv"]},{"@type":"Person","@id":"https:\/\/kulturonline.tv\/de\/#\/schema\/person\/b0fac729bb9a0c193fb1df23449df4fe","name":"guenter.wolfgang"}]}},"_links":{"self":[{"href":"https:\/\/kulturonline.tv\/de\/wp-json\/wp\/v2\/posts\/46207","targetHints":{"allow":["GET"]}}],"collection":[{"href":"https:\/\/kulturonline.tv\/de\/wp-json\/wp\/v2\/posts"}],"about":[{"href":"https:\/\/kulturonline.tv\/de\/wp-json\/wp\/v2\/types\/post"}],"author":[{"embeddable":true,"href":"https:\/\/kulturonline.tv\/de\/wp-json\/wp\/v2\/users\/2"}],"replies":[{"embeddable":true,"href":"https:\/\/kulturonline.tv\/de\/wp-json\/wp\/v2\/comments?post=46207"}],"version-history":[{"count":0,"href":"https:\/\/kulturonline.tv\/de\/wp-json\/wp\/v2\/posts\/46207\/revisions"}],"wp:featuredmedia":[{"embeddable":true,"href":"https:\/\/kulturonline.tv\/de\/wp-json\/wp\/v2\/media\/46208"}],"wp:attachment":[{"href":"https:\/\/kulturonline.tv\/de\/wp-json\/wp\/v2\/media?parent=46207"}],"wp:term":[{"taxonomy":"category","embeddable":true,"href":"https:\/\/kulturonline.tv\/de\/wp-json\/wp\/v2\/categories?post=46207"},{"taxonomy":"post_tag","embeddable":true,"href":"https:\/\/kulturonline.tv\/de\/wp-json\/wp\/v2\/tags?post=46207"}],"curies":[{"name":"wp","href":"https:\/\/api.w.org\/{rel}","templated":true}]}}