{"id":46231,"date":"2022-12-15T17:22:01","date_gmt":"2022-12-15T16:22:01","guid":{"rendered":"https:\/\/kulturonline.tv\/?p=46231"},"modified":"2023-01-11T20:09:06","modified_gmt":"2023-01-11T19:09:06","slug":"tipp-das-geheimnis-meines-vaters","status":"publish","type":"post","link":"https:\/\/kulturonline.tv\/de\/tipp-das-geheimnis-meines-vaters\/","title":{"rendered":"TIPP: Das Geheimnis meines Vaters"},"content":{"rendered":"\n<p>Lange dachte Corinna von Bassewitz, dass ihr Vater Soldat, spater, dass er Diplomat sei. Zufallig fand sie mit 16 Jahren etwas Unglaubliches heraus Er arbeitete als Geheimagent f\u00fcr den Bundesnachrichtendienst.<\/p>\n\n\n\n<figure class=\"wp-block-image size-large is-resized\"><img fetchpriority=\"high\" decoding=\"async\" src=\"https:\/\/kulturonline.tv\/wp-content\/uploads\/2022\/12\/Kultur-Online-TV-Tipp-1600x900.jpg\" alt=\"\" class=\"wp-image-46234\" width=\"831\" height=\"467\" srcset=\"https:\/\/kulturonline.tv\/wp-content\/uploads\/2022\/12\/Kultur-Online-TV-Tipp-1600x900.jpg 1600w, https:\/\/kulturonline.tv\/wp-content\/uploads\/2022\/12\/Kultur-Online-TV-Tipp-600x338.jpg 600w, https:\/\/kulturonline.tv\/wp-content\/uploads\/2022\/12\/Kultur-Online-TV-Tipp-800x450.jpg 800w, https:\/\/kulturonline.tv\/wp-content\/uploads\/2022\/12\/Kultur-Online-TV-Tipp-768x432.jpg 768w, https:\/\/kulturonline.tv\/wp-content\/uploads\/2022\/12\/Kultur-Online-TV-Tipp-1536x864.jpg 1536w, https:\/\/kulturonline.tv\/wp-content\/uploads\/2022\/12\/Kultur-Online-TV-Tipp.jpg 1920w\" sizes=\"(max-width: 831px) 100vw, 831px\" \/><\/figure>\n\n\n\n<div class=\"wp-block-media-text alignwide is-stacked-on-mobile\" style=\"grid-template-columns:28% auto\"><figure class=\"wp-block-media-text__media\"><img decoding=\"async\" width=\"178\" height=\"266\" src=\"https:\/\/kulturonline.tv\/wp-content\/uploads\/2022\/12\/Das-Geheimniss-meines-Vaters-Kopie.jpg\" alt=\"\" class=\"wp-image-46232 size-full\"\/><\/figure><div class=\"wp-block-media-text__content\">\n<p>Als das Geheimnis zumindest teilweise gel\u00fcftet war, wurde sie zum Spitzel in eigener Sache, schn\u00fcffelte auf Partys herum und fand vertrauliche Unterlagen auf dem Dachboden. 1985 kehrte ihr Vater von einer angeblichen Dienstreise nach London nie wieder zur\u00fcck. Erst viel sp\u00e4ter wurde klar, dass er ein Leben als Agent gef\u00fchrt hatte. Was macht es mit einem M\u00e4dchen, wenn der eigenen Vater seine wahre Identit\u00e4t verschweigt und schlie\u00dflich spurlos verschwindet? Neben ihrer Familiengeschichte gibt die Autorin vielschichtige, spannende Einblicke in den historischen Kontext des Kalten Krieges, in die Arbeit des Geheimdienstes und die geheimen Eins\u00e4tze ihres Vaters.<\/p>\n<\/div><\/div>\n\n\n\n<div style=\"height:15px\" aria-hidden=\"true\" class=\"wp-block-spacer\"><\/div>\n\n\n\n<p><\/p>\n\n\n\n<p>Corinna von Bassewitz ist Journalistin und schreibt in erster Linie f\u00fcr Lifestyle-Magazine \u00fcber all die sch\u00f6nen Dinge des Lebens.<\/p>\n\n\n\n<p>Kultur Online TV<\/p>\n\n\n\n<p>#news #tipp #literatur<\/p>\n\n\n\n<p><\/p>\n\n\n\n<figure class=\"wp-block-image\"><img decoding=\"async\" src=\"https:\/\/t.adcell.com\/p\/image?promoId=228768&amp;slotId=98564\" alt=\"Eckis Teetied\"\/><\/figure>\n\n\n\n<p><a href=\"https:\/\/t.adcell.com\/p\/click?promoId=228768&amp;slotId=98564\" target=\"_blank\" rel=\"noreferrer noopener\"><\/a><\/p>\n\n\n\n<div class=\"wp-block-query is-layout-flow wp-block-query-is-layout-flow\">\n<div class=\"wp-block-group is-layout-constrained wp-block-group-is-layout-constrained\"><ul class=\"wp-block-post-template is-layout-flow wp-block-post-template-is-layout-flow\"><li class=\"wp-block-post post-145728 post type-post status-publish format-standard has-post-thumbnail hentry category-medien\">\n\n<div class=\"wp-block-columns are-vertically-aligned-center is-layout-flex wp-container-core-columns-is-layout-28f84493 wp-block-columns-is-layout-flex\"><\/div>\n\n<\/li><li class=\"wp-block-post post-143635 post type-post status-publish format-standard has-post-thumbnail hentry category-veranstaltungstipps-de\">\n\n<div class=\"wp-block-columns are-vertically-aligned-center is-layout-flex wp-container-core-columns-is-layout-28f84493 wp-block-columns-is-layout-flex\"><\/div>\n\n<\/li><li class=\"wp-block-post post-143621 post type-post status-publish format-standard has-post-thumbnail hentry category-medien category-newsflash\">\n\n<div class=\"wp-block-columns are-vertically-aligned-center is-layout-flex wp-container-core-columns-is-layout-28f84493 wp-block-columns-is-layout-flex\"><\/div>\n\n<\/li><\/ul><\/div>\n<\/div>\n\n\n\n<p><\/p>\n","protected":false},"excerpt":{"rendered":"<p>Lange dachte Corinna von Bassewitz, dass ihr Vater Soldat, spater, dass er Diplomat sei. Zufallig fand sie mit 16 Jahren etwas Unglaubliches heraus Er arbeitete als Geheimagent f\u00fcr den Bundesnachrichtendienst. Als das Geheimnis zumindest teilweise gel\u00fcftet war, wurde sie zum Spitzel in eigener Sache, schn\u00fcffelte auf Partys herum und fand vertrauliche Unterlagen auf dem Dachboden. [&hellip;]<\/p>\n","protected":false},"author":2,"featured_media":46234,"comment_status":"closed","ping_status":"closed","sticky":false,"template":"","format":"standard","meta":{"_acf_changed":false,"footnotes":""},"categories":[106],"tags":[],"class_list":["post-46231","post","type-post","status-publish","format-standard","has-post-thumbnail","hentry","category-literatur"],"acf":[],"yoast_head":"<!-- This site is optimized with the Yoast SEO plugin v26.1.1 - https:\/\/yoast.com\/wordpress\/plugins\/seo\/ -->\n<title>TIPP: Das Geheimnis meines Vaters - Kultur Online TV &amp; FM<\/title>\n<meta name=\"description\" content=\"Lange dachte Corinna von Bassewitz, dass ihr Vater Soldat, spater, dass er Diplomat sei. Zufallig fand sie mit 16 Jahren etwas Unglaubliches heraus Er arbeitete als Geheimagent f\u00fcr den Bundesnachrichtendienst.\" \/>\n<meta name=\"robots\" content=\"index, follow, max-snippet:-1, max-image-preview:large, max-video-preview:-1\" \/>\n<link rel=\"canonical\" href=\"https:\/\/kulturonline.tv\/de\/tipp-das-geheimnis-meines-vaters\/\" \/>\n<meta property=\"og:locale\" content=\"de_DE\" \/>\n<meta property=\"og:type\" content=\"article\" \/>\n<meta property=\"og:title\" content=\"TIPP: Das Geheimnis meines Vaters - Kultur Online TV &amp; FM\" \/>\n<meta property=\"og:description\" content=\"Lange dachte Corinna von Bassewitz, dass ihr Vater Soldat, spater, dass er Diplomat sei. Zufallig fand sie mit 16 Jahren etwas Unglaubliches heraus Er arbeitete als Geheimagent f\u00fcr den Bundesnachrichtendienst.\" \/>\n<meta property=\"og:url\" content=\"https:\/\/kulturonline.tv\/de\/tipp-das-geheimnis-meines-vaters\/\" \/>\n<meta property=\"og:site_name\" content=\"Kultur Online TV &amp; FM\" \/>\n<meta property=\"article:publisher\" content=\"https:\/\/www.facebook.com\/kulturonline.tv\" \/>\n<meta property=\"article:published_time\" content=\"2022-12-15T16:22:01+00:00\" \/>\n<meta property=\"article:modified_time\" content=\"2023-01-11T19:09:06+00:00\" \/>\n<meta property=\"og:image\" content=\"https:\/\/kulturonline.tv\/wp-content\/uploads\/2022\/12\/Kultur-Online-TV-Tipp.jpg\" \/>\n\t<meta property=\"og:image:width\" content=\"1920\" \/>\n\t<meta property=\"og:image:height\" content=\"1080\" \/>\n\t<meta property=\"og:image:type\" content=\"image\/jpeg\" \/>\n<meta name=\"author\" content=\"guenter.wolfgang\" \/>\n<meta name=\"twitter:card\" content=\"summary_large_image\" \/>\n<meta name=\"twitter:label1\" content=\"Verfasst von\" \/>\n\t<meta name=\"twitter:data1\" content=\"guenter.wolfgang\" \/>\n\t<meta name=\"twitter:label2\" content=\"Gesch\u00e4tzte Lesezeit\" \/>\n\t<meta name=\"twitter:data2\" content=\"1\u00a0Minute\" \/>\n<script type=\"application\/ld+json\" class=\"yoast-schema-graph\">{\"@context\":\"https:\/\/schema.org\",\"@graph\":[{\"@type\":\"Article\",\"@id\":\"https:\/\/kulturonline.tv\/de\/tipp-das-geheimnis-meines-vaters\/#article\",\"isPartOf\":{\"@id\":\"https:\/\/kulturonline.tv\/de\/tipp-das-geheimnis-meines-vaters\/\"},\"author\":{\"name\":\"guenter.wolfgang\",\"@id\":\"https:\/\/kulturonline.tv\/de\/#\/schema\/person\/b0fac729bb9a0c193fb1df23449df4fe\"},\"headline\":\"TIPP: Das Geheimnis meines Vaters\",\"datePublished\":\"2022-12-15T16:22:01+00:00\",\"dateModified\":\"2023-01-11T19:09:06+00:00\",\"mainEntityOfPage\":{\"@id\":\"https:\/\/kulturonline.tv\/de\/tipp-das-geheimnis-meines-vaters\/\"},\"wordCount\":166,\"publisher\":{\"@id\":\"https:\/\/kulturonline.tv\/de\/#organization\"},\"image\":{\"@id\":\"https:\/\/kulturonline.tv\/de\/tipp-das-geheimnis-meines-vaters\/#primaryimage\"},\"thumbnailUrl\":\"https:\/\/kulturonline.tv\/wp-content\/uploads\/2022\/12\/Kultur-Online-TV-Tipp.jpg\",\"articleSection\":[\"Literatur\"],\"inLanguage\":\"de\"},{\"@type\":\"WebPage\",\"@id\":\"https:\/\/kulturonline.tv\/de\/tipp-das-geheimnis-meines-vaters\/\",\"url\":\"https:\/\/kulturonline.tv\/de\/tipp-das-geheimnis-meines-vaters\/\",\"name\":\"TIPP: Das Geheimnis meines Vaters - Kultur Online TV &amp; FM\",\"isPartOf\":{\"@id\":\"https:\/\/kulturonline.tv\/de\/#website\"},\"primaryImageOfPage\":{\"@id\":\"https:\/\/kulturonline.tv\/de\/tipp-das-geheimnis-meines-vaters\/#primaryimage\"},\"image\":{\"@id\":\"https:\/\/kulturonline.tv\/de\/tipp-das-geheimnis-meines-vaters\/#primaryimage\"},\"thumbnailUrl\":\"https:\/\/kulturonline.tv\/wp-content\/uploads\/2022\/12\/Kultur-Online-TV-Tipp.jpg\",\"datePublished\":\"2022-12-15T16:22:01+00:00\",\"dateModified\":\"2023-01-11T19:09:06+00:00\",\"description\":\"Lange dachte Corinna von Bassewitz, dass ihr Vater Soldat, spater, dass er Diplomat sei. Zufallig fand sie mit 16 Jahren etwas Unglaubliches heraus Er arbeitete als Geheimagent f\u00fcr den Bundesnachrichtendienst.\",\"breadcrumb\":{\"@id\":\"https:\/\/kulturonline.tv\/de\/tipp-das-geheimnis-meines-vaters\/#breadcrumb\"},\"inLanguage\":\"de\",\"potentialAction\":[{\"@type\":\"ReadAction\",\"target\":[\"https:\/\/kulturonline.tv\/de\/tipp-das-geheimnis-meines-vaters\/\"]}]},{\"@type\":\"ImageObject\",\"inLanguage\":\"de\",\"@id\":\"https:\/\/kulturonline.tv\/de\/tipp-das-geheimnis-meines-vaters\/#primaryimage\",\"url\":\"https:\/\/kulturonline.tv\/wp-content\/uploads\/2022\/12\/Kultur-Online-TV-Tipp.jpg\",\"contentUrl\":\"https:\/\/kulturonline.tv\/wp-content\/uploads\/2022\/12\/Kultur-Online-TV-Tipp.jpg\",\"width\":1920,\"height\":1080},{\"@type\":\"BreadcrumbList\",\"@id\":\"https:\/\/kulturonline.tv\/de\/tipp-das-geheimnis-meines-vaters\/#breadcrumb\",\"itemListElement\":[{\"@type\":\"ListItem\",\"position\":1,\"name\":\"Startseite\",\"item\":\"https:\/\/kulturonline.tv\/de\/\"},{\"@type\":\"ListItem\",\"position\":2,\"name\":\"TIPP: Das Geheimnis meines Vaters\"}]},{\"@type\":\"WebSite\",\"@id\":\"https:\/\/kulturonline.tv\/de\/#website\",\"url\":\"https:\/\/kulturonline.tv\/de\/\",\"name\":\"Kultur Online TV &amp; FM\",\"description\":\"Wir sind Kultur 2.0 zum sehen &amp; h\u00f6ren\",\"publisher\":{\"@id\":\"https:\/\/kulturonline.tv\/de\/#organization\"},\"potentialAction\":[{\"@type\":\"SearchAction\",\"target\":{\"@type\":\"EntryPoint\",\"urlTemplate\":\"https:\/\/kulturonline.tv\/de\/?s={search_term_string}\"},\"query-input\":{\"@type\":\"PropertyValueSpecification\",\"valueRequired\":true,\"valueName\":\"search_term_string\"}}],\"inLanguage\":\"de\"},{\"@type\":\"Organization\",\"@id\":\"https:\/\/kulturonline.tv\/de\/#organization\",\"name\":\"Kultur Online TV\",\"url\":\"https:\/\/kulturonline.tv\/de\/\",\"logo\":{\"@type\":\"ImageObject\",\"inLanguage\":\"de\",\"@id\":\"https:\/\/kulturonline.tv\/de\/#\/schema\/logo\/image\/\",\"url\":\"https:\/\/kulturonline.tv\/wp-content\/uploads\/2021\/08\/Kultur-Online-Tv-Logo-Endversion-neu.png\",\"contentUrl\":\"https:\/\/kulturonline.tv\/wp-content\/uploads\/2021\/08\/Kultur-Online-Tv-Logo-Endversion-neu.png\",\"width\":200,\"height\":200,\"caption\":\"Kultur Online TV\"},\"image\":{\"@id\":\"https:\/\/kulturonline.tv\/de\/#\/schema\/logo\/image\/\"},\"sameAs\":[\"https:\/\/www.facebook.com\/kulturonline.tv\",\"https:\/\/www.instagram.com\/kulturonline.tv\"]},{\"@type\":\"Person\",\"@id\":\"https:\/\/kulturonline.tv\/de\/#\/schema\/person\/b0fac729bb9a0c193fb1df23449df4fe\",\"name\":\"guenter.wolfgang\"}]}<\/script>\n<!-- \/ Yoast SEO plugin. -->","yoast_head_json":{"title":"TIPP: Das Geheimnis meines Vaters - Kultur Online TV &amp; FM","description":"Lange dachte Corinna von Bassewitz, dass ihr Vater Soldat, spater, dass er Diplomat sei. Zufallig fand sie mit 16 Jahren etwas Unglaubliches heraus Er arbeitete als Geheimagent f\u00fcr den Bundesnachrichtendienst.","robots":{"index":"index","follow":"follow","max-snippet":"max-snippet:-1","max-image-preview":"max-image-preview:large","max-video-preview":"max-video-preview:-1"},"canonical":"https:\/\/kulturonline.tv\/de\/tipp-das-geheimnis-meines-vaters\/","og_locale":"de_DE","og_type":"article","og_title":"TIPP: Das Geheimnis meines Vaters - Kultur Online TV &amp; FM","og_description":"Lange dachte Corinna von Bassewitz, dass ihr Vater Soldat, spater, dass er Diplomat sei. Zufallig fand sie mit 16 Jahren etwas Unglaubliches heraus Er arbeitete als Geheimagent f\u00fcr den Bundesnachrichtendienst.","og_url":"https:\/\/kulturonline.tv\/de\/tipp-das-geheimnis-meines-vaters\/","og_site_name":"Kultur Online TV &amp; FM","article_publisher":"https:\/\/www.facebook.com\/kulturonline.tv","article_published_time":"2022-12-15T16:22:01+00:00","article_modified_time":"2023-01-11T19:09:06+00:00","og_image":[{"width":1920,"height":1080,"url":"https:\/\/kulturonline.tv\/wp-content\/uploads\/2022\/12\/Kultur-Online-TV-Tipp.jpg","type":"image\/jpeg"}],"author":"guenter.wolfgang","twitter_card":"summary_large_image","twitter_misc":{"Verfasst von":"guenter.wolfgang","Gesch\u00e4tzte Lesezeit":"1\u00a0Minute"},"schema":{"@context":"https:\/\/schema.org","@graph":[{"@type":"Article","@id":"https:\/\/kulturonline.tv\/de\/tipp-das-geheimnis-meines-vaters\/#article","isPartOf":{"@id":"https:\/\/kulturonline.tv\/de\/tipp-das-geheimnis-meines-vaters\/"},"author":{"name":"guenter.wolfgang","@id":"https:\/\/kulturonline.tv\/de\/#\/schema\/person\/b0fac729bb9a0c193fb1df23449df4fe"},"headline":"TIPP: Das Geheimnis meines Vaters","datePublished":"2022-12-15T16:22:01+00:00","dateModified":"2023-01-11T19:09:06+00:00","mainEntityOfPage":{"@id":"https:\/\/kulturonline.tv\/de\/tipp-das-geheimnis-meines-vaters\/"},"wordCount":166,"publisher":{"@id":"https:\/\/kulturonline.tv\/de\/#organization"},"image":{"@id":"https:\/\/kulturonline.tv\/de\/tipp-das-geheimnis-meines-vaters\/#primaryimage"},"thumbnailUrl":"https:\/\/kulturonline.tv\/wp-content\/uploads\/2022\/12\/Kultur-Online-TV-Tipp.jpg","articleSection":["Literatur"],"inLanguage":"de"},{"@type":"WebPage","@id":"https:\/\/kulturonline.tv\/de\/tipp-das-geheimnis-meines-vaters\/","url":"https:\/\/kulturonline.tv\/de\/tipp-das-geheimnis-meines-vaters\/","name":"TIPP: Das Geheimnis meines Vaters - Kultur Online TV &amp; FM","isPartOf":{"@id":"https:\/\/kulturonline.tv\/de\/#website"},"primaryImageOfPage":{"@id":"https:\/\/kulturonline.tv\/de\/tipp-das-geheimnis-meines-vaters\/#primaryimage"},"image":{"@id":"https:\/\/kulturonline.tv\/de\/tipp-das-geheimnis-meines-vaters\/#primaryimage"},"thumbnailUrl":"https:\/\/kulturonline.tv\/wp-content\/uploads\/2022\/12\/Kultur-Online-TV-Tipp.jpg","datePublished":"2022-12-15T16:22:01+00:00","dateModified":"2023-01-11T19:09:06+00:00","description":"Lange dachte Corinna von Bassewitz, dass ihr Vater Soldat, spater, dass er Diplomat sei. Zufallig fand sie mit 16 Jahren etwas Unglaubliches heraus Er arbeitete als Geheimagent f\u00fcr den Bundesnachrichtendienst.","breadcrumb":{"@id":"https:\/\/kulturonline.tv\/de\/tipp-das-geheimnis-meines-vaters\/#breadcrumb"},"inLanguage":"de","potentialAction":[{"@type":"ReadAction","target":["https:\/\/kulturonline.tv\/de\/tipp-das-geheimnis-meines-vaters\/"]}]},{"@type":"ImageObject","inLanguage":"de","@id":"https:\/\/kulturonline.tv\/de\/tipp-das-geheimnis-meines-vaters\/#primaryimage","url":"https:\/\/kulturonline.tv\/wp-content\/uploads\/2022\/12\/Kultur-Online-TV-Tipp.jpg","contentUrl":"https:\/\/kulturonline.tv\/wp-content\/uploads\/2022\/12\/Kultur-Online-TV-Tipp.jpg","width":1920,"height":1080},{"@type":"BreadcrumbList","@id":"https:\/\/kulturonline.tv\/de\/tipp-das-geheimnis-meines-vaters\/#breadcrumb","itemListElement":[{"@type":"ListItem","position":1,"name":"Startseite","item":"https:\/\/kulturonline.tv\/de\/"},{"@type":"ListItem","position":2,"name":"TIPP: Das Geheimnis meines Vaters"}]},{"@type":"WebSite","@id":"https:\/\/kulturonline.tv\/de\/#website","url":"https:\/\/kulturonline.tv\/de\/","name":"Kultur Online TV &amp; FM","description":"Wir sind Kultur 2.0 zum sehen &amp; h\u00f6ren","publisher":{"@id":"https:\/\/kulturonline.tv\/de\/#organization"},"potentialAction":[{"@type":"SearchAction","target":{"@type":"EntryPoint","urlTemplate":"https:\/\/kulturonline.tv\/de\/?s={search_term_string}"},"query-input":{"@type":"PropertyValueSpecification","valueRequired":true,"valueName":"search_term_string"}}],"inLanguage":"de"},{"@type":"Organization","@id":"https:\/\/kulturonline.tv\/de\/#organization","name":"Kultur Online TV","url":"https:\/\/kulturonline.tv\/de\/","logo":{"@type":"ImageObject","inLanguage":"de","@id":"https:\/\/kulturonline.tv\/de\/#\/schema\/logo\/image\/","url":"https:\/\/kulturonline.tv\/wp-content\/uploads\/2021\/08\/Kultur-Online-Tv-Logo-Endversion-neu.png","contentUrl":"https:\/\/kulturonline.tv\/wp-content\/uploads\/2021\/08\/Kultur-Online-Tv-Logo-Endversion-neu.png","width":200,"height":200,"caption":"Kultur Online TV"},"image":{"@id":"https:\/\/kulturonline.tv\/de\/#\/schema\/logo\/image\/"},"sameAs":["https:\/\/www.facebook.com\/kulturonline.tv","https:\/\/www.instagram.com\/kulturonline.tv"]},{"@type":"Person","@id":"https:\/\/kulturonline.tv\/de\/#\/schema\/person\/b0fac729bb9a0c193fb1df23449df4fe","name":"guenter.wolfgang"}]}},"_links":{"self":[{"href":"https:\/\/kulturonline.tv\/de\/wp-json\/wp\/v2\/posts\/46231","targetHints":{"allow":["GET"]}}],"collection":[{"href":"https:\/\/kulturonline.tv\/de\/wp-json\/wp\/v2\/posts"}],"about":[{"href":"https:\/\/kulturonline.tv\/de\/wp-json\/wp\/v2\/types\/post"}],"author":[{"embeddable":true,"href":"https:\/\/kulturonline.tv\/de\/wp-json\/wp\/v2\/users\/2"}],"replies":[{"embeddable":true,"href":"https:\/\/kulturonline.tv\/de\/wp-json\/wp\/v2\/comments?post=46231"}],"version-history":[{"count":0,"href":"https:\/\/kulturonline.tv\/de\/wp-json\/wp\/v2\/posts\/46231\/revisions"}],"wp:featuredmedia":[{"embeddable":true,"href":"https:\/\/kulturonline.tv\/de\/wp-json\/wp\/v2\/media\/46234"}],"wp:attachment":[{"href":"https:\/\/kulturonline.tv\/de\/wp-json\/wp\/v2\/media?parent=46231"}],"wp:term":[{"taxonomy":"category","embeddable":true,"href":"https:\/\/kulturonline.tv\/de\/wp-json\/wp\/v2\/categories?post=46231"},{"taxonomy":"post_tag","embeddable":true,"href":"https:\/\/kulturonline.tv\/de\/wp-json\/wp\/v2\/tags?post=46231"}],"curies":[{"name":"wp","href":"https:\/\/api.w.org\/{rel}","templated":true}]}}