{"id":46825,"date":"2022-12-20T14:10:45","date_gmt":"2022-12-20T13:10:45","guid":{"rendered":"https:\/\/kulturonline.tv\/?p=46825"},"modified":"2023-01-11T20:11:47","modified_gmt":"2023-01-11T19:11:47","slug":"berliner-galerist-johann-koenig-erwirkt-gegen-die-zeit-eine-weitere-einstweilige-verfuegung","status":"publish","type":"post","link":"https:\/\/kulturonline.tv\/de\/berliner-galerist-johann-koenig-erwirkt-gegen-die-zeit-eine-weitere-einstweilige-verfuegung\/","title":{"rendered":"Berliner Galerist Johann K\u00f6nig erwirkt gegen die &#8222;ZEIT&#8220; eine weitere einstweilige Verf\u00fcgung"},"content":{"rendered":"\n<p>In einem Artikel vom 01.09.2022 (und parallel in der Onlineausgabe vom 31.08.2022) berichtete die &#8222;ZEIT&#8220; \u00fcber Vorw\u00fcrfe mehrerer Frauen gegen\u00fcber dem Galeristen Johann K\u00f6nig wegen angeblicher sexueller Bel\u00e4stigungen und \u00dcbergriffigkeiten.<\/p>\n\n\n\n<figure class=\"wp-block-image size-full is-resized\"><img decoding=\"async\" src=\"https:\/\/kulturonline.tv\/wp-content\/uploads\/2022\/12\/Lohann-Koenig-Gallerist-edited.jpg\" alt=\"\" class=\"wp-image-46828\" width=\"847\"\/><figcaption class=\"wp-element-caption\">c. de:Benutzer:Smalltown Boy (Diskussion), Copyrighted free use, via Wikimedia Commons<\/figcaption><\/figure>\n\n\n\n<p>Wesentliche Teile der Berichterstattung wurden schon per einstweiliger Verf\u00fcgung des Landgerichts Hamburg vom 21.10.2022 (Az. 324 O 397\/22) untersagt (siehe hierzu unsere Presseerkl\u00e4rung vom 03.11.2022, abrufbar \u00fcber unseren Twitter-Account @schertzbergmann).<\/p>\n\n\n\n<p>Mit Beschluss vom 15.12.2022 (Az. 7 W 101\/22) hat das Hanseatische Oberlandesgericht eine weitere einstweilige Verf\u00fcgung zulasten der &#8222;ZEIT&#8220; erlassen. Der &#8222;ZEIT&#8220; wurde im Kern verboten, in Bezug auf Johann K\u00f6nig den Verdacht zu erwecken, er habe eine beruflich mit ihm verbundene Gesch\u00e4ftspartnerin mit anz\u00fcglichen Bemerkungen bel\u00e4stigt.<\/p>\n\n\n\n<p>Nach dieser Entscheidung sind der &#8222;ZEIT&#8220; nunmehr insgesamt sieben Passagen aus dem Artikel vom 01.09.2022 gerichtlich untersagt worden.<\/p>\n\n\n\n<p>Die gerichtlichen Verbote belegen, dass die Redakteurinnen des ver\u00f6ffentlichten Artikels nachhaltig gegen ihre journalistischen Sorgfaltspflichten versto\u00dfen haben.<\/p>\n\n\n\n<p>Dass die &#8222;ZEIT&#8220; nicht mit der f\u00fcr eine Verdachtsberichterstattung erforderlichen Objektivit\u00e4t recherchiert hat, wird auch durch ein Drehbuch-Expos\u00e9 deutlich, \u00fcber das erstmalig die &#8222;Berliner Zeitung&#8220; in der Aussage vom 26.11.2022 berichtet hatte und welches dem Unterzeichner nunmehr vorliegt. Das Expos\u00e9 dient offensichtlich als Grundlage f\u00fcr die Verfilmung einer geplanten TV-Serie in sechs bis acht Folgen und stammt von der Co-Autorin des streitgegenst\u00e4ndlichen ZEIT-Artikels, Carolin W\u00fcrfel. Erz\u00e4hlt wird die Geschichte des erfolgreichen Berliner Galeristen &#8222;Alexander F\u00fcrst&#8220; und der f\u00fcr das Kulturressort einer gro\u00dfen deutschen Tageszeitung arbeitenden Journalistin &#8222;Maxi Rostenthal&#8220;. Die Journalistin recherchiert zu angeblichen sexuellen \u00dcbergriffen und Machtmissbrauch des Galeristen, scheitert jedoch bez\u00fcglich einer Artikelver\u00f6ffentlichung an den Widerst\u00e4nden ihrer Vorgesetzten. Sie verb\u00fcndet sich daraufhin mit feministischen Aktivistinnen, die den Berliner Galeristen gefangen nehmen und ihm mittels Folter ein Gest\u00e4ndnis abpressen wollen. Die Gruppe veranlasst in Berlin das Aufstellen von zehn Frauen-Skulpturen einer K\u00fcnstlerin namens &#8222;Carol Breitz&#8220;. Diese Skulpturen, so die Aktivistinnen, sollen f\u00fcr die Anzahl der Opfer des Galeristen stehen. Am Ende der Geschichte bleibt offen, ob der gefolterte Galerist \u00fcberlebt oder nicht.<\/p>\n\n\n\n<p><\/p>\n\n\n\n<figure class=\"wp-block-image\"><img decoding=\"async\" src=\"https:\/\/t.adcell.com\/p\/image?promoId=228768&amp;slotId=98564\" alt=\"Eckis Teetied\"\/><\/figure>\n\n\n\n<p><a href=\"https:\/\/t.adcell.com\/p\/click?promoId=228768&amp;slotId=98564\" target=\"_blank\" rel=\"noreferrer noopener\"><\/a><\/p>\n\n\n\n<p>Die geschilderten Charaktere haben ersichtlich reale Vorbilder: &#8222;Alexander F\u00fcrst&#8220; ist Johann K\u00f6nig, &#8222;Maxi Rostenthal&#8220; ist Carolin W\u00fcrfel und &#8222;Carol Breitz&#8220; ist Candice Breitz, eine K\u00fcnstlerin, die zusammen mit anderen Aktivistinnen unter dem Namen &#8222;Soup du Jour&#8220; gegen Johann K\u00f6nig agiert und versucht, K\u00fcnstlerinnen zur Beendigung ihrer Zusammenarbeit mit dem Galeristen zu bewegen. Aufbauend auf diesen realen Charakteren entwickelt das Expos\u00e9 dann die fiktive Geschichte vom sexuell \u00fcbergriffigen Galeristen, dessen angebliche Machenschaften von einer Journalistin und einer Gruppe feministischer Aktivistinnen mittels Selbstjustiz aufgedeckt und bestraft werden.<\/p>\n\n\n\n<p>Die im Expos\u00e9 erz\u00e4hlte Geschichte belegt, dass die Redakteurin Carolin W\u00fcrfel nicht unvoreingenommen zum ZEIT-Artikel vom 01.09.2022 recherchieren konnte. Das Rechercheergebnis stand aufgrund des zuvor verfassten Expos\u00e9s l\u00e4ngst fest und band die Redakteurin. Zudem verfolgte Frau W\u00fcrfel mit ihrer Geschichte eigene kommerzielle Interessen, n\u00e4mlich die Verfilmung des Expos\u00e9s. Dies erkl\u00e4rt nicht nur den Belastungseifer der Redakteurin, sondern belegt auch den mangelhaften Compliance-Check innerhalb der ZEIT-Redaktion. Offensichtlich hatte man dort auch \u00fcbersehen, dass die Autorin Carolin W\u00fcrfel ausweislich der Recherchen der &#8222;Berliner Zeitung&#8220; mit einem direkten Wettbewerber von Johann K\u00f6nig, dem Galeristen Alfons Klosterfelde, verheiratet ist.<\/p>\n\n\n\n<p>All dies wird insbesondere im Rahmen der von uns vorbereiteten Schadensersatzklage gegen die &#8222;ZEIT&#8220; und dort beim Nachweis des redaktionellen und organisatorischen Verschuldens eine wesentliche Rolle spielen.<\/p>\n\n\n\n<p>#news #kunst <\/p>\n\n\n\n<p><\/p>\n\n\n\n<figure class=\"wp-block-image\"><img decoding=\"async\" src=\"https:\/\/t.adcell.com\/p\/image?promoId=311807&amp;slotId=98564\" alt=\"Verwoehnwochenende\"\/><\/figure>\n\n\n\n<p><a href=\"https:\/\/t.adcell.com\/p\/click?promoId=311807&amp;slotId=98564\" target=\"_blank\" rel=\"noreferrer noopener\"><\/a><\/p>\n","protected":false},"excerpt":{"rendered":"<p>In einem Artikel vom 01.09.2022 (und parallel in der Onlineausgabe vom 31.08.2022) berichtete die &#8222;ZEIT&#8220; \u00fcber Vorw\u00fcrfe mehrerer Frauen gegen\u00fcber dem Galeristen Johann K\u00f6nig wegen angeblicher sexueller Bel\u00e4stigungen und \u00dcbergriffigkeiten. Wesentliche Teile der Berichterstattung wurden schon per einstweiliger Verf\u00fcgung des Landgerichts Hamburg vom 21.10.2022 (Az. 324 O 397\/22) untersagt (siehe hierzu unsere Presseerkl\u00e4rung vom 03.11.2022, [&hellip;]<\/p>\n","protected":false},"author":2,"featured_media":46828,"comment_status":"closed","ping_status":"closed","sticky":false,"template":"","format":"standard","meta":{"_acf_changed":false,"footnotes":""},"categories":[107,3],"tags":[],"class_list":["post-46825","post","type-post","status-publish","format-standard","has-post-thumbnail","hentry","category-kunst","category-newsflash"],"acf":[],"yoast_head":"<!-- This site is optimized with the Yoast SEO plugin v26.1.1 - https:\/\/yoast.com\/wordpress\/plugins\/seo\/ -->\n<title>Berliner Galerist Johann K\u00f6nig erwirkt gegen die &quot;ZEIT&quot; eine weitere einstweilige Verf\u00fcgung - Kultur Online TV &amp; FM<\/title>\n<meta name=\"description\" content=\"In einem Artikel vom 01.09.2022 (und parallel in der Onlineausgabe vom 31.08.2022) berichtete die &quot;ZEIT&quot; \u00fcber Vorw\u00fcrfe mehrerer Frauen gegen\u00fcber dem Galeristen Johann K\u00f6nig wegen angeblicher sexueller Bel\u00e4stigungen und \u00dcbergriffigkeiten.\" \/>\n<meta name=\"robots\" content=\"index, follow, max-snippet:-1, max-image-preview:large, max-video-preview:-1\" \/>\n<link rel=\"canonical\" href=\"https:\/\/kulturonline.tv\/de\/berliner-galerist-johann-koenig-erwirkt-gegen-die-zeit-eine-weitere-einstweilige-verfuegung\/\" \/>\n<meta property=\"og:locale\" content=\"de_DE\" \/>\n<meta property=\"og:type\" content=\"article\" \/>\n<meta property=\"og:title\" content=\"Berliner Galerist Johann K\u00f6nig erwirkt gegen die &quot;ZEIT&quot; eine weitere einstweilige Verf\u00fcgung - Kultur Online TV &amp; FM\" \/>\n<meta property=\"og:description\" content=\"In einem Artikel vom 01.09.2022 (und parallel in der Onlineausgabe vom 31.08.2022) berichtete die &quot;ZEIT&quot; \u00fcber Vorw\u00fcrfe mehrerer Frauen gegen\u00fcber dem Galeristen Johann K\u00f6nig wegen angeblicher sexueller Bel\u00e4stigungen und \u00dcbergriffigkeiten.\" \/>\n<meta property=\"og:url\" content=\"https:\/\/kulturonline.tv\/de\/berliner-galerist-johann-koenig-erwirkt-gegen-die-zeit-eine-weitere-einstweilige-verfuegung\/\" \/>\n<meta property=\"og:site_name\" content=\"Kultur Online TV &amp; FM\" \/>\n<meta property=\"article:publisher\" content=\"https:\/\/www.facebook.com\/kulturonline.tv\" \/>\n<meta property=\"article:published_time\" content=\"2022-12-20T13:10:45+00:00\" \/>\n<meta property=\"article:modified_time\" content=\"2023-01-11T19:11:47+00:00\" \/>\n<meta property=\"og:image\" content=\"https:\/\/kulturonline.tv\/wp-content\/uploads\/2022\/12\/Lohann-Koenig-Gallerist-edited.jpg\" \/>\n\t<meta property=\"og:image:width\" content=\"468\" \/>\n\t<meta property=\"og:image:height\" content=\"263\" \/>\n\t<meta property=\"og:image:type\" content=\"image\/jpeg\" \/>\n<meta name=\"author\" content=\"guenter.wolfgang\" \/>\n<meta name=\"twitter:card\" content=\"summary_large_image\" \/>\n<meta name=\"twitter:label1\" content=\"Verfasst von\" \/>\n\t<meta name=\"twitter:data1\" content=\"guenter.wolfgang\" \/>\n\t<meta name=\"twitter:label2\" content=\"Gesch\u00e4tzte Lesezeit\" \/>\n\t<meta name=\"twitter:data2\" content=\"3\u00a0Minuten\" \/>\n<script type=\"application\/ld+json\" class=\"yoast-schema-graph\">{\"@context\":\"https:\/\/schema.org\",\"@graph\":[{\"@type\":\"Article\",\"@id\":\"https:\/\/kulturonline.tv\/de\/berliner-galerist-johann-koenig-erwirkt-gegen-die-zeit-eine-weitere-einstweilige-verfuegung\/#article\",\"isPartOf\":{\"@id\":\"https:\/\/kulturonline.tv\/de\/berliner-galerist-johann-koenig-erwirkt-gegen-die-zeit-eine-weitere-einstweilige-verfuegung\/\"},\"author\":{\"name\":\"guenter.wolfgang\",\"@id\":\"https:\/\/kulturonline.tv\/de\/#\/schema\/person\/b0fac729bb9a0c193fb1df23449df4fe\"},\"headline\":\"Berliner Galerist Johann K\u00f6nig erwirkt gegen die &#8222;ZEIT&#8220; eine weitere einstweilige Verf\u00fcgung\",\"datePublished\":\"2022-12-20T13:10:45+00:00\",\"dateModified\":\"2023-01-11T19:11:47+00:00\",\"mainEntityOfPage\":{\"@id\":\"https:\/\/kulturonline.tv\/de\/berliner-galerist-johann-koenig-erwirkt-gegen-die-zeit-eine-weitere-einstweilige-verfuegung\/\"},\"wordCount\":582,\"publisher\":{\"@id\":\"https:\/\/kulturonline.tv\/de\/#organization\"},\"image\":{\"@id\":\"https:\/\/kulturonline.tv\/de\/berliner-galerist-johann-koenig-erwirkt-gegen-die-zeit-eine-weitere-einstweilige-verfuegung\/#primaryimage\"},\"thumbnailUrl\":\"https:\/\/kulturonline.tv\/wp-content\/uploads\/2022\/12\/Lohann-Koenig-Gallerist-edited.jpg\",\"articleSection\":[\"Kunst\",\"Newsflash\"],\"inLanguage\":\"de\"},{\"@type\":\"WebPage\",\"@id\":\"https:\/\/kulturonline.tv\/de\/berliner-galerist-johann-koenig-erwirkt-gegen-die-zeit-eine-weitere-einstweilige-verfuegung\/\",\"url\":\"https:\/\/kulturonline.tv\/de\/berliner-galerist-johann-koenig-erwirkt-gegen-die-zeit-eine-weitere-einstweilige-verfuegung\/\",\"name\":\"Berliner Galerist Johann K\u00f6nig erwirkt gegen die \\\"ZEIT\\\" eine weitere einstweilige Verf\u00fcgung - Kultur Online TV &amp; FM\",\"isPartOf\":{\"@id\":\"https:\/\/kulturonline.tv\/de\/#website\"},\"primaryImageOfPage\":{\"@id\":\"https:\/\/kulturonline.tv\/de\/berliner-galerist-johann-koenig-erwirkt-gegen-die-zeit-eine-weitere-einstweilige-verfuegung\/#primaryimage\"},\"image\":{\"@id\":\"https:\/\/kulturonline.tv\/de\/berliner-galerist-johann-koenig-erwirkt-gegen-die-zeit-eine-weitere-einstweilige-verfuegung\/#primaryimage\"},\"thumbnailUrl\":\"https:\/\/kulturonline.tv\/wp-content\/uploads\/2022\/12\/Lohann-Koenig-Gallerist-edited.jpg\",\"datePublished\":\"2022-12-20T13:10:45+00:00\",\"dateModified\":\"2023-01-11T19:11:47+00:00\",\"description\":\"In einem Artikel vom 01.09.2022 (und parallel in der Onlineausgabe vom 31.08.2022) berichtete die \\\"ZEIT\\\" \u00fcber Vorw\u00fcrfe mehrerer Frauen gegen\u00fcber dem Galeristen Johann K\u00f6nig wegen angeblicher sexueller Bel\u00e4stigungen und \u00dcbergriffigkeiten.\",\"breadcrumb\":{\"@id\":\"https:\/\/kulturonline.tv\/de\/berliner-galerist-johann-koenig-erwirkt-gegen-die-zeit-eine-weitere-einstweilige-verfuegung\/#breadcrumb\"},\"inLanguage\":\"de\",\"potentialAction\":[{\"@type\":\"ReadAction\",\"target\":[\"https:\/\/kulturonline.tv\/de\/berliner-galerist-johann-koenig-erwirkt-gegen-die-zeit-eine-weitere-einstweilige-verfuegung\/\"]}]},{\"@type\":\"ImageObject\",\"inLanguage\":\"de\",\"@id\":\"https:\/\/kulturonline.tv\/de\/berliner-galerist-johann-koenig-erwirkt-gegen-die-zeit-eine-weitere-einstweilige-verfuegung\/#primaryimage\",\"url\":\"https:\/\/kulturonline.tv\/wp-content\/uploads\/2022\/12\/Lohann-Koenig-Gallerist-edited.jpg\",\"contentUrl\":\"https:\/\/kulturonline.tv\/wp-content\/uploads\/2022\/12\/Lohann-Koenig-Gallerist-edited.jpg\",\"width\":468,\"height\":263},{\"@type\":\"BreadcrumbList\",\"@id\":\"https:\/\/kulturonline.tv\/de\/berliner-galerist-johann-koenig-erwirkt-gegen-die-zeit-eine-weitere-einstweilige-verfuegung\/#breadcrumb\",\"itemListElement\":[{\"@type\":\"ListItem\",\"position\":1,\"name\":\"Startseite\",\"item\":\"https:\/\/kulturonline.tv\/de\/\"},{\"@type\":\"ListItem\",\"position\":2,\"name\":\"Berliner Galerist Johann K\u00f6nig erwirkt gegen die &#8222;ZEIT&#8220; eine weitere einstweilige Verf\u00fcgung\"}]},{\"@type\":\"WebSite\",\"@id\":\"https:\/\/kulturonline.tv\/de\/#website\",\"url\":\"https:\/\/kulturonline.tv\/de\/\",\"name\":\"Kultur Online TV &amp; FM\",\"description\":\"Wir sind Kultur 2.0 zum sehen &amp; h\u00f6ren\",\"publisher\":{\"@id\":\"https:\/\/kulturonline.tv\/de\/#organization\"},\"potentialAction\":[{\"@type\":\"SearchAction\",\"target\":{\"@type\":\"EntryPoint\",\"urlTemplate\":\"https:\/\/kulturonline.tv\/de\/?s={search_term_string}\"},\"query-input\":{\"@type\":\"PropertyValueSpecification\",\"valueRequired\":true,\"valueName\":\"search_term_string\"}}],\"inLanguage\":\"de\"},{\"@type\":\"Organization\",\"@id\":\"https:\/\/kulturonline.tv\/de\/#organization\",\"name\":\"Kultur Online TV\",\"url\":\"https:\/\/kulturonline.tv\/de\/\",\"logo\":{\"@type\":\"ImageObject\",\"inLanguage\":\"de\",\"@id\":\"https:\/\/kulturonline.tv\/de\/#\/schema\/logo\/image\/\",\"url\":\"https:\/\/kulturonline.tv\/wp-content\/uploads\/2021\/08\/Kultur-Online-Tv-Logo-Endversion-neu.png\",\"contentUrl\":\"https:\/\/kulturonline.tv\/wp-content\/uploads\/2021\/08\/Kultur-Online-Tv-Logo-Endversion-neu.png\",\"width\":200,\"height\":200,\"caption\":\"Kultur Online TV\"},\"image\":{\"@id\":\"https:\/\/kulturonline.tv\/de\/#\/schema\/logo\/image\/\"},\"sameAs\":[\"https:\/\/www.facebook.com\/kulturonline.tv\",\"https:\/\/www.instagram.com\/kulturonline.tv\"]},{\"@type\":\"Person\",\"@id\":\"https:\/\/kulturonline.tv\/de\/#\/schema\/person\/b0fac729bb9a0c193fb1df23449df4fe\",\"name\":\"guenter.wolfgang\"}]}<\/script>\n<!-- \/ Yoast SEO plugin. -->","yoast_head_json":{"title":"Berliner Galerist Johann K\u00f6nig erwirkt gegen die \"ZEIT\" eine weitere einstweilige Verf\u00fcgung - Kultur Online TV &amp; FM","description":"In einem Artikel vom 01.09.2022 (und parallel in der Onlineausgabe vom 31.08.2022) berichtete die \"ZEIT\" \u00fcber Vorw\u00fcrfe mehrerer Frauen gegen\u00fcber dem Galeristen Johann K\u00f6nig wegen angeblicher sexueller Bel\u00e4stigungen und \u00dcbergriffigkeiten.","robots":{"index":"index","follow":"follow","max-snippet":"max-snippet:-1","max-image-preview":"max-image-preview:large","max-video-preview":"max-video-preview:-1"},"canonical":"https:\/\/kulturonline.tv\/de\/berliner-galerist-johann-koenig-erwirkt-gegen-die-zeit-eine-weitere-einstweilige-verfuegung\/","og_locale":"de_DE","og_type":"article","og_title":"Berliner Galerist Johann K\u00f6nig erwirkt gegen die \"ZEIT\" eine weitere einstweilige Verf\u00fcgung - Kultur Online TV &amp; FM","og_description":"In einem Artikel vom 01.09.2022 (und parallel in der Onlineausgabe vom 31.08.2022) berichtete die \"ZEIT\" \u00fcber Vorw\u00fcrfe mehrerer Frauen gegen\u00fcber dem Galeristen Johann K\u00f6nig wegen angeblicher sexueller Bel\u00e4stigungen und \u00dcbergriffigkeiten.","og_url":"https:\/\/kulturonline.tv\/de\/berliner-galerist-johann-koenig-erwirkt-gegen-die-zeit-eine-weitere-einstweilige-verfuegung\/","og_site_name":"Kultur Online TV &amp; FM","article_publisher":"https:\/\/www.facebook.com\/kulturonline.tv","article_published_time":"2022-12-20T13:10:45+00:00","article_modified_time":"2023-01-11T19:11:47+00:00","og_image":[{"width":468,"height":263,"url":"https:\/\/kulturonline.tv\/wp-content\/uploads\/2022\/12\/Lohann-Koenig-Gallerist-edited.jpg","type":"image\/jpeg"}],"author":"guenter.wolfgang","twitter_card":"summary_large_image","twitter_misc":{"Verfasst von":"guenter.wolfgang","Gesch\u00e4tzte Lesezeit":"3\u00a0Minuten"},"schema":{"@context":"https:\/\/schema.org","@graph":[{"@type":"Article","@id":"https:\/\/kulturonline.tv\/de\/berliner-galerist-johann-koenig-erwirkt-gegen-die-zeit-eine-weitere-einstweilige-verfuegung\/#article","isPartOf":{"@id":"https:\/\/kulturonline.tv\/de\/berliner-galerist-johann-koenig-erwirkt-gegen-die-zeit-eine-weitere-einstweilige-verfuegung\/"},"author":{"name":"guenter.wolfgang","@id":"https:\/\/kulturonline.tv\/de\/#\/schema\/person\/b0fac729bb9a0c193fb1df23449df4fe"},"headline":"Berliner Galerist Johann K\u00f6nig erwirkt gegen die &#8222;ZEIT&#8220; eine weitere einstweilige Verf\u00fcgung","datePublished":"2022-12-20T13:10:45+00:00","dateModified":"2023-01-11T19:11:47+00:00","mainEntityOfPage":{"@id":"https:\/\/kulturonline.tv\/de\/berliner-galerist-johann-koenig-erwirkt-gegen-die-zeit-eine-weitere-einstweilige-verfuegung\/"},"wordCount":582,"publisher":{"@id":"https:\/\/kulturonline.tv\/de\/#organization"},"image":{"@id":"https:\/\/kulturonline.tv\/de\/berliner-galerist-johann-koenig-erwirkt-gegen-die-zeit-eine-weitere-einstweilige-verfuegung\/#primaryimage"},"thumbnailUrl":"https:\/\/kulturonline.tv\/wp-content\/uploads\/2022\/12\/Lohann-Koenig-Gallerist-edited.jpg","articleSection":["Kunst","Newsflash"],"inLanguage":"de"},{"@type":"WebPage","@id":"https:\/\/kulturonline.tv\/de\/berliner-galerist-johann-koenig-erwirkt-gegen-die-zeit-eine-weitere-einstweilige-verfuegung\/","url":"https:\/\/kulturonline.tv\/de\/berliner-galerist-johann-koenig-erwirkt-gegen-die-zeit-eine-weitere-einstweilige-verfuegung\/","name":"Berliner Galerist Johann K\u00f6nig erwirkt gegen die \"ZEIT\" eine weitere einstweilige Verf\u00fcgung - Kultur Online TV &amp; FM","isPartOf":{"@id":"https:\/\/kulturonline.tv\/de\/#website"},"primaryImageOfPage":{"@id":"https:\/\/kulturonline.tv\/de\/berliner-galerist-johann-koenig-erwirkt-gegen-die-zeit-eine-weitere-einstweilige-verfuegung\/#primaryimage"},"image":{"@id":"https:\/\/kulturonline.tv\/de\/berliner-galerist-johann-koenig-erwirkt-gegen-die-zeit-eine-weitere-einstweilige-verfuegung\/#primaryimage"},"thumbnailUrl":"https:\/\/kulturonline.tv\/wp-content\/uploads\/2022\/12\/Lohann-Koenig-Gallerist-edited.jpg","datePublished":"2022-12-20T13:10:45+00:00","dateModified":"2023-01-11T19:11:47+00:00","description":"In einem Artikel vom 01.09.2022 (und parallel in der Onlineausgabe vom 31.08.2022) berichtete die \"ZEIT\" \u00fcber Vorw\u00fcrfe mehrerer Frauen gegen\u00fcber dem Galeristen Johann K\u00f6nig wegen angeblicher sexueller Bel\u00e4stigungen und \u00dcbergriffigkeiten.","breadcrumb":{"@id":"https:\/\/kulturonline.tv\/de\/berliner-galerist-johann-koenig-erwirkt-gegen-die-zeit-eine-weitere-einstweilige-verfuegung\/#breadcrumb"},"inLanguage":"de","potentialAction":[{"@type":"ReadAction","target":["https:\/\/kulturonline.tv\/de\/berliner-galerist-johann-koenig-erwirkt-gegen-die-zeit-eine-weitere-einstweilige-verfuegung\/"]}]},{"@type":"ImageObject","inLanguage":"de","@id":"https:\/\/kulturonline.tv\/de\/berliner-galerist-johann-koenig-erwirkt-gegen-die-zeit-eine-weitere-einstweilige-verfuegung\/#primaryimage","url":"https:\/\/kulturonline.tv\/wp-content\/uploads\/2022\/12\/Lohann-Koenig-Gallerist-edited.jpg","contentUrl":"https:\/\/kulturonline.tv\/wp-content\/uploads\/2022\/12\/Lohann-Koenig-Gallerist-edited.jpg","width":468,"height":263},{"@type":"BreadcrumbList","@id":"https:\/\/kulturonline.tv\/de\/berliner-galerist-johann-koenig-erwirkt-gegen-die-zeit-eine-weitere-einstweilige-verfuegung\/#breadcrumb","itemListElement":[{"@type":"ListItem","position":1,"name":"Startseite","item":"https:\/\/kulturonline.tv\/de\/"},{"@type":"ListItem","position":2,"name":"Berliner Galerist Johann K\u00f6nig erwirkt gegen die &#8222;ZEIT&#8220; eine weitere einstweilige Verf\u00fcgung"}]},{"@type":"WebSite","@id":"https:\/\/kulturonline.tv\/de\/#website","url":"https:\/\/kulturonline.tv\/de\/","name":"Kultur Online TV &amp; FM","description":"Wir sind Kultur 2.0 zum sehen &amp; h\u00f6ren","publisher":{"@id":"https:\/\/kulturonline.tv\/de\/#organization"},"potentialAction":[{"@type":"SearchAction","target":{"@type":"EntryPoint","urlTemplate":"https:\/\/kulturonline.tv\/de\/?s={search_term_string}"},"query-input":{"@type":"PropertyValueSpecification","valueRequired":true,"valueName":"search_term_string"}}],"inLanguage":"de"},{"@type":"Organization","@id":"https:\/\/kulturonline.tv\/de\/#organization","name":"Kultur Online TV","url":"https:\/\/kulturonline.tv\/de\/","logo":{"@type":"ImageObject","inLanguage":"de","@id":"https:\/\/kulturonline.tv\/de\/#\/schema\/logo\/image\/","url":"https:\/\/kulturonline.tv\/wp-content\/uploads\/2021\/08\/Kultur-Online-Tv-Logo-Endversion-neu.png","contentUrl":"https:\/\/kulturonline.tv\/wp-content\/uploads\/2021\/08\/Kultur-Online-Tv-Logo-Endversion-neu.png","width":200,"height":200,"caption":"Kultur Online TV"},"image":{"@id":"https:\/\/kulturonline.tv\/de\/#\/schema\/logo\/image\/"},"sameAs":["https:\/\/www.facebook.com\/kulturonline.tv","https:\/\/www.instagram.com\/kulturonline.tv"]},{"@type":"Person","@id":"https:\/\/kulturonline.tv\/de\/#\/schema\/person\/b0fac729bb9a0c193fb1df23449df4fe","name":"guenter.wolfgang"}]}},"_links":{"self":[{"href":"https:\/\/kulturonline.tv\/de\/wp-json\/wp\/v2\/posts\/46825","targetHints":{"allow":["GET"]}}],"collection":[{"href":"https:\/\/kulturonline.tv\/de\/wp-json\/wp\/v2\/posts"}],"about":[{"href":"https:\/\/kulturonline.tv\/de\/wp-json\/wp\/v2\/types\/post"}],"author":[{"embeddable":true,"href":"https:\/\/kulturonline.tv\/de\/wp-json\/wp\/v2\/users\/2"}],"replies":[{"embeddable":true,"href":"https:\/\/kulturonline.tv\/de\/wp-json\/wp\/v2\/comments?post=46825"}],"version-history":[{"count":0,"href":"https:\/\/kulturonline.tv\/de\/wp-json\/wp\/v2\/posts\/46825\/revisions"}],"wp:featuredmedia":[{"embeddable":true,"href":"https:\/\/kulturonline.tv\/de\/wp-json\/wp\/v2\/media\/46828"}],"wp:attachment":[{"href":"https:\/\/kulturonline.tv\/de\/wp-json\/wp\/v2\/media?parent=46825"}],"wp:term":[{"taxonomy":"category","embeddable":true,"href":"https:\/\/kulturonline.tv\/de\/wp-json\/wp\/v2\/categories?post=46825"},{"taxonomy":"post_tag","embeddable":true,"href":"https:\/\/kulturonline.tv\/de\/wp-json\/wp\/v2\/tags?post=46825"}],"curies":[{"name":"wp","href":"https:\/\/api.w.org\/{rel}","templated":true}]}}