{"id":46843,"date":"2022-12-24T11:14:55","date_gmt":"2022-12-24T10:14:55","guid":{"rendered":"https:\/\/kulturonline.tv\/?p=46843"},"modified":"2022-12-24T11:16:34","modified_gmt":"2022-12-24T10:16:34","slug":"literaturkritiker-michael-braun-verstorben","status":"publish","type":"post","link":"https:\/\/kulturonline.tv\/de\/literaturkritiker-michael-braun-verstorben\/","title":{"rendered":"Literaturkritiker Michael Braun verstorben"},"content":{"rendered":"\n<p>Im Alter von 64 Jahren ist der Heidelberger Literaturkritiker Michael Braun \u00fcberraschend verstorben<\/p>\n\n\n\n<figure class=\"wp-block-image size-full\"><img fetchpriority=\"high\" decoding=\"async\" width=\"800\" height=\"450\" src=\"https:\/\/kulturonline.tv\/wp-content\/uploads\/2022\/12\/Michael_Braun_auf_dem_Erlanger_Poetenfest_2015_02-edited.jpg\" alt=\"\" class=\"wp-image-46846\" srcset=\"https:\/\/kulturonline.tv\/wp-content\/uploads\/2022\/12\/Michael_Braun_auf_dem_Erlanger_Poetenfest_2015_02-edited.jpg 800w, https:\/\/kulturonline.tv\/wp-content\/uploads\/2022\/12\/Michael_Braun_auf_dem_Erlanger_Poetenfest_2015_02-edited-768x432.jpg 768w, https:\/\/kulturonline.tv\/wp-content\/uploads\/2022\/12\/Michael_Braun_auf_dem_Erlanger_Poetenfest_2015_02-edited-600x338.jpg 600w\" sizes=\"(max-width: 800px) 100vw, 800px\" \/><figcaption class=\"wp-element-caption\">\u00a9 Kritzelina, CC BY-SA 4.0, via Wikimedia Commons<\/figcaption><\/figure>\n\n\n\n<p>Er galt als einer der besten Kenner deutschsprachiger Dichtung. Braun schrieb f\u00fcr etliche Zeitungen und Zeitschriften. Neben zahlreichen Anthologien zeitgen\u00f6ssischer Lyrik gab er unter anderem den Deutschlandfunk Lyrikkalender heraus. Beim Erlanger Poetenfest war er seit 1994 als Moderator t\u00e4tig. <\/p>\n\n\n\n<p>Als etwa 30-J\u00e4hriger drehte Braun f\u00fcr die Bavaria-Film die Fernsehserie Funkstreife Isar 12. In den Folgejahren wurde er zum Fernsehregisseur, dem h\u00e4ufig die ersten Folgen neuer Fernsehserien anvertraut wurden. Er f\u00fchrte Regie bei vielen Krimiserien und drehte auch Familienserien wie Unsere sch\u00f6nsten Jahre, Salto Mortale und Goldene Zeiten \u2013 Bittere Zeiten.<\/p>\n\n\n\n<p>Michael Brauns Vater war der Regisseur, Filmproduzent und Drehbuchautor Harald Braun, der ihn 1942 als Zw\u00f6lfj\u00e4hriger mit der Titelrolle des jungen Rudolf Diesel in Gerhard Lamprechts Erfinder-Biografie Diesel zum Film brachte.<\/p>\n\n\n\n<p>1980 erhielt Braun eine ehrende Anerkennung bei der Verleihung des Adolf-Grimme-Preises. 2018 wurde er f\u00fcr seine herausragende Arbeit mit dem Alfred-Kerr-Preis f\u00fcr Literaturkritik ausgezeichnet.<\/p>\n\n\n\n<p>#literatur #news #personen<\/p>\n","protected":false},"excerpt":{"rendered":"<p>Im Alter von 64 Jahren ist der Heidelberger Literaturkritiker Michael Braun \u00fcberraschend verstorben Er galt als einer der besten Kenner deutschsprachiger Dichtung. Braun schrieb f\u00fcr etliche Zeitungen und Zeitschriften. Neben zahlreichen Anthologien zeitgen\u00f6ssischer Lyrik gab er unter anderem den Deutschlandfunk Lyrikkalender heraus. Beim Erlanger Poetenfest war er seit 1994 als Moderator t\u00e4tig. Als etwa 30-J\u00e4hriger [&hellip;]<\/p>\n","protected":false},"author":2,"featured_media":46846,"comment_status":"closed","ping_status":"closed","sticky":false,"template":"","format":"standard","meta":{"_acf_changed":false,"footnotes":""},"categories":[106],"tags":[],"class_list":["post-46843","post","type-post","status-publish","format-standard","has-post-thumbnail","hentry","category-literatur"],"acf":[],"yoast_head":"<!-- This site is optimized with the Yoast SEO plugin v26.1.1 - https:\/\/yoast.com\/wordpress\/plugins\/seo\/ -->\n<title>Literaturkritiker Michael Braun verstorben - Kultur Online TV &amp; FM<\/title>\n<meta name=\"description\" content=\"Im Alter von 64 Jahren ist der Heidelberger Literaturkritiker Michael Braun \u00fcberraschend verstorben\" \/>\n<meta name=\"robots\" content=\"index, follow, max-snippet:-1, max-image-preview:large, max-video-preview:-1\" \/>\n<link rel=\"canonical\" href=\"https:\/\/kulturonline.tv\/de\/literaturkritiker-michael-braun-verstorben\/\" \/>\n<meta property=\"og:locale\" content=\"de_DE\" \/>\n<meta property=\"og:type\" content=\"article\" \/>\n<meta property=\"og:title\" content=\"Literaturkritiker Michael Braun verstorben - Kultur Online TV &amp; FM\" \/>\n<meta property=\"og:description\" content=\"Im Alter von 64 Jahren ist der Heidelberger Literaturkritiker Michael Braun \u00fcberraschend verstorben\" \/>\n<meta property=\"og:url\" content=\"https:\/\/kulturonline.tv\/de\/literaturkritiker-michael-braun-verstorben\/\" \/>\n<meta property=\"og:site_name\" content=\"Kultur Online TV &amp; FM\" \/>\n<meta property=\"article:publisher\" content=\"https:\/\/www.facebook.com\/kulturonline.tv\" \/>\n<meta property=\"article:published_time\" content=\"2022-12-24T10:14:55+00:00\" \/>\n<meta property=\"article:modified_time\" content=\"2022-12-24T10:16:34+00:00\" \/>\n<meta property=\"og:image\" content=\"https:\/\/kulturonline.tv\/wp-content\/uploads\/2022\/12\/Michael_Braun_auf_dem_Erlanger_Poetenfest_2015_02-edited.jpg\" \/>\n\t<meta property=\"og:image:width\" content=\"800\" \/>\n\t<meta property=\"og:image:height\" content=\"450\" \/>\n\t<meta property=\"og:image:type\" content=\"image\/jpeg\" \/>\n<meta name=\"author\" content=\"guenter.wolfgang\" \/>\n<meta name=\"twitter:card\" content=\"summary_large_image\" \/>\n<meta name=\"twitter:label1\" content=\"Verfasst von\" \/>\n\t<meta name=\"twitter:data1\" content=\"guenter.wolfgang\" \/>\n\t<meta name=\"twitter:label2\" content=\"Gesch\u00e4tzte Lesezeit\" \/>\n\t<meta name=\"twitter:data2\" content=\"1\u00a0Minute\" \/>\n<script type=\"application\/ld+json\" class=\"yoast-schema-graph\">{\"@context\":\"https:\/\/schema.org\",\"@graph\":[{\"@type\":\"Article\",\"@id\":\"https:\/\/kulturonline.tv\/de\/literaturkritiker-michael-braun-verstorben\/#article\",\"isPartOf\":{\"@id\":\"https:\/\/kulturonline.tv\/de\/literaturkritiker-michael-braun-verstorben\/\"},\"author\":{\"name\":\"guenter.wolfgang\",\"@id\":\"https:\/\/kulturonline.tv\/de\/#\/schema\/person\/b0fac729bb9a0c193fb1df23449df4fe\"},\"headline\":\"Literaturkritiker Michael Braun verstorben\",\"datePublished\":\"2022-12-24T10:14:55+00:00\",\"dateModified\":\"2022-12-24T10:16:34+00:00\",\"mainEntityOfPage\":{\"@id\":\"https:\/\/kulturonline.tv\/de\/literaturkritiker-michael-braun-verstorben\/\"},\"wordCount\":176,\"publisher\":{\"@id\":\"https:\/\/kulturonline.tv\/de\/#organization\"},\"image\":{\"@id\":\"https:\/\/kulturonline.tv\/de\/literaturkritiker-michael-braun-verstorben\/#primaryimage\"},\"thumbnailUrl\":\"https:\/\/kulturonline.tv\/wp-content\/uploads\/2022\/12\/Michael_Braun_auf_dem_Erlanger_Poetenfest_2015_02-edited.jpg\",\"articleSection\":[\"Literatur\"],\"inLanguage\":\"de\"},{\"@type\":\"WebPage\",\"@id\":\"https:\/\/kulturonline.tv\/de\/literaturkritiker-michael-braun-verstorben\/\",\"url\":\"https:\/\/kulturonline.tv\/de\/literaturkritiker-michael-braun-verstorben\/\",\"name\":\"Literaturkritiker Michael Braun verstorben - Kultur Online TV &amp; FM\",\"isPartOf\":{\"@id\":\"https:\/\/kulturonline.tv\/de\/#website\"},\"primaryImageOfPage\":{\"@id\":\"https:\/\/kulturonline.tv\/de\/literaturkritiker-michael-braun-verstorben\/#primaryimage\"},\"image\":{\"@id\":\"https:\/\/kulturonline.tv\/de\/literaturkritiker-michael-braun-verstorben\/#primaryimage\"},\"thumbnailUrl\":\"https:\/\/kulturonline.tv\/wp-content\/uploads\/2022\/12\/Michael_Braun_auf_dem_Erlanger_Poetenfest_2015_02-edited.jpg\",\"datePublished\":\"2022-12-24T10:14:55+00:00\",\"dateModified\":\"2022-12-24T10:16:34+00:00\",\"description\":\"Im Alter von 64 Jahren ist der Heidelberger Literaturkritiker Michael Braun \u00fcberraschend verstorben\",\"breadcrumb\":{\"@id\":\"https:\/\/kulturonline.tv\/de\/literaturkritiker-michael-braun-verstorben\/#breadcrumb\"},\"inLanguage\":\"de\",\"potentialAction\":[{\"@type\":\"ReadAction\",\"target\":[\"https:\/\/kulturonline.tv\/de\/literaturkritiker-michael-braun-verstorben\/\"]}]},{\"@type\":\"ImageObject\",\"inLanguage\":\"de\",\"@id\":\"https:\/\/kulturonline.tv\/de\/literaturkritiker-michael-braun-verstorben\/#primaryimage\",\"url\":\"https:\/\/kulturonline.tv\/wp-content\/uploads\/2022\/12\/Michael_Braun_auf_dem_Erlanger_Poetenfest_2015_02-edited.jpg\",\"contentUrl\":\"https:\/\/kulturonline.tv\/wp-content\/uploads\/2022\/12\/Michael_Braun_auf_dem_Erlanger_Poetenfest_2015_02-edited.jpg\",\"width\":800,\"height\":450},{\"@type\":\"BreadcrumbList\",\"@id\":\"https:\/\/kulturonline.tv\/de\/literaturkritiker-michael-braun-verstorben\/#breadcrumb\",\"itemListElement\":[{\"@type\":\"ListItem\",\"position\":1,\"name\":\"Startseite\",\"item\":\"https:\/\/kulturonline.tv\/de\/\"},{\"@type\":\"ListItem\",\"position\":2,\"name\":\"Literaturkritiker Michael Braun verstorben\"}]},{\"@type\":\"WebSite\",\"@id\":\"https:\/\/kulturonline.tv\/de\/#website\",\"url\":\"https:\/\/kulturonline.tv\/de\/\",\"name\":\"Kultur Online TV &amp; FM\",\"description\":\"Wir sind Kultur 2.0 zum sehen &amp; h\u00f6ren\",\"publisher\":{\"@id\":\"https:\/\/kulturonline.tv\/de\/#organization\"},\"potentialAction\":[{\"@type\":\"SearchAction\",\"target\":{\"@type\":\"EntryPoint\",\"urlTemplate\":\"https:\/\/kulturonline.tv\/de\/?s={search_term_string}\"},\"query-input\":{\"@type\":\"PropertyValueSpecification\",\"valueRequired\":true,\"valueName\":\"search_term_string\"}}],\"inLanguage\":\"de\"},{\"@type\":\"Organization\",\"@id\":\"https:\/\/kulturonline.tv\/de\/#organization\",\"name\":\"Kultur Online TV\",\"url\":\"https:\/\/kulturonline.tv\/de\/\",\"logo\":{\"@type\":\"ImageObject\",\"inLanguage\":\"de\",\"@id\":\"https:\/\/kulturonline.tv\/de\/#\/schema\/logo\/image\/\",\"url\":\"https:\/\/kulturonline.tv\/wp-content\/uploads\/2021\/08\/Kultur-Online-Tv-Logo-Endversion-neu.png\",\"contentUrl\":\"https:\/\/kulturonline.tv\/wp-content\/uploads\/2021\/08\/Kultur-Online-Tv-Logo-Endversion-neu.png\",\"width\":200,\"height\":200,\"caption\":\"Kultur Online TV\"},\"image\":{\"@id\":\"https:\/\/kulturonline.tv\/de\/#\/schema\/logo\/image\/\"},\"sameAs\":[\"https:\/\/www.facebook.com\/kulturonline.tv\",\"https:\/\/www.instagram.com\/kulturonline.tv\"]},{\"@type\":\"Person\",\"@id\":\"https:\/\/kulturonline.tv\/de\/#\/schema\/person\/b0fac729bb9a0c193fb1df23449df4fe\",\"name\":\"guenter.wolfgang\"}]}<\/script>\n<!-- \/ Yoast SEO plugin. -->","yoast_head_json":{"title":"Literaturkritiker Michael Braun verstorben - Kultur Online TV &amp; FM","description":"Im Alter von 64 Jahren ist der Heidelberger Literaturkritiker Michael Braun \u00fcberraschend verstorben","robots":{"index":"index","follow":"follow","max-snippet":"max-snippet:-1","max-image-preview":"max-image-preview:large","max-video-preview":"max-video-preview:-1"},"canonical":"https:\/\/kulturonline.tv\/de\/literaturkritiker-michael-braun-verstorben\/","og_locale":"de_DE","og_type":"article","og_title":"Literaturkritiker Michael Braun verstorben - Kultur Online TV &amp; FM","og_description":"Im Alter von 64 Jahren ist der Heidelberger Literaturkritiker Michael Braun \u00fcberraschend verstorben","og_url":"https:\/\/kulturonline.tv\/de\/literaturkritiker-michael-braun-verstorben\/","og_site_name":"Kultur Online TV &amp; FM","article_publisher":"https:\/\/www.facebook.com\/kulturonline.tv","article_published_time":"2022-12-24T10:14:55+00:00","article_modified_time":"2022-12-24T10:16:34+00:00","og_image":[{"width":800,"height":450,"url":"https:\/\/kulturonline.tv\/wp-content\/uploads\/2022\/12\/Michael_Braun_auf_dem_Erlanger_Poetenfest_2015_02-edited.jpg","type":"image\/jpeg"}],"author":"guenter.wolfgang","twitter_card":"summary_large_image","twitter_misc":{"Verfasst von":"guenter.wolfgang","Gesch\u00e4tzte Lesezeit":"1\u00a0Minute"},"schema":{"@context":"https:\/\/schema.org","@graph":[{"@type":"Article","@id":"https:\/\/kulturonline.tv\/de\/literaturkritiker-michael-braun-verstorben\/#article","isPartOf":{"@id":"https:\/\/kulturonline.tv\/de\/literaturkritiker-michael-braun-verstorben\/"},"author":{"name":"guenter.wolfgang","@id":"https:\/\/kulturonline.tv\/de\/#\/schema\/person\/b0fac729bb9a0c193fb1df23449df4fe"},"headline":"Literaturkritiker Michael Braun verstorben","datePublished":"2022-12-24T10:14:55+00:00","dateModified":"2022-12-24T10:16:34+00:00","mainEntityOfPage":{"@id":"https:\/\/kulturonline.tv\/de\/literaturkritiker-michael-braun-verstorben\/"},"wordCount":176,"publisher":{"@id":"https:\/\/kulturonline.tv\/de\/#organization"},"image":{"@id":"https:\/\/kulturonline.tv\/de\/literaturkritiker-michael-braun-verstorben\/#primaryimage"},"thumbnailUrl":"https:\/\/kulturonline.tv\/wp-content\/uploads\/2022\/12\/Michael_Braun_auf_dem_Erlanger_Poetenfest_2015_02-edited.jpg","articleSection":["Literatur"],"inLanguage":"de"},{"@type":"WebPage","@id":"https:\/\/kulturonline.tv\/de\/literaturkritiker-michael-braun-verstorben\/","url":"https:\/\/kulturonline.tv\/de\/literaturkritiker-michael-braun-verstorben\/","name":"Literaturkritiker Michael Braun verstorben - Kultur Online TV &amp; FM","isPartOf":{"@id":"https:\/\/kulturonline.tv\/de\/#website"},"primaryImageOfPage":{"@id":"https:\/\/kulturonline.tv\/de\/literaturkritiker-michael-braun-verstorben\/#primaryimage"},"image":{"@id":"https:\/\/kulturonline.tv\/de\/literaturkritiker-michael-braun-verstorben\/#primaryimage"},"thumbnailUrl":"https:\/\/kulturonline.tv\/wp-content\/uploads\/2022\/12\/Michael_Braun_auf_dem_Erlanger_Poetenfest_2015_02-edited.jpg","datePublished":"2022-12-24T10:14:55+00:00","dateModified":"2022-12-24T10:16:34+00:00","description":"Im Alter von 64 Jahren ist der Heidelberger Literaturkritiker Michael Braun \u00fcberraschend verstorben","breadcrumb":{"@id":"https:\/\/kulturonline.tv\/de\/literaturkritiker-michael-braun-verstorben\/#breadcrumb"},"inLanguage":"de","potentialAction":[{"@type":"ReadAction","target":["https:\/\/kulturonline.tv\/de\/literaturkritiker-michael-braun-verstorben\/"]}]},{"@type":"ImageObject","inLanguage":"de","@id":"https:\/\/kulturonline.tv\/de\/literaturkritiker-michael-braun-verstorben\/#primaryimage","url":"https:\/\/kulturonline.tv\/wp-content\/uploads\/2022\/12\/Michael_Braun_auf_dem_Erlanger_Poetenfest_2015_02-edited.jpg","contentUrl":"https:\/\/kulturonline.tv\/wp-content\/uploads\/2022\/12\/Michael_Braun_auf_dem_Erlanger_Poetenfest_2015_02-edited.jpg","width":800,"height":450},{"@type":"BreadcrumbList","@id":"https:\/\/kulturonline.tv\/de\/literaturkritiker-michael-braun-verstorben\/#breadcrumb","itemListElement":[{"@type":"ListItem","position":1,"name":"Startseite","item":"https:\/\/kulturonline.tv\/de\/"},{"@type":"ListItem","position":2,"name":"Literaturkritiker Michael Braun verstorben"}]},{"@type":"WebSite","@id":"https:\/\/kulturonline.tv\/de\/#website","url":"https:\/\/kulturonline.tv\/de\/","name":"Kultur Online TV &amp; FM","description":"Wir sind Kultur 2.0 zum sehen &amp; h\u00f6ren","publisher":{"@id":"https:\/\/kulturonline.tv\/de\/#organization"},"potentialAction":[{"@type":"SearchAction","target":{"@type":"EntryPoint","urlTemplate":"https:\/\/kulturonline.tv\/de\/?s={search_term_string}"},"query-input":{"@type":"PropertyValueSpecification","valueRequired":true,"valueName":"search_term_string"}}],"inLanguage":"de"},{"@type":"Organization","@id":"https:\/\/kulturonline.tv\/de\/#organization","name":"Kultur Online TV","url":"https:\/\/kulturonline.tv\/de\/","logo":{"@type":"ImageObject","inLanguage":"de","@id":"https:\/\/kulturonline.tv\/de\/#\/schema\/logo\/image\/","url":"https:\/\/kulturonline.tv\/wp-content\/uploads\/2021\/08\/Kultur-Online-Tv-Logo-Endversion-neu.png","contentUrl":"https:\/\/kulturonline.tv\/wp-content\/uploads\/2021\/08\/Kultur-Online-Tv-Logo-Endversion-neu.png","width":200,"height":200,"caption":"Kultur Online TV"},"image":{"@id":"https:\/\/kulturonline.tv\/de\/#\/schema\/logo\/image\/"},"sameAs":["https:\/\/www.facebook.com\/kulturonline.tv","https:\/\/www.instagram.com\/kulturonline.tv"]},{"@type":"Person","@id":"https:\/\/kulturonline.tv\/de\/#\/schema\/person\/b0fac729bb9a0c193fb1df23449df4fe","name":"guenter.wolfgang"}]}},"_links":{"self":[{"href":"https:\/\/kulturonline.tv\/de\/wp-json\/wp\/v2\/posts\/46843","targetHints":{"allow":["GET"]}}],"collection":[{"href":"https:\/\/kulturonline.tv\/de\/wp-json\/wp\/v2\/posts"}],"about":[{"href":"https:\/\/kulturonline.tv\/de\/wp-json\/wp\/v2\/types\/post"}],"author":[{"embeddable":true,"href":"https:\/\/kulturonline.tv\/de\/wp-json\/wp\/v2\/users\/2"}],"replies":[{"embeddable":true,"href":"https:\/\/kulturonline.tv\/de\/wp-json\/wp\/v2\/comments?post=46843"}],"version-history":[{"count":0,"href":"https:\/\/kulturonline.tv\/de\/wp-json\/wp\/v2\/posts\/46843\/revisions"}],"wp:featuredmedia":[{"embeddable":true,"href":"https:\/\/kulturonline.tv\/de\/wp-json\/wp\/v2\/media\/46846"}],"wp:attachment":[{"href":"https:\/\/kulturonline.tv\/de\/wp-json\/wp\/v2\/media?parent=46843"}],"wp:term":[{"taxonomy":"category","embeddable":true,"href":"https:\/\/kulturonline.tv\/de\/wp-json\/wp\/v2\/categories?post=46843"},{"taxonomy":"post_tag","embeddable":true,"href":"https:\/\/kulturonline.tv\/de\/wp-json\/wp\/v2\/tags?post=46843"}],"curies":[{"name":"wp","href":"https:\/\/api.w.org\/{rel}","templated":true}]}}