{"id":46868,"date":"2022-12-24T11:40:18","date_gmt":"2022-12-24T10:40:18","guid":{"rendered":"https:\/\/kulturonline.tv\/?p=46868"},"modified":"2022-12-24T11:40:19","modified_gmt":"2022-12-24T10:40:19","slug":"bundesarbeitsgericht-stuetzt-rechte-von-kuenstlern","status":"publish","type":"post","link":"https:\/\/kulturonline.tv\/de\/bundesarbeitsgericht-stuetzt-rechte-von-kuenstlern\/","title":{"rendered":"Bundesarbeitsgericht st\u00fctzt Rechte von K\u00fcnstlern"},"content":{"rendered":"\n<p>Das Bundesarbeitsgericht in Erfurt hat mit einer Entscheidung die Rechte von K\u00fcnstlerinnen und K\u00fcnstlern gest\u00fctzt.<\/p>\n\n\n\n<figure class=\"wp-block-image size-full\"><img fetchpriority=\"high\" decoding=\"async\" width=\"1280\" height=\"720\" src=\"https:\/\/kulturonline.tv\/wp-content\/uploads\/2022\/12\/Bundesarbeitsgericht-Kultur-Online-TV-edited.jpg\" alt=\"\" class=\"wp-image-46871\" srcset=\"https:\/\/kulturonline.tv\/wp-content\/uploads\/2022\/12\/Bundesarbeitsgericht-Kultur-Online-TV-edited.jpg 1280w, https:\/\/kulturonline.tv\/wp-content\/uploads\/2022\/12\/Bundesarbeitsgericht-Kultur-Online-TV-edited-800x450.jpg 800w, https:\/\/kulturonline.tv\/wp-content\/uploads\/2022\/12\/Bundesarbeitsgericht-Kultur-Online-TV-edited-768x432.jpg 768w, https:\/\/kulturonline.tv\/wp-content\/uploads\/2022\/12\/Bundesarbeitsgericht-Kultur-Online-TV-edited-600x338.jpg 600w\" sizes=\"(max-width: 1280px) 100vw, 1280px\" \/><figcaption class=\"wp-element-caption\">\u00a9 Bundesarbeitsgericht Ralf Roletschek ( Vortrag ) &#8211; Fahrradtechnik auf fahrradmonteur.de (FAL or GFDL 1.2 <a href=\"http:\/\/www.gnu.org\/licenses\/old-licenses\/fdl-1.2.html\">http:\/\/www.gnu.org\/licenses\/old-licenses\/fdl-1.2.html<\/a>), via Wikimedia Commons<\/figcaption><\/figure>\n\n\n\n<p>Bei dem Streit zwischen dem Theater G\u00f6ttingen und dem Schauspieler Nikolaus K\u00fchn ging es um die Nichtverl\u00e4ngerung eines Vertrages. K\u00fchn hatte 2018 geklagt, weil ihm im offiziellen Anh\u00f6rungsgespr\u00e4ch seitens des Theaters keine k\u00fcnstlerischen Gr\u00fcnde f\u00fcr die Entscheidung genannt worden waren. Der G\u00f6ttinger Intendant berief sich lediglich auf informelle Gespr\u00e4che. K\u00fchn wehrte sich deshalb erfolgreich gegen seine Abwicklung. Seine Position wurde nun auch vom h\u00f6chstens deutschen Arbeitsgericht best\u00e4tigt.<\/p>\n\n\n\n<p>Nach fast 14 Jahren Besch\u00e4ftigung am Theater G\u00f6ttingen sollte sein Vertrag kurze Zeit vor seiner Entfristung nicht mehr verl\u00e4ngert werden. Im offiziellen Anh\u00f6rungsgespr\u00e4ch nannte Intendant Erich Sidler dem Schauspieler keine k\u00fcnstlerischen Gr\u00fcnde f\u00fcr diese Entscheidung. Man berief sich auf informelle Gespr\u00e4che mit K\u00fchn in den Wochen zuvor was so verstanden wurde, dass er mit ihnen spricht und k\u00fcnstlerische Gr\u00fcnde f\u00fcr die Nichtverl\u00e4ngerung genannt wurden, deshalb wehrte sich K\u00fchn erfolgreich gegen seine Abwicklung.<\/p>\n\n\n\n<p>#news #theater <\/p>\n\n\n\n<p><\/p>\n","protected":false},"excerpt":{"rendered":"<p>Das Bundesarbeitsgericht in Erfurt hat mit einer Entscheidung die Rechte von K\u00fcnstlerinnen und K\u00fcnstlern gest\u00fctzt. Bei dem Streit zwischen dem Theater G\u00f6ttingen und dem Schauspieler Nikolaus K\u00fchn ging es um die Nichtverl\u00e4ngerung eines Vertrages. K\u00fchn hatte 2018 geklagt, weil ihm im offiziellen Anh\u00f6rungsgespr\u00e4ch seitens des Theaters keine k\u00fcnstlerischen Gr\u00fcnde f\u00fcr die Entscheidung genannt worden waren. [&hellip;]<\/p>\n","protected":false},"author":2,"featured_media":46871,"comment_status":"closed","ping_status":"closed","sticky":false,"template":"","format":"standard","meta":{"_acf_changed":false,"footnotes":""},"categories":[3,105],"tags":[],"class_list":["post-46868","post","type-post","status-publish","format-standard","has-post-thumbnail","hentry","category-newsflash","category-theater"],"acf":[],"yoast_head":"<!-- This site is optimized with the Yoast SEO plugin v26.1.1 - https:\/\/yoast.com\/wordpress\/plugins\/seo\/ -->\n<title>Bundesarbeitsgericht st\u00fctzt Rechte von K\u00fcnstlern - Kultur Online TV &amp; FM<\/title>\n<meta name=\"description\" content=\"Das Bundesarbeitsgericht in Erfurt hat mit einer Entscheidung die Rechte von K\u00fcnstlerinnen und K\u00fcnstlern gest\u00fctzt.\" \/>\n<meta name=\"robots\" content=\"index, follow, max-snippet:-1, max-image-preview:large, max-video-preview:-1\" \/>\n<link rel=\"canonical\" href=\"https:\/\/kulturonline.tv\/de\/bundesarbeitsgericht-stuetzt-rechte-von-kuenstlern\/\" \/>\n<meta property=\"og:locale\" content=\"de_DE\" \/>\n<meta property=\"og:type\" content=\"article\" \/>\n<meta property=\"og:title\" content=\"Bundesarbeitsgericht st\u00fctzt Rechte von K\u00fcnstlern - Kultur Online TV &amp; FM\" \/>\n<meta property=\"og:description\" content=\"Das Bundesarbeitsgericht in Erfurt hat mit einer Entscheidung die Rechte von K\u00fcnstlerinnen und K\u00fcnstlern gest\u00fctzt.\" \/>\n<meta property=\"og:url\" content=\"https:\/\/kulturonline.tv\/de\/bundesarbeitsgericht-stuetzt-rechte-von-kuenstlern\/\" \/>\n<meta property=\"og:site_name\" content=\"Kultur Online TV &amp; FM\" \/>\n<meta property=\"article:publisher\" content=\"https:\/\/www.facebook.com\/kulturonline.tv\" \/>\n<meta property=\"article:published_time\" content=\"2022-12-24T10:40:18+00:00\" \/>\n<meta property=\"article:modified_time\" content=\"2022-12-24T10:40:19+00:00\" \/>\n<meta property=\"og:image\" content=\"https:\/\/kulturonline.tv\/wp-content\/uploads\/2022\/12\/Bundesarbeitsgericht-Kultur-Online-TV-edited.jpg\" \/>\n\t<meta property=\"og:image:width\" content=\"1280\" \/>\n\t<meta property=\"og:image:height\" content=\"720\" \/>\n\t<meta property=\"og:image:type\" content=\"image\/jpeg\" \/>\n<meta name=\"author\" content=\"guenter.wolfgang\" \/>\n<meta name=\"twitter:card\" content=\"summary_large_image\" \/>\n<meta name=\"twitter:label1\" content=\"Verfasst von\" \/>\n\t<meta name=\"twitter:data1\" content=\"guenter.wolfgang\" \/>\n\t<meta name=\"twitter:label2\" content=\"Gesch\u00e4tzte Lesezeit\" \/>\n\t<meta name=\"twitter:data2\" content=\"1\u00a0Minute\" \/>\n<script type=\"application\/ld+json\" class=\"yoast-schema-graph\">{\"@context\":\"https:\/\/schema.org\",\"@graph\":[{\"@type\":\"Article\",\"@id\":\"https:\/\/kulturonline.tv\/de\/bundesarbeitsgericht-stuetzt-rechte-von-kuenstlern\/#article\",\"isPartOf\":{\"@id\":\"https:\/\/kulturonline.tv\/de\/bundesarbeitsgericht-stuetzt-rechte-von-kuenstlern\/\"},\"author\":{\"name\":\"guenter.wolfgang\",\"@id\":\"https:\/\/kulturonline.tv\/de\/#\/schema\/person\/b0fac729bb9a0c193fb1df23449df4fe\"},\"headline\":\"Bundesarbeitsgericht st\u00fctzt Rechte von K\u00fcnstlern\",\"datePublished\":\"2022-12-24T10:40:18+00:00\",\"dateModified\":\"2022-12-24T10:40:19+00:00\",\"mainEntityOfPage\":{\"@id\":\"https:\/\/kulturonline.tv\/de\/bundesarbeitsgericht-stuetzt-rechte-von-kuenstlern\/\"},\"wordCount\":216,\"publisher\":{\"@id\":\"https:\/\/kulturonline.tv\/de\/#organization\"},\"image\":{\"@id\":\"https:\/\/kulturonline.tv\/de\/bundesarbeitsgericht-stuetzt-rechte-von-kuenstlern\/#primaryimage\"},\"thumbnailUrl\":\"https:\/\/kulturonline.tv\/wp-content\/uploads\/2022\/12\/Bundesarbeitsgericht-Kultur-Online-TV-edited.jpg\",\"articleSection\":[\"Newsflash\",\"Theater\"],\"inLanguage\":\"de\"},{\"@type\":\"WebPage\",\"@id\":\"https:\/\/kulturonline.tv\/de\/bundesarbeitsgericht-stuetzt-rechte-von-kuenstlern\/\",\"url\":\"https:\/\/kulturonline.tv\/de\/bundesarbeitsgericht-stuetzt-rechte-von-kuenstlern\/\",\"name\":\"Bundesarbeitsgericht st\u00fctzt Rechte von K\u00fcnstlern - Kultur Online TV &amp; FM\",\"isPartOf\":{\"@id\":\"https:\/\/kulturonline.tv\/de\/#website\"},\"primaryImageOfPage\":{\"@id\":\"https:\/\/kulturonline.tv\/de\/bundesarbeitsgericht-stuetzt-rechte-von-kuenstlern\/#primaryimage\"},\"image\":{\"@id\":\"https:\/\/kulturonline.tv\/de\/bundesarbeitsgericht-stuetzt-rechte-von-kuenstlern\/#primaryimage\"},\"thumbnailUrl\":\"https:\/\/kulturonline.tv\/wp-content\/uploads\/2022\/12\/Bundesarbeitsgericht-Kultur-Online-TV-edited.jpg\",\"datePublished\":\"2022-12-24T10:40:18+00:00\",\"dateModified\":\"2022-12-24T10:40:19+00:00\",\"description\":\"Das Bundesarbeitsgericht in Erfurt hat mit einer Entscheidung die Rechte von K\u00fcnstlerinnen und K\u00fcnstlern gest\u00fctzt.\",\"breadcrumb\":{\"@id\":\"https:\/\/kulturonline.tv\/de\/bundesarbeitsgericht-stuetzt-rechte-von-kuenstlern\/#breadcrumb\"},\"inLanguage\":\"de\",\"potentialAction\":[{\"@type\":\"ReadAction\",\"target\":[\"https:\/\/kulturonline.tv\/de\/bundesarbeitsgericht-stuetzt-rechte-von-kuenstlern\/\"]}]},{\"@type\":\"ImageObject\",\"inLanguage\":\"de\",\"@id\":\"https:\/\/kulturonline.tv\/de\/bundesarbeitsgericht-stuetzt-rechte-von-kuenstlern\/#primaryimage\",\"url\":\"https:\/\/kulturonline.tv\/wp-content\/uploads\/2022\/12\/Bundesarbeitsgericht-Kultur-Online-TV-edited.jpg\",\"contentUrl\":\"https:\/\/kulturonline.tv\/wp-content\/uploads\/2022\/12\/Bundesarbeitsgericht-Kultur-Online-TV-edited.jpg\",\"width\":1280,\"height\":720},{\"@type\":\"BreadcrumbList\",\"@id\":\"https:\/\/kulturonline.tv\/de\/bundesarbeitsgericht-stuetzt-rechte-von-kuenstlern\/#breadcrumb\",\"itemListElement\":[{\"@type\":\"ListItem\",\"position\":1,\"name\":\"Startseite\",\"item\":\"https:\/\/kulturonline.tv\/de\/\"},{\"@type\":\"ListItem\",\"position\":2,\"name\":\"Bundesarbeitsgericht st\u00fctzt Rechte von K\u00fcnstlern\"}]},{\"@type\":\"WebSite\",\"@id\":\"https:\/\/kulturonline.tv\/de\/#website\",\"url\":\"https:\/\/kulturonline.tv\/de\/\",\"name\":\"Kultur Online TV &amp; FM\",\"description\":\"Wir sind Kultur 2.0 zum sehen &amp; h\u00f6ren\",\"publisher\":{\"@id\":\"https:\/\/kulturonline.tv\/de\/#organization\"},\"potentialAction\":[{\"@type\":\"SearchAction\",\"target\":{\"@type\":\"EntryPoint\",\"urlTemplate\":\"https:\/\/kulturonline.tv\/de\/?s={search_term_string}\"},\"query-input\":{\"@type\":\"PropertyValueSpecification\",\"valueRequired\":true,\"valueName\":\"search_term_string\"}}],\"inLanguage\":\"de\"},{\"@type\":\"Organization\",\"@id\":\"https:\/\/kulturonline.tv\/de\/#organization\",\"name\":\"Kultur Online TV\",\"url\":\"https:\/\/kulturonline.tv\/de\/\",\"logo\":{\"@type\":\"ImageObject\",\"inLanguage\":\"de\",\"@id\":\"https:\/\/kulturonline.tv\/de\/#\/schema\/logo\/image\/\",\"url\":\"https:\/\/kulturonline.tv\/wp-content\/uploads\/2021\/08\/Kultur-Online-Tv-Logo-Endversion-neu.png\",\"contentUrl\":\"https:\/\/kulturonline.tv\/wp-content\/uploads\/2021\/08\/Kultur-Online-Tv-Logo-Endversion-neu.png\",\"width\":200,\"height\":200,\"caption\":\"Kultur Online TV\"},\"image\":{\"@id\":\"https:\/\/kulturonline.tv\/de\/#\/schema\/logo\/image\/\"},\"sameAs\":[\"https:\/\/www.facebook.com\/kulturonline.tv\",\"https:\/\/www.instagram.com\/kulturonline.tv\"]},{\"@type\":\"Person\",\"@id\":\"https:\/\/kulturonline.tv\/de\/#\/schema\/person\/b0fac729bb9a0c193fb1df23449df4fe\",\"name\":\"guenter.wolfgang\"}]}<\/script>\n<!-- \/ Yoast SEO plugin. -->","yoast_head_json":{"title":"Bundesarbeitsgericht st\u00fctzt Rechte von K\u00fcnstlern - Kultur Online TV &amp; FM","description":"Das Bundesarbeitsgericht in Erfurt hat mit einer Entscheidung die Rechte von K\u00fcnstlerinnen und K\u00fcnstlern gest\u00fctzt.","robots":{"index":"index","follow":"follow","max-snippet":"max-snippet:-1","max-image-preview":"max-image-preview:large","max-video-preview":"max-video-preview:-1"},"canonical":"https:\/\/kulturonline.tv\/de\/bundesarbeitsgericht-stuetzt-rechte-von-kuenstlern\/","og_locale":"de_DE","og_type":"article","og_title":"Bundesarbeitsgericht st\u00fctzt Rechte von K\u00fcnstlern - Kultur Online TV &amp; FM","og_description":"Das Bundesarbeitsgericht in Erfurt hat mit einer Entscheidung die Rechte von K\u00fcnstlerinnen und K\u00fcnstlern gest\u00fctzt.","og_url":"https:\/\/kulturonline.tv\/de\/bundesarbeitsgericht-stuetzt-rechte-von-kuenstlern\/","og_site_name":"Kultur Online TV &amp; FM","article_publisher":"https:\/\/www.facebook.com\/kulturonline.tv","article_published_time":"2022-12-24T10:40:18+00:00","article_modified_time":"2022-12-24T10:40:19+00:00","og_image":[{"width":1280,"height":720,"url":"https:\/\/kulturonline.tv\/wp-content\/uploads\/2022\/12\/Bundesarbeitsgericht-Kultur-Online-TV-edited.jpg","type":"image\/jpeg"}],"author":"guenter.wolfgang","twitter_card":"summary_large_image","twitter_misc":{"Verfasst von":"guenter.wolfgang","Gesch\u00e4tzte Lesezeit":"1\u00a0Minute"},"schema":{"@context":"https:\/\/schema.org","@graph":[{"@type":"Article","@id":"https:\/\/kulturonline.tv\/de\/bundesarbeitsgericht-stuetzt-rechte-von-kuenstlern\/#article","isPartOf":{"@id":"https:\/\/kulturonline.tv\/de\/bundesarbeitsgericht-stuetzt-rechte-von-kuenstlern\/"},"author":{"name":"guenter.wolfgang","@id":"https:\/\/kulturonline.tv\/de\/#\/schema\/person\/b0fac729bb9a0c193fb1df23449df4fe"},"headline":"Bundesarbeitsgericht st\u00fctzt Rechte von K\u00fcnstlern","datePublished":"2022-12-24T10:40:18+00:00","dateModified":"2022-12-24T10:40:19+00:00","mainEntityOfPage":{"@id":"https:\/\/kulturonline.tv\/de\/bundesarbeitsgericht-stuetzt-rechte-von-kuenstlern\/"},"wordCount":216,"publisher":{"@id":"https:\/\/kulturonline.tv\/de\/#organization"},"image":{"@id":"https:\/\/kulturonline.tv\/de\/bundesarbeitsgericht-stuetzt-rechte-von-kuenstlern\/#primaryimage"},"thumbnailUrl":"https:\/\/kulturonline.tv\/wp-content\/uploads\/2022\/12\/Bundesarbeitsgericht-Kultur-Online-TV-edited.jpg","articleSection":["Newsflash","Theater"],"inLanguage":"de"},{"@type":"WebPage","@id":"https:\/\/kulturonline.tv\/de\/bundesarbeitsgericht-stuetzt-rechte-von-kuenstlern\/","url":"https:\/\/kulturonline.tv\/de\/bundesarbeitsgericht-stuetzt-rechte-von-kuenstlern\/","name":"Bundesarbeitsgericht st\u00fctzt Rechte von K\u00fcnstlern - Kultur Online TV &amp; FM","isPartOf":{"@id":"https:\/\/kulturonline.tv\/de\/#website"},"primaryImageOfPage":{"@id":"https:\/\/kulturonline.tv\/de\/bundesarbeitsgericht-stuetzt-rechte-von-kuenstlern\/#primaryimage"},"image":{"@id":"https:\/\/kulturonline.tv\/de\/bundesarbeitsgericht-stuetzt-rechte-von-kuenstlern\/#primaryimage"},"thumbnailUrl":"https:\/\/kulturonline.tv\/wp-content\/uploads\/2022\/12\/Bundesarbeitsgericht-Kultur-Online-TV-edited.jpg","datePublished":"2022-12-24T10:40:18+00:00","dateModified":"2022-12-24T10:40:19+00:00","description":"Das Bundesarbeitsgericht in Erfurt hat mit einer Entscheidung die Rechte von K\u00fcnstlerinnen und K\u00fcnstlern gest\u00fctzt.","breadcrumb":{"@id":"https:\/\/kulturonline.tv\/de\/bundesarbeitsgericht-stuetzt-rechte-von-kuenstlern\/#breadcrumb"},"inLanguage":"de","potentialAction":[{"@type":"ReadAction","target":["https:\/\/kulturonline.tv\/de\/bundesarbeitsgericht-stuetzt-rechte-von-kuenstlern\/"]}]},{"@type":"ImageObject","inLanguage":"de","@id":"https:\/\/kulturonline.tv\/de\/bundesarbeitsgericht-stuetzt-rechte-von-kuenstlern\/#primaryimage","url":"https:\/\/kulturonline.tv\/wp-content\/uploads\/2022\/12\/Bundesarbeitsgericht-Kultur-Online-TV-edited.jpg","contentUrl":"https:\/\/kulturonline.tv\/wp-content\/uploads\/2022\/12\/Bundesarbeitsgericht-Kultur-Online-TV-edited.jpg","width":1280,"height":720},{"@type":"BreadcrumbList","@id":"https:\/\/kulturonline.tv\/de\/bundesarbeitsgericht-stuetzt-rechte-von-kuenstlern\/#breadcrumb","itemListElement":[{"@type":"ListItem","position":1,"name":"Startseite","item":"https:\/\/kulturonline.tv\/de\/"},{"@type":"ListItem","position":2,"name":"Bundesarbeitsgericht st\u00fctzt Rechte von K\u00fcnstlern"}]},{"@type":"WebSite","@id":"https:\/\/kulturonline.tv\/de\/#website","url":"https:\/\/kulturonline.tv\/de\/","name":"Kultur Online TV &amp; FM","description":"Wir sind Kultur 2.0 zum sehen &amp; h\u00f6ren","publisher":{"@id":"https:\/\/kulturonline.tv\/de\/#organization"},"potentialAction":[{"@type":"SearchAction","target":{"@type":"EntryPoint","urlTemplate":"https:\/\/kulturonline.tv\/de\/?s={search_term_string}"},"query-input":{"@type":"PropertyValueSpecification","valueRequired":true,"valueName":"search_term_string"}}],"inLanguage":"de"},{"@type":"Organization","@id":"https:\/\/kulturonline.tv\/de\/#organization","name":"Kultur Online TV","url":"https:\/\/kulturonline.tv\/de\/","logo":{"@type":"ImageObject","inLanguage":"de","@id":"https:\/\/kulturonline.tv\/de\/#\/schema\/logo\/image\/","url":"https:\/\/kulturonline.tv\/wp-content\/uploads\/2021\/08\/Kultur-Online-Tv-Logo-Endversion-neu.png","contentUrl":"https:\/\/kulturonline.tv\/wp-content\/uploads\/2021\/08\/Kultur-Online-Tv-Logo-Endversion-neu.png","width":200,"height":200,"caption":"Kultur Online TV"},"image":{"@id":"https:\/\/kulturonline.tv\/de\/#\/schema\/logo\/image\/"},"sameAs":["https:\/\/www.facebook.com\/kulturonline.tv","https:\/\/www.instagram.com\/kulturonline.tv"]},{"@type":"Person","@id":"https:\/\/kulturonline.tv\/de\/#\/schema\/person\/b0fac729bb9a0c193fb1df23449df4fe","name":"guenter.wolfgang"}]}},"_links":{"self":[{"href":"https:\/\/kulturonline.tv\/de\/wp-json\/wp\/v2\/posts\/46868","targetHints":{"allow":["GET"]}}],"collection":[{"href":"https:\/\/kulturonline.tv\/de\/wp-json\/wp\/v2\/posts"}],"about":[{"href":"https:\/\/kulturonline.tv\/de\/wp-json\/wp\/v2\/types\/post"}],"author":[{"embeddable":true,"href":"https:\/\/kulturonline.tv\/de\/wp-json\/wp\/v2\/users\/2"}],"replies":[{"embeddable":true,"href":"https:\/\/kulturonline.tv\/de\/wp-json\/wp\/v2\/comments?post=46868"}],"version-history":[{"count":0,"href":"https:\/\/kulturonline.tv\/de\/wp-json\/wp\/v2\/posts\/46868\/revisions"}],"wp:featuredmedia":[{"embeddable":true,"href":"https:\/\/kulturonline.tv\/de\/wp-json\/wp\/v2\/media\/46871"}],"wp:attachment":[{"href":"https:\/\/kulturonline.tv\/de\/wp-json\/wp\/v2\/media?parent=46868"}],"wp:term":[{"taxonomy":"category","embeddable":true,"href":"https:\/\/kulturonline.tv\/de\/wp-json\/wp\/v2\/categories?post=46868"},{"taxonomy":"post_tag","embeddable":true,"href":"https:\/\/kulturonline.tv\/de\/wp-json\/wp\/v2\/tags?post=46868"}],"curies":[{"name":"wp","href":"https:\/\/api.w.org\/{rel}","templated":true}]}}