{"id":46944,"date":"2022-12-24T13:35:39","date_gmt":"2022-12-24T12:35:39","guid":{"rendered":"https:\/\/kulturonline.tv\/?p=46944"},"modified":"2022-12-24T13:35:41","modified_gmt":"2022-12-24T12:35:41","slug":"die-albertina-trauert-um-franz-gertsch","status":"publish","type":"post","link":"https:\/\/kulturonline.tv\/de\/die-albertina-trauert-um-franz-gertsch\/","title":{"rendered":"Die ALBERTINA trauert um Franz Gertsch"},"content":{"rendered":"\n<p>Im Alter von 92 Jahren ist der Schweizer K\u00fcnstler am 21.12.2022 friedlich eingeschlafen<\/p>\n\n\n\n<p><\/p>\n\n\n\n<figure class=\"wp-block-image size-full is-resized\"><img fetchpriority=\"high\" decoding=\"async\" src=\"https:\/\/kulturonline.tv\/wp-content\/uploads\/2022\/12\/Franz_Gertsch_-edited-1.jpg\" alt=\"\" class=\"wp-image-46949\" width=\"842\" height=\"474\"\/><figcaption class=\"wp-element-caption\">\u00a9 Die ALBERTINA trauert um Franz Gertsch<\/figcaption><\/figure>\n\n\n\n<p>Mit gro\u00dfer Trauer muss die ALBERTINA vom pl\u00f6tzlichen Tod eines der bedeutendsten Schweizer K\u00fcnstler der Gegenwart Kenntnis nehmen. Mit seinem reichen malerischen und grafischen Werk und seinen gro\u00dfformatigen hyperrealistischen Portr\u00e4ts hat sich Gertsch international einen Namen gemacht. Der 1930 in M\u00f6rigen am Bielersee geborene Franz Gertsch fertigte zun\u00e4chst monumentale Holzschnitte, ab Mitte der 60er-Jahre entstanden auf Fotovorlagen basierende Collagen aus eingef\u00e4rbtem Papier. Seit 1969 malte Gertsch gro\u00dfformatige fotorealistische Bilder, die auf der Projektion eines Kleinbilddias beruhten. Bald machte er auch selber Fotos und \u00fcbertrug die Motive behutsam in langwieriger Arbeit, die bis zu einem Jahr dauern konnte unter Einsatz eines Diaprojektors auf Baumwolltuch. Die Befragung zwischen Kunst und Realit\u00e4t war Gertsch ein gro\u00dfes Anliegen.<\/p>\n\n\n\n<p>\u201eFranz Gertsch hat mit seinen monumentalen Holzschnitten wie wenige die Kunst der Druckgrafik revolutioniert. Die Monumentalisierung seiner Arbeiten, das Verh\u00e4ltnis zwischen Fotografie und k\u00fcnstlerischer Umsetzung hat ihn seit den sp\u00e4ten 60er Jahren zu einem der einflussreichsten Schweizer K\u00fcnstler gemacht. Die ALBERTINA besitzt von ihm eine kapitale Sammlung von sechs Unikatholzschnitten, von denen f\u00fcnf gro\u00dfformatige Arbeiten ab dem 24. Februar 2023 in der ALBERTINA MODERN im Rahmen einer gro\u00dfangelegten Print-Ausstellung pr\u00e4sentiert werden. Die Besuche bei Franz Gertsch in der Schweizer Einschicht geh\u00f6ren f\u00fcr mich zu den kostbarsten Begegnungen, die ich \u00fcberhaupt mit K\u00fcnstlern je erleben durfte\u201c, so Klaus Albrecht Schr\u00f6der, Generaldirektor der ALBERTINA. \u201eWir trauern mit seiner Ehefrau Maria sowie den Kindern und Enkelkindern Franz Gertschs und werden ihm in der ALBERTINA stets ein Andenken bewahren.\u201c<\/p>\n\n\n\n<p>#news #kunst #kultur <\/p>\n","protected":false},"excerpt":{"rendered":"<p>Im Alter von 92 Jahren ist der Schweizer K\u00fcnstler am 21.12.2022 friedlich eingeschlafen Mit gro\u00dfer Trauer muss die ALBERTINA vom pl\u00f6tzlichen Tod eines der bedeutendsten Schweizer K\u00fcnstler der Gegenwart Kenntnis nehmen. Mit seinem reichen malerischen und grafischen Werk und seinen gro\u00dfformatigen hyperrealistischen Portr\u00e4ts hat sich Gertsch international einen Namen gemacht. Der 1930 in M\u00f6rigen am [&hellip;]<\/p>\n","protected":false},"author":2,"featured_media":46949,"comment_status":"closed","ping_status":"closed","sticky":false,"template":"","format":"standard","meta":{"_acf_changed":false,"footnotes":""},"categories":[3],"tags":[],"class_list":["post-46944","post","type-post","status-publish","format-standard","has-post-thumbnail","hentry","category-newsflash"],"acf":[],"yoast_head":"<!-- This site is optimized with the Yoast SEO plugin v26.1.1 - https:\/\/yoast.com\/wordpress\/plugins\/seo\/ -->\n<title>Die ALBERTINA trauert um Franz Gertsch - Kultur Online TV &amp; FM<\/title>\n<meta name=\"description\" content=\"Im Alter von 92 Jahren ist der Schweizer K\u00fcnstler am 21.12.2022 friedlich eingeschlafen\" \/>\n<meta name=\"robots\" content=\"index, follow, max-snippet:-1, max-image-preview:large, max-video-preview:-1\" \/>\n<link rel=\"canonical\" href=\"https:\/\/kulturonline.tv\/de\/die-albertina-trauert-um-franz-gertsch\/\" \/>\n<meta property=\"og:locale\" content=\"de_DE\" \/>\n<meta property=\"og:type\" content=\"article\" \/>\n<meta property=\"og:title\" content=\"Die ALBERTINA trauert um Franz Gertsch - Kultur Online TV &amp; FM\" \/>\n<meta property=\"og:description\" content=\"Im Alter von 92 Jahren ist der Schweizer K\u00fcnstler am 21.12.2022 friedlich eingeschlafen\" \/>\n<meta property=\"og:url\" content=\"https:\/\/kulturonline.tv\/de\/die-albertina-trauert-um-franz-gertsch\/\" \/>\n<meta property=\"og:site_name\" content=\"Kultur Online TV &amp; FM\" \/>\n<meta property=\"article:publisher\" content=\"https:\/\/www.facebook.com\/kulturonline.tv\" \/>\n<meta property=\"article:published_time\" content=\"2022-12-24T12:35:39+00:00\" \/>\n<meta property=\"article:modified_time\" content=\"2022-12-24T12:35:41+00:00\" \/>\n<meta property=\"og:image\" content=\"https:\/\/kulturonline.tv\/wp-content\/uploads\/2022\/12\/Franz_Gertsch_-edited-1.jpg\" \/>\n\t<meta property=\"og:image:width\" content=\"597\" \/>\n\t<meta property=\"og:image:height\" content=\"336\" \/>\n\t<meta property=\"og:image:type\" content=\"image\/jpeg\" \/>\n<meta name=\"author\" content=\"guenter.wolfgang\" \/>\n<meta name=\"twitter:card\" content=\"summary_large_image\" \/>\n<meta name=\"twitter:label1\" content=\"Verfasst von\" \/>\n\t<meta name=\"twitter:data1\" content=\"guenter.wolfgang\" \/>\n\t<meta name=\"twitter:label2\" content=\"Gesch\u00e4tzte Lesezeit\" \/>\n\t<meta name=\"twitter:data2\" content=\"1\u00a0Minute\" \/>\n<script type=\"application\/ld+json\" class=\"yoast-schema-graph\">{\"@context\":\"https:\/\/schema.org\",\"@graph\":[{\"@type\":\"Article\",\"@id\":\"https:\/\/kulturonline.tv\/de\/die-albertina-trauert-um-franz-gertsch\/#article\",\"isPartOf\":{\"@id\":\"https:\/\/kulturonline.tv\/de\/die-albertina-trauert-um-franz-gertsch\/\"},\"author\":{\"name\":\"guenter.wolfgang\",\"@id\":\"https:\/\/kulturonline.tv\/de\/#\/schema\/person\/b0fac729bb9a0c193fb1df23449df4fe\"},\"headline\":\"Die ALBERTINA trauert um Franz Gertsch\",\"datePublished\":\"2022-12-24T12:35:39+00:00\",\"dateModified\":\"2022-12-24T12:35:41+00:00\",\"mainEntityOfPage\":{\"@id\":\"https:\/\/kulturonline.tv\/de\/die-albertina-trauert-um-franz-gertsch\/\"},\"wordCount\":285,\"publisher\":{\"@id\":\"https:\/\/kulturonline.tv\/de\/#organization\"},\"image\":{\"@id\":\"https:\/\/kulturonline.tv\/de\/die-albertina-trauert-um-franz-gertsch\/#primaryimage\"},\"thumbnailUrl\":\"https:\/\/kulturonline.tv\/wp-content\/uploads\/2022\/12\/Franz_Gertsch_-edited-1.jpg\",\"articleSection\":[\"Newsflash\"],\"inLanguage\":\"de\"},{\"@type\":\"WebPage\",\"@id\":\"https:\/\/kulturonline.tv\/de\/die-albertina-trauert-um-franz-gertsch\/\",\"url\":\"https:\/\/kulturonline.tv\/de\/die-albertina-trauert-um-franz-gertsch\/\",\"name\":\"Die ALBERTINA trauert um Franz Gertsch - Kultur Online TV &amp; FM\",\"isPartOf\":{\"@id\":\"https:\/\/kulturonline.tv\/de\/#website\"},\"primaryImageOfPage\":{\"@id\":\"https:\/\/kulturonline.tv\/de\/die-albertina-trauert-um-franz-gertsch\/#primaryimage\"},\"image\":{\"@id\":\"https:\/\/kulturonline.tv\/de\/die-albertina-trauert-um-franz-gertsch\/#primaryimage\"},\"thumbnailUrl\":\"https:\/\/kulturonline.tv\/wp-content\/uploads\/2022\/12\/Franz_Gertsch_-edited-1.jpg\",\"datePublished\":\"2022-12-24T12:35:39+00:00\",\"dateModified\":\"2022-12-24T12:35:41+00:00\",\"description\":\"Im Alter von 92 Jahren ist der Schweizer K\u00fcnstler am 21.12.2022 friedlich eingeschlafen\",\"breadcrumb\":{\"@id\":\"https:\/\/kulturonline.tv\/de\/die-albertina-trauert-um-franz-gertsch\/#breadcrumb\"},\"inLanguage\":\"de\",\"potentialAction\":[{\"@type\":\"ReadAction\",\"target\":[\"https:\/\/kulturonline.tv\/de\/die-albertina-trauert-um-franz-gertsch\/\"]}]},{\"@type\":\"ImageObject\",\"inLanguage\":\"de\",\"@id\":\"https:\/\/kulturonline.tv\/de\/die-albertina-trauert-um-franz-gertsch\/#primaryimage\",\"url\":\"https:\/\/kulturonline.tv\/wp-content\/uploads\/2022\/12\/Franz_Gertsch_-edited-1.jpg\",\"contentUrl\":\"https:\/\/kulturonline.tv\/wp-content\/uploads\/2022\/12\/Franz_Gertsch_-edited-1.jpg\",\"width\":597,\"height\":336},{\"@type\":\"BreadcrumbList\",\"@id\":\"https:\/\/kulturonline.tv\/de\/die-albertina-trauert-um-franz-gertsch\/#breadcrumb\",\"itemListElement\":[{\"@type\":\"ListItem\",\"position\":1,\"name\":\"Startseite\",\"item\":\"https:\/\/kulturonline.tv\/de\/\"},{\"@type\":\"ListItem\",\"position\":2,\"name\":\"Die ALBERTINA trauert um Franz Gertsch\"}]},{\"@type\":\"WebSite\",\"@id\":\"https:\/\/kulturonline.tv\/de\/#website\",\"url\":\"https:\/\/kulturonline.tv\/de\/\",\"name\":\"Kultur Online TV &amp; FM\",\"description\":\"Wir sind Kultur 2.0 zum sehen &amp; h\u00f6ren\",\"publisher\":{\"@id\":\"https:\/\/kulturonline.tv\/de\/#organization\"},\"potentialAction\":[{\"@type\":\"SearchAction\",\"target\":{\"@type\":\"EntryPoint\",\"urlTemplate\":\"https:\/\/kulturonline.tv\/de\/?s={search_term_string}\"},\"query-input\":{\"@type\":\"PropertyValueSpecification\",\"valueRequired\":true,\"valueName\":\"search_term_string\"}}],\"inLanguage\":\"de\"},{\"@type\":\"Organization\",\"@id\":\"https:\/\/kulturonline.tv\/de\/#organization\",\"name\":\"Kultur Online TV\",\"url\":\"https:\/\/kulturonline.tv\/de\/\",\"logo\":{\"@type\":\"ImageObject\",\"inLanguage\":\"de\",\"@id\":\"https:\/\/kulturonline.tv\/de\/#\/schema\/logo\/image\/\",\"url\":\"https:\/\/kulturonline.tv\/wp-content\/uploads\/2021\/08\/Kultur-Online-Tv-Logo-Endversion-neu.png\",\"contentUrl\":\"https:\/\/kulturonline.tv\/wp-content\/uploads\/2021\/08\/Kultur-Online-Tv-Logo-Endversion-neu.png\",\"width\":200,\"height\":200,\"caption\":\"Kultur Online TV\"},\"image\":{\"@id\":\"https:\/\/kulturonline.tv\/de\/#\/schema\/logo\/image\/\"},\"sameAs\":[\"https:\/\/www.facebook.com\/kulturonline.tv\",\"https:\/\/www.instagram.com\/kulturonline.tv\"]},{\"@type\":\"Person\",\"@id\":\"https:\/\/kulturonline.tv\/de\/#\/schema\/person\/b0fac729bb9a0c193fb1df23449df4fe\",\"name\":\"guenter.wolfgang\"}]}<\/script>\n<!-- \/ Yoast SEO plugin. -->","yoast_head_json":{"title":"Die ALBERTINA trauert um Franz Gertsch - Kultur Online TV &amp; FM","description":"Im Alter von 92 Jahren ist der Schweizer K\u00fcnstler am 21.12.2022 friedlich eingeschlafen","robots":{"index":"index","follow":"follow","max-snippet":"max-snippet:-1","max-image-preview":"max-image-preview:large","max-video-preview":"max-video-preview:-1"},"canonical":"https:\/\/kulturonline.tv\/de\/die-albertina-trauert-um-franz-gertsch\/","og_locale":"de_DE","og_type":"article","og_title":"Die ALBERTINA trauert um Franz Gertsch - Kultur Online TV &amp; FM","og_description":"Im Alter von 92 Jahren ist der Schweizer K\u00fcnstler am 21.12.2022 friedlich eingeschlafen","og_url":"https:\/\/kulturonline.tv\/de\/die-albertina-trauert-um-franz-gertsch\/","og_site_name":"Kultur Online TV &amp; FM","article_publisher":"https:\/\/www.facebook.com\/kulturonline.tv","article_published_time":"2022-12-24T12:35:39+00:00","article_modified_time":"2022-12-24T12:35:41+00:00","og_image":[{"width":597,"height":336,"url":"https:\/\/kulturonline.tv\/wp-content\/uploads\/2022\/12\/Franz_Gertsch_-edited-1.jpg","type":"image\/jpeg"}],"author":"guenter.wolfgang","twitter_card":"summary_large_image","twitter_misc":{"Verfasst von":"guenter.wolfgang","Gesch\u00e4tzte Lesezeit":"1\u00a0Minute"},"schema":{"@context":"https:\/\/schema.org","@graph":[{"@type":"Article","@id":"https:\/\/kulturonline.tv\/de\/die-albertina-trauert-um-franz-gertsch\/#article","isPartOf":{"@id":"https:\/\/kulturonline.tv\/de\/die-albertina-trauert-um-franz-gertsch\/"},"author":{"name":"guenter.wolfgang","@id":"https:\/\/kulturonline.tv\/de\/#\/schema\/person\/b0fac729bb9a0c193fb1df23449df4fe"},"headline":"Die ALBERTINA trauert um Franz Gertsch","datePublished":"2022-12-24T12:35:39+00:00","dateModified":"2022-12-24T12:35:41+00:00","mainEntityOfPage":{"@id":"https:\/\/kulturonline.tv\/de\/die-albertina-trauert-um-franz-gertsch\/"},"wordCount":285,"publisher":{"@id":"https:\/\/kulturonline.tv\/de\/#organization"},"image":{"@id":"https:\/\/kulturonline.tv\/de\/die-albertina-trauert-um-franz-gertsch\/#primaryimage"},"thumbnailUrl":"https:\/\/kulturonline.tv\/wp-content\/uploads\/2022\/12\/Franz_Gertsch_-edited-1.jpg","articleSection":["Newsflash"],"inLanguage":"de"},{"@type":"WebPage","@id":"https:\/\/kulturonline.tv\/de\/die-albertina-trauert-um-franz-gertsch\/","url":"https:\/\/kulturonline.tv\/de\/die-albertina-trauert-um-franz-gertsch\/","name":"Die ALBERTINA trauert um Franz Gertsch - Kultur Online TV &amp; FM","isPartOf":{"@id":"https:\/\/kulturonline.tv\/de\/#website"},"primaryImageOfPage":{"@id":"https:\/\/kulturonline.tv\/de\/die-albertina-trauert-um-franz-gertsch\/#primaryimage"},"image":{"@id":"https:\/\/kulturonline.tv\/de\/die-albertina-trauert-um-franz-gertsch\/#primaryimage"},"thumbnailUrl":"https:\/\/kulturonline.tv\/wp-content\/uploads\/2022\/12\/Franz_Gertsch_-edited-1.jpg","datePublished":"2022-12-24T12:35:39+00:00","dateModified":"2022-12-24T12:35:41+00:00","description":"Im Alter von 92 Jahren ist der Schweizer K\u00fcnstler am 21.12.2022 friedlich eingeschlafen","breadcrumb":{"@id":"https:\/\/kulturonline.tv\/de\/die-albertina-trauert-um-franz-gertsch\/#breadcrumb"},"inLanguage":"de","potentialAction":[{"@type":"ReadAction","target":["https:\/\/kulturonline.tv\/de\/die-albertina-trauert-um-franz-gertsch\/"]}]},{"@type":"ImageObject","inLanguage":"de","@id":"https:\/\/kulturonline.tv\/de\/die-albertina-trauert-um-franz-gertsch\/#primaryimage","url":"https:\/\/kulturonline.tv\/wp-content\/uploads\/2022\/12\/Franz_Gertsch_-edited-1.jpg","contentUrl":"https:\/\/kulturonline.tv\/wp-content\/uploads\/2022\/12\/Franz_Gertsch_-edited-1.jpg","width":597,"height":336},{"@type":"BreadcrumbList","@id":"https:\/\/kulturonline.tv\/de\/die-albertina-trauert-um-franz-gertsch\/#breadcrumb","itemListElement":[{"@type":"ListItem","position":1,"name":"Startseite","item":"https:\/\/kulturonline.tv\/de\/"},{"@type":"ListItem","position":2,"name":"Die ALBERTINA trauert um Franz Gertsch"}]},{"@type":"WebSite","@id":"https:\/\/kulturonline.tv\/de\/#website","url":"https:\/\/kulturonline.tv\/de\/","name":"Kultur Online TV &amp; FM","description":"Wir sind Kultur 2.0 zum sehen &amp; h\u00f6ren","publisher":{"@id":"https:\/\/kulturonline.tv\/de\/#organization"},"potentialAction":[{"@type":"SearchAction","target":{"@type":"EntryPoint","urlTemplate":"https:\/\/kulturonline.tv\/de\/?s={search_term_string}"},"query-input":{"@type":"PropertyValueSpecification","valueRequired":true,"valueName":"search_term_string"}}],"inLanguage":"de"},{"@type":"Organization","@id":"https:\/\/kulturonline.tv\/de\/#organization","name":"Kultur Online TV","url":"https:\/\/kulturonline.tv\/de\/","logo":{"@type":"ImageObject","inLanguage":"de","@id":"https:\/\/kulturonline.tv\/de\/#\/schema\/logo\/image\/","url":"https:\/\/kulturonline.tv\/wp-content\/uploads\/2021\/08\/Kultur-Online-Tv-Logo-Endversion-neu.png","contentUrl":"https:\/\/kulturonline.tv\/wp-content\/uploads\/2021\/08\/Kultur-Online-Tv-Logo-Endversion-neu.png","width":200,"height":200,"caption":"Kultur Online TV"},"image":{"@id":"https:\/\/kulturonline.tv\/de\/#\/schema\/logo\/image\/"},"sameAs":["https:\/\/www.facebook.com\/kulturonline.tv","https:\/\/www.instagram.com\/kulturonline.tv"]},{"@type":"Person","@id":"https:\/\/kulturonline.tv\/de\/#\/schema\/person\/b0fac729bb9a0c193fb1df23449df4fe","name":"guenter.wolfgang"}]}},"_links":{"self":[{"href":"https:\/\/kulturonline.tv\/de\/wp-json\/wp\/v2\/posts\/46944","targetHints":{"allow":["GET"]}}],"collection":[{"href":"https:\/\/kulturonline.tv\/de\/wp-json\/wp\/v2\/posts"}],"about":[{"href":"https:\/\/kulturonline.tv\/de\/wp-json\/wp\/v2\/types\/post"}],"author":[{"embeddable":true,"href":"https:\/\/kulturonline.tv\/de\/wp-json\/wp\/v2\/users\/2"}],"replies":[{"embeddable":true,"href":"https:\/\/kulturonline.tv\/de\/wp-json\/wp\/v2\/comments?post=46944"}],"version-history":[{"count":0,"href":"https:\/\/kulturonline.tv\/de\/wp-json\/wp\/v2\/posts\/46944\/revisions"}],"wp:featuredmedia":[{"embeddable":true,"href":"https:\/\/kulturonline.tv\/de\/wp-json\/wp\/v2\/media\/46949"}],"wp:attachment":[{"href":"https:\/\/kulturonline.tv\/de\/wp-json\/wp\/v2\/media?parent=46944"}],"wp:term":[{"taxonomy":"category","embeddable":true,"href":"https:\/\/kulturonline.tv\/de\/wp-json\/wp\/v2\/categories?post=46944"},{"taxonomy":"post_tag","embeddable":true,"href":"https:\/\/kulturonline.tv\/de\/wp-json\/wp\/v2\/tags?post=46944"}],"curies":[{"name":"wp","href":"https:\/\/api.w.org\/{rel}","templated":true}]}}