{"id":47434,"date":"2023-01-02T06:28:25","date_gmt":"2023-01-02T05:28:25","guid":{"rendered":"https:\/\/kulturonline.tv\/?p=47434"},"modified":"2023-01-02T08:15:47","modified_gmt":"2023-01-02T07:15:47","slug":"berlinale-bekommt-mehr-geld-vom-bund","status":"publish","type":"post","link":"https:\/\/kulturonline.tv\/de\/berlinale-bekommt-mehr-geld-vom-bund\/","title":{"rendered":"Berlinale bekommt mehr Geld vom Bund"},"content":{"rendered":"\n<p>Die Berlinale kann f\u00fcr die kommende Ausgabe der Filmfestspiele mit zus\u00e4tzlich 2,2 Millionen Euro vom Bund rechnen.<\/p>\n\n\n\n<figure class=\"wp-block-image size-full is-resized\"><img decoding=\"async\" src=\"https:\/\/kulturonline.tv\/wp-content\/uploads\/2023\/01\/Berlinale2007-edited.jpg\" alt=\"\" class=\"wp-image-47437\" width=\"841\" srcset=\"https:\/\/kulturonline.tv\/wp-content\/uploads\/2023\/01\/Berlinale2007-edited.jpg 800w, https:\/\/kulturonline.tv\/wp-content\/uploads\/2023\/01\/Berlinale2007-edited-768x432.jpg 768w, https:\/\/kulturonline.tv\/wp-content\/uploads\/2023\/01\/Berlinale2007-edited-600x338.jpg 600w\" sizes=\"(max-width: 800px) 100vw, 800px\" \/><figcaption class=\"wp-element-caption\">\u00a9 Maharepa, CC BY 2.0, via Wikimedia Commons<\/figcaption><\/figure>\n\n\n\n<p>Diese Summe soll einmalig gezahlt werden, und zwar \u00fcber die Regelf\u00f6rderung von 10,7 Millionen Euro hinaus.<\/p>\n\n\n\n<p>Laut Kulturstaatsministerin Claudia Roth sollen die Mittel dazu beitragen, dass das Festival auch 2023 &#8222;in vollem Umfang&#8220; m\u00f6glich und der Filmstandort Deutschland gest\u00e4rkt werde. Die n\u00e4chste Ausgabe der Berlinale im Februar 2023 soll wieder ohne Pandemiebeschr\u00e4nkungen stattfinden.<\/p>\n\n\n\n<p>Kultur Online TV<\/p>\n\n\n\n<p>#news #medien #film<\/p>\n\n\n\n<p><\/p>\n\n\n\n<figure class=\"wp-block-image\"><img decoding=\"async\" src=\"https:\/\/t.adcell.com\/p\/image?promoId=84478&amp;slotId=98564\" alt=\"Buchmaxe\"\/><\/figure>\n\n\n\n<p><a href=\"https:\/\/t.adcell.com\/p\/click?promoId=84478&amp;slotId=98564\" target=\"_blank\" rel=\"noreferrer noopener\"><\/a><\/p>\n","protected":false},"excerpt":{"rendered":"<p>Die Berlinale kann f\u00fcr die kommende Ausgabe der Filmfestspiele mit zus\u00e4tzlich 2,2 Millionen Euro vom Bund rechnen. Diese Summe soll einmalig gezahlt werden, und zwar \u00fcber die Regelf\u00f6rderung von 10,7 Millionen Euro hinaus. Laut Kulturstaatsministerin Claudia Roth sollen die Mittel dazu beitragen, dass das Festival auch 2023 &#8222;in vollem Umfang&#8220; m\u00f6glich und der Filmstandort Deutschland [&hellip;]<\/p>\n","protected":false},"author":2,"featured_media":47437,"comment_status":"closed","ping_status":"closed","sticky":false,"template":"","format":"standard","meta":{"_acf_changed":false,"footnotes":""},"categories":[3,401],"tags":[],"class_list":["post-47434","post","type-post","status-publish","format-standard","has-post-thumbnail","hentry","category-newsflash","category-radiothek-news"],"acf":[],"yoast_head":"<!-- This site is optimized with the Yoast SEO plugin v26.1.1 - https:\/\/yoast.com\/wordpress\/plugins\/seo\/ -->\n<title>Berlinale bekommt mehr Geld vom Bund - Kultur Online TV &amp; FM<\/title>\n<meta name=\"description\" content=\"Diese Summe soll einmalig gezahlt werden, und zwar \u00fcber die Regelf\u00f6rderung von 10,7 Millionen Euro hinaus.\" \/>\n<meta name=\"robots\" content=\"index, follow, max-snippet:-1, max-image-preview:large, max-video-preview:-1\" \/>\n<link rel=\"canonical\" href=\"https:\/\/kulturonline.tv\/de\/berlinale-bekommt-mehr-geld-vom-bund\/\" \/>\n<meta property=\"og:locale\" content=\"de_DE\" \/>\n<meta property=\"og:type\" content=\"article\" \/>\n<meta property=\"og:title\" content=\"Berlinale bekommt mehr Geld vom Bund - Kultur Online TV &amp; FM\" \/>\n<meta property=\"og:description\" content=\"Diese Summe soll einmalig gezahlt werden, und zwar \u00fcber die Regelf\u00f6rderung von 10,7 Millionen Euro hinaus.\" \/>\n<meta property=\"og:url\" content=\"https:\/\/kulturonline.tv\/de\/berlinale-bekommt-mehr-geld-vom-bund\/\" \/>\n<meta property=\"og:site_name\" content=\"Kultur Online TV &amp; FM\" \/>\n<meta property=\"article:publisher\" content=\"https:\/\/www.facebook.com\/kulturonline.tv\" \/>\n<meta property=\"article:published_time\" content=\"2023-01-02T05:28:25+00:00\" \/>\n<meta property=\"article:modified_time\" content=\"2023-01-02T07:15:47+00:00\" \/>\n<meta property=\"og:image\" content=\"https:\/\/kulturonline.tv\/wp-content\/uploads\/2023\/01\/Berlinale2007-edited.jpg\" \/>\n\t<meta property=\"og:image:width\" content=\"800\" \/>\n\t<meta property=\"og:image:height\" content=\"450\" \/>\n\t<meta property=\"og:image:type\" content=\"image\/jpeg\" \/>\n<meta name=\"author\" content=\"guenter.wolfgang\" \/>\n<meta name=\"twitter:card\" content=\"summary_large_image\" \/>\n<meta name=\"twitter:label1\" content=\"Verfasst von\" \/>\n\t<meta name=\"twitter:data1\" content=\"guenter.wolfgang\" \/>\n<script type=\"application\/ld+json\" class=\"yoast-schema-graph\">{\"@context\":\"https:\/\/schema.org\",\"@graph\":[{\"@type\":\"Article\",\"@id\":\"https:\/\/kulturonline.tv\/de\/berlinale-bekommt-mehr-geld-vom-bund\/#article\",\"isPartOf\":{\"@id\":\"https:\/\/kulturonline.tv\/de\/berlinale-bekommt-mehr-geld-vom-bund\/\"},\"author\":{\"name\":\"guenter.wolfgang\",\"@id\":\"https:\/\/kulturonline.tv\/de\/#\/schema\/person\/b0fac729bb9a0c193fb1df23449df4fe\"},\"headline\":\"Berlinale bekommt mehr Geld vom Bund\",\"datePublished\":\"2023-01-02T05:28:25+00:00\",\"dateModified\":\"2023-01-02T07:15:47+00:00\",\"mainEntityOfPage\":{\"@id\":\"https:\/\/kulturonline.tv\/de\/berlinale-bekommt-mehr-geld-vom-bund\/\"},\"wordCount\":91,\"publisher\":{\"@id\":\"https:\/\/kulturonline.tv\/de\/#organization\"},\"image\":{\"@id\":\"https:\/\/kulturonline.tv\/de\/berlinale-bekommt-mehr-geld-vom-bund\/#primaryimage\"},\"thumbnailUrl\":\"https:\/\/kulturonline.tv\/wp-content\/uploads\/2023\/01\/Berlinale2007-edited.jpg\",\"articleSection\":[\"Newsflash\",\"Radiothek News\"],\"inLanguage\":\"de\"},{\"@type\":\"WebPage\",\"@id\":\"https:\/\/kulturonline.tv\/de\/berlinale-bekommt-mehr-geld-vom-bund\/\",\"url\":\"https:\/\/kulturonline.tv\/de\/berlinale-bekommt-mehr-geld-vom-bund\/\",\"name\":\"Berlinale bekommt mehr Geld vom Bund - Kultur Online TV &amp; FM\",\"isPartOf\":{\"@id\":\"https:\/\/kulturonline.tv\/de\/#website\"},\"primaryImageOfPage\":{\"@id\":\"https:\/\/kulturonline.tv\/de\/berlinale-bekommt-mehr-geld-vom-bund\/#primaryimage\"},\"image\":{\"@id\":\"https:\/\/kulturonline.tv\/de\/berlinale-bekommt-mehr-geld-vom-bund\/#primaryimage\"},\"thumbnailUrl\":\"https:\/\/kulturonline.tv\/wp-content\/uploads\/2023\/01\/Berlinale2007-edited.jpg\",\"datePublished\":\"2023-01-02T05:28:25+00:00\",\"dateModified\":\"2023-01-02T07:15:47+00:00\",\"description\":\"Diese Summe soll einmalig gezahlt werden, und zwar \u00fcber die Regelf\u00f6rderung von 10,7 Millionen Euro hinaus.\",\"breadcrumb\":{\"@id\":\"https:\/\/kulturonline.tv\/de\/berlinale-bekommt-mehr-geld-vom-bund\/#breadcrumb\"},\"inLanguage\":\"de\",\"potentialAction\":[{\"@type\":\"ReadAction\",\"target\":[\"https:\/\/kulturonline.tv\/de\/berlinale-bekommt-mehr-geld-vom-bund\/\"]}]},{\"@type\":\"ImageObject\",\"inLanguage\":\"de\",\"@id\":\"https:\/\/kulturonline.tv\/de\/berlinale-bekommt-mehr-geld-vom-bund\/#primaryimage\",\"url\":\"https:\/\/kulturonline.tv\/wp-content\/uploads\/2023\/01\/Berlinale2007-edited.jpg\",\"contentUrl\":\"https:\/\/kulturonline.tv\/wp-content\/uploads\/2023\/01\/Berlinale2007-edited.jpg\",\"width\":800,\"height\":450},{\"@type\":\"BreadcrumbList\",\"@id\":\"https:\/\/kulturonline.tv\/de\/berlinale-bekommt-mehr-geld-vom-bund\/#breadcrumb\",\"itemListElement\":[{\"@type\":\"ListItem\",\"position\":1,\"name\":\"Startseite\",\"item\":\"https:\/\/kulturonline.tv\/de\/\"},{\"@type\":\"ListItem\",\"position\":2,\"name\":\"Berlinale bekommt mehr Geld vom Bund\"}]},{\"@type\":\"WebSite\",\"@id\":\"https:\/\/kulturonline.tv\/de\/#website\",\"url\":\"https:\/\/kulturonline.tv\/de\/\",\"name\":\"Kultur Online TV &amp; FM\",\"description\":\"Wir sind Kultur 2.0 zum sehen &amp; h\u00f6ren\",\"publisher\":{\"@id\":\"https:\/\/kulturonline.tv\/de\/#organization\"},\"potentialAction\":[{\"@type\":\"SearchAction\",\"target\":{\"@type\":\"EntryPoint\",\"urlTemplate\":\"https:\/\/kulturonline.tv\/de\/?s={search_term_string}\"},\"query-input\":{\"@type\":\"PropertyValueSpecification\",\"valueRequired\":true,\"valueName\":\"search_term_string\"}}],\"inLanguage\":\"de\"},{\"@type\":\"Organization\",\"@id\":\"https:\/\/kulturonline.tv\/de\/#organization\",\"name\":\"Kultur Online TV\",\"url\":\"https:\/\/kulturonline.tv\/de\/\",\"logo\":{\"@type\":\"ImageObject\",\"inLanguage\":\"de\",\"@id\":\"https:\/\/kulturonline.tv\/de\/#\/schema\/logo\/image\/\",\"url\":\"https:\/\/kulturonline.tv\/wp-content\/uploads\/2021\/08\/Kultur-Online-Tv-Logo-Endversion-neu.png\",\"contentUrl\":\"https:\/\/kulturonline.tv\/wp-content\/uploads\/2021\/08\/Kultur-Online-Tv-Logo-Endversion-neu.png\",\"width\":200,\"height\":200,\"caption\":\"Kultur Online TV\"},\"image\":{\"@id\":\"https:\/\/kulturonline.tv\/de\/#\/schema\/logo\/image\/\"},\"sameAs\":[\"https:\/\/www.facebook.com\/kulturonline.tv\",\"https:\/\/www.instagram.com\/kulturonline.tv\"]},{\"@type\":\"Person\",\"@id\":\"https:\/\/kulturonline.tv\/de\/#\/schema\/person\/b0fac729bb9a0c193fb1df23449df4fe\",\"name\":\"guenter.wolfgang\"}]}<\/script>\n<!-- \/ Yoast SEO plugin. -->","yoast_head_json":{"title":"Berlinale bekommt mehr Geld vom Bund - Kultur Online TV &amp; FM","description":"Diese Summe soll einmalig gezahlt werden, und zwar \u00fcber die Regelf\u00f6rderung von 10,7 Millionen Euro hinaus.","robots":{"index":"index","follow":"follow","max-snippet":"max-snippet:-1","max-image-preview":"max-image-preview:large","max-video-preview":"max-video-preview:-1"},"canonical":"https:\/\/kulturonline.tv\/de\/berlinale-bekommt-mehr-geld-vom-bund\/","og_locale":"de_DE","og_type":"article","og_title":"Berlinale bekommt mehr Geld vom Bund - Kultur Online TV &amp; FM","og_description":"Diese Summe soll einmalig gezahlt werden, und zwar \u00fcber die Regelf\u00f6rderung von 10,7 Millionen Euro hinaus.","og_url":"https:\/\/kulturonline.tv\/de\/berlinale-bekommt-mehr-geld-vom-bund\/","og_site_name":"Kultur Online TV &amp; FM","article_publisher":"https:\/\/www.facebook.com\/kulturonline.tv","article_published_time":"2023-01-02T05:28:25+00:00","article_modified_time":"2023-01-02T07:15:47+00:00","og_image":[{"width":800,"height":450,"url":"https:\/\/kulturonline.tv\/wp-content\/uploads\/2023\/01\/Berlinale2007-edited.jpg","type":"image\/jpeg"}],"author":"guenter.wolfgang","twitter_card":"summary_large_image","twitter_misc":{"Verfasst von":"guenter.wolfgang"},"schema":{"@context":"https:\/\/schema.org","@graph":[{"@type":"Article","@id":"https:\/\/kulturonline.tv\/de\/berlinale-bekommt-mehr-geld-vom-bund\/#article","isPartOf":{"@id":"https:\/\/kulturonline.tv\/de\/berlinale-bekommt-mehr-geld-vom-bund\/"},"author":{"name":"guenter.wolfgang","@id":"https:\/\/kulturonline.tv\/de\/#\/schema\/person\/b0fac729bb9a0c193fb1df23449df4fe"},"headline":"Berlinale bekommt mehr Geld vom Bund","datePublished":"2023-01-02T05:28:25+00:00","dateModified":"2023-01-02T07:15:47+00:00","mainEntityOfPage":{"@id":"https:\/\/kulturonline.tv\/de\/berlinale-bekommt-mehr-geld-vom-bund\/"},"wordCount":91,"publisher":{"@id":"https:\/\/kulturonline.tv\/de\/#organization"},"image":{"@id":"https:\/\/kulturonline.tv\/de\/berlinale-bekommt-mehr-geld-vom-bund\/#primaryimage"},"thumbnailUrl":"https:\/\/kulturonline.tv\/wp-content\/uploads\/2023\/01\/Berlinale2007-edited.jpg","articleSection":["Newsflash","Radiothek News"],"inLanguage":"de"},{"@type":"WebPage","@id":"https:\/\/kulturonline.tv\/de\/berlinale-bekommt-mehr-geld-vom-bund\/","url":"https:\/\/kulturonline.tv\/de\/berlinale-bekommt-mehr-geld-vom-bund\/","name":"Berlinale bekommt mehr Geld vom Bund - Kultur Online TV &amp; FM","isPartOf":{"@id":"https:\/\/kulturonline.tv\/de\/#website"},"primaryImageOfPage":{"@id":"https:\/\/kulturonline.tv\/de\/berlinale-bekommt-mehr-geld-vom-bund\/#primaryimage"},"image":{"@id":"https:\/\/kulturonline.tv\/de\/berlinale-bekommt-mehr-geld-vom-bund\/#primaryimage"},"thumbnailUrl":"https:\/\/kulturonline.tv\/wp-content\/uploads\/2023\/01\/Berlinale2007-edited.jpg","datePublished":"2023-01-02T05:28:25+00:00","dateModified":"2023-01-02T07:15:47+00:00","description":"Diese Summe soll einmalig gezahlt werden, und zwar \u00fcber die Regelf\u00f6rderung von 10,7 Millionen Euro hinaus.","breadcrumb":{"@id":"https:\/\/kulturonline.tv\/de\/berlinale-bekommt-mehr-geld-vom-bund\/#breadcrumb"},"inLanguage":"de","potentialAction":[{"@type":"ReadAction","target":["https:\/\/kulturonline.tv\/de\/berlinale-bekommt-mehr-geld-vom-bund\/"]}]},{"@type":"ImageObject","inLanguage":"de","@id":"https:\/\/kulturonline.tv\/de\/berlinale-bekommt-mehr-geld-vom-bund\/#primaryimage","url":"https:\/\/kulturonline.tv\/wp-content\/uploads\/2023\/01\/Berlinale2007-edited.jpg","contentUrl":"https:\/\/kulturonline.tv\/wp-content\/uploads\/2023\/01\/Berlinale2007-edited.jpg","width":800,"height":450},{"@type":"BreadcrumbList","@id":"https:\/\/kulturonline.tv\/de\/berlinale-bekommt-mehr-geld-vom-bund\/#breadcrumb","itemListElement":[{"@type":"ListItem","position":1,"name":"Startseite","item":"https:\/\/kulturonline.tv\/de\/"},{"@type":"ListItem","position":2,"name":"Berlinale bekommt mehr Geld vom Bund"}]},{"@type":"WebSite","@id":"https:\/\/kulturonline.tv\/de\/#website","url":"https:\/\/kulturonline.tv\/de\/","name":"Kultur Online TV &amp; FM","description":"Wir sind Kultur 2.0 zum sehen &amp; h\u00f6ren","publisher":{"@id":"https:\/\/kulturonline.tv\/de\/#organization"},"potentialAction":[{"@type":"SearchAction","target":{"@type":"EntryPoint","urlTemplate":"https:\/\/kulturonline.tv\/de\/?s={search_term_string}"},"query-input":{"@type":"PropertyValueSpecification","valueRequired":true,"valueName":"search_term_string"}}],"inLanguage":"de"},{"@type":"Organization","@id":"https:\/\/kulturonline.tv\/de\/#organization","name":"Kultur Online TV","url":"https:\/\/kulturonline.tv\/de\/","logo":{"@type":"ImageObject","inLanguage":"de","@id":"https:\/\/kulturonline.tv\/de\/#\/schema\/logo\/image\/","url":"https:\/\/kulturonline.tv\/wp-content\/uploads\/2021\/08\/Kultur-Online-Tv-Logo-Endversion-neu.png","contentUrl":"https:\/\/kulturonline.tv\/wp-content\/uploads\/2021\/08\/Kultur-Online-Tv-Logo-Endversion-neu.png","width":200,"height":200,"caption":"Kultur Online TV"},"image":{"@id":"https:\/\/kulturonline.tv\/de\/#\/schema\/logo\/image\/"},"sameAs":["https:\/\/www.facebook.com\/kulturonline.tv","https:\/\/www.instagram.com\/kulturonline.tv"]},{"@type":"Person","@id":"https:\/\/kulturonline.tv\/de\/#\/schema\/person\/b0fac729bb9a0c193fb1df23449df4fe","name":"guenter.wolfgang"}]}},"_links":{"self":[{"href":"https:\/\/kulturonline.tv\/de\/wp-json\/wp\/v2\/posts\/47434","targetHints":{"allow":["GET"]}}],"collection":[{"href":"https:\/\/kulturonline.tv\/de\/wp-json\/wp\/v2\/posts"}],"about":[{"href":"https:\/\/kulturonline.tv\/de\/wp-json\/wp\/v2\/types\/post"}],"author":[{"embeddable":true,"href":"https:\/\/kulturonline.tv\/de\/wp-json\/wp\/v2\/users\/2"}],"replies":[{"embeddable":true,"href":"https:\/\/kulturonline.tv\/de\/wp-json\/wp\/v2\/comments?post=47434"}],"version-history":[{"count":0,"href":"https:\/\/kulturonline.tv\/de\/wp-json\/wp\/v2\/posts\/47434\/revisions"}],"wp:featuredmedia":[{"embeddable":true,"href":"https:\/\/kulturonline.tv\/de\/wp-json\/wp\/v2\/media\/47437"}],"wp:attachment":[{"href":"https:\/\/kulturonline.tv\/de\/wp-json\/wp\/v2\/media?parent=47434"}],"wp:term":[{"taxonomy":"category","embeddable":true,"href":"https:\/\/kulturonline.tv\/de\/wp-json\/wp\/v2\/categories?post=47434"},{"taxonomy":"post_tag","embeddable":true,"href":"https:\/\/kulturonline.tv\/de\/wp-json\/wp\/v2\/tags?post=47434"}],"curies":[{"name":"wp","href":"https:\/\/api.w.org\/{rel}","templated":true}]}}