{"id":47440,"date":"2023-01-02T06:42:14","date_gmt":"2023-01-02T05:42:14","guid":{"rendered":"https:\/\/kulturonline.tv\/?p=47440"},"modified":"2023-01-11T20:06:28","modified_gmt":"2023-01-11T19:06:28","slug":"wiesenthal-liste-ruegt-documenta-15","status":"publish","type":"post","link":"https:\/\/kulturonline.tv\/de\/wiesenthal-liste-ruegt-documenta-15\/","title":{"rendered":"Wiesenthal-Liste r\u00fcgt documenta 15"},"content":{"rendered":"\n<p>Das Simon-Wiesenthal-Zentrum hat die Kasseler Kunstausstellung documenta 15 auf seine Liste der zehn schlimmsten Antisemitismus-Vorf\u00e4lle dieses Jahres gesetzt.<\/p>\n\n\n\n<figure class=\"wp-block-image size-full is-resized\"><img decoding=\"async\" src=\"https:\/\/kulturonline.tv\/wp-content\/uploads\/2023\/01\/Kultur-Online-TV-edited.png\" alt=\"\" class=\"wp-image-47443\" width=\"839\"\/><figcaption class=\"wp-element-caption\">\u00a9 wikimedia<\/figcaption><\/figure>\n\n\n\n<p>Grund ist die Ausstellung des Banners &#8222;People&#8217;s Justice&#8220; Das Werk des indonesischen K\u00fcnstlerkollektives Taring Padi war kurz nach Beginn der documenta wegen antisemitischer Darstellungen abgeh\u00e4ngt worden. Der Aufsichtsrat der documenta hatte das Abh\u00e4ngen des Bildes beschlossen, wie dessen Vorsitzender, der Kasseler Oberb\u00fcrgermeister Christian Geselle (SPD), erkl\u00e4rte. Die Entfernung war zuvor schon von Kulturstaatsministerin Claudia Roth (Gr\u00fcne) und der hessischen Kunststaatsministerin Angela Dorn (Gr\u00fcne) gefordert worden. &#8222;Es ist ein immenser Schaden f\u00fcr unsere Stadt und die documenta entstanden&#8220;, so der OB. Es m\u00fcsse aufgearbeitet werden, wie es zu der Installation kommen konnte.<\/p>\n\n\n\n<p>Kultur Online TV<\/p>\n\n\n\n<p>#news #kunst #kultur<\/p>\n\n\n\n<p><\/p>\n\n\n\n<figure class=\"wp-block-image\"><img decoding=\"async\" src=\"https:\/\/t.adcell.com\/p\/image?promoId=228768&amp;slotId=98564\" alt=\"Eckis Teetied\"\/><\/figure>\n\n\n\n<p><a href=\"https:\/\/t.adcell.com\/p\/click?promoId=228768&amp;slotId=98564\" target=\"_blank\" rel=\"noreferrer noopener\"><\/a><\/p>\n","protected":false},"excerpt":{"rendered":"<p>Das Simon-Wiesenthal-Zentrum hat die Kasseler Kunstausstellung documenta 15 auf seine Liste der zehn schlimmsten Antisemitismus-Vorf\u00e4lle dieses Jahres gesetzt. Grund ist die Ausstellung des Banners &#8222;People&#8217;s Justice&#8220; Das Werk des indonesischen K\u00fcnstlerkollektives Taring Padi war kurz nach Beginn der documenta wegen antisemitischer Darstellungen abgeh\u00e4ngt worden. Der Aufsichtsrat der documenta hatte das Abh\u00e4ngen des Bildes beschlossen, wie [&hellip;]<\/p>\n","protected":false},"author":2,"featured_media":47443,"comment_status":"closed","ping_status":"closed","sticky":false,"template":"","format":"standard","meta":{"_acf_changed":false,"footnotes":""},"categories":[107,3],"tags":[],"class_list":["post-47440","post","type-post","status-publish","format-standard","has-post-thumbnail","hentry","category-kunst","category-newsflash"],"acf":[],"yoast_head":"<!-- This site is optimized with the Yoast SEO plugin v26.1.1 - https:\/\/yoast.com\/wordpress\/plugins\/seo\/ -->\n<title>Wiesenthal-Liste r\u00fcgt documenta 15 - Kultur Online TV &amp; FM<\/title>\n<meta name=\"description\" content=\"Das Simon-Wiesenthal-Zentrum hat die Kasseler Kunstausstellung documenta 15 auf seine Liste der zehn schlimmsten Antisemitismus-Vorf\u00e4lle dieses Jahres gesetzt.\" \/>\n<meta name=\"robots\" content=\"index, follow, max-snippet:-1, max-image-preview:large, max-video-preview:-1\" \/>\n<link rel=\"canonical\" href=\"https:\/\/kulturonline.tv\/de\/wiesenthal-liste-ruegt-documenta-15\/\" \/>\n<meta property=\"og:locale\" content=\"de_DE\" \/>\n<meta property=\"og:type\" content=\"article\" \/>\n<meta property=\"og:title\" content=\"Wiesenthal-Liste r\u00fcgt documenta 15 - Kultur Online TV &amp; FM\" \/>\n<meta property=\"og:description\" content=\"Das Simon-Wiesenthal-Zentrum hat die Kasseler Kunstausstellung documenta 15 auf seine Liste der zehn schlimmsten Antisemitismus-Vorf\u00e4lle dieses Jahres gesetzt.\" \/>\n<meta property=\"og:url\" content=\"https:\/\/kulturonline.tv\/de\/wiesenthal-liste-ruegt-documenta-15\/\" \/>\n<meta property=\"og:site_name\" content=\"Kultur Online TV &amp; FM\" \/>\n<meta property=\"article:publisher\" content=\"https:\/\/www.facebook.com\/kulturonline.tv\" \/>\n<meta property=\"article:published_time\" content=\"2023-01-02T05:42:14+00:00\" \/>\n<meta property=\"article:modified_time\" content=\"2023-01-11T19:06:28+00:00\" \/>\n<meta property=\"og:image\" content=\"https:\/\/kulturonline.tv\/wp-content\/uploads\/2023\/01\/Kultur-Online-TV-edited.png\" \/>\n\t<meta property=\"og:image:width\" content=\"591\" \/>\n\t<meta property=\"og:image:height\" content=\"332\" \/>\n\t<meta property=\"og:image:type\" content=\"image\/png\" \/>\n<meta name=\"author\" content=\"guenter.wolfgang\" \/>\n<meta name=\"twitter:card\" content=\"summary_large_image\" \/>\n<meta name=\"twitter:label1\" content=\"Verfasst von\" \/>\n\t<meta name=\"twitter:data1\" content=\"guenter.wolfgang\" \/>\n\t<meta name=\"twitter:label2\" content=\"Gesch\u00e4tzte Lesezeit\" \/>\n\t<meta name=\"twitter:data2\" content=\"1\u00a0Minute\" \/>\n<script type=\"application\/ld+json\" class=\"yoast-schema-graph\">{\"@context\":\"https:\/\/schema.org\",\"@graph\":[{\"@type\":\"Article\",\"@id\":\"https:\/\/kulturonline.tv\/de\/wiesenthal-liste-ruegt-documenta-15\/#article\",\"isPartOf\":{\"@id\":\"https:\/\/kulturonline.tv\/de\/wiesenthal-liste-ruegt-documenta-15\/\"},\"author\":{\"name\":\"guenter.wolfgang\",\"@id\":\"https:\/\/kulturonline.tv\/de\/#\/schema\/person\/b0fac729bb9a0c193fb1df23449df4fe\"},\"headline\":\"Wiesenthal-Liste r\u00fcgt documenta 15\",\"datePublished\":\"2023-01-02T05:42:14+00:00\",\"dateModified\":\"2023-01-11T19:06:28+00:00\",\"mainEntityOfPage\":{\"@id\":\"https:\/\/kulturonline.tv\/de\/wiesenthal-liste-ruegt-documenta-15\/\"},\"wordCount\":130,\"publisher\":{\"@id\":\"https:\/\/kulturonline.tv\/de\/#organization\"},\"image\":{\"@id\":\"https:\/\/kulturonline.tv\/de\/wiesenthal-liste-ruegt-documenta-15\/#primaryimage\"},\"thumbnailUrl\":\"https:\/\/kulturonline.tv\/wp-content\/uploads\/2023\/01\/Kultur-Online-TV-edited.png\",\"articleSection\":[\"Kunst\",\"Newsflash\"],\"inLanguage\":\"de\"},{\"@type\":\"WebPage\",\"@id\":\"https:\/\/kulturonline.tv\/de\/wiesenthal-liste-ruegt-documenta-15\/\",\"url\":\"https:\/\/kulturonline.tv\/de\/wiesenthal-liste-ruegt-documenta-15\/\",\"name\":\"Wiesenthal-Liste r\u00fcgt documenta 15 - Kultur Online TV &amp; FM\",\"isPartOf\":{\"@id\":\"https:\/\/kulturonline.tv\/de\/#website\"},\"primaryImageOfPage\":{\"@id\":\"https:\/\/kulturonline.tv\/de\/wiesenthal-liste-ruegt-documenta-15\/#primaryimage\"},\"image\":{\"@id\":\"https:\/\/kulturonline.tv\/de\/wiesenthal-liste-ruegt-documenta-15\/#primaryimage\"},\"thumbnailUrl\":\"https:\/\/kulturonline.tv\/wp-content\/uploads\/2023\/01\/Kultur-Online-TV-edited.png\",\"datePublished\":\"2023-01-02T05:42:14+00:00\",\"dateModified\":\"2023-01-11T19:06:28+00:00\",\"description\":\"Das Simon-Wiesenthal-Zentrum hat die Kasseler Kunstausstellung documenta 15 auf seine Liste der zehn schlimmsten Antisemitismus-Vorf\u00e4lle dieses Jahres gesetzt.\",\"breadcrumb\":{\"@id\":\"https:\/\/kulturonline.tv\/de\/wiesenthal-liste-ruegt-documenta-15\/#breadcrumb\"},\"inLanguage\":\"de\",\"potentialAction\":[{\"@type\":\"ReadAction\",\"target\":[\"https:\/\/kulturonline.tv\/de\/wiesenthal-liste-ruegt-documenta-15\/\"]}]},{\"@type\":\"ImageObject\",\"inLanguage\":\"de\",\"@id\":\"https:\/\/kulturonline.tv\/de\/wiesenthal-liste-ruegt-documenta-15\/#primaryimage\",\"url\":\"https:\/\/kulturonline.tv\/wp-content\/uploads\/2023\/01\/Kultur-Online-TV-edited.png\",\"contentUrl\":\"https:\/\/kulturonline.tv\/wp-content\/uploads\/2023\/01\/Kultur-Online-TV-edited.png\",\"width\":591,\"height\":332},{\"@type\":\"BreadcrumbList\",\"@id\":\"https:\/\/kulturonline.tv\/de\/wiesenthal-liste-ruegt-documenta-15\/#breadcrumb\",\"itemListElement\":[{\"@type\":\"ListItem\",\"position\":1,\"name\":\"Startseite\",\"item\":\"https:\/\/kulturonline.tv\/de\/\"},{\"@type\":\"ListItem\",\"position\":2,\"name\":\"Wiesenthal-Liste r\u00fcgt documenta 15\"}]},{\"@type\":\"WebSite\",\"@id\":\"https:\/\/kulturonline.tv\/de\/#website\",\"url\":\"https:\/\/kulturonline.tv\/de\/\",\"name\":\"Kultur Online TV &amp; FM\",\"description\":\"Wir sind Kultur 2.0 zum sehen &amp; h\u00f6ren\",\"publisher\":{\"@id\":\"https:\/\/kulturonline.tv\/de\/#organization\"},\"potentialAction\":[{\"@type\":\"SearchAction\",\"target\":{\"@type\":\"EntryPoint\",\"urlTemplate\":\"https:\/\/kulturonline.tv\/de\/?s={search_term_string}\"},\"query-input\":{\"@type\":\"PropertyValueSpecification\",\"valueRequired\":true,\"valueName\":\"search_term_string\"}}],\"inLanguage\":\"de\"},{\"@type\":\"Organization\",\"@id\":\"https:\/\/kulturonline.tv\/de\/#organization\",\"name\":\"Kultur Online TV\",\"url\":\"https:\/\/kulturonline.tv\/de\/\",\"logo\":{\"@type\":\"ImageObject\",\"inLanguage\":\"de\",\"@id\":\"https:\/\/kulturonline.tv\/de\/#\/schema\/logo\/image\/\",\"url\":\"https:\/\/kulturonline.tv\/wp-content\/uploads\/2021\/08\/Kultur-Online-Tv-Logo-Endversion-neu.png\",\"contentUrl\":\"https:\/\/kulturonline.tv\/wp-content\/uploads\/2021\/08\/Kultur-Online-Tv-Logo-Endversion-neu.png\",\"width\":200,\"height\":200,\"caption\":\"Kultur Online TV\"},\"image\":{\"@id\":\"https:\/\/kulturonline.tv\/de\/#\/schema\/logo\/image\/\"},\"sameAs\":[\"https:\/\/www.facebook.com\/kulturonline.tv\",\"https:\/\/www.instagram.com\/kulturonline.tv\"]},{\"@type\":\"Person\",\"@id\":\"https:\/\/kulturonline.tv\/de\/#\/schema\/person\/b0fac729bb9a0c193fb1df23449df4fe\",\"name\":\"guenter.wolfgang\"}]}<\/script>\n<!-- \/ Yoast SEO plugin. -->","yoast_head_json":{"title":"Wiesenthal-Liste r\u00fcgt documenta 15 - Kultur Online TV &amp; FM","description":"Das Simon-Wiesenthal-Zentrum hat die Kasseler Kunstausstellung documenta 15 auf seine Liste der zehn schlimmsten Antisemitismus-Vorf\u00e4lle dieses Jahres gesetzt.","robots":{"index":"index","follow":"follow","max-snippet":"max-snippet:-1","max-image-preview":"max-image-preview:large","max-video-preview":"max-video-preview:-1"},"canonical":"https:\/\/kulturonline.tv\/de\/wiesenthal-liste-ruegt-documenta-15\/","og_locale":"de_DE","og_type":"article","og_title":"Wiesenthal-Liste r\u00fcgt documenta 15 - Kultur Online TV &amp; FM","og_description":"Das Simon-Wiesenthal-Zentrum hat die Kasseler Kunstausstellung documenta 15 auf seine Liste der zehn schlimmsten Antisemitismus-Vorf\u00e4lle dieses Jahres gesetzt.","og_url":"https:\/\/kulturonline.tv\/de\/wiesenthal-liste-ruegt-documenta-15\/","og_site_name":"Kultur Online TV &amp; FM","article_publisher":"https:\/\/www.facebook.com\/kulturonline.tv","article_published_time":"2023-01-02T05:42:14+00:00","article_modified_time":"2023-01-11T19:06:28+00:00","og_image":[{"width":591,"height":332,"url":"https:\/\/kulturonline.tv\/wp-content\/uploads\/2023\/01\/Kultur-Online-TV-edited.png","type":"image\/png"}],"author":"guenter.wolfgang","twitter_card":"summary_large_image","twitter_misc":{"Verfasst von":"guenter.wolfgang","Gesch\u00e4tzte Lesezeit":"1\u00a0Minute"},"schema":{"@context":"https:\/\/schema.org","@graph":[{"@type":"Article","@id":"https:\/\/kulturonline.tv\/de\/wiesenthal-liste-ruegt-documenta-15\/#article","isPartOf":{"@id":"https:\/\/kulturonline.tv\/de\/wiesenthal-liste-ruegt-documenta-15\/"},"author":{"name":"guenter.wolfgang","@id":"https:\/\/kulturonline.tv\/de\/#\/schema\/person\/b0fac729bb9a0c193fb1df23449df4fe"},"headline":"Wiesenthal-Liste r\u00fcgt documenta 15","datePublished":"2023-01-02T05:42:14+00:00","dateModified":"2023-01-11T19:06:28+00:00","mainEntityOfPage":{"@id":"https:\/\/kulturonline.tv\/de\/wiesenthal-liste-ruegt-documenta-15\/"},"wordCount":130,"publisher":{"@id":"https:\/\/kulturonline.tv\/de\/#organization"},"image":{"@id":"https:\/\/kulturonline.tv\/de\/wiesenthal-liste-ruegt-documenta-15\/#primaryimage"},"thumbnailUrl":"https:\/\/kulturonline.tv\/wp-content\/uploads\/2023\/01\/Kultur-Online-TV-edited.png","articleSection":["Kunst","Newsflash"],"inLanguage":"de"},{"@type":"WebPage","@id":"https:\/\/kulturonline.tv\/de\/wiesenthal-liste-ruegt-documenta-15\/","url":"https:\/\/kulturonline.tv\/de\/wiesenthal-liste-ruegt-documenta-15\/","name":"Wiesenthal-Liste r\u00fcgt documenta 15 - Kultur Online TV &amp; FM","isPartOf":{"@id":"https:\/\/kulturonline.tv\/de\/#website"},"primaryImageOfPage":{"@id":"https:\/\/kulturonline.tv\/de\/wiesenthal-liste-ruegt-documenta-15\/#primaryimage"},"image":{"@id":"https:\/\/kulturonline.tv\/de\/wiesenthal-liste-ruegt-documenta-15\/#primaryimage"},"thumbnailUrl":"https:\/\/kulturonline.tv\/wp-content\/uploads\/2023\/01\/Kultur-Online-TV-edited.png","datePublished":"2023-01-02T05:42:14+00:00","dateModified":"2023-01-11T19:06:28+00:00","description":"Das Simon-Wiesenthal-Zentrum hat die Kasseler Kunstausstellung documenta 15 auf seine Liste der zehn schlimmsten Antisemitismus-Vorf\u00e4lle dieses Jahres gesetzt.","breadcrumb":{"@id":"https:\/\/kulturonline.tv\/de\/wiesenthal-liste-ruegt-documenta-15\/#breadcrumb"},"inLanguage":"de","potentialAction":[{"@type":"ReadAction","target":["https:\/\/kulturonline.tv\/de\/wiesenthal-liste-ruegt-documenta-15\/"]}]},{"@type":"ImageObject","inLanguage":"de","@id":"https:\/\/kulturonline.tv\/de\/wiesenthal-liste-ruegt-documenta-15\/#primaryimage","url":"https:\/\/kulturonline.tv\/wp-content\/uploads\/2023\/01\/Kultur-Online-TV-edited.png","contentUrl":"https:\/\/kulturonline.tv\/wp-content\/uploads\/2023\/01\/Kultur-Online-TV-edited.png","width":591,"height":332},{"@type":"BreadcrumbList","@id":"https:\/\/kulturonline.tv\/de\/wiesenthal-liste-ruegt-documenta-15\/#breadcrumb","itemListElement":[{"@type":"ListItem","position":1,"name":"Startseite","item":"https:\/\/kulturonline.tv\/de\/"},{"@type":"ListItem","position":2,"name":"Wiesenthal-Liste r\u00fcgt documenta 15"}]},{"@type":"WebSite","@id":"https:\/\/kulturonline.tv\/de\/#website","url":"https:\/\/kulturonline.tv\/de\/","name":"Kultur Online TV &amp; FM","description":"Wir sind Kultur 2.0 zum sehen &amp; h\u00f6ren","publisher":{"@id":"https:\/\/kulturonline.tv\/de\/#organization"},"potentialAction":[{"@type":"SearchAction","target":{"@type":"EntryPoint","urlTemplate":"https:\/\/kulturonline.tv\/de\/?s={search_term_string}"},"query-input":{"@type":"PropertyValueSpecification","valueRequired":true,"valueName":"search_term_string"}}],"inLanguage":"de"},{"@type":"Organization","@id":"https:\/\/kulturonline.tv\/de\/#organization","name":"Kultur Online TV","url":"https:\/\/kulturonline.tv\/de\/","logo":{"@type":"ImageObject","inLanguage":"de","@id":"https:\/\/kulturonline.tv\/de\/#\/schema\/logo\/image\/","url":"https:\/\/kulturonline.tv\/wp-content\/uploads\/2021\/08\/Kultur-Online-Tv-Logo-Endversion-neu.png","contentUrl":"https:\/\/kulturonline.tv\/wp-content\/uploads\/2021\/08\/Kultur-Online-Tv-Logo-Endversion-neu.png","width":200,"height":200,"caption":"Kultur Online TV"},"image":{"@id":"https:\/\/kulturonline.tv\/de\/#\/schema\/logo\/image\/"},"sameAs":["https:\/\/www.facebook.com\/kulturonline.tv","https:\/\/www.instagram.com\/kulturonline.tv"]},{"@type":"Person","@id":"https:\/\/kulturonline.tv\/de\/#\/schema\/person\/b0fac729bb9a0c193fb1df23449df4fe","name":"guenter.wolfgang"}]}},"_links":{"self":[{"href":"https:\/\/kulturonline.tv\/de\/wp-json\/wp\/v2\/posts\/47440","targetHints":{"allow":["GET"]}}],"collection":[{"href":"https:\/\/kulturonline.tv\/de\/wp-json\/wp\/v2\/posts"}],"about":[{"href":"https:\/\/kulturonline.tv\/de\/wp-json\/wp\/v2\/types\/post"}],"author":[{"embeddable":true,"href":"https:\/\/kulturonline.tv\/de\/wp-json\/wp\/v2\/users\/2"}],"replies":[{"embeddable":true,"href":"https:\/\/kulturonline.tv\/de\/wp-json\/wp\/v2\/comments?post=47440"}],"version-history":[{"count":0,"href":"https:\/\/kulturonline.tv\/de\/wp-json\/wp\/v2\/posts\/47440\/revisions"}],"wp:featuredmedia":[{"embeddable":true,"href":"https:\/\/kulturonline.tv\/de\/wp-json\/wp\/v2\/media\/47443"}],"wp:attachment":[{"href":"https:\/\/kulturonline.tv\/de\/wp-json\/wp\/v2\/media?parent=47440"}],"wp:term":[{"taxonomy":"category","embeddable":true,"href":"https:\/\/kulturonline.tv\/de\/wp-json\/wp\/v2\/categories?post=47440"},{"taxonomy":"post_tag","embeddable":true,"href":"https:\/\/kulturonline.tv\/de\/wp-json\/wp\/v2\/tags?post=47440"}],"curies":[{"name":"wp","href":"https:\/\/api.w.org\/{rel}","templated":true}]}}