{"id":47446,"date":"2023-01-02T07:02:49","date_gmt":"2023-01-02T06:02:49","guid":{"rendered":"https:\/\/kulturonline.tv\/?p=47446"},"modified":"2023-01-02T08:12:34","modified_gmt":"2023-01-02T07:12:34","slug":"modedesignerin-vivienne-westwood-verstorben","status":"publish","type":"post","link":"https:\/\/kulturonline.tv\/de\/modedesignerin-vivienne-westwood-verstorben\/","title":{"rendered":"Modedesignerin Vivienne Westwood verstorben"},"content":{"rendered":"\n<p>Sie gilt als Wegbereiterin des Punk in der Modebranche und ist bekannt f\u00fcr androgyne Schnitte und provozierende Slogans. <\/p>\n\n\n\n<figure class=\"wp-block-image size-full is-resized\"><img decoding=\"async\" src=\"https:\/\/kulturonline.tv\/wp-content\/uploads\/2023\/01\/Vivienne_Westwood_Life_Ball_2011_d-edited.jpg\" alt=\"\" class=\"wp-image-47449\" width=\"840\" srcset=\"https:\/\/kulturonline.tv\/wp-content\/uploads\/2023\/01\/Vivienne_Westwood_Life_Ball_2011_d-edited.jpg 800w, https:\/\/kulturonline.tv\/wp-content\/uploads\/2023\/01\/Vivienne_Westwood_Life_Ball_2011_d-edited-768x432.jpg 768w, https:\/\/kulturonline.tv\/wp-content\/uploads\/2023\/01\/Vivienne_Westwood_Life_Ball_2011_d-edited-600x338.jpg 600w\" sizes=\"(max-width: 800px) 100vw, 800px\" \/><figcaption class=\"wp-element-caption\">\u00a9 Manfred Werner\/Tsui &#8211; CC by-sa 3.0, CC BY-SA 3.0, via Wikimedia Commons<\/figcaption><\/figure>\n\n\n\n<p>Ber\u00fchmt wurde sie in den 1970er Jahren mit ihrer respektlosen Haltung gegen\u00fcber dem Establishment  ihre Entw\u00fcrfe waren immer auch ein politisches Statement.<\/p>\n\n\n\n<p>Westwood wurde als erstes von drei Kindern in einer mittelenglischen Kleinstadt dreizehn Meilen \u00f6stlich von Manchester geboren. Ihre Mutter Dora Ball war Weberin in der \u00f6rtlichen Baumwollspinnerei und ihr Vater Gordon Swire kam aus einer Familie von Schuhmachern. 1944 kamen ihre Schwester Olga und 1946 ihr Bruder Gordon zur Welt. Nach dem Zweiten Weltkrieg \u00fcbernahmen ihre Eltern ein kleines Postamt in der Gemeinde Tintwistle. 1958 zog sie mit ihren Eltern nach Harrow (Middlesex, jetzt Greater London), wo diese nun eine gr\u00f6\u00dfere Postfiliale leiteten. Westwood besuchte die Harrow Art School, wo sie jeweils ein Semester lang Kunst, Mode und schlie\u00dflich Silberschmiedekunst belegte, doch konnte sie sich als Tochter von Arbeitern noch keine berufliche Zukunft damit vorstellen. Daraufhin machte sie eine Ausbildung zur Lehrerin und unterrichtete ab 1961 an einer Grundschule in Willesden im Norden Londons.<\/p>\n\n\n\n<p>Sie heiratete 1962 den Werkzeugmacher Derek Westwood und hatte mit ihm den Sohn Benjamin \u201eBen\u201c Arthur (* 1963). Nach drei Jahren fl\u00fcchtete sie mit Ben zu ihrer Tante Ethel in Nordwales und lie\u00df sich 1965 von Derek Westwood scheiden. Danach lernte sie den damals 18-j\u00e4hrigen Malcolm Edwards (alias Malcolm McLaren) kennen, einen Freund ihres Bruders, der am benachbarten Harrow Technical College studiert hatte. Mit ihm bekam sie 1967 einen weiteren Sohn namens Joseph Corre und unterrichtete noch bis 1971. Als Mutter zweier S\u00f6hne begann sie vermehrt, ihre eigene Kleidung zu schneidern. Seit ihrer Schulzeit interessierte sie sich f\u00fcr das Modemachen und n\u00e4hte ihre eigene Mode. Sie kopierte Kleidungsst\u00fccke, indem sie die N\u00e4hte auftrennte und so den Schnitt abnahm. Diese Angewohnheit, den Dingen auf den Grund zu gehen, bewahrte und perfektionierte sie ihr Leben lang. Die Radikalit\u00e4t ihrer Einstellung sollte sich nicht nur auf die Mode beschr\u00e4nken.<\/p>\n\n\n\n<p>Tetxtquellen. Wikipedia<\/p>\n\n\n\n<p>Kultur Online TV<\/p>\n\n\n\n<p>#news #mixed<\/p>\n\n\n\n<p><\/p>\n\n\n\n<a href=\"https:\/\/t.adcell.com\/p\/click?promoId=84478&#038;slotId=98564\" target=\"_blank\" rel=\"noopener\">\n    <img fetchpriority=\"high\" decoding=\"async\" src=\"https:\/\/t.adcell.com\/p\/image?promoId=84478&#038;slotId=98564\" width=\"728\" height=\"90\" border=\"0\" alt=\"Buchmaxe\" \/>\n<\/a>\n","protected":false},"excerpt":{"rendered":"<p>Sie gilt als Wegbereiterin des Punk in der Modebranche und ist bekannt f\u00fcr androgyne Schnitte und provozierende Slogans. Ber\u00fchmt wurde sie in den 1970er Jahren mit ihrer respektlosen Haltung gegen\u00fcber dem Establishment ihre Entw\u00fcrfe waren immer auch ein politisches Statement. Westwood wurde als erstes von drei Kindern in einer mittelenglischen Kleinstadt dreizehn Meilen \u00f6stlich von [&hellip;]<\/p>\n","protected":false},"author":2,"featured_media":47449,"comment_status":"closed","ping_status":"closed","sticky":false,"template":"","format":"standard","meta":{"_acf_changed":false,"footnotes":""},"categories":[281],"tags":[],"class_list":["post-47446","post","type-post","status-publish","format-standard","has-post-thumbnail","hentry","category-mixed"],"acf":[],"yoast_head":"<!-- This site is optimized with the Yoast SEO plugin v26.1.1 - https:\/\/yoast.com\/wordpress\/plugins\/seo\/ -->\n<title>Modedesignerin Vivienne Westwood verstorben - Kultur Online TV &amp; FM<\/title>\n<meta name=\"description\" content=\"Ber\u00fchmt wurde sie in den 1970er Jahren mit ihrer respektlosen Haltung gegen\u00fcber dem Establishment ihre Entw\u00fcrfe waren immer auch ein politisches Statement.\" \/>\n<meta name=\"robots\" content=\"index, follow, max-snippet:-1, max-image-preview:large, max-video-preview:-1\" \/>\n<link rel=\"canonical\" href=\"https:\/\/kulturonline.tv\/de\/modedesignerin-vivienne-westwood-verstorben\/\" \/>\n<meta property=\"og:locale\" content=\"de_DE\" \/>\n<meta property=\"og:type\" content=\"article\" \/>\n<meta property=\"og:title\" content=\"Modedesignerin Vivienne Westwood verstorben - Kultur Online TV &amp; FM\" \/>\n<meta property=\"og:description\" content=\"Ber\u00fchmt wurde sie in den 1970er Jahren mit ihrer respektlosen Haltung gegen\u00fcber dem Establishment ihre Entw\u00fcrfe waren immer auch ein politisches Statement.\" \/>\n<meta property=\"og:url\" content=\"https:\/\/kulturonline.tv\/de\/modedesignerin-vivienne-westwood-verstorben\/\" \/>\n<meta property=\"og:site_name\" content=\"Kultur Online TV &amp; FM\" \/>\n<meta property=\"article:publisher\" content=\"https:\/\/www.facebook.com\/kulturonline.tv\" \/>\n<meta property=\"article:published_time\" content=\"2023-01-02T06:02:49+00:00\" \/>\n<meta property=\"article:modified_time\" content=\"2023-01-02T07:12:34+00:00\" \/>\n<meta property=\"og:image\" content=\"https:\/\/kulturonline.tv\/wp-content\/uploads\/2023\/01\/Vivienne_Westwood_Life_Ball_2011_d-edited.jpg\" \/>\n\t<meta property=\"og:image:width\" content=\"800\" \/>\n\t<meta property=\"og:image:height\" content=\"450\" \/>\n\t<meta property=\"og:image:type\" content=\"image\/jpeg\" \/>\n<meta name=\"author\" content=\"guenter.wolfgang\" \/>\n<meta name=\"twitter:card\" content=\"summary_large_image\" \/>\n<meta name=\"twitter:label1\" content=\"Verfasst von\" \/>\n\t<meta name=\"twitter:data1\" content=\"guenter.wolfgang\" \/>\n\t<meta name=\"twitter:label2\" content=\"Gesch\u00e4tzte Lesezeit\" \/>\n\t<meta name=\"twitter:data2\" content=\"2\u00a0Minuten\" \/>\n<script type=\"application\/ld+json\" class=\"yoast-schema-graph\">{\"@context\":\"https:\/\/schema.org\",\"@graph\":[{\"@type\":\"Article\",\"@id\":\"https:\/\/kulturonline.tv\/de\/modedesignerin-vivienne-westwood-verstorben\/#article\",\"isPartOf\":{\"@id\":\"https:\/\/kulturonline.tv\/de\/modedesignerin-vivienne-westwood-verstorben\/\"},\"author\":{\"name\":\"guenter.wolfgang\",\"@id\":\"https:\/\/kulturonline.tv\/de\/#\/schema\/person\/b0fac729bb9a0c193fb1df23449df4fe\"},\"headline\":\"Modedesignerin Vivienne Westwood verstorben\",\"datePublished\":\"2023-01-02T06:02:49+00:00\",\"dateModified\":\"2023-01-02T07:12:34+00:00\",\"mainEntityOfPage\":{\"@id\":\"https:\/\/kulturonline.tv\/de\/modedesignerin-vivienne-westwood-verstorben\/\"},\"wordCount\":347,\"publisher\":{\"@id\":\"https:\/\/kulturonline.tv\/de\/#organization\"},\"image\":{\"@id\":\"https:\/\/kulturonline.tv\/de\/modedesignerin-vivienne-westwood-verstorben\/#primaryimage\"},\"thumbnailUrl\":\"https:\/\/kulturonline.tv\/wp-content\/uploads\/2023\/01\/Vivienne_Westwood_Life_Ball_2011_d-edited.jpg\",\"articleSection\":[\"Mixed\"],\"inLanguage\":\"de\"},{\"@type\":\"WebPage\",\"@id\":\"https:\/\/kulturonline.tv\/de\/modedesignerin-vivienne-westwood-verstorben\/\",\"url\":\"https:\/\/kulturonline.tv\/de\/modedesignerin-vivienne-westwood-verstorben\/\",\"name\":\"Modedesignerin Vivienne Westwood verstorben - Kultur Online TV &amp; FM\",\"isPartOf\":{\"@id\":\"https:\/\/kulturonline.tv\/de\/#website\"},\"primaryImageOfPage\":{\"@id\":\"https:\/\/kulturonline.tv\/de\/modedesignerin-vivienne-westwood-verstorben\/#primaryimage\"},\"image\":{\"@id\":\"https:\/\/kulturonline.tv\/de\/modedesignerin-vivienne-westwood-verstorben\/#primaryimage\"},\"thumbnailUrl\":\"https:\/\/kulturonline.tv\/wp-content\/uploads\/2023\/01\/Vivienne_Westwood_Life_Ball_2011_d-edited.jpg\",\"datePublished\":\"2023-01-02T06:02:49+00:00\",\"dateModified\":\"2023-01-02T07:12:34+00:00\",\"description\":\"Ber\u00fchmt wurde sie in den 1970er Jahren mit ihrer respektlosen Haltung gegen\u00fcber dem Establishment ihre Entw\u00fcrfe waren immer auch ein politisches Statement.\",\"breadcrumb\":{\"@id\":\"https:\/\/kulturonline.tv\/de\/modedesignerin-vivienne-westwood-verstorben\/#breadcrumb\"},\"inLanguage\":\"de\",\"potentialAction\":[{\"@type\":\"ReadAction\",\"target\":[\"https:\/\/kulturonline.tv\/de\/modedesignerin-vivienne-westwood-verstorben\/\"]}]},{\"@type\":\"ImageObject\",\"inLanguage\":\"de\",\"@id\":\"https:\/\/kulturonline.tv\/de\/modedesignerin-vivienne-westwood-verstorben\/#primaryimage\",\"url\":\"https:\/\/kulturonline.tv\/wp-content\/uploads\/2023\/01\/Vivienne_Westwood_Life_Ball_2011_d-edited.jpg\",\"contentUrl\":\"https:\/\/kulturonline.tv\/wp-content\/uploads\/2023\/01\/Vivienne_Westwood_Life_Ball_2011_d-edited.jpg\",\"width\":800,\"height\":450},{\"@type\":\"BreadcrumbList\",\"@id\":\"https:\/\/kulturonline.tv\/de\/modedesignerin-vivienne-westwood-verstorben\/#breadcrumb\",\"itemListElement\":[{\"@type\":\"ListItem\",\"position\":1,\"name\":\"Startseite\",\"item\":\"https:\/\/kulturonline.tv\/de\/\"},{\"@type\":\"ListItem\",\"position\":2,\"name\":\"Modedesignerin Vivienne Westwood verstorben\"}]},{\"@type\":\"WebSite\",\"@id\":\"https:\/\/kulturonline.tv\/de\/#website\",\"url\":\"https:\/\/kulturonline.tv\/de\/\",\"name\":\"Kultur Online TV &amp; FM\",\"description\":\"Wir sind Kultur 2.0 zum sehen &amp; h\u00f6ren\",\"publisher\":{\"@id\":\"https:\/\/kulturonline.tv\/de\/#organization\"},\"potentialAction\":[{\"@type\":\"SearchAction\",\"target\":{\"@type\":\"EntryPoint\",\"urlTemplate\":\"https:\/\/kulturonline.tv\/de\/?s={search_term_string}\"},\"query-input\":{\"@type\":\"PropertyValueSpecification\",\"valueRequired\":true,\"valueName\":\"search_term_string\"}}],\"inLanguage\":\"de\"},{\"@type\":\"Organization\",\"@id\":\"https:\/\/kulturonline.tv\/de\/#organization\",\"name\":\"Kultur Online TV\",\"url\":\"https:\/\/kulturonline.tv\/de\/\",\"logo\":{\"@type\":\"ImageObject\",\"inLanguage\":\"de\",\"@id\":\"https:\/\/kulturonline.tv\/de\/#\/schema\/logo\/image\/\",\"url\":\"https:\/\/kulturonline.tv\/wp-content\/uploads\/2021\/08\/Kultur-Online-Tv-Logo-Endversion-neu.png\",\"contentUrl\":\"https:\/\/kulturonline.tv\/wp-content\/uploads\/2021\/08\/Kultur-Online-Tv-Logo-Endversion-neu.png\",\"width\":200,\"height\":200,\"caption\":\"Kultur Online TV\"},\"image\":{\"@id\":\"https:\/\/kulturonline.tv\/de\/#\/schema\/logo\/image\/\"},\"sameAs\":[\"https:\/\/www.facebook.com\/kulturonline.tv\",\"https:\/\/www.instagram.com\/kulturonline.tv\"]},{\"@type\":\"Person\",\"@id\":\"https:\/\/kulturonline.tv\/de\/#\/schema\/person\/b0fac729bb9a0c193fb1df23449df4fe\",\"name\":\"guenter.wolfgang\"}]}<\/script>\n<!-- \/ Yoast SEO plugin. -->","yoast_head_json":{"title":"Modedesignerin Vivienne Westwood verstorben - Kultur Online TV &amp; FM","description":"Ber\u00fchmt wurde sie in den 1970er Jahren mit ihrer respektlosen Haltung gegen\u00fcber dem Establishment ihre Entw\u00fcrfe waren immer auch ein politisches Statement.","robots":{"index":"index","follow":"follow","max-snippet":"max-snippet:-1","max-image-preview":"max-image-preview:large","max-video-preview":"max-video-preview:-1"},"canonical":"https:\/\/kulturonline.tv\/de\/modedesignerin-vivienne-westwood-verstorben\/","og_locale":"de_DE","og_type":"article","og_title":"Modedesignerin Vivienne Westwood verstorben - Kultur Online TV &amp; FM","og_description":"Ber\u00fchmt wurde sie in den 1970er Jahren mit ihrer respektlosen Haltung gegen\u00fcber dem Establishment ihre Entw\u00fcrfe waren immer auch ein politisches Statement.","og_url":"https:\/\/kulturonline.tv\/de\/modedesignerin-vivienne-westwood-verstorben\/","og_site_name":"Kultur Online TV &amp; FM","article_publisher":"https:\/\/www.facebook.com\/kulturonline.tv","article_published_time":"2023-01-02T06:02:49+00:00","article_modified_time":"2023-01-02T07:12:34+00:00","og_image":[{"width":800,"height":450,"url":"https:\/\/kulturonline.tv\/wp-content\/uploads\/2023\/01\/Vivienne_Westwood_Life_Ball_2011_d-edited.jpg","type":"image\/jpeg"}],"author":"guenter.wolfgang","twitter_card":"summary_large_image","twitter_misc":{"Verfasst von":"guenter.wolfgang","Gesch\u00e4tzte Lesezeit":"2\u00a0Minuten"},"schema":{"@context":"https:\/\/schema.org","@graph":[{"@type":"Article","@id":"https:\/\/kulturonline.tv\/de\/modedesignerin-vivienne-westwood-verstorben\/#article","isPartOf":{"@id":"https:\/\/kulturonline.tv\/de\/modedesignerin-vivienne-westwood-verstorben\/"},"author":{"name":"guenter.wolfgang","@id":"https:\/\/kulturonline.tv\/de\/#\/schema\/person\/b0fac729bb9a0c193fb1df23449df4fe"},"headline":"Modedesignerin Vivienne Westwood verstorben","datePublished":"2023-01-02T06:02:49+00:00","dateModified":"2023-01-02T07:12:34+00:00","mainEntityOfPage":{"@id":"https:\/\/kulturonline.tv\/de\/modedesignerin-vivienne-westwood-verstorben\/"},"wordCount":347,"publisher":{"@id":"https:\/\/kulturonline.tv\/de\/#organization"},"image":{"@id":"https:\/\/kulturonline.tv\/de\/modedesignerin-vivienne-westwood-verstorben\/#primaryimage"},"thumbnailUrl":"https:\/\/kulturonline.tv\/wp-content\/uploads\/2023\/01\/Vivienne_Westwood_Life_Ball_2011_d-edited.jpg","articleSection":["Mixed"],"inLanguage":"de"},{"@type":"WebPage","@id":"https:\/\/kulturonline.tv\/de\/modedesignerin-vivienne-westwood-verstorben\/","url":"https:\/\/kulturonline.tv\/de\/modedesignerin-vivienne-westwood-verstorben\/","name":"Modedesignerin Vivienne Westwood verstorben - Kultur Online TV &amp; FM","isPartOf":{"@id":"https:\/\/kulturonline.tv\/de\/#website"},"primaryImageOfPage":{"@id":"https:\/\/kulturonline.tv\/de\/modedesignerin-vivienne-westwood-verstorben\/#primaryimage"},"image":{"@id":"https:\/\/kulturonline.tv\/de\/modedesignerin-vivienne-westwood-verstorben\/#primaryimage"},"thumbnailUrl":"https:\/\/kulturonline.tv\/wp-content\/uploads\/2023\/01\/Vivienne_Westwood_Life_Ball_2011_d-edited.jpg","datePublished":"2023-01-02T06:02:49+00:00","dateModified":"2023-01-02T07:12:34+00:00","description":"Ber\u00fchmt wurde sie in den 1970er Jahren mit ihrer respektlosen Haltung gegen\u00fcber dem Establishment ihre Entw\u00fcrfe waren immer auch ein politisches Statement.","breadcrumb":{"@id":"https:\/\/kulturonline.tv\/de\/modedesignerin-vivienne-westwood-verstorben\/#breadcrumb"},"inLanguage":"de","potentialAction":[{"@type":"ReadAction","target":["https:\/\/kulturonline.tv\/de\/modedesignerin-vivienne-westwood-verstorben\/"]}]},{"@type":"ImageObject","inLanguage":"de","@id":"https:\/\/kulturonline.tv\/de\/modedesignerin-vivienne-westwood-verstorben\/#primaryimage","url":"https:\/\/kulturonline.tv\/wp-content\/uploads\/2023\/01\/Vivienne_Westwood_Life_Ball_2011_d-edited.jpg","contentUrl":"https:\/\/kulturonline.tv\/wp-content\/uploads\/2023\/01\/Vivienne_Westwood_Life_Ball_2011_d-edited.jpg","width":800,"height":450},{"@type":"BreadcrumbList","@id":"https:\/\/kulturonline.tv\/de\/modedesignerin-vivienne-westwood-verstorben\/#breadcrumb","itemListElement":[{"@type":"ListItem","position":1,"name":"Startseite","item":"https:\/\/kulturonline.tv\/de\/"},{"@type":"ListItem","position":2,"name":"Modedesignerin Vivienne Westwood verstorben"}]},{"@type":"WebSite","@id":"https:\/\/kulturonline.tv\/de\/#website","url":"https:\/\/kulturonline.tv\/de\/","name":"Kultur Online TV &amp; FM","description":"Wir sind Kultur 2.0 zum sehen &amp; h\u00f6ren","publisher":{"@id":"https:\/\/kulturonline.tv\/de\/#organization"},"potentialAction":[{"@type":"SearchAction","target":{"@type":"EntryPoint","urlTemplate":"https:\/\/kulturonline.tv\/de\/?s={search_term_string}"},"query-input":{"@type":"PropertyValueSpecification","valueRequired":true,"valueName":"search_term_string"}}],"inLanguage":"de"},{"@type":"Organization","@id":"https:\/\/kulturonline.tv\/de\/#organization","name":"Kultur Online TV","url":"https:\/\/kulturonline.tv\/de\/","logo":{"@type":"ImageObject","inLanguage":"de","@id":"https:\/\/kulturonline.tv\/de\/#\/schema\/logo\/image\/","url":"https:\/\/kulturonline.tv\/wp-content\/uploads\/2021\/08\/Kultur-Online-Tv-Logo-Endversion-neu.png","contentUrl":"https:\/\/kulturonline.tv\/wp-content\/uploads\/2021\/08\/Kultur-Online-Tv-Logo-Endversion-neu.png","width":200,"height":200,"caption":"Kultur Online TV"},"image":{"@id":"https:\/\/kulturonline.tv\/de\/#\/schema\/logo\/image\/"},"sameAs":["https:\/\/www.facebook.com\/kulturonline.tv","https:\/\/www.instagram.com\/kulturonline.tv"]},{"@type":"Person","@id":"https:\/\/kulturonline.tv\/de\/#\/schema\/person\/b0fac729bb9a0c193fb1df23449df4fe","name":"guenter.wolfgang"}]}},"_links":{"self":[{"href":"https:\/\/kulturonline.tv\/de\/wp-json\/wp\/v2\/posts\/47446","targetHints":{"allow":["GET"]}}],"collection":[{"href":"https:\/\/kulturonline.tv\/de\/wp-json\/wp\/v2\/posts"}],"about":[{"href":"https:\/\/kulturonline.tv\/de\/wp-json\/wp\/v2\/types\/post"}],"author":[{"embeddable":true,"href":"https:\/\/kulturonline.tv\/de\/wp-json\/wp\/v2\/users\/2"}],"replies":[{"embeddable":true,"href":"https:\/\/kulturonline.tv\/de\/wp-json\/wp\/v2\/comments?post=47446"}],"version-history":[{"count":0,"href":"https:\/\/kulturonline.tv\/de\/wp-json\/wp\/v2\/posts\/47446\/revisions"}],"wp:featuredmedia":[{"embeddable":true,"href":"https:\/\/kulturonline.tv\/de\/wp-json\/wp\/v2\/media\/47449"}],"wp:attachment":[{"href":"https:\/\/kulturonline.tv\/de\/wp-json\/wp\/v2\/media?parent=47446"}],"wp:term":[{"taxonomy":"category","embeddable":true,"href":"https:\/\/kulturonline.tv\/de\/wp-json\/wp\/v2\/categories?post=47446"},{"taxonomy":"post_tag","embeddable":true,"href":"https:\/\/kulturonline.tv\/de\/wp-json\/wp\/v2\/tags?post=47446"}],"curies":[{"name":"wp","href":"https:\/\/api.w.org\/{rel}","templated":true}]}}