{"id":48074,"date":"2023-01-11T21:30:34","date_gmt":"2023-01-11T20:30:34","guid":{"rendered":"https:\/\/kulturonline.tv\/?p=48074"},"modified":"2023-01-11T21:30:36","modified_gmt":"2023-01-11T20:30:36","slug":"deutsche-stadt-coburg-bekommt-ein-globe-theater","status":"publish","type":"post","link":"https:\/\/kulturonline.tv\/de\/deutsche-stadt-coburg-bekommt-ein-globe-theater\/","title":{"rendered":"Deutsche Stadt Coburg bekommt ein Globe-Theater"},"content":{"rendered":"\n<p>Als Er\u00f6ffnungstermin ist weiterhin September 2023 anvisiert, sagte ein Sprecher der Stadt.<\/p>\n\n\n\n<figure class=\"wp-block-image size-full is-resized\"><img fetchpriority=\"high\" decoding=\"async\" src=\"https:\/\/kulturonline.tv\/wp-content\/uploads\/2023\/01\/globe-aussen-edited.jpg\" alt=\"\" class=\"wp-image-48077\" width=\"839\" height=\"473\"\/><figcaption class=\"wp-element-caption\">\u00a9 https:\/\/baublog.mein-coburg.de\/globe-theater<\/figcaption><\/figure>\n\n\n\n<p>Auf dem Gel\u00e4nde des ehemaligen G\u00fcterbahnhofs im S\u00fcden der Stadt Coburg wird gerade ein neues Kapitel in der Coburger Stadtentwicklung geschrieben. Das sogenannte \u201eGlobe\u201c wird dabei sicherlich zum baulichen Highlights des Areals werden. Es dient w\u00e4hrend der mehrj\u00e4hrigen Generalsanierung dem Landestheater als Ersatzspielst\u00e4tte, steht aber dauerhaft als multifunktionaler Ort zur Verf\u00fcgung.<\/p>\n\n\n\n<p>Die Stadt Coburg, einst Heimat des Schriftstellers Jean Paul, f\u00fchlt sich mit England traditionell sehr verbunden, denn das Herzogshaus Sachsen-Coburg und Gotha ist mit dem britischen K\u00f6nigshaus verwandt: Prinzgemahl Albert (1819-1861), der Ehemann von K\u00f6nigin Victoria, stammt aus diesem Haus und ist der Ur-Ur-Gro\u00dfvater der 2022 verstorbenen Queen Elisabeth II.<\/p>\n\n\n\n<p>Das Globe-Theater wird rund 500 Zuschauerinnen und Zuschauern Platz bieten. Der Bau der Spielst\u00e4tte soll nach derzeitiger Planung rund 32 Millionen Euro kosten.<\/p>\n\n\n\n<figure class=\"wp-block-embed is-type-video is-provider-youtube wp-block-embed-youtube wp-embed-aspect-16-9 wp-has-aspect-ratio\"><div class=\"wp-block-embed__wrapper\">\n<iframe title=\"Stadt der Zukunft: Coburg schreitet voran\" width=\"800\" height=\"450\" src=\"https:\/\/www.youtube.com\/embed\/UWDpeDsmgNI?start=1&#038;feature=oembed\" frameborder=\"0\" allow=\"accelerometer; autoplay; clipboard-write; encrypted-media; gyroscope; picture-in-picture; web-share\" referrerpolicy=\"strict-origin-when-cross-origin\" allowfullscreen><\/iframe>\n<\/div><\/figure>\n\n\n\n<p>Kultur Online TV<\/p>\n\n\n\n<p>#theater #news  #kunst #kultur<\/p>\n\n\n\n<figure class=\"wp-block-image\"><img decoding=\"async\" src=\"https:\/\/t.adcell.com\/p\/image?promoId=315790&amp;slotId=98564\" alt=\"select holidays\"\/><\/figure>\n\n\n\n<p><a href=\"https:\/\/t.adcell.com\/p\/click?promoId=315790&amp;slotId=98564\" target=\"_blank\" rel=\"noreferrer noopener\"><\/a><\/p>\n","protected":false},"excerpt":{"rendered":"<p>Als Er\u00f6ffnungstermin ist weiterhin September 2023 anvisiert, sagte ein Sprecher der Stadt. Auf dem Gel\u00e4nde des ehemaligen G\u00fcterbahnhofs im S\u00fcden der Stadt Coburg wird gerade ein neues Kapitel in der Coburger Stadtentwicklung geschrieben. Das sogenannte \u201eGlobe\u201c wird dabei sicherlich zum baulichen Highlights des Areals werden. Es dient w\u00e4hrend der mehrj\u00e4hrigen Generalsanierung dem Landestheater als Ersatzspielst\u00e4tte, [&hellip;]<\/p>\n","protected":false},"author":2,"featured_media":48077,"comment_status":"closed","ping_status":"closed","sticky":false,"template":"","format":"standard","meta":{"_acf_changed":false,"footnotes":""},"categories":[105],"tags":[],"class_list":["post-48074","post","type-post","status-publish","format-standard","has-post-thumbnail","hentry","category-theater"],"acf":[],"yoast_head":"<!-- This site is optimized with the Yoast SEO plugin v26.1.1 - https:\/\/yoast.com\/wordpress\/plugins\/seo\/ -->\n<title>Deutsche Stadt Coburg bekommt ein Globe-Theater - Kultur Online TV &amp; FM<\/title>\n<meta name=\"description\" content=\"Als Er\u00f6ffnungstermin sei weiterhin September 2023 anvisiert, sagte ein Sprecher der Stadt.\" \/>\n<meta name=\"robots\" content=\"index, follow, max-snippet:-1, max-image-preview:large, max-video-preview:-1\" \/>\n<link rel=\"canonical\" href=\"https:\/\/kulturonline.tv\/de\/deutsche-stadt-coburg-bekommt-ein-globe-theater\/\" \/>\n<meta property=\"og:locale\" content=\"de_DE\" \/>\n<meta property=\"og:type\" content=\"article\" \/>\n<meta property=\"og:title\" content=\"Deutsche Stadt Coburg bekommt ein Globe-Theater - Kultur Online TV &amp; FM\" \/>\n<meta property=\"og:description\" content=\"Als Er\u00f6ffnungstermin sei weiterhin September 2023 anvisiert, sagte ein Sprecher der Stadt.\" \/>\n<meta property=\"og:url\" content=\"https:\/\/kulturonline.tv\/de\/deutsche-stadt-coburg-bekommt-ein-globe-theater\/\" \/>\n<meta property=\"og:site_name\" content=\"Kultur Online TV &amp; FM\" \/>\n<meta property=\"article:publisher\" content=\"https:\/\/www.facebook.com\/kulturonline.tv\" \/>\n<meta property=\"article:published_time\" content=\"2023-01-11T20:30:34+00:00\" \/>\n<meta property=\"article:modified_time\" content=\"2023-01-11T20:30:36+00:00\" \/>\n<meta property=\"og:image\" content=\"https:\/\/kulturonline.tv\/wp-content\/uploads\/2023\/01\/globe-aussen-edited.jpg\" \/>\n\t<meta property=\"og:image:width\" content=\"600\" \/>\n\t<meta property=\"og:image:height\" content=\"338\" \/>\n\t<meta property=\"og:image:type\" content=\"image\/jpeg\" \/>\n<meta name=\"author\" content=\"guenter.wolfgang\" \/>\n<meta name=\"twitter:card\" content=\"summary_large_image\" \/>\n<meta name=\"twitter:label1\" content=\"Verfasst von\" \/>\n\t<meta name=\"twitter:data1\" content=\"guenter.wolfgang\" \/>\n\t<meta name=\"twitter:label2\" content=\"Gesch\u00e4tzte Lesezeit\" \/>\n\t<meta name=\"twitter:data2\" content=\"1\u00a0Minute\" \/>\n<script type=\"application\/ld+json\" class=\"yoast-schema-graph\">{\"@context\":\"https:\/\/schema.org\",\"@graph\":[{\"@type\":\"Article\",\"@id\":\"https:\/\/kulturonline.tv\/de\/deutsche-stadt-coburg-bekommt-ein-globe-theater\/#article\",\"isPartOf\":{\"@id\":\"https:\/\/kulturonline.tv\/de\/deutsche-stadt-coburg-bekommt-ein-globe-theater\/\"},\"author\":{\"name\":\"guenter.wolfgang\",\"@id\":\"https:\/\/kulturonline.tv\/de\/#\/schema\/person\/b0fac729bb9a0c193fb1df23449df4fe\"},\"headline\":\"Deutsche Stadt Coburg bekommt ein Globe-Theater\",\"datePublished\":\"2023-01-11T20:30:34+00:00\",\"dateModified\":\"2023-01-11T20:30:36+00:00\",\"mainEntityOfPage\":{\"@id\":\"https:\/\/kulturonline.tv\/de\/deutsche-stadt-coburg-bekommt-ein-globe-theater\/\"},\"wordCount\":173,\"publisher\":{\"@id\":\"https:\/\/kulturonline.tv\/de\/#organization\"},\"image\":{\"@id\":\"https:\/\/kulturonline.tv\/de\/deutsche-stadt-coburg-bekommt-ein-globe-theater\/#primaryimage\"},\"thumbnailUrl\":\"https:\/\/kulturonline.tv\/wp-content\/uploads\/2023\/01\/globe-aussen-edited.jpg\",\"articleSection\":[\"Theater\"],\"inLanguage\":\"de\"},{\"@type\":\"WebPage\",\"@id\":\"https:\/\/kulturonline.tv\/de\/deutsche-stadt-coburg-bekommt-ein-globe-theater\/\",\"url\":\"https:\/\/kulturonline.tv\/de\/deutsche-stadt-coburg-bekommt-ein-globe-theater\/\",\"name\":\"Deutsche Stadt Coburg bekommt ein Globe-Theater - Kultur Online TV &amp; FM\",\"isPartOf\":{\"@id\":\"https:\/\/kulturonline.tv\/de\/#website\"},\"primaryImageOfPage\":{\"@id\":\"https:\/\/kulturonline.tv\/de\/deutsche-stadt-coburg-bekommt-ein-globe-theater\/#primaryimage\"},\"image\":{\"@id\":\"https:\/\/kulturonline.tv\/de\/deutsche-stadt-coburg-bekommt-ein-globe-theater\/#primaryimage\"},\"thumbnailUrl\":\"https:\/\/kulturonline.tv\/wp-content\/uploads\/2023\/01\/globe-aussen-edited.jpg\",\"datePublished\":\"2023-01-11T20:30:34+00:00\",\"dateModified\":\"2023-01-11T20:30:36+00:00\",\"description\":\"Als Er\u00f6ffnungstermin sei weiterhin September 2023 anvisiert, sagte ein Sprecher der Stadt.\",\"breadcrumb\":{\"@id\":\"https:\/\/kulturonline.tv\/de\/deutsche-stadt-coburg-bekommt-ein-globe-theater\/#breadcrumb\"},\"inLanguage\":\"de\",\"potentialAction\":[{\"@type\":\"ReadAction\",\"target\":[\"https:\/\/kulturonline.tv\/de\/deutsche-stadt-coburg-bekommt-ein-globe-theater\/\"]}]},{\"@type\":\"ImageObject\",\"inLanguage\":\"de\",\"@id\":\"https:\/\/kulturonline.tv\/de\/deutsche-stadt-coburg-bekommt-ein-globe-theater\/#primaryimage\",\"url\":\"https:\/\/kulturonline.tv\/wp-content\/uploads\/2023\/01\/globe-aussen-edited.jpg\",\"contentUrl\":\"https:\/\/kulturonline.tv\/wp-content\/uploads\/2023\/01\/globe-aussen-edited.jpg\",\"width\":600,\"height\":338},{\"@type\":\"BreadcrumbList\",\"@id\":\"https:\/\/kulturonline.tv\/de\/deutsche-stadt-coburg-bekommt-ein-globe-theater\/#breadcrumb\",\"itemListElement\":[{\"@type\":\"ListItem\",\"position\":1,\"name\":\"Startseite\",\"item\":\"https:\/\/kulturonline.tv\/de\/\"},{\"@type\":\"ListItem\",\"position\":2,\"name\":\"Deutsche Stadt Coburg bekommt ein Globe-Theater\"}]},{\"@type\":\"WebSite\",\"@id\":\"https:\/\/kulturonline.tv\/de\/#website\",\"url\":\"https:\/\/kulturonline.tv\/de\/\",\"name\":\"Kultur Online TV &amp; FM\",\"description\":\"Wir sind Kultur 2.0 zum sehen &amp; h\u00f6ren\",\"publisher\":{\"@id\":\"https:\/\/kulturonline.tv\/de\/#organization\"},\"potentialAction\":[{\"@type\":\"SearchAction\",\"target\":{\"@type\":\"EntryPoint\",\"urlTemplate\":\"https:\/\/kulturonline.tv\/de\/?s={search_term_string}\"},\"query-input\":{\"@type\":\"PropertyValueSpecification\",\"valueRequired\":true,\"valueName\":\"search_term_string\"}}],\"inLanguage\":\"de\"},{\"@type\":\"Organization\",\"@id\":\"https:\/\/kulturonline.tv\/de\/#organization\",\"name\":\"Kultur Online TV\",\"url\":\"https:\/\/kulturonline.tv\/de\/\",\"logo\":{\"@type\":\"ImageObject\",\"inLanguage\":\"de\",\"@id\":\"https:\/\/kulturonline.tv\/de\/#\/schema\/logo\/image\/\",\"url\":\"https:\/\/kulturonline.tv\/wp-content\/uploads\/2021\/08\/Kultur-Online-Tv-Logo-Endversion-neu.png\",\"contentUrl\":\"https:\/\/kulturonline.tv\/wp-content\/uploads\/2021\/08\/Kultur-Online-Tv-Logo-Endversion-neu.png\",\"width\":200,\"height\":200,\"caption\":\"Kultur Online TV\"},\"image\":{\"@id\":\"https:\/\/kulturonline.tv\/de\/#\/schema\/logo\/image\/\"},\"sameAs\":[\"https:\/\/www.facebook.com\/kulturonline.tv\",\"https:\/\/www.instagram.com\/kulturonline.tv\"]},{\"@type\":\"Person\",\"@id\":\"https:\/\/kulturonline.tv\/de\/#\/schema\/person\/b0fac729bb9a0c193fb1df23449df4fe\",\"name\":\"guenter.wolfgang\"}]}<\/script>\n<!-- \/ Yoast SEO plugin. -->","yoast_head_json":{"title":"Deutsche Stadt Coburg bekommt ein Globe-Theater - Kultur Online TV &amp; FM","description":"Als Er\u00f6ffnungstermin sei weiterhin September 2023 anvisiert, sagte ein Sprecher der Stadt.","robots":{"index":"index","follow":"follow","max-snippet":"max-snippet:-1","max-image-preview":"max-image-preview:large","max-video-preview":"max-video-preview:-1"},"canonical":"https:\/\/kulturonline.tv\/de\/deutsche-stadt-coburg-bekommt-ein-globe-theater\/","og_locale":"de_DE","og_type":"article","og_title":"Deutsche Stadt Coburg bekommt ein Globe-Theater - Kultur Online TV &amp; FM","og_description":"Als Er\u00f6ffnungstermin sei weiterhin September 2023 anvisiert, sagte ein Sprecher der Stadt.","og_url":"https:\/\/kulturonline.tv\/de\/deutsche-stadt-coburg-bekommt-ein-globe-theater\/","og_site_name":"Kultur Online TV &amp; FM","article_publisher":"https:\/\/www.facebook.com\/kulturonline.tv","article_published_time":"2023-01-11T20:30:34+00:00","article_modified_time":"2023-01-11T20:30:36+00:00","og_image":[{"width":600,"height":338,"url":"https:\/\/kulturonline.tv\/wp-content\/uploads\/2023\/01\/globe-aussen-edited.jpg","type":"image\/jpeg"}],"author":"guenter.wolfgang","twitter_card":"summary_large_image","twitter_misc":{"Verfasst von":"guenter.wolfgang","Gesch\u00e4tzte Lesezeit":"1\u00a0Minute"},"schema":{"@context":"https:\/\/schema.org","@graph":[{"@type":"Article","@id":"https:\/\/kulturonline.tv\/de\/deutsche-stadt-coburg-bekommt-ein-globe-theater\/#article","isPartOf":{"@id":"https:\/\/kulturonline.tv\/de\/deutsche-stadt-coburg-bekommt-ein-globe-theater\/"},"author":{"name":"guenter.wolfgang","@id":"https:\/\/kulturonline.tv\/de\/#\/schema\/person\/b0fac729bb9a0c193fb1df23449df4fe"},"headline":"Deutsche Stadt Coburg bekommt ein Globe-Theater","datePublished":"2023-01-11T20:30:34+00:00","dateModified":"2023-01-11T20:30:36+00:00","mainEntityOfPage":{"@id":"https:\/\/kulturonline.tv\/de\/deutsche-stadt-coburg-bekommt-ein-globe-theater\/"},"wordCount":173,"publisher":{"@id":"https:\/\/kulturonline.tv\/de\/#organization"},"image":{"@id":"https:\/\/kulturonline.tv\/de\/deutsche-stadt-coburg-bekommt-ein-globe-theater\/#primaryimage"},"thumbnailUrl":"https:\/\/kulturonline.tv\/wp-content\/uploads\/2023\/01\/globe-aussen-edited.jpg","articleSection":["Theater"],"inLanguage":"de"},{"@type":"WebPage","@id":"https:\/\/kulturonline.tv\/de\/deutsche-stadt-coburg-bekommt-ein-globe-theater\/","url":"https:\/\/kulturonline.tv\/de\/deutsche-stadt-coburg-bekommt-ein-globe-theater\/","name":"Deutsche Stadt Coburg bekommt ein Globe-Theater - Kultur Online TV &amp; FM","isPartOf":{"@id":"https:\/\/kulturonline.tv\/de\/#website"},"primaryImageOfPage":{"@id":"https:\/\/kulturonline.tv\/de\/deutsche-stadt-coburg-bekommt-ein-globe-theater\/#primaryimage"},"image":{"@id":"https:\/\/kulturonline.tv\/de\/deutsche-stadt-coburg-bekommt-ein-globe-theater\/#primaryimage"},"thumbnailUrl":"https:\/\/kulturonline.tv\/wp-content\/uploads\/2023\/01\/globe-aussen-edited.jpg","datePublished":"2023-01-11T20:30:34+00:00","dateModified":"2023-01-11T20:30:36+00:00","description":"Als Er\u00f6ffnungstermin sei weiterhin September 2023 anvisiert, sagte ein Sprecher der Stadt.","breadcrumb":{"@id":"https:\/\/kulturonline.tv\/de\/deutsche-stadt-coburg-bekommt-ein-globe-theater\/#breadcrumb"},"inLanguage":"de","potentialAction":[{"@type":"ReadAction","target":["https:\/\/kulturonline.tv\/de\/deutsche-stadt-coburg-bekommt-ein-globe-theater\/"]}]},{"@type":"ImageObject","inLanguage":"de","@id":"https:\/\/kulturonline.tv\/de\/deutsche-stadt-coburg-bekommt-ein-globe-theater\/#primaryimage","url":"https:\/\/kulturonline.tv\/wp-content\/uploads\/2023\/01\/globe-aussen-edited.jpg","contentUrl":"https:\/\/kulturonline.tv\/wp-content\/uploads\/2023\/01\/globe-aussen-edited.jpg","width":600,"height":338},{"@type":"BreadcrumbList","@id":"https:\/\/kulturonline.tv\/de\/deutsche-stadt-coburg-bekommt-ein-globe-theater\/#breadcrumb","itemListElement":[{"@type":"ListItem","position":1,"name":"Startseite","item":"https:\/\/kulturonline.tv\/de\/"},{"@type":"ListItem","position":2,"name":"Deutsche Stadt Coburg bekommt ein Globe-Theater"}]},{"@type":"WebSite","@id":"https:\/\/kulturonline.tv\/de\/#website","url":"https:\/\/kulturonline.tv\/de\/","name":"Kultur Online TV &amp; FM","description":"Wir sind Kultur 2.0 zum sehen &amp; h\u00f6ren","publisher":{"@id":"https:\/\/kulturonline.tv\/de\/#organization"},"potentialAction":[{"@type":"SearchAction","target":{"@type":"EntryPoint","urlTemplate":"https:\/\/kulturonline.tv\/de\/?s={search_term_string}"},"query-input":{"@type":"PropertyValueSpecification","valueRequired":true,"valueName":"search_term_string"}}],"inLanguage":"de"},{"@type":"Organization","@id":"https:\/\/kulturonline.tv\/de\/#organization","name":"Kultur Online TV","url":"https:\/\/kulturonline.tv\/de\/","logo":{"@type":"ImageObject","inLanguage":"de","@id":"https:\/\/kulturonline.tv\/de\/#\/schema\/logo\/image\/","url":"https:\/\/kulturonline.tv\/wp-content\/uploads\/2021\/08\/Kultur-Online-Tv-Logo-Endversion-neu.png","contentUrl":"https:\/\/kulturonline.tv\/wp-content\/uploads\/2021\/08\/Kultur-Online-Tv-Logo-Endversion-neu.png","width":200,"height":200,"caption":"Kultur Online TV"},"image":{"@id":"https:\/\/kulturonline.tv\/de\/#\/schema\/logo\/image\/"},"sameAs":["https:\/\/www.facebook.com\/kulturonline.tv","https:\/\/www.instagram.com\/kulturonline.tv"]},{"@type":"Person","@id":"https:\/\/kulturonline.tv\/de\/#\/schema\/person\/b0fac729bb9a0c193fb1df23449df4fe","name":"guenter.wolfgang"}]}},"_links":{"self":[{"href":"https:\/\/kulturonline.tv\/de\/wp-json\/wp\/v2\/posts\/48074","targetHints":{"allow":["GET"]}}],"collection":[{"href":"https:\/\/kulturonline.tv\/de\/wp-json\/wp\/v2\/posts"}],"about":[{"href":"https:\/\/kulturonline.tv\/de\/wp-json\/wp\/v2\/types\/post"}],"author":[{"embeddable":true,"href":"https:\/\/kulturonline.tv\/de\/wp-json\/wp\/v2\/users\/2"}],"replies":[{"embeddable":true,"href":"https:\/\/kulturonline.tv\/de\/wp-json\/wp\/v2\/comments?post=48074"}],"version-history":[{"count":0,"href":"https:\/\/kulturonline.tv\/de\/wp-json\/wp\/v2\/posts\/48074\/revisions"}],"wp:featuredmedia":[{"embeddable":true,"href":"https:\/\/kulturonline.tv\/de\/wp-json\/wp\/v2\/media\/48077"}],"wp:attachment":[{"href":"https:\/\/kulturonline.tv\/de\/wp-json\/wp\/v2\/media?parent=48074"}],"wp:term":[{"taxonomy":"category","embeddable":true,"href":"https:\/\/kulturonline.tv\/de\/wp-json\/wp\/v2\/categories?post=48074"},{"taxonomy":"post_tag","embeddable":true,"href":"https:\/\/kulturonline.tv\/de\/wp-json\/wp\/v2\/tags?post=48074"}],"curies":[{"name":"wp","href":"https:\/\/api.w.org\/{rel}","templated":true}]}}