{"id":48247,"date":"2023-01-13T07:49:29","date_gmt":"2023-01-13T06:49:29","guid":{"rendered":"https:\/\/kulturonline.tv\/?p=48247"},"modified":"2023-01-13T07:49:43","modified_gmt":"2023-01-13T06:49:43","slug":"neues-kinderbuch-von-astrid-haman","status":"publish","type":"post","link":"https:\/\/kulturonline.tv\/de\/neues-kinderbuch-von-astrid-haman\/","title":{"rendered":"Neues Kinderbuch von Astrid Haman"},"content":{"rendered":"\n<p>Die Autorin Astrid Haman pr\u00e4sentiert mit ihrem neuen Kinderbuch &#8222;Die Abenteuer von Maximilian und seinem besten Freund Bello&#8220; eine abenteuerliche und unterhaltsame Geschichte f\u00fcr Kinder ab 6 Jahren.<\/p>\n\n\n\n<figure class=\"wp-block-image size-full is-resized\"><img decoding=\"async\" src=\"https:\/\/kulturonline.tv\/wp-content\/uploads\/2023\/01\/148b7ea3.600x400-edited.jpg\" alt=\"\" class=\"wp-image-48250\" width=\"841\"\/><figcaption class=\"wp-element-caption\">\u00a9 <em>Astrid Haman &#8211; Kinder- und Jugendbuch Autorin\u00a0<\/em><small>(\u00a9 HCA-consulting GmbH)<\/small><\/figcaption><\/figure>\n\n\n\n<p>Das Buch erz\u00e4hlt die Geschichte von Maximilian, einem kleinen Jungen, der mit seinem treuen Hund Bello viele aufregende Abenteuer erlebt. Die beiden Freunde erkunden die Welt um sie herum und entdecken dabei immer wieder Neues. Dabei geht es um die unterschiedlichsten Themen, von der Suche nach einem verlorenen Schatz bis hin zur Rettung eines verletzten Tieres.<\/p>\n\n\n\n<p>In jeder Geschichte stehen Maximilian und Bello vor verschiedenen Herausforderungen, die sie gemeinsam meistern m\u00fcssen. Dabei lernen sie wichtige Werte wie Freundschaft, Mut und Hilfsbereitschaft kennen.<\/p>\n\n\n\n<p><\/p>\n\n\n\n<figure class=\"wp-block-image\"><img decoding=\"async\" src=\"https:\/\/t.adcell.com\/p\/image?promoId=289298&amp;slotId=98564\" alt=\"Krimirausch \"\/><\/figure>\n\n\n\n<p><a href=\"https:\/\/t.adcell.com\/p\/click?promoId=289298&amp;slotId=98564\" target=\"_blank\" rel=\"noreferrer noopener\"><\/a><\/p>\n\n\n\n<p>Die Geschichten sind leicht verst\u00e4ndlich geschrieben und unterhaltsam erz\u00e4hlt. Die Kinder k\u00f6nnen sich in die Abenteuer von Maximilian und Bello hineinversetzen.<\/p>\n\n\n\n<p>Das Buch ist ab sofort im Buchhandel erh\u00e4ltlich und eignet sich perfekt als Geschenk oder als Schm\u00f6ker f\u00fcr die n\u00e4chste Urlaubsreise. Astrid Haman hat mit &#8222;Die Abenteuer von Maximilian und seinem besten Freund Bello&#8220; ein unterhaltsames und lehrreiches Kinderbuch geschaffen, das sowohl Eltern als auch Kinder begeistern wird.<\/p>\n\n\n\n<p>Astrid Haman ist Autorin, Dipl. P\u00e4dagogin und Volksschullehrerin und hat bereits mehrere Kinderb\u00fccher ver\u00f6ffentlicht. Mit &#8222;Die Abenteuer von Maximilian und seinem besten Freund Bello&#8220; beweist erneut, dass sie die sprachlichen und inhaltlichen Bed\u00fcrfnisse junger Leser perfekt trifft.<\/p>\n\n\n\n<p>Das Buch ist eine empfehlenswerte Lekt\u00fcre f\u00fcr Kinder ab 6 Jahren, die gerne Abenteuer erleben und lesen m\u00f6chten. Es f\u00f6rdert die Fantasie, die sprachliche Entwicklung und die soziale Kompetenz der Kinder und bereitet ihnen eine Menge Spa\u00df.<\/p>\n\n\n\n<p>Zusammenfassend kann man sagen, dass &#8222;Die Abenteuer von Maximilian und seinem besten Freund Bello&#8220; ein kindgerechtes, unterhaltsames und lehrreiches Buch ist, das Kinder und Erwachsene gleicherma\u00dfen begeistern wird. Es ist eine Erz\u00e4hlung voller Abenteuer und Emotionen, die dazu einl\u00e4dt, die Welt mit den Augen von Maximilian und Bello zu erkunden. Die Autorin Astrid Haman hat es mit ihren Kurzgeschichten geschafft, die Kinder in ihren Bann zu ziehen und sie f\u00fcr das Lesen zu begeistern. &#8222;Die Abenteuer von Maximilian und seinem besten Freund Bello&#8220; ist ein Muss f\u00fcr jede Kinderbibliothek und eine wunderbare M\u00f6glichkeit, Kinder an die Welt der Literatur heranzuf\u00fchren.<\/p>\n\n\n\n<p><a href=\"http:\/\/www.astrid-haman.com\">www.astrid-haman.com<\/a><\/p>\n\n\n\n<p>Kultur Online TV<\/p>\n\n\n\n<p>#literatur #news<\/p>\n\n\n\n<figure class=\"wp-block-image\"><img decoding=\"async\" src=\"https:\/\/t.adcell.com\/p\/image?promoId=255847&amp;slotId=98564\" alt=\"arvelle\"\/><\/figure>\n\n\n\n<p><a href=\"https:\/\/t.adcell.com\/p\/click?promoId=255847&amp;slotId=98564\" target=\"_blank\" rel=\"noreferrer noopener\"><\/a><\/p>\n","protected":false},"excerpt":{"rendered":"<p>Die Autorin Astrid Haman pr\u00e4sentiert mit ihrem neuen Kinderbuch &#8222;Die Abenteuer von Maximilian und seinem besten Freund Bello&#8220; eine abenteuerliche und unterhaltsame Geschichte f\u00fcr Kinder ab 6 Jahren. Das Buch erz\u00e4hlt die Geschichte von Maximilian, einem kleinen Jungen, der mit seinem treuen Hund Bello viele aufregende Abenteuer erlebt. Die beiden Freunde erkunden die Welt um [&hellip;]<\/p>\n","protected":false},"author":2,"featured_media":48250,"comment_status":"closed","ping_status":"closed","sticky":false,"template":"","format":"standard","meta":{"_acf_changed":false,"footnotes":""},"categories":[106],"tags":[],"class_list":["post-48247","post","type-post","status-publish","format-standard","has-post-thumbnail","hentry","category-literatur"],"acf":[],"yoast_head":"<!-- This site is optimized with the Yoast SEO plugin v26.1.1 - https:\/\/yoast.com\/wordpress\/plugins\/seo\/ -->\n<title>Neues Kinderbuch von Astrid Haman - Kultur Online TV &amp; FM<\/title>\n<meta name=\"description\" content=\"Kultur sehen und H\u00f6ren\" \/>\n<meta name=\"robots\" content=\"index, follow, max-snippet:-1, max-image-preview:large, max-video-preview:-1\" \/>\n<link rel=\"canonical\" href=\"https:\/\/kulturonline.tv\/de\/neues-kinderbuch-von-astrid-haman\/\" \/>\n<meta property=\"og:locale\" content=\"de_DE\" \/>\n<meta property=\"og:type\" content=\"article\" \/>\n<meta property=\"og:title\" content=\"Neues Kinderbuch von Astrid Haman - Kultur Online TV &amp; FM\" \/>\n<meta property=\"og:description\" content=\"Kultur sehen und H\u00f6ren\" \/>\n<meta property=\"og:url\" content=\"https:\/\/kulturonline.tv\/de\/neues-kinderbuch-von-astrid-haman\/\" \/>\n<meta property=\"og:site_name\" content=\"Kultur Online TV &amp; FM\" \/>\n<meta property=\"article:publisher\" content=\"https:\/\/www.facebook.com\/kulturonline.tv\" \/>\n<meta property=\"article:published_time\" content=\"2023-01-13T06:49:29+00:00\" \/>\n<meta property=\"article:modified_time\" content=\"2023-01-13T06:49:43+00:00\" \/>\n<meta property=\"og:image\" content=\"https:\/\/kulturonline.tv\/wp-content\/uploads\/2023\/01\/148b7ea3.600x400-edited.jpg\" \/>\n\t<meta property=\"og:image:width\" content=\"533\" \/>\n\t<meta property=\"og:image:height\" content=\"300\" \/>\n\t<meta property=\"og:image:type\" content=\"image\/jpeg\" \/>\n<meta name=\"author\" content=\"guenter.wolfgang\" \/>\n<meta name=\"twitter:card\" content=\"summary_large_image\" \/>\n<meta name=\"twitter:label1\" content=\"Verfasst von\" \/>\n\t<meta name=\"twitter:data1\" content=\"guenter.wolfgang\" \/>\n\t<meta name=\"twitter:label2\" content=\"Gesch\u00e4tzte Lesezeit\" \/>\n\t<meta name=\"twitter:data2\" content=\"2\u00a0Minuten\" \/>\n<script type=\"application\/ld+json\" class=\"yoast-schema-graph\">{\"@context\":\"https:\/\/schema.org\",\"@graph\":[{\"@type\":\"Article\",\"@id\":\"https:\/\/kulturonline.tv\/de\/neues-kinderbuch-von-astrid-haman\/#article\",\"isPartOf\":{\"@id\":\"https:\/\/kulturonline.tv\/de\/neues-kinderbuch-von-astrid-haman\/\"},\"author\":{\"name\":\"guenter.wolfgang\",\"@id\":\"https:\/\/kulturonline.tv\/de\/#\/schema\/person\/b0fac729bb9a0c193fb1df23449df4fe\"},\"headline\":\"Neues Kinderbuch von Astrid Haman\",\"datePublished\":\"2023-01-13T06:49:29+00:00\",\"dateModified\":\"2023-01-13T06:49:43+00:00\",\"mainEntityOfPage\":{\"@id\":\"https:\/\/kulturonline.tv\/de\/neues-kinderbuch-von-astrid-haman\/\"},\"wordCount\":399,\"publisher\":{\"@id\":\"https:\/\/kulturonline.tv\/de\/#organization\"},\"image\":{\"@id\":\"https:\/\/kulturonline.tv\/de\/neues-kinderbuch-von-astrid-haman\/#primaryimage\"},\"thumbnailUrl\":\"https:\/\/kulturonline.tv\/wp-content\/uploads\/2023\/01\/148b7ea3.600x400-edited.jpg\",\"articleSection\":[\"Literatur\"],\"inLanguage\":\"de\"},{\"@type\":\"WebPage\",\"@id\":\"https:\/\/kulturonline.tv\/de\/neues-kinderbuch-von-astrid-haman\/\",\"url\":\"https:\/\/kulturonline.tv\/de\/neues-kinderbuch-von-astrid-haman\/\",\"name\":\"Neues Kinderbuch von Astrid Haman - Kultur Online TV &amp; FM\",\"isPartOf\":{\"@id\":\"https:\/\/kulturonline.tv\/de\/#website\"},\"primaryImageOfPage\":{\"@id\":\"https:\/\/kulturonline.tv\/de\/neues-kinderbuch-von-astrid-haman\/#primaryimage\"},\"image\":{\"@id\":\"https:\/\/kulturonline.tv\/de\/neues-kinderbuch-von-astrid-haman\/#primaryimage\"},\"thumbnailUrl\":\"https:\/\/kulturonline.tv\/wp-content\/uploads\/2023\/01\/148b7ea3.600x400-edited.jpg\",\"datePublished\":\"2023-01-13T06:49:29+00:00\",\"dateModified\":\"2023-01-13T06:49:43+00:00\",\"description\":\"Kultur sehen und H\u00f6ren\",\"breadcrumb\":{\"@id\":\"https:\/\/kulturonline.tv\/de\/neues-kinderbuch-von-astrid-haman\/#breadcrumb\"},\"inLanguage\":\"de\",\"potentialAction\":[{\"@type\":\"ReadAction\",\"target\":[\"https:\/\/kulturonline.tv\/de\/neues-kinderbuch-von-astrid-haman\/\"]}]},{\"@type\":\"ImageObject\",\"inLanguage\":\"de\",\"@id\":\"https:\/\/kulturonline.tv\/de\/neues-kinderbuch-von-astrid-haman\/#primaryimage\",\"url\":\"https:\/\/kulturonline.tv\/wp-content\/uploads\/2023\/01\/148b7ea3.600x400-edited.jpg\",\"contentUrl\":\"https:\/\/kulturonline.tv\/wp-content\/uploads\/2023\/01\/148b7ea3.600x400-edited.jpg\",\"width\":533,\"height\":300},{\"@type\":\"BreadcrumbList\",\"@id\":\"https:\/\/kulturonline.tv\/de\/neues-kinderbuch-von-astrid-haman\/#breadcrumb\",\"itemListElement\":[{\"@type\":\"ListItem\",\"position\":1,\"name\":\"Startseite\",\"item\":\"https:\/\/kulturonline.tv\/de\/\"},{\"@type\":\"ListItem\",\"position\":2,\"name\":\"Neues Kinderbuch von Astrid Haman\"}]},{\"@type\":\"WebSite\",\"@id\":\"https:\/\/kulturonline.tv\/de\/#website\",\"url\":\"https:\/\/kulturonline.tv\/de\/\",\"name\":\"Kultur Online TV &amp; FM\",\"description\":\"Wir sind Kultur 2.0 zum sehen &amp; h\u00f6ren\",\"publisher\":{\"@id\":\"https:\/\/kulturonline.tv\/de\/#organization\"},\"potentialAction\":[{\"@type\":\"SearchAction\",\"target\":{\"@type\":\"EntryPoint\",\"urlTemplate\":\"https:\/\/kulturonline.tv\/de\/?s={search_term_string}\"},\"query-input\":{\"@type\":\"PropertyValueSpecification\",\"valueRequired\":true,\"valueName\":\"search_term_string\"}}],\"inLanguage\":\"de\"},{\"@type\":\"Organization\",\"@id\":\"https:\/\/kulturonline.tv\/de\/#organization\",\"name\":\"Kultur Online TV\",\"url\":\"https:\/\/kulturonline.tv\/de\/\",\"logo\":{\"@type\":\"ImageObject\",\"inLanguage\":\"de\",\"@id\":\"https:\/\/kulturonline.tv\/de\/#\/schema\/logo\/image\/\",\"url\":\"https:\/\/kulturonline.tv\/wp-content\/uploads\/2021\/08\/Kultur-Online-Tv-Logo-Endversion-neu.png\",\"contentUrl\":\"https:\/\/kulturonline.tv\/wp-content\/uploads\/2021\/08\/Kultur-Online-Tv-Logo-Endversion-neu.png\",\"width\":200,\"height\":200,\"caption\":\"Kultur Online TV\"},\"image\":{\"@id\":\"https:\/\/kulturonline.tv\/de\/#\/schema\/logo\/image\/\"},\"sameAs\":[\"https:\/\/www.facebook.com\/kulturonline.tv\",\"https:\/\/www.instagram.com\/kulturonline.tv\"]},{\"@type\":\"Person\",\"@id\":\"https:\/\/kulturonline.tv\/de\/#\/schema\/person\/b0fac729bb9a0c193fb1df23449df4fe\",\"name\":\"guenter.wolfgang\"}]}<\/script>\n<!-- \/ Yoast SEO plugin. -->","yoast_head_json":{"title":"Neues Kinderbuch von Astrid Haman - Kultur Online TV &amp; FM","description":"Kultur sehen und H\u00f6ren","robots":{"index":"index","follow":"follow","max-snippet":"max-snippet:-1","max-image-preview":"max-image-preview:large","max-video-preview":"max-video-preview:-1"},"canonical":"https:\/\/kulturonline.tv\/de\/neues-kinderbuch-von-astrid-haman\/","og_locale":"de_DE","og_type":"article","og_title":"Neues Kinderbuch von Astrid Haman - Kultur Online TV &amp; FM","og_description":"Kultur sehen und H\u00f6ren","og_url":"https:\/\/kulturonline.tv\/de\/neues-kinderbuch-von-astrid-haman\/","og_site_name":"Kultur Online TV &amp; FM","article_publisher":"https:\/\/www.facebook.com\/kulturonline.tv","article_published_time":"2023-01-13T06:49:29+00:00","article_modified_time":"2023-01-13T06:49:43+00:00","og_image":[{"width":533,"height":300,"url":"https:\/\/kulturonline.tv\/wp-content\/uploads\/2023\/01\/148b7ea3.600x400-edited.jpg","type":"image\/jpeg"}],"author":"guenter.wolfgang","twitter_card":"summary_large_image","twitter_misc":{"Verfasst von":"guenter.wolfgang","Gesch\u00e4tzte Lesezeit":"2\u00a0Minuten"},"schema":{"@context":"https:\/\/schema.org","@graph":[{"@type":"Article","@id":"https:\/\/kulturonline.tv\/de\/neues-kinderbuch-von-astrid-haman\/#article","isPartOf":{"@id":"https:\/\/kulturonline.tv\/de\/neues-kinderbuch-von-astrid-haman\/"},"author":{"name":"guenter.wolfgang","@id":"https:\/\/kulturonline.tv\/de\/#\/schema\/person\/b0fac729bb9a0c193fb1df23449df4fe"},"headline":"Neues Kinderbuch von Astrid Haman","datePublished":"2023-01-13T06:49:29+00:00","dateModified":"2023-01-13T06:49:43+00:00","mainEntityOfPage":{"@id":"https:\/\/kulturonline.tv\/de\/neues-kinderbuch-von-astrid-haman\/"},"wordCount":399,"publisher":{"@id":"https:\/\/kulturonline.tv\/de\/#organization"},"image":{"@id":"https:\/\/kulturonline.tv\/de\/neues-kinderbuch-von-astrid-haman\/#primaryimage"},"thumbnailUrl":"https:\/\/kulturonline.tv\/wp-content\/uploads\/2023\/01\/148b7ea3.600x400-edited.jpg","articleSection":["Literatur"],"inLanguage":"de"},{"@type":"WebPage","@id":"https:\/\/kulturonline.tv\/de\/neues-kinderbuch-von-astrid-haman\/","url":"https:\/\/kulturonline.tv\/de\/neues-kinderbuch-von-astrid-haman\/","name":"Neues Kinderbuch von Astrid Haman - Kultur Online TV &amp; FM","isPartOf":{"@id":"https:\/\/kulturonline.tv\/de\/#website"},"primaryImageOfPage":{"@id":"https:\/\/kulturonline.tv\/de\/neues-kinderbuch-von-astrid-haman\/#primaryimage"},"image":{"@id":"https:\/\/kulturonline.tv\/de\/neues-kinderbuch-von-astrid-haman\/#primaryimage"},"thumbnailUrl":"https:\/\/kulturonline.tv\/wp-content\/uploads\/2023\/01\/148b7ea3.600x400-edited.jpg","datePublished":"2023-01-13T06:49:29+00:00","dateModified":"2023-01-13T06:49:43+00:00","description":"Kultur sehen und H\u00f6ren","breadcrumb":{"@id":"https:\/\/kulturonline.tv\/de\/neues-kinderbuch-von-astrid-haman\/#breadcrumb"},"inLanguage":"de","potentialAction":[{"@type":"ReadAction","target":["https:\/\/kulturonline.tv\/de\/neues-kinderbuch-von-astrid-haman\/"]}]},{"@type":"ImageObject","inLanguage":"de","@id":"https:\/\/kulturonline.tv\/de\/neues-kinderbuch-von-astrid-haman\/#primaryimage","url":"https:\/\/kulturonline.tv\/wp-content\/uploads\/2023\/01\/148b7ea3.600x400-edited.jpg","contentUrl":"https:\/\/kulturonline.tv\/wp-content\/uploads\/2023\/01\/148b7ea3.600x400-edited.jpg","width":533,"height":300},{"@type":"BreadcrumbList","@id":"https:\/\/kulturonline.tv\/de\/neues-kinderbuch-von-astrid-haman\/#breadcrumb","itemListElement":[{"@type":"ListItem","position":1,"name":"Startseite","item":"https:\/\/kulturonline.tv\/de\/"},{"@type":"ListItem","position":2,"name":"Neues Kinderbuch von Astrid Haman"}]},{"@type":"WebSite","@id":"https:\/\/kulturonline.tv\/de\/#website","url":"https:\/\/kulturonline.tv\/de\/","name":"Kultur Online TV &amp; FM","description":"Wir sind Kultur 2.0 zum sehen &amp; h\u00f6ren","publisher":{"@id":"https:\/\/kulturonline.tv\/de\/#organization"},"potentialAction":[{"@type":"SearchAction","target":{"@type":"EntryPoint","urlTemplate":"https:\/\/kulturonline.tv\/de\/?s={search_term_string}"},"query-input":{"@type":"PropertyValueSpecification","valueRequired":true,"valueName":"search_term_string"}}],"inLanguage":"de"},{"@type":"Organization","@id":"https:\/\/kulturonline.tv\/de\/#organization","name":"Kultur Online TV","url":"https:\/\/kulturonline.tv\/de\/","logo":{"@type":"ImageObject","inLanguage":"de","@id":"https:\/\/kulturonline.tv\/de\/#\/schema\/logo\/image\/","url":"https:\/\/kulturonline.tv\/wp-content\/uploads\/2021\/08\/Kultur-Online-Tv-Logo-Endversion-neu.png","contentUrl":"https:\/\/kulturonline.tv\/wp-content\/uploads\/2021\/08\/Kultur-Online-Tv-Logo-Endversion-neu.png","width":200,"height":200,"caption":"Kultur Online TV"},"image":{"@id":"https:\/\/kulturonline.tv\/de\/#\/schema\/logo\/image\/"},"sameAs":["https:\/\/www.facebook.com\/kulturonline.tv","https:\/\/www.instagram.com\/kulturonline.tv"]},{"@type":"Person","@id":"https:\/\/kulturonline.tv\/de\/#\/schema\/person\/b0fac729bb9a0c193fb1df23449df4fe","name":"guenter.wolfgang"}]}},"_links":{"self":[{"href":"https:\/\/kulturonline.tv\/de\/wp-json\/wp\/v2\/posts\/48247","targetHints":{"allow":["GET"]}}],"collection":[{"href":"https:\/\/kulturonline.tv\/de\/wp-json\/wp\/v2\/posts"}],"about":[{"href":"https:\/\/kulturonline.tv\/de\/wp-json\/wp\/v2\/types\/post"}],"author":[{"embeddable":true,"href":"https:\/\/kulturonline.tv\/de\/wp-json\/wp\/v2\/users\/2"}],"replies":[{"embeddable":true,"href":"https:\/\/kulturonline.tv\/de\/wp-json\/wp\/v2\/comments?post=48247"}],"version-history":[{"count":0,"href":"https:\/\/kulturonline.tv\/de\/wp-json\/wp\/v2\/posts\/48247\/revisions"}],"wp:featuredmedia":[{"embeddable":true,"href":"https:\/\/kulturonline.tv\/de\/wp-json\/wp\/v2\/media\/48250"}],"wp:attachment":[{"href":"https:\/\/kulturonline.tv\/de\/wp-json\/wp\/v2\/media?parent=48247"}],"wp:term":[{"taxonomy":"category","embeddable":true,"href":"https:\/\/kulturonline.tv\/de\/wp-json\/wp\/v2\/categories?post=48247"},{"taxonomy":"post_tag","embeddable":true,"href":"https:\/\/kulturonline.tv\/de\/wp-json\/wp\/v2\/tags?post=48247"}],"curies":[{"name":"wp","href":"https:\/\/api.w.org\/{rel}","templated":true}]}}