{"id":48254,"date":"2023-01-13T08:00:53","date_gmt":"2023-01-13T07:00:53","guid":{"rendered":"https:\/\/kulturonline.tv\/?p=48254"},"modified":"2023-01-13T08:11:33","modified_gmt":"2023-01-13T07:11:33","slug":"48254","status":"publish","type":"post","link":"https:\/\/kulturonline.tv\/de\/48254\/","title":{"rendered":"<strong>Kulturschaffende werden bei Krankenversicherung benachteiligt<\/strong>"},"content":{"rendered":"\n<p>Deutscher Kulturrat fordert Gesundheitsminister Karl Lauterbach zum schnellen Handeln auf<\/p>\n\n\n\n<figure class=\"wp-block-image size-large\"><img fetchpriority=\"high\" decoding=\"async\" width=\"1440\" height=\"810\" src=\"https:\/\/kulturonline.tv\/wp-content\/uploads\/2023\/01\/Kulturonline-tv-2-edited-1.jpg\" alt=\"\" class=\"wp-image-48259\" srcset=\"https:\/\/kulturonline.tv\/wp-content\/uploads\/2023\/01\/Kulturonline-tv-2-edited-1.jpg 1440w, https:\/\/kulturonline.tv\/wp-content\/uploads\/2023\/01\/Kulturonline-tv-2-edited-1-800x450.jpg 800w, https:\/\/kulturonline.tv\/wp-content\/uploads\/2023\/01\/Kulturonline-tv-2-edited-1-768x432.jpg 768w, https:\/\/kulturonline.tv\/wp-content\/uploads\/2023\/01\/Kulturonline-tv-2-edited-1-600x338.jpg 600w\" sizes=\"(max-width: 1440px) 100vw, 1440px\" \/><\/figure>\n\n\n\n<p>Der Deutsche Kulturrat, der Spitzenverband der Bundeskulturverb\u00e4nde, begr\u00fc\u00dft die Vereinbarung im Koalitionsvertrag von SPD, B\u00fcndnis 90\/Die Gr\u00fcnen und FDP, dass k\u00fcnftig die Beitr\u00e4ge von Selbstst\u00e4ndigen zur gesetzlichen Krankenversicherung strikt einkommensbezogen erhoben werden sollen. Hierf\u00fcr ist eine \u00c4nderung von Sozialgesetzbuch V (Gesetzliche Krankenversicherung) von N\u00f6ten.<\/p>\n\n\n\n<p>Selbstst\u00e4ndige, die sich in der gesetzlichen Krankenversicherung versichern, m\u00fcssen aktuell mindestens 201,24 Euro monatlich als Beitrag zur Kranken- und Pflegeversicherung zahlen. Dieser Betrag bezieht sich auf ein fiktives Mindesteinkommen in H\u00f6he von 1.096,67 Euro im Monat, auch wenn das tats\u00e4chliche Einkommen geringer als das fiktive Mindesteinkommen ist. Ist das tats\u00e4chliche Einkommen hingegen h\u00f6her, werden Beitr\u00e4ge zur Kranken- und Pflegeversicherung maximal bis zur Beitragsbemessungsgrenze von derzeit 4.837,50 Euro im Monat f\u00e4llig.<\/p>\n\n\n\n<p>Viele Selbstst\u00e4ndige aus der Kultur- und Kreativwirtschaft erzielen regelm\u00e4\u00dfig ein monatliches Einkommen, das deutlich unter dem fiktiven Mindesteinkommen von 1.096,67 Euro liegt. Laut dem Monitoringbericht Kultur- und Kreativwirtschaft 2021 (hg. vom Bundesministerium f\u00fcr Wirtschaft und Klimaschutz) sind viele Selbstst\u00e4ndige der Kultur- und Kreativwirtschaft \u201eMini-Selbstst\u00e4ndige\u201c, d.h. sie erzielten im Jahr 2020 einen Jahresumsatz unterhalb der Kleinunternehmer-Definition von seinerzeit 17.500 Euro. Von diesem Umsatz m\u00fcssen noch die Betriebsausgaben abgezogen werden. Ihr monatliches Einkommen ist entsprechend gering.<\/p>\n\n\n\n<p><\/p>\n\n\n\n<figure class=\"wp-block-image\"><img decoding=\"async\" src=\"https:\/\/t.adcell.com\/p\/image?promoId=296150&amp;slotId=98564\" alt=\"blankroast.de\"\/><\/figure>\n\n\n\n<p><a href=\"https:\/\/t.adcell.com\/p\/click?promoId=296150&amp;slotId=98564\" target=\"_blank\" rel=\"noreferrer noopener\"><\/a><\/p>\n\n\n\n<p>Ein Teil der Selbstst\u00e4ndigen und der \u201eMini-Selbstst\u00e4ndigen\u201c aus der Kultur- und Kreativwirtschaft ist, sofern das Kriterium einer k\u00fcnstlerischen oder publizistischen T\u00e4tigkeit erf\u00fcllt wird, \u00fcber die K\u00fcnstlersozialversicherung kranken-, pflege- und rentenversichert und zahlt \u00e4hnlich Arbeitnehmerinnen und Arbeitnehmern die H\u00e4lfte der Beitr\u00e4ge.<\/p>\n\n\n\n<p>Andere, die nicht k\u00fcnstlerisch oder publizistisch t\u00e4tig sind, m\u00fcssen sich als Selbstst\u00e4ndige kranken- und pflegeversichern und die kompletten Beitr\u00e4ge zahlen. Dies bedeutet insbesondere f\u00fcr die \u201eMini-Selbstst\u00e4ndigen\u201c eine erhebliche finanzielle Belastung. \u00dcber die K\u00fcnstlersozialversicherung versicherte Selbstst\u00e4ndige, die neben ihrer selbstst\u00e4ndigen k\u00fcnstlerischen T\u00e4tigkeit eine nicht-k\u00fcnstlerische selbstst\u00e4ndige T\u00e4tigkeit aus\u00fcben und bei denen die nicht-k\u00fcnstlerische selbstst\u00e4ndige T\u00e4tigkeit \u00fcberwiegt, verlieren den Kranken- und Pflegeversicherungsschutz \u00fcber die K\u00fcnstlersozialkasse und m\u00fcssen ebenfalls wenigstens den Mindestbeitrag in der gesetzlichen Krankenversicherung zahlen. Viele Mini-Selbstst\u00e4ndige und Selbstst\u00e4ndige der Kultur- und Kreativwirtschaft stellt dies vor gro\u00dfe finanzielle Probleme.<\/p>\n\n\n\n<p>Der Gesch\u00e4ftsf\u00fchrer des Deutschen Kulturrates, Olaf Zimmermann, sagte: &#8222;Wir fordern Gesundheitsminister Karl Lauterbach auf, schnell eine Novellierung des Sozialgesetzbuches V (Gesetzliche Krankenversicherung) auf den Weg zu bringen und damit das Vorhaben aus dem Koalitionsvertrag, eine strikte einkommensbezogene Bemessung der Beitr\u00e4ge zur gesetzlichen Krankenversicherung auch bei Selbstst\u00e4ndigen einzuf\u00fchren, in die Tat umzusetzen. Wir fordern weiter, dass bei der einkommensbezogenen Bemessung der Beitr\u00e4ge zur gesetzlichen Krankenversicherung f\u00fcr Selbstst\u00e4ndige \u00e4hnlich wie bei abh\u00e4ngig Besch\u00e4ftigten das Erwerbseinkommen zugrunde gelegt wird. Die jetzige Regelung benachteiligt Kulturschaffende, die nicht Mitglied der K\u00fcnstlersozialversicherung werden k\u00f6nnen und ein niedriges Einkommen haben, extrem.&#8220;<\/p>\n\n\n\n<p>Kultur Online TV<\/p>\n\n\n\n<p>#news #kunst #kultur<\/p>\n\n\n\n<p><\/p>\n\n\n\n<figure class=\"wp-block-image\"><img decoding=\"async\" src=\"https:\/\/t.adcell.com\/p\/image?promoId=126144&amp;slotId=98564\" alt=\"SACKit \"\/><\/figure>\n\n\n\n<p><a href=\"https:\/\/t.adcell.com\/p\/click?promoId=126144&amp;slotId=98564\" target=\"_blank\" rel=\"noreferrer noopener\"><\/a><\/p>\n","protected":false},"excerpt":{"rendered":"<p>Deutscher Kulturrat fordert Gesundheitsminister Karl Lauterbach zum schnellen Handeln auf Der Deutsche Kulturrat, der Spitzenverband der Bundeskulturverb\u00e4nde, begr\u00fc\u00dft die Vereinbarung im Koalitionsvertrag von SPD, B\u00fcndnis 90\/Die Gr\u00fcnen und FDP, dass k\u00fcnftig die Beitr\u00e4ge von Selbstst\u00e4ndigen zur gesetzlichen Krankenversicherung strikt einkommensbezogen erhoben werden sollen. Hierf\u00fcr ist eine \u00c4nderung von Sozialgesetzbuch V (Gesetzliche Krankenversicherung) von N\u00f6ten. Selbstst\u00e4ndige, [&hellip;]<\/p>\n","protected":false},"author":2,"featured_media":48259,"comment_status":"closed","ping_status":"closed","sticky":false,"template":"","format":"standard","meta":{"_acf_changed":false,"footnotes":""},"categories":[3],"tags":[],"class_list":["post-48254","post","type-post","status-publish","format-standard","has-post-thumbnail","hentry","category-newsflash"],"acf":[],"yoast_head":"<!-- This site is optimized with the Yoast SEO plugin v26.1.1 - https:\/\/yoast.com\/wordpress\/plugins\/seo\/ -->\n<title>Kulturschaffende werden bei Krankenversicherung benachteiligt - Kultur Online TV &amp; FM<\/title>\n<meta name=\"description\" content=\"Der Deutsche Kulturrat, der Spitzenverband der Bundeskulturverb\u00e4nde, begr\u00fc\u00dft die Vereinbarung im Koalitionsvertrag von SPD, B\u00fcndnis 90\/Die Gr\u00fcnen und FDP, dass k\u00fcnftig die Beitr\u00e4ge von Selbstst\u00e4ndigen zur gesetzlichen Krankenversicherung strikt einkommensbezogen erhoben werden sollen.\" \/>\n<meta name=\"robots\" content=\"index, follow, max-snippet:-1, max-image-preview:large, max-video-preview:-1\" \/>\n<link rel=\"canonical\" href=\"https:\/\/kulturonline.tv\/de\/48254\/\" \/>\n<meta property=\"og:locale\" content=\"de_DE\" \/>\n<meta property=\"og:type\" content=\"article\" \/>\n<meta property=\"og:title\" content=\"Kulturschaffende werden bei Krankenversicherung benachteiligt - Kultur Online TV &amp; FM\" \/>\n<meta property=\"og:description\" content=\"Der Deutsche Kulturrat, der Spitzenverband der Bundeskulturverb\u00e4nde, begr\u00fc\u00dft die Vereinbarung im Koalitionsvertrag von SPD, B\u00fcndnis 90\/Die Gr\u00fcnen und FDP, dass k\u00fcnftig die Beitr\u00e4ge von Selbstst\u00e4ndigen zur gesetzlichen Krankenversicherung strikt einkommensbezogen erhoben werden sollen.\" \/>\n<meta property=\"og:url\" content=\"https:\/\/kulturonline.tv\/de\/48254\/\" \/>\n<meta property=\"og:site_name\" content=\"Kultur Online TV &amp; FM\" \/>\n<meta property=\"article:publisher\" content=\"https:\/\/www.facebook.com\/kulturonline.tv\" \/>\n<meta property=\"article:published_time\" content=\"2023-01-13T07:00:53+00:00\" \/>\n<meta property=\"article:modified_time\" content=\"2023-01-13T07:11:33+00:00\" \/>\n<meta property=\"og:image\" content=\"https:\/\/kulturonline.tv\/wp-content\/uploads\/2023\/01\/Kulturonline-tv-2-edited-1.jpg\" \/>\n\t<meta property=\"og:image:width\" content=\"1440\" \/>\n\t<meta property=\"og:image:height\" content=\"810\" \/>\n\t<meta property=\"og:image:type\" content=\"image\/jpeg\" \/>\n<meta name=\"author\" content=\"guenter.wolfgang\" \/>\n<meta name=\"twitter:card\" content=\"summary_large_image\" \/>\n<meta name=\"twitter:label1\" content=\"Verfasst von\" \/>\n\t<meta name=\"twitter:data1\" content=\"guenter.wolfgang\" \/>\n\t<meta name=\"twitter:label2\" content=\"Gesch\u00e4tzte Lesezeit\" \/>\n\t<meta name=\"twitter:data2\" content=\"2\u00a0Minuten\" \/>\n<script type=\"application\/ld+json\" class=\"yoast-schema-graph\">{\"@context\":\"https:\/\/schema.org\",\"@graph\":[{\"@type\":\"Article\",\"@id\":\"https:\/\/kulturonline.tv\/de\/48254\/#article\",\"isPartOf\":{\"@id\":\"https:\/\/kulturonline.tv\/de\/48254\/\"},\"author\":{\"name\":\"guenter.wolfgang\",\"@id\":\"https:\/\/kulturonline.tv\/de\/#\/schema\/person\/b0fac729bb9a0c193fb1df23449df4fe\"},\"headline\":\"Kulturschaffende werden bei Krankenversicherung benachteiligt\",\"datePublished\":\"2023-01-13T07:00:53+00:00\",\"dateModified\":\"2023-01-13T07:11:33+00:00\",\"mainEntityOfPage\":{\"@id\":\"https:\/\/kulturonline.tv\/de\/48254\/\"},\"wordCount\":491,\"publisher\":{\"@id\":\"https:\/\/kulturonline.tv\/de\/#organization\"},\"image\":{\"@id\":\"https:\/\/kulturonline.tv\/de\/48254\/#primaryimage\"},\"thumbnailUrl\":\"https:\/\/kulturonline.tv\/wp-content\/uploads\/2023\/01\/Kulturonline-tv-2-edited-1.jpg\",\"articleSection\":[\"Newsflash\"],\"inLanguage\":\"de\"},{\"@type\":\"WebPage\",\"@id\":\"https:\/\/kulturonline.tv\/de\/48254\/\",\"url\":\"https:\/\/kulturonline.tv\/de\/48254\/\",\"name\":\"Kulturschaffende werden bei Krankenversicherung benachteiligt - Kultur Online TV &amp; FM\",\"isPartOf\":{\"@id\":\"https:\/\/kulturonline.tv\/de\/#website\"},\"primaryImageOfPage\":{\"@id\":\"https:\/\/kulturonline.tv\/de\/48254\/#primaryimage\"},\"image\":{\"@id\":\"https:\/\/kulturonline.tv\/de\/48254\/#primaryimage\"},\"thumbnailUrl\":\"https:\/\/kulturonline.tv\/wp-content\/uploads\/2023\/01\/Kulturonline-tv-2-edited-1.jpg\",\"datePublished\":\"2023-01-13T07:00:53+00:00\",\"dateModified\":\"2023-01-13T07:11:33+00:00\",\"description\":\"Der Deutsche Kulturrat, der Spitzenverband der Bundeskulturverb\u00e4nde, begr\u00fc\u00dft die Vereinbarung im Koalitionsvertrag von SPD, B\u00fcndnis 90\/Die Gr\u00fcnen und FDP, dass k\u00fcnftig die Beitr\u00e4ge von Selbstst\u00e4ndigen zur gesetzlichen Krankenversicherung strikt einkommensbezogen erhoben werden sollen.\",\"breadcrumb\":{\"@id\":\"https:\/\/kulturonline.tv\/de\/48254\/#breadcrumb\"},\"inLanguage\":\"de\",\"potentialAction\":[{\"@type\":\"ReadAction\",\"target\":[\"https:\/\/kulturonline.tv\/de\/48254\/\"]}]},{\"@type\":\"ImageObject\",\"inLanguage\":\"de\",\"@id\":\"https:\/\/kulturonline.tv\/de\/48254\/#primaryimage\",\"url\":\"https:\/\/kulturonline.tv\/wp-content\/uploads\/2023\/01\/Kulturonline-tv-2-edited-1.jpg\",\"contentUrl\":\"https:\/\/kulturonline.tv\/wp-content\/uploads\/2023\/01\/Kulturonline-tv-2-edited-1.jpg\",\"width\":1440,\"height\":810},{\"@type\":\"BreadcrumbList\",\"@id\":\"https:\/\/kulturonline.tv\/de\/48254\/#breadcrumb\",\"itemListElement\":[{\"@type\":\"ListItem\",\"position\":1,\"name\":\"Startseite\",\"item\":\"https:\/\/kulturonline.tv\/de\/\"},{\"@type\":\"ListItem\",\"position\":2,\"name\":\"Kulturschaffende werden bei Krankenversicherung benachteiligt\"}]},{\"@type\":\"WebSite\",\"@id\":\"https:\/\/kulturonline.tv\/de\/#website\",\"url\":\"https:\/\/kulturonline.tv\/de\/\",\"name\":\"Kultur Online TV &amp; FM\",\"description\":\"Wir sind Kultur 2.0 zum sehen &amp; h\u00f6ren\",\"publisher\":{\"@id\":\"https:\/\/kulturonline.tv\/de\/#organization\"},\"potentialAction\":[{\"@type\":\"SearchAction\",\"target\":{\"@type\":\"EntryPoint\",\"urlTemplate\":\"https:\/\/kulturonline.tv\/de\/?s={search_term_string}\"},\"query-input\":{\"@type\":\"PropertyValueSpecification\",\"valueRequired\":true,\"valueName\":\"search_term_string\"}}],\"inLanguage\":\"de\"},{\"@type\":\"Organization\",\"@id\":\"https:\/\/kulturonline.tv\/de\/#organization\",\"name\":\"Kultur Online TV\",\"url\":\"https:\/\/kulturonline.tv\/de\/\",\"logo\":{\"@type\":\"ImageObject\",\"inLanguage\":\"de\",\"@id\":\"https:\/\/kulturonline.tv\/de\/#\/schema\/logo\/image\/\",\"url\":\"https:\/\/kulturonline.tv\/wp-content\/uploads\/2021\/08\/Kultur-Online-Tv-Logo-Endversion-neu.png\",\"contentUrl\":\"https:\/\/kulturonline.tv\/wp-content\/uploads\/2021\/08\/Kultur-Online-Tv-Logo-Endversion-neu.png\",\"width\":200,\"height\":200,\"caption\":\"Kultur Online TV\"},\"image\":{\"@id\":\"https:\/\/kulturonline.tv\/de\/#\/schema\/logo\/image\/\"},\"sameAs\":[\"https:\/\/www.facebook.com\/kulturonline.tv\",\"https:\/\/www.instagram.com\/kulturonline.tv\"]},{\"@type\":\"Person\",\"@id\":\"https:\/\/kulturonline.tv\/de\/#\/schema\/person\/b0fac729bb9a0c193fb1df23449df4fe\",\"name\":\"guenter.wolfgang\"}]}<\/script>\n<!-- \/ Yoast SEO plugin. -->","yoast_head_json":{"title":"Kulturschaffende werden bei Krankenversicherung benachteiligt - Kultur Online TV &amp; FM","description":"Der Deutsche Kulturrat, der Spitzenverband der Bundeskulturverb\u00e4nde, begr\u00fc\u00dft die Vereinbarung im Koalitionsvertrag von SPD, B\u00fcndnis 90\/Die Gr\u00fcnen und FDP, dass k\u00fcnftig die Beitr\u00e4ge von Selbstst\u00e4ndigen zur gesetzlichen Krankenversicherung strikt einkommensbezogen erhoben werden sollen.","robots":{"index":"index","follow":"follow","max-snippet":"max-snippet:-1","max-image-preview":"max-image-preview:large","max-video-preview":"max-video-preview:-1"},"canonical":"https:\/\/kulturonline.tv\/de\/48254\/","og_locale":"de_DE","og_type":"article","og_title":"Kulturschaffende werden bei Krankenversicherung benachteiligt - Kultur Online TV &amp; FM","og_description":"Der Deutsche Kulturrat, der Spitzenverband der Bundeskulturverb\u00e4nde, begr\u00fc\u00dft die Vereinbarung im Koalitionsvertrag von SPD, B\u00fcndnis 90\/Die Gr\u00fcnen und FDP, dass k\u00fcnftig die Beitr\u00e4ge von Selbstst\u00e4ndigen zur gesetzlichen Krankenversicherung strikt einkommensbezogen erhoben werden sollen.","og_url":"https:\/\/kulturonline.tv\/de\/48254\/","og_site_name":"Kultur Online TV &amp; FM","article_publisher":"https:\/\/www.facebook.com\/kulturonline.tv","article_published_time":"2023-01-13T07:00:53+00:00","article_modified_time":"2023-01-13T07:11:33+00:00","og_image":[{"width":1440,"height":810,"url":"https:\/\/kulturonline.tv\/wp-content\/uploads\/2023\/01\/Kulturonline-tv-2-edited-1.jpg","type":"image\/jpeg"}],"author":"guenter.wolfgang","twitter_card":"summary_large_image","twitter_misc":{"Verfasst von":"guenter.wolfgang","Gesch\u00e4tzte Lesezeit":"2\u00a0Minuten"},"schema":{"@context":"https:\/\/schema.org","@graph":[{"@type":"Article","@id":"https:\/\/kulturonline.tv\/de\/48254\/#article","isPartOf":{"@id":"https:\/\/kulturonline.tv\/de\/48254\/"},"author":{"name":"guenter.wolfgang","@id":"https:\/\/kulturonline.tv\/de\/#\/schema\/person\/b0fac729bb9a0c193fb1df23449df4fe"},"headline":"Kulturschaffende werden bei Krankenversicherung benachteiligt","datePublished":"2023-01-13T07:00:53+00:00","dateModified":"2023-01-13T07:11:33+00:00","mainEntityOfPage":{"@id":"https:\/\/kulturonline.tv\/de\/48254\/"},"wordCount":491,"publisher":{"@id":"https:\/\/kulturonline.tv\/de\/#organization"},"image":{"@id":"https:\/\/kulturonline.tv\/de\/48254\/#primaryimage"},"thumbnailUrl":"https:\/\/kulturonline.tv\/wp-content\/uploads\/2023\/01\/Kulturonline-tv-2-edited-1.jpg","articleSection":["Newsflash"],"inLanguage":"de"},{"@type":"WebPage","@id":"https:\/\/kulturonline.tv\/de\/48254\/","url":"https:\/\/kulturonline.tv\/de\/48254\/","name":"Kulturschaffende werden bei Krankenversicherung benachteiligt - Kultur Online TV &amp; FM","isPartOf":{"@id":"https:\/\/kulturonline.tv\/de\/#website"},"primaryImageOfPage":{"@id":"https:\/\/kulturonline.tv\/de\/48254\/#primaryimage"},"image":{"@id":"https:\/\/kulturonline.tv\/de\/48254\/#primaryimage"},"thumbnailUrl":"https:\/\/kulturonline.tv\/wp-content\/uploads\/2023\/01\/Kulturonline-tv-2-edited-1.jpg","datePublished":"2023-01-13T07:00:53+00:00","dateModified":"2023-01-13T07:11:33+00:00","description":"Der Deutsche Kulturrat, der Spitzenverband der Bundeskulturverb\u00e4nde, begr\u00fc\u00dft die Vereinbarung im Koalitionsvertrag von SPD, B\u00fcndnis 90\/Die Gr\u00fcnen und FDP, dass k\u00fcnftig die Beitr\u00e4ge von Selbstst\u00e4ndigen zur gesetzlichen Krankenversicherung strikt einkommensbezogen erhoben werden sollen.","breadcrumb":{"@id":"https:\/\/kulturonline.tv\/de\/48254\/#breadcrumb"},"inLanguage":"de","potentialAction":[{"@type":"ReadAction","target":["https:\/\/kulturonline.tv\/de\/48254\/"]}]},{"@type":"ImageObject","inLanguage":"de","@id":"https:\/\/kulturonline.tv\/de\/48254\/#primaryimage","url":"https:\/\/kulturonline.tv\/wp-content\/uploads\/2023\/01\/Kulturonline-tv-2-edited-1.jpg","contentUrl":"https:\/\/kulturonline.tv\/wp-content\/uploads\/2023\/01\/Kulturonline-tv-2-edited-1.jpg","width":1440,"height":810},{"@type":"BreadcrumbList","@id":"https:\/\/kulturonline.tv\/de\/48254\/#breadcrumb","itemListElement":[{"@type":"ListItem","position":1,"name":"Startseite","item":"https:\/\/kulturonline.tv\/de\/"},{"@type":"ListItem","position":2,"name":"Kulturschaffende werden bei Krankenversicherung benachteiligt"}]},{"@type":"WebSite","@id":"https:\/\/kulturonline.tv\/de\/#website","url":"https:\/\/kulturonline.tv\/de\/","name":"Kultur Online TV &amp; FM","description":"Wir sind Kultur 2.0 zum sehen &amp; h\u00f6ren","publisher":{"@id":"https:\/\/kulturonline.tv\/de\/#organization"},"potentialAction":[{"@type":"SearchAction","target":{"@type":"EntryPoint","urlTemplate":"https:\/\/kulturonline.tv\/de\/?s={search_term_string}"},"query-input":{"@type":"PropertyValueSpecification","valueRequired":true,"valueName":"search_term_string"}}],"inLanguage":"de"},{"@type":"Organization","@id":"https:\/\/kulturonline.tv\/de\/#organization","name":"Kultur Online TV","url":"https:\/\/kulturonline.tv\/de\/","logo":{"@type":"ImageObject","inLanguage":"de","@id":"https:\/\/kulturonline.tv\/de\/#\/schema\/logo\/image\/","url":"https:\/\/kulturonline.tv\/wp-content\/uploads\/2021\/08\/Kultur-Online-Tv-Logo-Endversion-neu.png","contentUrl":"https:\/\/kulturonline.tv\/wp-content\/uploads\/2021\/08\/Kultur-Online-Tv-Logo-Endversion-neu.png","width":200,"height":200,"caption":"Kultur Online TV"},"image":{"@id":"https:\/\/kulturonline.tv\/de\/#\/schema\/logo\/image\/"},"sameAs":["https:\/\/www.facebook.com\/kulturonline.tv","https:\/\/www.instagram.com\/kulturonline.tv"]},{"@type":"Person","@id":"https:\/\/kulturonline.tv\/de\/#\/schema\/person\/b0fac729bb9a0c193fb1df23449df4fe","name":"guenter.wolfgang"}]}},"_links":{"self":[{"href":"https:\/\/kulturonline.tv\/de\/wp-json\/wp\/v2\/posts\/48254","targetHints":{"allow":["GET"]}}],"collection":[{"href":"https:\/\/kulturonline.tv\/de\/wp-json\/wp\/v2\/posts"}],"about":[{"href":"https:\/\/kulturonline.tv\/de\/wp-json\/wp\/v2\/types\/post"}],"author":[{"embeddable":true,"href":"https:\/\/kulturonline.tv\/de\/wp-json\/wp\/v2\/users\/2"}],"replies":[{"embeddable":true,"href":"https:\/\/kulturonline.tv\/de\/wp-json\/wp\/v2\/comments?post=48254"}],"version-history":[{"count":0,"href":"https:\/\/kulturonline.tv\/de\/wp-json\/wp\/v2\/posts\/48254\/revisions"}],"wp:featuredmedia":[{"embeddable":true,"href":"https:\/\/kulturonline.tv\/de\/wp-json\/wp\/v2\/media\/48259"}],"wp:attachment":[{"href":"https:\/\/kulturonline.tv\/de\/wp-json\/wp\/v2\/media?parent=48254"}],"wp:term":[{"taxonomy":"category","embeddable":true,"href":"https:\/\/kulturonline.tv\/de\/wp-json\/wp\/v2\/categories?post=48254"},{"taxonomy":"post_tag","embeddable":true,"href":"https:\/\/kulturonline.tv\/de\/wp-json\/wp\/v2\/tags?post=48254"}],"curies":[{"name":"wp","href":"https:\/\/api.w.org\/{rel}","templated":true}]}}