{"id":48400,"date":"2023-01-15T07:06:22","date_gmt":"2023-01-15T06:06:22","guid":{"rendered":"https:\/\/kulturonline.tv\/?p=48400"},"modified":"2023-03-08T06:24:45","modified_gmt":"2023-03-08T05:24:45","slug":"kinoverband-publikum-kehrt-langsam-zurueck","status":"publish","type":"post","link":"https:\/\/kulturonline.tv\/de\/kinoverband-publikum-kehrt-langsam-zurueck\/","title":{"rendered":"Kinopublikum kehrt langsam zur\u00fcck"},"content":{"rendered":"<style>.elementor-widget-text-editor{font-family:var( --e-global-typography-text-font-family ), Sans-serif;font-weight:var( --e-global-typography-text-font-weight );color:var( --e-global-color-text );}.elementor-widget-text-editor.elementor-drop-cap-view-stacked .elementor-drop-cap{background-color:var( --e-global-color-primary );}.elementor-widget-text-editor.elementor-drop-cap-view-framed .elementor-drop-cap, .elementor-widget-text-editor.elementor-drop-cap-view-default .elementor-drop-cap{color:var( --e-global-color-primary );border-color:var( --e-global-color-primary );}.elementor-48400 .elementor-element.elementor-element-6089508c > .elementor-widget-container{margin:-10px -10px -10px -10px;}<\/style>\t\t<div data-elementor-type=\"wp-post\" data-elementor-id=\"48400\" class=\"elementor elementor-48400\" data-elementor-post-type=\"post\">\n\t\t\t\t\t\t<section class=\"elementor-section elementor-top-section elementor-element elementor-element-55428257 elementor-section-boxed elementor-section-height-default elementor-section-height-default\" data-id=\"55428257\" data-element_type=\"section\">\n\t\t\t\t\t\t<div class=\"elementor-container elementor-column-gap-default\">\n\t\t\t\t\t<div class=\"elementor-column elementor-col-100 elementor-top-column elementor-element elementor-element-4b4574c9\" data-id=\"4b4574c9\" data-element_type=\"column\">\n\t\t\t<div class=\"elementor-widget-wrap elementor-element-populated\">\n\t\t\t\t\t\t<div class=\"elementor-element elementor-element-6089508c elementor-widget elementor-widget-text-editor\" data-id=\"6089508c\" data-element_type=\"widget\" data-widget_type=\"text-editor.default\">\n\t\t\t\t<div class=\"elementor-widget-container\">\n\t\t\t\t\t\t\t\t\t<h2><a href=\"https:\/\/kulturonline.tv\/de\/arthaus-filme\">NEWS<\/a><\/h2><figure class=\"wp-block-image size-full is-resized\"><img decoding=\"async\" class=\"wp-image-48401\" src=\"https:\/\/kulturonline.tv\/wp-content\/uploads\/2023\/01\/01-Cover-Kino-Kultur-Online-TV-Kopie-2-edited.png\" alt=\"\" width=\"842\" \/><\/figure><p>Die Kinos in Deutschland f\u00fcllen sich nach Einsch\u00e4tzung von Branchenverb\u00e4nden wieder zunehmend.Im zur\u00fcckliegenden Jahr seien 73,5 Millionen Tickets verkauft worden, berichteten der HDF Kino und der Verband der Filmverleiher (VdF) unter Berufung auf einen Branchenanalysedienst. Das seien zwar deutlich mehr als im Jahr 2021 (+83 Prozent) gewesen, aber noch immer weniger als 2019 vor Beginn der Pandemie (-33 Prozent). Der Ticketumsatz habe bei 694 Millionen Euro gelegen, im Vergleich zum Jahr 2019 sei das noch ein Minus von 28 Prozent.<\/p><p>Derzeit bringt der neue &#8222;Avatar&#8220;-Film viel Publikum. Mehr als sechs Millionen Tickets wurden nach Angaben des Verbands bereits verkauft. Aber auch Filme wie &#8222;R\u00e4uber Hotzenplotz&#8220;, &#8222;Der gestiefelte Kater 2&#8220; sowie &#8222;Oskars Kleid&#8220; schrieben weiter gute Zahlen und h\u00e4tten mit Neustarts wie &#8222;Operation Fortune&#8220; und &#8222;The Banshees of Inisherin&#8220; ein \u00e4u\u00dferst positives Ergebnis geliefert. &#8222;Mit knapp 2,18 Millionen verkauften Tickets war das letzte Wochenende das beste Kinowochenende seit Beginn der Pandemie.&#8220;<\/p><p>Kultur Online TV<\/p><p>#news #film #kino<\/p>\t\t\t\t\t\t\t\t<\/div>\n\t\t\t\t<\/div>\n\t\t\t\t\t<\/div>\n\t\t<\/div>\n\t\t\t\t\t<\/div>\n\t\t<\/section>\n\t\t\t\t<\/div>\n\t\t","protected":false},"excerpt":{"rendered":"<p>NEWS Die Kinos in Deutschland f\u00fcllen sich nach Einsch\u00e4tzung von Branchenverb\u00e4nden wieder zunehmend.Im zur\u00fcckliegenden Jahr seien 73,5 Millionen Tickets verkauft worden, berichteten der HDF Kino und der Verband der Filmverleiher (VdF) unter Berufung auf einen Branchenanalysedienst. Das seien zwar deutlich mehr als im Jahr 2021 (+83 Prozent) gewesen, aber noch immer weniger als 2019 vor [&hellip;]<\/p>\n","protected":false},"author":2,"featured_media":48401,"comment_status":"closed","ping_status":"closed","sticky":false,"template":"","format":"standard","meta":{"_acf_changed":false,"footnotes":""},"categories":[1],"tags":[],"class_list":["post-48400","post","type-post","status-publish","format-standard","has-post-thumbnail","hentry","category-unkategorisiert"],"acf":[],"yoast_head":"<!-- This site is optimized with the Yoast SEO plugin v26.1.1 - https:\/\/yoast.com\/wordpress\/plugins\/seo\/ -->\n<title>Kinopublikum kehrt langsam zur\u00fcck - Kultur Online TV &amp; FM<\/title>\n<meta name=\"description\" content=\"Die Kinos in Deutschland f\u00fcllen sich nach Einsch\u00e4tzung von Branchenverb\u00e4nden wieder zunehmend\" \/>\n<meta name=\"robots\" content=\"index, follow, max-snippet:-1, max-image-preview:large, max-video-preview:-1\" \/>\n<link rel=\"canonical\" href=\"https:\/\/kulturonline.tv\/de\/kinoverband-publikum-kehrt-langsam-zurueck\/\" \/>\n<meta property=\"og:locale\" content=\"de_DE\" \/>\n<meta property=\"og:type\" content=\"article\" \/>\n<meta property=\"og:title\" content=\"Kinopublikum kehrt langsam zur\u00fcck - Kultur Online TV &amp; FM\" \/>\n<meta property=\"og:description\" content=\"Die Kinos in Deutschland f\u00fcllen sich nach Einsch\u00e4tzung von Branchenverb\u00e4nden wieder zunehmend\" \/>\n<meta property=\"og:url\" content=\"https:\/\/kulturonline.tv\/de\/kinoverband-publikum-kehrt-langsam-zurueck\/\" \/>\n<meta property=\"og:site_name\" content=\"Kultur Online TV &amp; FM\" \/>\n<meta property=\"article:publisher\" content=\"https:\/\/www.facebook.com\/kulturonline.tv\" \/>\n<meta property=\"article:published_time\" content=\"2023-01-15T06:06:22+00:00\" \/>\n<meta property=\"article:modified_time\" content=\"2023-03-08T05:24:45+00:00\" \/>\n<meta property=\"og:image\" content=\"https:\/\/kulturonline.tv\/wp-content\/uploads\/2023\/01\/01-Cover-Kino-Kultur-Online-TV-Kopie-2-edited.png\" \/>\n\t<meta property=\"og:image:width\" content=\"592\" \/>\n\t<meta property=\"og:image:height\" content=\"333\" \/>\n\t<meta property=\"og:image:type\" content=\"image\/png\" \/>\n<meta name=\"author\" content=\"guenter.wolfgang\" \/>\n<meta name=\"twitter:card\" content=\"summary_large_image\" \/>\n<meta name=\"twitter:label1\" content=\"Verfasst von\" \/>\n\t<meta name=\"twitter:data1\" content=\"guenter.wolfgang\" \/>\n\t<meta name=\"twitter:label2\" content=\"Gesch\u00e4tzte Lesezeit\" \/>\n\t<meta name=\"twitter:data2\" content=\"1\u00a0Minute\" \/>\n<script type=\"application\/ld+json\" class=\"yoast-schema-graph\">{\"@context\":\"https:\/\/schema.org\",\"@graph\":[{\"@type\":\"Article\",\"@id\":\"https:\/\/kulturonline.tv\/de\/kinoverband-publikum-kehrt-langsam-zurueck\/#article\",\"isPartOf\":{\"@id\":\"https:\/\/kulturonline.tv\/de\/kinoverband-publikum-kehrt-langsam-zurueck\/\"},\"author\":{\"name\":\"guenter.wolfgang\",\"@id\":\"https:\/\/kulturonline.tv\/de\/#\/schema\/person\/b0fac729bb9a0c193fb1df23449df4fe\"},\"headline\":\"Kinopublikum kehrt langsam zur\u00fcck\",\"datePublished\":\"2023-01-15T06:06:22+00:00\",\"dateModified\":\"2023-03-08T05:24:45+00:00\",\"mainEntityOfPage\":{\"@id\":\"https:\/\/kulturonline.tv\/de\/kinoverband-publikum-kehrt-langsam-zurueck\/\"},\"wordCount\":162,\"publisher\":{\"@id\":\"https:\/\/kulturonline.tv\/de\/#organization\"},\"image\":{\"@id\":\"https:\/\/kulturonline.tv\/de\/kinoverband-publikum-kehrt-langsam-zurueck\/#primaryimage\"},\"thumbnailUrl\":\"https:\/\/kulturonline.tv\/wp-content\/uploads\/2023\/01\/01-Cover-Kino-Kultur-Online-TV-Kopie-2-edited.png\",\"articleSection\":[\"Unkategorisiert\"],\"inLanguage\":\"de\"},{\"@type\":\"WebPage\",\"@id\":\"https:\/\/kulturonline.tv\/de\/kinoverband-publikum-kehrt-langsam-zurueck\/\",\"url\":\"https:\/\/kulturonline.tv\/de\/kinoverband-publikum-kehrt-langsam-zurueck\/\",\"name\":\"Kinopublikum kehrt langsam zur\u00fcck - Kultur Online TV &amp; FM\",\"isPartOf\":{\"@id\":\"https:\/\/kulturonline.tv\/de\/#website\"},\"primaryImageOfPage\":{\"@id\":\"https:\/\/kulturonline.tv\/de\/kinoverband-publikum-kehrt-langsam-zurueck\/#primaryimage\"},\"image\":{\"@id\":\"https:\/\/kulturonline.tv\/de\/kinoverband-publikum-kehrt-langsam-zurueck\/#primaryimage\"},\"thumbnailUrl\":\"https:\/\/kulturonline.tv\/wp-content\/uploads\/2023\/01\/01-Cover-Kino-Kultur-Online-TV-Kopie-2-edited.png\",\"datePublished\":\"2023-01-15T06:06:22+00:00\",\"dateModified\":\"2023-03-08T05:24:45+00:00\",\"description\":\"Die Kinos in Deutschland f\u00fcllen sich nach Einsch\u00e4tzung von Branchenverb\u00e4nden wieder zunehmend\",\"breadcrumb\":{\"@id\":\"https:\/\/kulturonline.tv\/de\/kinoverband-publikum-kehrt-langsam-zurueck\/#breadcrumb\"},\"inLanguage\":\"de\",\"potentialAction\":[{\"@type\":\"ReadAction\",\"target\":[\"https:\/\/kulturonline.tv\/de\/kinoverband-publikum-kehrt-langsam-zurueck\/\"]}]},{\"@type\":\"ImageObject\",\"inLanguage\":\"de\",\"@id\":\"https:\/\/kulturonline.tv\/de\/kinoverband-publikum-kehrt-langsam-zurueck\/#primaryimage\",\"url\":\"https:\/\/kulturonline.tv\/wp-content\/uploads\/2023\/01\/01-Cover-Kino-Kultur-Online-TV-Kopie-2-edited.png\",\"contentUrl\":\"https:\/\/kulturonline.tv\/wp-content\/uploads\/2023\/01\/01-Cover-Kino-Kultur-Online-TV-Kopie-2-edited.png\",\"width\":592,\"height\":333},{\"@type\":\"BreadcrumbList\",\"@id\":\"https:\/\/kulturonline.tv\/de\/kinoverband-publikum-kehrt-langsam-zurueck\/#breadcrumb\",\"itemListElement\":[{\"@type\":\"ListItem\",\"position\":1,\"name\":\"Startseite\",\"item\":\"https:\/\/kulturonline.tv\/de\/\"},{\"@type\":\"ListItem\",\"position\":2,\"name\":\"Kinopublikum kehrt langsam zur\u00fcck\"}]},{\"@type\":\"WebSite\",\"@id\":\"https:\/\/kulturonline.tv\/de\/#website\",\"url\":\"https:\/\/kulturonline.tv\/de\/\",\"name\":\"Kultur Online TV &amp; FM\",\"description\":\"Wir sind Kultur 2.0 zum sehen &amp; h\u00f6ren\",\"publisher\":{\"@id\":\"https:\/\/kulturonline.tv\/de\/#organization\"},\"potentialAction\":[{\"@type\":\"SearchAction\",\"target\":{\"@type\":\"EntryPoint\",\"urlTemplate\":\"https:\/\/kulturonline.tv\/de\/?s={search_term_string}\"},\"query-input\":{\"@type\":\"PropertyValueSpecification\",\"valueRequired\":true,\"valueName\":\"search_term_string\"}}],\"inLanguage\":\"de\"},{\"@type\":\"Organization\",\"@id\":\"https:\/\/kulturonline.tv\/de\/#organization\",\"name\":\"Kultur Online TV\",\"url\":\"https:\/\/kulturonline.tv\/de\/\",\"logo\":{\"@type\":\"ImageObject\",\"inLanguage\":\"de\",\"@id\":\"https:\/\/kulturonline.tv\/de\/#\/schema\/logo\/image\/\",\"url\":\"https:\/\/kulturonline.tv\/wp-content\/uploads\/2021\/08\/Kultur-Online-Tv-Logo-Endversion-neu.png\",\"contentUrl\":\"https:\/\/kulturonline.tv\/wp-content\/uploads\/2021\/08\/Kultur-Online-Tv-Logo-Endversion-neu.png\",\"width\":200,\"height\":200,\"caption\":\"Kultur Online TV\"},\"image\":{\"@id\":\"https:\/\/kulturonline.tv\/de\/#\/schema\/logo\/image\/\"},\"sameAs\":[\"https:\/\/www.facebook.com\/kulturonline.tv\",\"https:\/\/www.instagram.com\/kulturonline.tv\"]},{\"@type\":\"Person\",\"@id\":\"https:\/\/kulturonline.tv\/de\/#\/schema\/person\/b0fac729bb9a0c193fb1df23449df4fe\",\"name\":\"guenter.wolfgang\"}]}<\/script>\n<!-- \/ Yoast SEO plugin. -->","yoast_head_json":{"title":"Kinopublikum kehrt langsam zur\u00fcck - Kultur Online TV &amp; FM","description":"Die Kinos in Deutschland f\u00fcllen sich nach Einsch\u00e4tzung von Branchenverb\u00e4nden wieder zunehmend","robots":{"index":"index","follow":"follow","max-snippet":"max-snippet:-1","max-image-preview":"max-image-preview:large","max-video-preview":"max-video-preview:-1"},"canonical":"https:\/\/kulturonline.tv\/de\/kinoverband-publikum-kehrt-langsam-zurueck\/","og_locale":"de_DE","og_type":"article","og_title":"Kinopublikum kehrt langsam zur\u00fcck - Kultur Online TV &amp; FM","og_description":"Die Kinos in Deutschland f\u00fcllen sich nach Einsch\u00e4tzung von Branchenverb\u00e4nden wieder zunehmend","og_url":"https:\/\/kulturonline.tv\/de\/kinoverband-publikum-kehrt-langsam-zurueck\/","og_site_name":"Kultur Online TV &amp; FM","article_publisher":"https:\/\/www.facebook.com\/kulturonline.tv","article_published_time":"2023-01-15T06:06:22+00:00","article_modified_time":"2023-03-08T05:24:45+00:00","og_image":[{"width":592,"height":333,"url":"https:\/\/kulturonline.tv\/wp-content\/uploads\/2023\/01\/01-Cover-Kino-Kultur-Online-TV-Kopie-2-edited.png","type":"image\/png"}],"author":"guenter.wolfgang","twitter_card":"summary_large_image","twitter_misc":{"Verfasst von":"guenter.wolfgang","Gesch\u00e4tzte Lesezeit":"1\u00a0Minute"},"schema":{"@context":"https:\/\/schema.org","@graph":[{"@type":"Article","@id":"https:\/\/kulturonline.tv\/de\/kinoverband-publikum-kehrt-langsam-zurueck\/#article","isPartOf":{"@id":"https:\/\/kulturonline.tv\/de\/kinoverband-publikum-kehrt-langsam-zurueck\/"},"author":{"name":"guenter.wolfgang","@id":"https:\/\/kulturonline.tv\/de\/#\/schema\/person\/b0fac729bb9a0c193fb1df23449df4fe"},"headline":"Kinopublikum kehrt langsam zur\u00fcck","datePublished":"2023-01-15T06:06:22+00:00","dateModified":"2023-03-08T05:24:45+00:00","mainEntityOfPage":{"@id":"https:\/\/kulturonline.tv\/de\/kinoverband-publikum-kehrt-langsam-zurueck\/"},"wordCount":162,"publisher":{"@id":"https:\/\/kulturonline.tv\/de\/#organization"},"image":{"@id":"https:\/\/kulturonline.tv\/de\/kinoverband-publikum-kehrt-langsam-zurueck\/#primaryimage"},"thumbnailUrl":"https:\/\/kulturonline.tv\/wp-content\/uploads\/2023\/01\/01-Cover-Kino-Kultur-Online-TV-Kopie-2-edited.png","articleSection":["Unkategorisiert"],"inLanguage":"de"},{"@type":"WebPage","@id":"https:\/\/kulturonline.tv\/de\/kinoverband-publikum-kehrt-langsam-zurueck\/","url":"https:\/\/kulturonline.tv\/de\/kinoverband-publikum-kehrt-langsam-zurueck\/","name":"Kinopublikum kehrt langsam zur\u00fcck - Kultur Online TV &amp; FM","isPartOf":{"@id":"https:\/\/kulturonline.tv\/de\/#website"},"primaryImageOfPage":{"@id":"https:\/\/kulturonline.tv\/de\/kinoverband-publikum-kehrt-langsam-zurueck\/#primaryimage"},"image":{"@id":"https:\/\/kulturonline.tv\/de\/kinoverband-publikum-kehrt-langsam-zurueck\/#primaryimage"},"thumbnailUrl":"https:\/\/kulturonline.tv\/wp-content\/uploads\/2023\/01\/01-Cover-Kino-Kultur-Online-TV-Kopie-2-edited.png","datePublished":"2023-01-15T06:06:22+00:00","dateModified":"2023-03-08T05:24:45+00:00","description":"Die Kinos in Deutschland f\u00fcllen sich nach Einsch\u00e4tzung von Branchenverb\u00e4nden wieder zunehmend","breadcrumb":{"@id":"https:\/\/kulturonline.tv\/de\/kinoverband-publikum-kehrt-langsam-zurueck\/#breadcrumb"},"inLanguage":"de","potentialAction":[{"@type":"ReadAction","target":["https:\/\/kulturonline.tv\/de\/kinoverband-publikum-kehrt-langsam-zurueck\/"]}]},{"@type":"ImageObject","inLanguage":"de","@id":"https:\/\/kulturonline.tv\/de\/kinoverband-publikum-kehrt-langsam-zurueck\/#primaryimage","url":"https:\/\/kulturonline.tv\/wp-content\/uploads\/2023\/01\/01-Cover-Kino-Kultur-Online-TV-Kopie-2-edited.png","contentUrl":"https:\/\/kulturonline.tv\/wp-content\/uploads\/2023\/01\/01-Cover-Kino-Kultur-Online-TV-Kopie-2-edited.png","width":592,"height":333},{"@type":"BreadcrumbList","@id":"https:\/\/kulturonline.tv\/de\/kinoverband-publikum-kehrt-langsam-zurueck\/#breadcrumb","itemListElement":[{"@type":"ListItem","position":1,"name":"Startseite","item":"https:\/\/kulturonline.tv\/de\/"},{"@type":"ListItem","position":2,"name":"Kinopublikum kehrt langsam zur\u00fcck"}]},{"@type":"WebSite","@id":"https:\/\/kulturonline.tv\/de\/#website","url":"https:\/\/kulturonline.tv\/de\/","name":"Kultur Online TV &amp; FM","description":"Wir sind Kultur 2.0 zum sehen &amp; h\u00f6ren","publisher":{"@id":"https:\/\/kulturonline.tv\/de\/#organization"},"potentialAction":[{"@type":"SearchAction","target":{"@type":"EntryPoint","urlTemplate":"https:\/\/kulturonline.tv\/de\/?s={search_term_string}"},"query-input":{"@type":"PropertyValueSpecification","valueRequired":true,"valueName":"search_term_string"}}],"inLanguage":"de"},{"@type":"Organization","@id":"https:\/\/kulturonline.tv\/de\/#organization","name":"Kultur Online TV","url":"https:\/\/kulturonline.tv\/de\/","logo":{"@type":"ImageObject","inLanguage":"de","@id":"https:\/\/kulturonline.tv\/de\/#\/schema\/logo\/image\/","url":"https:\/\/kulturonline.tv\/wp-content\/uploads\/2021\/08\/Kultur-Online-Tv-Logo-Endversion-neu.png","contentUrl":"https:\/\/kulturonline.tv\/wp-content\/uploads\/2021\/08\/Kultur-Online-Tv-Logo-Endversion-neu.png","width":200,"height":200,"caption":"Kultur Online TV"},"image":{"@id":"https:\/\/kulturonline.tv\/de\/#\/schema\/logo\/image\/"},"sameAs":["https:\/\/www.facebook.com\/kulturonline.tv","https:\/\/www.instagram.com\/kulturonline.tv"]},{"@type":"Person","@id":"https:\/\/kulturonline.tv\/de\/#\/schema\/person\/b0fac729bb9a0c193fb1df23449df4fe","name":"guenter.wolfgang"}]}},"_links":{"self":[{"href":"https:\/\/kulturonline.tv\/de\/wp-json\/wp\/v2\/posts\/48400","targetHints":{"allow":["GET"]}}],"collection":[{"href":"https:\/\/kulturonline.tv\/de\/wp-json\/wp\/v2\/posts"}],"about":[{"href":"https:\/\/kulturonline.tv\/de\/wp-json\/wp\/v2\/types\/post"}],"author":[{"embeddable":true,"href":"https:\/\/kulturonline.tv\/de\/wp-json\/wp\/v2\/users\/2"}],"replies":[{"embeddable":true,"href":"https:\/\/kulturonline.tv\/de\/wp-json\/wp\/v2\/comments?post=48400"}],"version-history":[{"count":0,"href":"https:\/\/kulturonline.tv\/de\/wp-json\/wp\/v2\/posts\/48400\/revisions"}],"wp:featuredmedia":[{"embeddable":true,"href":"https:\/\/kulturonline.tv\/de\/wp-json\/wp\/v2\/media\/48401"}],"wp:attachment":[{"href":"https:\/\/kulturonline.tv\/de\/wp-json\/wp\/v2\/media?parent=48400"}],"wp:term":[{"taxonomy":"category","embeddable":true,"href":"https:\/\/kulturonline.tv\/de\/wp-json\/wp\/v2\/categories?post=48400"},{"taxonomy":"post_tag","embeddable":true,"href":"https:\/\/kulturonline.tv\/de\/wp-json\/wp\/v2\/tags?post=48400"}],"curies":[{"name":"wp","href":"https:\/\/api.w.org\/{rel}","templated":true}]}}