{"id":48635,"date":"2023-01-23T06:04:00","date_gmt":"2023-01-23T05:04:00","guid":{"rendered":"https:\/\/kulturonline.tv\/?p=48635"},"modified":"2023-01-23T06:04:02","modified_gmt":"2023-01-23T05:04:02","slug":"deutsches-technikmuseum-vergroessert-sammlung","status":"publish","type":"post","link":"https:\/\/kulturonline.tv\/de\/deutsches-technikmuseum-vergroessert-sammlung\/","title":{"rendered":"Deutsches Technikmuseum vergr\u00f6\u00dfert Sammlung"},"content":{"rendered":"\n<p>Das Deutsche Technikmuseum in Berlin \u00fcbernimmt mehrere historische Fahrzeuge der Berliner Verkehrsbetriebe (BVG).<\/p>\n\n\n\n<figure class=\"wp-block-image size-full\"><img fetchpriority=\"high\" decoding=\"async\" width=\"800\" height=\"450\" src=\"https:\/\/kulturonline.tv\/wp-content\/uploads\/2023\/01\/Kultur-Online-TV-8-edited.jpg\" alt=\"\" class=\"wp-image-48638\" srcset=\"https:\/\/kulturonline.tv\/wp-content\/uploads\/2023\/01\/Kultur-Online-TV-8-edited.jpg 800w, https:\/\/kulturonline.tv\/wp-content\/uploads\/2023\/01\/Kultur-Online-TV-8-edited-768x432.jpg 768w, https:\/\/kulturonline.tv\/wp-content\/uploads\/2023\/01\/Kultur-Online-TV-8-edited-600x338.jpg 600w\" sizes=\"(max-width: 800px) 100vw, 800px\" \/><figcaption class=\"wp-element-caption\">\u00a9 Photograph by Mike Peel (www.mikepeel.net)., CC BY-SA 4.0 <a href=\"https:\/\/creativecommons.org\/licenses\/by-sa\/4.0\">https:\/\/creativecommons.org\/licenses\/by-sa\/4.0<\/a>, via Wikimedia Commons<\/figcaption><\/figure>\n\n\n\n<p>Bei den Neuzug\u00e4ngen handelt es sich um alte Busse, Stra\u00dfenbahnwaggons und U-Bahn-Wagen. Das Museum bekommt unter anderem den \u00e4ltesten in Europa erhaltenen Stra\u00dfenbahnwaggon: ein doppelst\u00f6ckiger Pferdebahnwagen aus dem Jahr 1865.<\/p>\n\n\n\n<p>Das Deutsche Technikmuseum sammelt und bewahrt Objekte aus allen Bereichen der Kulturgeschichte der Technik. Dabei ist ein Schatz von etwa 150.000 Gegenst\u00e4nden zusammengekommen, der sich durch enorme Vielf\u00e4ltigkeit und Einmaligkeit auszeichnet. In den aktuellen Ausstellungen des Museums k\u00f6nnen unsere Besucherinnen und Besucher rund 4.000 Objekte sehen, etwa 500 Ausstellungsst\u00fccke sind an andere Museen verliehen. Der gr\u00f6\u00dfte Teil der Sammlungen des Museums lagert jedoch in den Depots. Diese Objekte stehen nicht nur Wissenschaftlerinnen und Wissenschaftlern f\u00fcr Forschungszwecke zur Verf\u00fcgung, sie dienen auch als Fundus f\u00fcr die Konzeption neuer Ausstellungen.<\/p>\n\n\n\n<p>Kultur Online TV<\/p>\n\n\n\n<p>#news #kunst<\/p>\n\n\n\n<p><\/p>\n","protected":false},"excerpt":{"rendered":"<p>Das Deutsche Technikmuseum in Berlin \u00fcbernimmt mehrere historische Fahrzeuge der Berliner Verkehrsbetriebe (BVG). Bei den Neuzug\u00e4ngen handelt es sich um alte Busse, Stra\u00dfenbahnwaggons und U-Bahn-Wagen. Das Museum bekommt unter anderem den \u00e4ltesten in Europa erhaltenen Stra\u00dfenbahnwaggon: ein doppelst\u00f6ckiger Pferdebahnwagen aus dem Jahr 1865. Das Deutsche Technikmuseum sammelt und bewahrt Objekte aus allen Bereichen der Kulturgeschichte [&hellip;]<\/p>\n","protected":false},"author":2,"featured_media":48639,"comment_status":"closed","ping_status":"closed","sticky":false,"template":"","format":"standard","meta":{"_acf_changed":false,"footnotes":""},"categories":[281,118],"tags":[],"class_list":["post-48635","post","type-post","status-publish","format-standard","has-post-thumbnail","hentry","category-mixed","category-uncategorized"],"acf":[],"yoast_head":"<!-- This site is optimized with the Yoast SEO plugin v26.1.1 - https:\/\/yoast.com\/wordpress\/plugins\/seo\/ -->\n<title>Deutsches Technikmuseum vergr\u00f6\u00dfert Sammlung - Kultur Online TV &amp; FM<\/title>\n<meta name=\"description\" content=\"Kultur sehen und H\u00f6ren\" \/>\n<meta name=\"robots\" content=\"index, follow, max-snippet:-1, max-image-preview:large, max-video-preview:-1\" \/>\n<link rel=\"canonical\" href=\"https:\/\/kulturonline.tv\/de\/deutsches-technikmuseum-vergroessert-sammlung\/\" \/>\n<meta property=\"og:locale\" content=\"de_DE\" \/>\n<meta property=\"og:type\" content=\"article\" \/>\n<meta property=\"og:title\" content=\"Deutsches Technikmuseum vergr\u00f6\u00dfert Sammlung - Kultur Online TV &amp; FM\" \/>\n<meta property=\"og:description\" content=\"Kultur sehen und H\u00f6ren\" \/>\n<meta property=\"og:url\" content=\"https:\/\/kulturonline.tv\/de\/deutsches-technikmuseum-vergroessert-sammlung\/\" \/>\n<meta property=\"og:site_name\" content=\"Kultur Online TV &amp; FM\" \/>\n<meta property=\"article:publisher\" content=\"https:\/\/www.facebook.com\/kulturonline.tv\" \/>\n<meta property=\"article:published_time\" content=\"2023-01-23T05:04:00+00:00\" \/>\n<meta property=\"article:modified_time\" content=\"2023-01-23T05:04:02+00:00\" \/>\n<meta property=\"og:image\" content=\"https:\/\/kulturonline.tv\/wp-content\/uploads\/2023\/01\/Kultur-Online-TV-8-edited.jpg\" \/>\n\t<meta property=\"og:image:width\" content=\"800\" \/>\n\t<meta property=\"og:image:height\" content=\"450\" \/>\n\t<meta property=\"og:image:type\" content=\"image\/jpeg\" \/>\n<meta name=\"author\" content=\"guenter.wolfgang\" \/>\n<meta name=\"twitter:card\" content=\"summary_large_image\" \/>\n<meta name=\"twitter:label1\" content=\"Verfasst von\" \/>\n\t<meta name=\"twitter:data1\" content=\"guenter.wolfgang\" \/>\n\t<meta name=\"twitter:label2\" content=\"Gesch\u00e4tzte Lesezeit\" \/>\n\t<meta name=\"twitter:data2\" content=\"1\u00a0Minute\" \/>\n<script type=\"application\/ld+json\" class=\"yoast-schema-graph\">{\"@context\":\"https:\/\/schema.org\",\"@graph\":[{\"@type\":\"Article\",\"@id\":\"https:\/\/kulturonline.tv\/de\/deutsches-technikmuseum-vergroessert-sammlung\/#article\",\"isPartOf\":{\"@id\":\"https:\/\/kulturonline.tv\/de\/deutsches-technikmuseum-vergroessert-sammlung\/\"},\"author\":{\"name\":\"guenter.wolfgang\",\"@id\":\"https:\/\/kulturonline.tv\/de\/#\/schema\/person\/b0fac729bb9a0c193fb1df23449df4fe\"},\"headline\":\"Deutsches Technikmuseum vergr\u00f6\u00dfert Sammlung\",\"datePublished\":\"2023-01-23T05:04:00+00:00\",\"dateModified\":\"2023-01-23T05:04:02+00:00\",\"mainEntityOfPage\":{\"@id\":\"https:\/\/kulturonline.tv\/de\/deutsches-technikmuseum-vergroessert-sammlung\/\"},\"wordCount\":166,\"publisher\":{\"@id\":\"https:\/\/kulturonline.tv\/de\/#organization\"},\"image\":{\"@id\":\"https:\/\/kulturonline.tv\/de\/deutsches-technikmuseum-vergroessert-sammlung\/#primaryimage\"},\"thumbnailUrl\":\"https:\/\/kulturonline.tv\/wp-content\/uploads\/2023\/01\/Kultur-Online-TV-8-edited.jpg\",\"articleSection\":[\"Mixed\",\"Uncategorized @at\"],\"inLanguage\":\"de\"},{\"@type\":\"WebPage\",\"@id\":\"https:\/\/kulturonline.tv\/de\/deutsches-technikmuseum-vergroessert-sammlung\/\",\"url\":\"https:\/\/kulturonline.tv\/de\/deutsches-technikmuseum-vergroessert-sammlung\/\",\"name\":\"Deutsches Technikmuseum vergr\u00f6\u00dfert Sammlung - Kultur Online TV &amp; FM\",\"isPartOf\":{\"@id\":\"https:\/\/kulturonline.tv\/de\/#website\"},\"primaryImageOfPage\":{\"@id\":\"https:\/\/kulturonline.tv\/de\/deutsches-technikmuseum-vergroessert-sammlung\/#primaryimage\"},\"image\":{\"@id\":\"https:\/\/kulturonline.tv\/de\/deutsches-technikmuseum-vergroessert-sammlung\/#primaryimage\"},\"thumbnailUrl\":\"https:\/\/kulturonline.tv\/wp-content\/uploads\/2023\/01\/Kultur-Online-TV-8-edited.jpg\",\"datePublished\":\"2023-01-23T05:04:00+00:00\",\"dateModified\":\"2023-01-23T05:04:02+00:00\",\"description\":\"Kultur sehen und H\u00f6ren\",\"breadcrumb\":{\"@id\":\"https:\/\/kulturonline.tv\/de\/deutsches-technikmuseum-vergroessert-sammlung\/#breadcrumb\"},\"inLanguage\":\"de\",\"potentialAction\":[{\"@type\":\"ReadAction\",\"target\":[\"https:\/\/kulturonline.tv\/de\/deutsches-technikmuseum-vergroessert-sammlung\/\"]}]},{\"@type\":\"ImageObject\",\"inLanguage\":\"de\",\"@id\":\"https:\/\/kulturonline.tv\/de\/deutsches-technikmuseum-vergroessert-sammlung\/#primaryimage\",\"url\":\"https:\/\/kulturonline.tv\/wp-content\/uploads\/2023\/01\/Kultur-Online-TV-8-edited.jpg\",\"contentUrl\":\"https:\/\/kulturonline.tv\/wp-content\/uploads\/2023\/01\/Kultur-Online-TV-8-edited.jpg\",\"width\":800,\"height\":450},{\"@type\":\"BreadcrumbList\",\"@id\":\"https:\/\/kulturonline.tv\/de\/deutsches-technikmuseum-vergroessert-sammlung\/#breadcrumb\",\"itemListElement\":[{\"@type\":\"ListItem\",\"position\":1,\"name\":\"Startseite\",\"item\":\"https:\/\/kulturonline.tv\/de\/\"},{\"@type\":\"ListItem\",\"position\":2,\"name\":\"Deutsches Technikmuseum vergr\u00f6\u00dfert Sammlung\"}]},{\"@type\":\"WebSite\",\"@id\":\"https:\/\/kulturonline.tv\/de\/#website\",\"url\":\"https:\/\/kulturonline.tv\/de\/\",\"name\":\"Kultur Online TV &amp; FM\",\"description\":\"Wir sind Kultur 2.0 zum sehen &amp; h\u00f6ren\",\"publisher\":{\"@id\":\"https:\/\/kulturonline.tv\/de\/#organization\"},\"potentialAction\":[{\"@type\":\"SearchAction\",\"target\":{\"@type\":\"EntryPoint\",\"urlTemplate\":\"https:\/\/kulturonline.tv\/de\/?s={search_term_string}\"},\"query-input\":{\"@type\":\"PropertyValueSpecification\",\"valueRequired\":true,\"valueName\":\"search_term_string\"}}],\"inLanguage\":\"de\"},{\"@type\":\"Organization\",\"@id\":\"https:\/\/kulturonline.tv\/de\/#organization\",\"name\":\"Kultur Online TV\",\"url\":\"https:\/\/kulturonline.tv\/de\/\",\"logo\":{\"@type\":\"ImageObject\",\"inLanguage\":\"de\",\"@id\":\"https:\/\/kulturonline.tv\/de\/#\/schema\/logo\/image\/\",\"url\":\"https:\/\/kulturonline.tv\/wp-content\/uploads\/2021\/08\/Kultur-Online-Tv-Logo-Endversion-neu.png\",\"contentUrl\":\"https:\/\/kulturonline.tv\/wp-content\/uploads\/2021\/08\/Kultur-Online-Tv-Logo-Endversion-neu.png\",\"width\":200,\"height\":200,\"caption\":\"Kultur Online TV\"},\"image\":{\"@id\":\"https:\/\/kulturonline.tv\/de\/#\/schema\/logo\/image\/\"},\"sameAs\":[\"https:\/\/www.facebook.com\/kulturonline.tv\",\"https:\/\/www.instagram.com\/kulturonline.tv\"]},{\"@type\":\"Person\",\"@id\":\"https:\/\/kulturonline.tv\/de\/#\/schema\/person\/b0fac729bb9a0c193fb1df23449df4fe\",\"name\":\"guenter.wolfgang\"}]}<\/script>\n<!-- \/ Yoast SEO plugin. -->","yoast_head_json":{"title":"Deutsches Technikmuseum vergr\u00f6\u00dfert Sammlung - Kultur Online TV &amp; FM","description":"Kultur sehen und H\u00f6ren","robots":{"index":"index","follow":"follow","max-snippet":"max-snippet:-1","max-image-preview":"max-image-preview:large","max-video-preview":"max-video-preview:-1"},"canonical":"https:\/\/kulturonline.tv\/de\/deutsches-technikmuseum-vergroessert-sammlung\/","og_locale":"de_DE","og_type":"article","og_title":"Deutsches Technikmuseum vergr\u00f6\u00dfert Sammlung - Kultur Online TV &amp; FM","og_description":"Kultur sehen und H\u00f6ren","og_url":"https:\/\/kulturonline.tv\/de\/deutsches-technikmuseum-vergroessert-sammlung\/","og_site_name":"Kultur Online TV &amp; FM","article_publisher":"https:\/\/www.facebook.com\/kulturonline.tv","article_published_time":"2023-01-23T05:04:00+00:00","article_modified_time":"2023-01-23T05:04:02+00:00","og_image":[{"width":800,"height":450,"url":"https:\/\/kulturonline.tv\/wp-content\/uploads\/2023\/01\/Kultur-Online-TV-8-edited.jpg","type":"image\/jpeg"}],"author":"guenter.wolfgang","twitter_card":"summary_large_image","twitter_misc":{"Verfasst von":"guenter.wolfgang","Gesch\u00e4tzte Lesezeit":"1\u00a0Minute"},"schema":{"@context":"https:\/\/schema.org","@graph":[{"@type":"Article","@id":"https:\/\/kulturonline.tv\/de\/deutsches-technikmuseum-vergroessert-sammlung\/#article","isPartOf":{"@id":"https:\/\/kulturonline.tv\/de\/deutsches-technikmuseum-vergroessert-sammlung\/"},"author":{"name":"guenter.wolfgang","@id":"https:\/\/kulturonline.tv\/de\/#\/schema\/person\/b0fac729bb9a0c193fb1df23449df4fe"},"headline":"Deutsches Technikmuseum vergr\u00f6\u00dfert Sammlung","datePublished":"2023-01-23T05:04:00+00:00","dateModified":"2023-01-23T05:04:02+00:00","mainEntityOfPage":{"@id":"https:\/\/kulturonline.tv\/de\/deutsches-technikmuseum-vergroessert-sammlung\/"},"wordCount":166,"publisher":{"@id":"https:\/\/kulturonline.tv\/de\/#organization"},"image":{"@id":"https:\/\/kulturonline.tv\/de\/deutsches-technikmuseum-vergroessert-sammlung\/#primaryimage"},"thumbnailUrl":"https:\/\/kulturonline.tv\/wp-content\/uploads\/2023\/01\/Kultur-Online-TV-8-edited.jpg","articleSection":["Mixed","Uncategorized @at"],"inLanguage":"de"},{"@type":"WebPage","@id":"https:\/\/kulturonline.tv\/de\/deutsches-technikmuseum-vergroessert-sammlung\/","url":"https:\/\/kulturonline.tv\/de\/deutsches-technikmuseum-vergroessert-sammlung\/","name":"Deutsches Technikmuseum vergr\u00f6\u00dfert Sammlung - Kultur Online TV &amp; FM","isPartOf":{"@id":"https:\/\/kulturonline.tv\/de\/#website"},"primaryImageOfPage":{"@id":"https:\/\/kulturonline.tv\/de\/deutsches-technikmuseum-vergroessert-sammlung\/#primaryimage"},"image":{"@id":"https:\/\/kulturonline.tv\/de\/deutsches-technikmuseum-vergroessert-sammlung\/#primaryimage"},"thumbnailUrl":"https:\/\/kulturonline.tv\/wp-content\/uploads\/2023\/01\/Kultur-Online-TV-8-edited.jpg","datePublished":"2023-01-23T05:04:00+00:00","dateModified":"2023-01-23T05:04:02+00:00","description":"Kultur sehen und H\u00f6ren","breadcrumb":{"@id":"https:\/\/kulturonline.tv\/de\/deutsches-technikmuseum-vergroessert-sammlung\/#breadcrumb"},"inLanguage":"de","potentialAction":[{"@type":"ReadAction","target":["https:\/\/kulturonline.tv\/de\/deutsches-technikmuseum-vergroessert-sammlung\/"]}]},{"@type":"ImageObject","inLanguage":"de","@id":"https:\/\/kulturonline.tv\/de\/deutsches-technikmuseum-vergroessert-sammlung\/#primaryimage","url":"https:\/\/kulturonline.tv\/wp-content\/uploads\/2023\/01\/Kultur-Online-TV-8-edited.jpg","contentUrl":"https:\/\/kulturonline.tv\/wp-content\/uploads\/2023\/01\/Kultur-Online-TV-8-edited.jpg","width":800,"height":450},{"@type":"BreadcrumbList","@id":"https:\/\/kulturonline.tv\/de\/deutsches-technikmuseum-vergroessert-sammlung\/#breadcrumb","itemListElement":[{"@type":"ListItem","position":1,"name":"Startseite","item":"https:\/\/kulturonline.tv\/de\/"},{"@type":"ListItem","position":2,"name":"Deutsches Technikmuseum vergr\u00f6\u00dfert Sammlung"}]},{"@type":"WebSite","@id":"https:\/\/kulturonline.tv\/de\/#website","url":"https:\/\/kulturonline.tv\/de\/","name":"Kultur Online TV &amp; FM","description":"Wir sind Kultur 2.0 zum sehen &amp; h\u00f6ren","publisher":{"@id":"https:\/\/kulturonline.tv\/de\/#organization"},"potentialAction":[{"@type":"SearchAction","target":{"@type":"EntryPoint","urlTemplate":"https:\/\/kulturonline.tv\/de\/?s={search_term_string}"},"query-input":{"@type":"PropertyValueSpecification","valueRequired":true,"valueName":"search_term_string"}}],"inLanguage":"de"},{"@type":"Organization","@id":"https:\/\/kulturonline.tv\/de\/#organization","name":"Kultur Online TV","url":"https:\/\/kulturonline.tv\/de\/","logo":{"@type":"ImageObject","inLanguage":"de","@id":"https:\/\/kulturonline.tv\/de\/#\/schema\/logo\/image\/","url":"https:\/\/kulturonline.tv\/wp-content\/uploads\/2021\/08\/Kultur-Online-Tv-Logo-Endversion-neu.png","contentUrl":"https:\/\/kulturonline.tv\/wp-content\/uploads\/2021\/08\/Kultur-Online-Tv-Logo-Endversion-neu.png","width":200,"height":200,"caption":"Kultur Online TV"},"image":{"@id":"https:\/\/kulturonline.tv\/de\/#\/schema\/logo\/image\/"},"sameAs":["https:\/\/www.facebook.com\/kulturonline.tv","https:\/\/www.instagram.com\/kulturonline.tv"]},{"@type":"Person","@id":"https:\/\/kulturonline.tv\/de\/#\/schema\/person\/b0fac729bb9a0c193fb1df23449df4fe","name":"guenter.wolfgang"}]}},"_links":{"self":[{"href":"https:\/\/kulturonline.tv\/de\/wp-json\/wp\/v2\/posts\/48635","targetHints":{"allow":["GET"]}}],"collection":[{"href":"https:\/\/kulturonline.tv\/de\/wp-json\/wp\/v2\/posts"}],"about":[{"href":"https:\/\/kulturonline.tv\/de\/wp-json\/wp\/v2\/types\/post"}],"author":[{"embeddable":true,"href":"https:\/\/kulturonline.tv\/de\/wp-json\/wp\/v2\/users\/2"}],"replies":[{"embeddable":true,"href":"https:\/\/kulturonline.tv\/de\/wp-json\/wp\/v2\/comments?post=48635"}],"version-history":[{"count":0,"href":"https:\/\/kulturonline.tv\/de\/wp-json\/wp\/v2\/posts\/48635\/revisions"}],"wp:featuredmedia":[{"embeddable":true,"href":"https:\/\/kulturonline.tv\/de\/wp-json\/wp\/v2\/media\/48639"}],"wp:attachment":[{"href":"https:\/\/kulturonline.tv\/de\/wp-json\/wp\/v2\/media?parent=48635"}],"wp:term":[{"taxonomy":"category","embeddable":true,"href":"https:\/\/kulturonline.tv\/de\/wp-json\/wp\/v2\/categories?post=48635"},{"taxonomy":"post_tag","embeddable":true,"href":"https:\/\/kulturonline.tv\/de\/wp-json\/wp\/v2\/tags?post=48635"}],"curies":[{"name":"wp","href":"https:\/\/api.w.org\/{rel}","templated":true}]}}