{"id":48719,"date":"2023-01-26T08:46:24","date_gmt":"2023-01-26T07:46:24","guid":{"rendered":"https:\/\/kulturonline.tv\/?p=48719"},"modified":"2023-01-26T08:46:35","modified_gmt":"2023-01-26T07:46:35","slug":"das-fluestern-der-baeume-der-taschenbuch-bestseller-spannend-und-mitreissend","status":"publish","type":"post","link":"https:\/\/kulturonline.tv\/de\/das-fluestern-der-baeume-der-taschenbuch-bestseller-spannend-und-mitreissend\/","title":{"rendered":"Das Fl\u00fcstern der B\u00e4ume, der Taschenbuch Bestseller \u2013 \u201espannend und mitrei\u00dfend!"},"content":{"rendered":"\n<p>Eine Familie, vier Generationen, schicksalhaft verbunden mit den W\u00e4ldern Kanadas<\/p>\n\n\n\n<figure class=\"wp-block-image size-full\"><img fetchpriority=\"high\" decoding=\"async\" width=\"1280\" height=\"720\" src=\"https:\/\/kulturonline.tv\/wp-content\/uploads\/2023\/01\/Buchtipp-Kultur-Online-TV-1.png\" alt=\"\" class=\"wp-image-48722\" srcset=\"https:\/\/kulturonline.tv\/wp-content\/uploads\/2023\/01\/Buchtipp-Kultur-Online-TV-1.png 1280w, https:\/\/kulturonline.tv\/wp-content\/uploads\/2023\/01\/Buchtipp-Kultur-Online-TV-1-800x450.png 800w, https:\/\/kulturonline.tv\/wp-content\/uploads\/2023\/01\/Buchtipp-Kultur-Online-TV-1-768x432.png 768w, https:\/\/kulturonline.tv\/wp-content\/uploads\/2023\/01\/Buchtipp-Kultur-Online-TV-1-600x338.png 600w\" sizes=\"(max-width: 1280px) 100vw, 1280px\" \/><\/figure>\n\n\n\n<p>Jacinda Greenwood wei\u00df nichts \u00fcber ihre v\u00e4terliche Familie, deren Namen sie tr\u00e4gt. Sie arbeitet als Naturf\u00fchrerin auf Greenwood Island, doch die Namensgleichheit, so glaubt sie, ist reiner Zufall. Bis eines Tages ihr Ex-Verlobter vor ihr steht. Im Gep\u00e4ck hat er das Tagebuch ihrer Gro\u00dfmutter. Jahresring f\u00fcr Jahresring enth\u00fcllt sich f\u00fcr Jacinda endlich ihre Familiengeschichte. Seit Generationen verbindet alle Greenwoods eines: der Wald. Er bietet Auskommen, ist Zuflucht und Grund f\u00fcr Verbrechen und Wunder, Unf\u00e4lle und Entscheidungen, Opfer und Fehler. Die Folgen all dessen bestimmen nicht nur Jacindas Schicksal, sondern auch die Zukunft unserer W\u00e4lder \u2026<\/p>\n\n\n\n<p>Kultur Online TV<\/p>\n\n\n\n<p>#tipp #literatur<\/p>\n","protected":false},"excerpt":{"rendered":"<p>Eine Familie, vier Generationen, schicksalhaft verbunden mit den W\u00e4ldern Kanadas Jacinda Greenwood wei\u00df nichts \u00fcber ihre v\u00e4terliche Familie, deren Namen sie tr\u00e4gt. Sie arbeitet als Naturf\u00fchrerin auf Greenwood Island, doch die Namensgleichheit, so glaubt sie, ist reiner Zufall. Bis eines Tages ihr Ex-Verlobter vor ihr steht. Im Gep\u00e4ck hat er das Tagebuch ihrer Gro\u00dfmutter. Jahresring [&hellip;]<\/p>\n","protected":false},"author":2,"featured_media":48720,"comment_status":"closed","ping_status":"closed","sticky":false,"template":"","format":"standard","meta":{"_acf_changed":false,"footnotes":""},"categories":[106],"tags":[],"class_list":["post-48719","post","type-post","status-publish","format-standard","has-post-thumbnail","hentry","category-literatur"],"acf":[],"yoast_head":"<!-- This site is optimized with the Yoast SEO plugin v26.1.1 - https:\/\/yoast.com\/wordpress\/plugins\/seo\/ -->\n<title>Das Fl\u00fcstern der B\u00e4ume, der Taschenbuch Bestseller \u2013 \u201espannend und mitrei\u00dfend! - Kultur Online TV &amp; FM<\/title>\n<meta name=\"description\" content=\"ine Familie, vier Generationen, schicksalhaft verbunden mit den W\u00e4ldern Kanadas\" \/>\n<meta name=\"robots\" content=\"index, follow, max-snippet:-1, max-image-preview:large, max-video-preview:-1\" \/>\n<link rel=\"canonical\" href=\"https:\/\/kulturonline.tv\/de\/das-fluestern-der-baeume-der-taschenbuch-bestseller-spannend-und-mitreissend\/\" \/>\n<meta property=\"og:locale\" content=\"de_DE\" \/>\n<meta property=\"og:type\" content=\"article\" \/>\n<meta property=\"og:title\" content=\"Das Fl\u00fcstern der B\u00e4ume, der Taschenbuch Bestseller \u2013 \u201espannend und mitrei\u00dfend! - Kultur Online TV &amp; FM\" \/>\n<meta property=\"og:description\" content=\"ine Familie, vier Generationen, schicksalhaft verbunden mit den W\u00e4ldern Kanadas\" \/>\n<meta property=\"og:url\" content=\"https:\/\/kulturonline.tv\/de\/das-fluestern-der-baeume-der-taschenbuch-bestseller-spannend-und-mitreissend\/\" \/>\n<meta property=\"og:site_name\" content=\"Kultur Online TV &amp; FM\" \/>\n<meta property=\"article:publisher\" content=\"https:\/\/www.facebook.com\/kulturonline.tv\" \/>\n<meta property=\"article:published_time\" content=\"2023-01-26T07:46:24+00:00\" \/>\n<meta property=\"article:modified_time\" content=\"2023-01-26T07:46:35+00:00\" \/>\n<meta property=\"og:image\" content=\"https:\/\/kulturonline.tv\/wp-content\/uploads\/2023\/01\/Buchtipp-Kultur-Online-TV.png\" \/>\n\t<meta property=\"og:image:width\" content=\"1280\" \/>\n\t<meta property=\"og:image:height\" content=\"720\" \/>\n\t<meta property=\"og:image:type\" content=\"image\/png\" \/>\n<meta name=\"author\" content=\"guenter.wolfgang\" \/>\n<meta name=\"twitter:card\" content=\"summary_large_image\" \/>\n<meta name=\"twitter:label1\" content=\"Verfasst von\" \/>\n\t<meta name=\"twitter:data1\" content=\"guenter.wolfgang\" \/>\n\t<meta name=\"twitter:label2\" content=\"Gesch\u00e4tzte Lesezeit\" \/>\n\t<meta name=\"twitter:data2\" content=\"1\u00a0Minute\" \/>\n<script type=\"application\/ld+json\" class=\"yoast-schema-graph\">{\"@context\":\"https:\/\/schema.org\",\"@graph\":[{\"@type\":\"Article\",\"@id\":\"https:\/\/kulturonline.tv\/de\/das-fluestern-der-baeume-der-taschenbuch-bestseller-spannend-und-mitreissend\/#article\",\"isPartOf\":{\"@id\":\"https:\/\/kulturonline.tv\/de\/das-fluestern-der-baeume-der-taschenbuch-bestseller-spannend-und-mitreissend\/\"},\"author\":{\"name\":\"guenter.wolfgang\",\"@id\":\"https:\/\/kulturonline.tv\/de\/#\/schema\/person\/b0fac729bb9a0c193fb1df23449df4fe\"},\"headline\":\"Das Fl\u00fcstern der B\u00e4ume, der Taschenbuch Bestseller \u2013 \u201espannend und mitrei\u00dfend!\",\"datePublished\":\"2023-01-26T07:46:24+00:00\",\"dateModified\":\"2023-01-26T07:46:35+00:00\",\"mainEntityOfPage\":{\"@id\":\"https:\/\/kulturonline.tv\/de\/das-fluestern-der-baeume-der-taschenbuch-bestseller-spannend-und-mitreissend\/\"},\"wordCount\":134,\"publisher\":{\"@id\":\"https:\/\/kulturonline.tv\/de\/#organization\"},\"image\":{\"@id\":\"https:\/\/kulturonline.tv\/de\/das-fluestern-der-baeume-der-taschenbuch-bestseller-spannend-und-mitreissend\/#primaryimage\"},\"thumbnailUrl\":\"https:\/\/kulturonline.tv\/wp-content\/uploads\/2023\/01\/Buchtipp-Kultur-Online-TV.png\",\"articleSection\":[\"Literatur\"],\"inLanguage\":\"de\"},{\"@type\":\"WebPage\",\"@id\":\"https:\/\/kulturonline.tv\/de\/das-fluestern-der-baeume-der-taschenbuch-bestseller-spannend-und-mitreissend\/\",\"url\":\"https:\/\/kulturonline.tv\/de\/das-fluestern-der-baeume-der-taschenbuch-bestseller-spannend-und-mitreissend\/\",\"name\":\"Das Fl\u00fcstern der B\u00e4ume, der Taschenbuch Bestseller \u2013 \u201espannend und mitrei\u00dfend! - Kultur Online TV &amp; FM\",\"isPartOf\":{\"@id\":\"https:\/\/kulturonline.tv\/de\/#website\"},\"primaryImageOfPage\":{\"@id\":\"https:\/\/kulturonline.tv\/de\/das-fluestern-der-baeume-der-taschenbuch-bestseller-spannend-und-mitreissend\/#primaryimage\"},\"image\":{\"@id\":\"https:\/\/kulturonline.tv\/de\/das-fluestern-der-baeume-der-taschenbuch-bestseller-spannend-und-mitreissend\/#primaryimage\"},\"thumbnailUrl\":\"https:\/\/kulturonline.tv\/wp-content\/uploads\/2023\/01\/Buchtipp-Kultur-Online-TV.png\",\"datePublished\":\"2023-01-26T07:46:24+00:00\",\"dateModified\":\"2023-01-26T07:46:35+00:00\",\"description\":\"ine Familie, vier Generationen, schicksalhaft verbunden mit den W\u00e4ldern Kanadas\",\"breadcrumb\":{\"@id\":\"https:\/\/kulturonline.tv\/de\/das-fluestern-der-baeume-der-taschenbuch-bestseller-spannend-und-mitreissend\/#breadcrumb\"},\"inLanguage\":\"de\",\"potentialAction\":[{\"@type\":\"ReadAction\",\"target\":[\"https:\/\/kulturonline.tv\/de\/das-fluestern-der-baeume-der-taschenbuch-bestseller-spannend-und-mitreissend\/\"]}]},{\"@type\":\"ImageObject\",\"inLanguage\":\"de\",\"@id\":\"https:\/\/kulturonline.tv\/de\/das-fluestern-der-baeume-der-taschenbuch-bestseller-spannend-und-mitreissend\/#primaryimage\",\"url\":\"https:\/\/kulturonline.tv\/wp-content\/uploads\/2023\/01\/Buchtipp-Kultur-Online-TV.png\",\"contentUrl\":\"https:\/\/kulturonline.tv\/wp-content\/uploads\/2023\/01\/Buchtipp-Kultur-Online-TV.png\",\"width\":1280,\"height\":720},{\"@type\":\"BreadcrumbList\",\"@id\":\"https:\/\/kulturonline.tv\/de\/das-fluestern-der-baeume-der-taschenbuch-bestseller-spannend-und-mitreissend\/#breadcrumb\",\"itemListElement\":[{\"@type\":\"ListItem\",\"position\":1,\"name\":\"Startseite\",\"item\":\"https:\/\/kulturonline.tv\/de\/\"},{\"@type\":\"ListItem\",\"position\":2,\"name\":\"Das Fl\u00fcstern der B\u00e4ume, der Taschenbuch Bestseller \u2013 \u201espannend und mitrei\u00dfend!\"}]},{\"@type\":\"WebSite\",\"@id\":\"https:\/\/kulturonline.tv\/de\/#website\",\"url\":\"https:\/\/kulturonline.tv\/de\/\",\"name\":\"Kultur Online TV &amp; FM\",\"description\":\"Wir sind Kultur 2.0 zum sehen &amp; h\u00f6ren\",\"publisher\":{\"@id\":\"https:\/\/kulturonline.tv\/de\/#organization\"},\"potentialAction\":[{\"@type\":\"SearchAction\",\"target\":{\"@type\":\"EntryPoint\",\"urlTemplate\":\"https:\/\/kulturonline.tv\/de\/?s={search_term_string}\"},\"query-input\":{\"@type\":\"PropertyValueSpecification\",\"valueRequired\":true,\"valueName\":\"search_term_string\"}}],\"inLanguage\":\"de\"},{\"@type\":\"Organization\",\"@id\":\"https:\/\/kulturonline.tv\/de\/#organization\",\"name\":\"Kultur Online TV\",\"url\":\"https:\/\/kulturonline.tv\/de\/\",\"logo\":{\"@type\":\"ImageObject\",\"inLanguage\":\"de\",\"@id\":\"https:\/\/kulturonline.tv\/de\/#\/schema\/logo\/image\/\",\"url\":\"https:\/\/kulturonline.tv\/wp-content\/uploads\/2021\/08\/Kultur-Online-Tv-Logo-Endversion-neu.png\",\"contentUrl\":\"https:\/\/kulturonline.tv\/wp-content\/uploads\/2021\/08\/Kultur-Online-Tv-Logo-Endversion-neu.png\",\"width\":200,\"height\":200,\"caption\":\"Kultur Online TV\"},\"image\":{\"@id\":\"https:\/\/kulturonline.tv\/de\/#\/schema\/logo\/image\/\"},\"sameAs\":[\"https:\/\/www.facebook.com\/kulturonline.tv\",\"https:\/\/www.instagram.com\/kulturonline.tv\"]},{\"@type\":\"Person\",\"@id\":\"https:\/\/kulturonline.tv\/de\/#\/schema\/person\/b0fac729bb9a0c193fb1df23449df4fe\",\"name\":\"guenter.wolfgang\"}]}<\/script>\n<!-- \/ Yoast SEO plugin. -->","yoast_head_json":{"title":"Das Fl\u00fcstern der B\u00e4ume, der Taschenbuch Bestseller \u2013 \u201espannend und mitrei\u00dfend! - Kultur Online TV &amp; FM","description":"ine Familie, vier Generationen, schicksalhaft verbunden mit den W\u00e4ldern Kanadas","robots":{"index":"index","follow":"follow","max-snippet":"max-snippet:-1","max-image-preview":"max-image-preview:large","max-video-preview":"max-video-preview:-1"},"canonical":"https:\/\/kulturonline.tv\/de\/das-fluestern-der-baeume-der-taschenbuch-bestseller-spannend-und-mitreissend\/","og_locale":"de_DE","og_type":"article","og_title":"Das Fl\u00fcstern der B\u00e4ume, der Taschenbuch Bestseller \u2013 \u201espannend und mitrei\u00dfend! - Kultur Online TV &amp; FM","og_description":"ine Familie, vier Generationen, schicksalhaft verbunden mit den W\u00e4ldern Kanadas","og_url":"https:\/\/kulturonline.tv\/de\/das-fluestern-der-baeume-der-taschenbuch-bestseller-spannend-und-mitreissend\/","og_site_name":"Kultur Online TV &amp; FM","article_publisher":"https:\/\/www.facebook.com\/kulturonline.tv","article_published_time":"2023-01-26T07:46:24+00:00","article_modified_time":"2023-01-26T07:46:35+00:00","og_image":[{"width":1280,"height":720,"url":"https:\/\/kulturonline.tv\/wp-content\/uploads\/2023\/01\/Buchtipp-Kultur-Online-TV.png","type":"image\/png"}],"author":"guenter.wolfgang","twitter_card":"summary_large_image","twitter_misc":{"Verfasst von":"guenter.wolfgang","Gesch\u00e4tzte Lesezeit":"1\u00a0Minute"},"schema":{"@context":"https:\/\/schema.org","@graph":[{"@type":"Article","@id":"https:\/\/kulturonline.tv\/de\/das-fluestern-der-baeume-der-taschenbuch-bestseller-spannend-und-mitreissend\/#article","isPartOf":{"@id":"https:\/\/kulturonline.tv\/de\/das-fluestern-der-baeume-der-taschenbuch-bestseller-spannend-und-mitreissend\/"},"author":{"name":"guenter.wolfgang","@id":"https:\/\/kulturonline.tv\/de\/#\/schema\/person\/b0fac729bb9a0c193fb1df23449df4fe"},"headline":"Das Fl\u00fcstern der B\u00e4ume, der Taschenbuch Bestseller \u2013 \u201espannend und mitrei\u00dfend!","datePublished":"2023-01-26T07:46:24+00:00","dateModified":"2023-01-26T07:46:35+00:00","mainEntityOfPage":{"@id":"https:\/\/kulturonline.tv\/de\/das-fluestern-der-baeume-der-taschenbuch-bestseller-spannend-und-mitreissend\/"},"wordCount":134,"publisher":{"@id":"https:\/\/kulturonline.tv\/de\/#organization"},"image":{"@id":"https:\/\/kulturonline.tv\/de\/das-fluestern-der-baeume-der-taschenbuch-bestseller-spannend-und-mitreissend\/#primaryimage"},"thumbnailUrl":"https:\/\/kulturonline.tv\/wp-content\/uploads\/2023\/01\/Buchtipp-Kultur-Online-TV.png","articleSection":["Literatur"],"inLanguage":"de"},{"@type":"WebPage","@id":"https:\/\/kulturonline.tv\/de\/das-fluestern-der-baeume-der-taschenbuch-bestseller-spannend-und-mitreissend\/","url":"https:\/\/kulturonline.tv\/de\/das-fluestern-der-baeume-der-taschenbuch-bestseller-spannend-und-mitreissend\/","name":"Das Fl\u00fcstern der B\u00e4ume, der Taschenbuch Bestseller \u2013 \u201espannend und mitrei\u00dfend! - Kultur Online TV &amp; FM","isPartOf":{"@id":"https:\/\/kulturonline.tv\/de\/#website"},"primaryImageOfPage":{"@id":"https:\/\/kulturonline.tv\/de\/das-fluestern-der-baeume-der-taschenbuch-bestseller-spannend-und-mitreissend\/#primaryimage"},"image":{"@id":"https:\/\/kulturonline.tv\/de\/das-fluestern-der-baeume-der-taschenbuch-bestseller-spannend-und-mitreissend\/#primaryimage"},"thumbnailUrl":"https:\/\/kulturonline.tv\/wp-content\/uploads\/2023\/01\/Buchtipp-Kultur-Online-TV.png","datePublished":"2023-01-26T07:46:24+00:00","dateModified":"2023-01-26T07:46:35+00:00","description":"ine Familie, vier Generationen, schicksalhaft verbunden mit den W\u00e4ldern Kanadas","breadcrumb":{"@id":"https:\/\/kulturonline.tv\/de\/das-fluestern-der-baeume-der-taschenbuch-bestseller-spannend-und-mitreissend\/#breadcrumb"},"inLanguage":"de","potentialAction":[{"@type":"ReadAction","target":["https:\/\/kulturonline.tv\/de\/das-fluestern-der-baeume-der-taschenbuch-bestseller-spannend-und-mitreissend\/"]}]},{"@type":"ImageObject","inLanguage":"de","@id":"https:\/\/kulturonline.tv\/de\/das-fluestern-der-baeume-der-taschenbuch-bestseller-spannend-und-mitreissend\/#primaryimage","url":"https:\/\/kulturonline.tv\/wp-content\/uploads\/2023\/01\/Buchtipp-Kultur-Online-TV.png","contentUrl":"https:\/\/kulturonline.tv\/wp-content\/uploads\/2023\/01\/Buchtipp-Kultur-Online-TV.png","width":1280,"height":720},{"@type":"BreadcrumbList","@id":"https:\/\/kulturonline.tv\/de\/das-fluestern-der-baeume-der-taschenbuch-bestseller-spannend-und-mitreissend\/#breadcrumb","itemListElement":[{"@type":"ListItem","position":1,"name":"Startseite","item":"https:\/\/kulturonline.tv\/de\/"},{"@type":"ListItem","position":2,"name":"Das Fl\u00fcstern der B\u00e4ume, der Taschenbuch Bestseller \u2013 \u201espannend und mitrei\u00dfend!"}]},{"@type":"WebSite","@id":"https:\/\/kulturonline.tv\/de\/#website","url":"https:\/\/kulturonline.tv\/de\/","name":"Kultur Online TV &amp; FM","description":"Wir sind Kultur 2.0 zum sehen &amp; h\u00f6ren","publisher":{"@id":"https:\/\/kulturonline.tv\/de\/#organization"},"potentialAction":[{"@type":"SearchAction","target":{"@type":"EntryPoint","urlTemplate":"https:\/\/kulturonline.tv\/de\/?s={search_term_string}"},"query-input":{"@type":"PropertyValueSpecification","valueRequired":true,"valueName":"search_term_string"}}],"inLanguage":"de"},{"@type":"Organization","@id":"https:\/\/kulturonline.tv\/de\/#organization","name":"Kultur Online TV","url":"https:\/\/kulturonline.tv\/de\/","logo":{"@type":"ImageObject","inLanguage":"de","@id":"https:\/\/kulturonline.tv\/de\/#\/schema\/logo\/image\/","url":"https:\/\/kulturonline.tv\/wp-content\/uploads\/2021\/08\/Kultur-Online-Tv-Logo-Endversion-neu.png","contentUrl":"https:\/\/kulturonline.tv\/wp-content\/uploads\/2021\/08\/Kultur-Online-Tv-Logo-Endversion-neu.png","width":200,"height":200,"caption":"Kultur Online TV"},"image":{"@id":"https:\/\/kulturonline.tv\/de\/#\/schema\/logo\/image\/"},"sameAs":["https:\/\/www.facebook.com\/kulturonline.tv","https:\/\/www.instagram.com\/kulturonline.tv"]},{"@type":"Person","@id":"https:\/\/kulturonline.tv\/de\/#\/schema\/person\/b0fac729bb9a0c193fb1df23449df4fe","name":"guenter.wolfgang"}]}},"_links":{"self":[{"href":"https:\/\/kulturonline.tv\/de\/wp-json\/wp\/v2\/posts\/48719","targetHints":{"allow":["GET"]}}],"collection":[{"href":"https:\/\/kulturonline.tv\/de\/wp-json\/wp\/v2\/posts"}],"about":[{"href":"https:\/\/kulturonline.tv\/de\/wp-json\/wp\/v2\/types\/post"}],"author":[{"embeddable":true,"href":"https:\/\/kulturonline.tv\/de\/wp-json\/wp\/v2\/users\/2"}],"replies":[{"embeddable":true,"href":"https:\/\/kulturonline.tv\/de\/wp-json\/wp\/v2\/comments?post=48719"}],"version-history":[{"count":0,"href":"https:\/\/kulturonline.tv\/de\/wp-json\/wp\/v2\/posts\/48719\/revisions"}],"wp:featuredmedia":[{"embeddable":true,"href":"https:\/\/kulturonline.tv\/de\/wp-json\/wp\/v2\/media\/48720"}],"wp:attachment":[{"href":"https:\/\/kulturonline.tv\/de\/wp-json\/wp\/v2\/media?parent=48719"}],"wp:term":[{"taxonomy":"category","embeddable":true,"href":"https:\/\/kulturonline.tv\/de\/wp-json\/wp\/v2\/categories?post=48719"},{"taxonomy":"post_tag","embeddable":true,"href":"https:\/\/kulturonline.tv\/de\/wp-json\/wp\/v2\/tags?post=48719"}],"curies":[{"name":"wp","href":"https:\/\/api.w.org\/{rel}","templated":true}]}}