{"id":48799,"date":"2023-02-02T23:24:35","date_gmt":"2023-02-02T22:24:35","guid":{"rendered":"https:\/\/kulturonline.tv\/?p=48799"},"modified":"2023-02-02T23:24:37","modified_gmt":"2023-02-02T22:24:37","slug":"die-jahre-nobelpreis-fuer-literatur-2022","status":"publish","type":"post","link":"https:\/\/kulturonline.tv\/de\/die-jahre-nobelpreis-fuer-literatur-2022\/","title":{"rendered":"Die Jahre: Nobelpreis f\u00fcr Literatur 2022"},"content":{"rendered":"\n<p>Geschichte ihrer selbst, Gesellschaftsportr\u00e4t, universelle Chronik: Annie Ernaux\u2019 aufsehenerregendes Werk wirkt von Beginn an weit \u00fcber die franz\u00f6sischen Grenzen hinaus. Eine faszinierende Einladung, das eigene Leben zu hinterfragen: \u00bbAnnie Ernaux zu lesen ist ein Schock, eine Erfahrung, vor allem ist es wichtig.\u00ab Der Spiegel<\/p>\n\n\n\n<figure class=\"wp-block-image size-full\"><img fetchpriority=\"high\" decoding=\"async\" width=\"1280\" height=\"720\" src=\"https:\/\/kulturonline.tv\/wp-content\/uploads\/2023\/02\/Kultur-Online-TV-2.png\" alt=\"\" class=\"wp-image-48800\" srcset=\"https:\/\/kulturonline.tv\/wp-content\/uploads\/2023\/02\/Kultur-Online-TV-2.png 1280w, https:\/\/kulturonline.tv\/wp-content\/uploads\/2023\/02\/Kultur-Online-TV-2-800x450.png 800w, https:\/\/kulturonline.tv\/wp-content\/uploads\/2023\/02\/Kultur-Online-TV-2-768x432.png 768w, https:\/\/kulturonline.tv\/wp-content\/uploads\/2023\/02\/Kultur-Online-TV-2-600x338.png 600w\" sizes=\"(max-width: 1280px) 100vw, 1280px\" \/><\/figure>\n\n\n\n<p>Kindheit in der Nachkriegszeit, Algerienkrise, die Karriere an der Universit\u00e4t, das Schreiben, eine prek\u00e4re Ehe, die Mutterschaft, de Gaulle, das Jahr 1968, Krankheiten und Verluste, die sogenannte Emanzipation der Frau, Frankreich unter Mitterrand, die Folgen der Globalisierung, die uneingel\u00f6sten Verhei\u00dfungen der Nullerjahre, das eigene Altern. Anhand von Fotografien, Erinnerungen und Aufzeichnungen, von W\u00f6rtern, Melodien und Gegenst\u00e4nden vergegenw\u00e4rtigt Annie Ernaux die Jahre, die vergangen sind. Und dabei schreibt sie ihr Leben \u2013 unser Leben, das Leben \u2013 in eine v\u00f6llig neuartige Erz\u00e4hlform ein: \u00bbAnnie Ernaux ist die K\u00f6nigin der neuen autobiographischen Literatur.\u00ab Die Zeit<\/p>\n\n\n\n<p>Kultur Online TV<\/p>\n\n\n\n<p>#literatur #news #tipp<\/p>\n\n\n\n<figure class=\"wp-block-image\"><img decoding=\"async\" src=\"https:\/\/t.adcell.com\/p\/image?promoId=198848&amp;slotId=98564\" alt=\"mobilshop3000\"\/><\/figure>\n\n\n\n<p><a href=\"https:\/\/t.adcell.com\/p\/click?promoId=198848&amp;slotId=98564\" target=\"_blank\" rel=\"noreferrer noopener\"><\/a><\/p>\n","protected":false},"excerpt":{"rendered":"<p>Geschichte ihrer selbst, Gesellschaftsportr\u00e4t, universelle Chronik: Annie Ernaux\u2019 aufsehenerregendes Werk wirkt von Beginn an weit \u00fcber die franz\u00f6sischen Grenzen hinaus. Eine faszinierende Einladung, das eigene Leben zu hinterfragen: \u00bbAnnie Ernaux zu lesen ist ein Schock, eine Erfahrung, vor allem ist es wichtig.\u00ab Der Spiegel Kindheit in der Nachkriegszeit, Algerienkrise, die Karriere an der Universit\u00e4t, das [&hellip;]<\/p>\n","protected":false},"author":2,"featured_media":48800,"comment_status":"closed","ping_status":"closed","sticky":false,"template":"","format":"standard","meta":{"_acf_changed":false,"footnotes":""},"categories":[106],"tags":[],"class_list":["post-48799","post","type-post","status-publish","format-standard","has-post-thumbnail","hentry","category-literatur"],"acf":[],"yoast_head":"<!-- This site is optimized with the Yoast SEO plugin v26.1.1 - https:\/\/yoast.com\/wordpress\/plugins\/seo\/ -->\n<title>Die Jahre: Nobelpreis f\u00fcr Literatur 2022 - Kultur Online TV &amp; FM<\/title>\n<meta name=\"description\" content=\"Geschichte ihrer selbst, Gesellschaftsportr\u00e4t, universelle Chronik: Annie Ernaux\u2019 aufsehenerregendes Werk wirkt von Beginn an weit \u00fcber die franz\u00f6sischen Grenzen hinaus.\" \/>\n<meta name=\"robots\" content=\"index, follow, max-snippet:-1, max-image-preview:large, max-video-preview:-1\" \/>\n<link rel=\"canonical\" href=\"https:\/\/kulturonline.tv\/de\/die-jahre-nobelpreis-fuer-literatur-2022\/\" \/>\n<meta property=\"og:locale\" content=\"de_DE\" \/>\n<meta property=\"og:type\" content=\"article\" \/>\n<meta property=\"og:title\" content=\"Die Jahre: Nobelpreis f\u00fcr Literatur 2022 - Kultur Online TV &amp; FM\" \/>\n<meta property=\"og:description\" content=\"Geschichte ihrer selbst, Gesellschaftsportr\u00e4t, universelle Chronik: Annie Ernaux\u2019 aufsehenerregendes Werk wirkt von Beginn an weit \u00fcber die franz\u00f6sischen Grenzen hinaus.\" \/>\n<meta property=\"og:url\" content=\"https:\/\/kulturonline.tv\/de\/die-jahre-nobelpreis-fuer-literatur-2022\/\" \/>\n<meta property=\"og:site_name\" content=\"Kultur Online TV &amp; FM\" \/>\n<meta property=\"article:publisher\" content=\"https:\/\/www.facebook.com\/kulturonline.tv\" \/>\n<meta property=\"article:published_time\" content=\"2023-02-02T22:24:35+00:00\" \/>\n<meta property=\"article:modified_time\" content=\"2023-02-02T22:24:37+00:00\" \/>\n<meta property=\"og:image\" content=\"https:\/\/kulturonline.tv\/wp-content\/uploads\/2023\/02\/Kultur-Online-TV-2.png\" \/>\n\t<meta property=\"og:image:width\" content=\"1280\" \/>\n\t<meta property=\"og:image:height\" content=\"720\" \/>\n\t<meta property=\"og:image:type\" content=\"image\/png\" \/>\n<meta name=\"author\" content=\"guenter.wolfgang\" \/>\n<meta name=\"twitter:card\" content=\"summary_large_image\" \/>\n<meta name=\"twitter:label1\" content=\"Verfasst von\" \/>\n\t<meta name=\"twitter:data1\" content=\"guenter.wolfgang\" \/>\n\t<meta name=\"twitter:label2\" content=\"Gesch\u00e4tzte Lesezeit\" \/>\n\t<meta name=\"twitter:data2\" content=\"1\u00a0Minute\" \/>\n<script type=\"application\/ld+json\" class=\"yoast-schema-graph\">{\"@context\":\"https:\/\/schema.org\",\"@graph\":[{\"@type\":\"Article\",\"@id\":\"https:\/\/kulturonline.tv\/de\/die-jahre-nobelpreis-fuer-literatur-2022\/#article\",\"isPartOf\":{\"@id\":\"https:\/\/kulturonline.tv\/de\/die-jahre-nobelpreis-fuer-literatur-2022\/\"},\"author\":{\"name\":\"guenter.wolfgang\",\"@id\":\"https:\/\/kulturonline.tv\/de\/#\/schema\/person\/b0fac729bb9a0c193fb1df23449df4fe\"},\"headline\":\"Die Jahre: Nobelpreis f\u00fcr Literatur 2022\",\"datePublished\":\"2023-02-02T22:24:35+00:00\",\"dateModified\":\"2023-02-02T22:24:37+00:00\",\"mainEntityOfPage\":{\"@id\":\"https:\/\/kulturonline.tv\/de\/die-jahre-nobelpreis-fuer-literatur-2022\/\"},\"wordCount\":158,\"publisher\":{\"@id\":\"https:\/\/kulturonline.tv\/de\/#organization\"},\"image\":{\"@id\":\"https:\/\/kulturonline.tv\/de\/die-jahre-nobelpreis-fuer-literatur-2022\/#primaryimage\"},\"thumbnailUrl\":\"https:\/\/kulturonline.tv\/wp-content\/uploads\/2023\/02\/Kultur-Online-TV-2.png\",\"articleSection\":[\"Literatur\"],\"inLanguage\":\"de\"},{\"@type\":\"WebPage\",\"@id\":\"https:\/\/kulturonline.tv\/de\/die-jahre-nobelpreis-fuer-literatur-2022\/\",\"url\":\"https:\/\/kulturonline.tv\/de\/die-jahre-nobelpreis-fuer-literatur-2022\/\",\"name\":\"Die Jahre: Nobelpreis f\u00fcr Literatur 2022 - Kultur Online TV &amp; FM\",\"isPartOf\":{\"@id\":\"https:\/\/kulturonline.tv\/de\/#website\"},\"primaryImageOfPage\":{\"@id\":\"https:\/\/kulturonline.tv\/de\/die-jahre-nobelpreis-fuer-literatur-2022\/#primaryimage\"},\"image\":{\"@id\":\"https:\/\/kulturonline.tv\/de\/die-jahre-nobelpreis-fuer-literatur-2022\/#primaryimage\"},\"thumbnailUrl\":\"https:\/\/kulturonline.tv\/wp-content\/uploads\/2023\/02\/Kultur-Online-TV-2.png\",\"datePublished\":\"2023-02-02T22:24:35+00:00\",\"dateModified\":\"2023-02-02T22:24:37+00:00\",\"description\":\"Geschichte ihrer selbst, Gesellschaftsportr\u00e4t, universelle Chronik: Annie Ernaux\u2019 aufsehenerregendes Werk wirkt von Beginn an weit \u00fcber die franz\u00f6sischen Grenzen hinaus.\",\"breadcrumb\":{\"@id\":\"https:\/\/kulturonline.tv\/de\/die-jahre-nobelpreis-fuer-literatur-2022\/#breadcrumb\"},\"inLanguage\":\"de\",\"potentialAction\":[{\"@type\":\"ReadAction\",\"target\":[\"https:\/\/kulturonline.tv\/de\/die-jahre-nobelpreis-fuer-literatur-2022\/\"]}]},{\"@type\":\"ImageObject\",\"inLanguage\":\"de\",\"@id\":\"https:\/\/kulturonline.tv\/de\/die-jahre-nobelpreis-fuer-literatur-2022\/#primaryimage\",\"url\":\"https:\/\/kulturonline.tv\/wp-content\/uploads\/2023\/02\/Kultur-Online-TV-2.png\",\"contentUrl\":\"https:\/\/kulturonline.tv\/wp-content\/uploads\/2023\/02\/Kultur-Online-TV-2.png\",\"width\":1280,\"height\":720},{\"@type\":\"BreadcrumbList\",\"@id\":\"https:\/\/kulturonline.tv\/de\/die-jahre-nobelpreis-fuer-literatur-2022\/#breadcrumb\",\"itemListElement\":[{\"@type\":\"ListItem\",\"position\":1,\"name\":\"Startseite\",\"item\":\"https:\/\/kulturonline.tv\/de\/\"},{\"@type\":\"ListItem\",\"position\":2,\"name\":\"Die Jahre: Nobelpreis f\u00fcr Literatur 2022\"}]},{\"@type\":\"WebSite\",\"@id\":\"https:\/\/kulturonline.tv\/de\/#website\",\"url\":\"https:\/\/kulturonline.tv\/de\/\",\"name\":\"Kultur Online TV &amp; FM\",\"description\":\"Wir sind Kultur 2.0 zum sehen &amp; h\u00f6ren\",\"publisher\":{\"@id\":\"https:\/\/kulturonline.tv\/de\/#organization\"},\"potentialAction\":[{\"@type\":\"SearchAction\",\"target\":{\"@type\":\"EntryPoint\",\"urlTemplate\":\"https:\/\/kulturonline.tv\/de\/?s={search_term_string}\"},\"query-input\":{\"@type\":\"PropertyValueSpecification\",\"valueRequired\":true,\"valueName\":\"search_term_string\"}}],\"inLanguage\":\"de\"},{\"@type\":\"Organization\",\"@id\":\"https:\/\/kulturonline.tv\/de\/#organization\",\"name\":\"Kultur Online TV\",\"url\":\"https:\/\/kulturonline.tv\/de\/\",\"logo\":{\"@type\":\"ImageObject\",\"inLanguage\":\"de\",\"@id\":\"https:\/\/kulturonline.tv\/de\/#\/schema\/logo\/image\/\",\"url\":\"https:\/\/kulturonline.tv\/wp-content\/uploads\/2021\/08\/Kultur-Online-Tv-Logo-Endversion-neu.png\",\"contentUrl\":\"https:\/\/kulturonline.tv\/wp-content\/uploads\/2021\/08\/Kultur-Online-Tv-Logo-Endversion-neu.png\",\"width\":200,\"height\":200,\"caption\":\"Kultur Online TV\"},\"image\":{\"@id\":\"https:\/\/kulturonline.tv\/de\/#\/schema\/logo\/image\/\"},\"sameAs\":[\"https:\/\/www.facebook.com\/kulturonline.tv\",\"https:\/\/www.instagram.com\/kulturonline.tv\"]},{\"@type\":\"Person\",\"@id\":\"https:\/\/kulturonline.tv\/de\/#\/schema\/person\/b0fac729bb9a0c193fb1df23449df4fe\",\"name\":\"guenter.wolfgang\"}]}<\/script>\n<!-- \/ Yoast SEO plugin. -->","yoast_head_json":{"title":"Die Jahre: Nobelpreis f\u00fcr Literatur 2022 - Kultur Online TV &amp; FM","description":"Geschichte ihrer selbst, Gesellschaftsportr\u00e4t, universelle Chronik: Annie Ernaux\u2019 aufsehenerregendes Werk wirkt von Beginn an weit \u00fcber die franz\u00f6sischen Grenzen hinaus.","robots":{"index":"index","follow":"follow","max-snippet":"max-snippet:-1","max-image-preview":"max-image-preview:large","max-video-preview":"max-video-preview:-1"},"canonical":"https:\/\/kulturonline.tv\/de\/die-jahre-nobelpreis-fuer-literatur-2022\/","og_locale":"de_DE","og_type":"article","og_title":"Die Jahre: Nobelpreis f\u00fcr Literatur 2022 - Kultur Online TV &amp; FM","og_description":"Geschichte ihrer selbst, Gesellschaftsportr\u00e4t, universelle Chronik: Annie Ernaux\u2019 aufsehenerregendes Werk wirkt von Beginn an weit \u00fcber die franz\u00f6sischen Grenzen hinaus.","og_url":"https:\/\/kulturonline.tv\/de\/die-jahre-nobelpreis-fuer-literatur-2022\/","og_site_name":"Kultur Online TV &amp; FM","article_publisher":"https:\/\/www.facebook.com\/kulturonline.tv","article_published_time":"2023-02-02T22:24:35+00:00","article_modified_time":"2023-02-02T22:24:37+00:00","og_image":[{"width":1280,"height":720,"url":"https:\/\/kulturonline.tv\/wp-content\/uploads\/2023\/02\/Kultur-Online-TV-2.png","type":"image\/png"}],"author":"guenter.wolfgang","twitter_card":"summary_large_image","twitter_misc":{"Verfasst von":"guenter.wolfgang","Gesch\u00e4tzte Lesezeit":"1\u00a0Minute"},"schema":{"@context":"https:\/\/schema.org","@graph":[{"@type":"Article","@id":"https:\/\/kulturonline.tv\/de\/die-jahre-nobelpreis-fuer-literatur-2022\/#article","isPartOf":{"@id":"https:\/\/kulturonline.tv\/de\/die-jahre-nobelpreis-fuer-literatur-2022\/"},"author":{"name":"guenter.wolfgang","@id":"https:\/\/kulturonline.tv\/de\/#\/schema\/person\/b0fac729bb9a0c193fb1df23449df4fe"},"headline":"Die Jahre: Nobelpreis f\u00fcr Literatur 2022","datePublished":"2023-02-02T22:24:35+00:00","dateModified":"2023-02-02T22:24:37+00:00","mainEntityOfPage":{"@id":"https:\/\/kulturonline.tv\/de\/die-jahre-nobelpreis-fuer-literatur-2022\/"},"wordCount":158,"publisher":{"@id":"https:\/\/kulturonline.tv\/de\/#organization"},"image":{"@id":"https:\/\/kulturonline.tv\/de\/die-jahre-nobelpreis-fuer-literatur-2022\/#primaryimage"},"thumbnailUrl":"https:\/\/kulturonline.tv\/wp-content\/uploads\/2023\/02\/Kultur-Online-TV-2.png","articleSection":["Literatur"],"inLanguage":"de"},{"@type":"WebPage","@id":"https:\/\/kulturonline.tv\/de\/die-jahre-nobelpreis-fuer-literatur-2022\/","url":"https:\/\/kulturonline.tv\/de\/die-jahre-nobelpreis-fuer-literatur-2022\/","name":"Die Jahre: Nobelpreis f\u00fcr Literatur 2022 - Kultur Online TV &amp; FM","isPartOf":{"@id":"https:\/\/kulturonline.tv\/de\/#website"},"primaryImageOfPage":{"@id":"https:\/\/kulturonline.tv\/de\/die-jahre-nobelpreis-fuer-literatur-2022\/#primaryimage"},"image":{"@id":"https:\/\/kulturonline.tv\/de\/die-jahre-nobelpreis-fuer-literatur-2022\/#primaryimage"},"thumbnailUrl":"https:\/\/kulturonline.tv\/wp-content\/uploads\/2023\/02\/Kultur-Online-TV-2.png","datePublished":"2023-02-02T22:24:35+00:00","dateModified":"2023-02-02T22:24:37+00:00","description":"Geschichte ihrer selbst, Gesellschaftsportr\u00e4t, universelle Chronik: Annie Ernaux\u2019 aufsehenerregendes Werk wirkt von Beginn an weit \u00fcber die franz\u00f6sischen Grenzen hinaus.","breadcrumb":{"@id":"https:\/\/kulturonline.tv\/de\/die-jahre-nobelpreis-fuer-literatur-2022\/#breadcrumb"},"inLanguage":"de","potentialAction":[{"@type":"ReadAction","target":["https:\/\/kulturonline.tv\/de\/die-jahre-nobelpreis-fuer-literatur-2022\/"]}]},{"@type":"ImageObject","inLanguage":"de","@id":"https:\/\/kulturonline.tv\/de\/die-jahre-nobelpreis-fuer-literatur-2022\/#primaryimage","url":"https:\/\/kulturonline.tv\/wp-content\/uploads\/2023\/02\/Kultur-Online-TV-2.png","contentUrl":"https:\/\/kulturonline.tv\/wp-content\/uploads\/2023\/02\/Kultur-Online-TV-2.png","width":1280,"height":720},{"@type":"BreadcrumbList","@id":"https:\/\/kulturonline.tv\/de\/die-jahre-nobelpreis-fuer-literatur-2022\/#breadcrumb","itemListElement":[{"@type":"ListItem","position":1,"name":"Startseite","item":"https:\/\/kulturonline.tv\/de\/"},{"@type":"ListItem","position":2,"name":"Die Jahre: Nobelpreis f\u00fcr Literatur 2022"}]},{"@type":"WebSite","@id":"https:\/\/kulturonline.tv\/de\/#website","url":"https:\/\/kulturonline.tv\/de\/","name":"Kultur Online TV &amp; FM","description":"Wir sind Kultur 2.0 zum sehen &amp; h\u00f6ren","publisher":{"@id":"https:\/\/kulturonline.tv\/de\/#organization"},"potentialAction":[{"@type":"SearchAction","target":{"@type":"EntryPoint","urlTemplate":"https:\/\/kulturonline.tv\/de\/?s={search_term_string}"},"query-input":{"@type":"PropertyValueSpecification","valueRequired":true,"valueName":"search_term_string"}}],"inLanguage":"de"},{"@type":"Organization","@id":"https:\/\/kulturonline.tv\/de\/#organization","name":"Kultur Online TV","url":"https:\/\/kulturonline.tv\/de\/","logo":{"@type":"ImageObject","inLanguage":"de","@id":"https:\/\/kulturonline.tv\/de\/#\/schema\/logo\/image\/","url":"https:\/\/kulturonline.tv\/wp-content\/uploads\/2021\/08\/Kultur-Online-Tv-Logo-Endversion-neu.png","contentUrl":"https:\/\/kulturonline.tv\/wp-content\/uploads\/2021\/08\/Kultur-Online-Tv-Logo-Endversion-neu.png","width":200,"height":200,"caption":"Kultur Online TV"},"image":{"@id":"https:\/\/kulturonline.tv\/de\/#\/schema\/logo\/image\/"},"sameAs":["https:\/\/www.facebook.com\/kulturonline.tv","https:\/\/www.instagram.com\/kulturonline.tv"]},{"@type":"Person","@id":"https:\/\/kulturonline.tv\/de\/#\/schema\/person\/b0fac729bb9a0c193fb1df23449df4fe","name":"guenter.wolfgang"}]}},"_links":{"self":[{"href":"https:\/\/kulturonline.tv\/de\/wp-json\/wp\/v2\/posts\/48799","targetHints":{"allow":["GET"]}}],"collection":[{"href":"https:\/\/kulturonline.tv\/de\/wp-json\/wp\/v2\/posts"}],"about":[{"href":"https:\/\/kulturonline.tv\/de\/wp-json\/wp\/v2\/types\/post"}],"author":[{"embeddable":true,"href":"https:\/\/kulturonline.tv\/de\/wp-json\/wp\/v2\/users\/2"}],"replies":[{"embeddable":true,"href":"https:\/\/kulturonline.tv\/de\/wp-json\/wp\/v2\/comments?post=48799"}],"version-history":[{"count":0,"href":"https:\/\/kulturonline.tv\/de\/wp-json\/wp\/v2\/posts\/48799\/revisions"}],"wp:featuredmedia":[{"embeddable":true,"href":"https:\/\/kulturonline.tv\/de\/wp-json\/wp\/v2\/media\/48800"}],"wp:attachment":[{"href":"https:\/\/kulturonline.tv\/de\/wp-json\/wp\/v2\/media?parent=48799"}],"wp:term":[{"taxonomy":"category","embeddable":true,"href":"https:\/\/kulturonline.tv\/de\/wp-json\/wp\/v2\/categories?post=48799"},{"taxonomy":"post_tag","embeddable":true,"href":"https:\/\/kulturonline.tv\/de\/wp-json\/wp\/v2\/tags?post=48799"}],"curies":[{"name":"wp","href":"https:\/\/api.w.org\/{rel}","templated":true}]}}