{"id":48835,"date":"2023-02-04T16:46:17","date_gmt":"2023-02-04T15:46:17","guid":{"rendered":"https:\/\/kulturonline.tv\/unkategorisiert\/eleusis-laeutet-kulturhauptstadtjahr-ein"},"modified":"2023-02-04T16:54:43","modified_gmt":"2023-02-04T15:54:43","slug":"eleusis-laeutet-kulturhauptstadtjahr-ein","status":"publish","type":"post","link":"https:\/\/kulturonline.tv\/de\/eleusis-laeutet-kulturhauptstadtjahr-ein\/","title":{"rendered":"Eleusis l\u00e4utet Kulturhauptstadtjahr ein"},"content":{"rendered":"\n<p>Die Feierlichkeiten werden entlang der K\u00fcste vor Eleusis rund 20 Kilometer westlich der griechischen Hauptstadt stattfinden.<\/p>\n\n\n\n<figure class=\"wp-block-image size-full\"><img fetchpriority=\"high\" decoding=\"async\" width=\"1159\" height=\"652\" src=\"https:\/\/kulturonline.tv\/wp-content\/uploads\/2023\/02\/kultur-online-tv-edited.jpg\" alt=\"\" class=\"wp-image-48832\" srcset=\"https:\/\/kulturonline.tv\/wp-content\/uploads\/2023\/02\/kultur-online-tv-edited.jpg 1159w, https:\/\/kulturonline.tv\/wp-content\/uploads\/2023\/02\/kultur-online-tv-edited-800x450.jpg 800w, https:\/\/kulturonline.tv\/wp-content\/uploads\/2023\/02\/kultur-online-tv-edited-768x432.jpg 768w, https:\/\/kulturonline.tv\/wp-content\/uploads\/2023\/02\/kultur-online-tv-edited-600x338.jpg 600w\" sizes=\"(max-width: 1159px) 100vw, 1159px\" \/><figcaption class=\"wp-element-caption\">\u00a9 https:\/\/2023eleusis.eu\/<\/figcaption><\/figure>\n\n\n\n<p>Als H\u00f6hepunkt des Programms von Eleusis23 gilt die szenische Umsetzung des &#8222;Deutschen Requiems&#8220; von Johannes Brahms. Das &#8222;Human Requiem&#8220; von Regisseur Jochen Sandig und dem Berliner Rundfunkchor wird Ende September 2023 in der antiken St\u00e4tte von Eleusis aufgef\u00fchrt. Der \u00f6sterreichische Regisseur David Haneke, Sohn von Michael Haneke, will auf Basis von Aufnahmen des Konzerts einen Film konzipieren.<\/p>\n\n\n\n<p>Kultur Online TV<\/p>\n\n\n\n<p>#news #kultur<\/p>\n\n\n\n<figure class=\"wp-block-image\"><img decoding=\"async\" src=\"https:\/\/t.adcell.com\/p\/image?promoId=258271&amp;slotId=98564\" alt=\"J.Kinski Br\u00fchen &amp; Suppen \"\/><\/figure>\n\n\n\n<p><a href=\"https:\/\/t.adcell.com\/p\/click?promoId=258271&amp;slotId=98564\" target=\"_blank\" rel=\"noreferrer noopener\"><\/a><\/p>\n","protected":false},"excerpt":{"rendered":"<p>Die Feierlichkeiten werden entlang der K\u00fcste vor Eleusis rund 20 Kilometer westlich der griechischen Hauptstadt stattfinden. Als H\u00f6hepunkt des Programms von Eleusis23 gilt die szenische Umsetzung des &#8222;Deutschen Requiems&#8220; von Johannes Brahms. Das &#8222;Human Requiem&#8220; von Regisseur Jochen Sandig und dem Berliner Rundfunkchor wird Ende September 2023 in der antiken St\u00e4tte von Eleusis aufgef\u00fchrt. Der [&hellip;]<\/p>\n","protected":false},"author":2,"featured_media":48833,"comment_status":"closed","ping_status":"closed","sticky":false,"template":"","format":"standard","meta":{"_acf_changed":false,"footnotes":""},"categories":[281],"tags":[],"class_list":["post-48835","post","type-post","status-publish","format-standard","has-post-thumbnail","hentry","category-mixed"],"acf":[],"yoast_head":"<!-- This site is optimized with the Yoast SEO plugin v26.1.1 - https:\/\/yoast.com\/wordpress\/plugins\/seo\/ -->\n<title>Eleusis l\u00e4utet Kulturhauptstadtjahr ein - Kultur Online TV &amp; FM<\/title>\n<meta name=\"description\" content=\"Die Feierlichkeiten werden entlang der K\u00fcste vor Eleusis rund 20 Kilometer westlich der griechischen Hauptstadt stattfinden.\" \/>\n<meta name=\"robots\" content=\"index, follow, max-snippet:-1, max-image-preview:large, max-video-preview:-1\" \/>\n<link rel=\"canonical\" href=\"https:\/\/kulturonline.tv\/de\/eleusis-laeutet-kulturhauptstadtjahr-ein\/\" \/>\n<meta property=\"og:locale\" content=\"de_DE\" \/>\n<meta property=\"og:type\" content=\"article\" \/>\n<meta property=\"og:title\" content=\"Eleusis l\u00e4utet Kulturhauptstadtjahr ein - Kultur Online TV &amp; FM\" \/>\n<meta property=\"og:description\" content=\"Die Feierlichkeiten werden entlang der K\u00fcste vor Eleusis rund 20 Kilometer westlich der griechischen Hauptstadt stattfinden.\" \/>\n<meta property=\"og:url\" content=\"https:\/\/kulturonline.tv\/de\/eleusis-laeutet-kulturhauptstadtjahr-ein\/\" \/>\n<meta property=\"og:site_name\" content=\"Kultur Online TV &amp; FM\" \/>\n<meta property=\"article:publisher\" content=\"https:\/\/www.facebook.com\/kulturonline.tv\" \/>\n<meta property=\"article:published_time\" content=\"2023-02-04T15:46:17+00:00\" \/>\n<meta property=\"article:modified_time\" content=\"2023-02-04T15:54:43+00:00\" \/>\n<meta property=\"og:image\" content=\"https:\/\/kulturonline.tv\/wp-content\/uploads\/2023\/02\/kultur-online-tv-edited.jpg\" \/>\n\t<meta property=\"og:image:width\" content=\"1159\" \/>\n\t<meta property=\"og:image:height\" content=\"652\" \/>\n\t<meta property=\"og:image:type\" content=\"image\/jpeg\" \/>\n<meta name=\"author\" content=\"guenter.wolfgang\" \/>\n<meta name=\"twitter:card\" content=\"summary_large_image\" \/>\n<meta name=\"twitter:label1\" content=\"Verfasst von\" \/>\n\t<meta name=\"twitter:data1\" content=\"guenter.wolfgang\" \/>\n<script type=\"application\/ld+json\" class=\"yoast-schema-graph\">{\"@context\":\"https:\/\/schema.org\",\"@graph\":[{\"@type\":\"Article\",\"@id\":\"https:\/\/kulturonline.tv\/de\/eleusis-laeutet-kulturhauptstadtjahr-ein\/#article\",\"isPartOf\":{\"@id\":\"https:\/\/kulturonline.tv\/de\/eleusis-laeutet-kulturhauptstadtjahr-ein\/\"},\"author\":{\"name\":\"guenter.wolfgang\",\"@id\":\"https:\/\/kulturonline.tv\/de\/#\/schema\/person\/b0fac729bb9a0c193fb1df23449df4fe\"},\"headline\":\"Eleusis l\u00e4utet Kulturhauptstadtjahr ein\",\"datePublished\":\"2023-02-04T15:46:17+00:00\",\"dateModified\":\"2023-02-04T15:54:43+00:00\",\"mainEntityOfPage\":{\"@id\":\"https:\/\/kulturonline.tv\/de\/eleusis-laeutet-kulturhauptstadtjahr-ein\/\"},\"wordCount\":88,\"publisher\":{\"@id\":\"https:\/\/kulturonline.tv\/de\/#organization\"},\"image\":{\"@id\":\"https:\/\/kulturonline.tv\/de\/eleusis-laeutet-kulturhauptstadtjahr-ein\/#primaryimage\"},\"thumbnailUrl\":\"https:\/\/kulturonline.tv\/wp-content\/uploads\/2023\/02\/kultur-online-tv-edited.jpg\",\"articleSection\":[\"Mixed\"],\"inLanguage\":\"de\"},{\"@type\":\"WebPage\",\"@id\":\"https:\/\/kulturonline.tv\/de\/eleusis-laeutet-kulturhauptstadtjahr-ein\/\",\"url\":\"https:\/\/kulturonline.tv\/de\/eleusis-laeutet-kulturhauptstadtjahr-ein\/\",\"name\":\"Eleusis l\u00e4utet Kulturhauptstadtjahr ein - Kultur Online TV &amp; FM\",\"isPartOf\":{\"@id\":\"https:\/\/kulturonline.tv\/de\/#website\"},\"primaryImageOfPage\":{\"@id\":\"https:\/\/kulturonline.tv\/de\/eleusis-laeutet-kulturhauptstadtjahr-ein\/#primaryimage\"},\"image\":{\"@id\":\"https:\/\/kulturonline.tv\/de\/eleusis-laeutet-kulturhauptstadtjahr-ein\/#primaryimage\"},\"thumbnailUrl\":\"https:\/\/kulturonline.tv\/wp-content\/uploads\/2023\/02\/kultur-online-tv-edited.jpg\",\"datePublished\":\"2023-02-04T15:46:17+00:00\",\"dateModified\":\"2023-02-04T15:54:43+00:00\",\"description\":\"Die Feierlichkeiten werden entlang der K\u00fcste vor Eleusis rund 20 Kilometer westlich der griechischen Hauptstadt stattfinden.\",\"breadcrumb\":{\"@id\":\"https:\/\/kulturonline.tv\/de\/eleusis-laeutet-kulturhauptstadtjahr-ein\/#breadcrumb\"},\"inLanguage\":\"de\",\"potentialAction\":[{\"@type\":\"ReadAction\",\"target\":[\"https:\/\/kulturonline.tv\/de\/eleusis-laeutet-kulturhauptstadtjahr-ein\/\"]}]},{\"@type\":\"ImageObject\",\"inLanguage\":\"de\",\"@id\":\"https:\/\/kulturonline.tv\/de\/eleusis-laeutet-kulturhauptstadtjahr-ein\/#primaryimage\",\"url\":\"https:\/\/kulturonline.tv\/wp-content\/uploads\/2023\/02\/kultur-online-tv-edited.jpg\",\"contentUrl\":\"https:\/\/kulturonline.tv\/wp-content\/uploads\/2023\/02\/kultur-online-tv-edited.jpg\",\"width\":1159,\"height\":652},{\"@type\":\"BreadcrumbList\",\"@id\":\"https:\/\/kulturonline.tv\/de\/eleusis-laeutet-kulturhauptstadtjahr-ein\/#breadcrumb\",\"itemListElement\":[{\"@type\":\"ListItem\",\"position\":1,\"name\":\"Startseite\",\"item\":\"https:\/\/kulturonline.tv\/de\/\"},{\"@type\":\"ListItem\",\"position\":2,\"name\":\"Eleusis l\u00e4utet Kulturhauptstadtjahr ein\"}]},{\"@type\":\"WebSite\",\"@id\":\"https:\/\/kulturonline.tv\/de\/#website\",\"url\":\"https:\/\/kulturonline.tv\/de\/\",\"name\":\"Kultur Online TV &amp; FM\",\"description\":\"Wir sind Kultur 2.0 zum sehen &amp; h\u00f6ren\",\"publisher\":{\"@id\":\"https:\/\/kulturonline.tv\/de\/#organization\"},\"potentialAction\":[{\"@type\":\"SearchAction\",\"target\":{\"@type\":\"EntryPoint\",\"urlTemplate\":\"https:\/\/kulturonline.tv\/de\/?s={search_term_string}\"},\"query-input\":{\"@type\":\"PropertyValueSpecification\",\"valueRequired\":true,\"valueName\":\"search_term_string\"}}],\"inLanguage\":\"de\"},{\"@type\":\"Organization\",\"@id\":\"https:\/\/kulturonline.tv\/de\/#organization\",\"name\":\"Kultur Online TV\",\"url\":\"https:\/\/kulturonline.tv\/de\/\",\"logo\":{\"@type\":\"ImageObject\",\"inLanguage\":\"de\",\"@id\":\"https:\/\/kulturonline.tv\/de\/#\/schema\/logo\/image\/\",\"url\":\"https:\/\/kulturonline.tv\/wp-content\/uploads\/2021\/08\/Kultur-Online-Tv-Logo-Endversion-neu.png\",\"contentUrl\":\"https:\/\/kulturonline.tv\/wp-content\/uploads\/2021\/08\/Kultur-Online-Tv-Logo-Endversion-neu.png\",\"width\":200,\"height\":200,\"caption\":\"Kultur Online TV\"},\"image\":{\"@id\":\"https:\/\/kulturonline.tv\/de\/#\/schema\/logo\/image\/\"},\"sameAs\":[\"https:\/\/www.facebook.com\/kulturonline.tv\",\"https:\/\/www.instagram.com\/kulturonline.tv\"]},{\"@type\":\"Person\",\"@id\":\"https:\/\/kulturonline.tv\/de\/#\/schema\/person\/b0fac729bb9a0c193fb1df23449df4fe\",\"name\":\"guenter.wolfgang\"}]}<\/script>\n<!-- \/ Yoast SEO plugin. -->","yoast_head_json":{"title":"Eleusis l\u00e4utet Kulturhauptstadtjahr ein - Kultur Online TV &amp; FM","description":"Die Feierlichkeiten werden entlang der K\u00fcste vor Eleusis rund 20 Kilometer westlich der griechischen Hauptstadt stattfinden.","robots":{"index":"index","follow":"follow","max-snippet":"max-snippet:-1","max-image-preview":"max-image-preview:large","max-video-preview":"max-video-preview:-1"},"canonical":"https:\/\/kulturonline.tv\/de\/eleusis-laeutet-kulturhauptstadtjahr-ein\/","og_locale":"de_DE","og_type":"article","og_title":"Eleusis l\u00e4utet Kulturhauptstadtjahr ein - Kultur Online TV &amp; FM","og_description":"Die Feierlichkeiten werden entlang der K\u00fcste vor Eleusis rund 20 Kilometer westlich der griechischen Hauptstadt stattfinden.","og_url":"https:\/\/kulturonline.tv\/de\/eleusis-laeutet-kulturhauptstadtjahr-ein\/","og_site_name":"Kultur Online TV &amp; FM","article_publisher":"https:\/\/www.facebook.com\/kulturonline.tv","article_published_time":"2023-02-04T15:46:17+00:00","article_modified_time":"2023-02-04T15:54:43+00:00","og_image":[{"width":1159,"height":652,"url":"https:\/\/kulturonline.tv\/wp-content\/uploads\/2023\/02\/kultur-online-tv-edited.jpg","type":"image\/jpeg"}],"author":"guenter.wolfgang","twitter_card":"summary_large_image","twitter_misc":{"Verfasst von":"guenter.wolfgang"},"schema":{"@context":"https:\/\/schema.org","@graph":[{"@type":"Article","@id":"https:\/\/kulturonline.tv\/de\/eleusis-laeutet-kulturhauptstadtjahr-ein\/#article","isPartOf":{"@id":"https:\/\/kulturonline.tv\/de\/eleusis-laeutet-kulturhauptstadtjahr-ein\/"},"author":{"name":"guenter.wolfgang","@id":"https:\/\/kulturonline.tv\/de\/#\/schema\/person\/b0fac729bb9a0c193fb1df23449df4fe"},"headline":"Eleusis l\u00e4utet Kulturhauptstadtjahr ein","datePublished":"2023-02-04T15:46:17+00:00","dateModified":"2023-02-04T15:54:43+00:00","mainEntityOfPage":{"@id":"https:\/\/kulturonline.tv\/de\/eleusis-laeutet-kulturhauptstadtjahr-ein\/"},"wordCount":88,"publisher":{"@id":"https:\/\/kulturonline.tv\/de\/#organization"},"image":{"@id":"https:\/\/kulturonline.tv\/de\/eleusis-laeutet-kulturhauptstadtjahr-ein\/#primaryimage"},"thumbnailUrl":"https:\/\/kulturonline.tv\/wp-content\/uploads\/2023\/02\/kultur-online-tv-edited.jpg","articleSection":["Mixed"],"inLanguage":"de"},{"@type":"WebPage","@id":"https:\/\/kulturonline.tv\/de\/eleusis-laeutet-kulturhauptstadtjahr-ein\/","url":"https:\/\/kulturonline.tv\/de\/eleusis-laeutet-kulturhauptstadtjahr-ein\/","name":"Eleusis l\u00e4utet Kulturhauptstadtjahr ein - Kultur Online TV &amp; FM","isPartOf":{"@id":"https:\/\/kulturonline.tv\/de\/#website"},"primaryImageOfPage":{"@id":"https:\/\/kulturonline.tv\/de\/eleusis-laeutet-kulturhauptstadtjahr-ein\/#primaryimage"},"image":{"@id":"https:\/\/kulturonline.tv\/de\/eleusis-laeutet-kulturhauptstadtjahr-ein\/#primaryimage"},"thumbnailUrl":"https:\/\/kulturonline.tv\/wp-content\/uploads\/2023\/02\/kultur-online-tv-edited.jpg","datePublished":"2023-02-04T15:46:17+00:00","dateModified":"2023-02-04T15:54:43+00:00","description":"Die Feierlichkeiten werden entlang der K\u00fcste vor Eleusis rund 20 Kilometer westlich der griechischen Hauptstadt stattfinden.","breadcrumb":{"@id":"https:\/\/kulturonline.tv\/de\/eleusis-laeutet-kulturhauptstadtjahr-ein\/#breadcrumb"},"inLanguage":"de","potentialAction":[{"@type":"ReadAction","target":["https:\/\/kulturonline.tv\/de\/eleusis-laeutet-kulturhauptstadtjahr-ein\/"]}]},{"@type":"ImageObject","inLanguage":"de","@id":"https:\/\/kulturonline.tv\/de\/eleusis-laeutet-kulturhauptstadtjahr-ein\/#primaryimage","url":"https:\/\/kulturonline.tv\/wp-content\/uploads\/2023\/02\/kultur-online-tv-edited.jpg","contentUrl":"https:\/\/kulturonline.tv\/wp-content\/uploads\/2023\/02\/kultur-online-tv-edited.jpg","width":1159,"height":652},{"@type":"BreadcrumbList","@id":"https:\/\/kulturonline.tv\/de\/eleusis-laeutet-kulturhauptstadtjahr-ein\/#breadcrumb","itemListElement":[{"@type":"ListItem","position":1,"name":"Startseite","item":"https:\/\/kulturonline.tv\/de\/"},{"@type":"ListItem","position":2,"name":"Eleusis l\u00e4utet Kulturhauptstadtjahr ein"}]},{"@type":"WebSite","@id":"https:\/\/kulturonline.tv\/de\/#website","url":"https:\/\/kulturonline.tv\/de\/","name":"Kultur Online TV &amp; FM","description":"Wir sind Kultur 2.0 zum sehen &amp; h\u00f6ren","publisher":{"@id":"https:\/\/kulturonline.tv\/de\/#organization"},"potentialAction":[{"@type":"SearchAction","target":{"@type":"EntryPoint","urlTemplate":"https:\/\/kulturonline.tv\/de\/?s={search_term_string}"},"query-input":{"@type":"PropertyValueSpecification","valueRequired":true,"valueName":"search_term_string"}}],"inLanguage":"de"},{"@type":"Organization","@id":"https:\/\/kulturonline.tv\/de\/#organization","name":"Kultur Online TV","url":"https:\/\/kulturonline.tv\/de\/","logo":{"@type":"ImageObject","inLanguage":"de","@id":"https:\/\/kulturonline.tv\/de\/#\/schema\/logo\/image\/","url":"https:\/\/kulturonline.tv\/wp-content\/uploads\/2021\/08\/Kultur-Online-Tv-Logo-Endversion-neu.png","contentUrl":"https:\/\/kulturonline.tv\/wp-content\/uploads\/2021\/08\/Kultur-Online-Tv-Logo-Endversion-neu.png","width":200,"height":200,"caption":"Kultur Online TV"},"image":{"@id":"https:\/\/kulturonline.tv\/de\/#\/schema\/logo\/image\/"},"sameAs":["https:\/\/www.facebook.com\/kulturonline.tv","https:\/\/www.instagram.com\/kulturonline.tv"]},{"@type":"Person","@id":"https:\/\/kulturonline.tv\/de\/#\/schema\/person\/b0fac729bb9a0c193fb1df23449df4fe","name":"guenter.wolfgang"}]}},"_links":{"self":[{"href":"https:\/\/kulturonline.tv\/de\/wp-json\/wp\/v2\/posts\/48835","targetHints":{"allow":["GET"]}}],"collection":[{"href":"https:\/\/kulturonline.tv\/de\/wp-json\/wp\/v2\/posts"}],"about":[{"href":"https:\/\/kulturonline.tv\/de\/wp-json\/wp\/v2\/types\/post"}],"author":[{"embeddable":true,"href":"https:\/\/kulturonline.tv\/de\/wp-json\/wp\/v2\/users\/2"}],"replies":[{"embeddable":true,"href":"https:\/\/kulturonline.tv\/de\/wp-json\/wp\/v2\/comments?post=48835"}],"version-history":[{"count":0,"href":"https:\/\/kulturonline.tv\/de\/wp-json\/wp\/v2\/posts\/48835\/revisions"}],"wp:featuredmedia":[{"embeddable":true,"href":"https:\/\/kulturonline.tv\/de\/wp-json\/wp\/v2\/media\/48833"}],"wp:attachment":[{"href":"https:\/\/kulturonline.tv\/de\/wp-json\/wp\/v2\/media?parent=48835"}],"wp:term":[{"taxonomy":"category","embeddable":true,"href":"https:\/\/kulturonline.tv\/de\/wp-json\/wp\/v2\/categories?post=48835"},{"taxonomy":"post_tag","embeddable":true,"href":"https:\/\/kulturonline.tv\/de\/wp-json\/wp\/v2\/tags?post=48835"}],"curies":[{"name":"wp","href":"https:\/\/api.w.org\/{rel}","templated":true}]}}